{"id":2019,"date":"2023-05-03T11:48:19","date_gmt":"2023-05-03T09:48:19","guid":{"rendered":"https:\/\/www.diocesitn.it\/clero\/2023\/05\/03\/preti-trentini-a-confronto-sulle-eta-della-vita-a-villa-moretta-al-via-le-tre-giorni-del-clero-in-clima-di-fraternita\/"},"modified":"2023-09-04T16:06:36","modified_gmt":"2023-09-04T14:06:36","slug":"preti-trentini-a-confronto-sulle-eta-della-vita-a-villa-moretta-al-via-le-tre-giorni-del-clero-in-clima-di-fraternita","status":"publish","type":"post","link":"https:\/\/www.diocesitn.it\/clero\/2023\/05\/03\/preti-trentini-a-confronto-sulle-eta-della-vita-a-villa-moretta-al-via-le-tre-giorni-del-clero-in-clima-di-fraternita\/","title":{"rendered":"Preti trentini a confronto sulle &#8220;et\u00e0 della vita&#8221;. A Villa Moretta al via le &#8220;tre giorni&#8221; del clero in clima di fraternit\u00e0"},"content":{"rendered":"<p>&#8220;<strong>Le et\u00e0 della vita. Dare valore a chi sono<\/strong>&#8220;. \u00c8 questo il tema della <strong><a href=\"https:\/\/www.diocesitn.it\/wp-content\/uploads\/sites\/12\/2023\/03\/programma-tre-giorno-clero-2023.pdf\">tre giorni di formazione del clero trentino<\/a> <\/strong>che ha preso il via, in positivo clima di fraternit\u00e0, nella mattinata di mercoled\u00ec <strong>3 maggio <\/strong>a <strong>Villa Moretta di Pergine<\/strong>. In continuit\u00e0 con il metodo gi\u00e0 sperimentato lo scorso anno, la proposta &#8211; spalmata su tre settimane di maggio &#8211; \u00e8 divisa per fasce d&#8217;et\u00e0. Si parte con i preti pi\u00f9 giovani (fino a 55 anni) fino ai pi\u00f9 anziani.<\/p>\n<p>L&#8217;ascolto della <strong>Parola<\/strong> (in particolare della figura di Mos\u00e8) si intreccia con la <strong>narrazione del vissuto<\/strong>. L&#8217;apporto di esperti esterni (dott. <strong>Sergio Astori<\/strong> e don <strong>Flavio Marchesini<\/strong>) intende aiutare i preti a riconoscere &#8211; \u00e8 il tema della relazione centrale &#8211; ci\u00f2 che sta dando valore alla loro vita, riconoscendo in essa la presenza di Dio. La proposta formativa, pensata dalla Commissione formazione permanente del clero, desidera sostenere i presbiteri nell&#8217;abitare i cambiamenti che la vita personale e pastorale sta chiedendo. Il <strong>vescovo Lauro <\/strong>\u00e8 presente a Villa Moretta e accompagna l&#8217;ultimo giorno con le sue parole.<\/p>\n\n\n\t\t<style type='text\/css'>\n\n\t\t\t\/* PhotoSwipe Plugin *\/\n\t\t\t.psgal {\n\t\t\t\tmargin: auto;\n\t\t\t\tpadding-bottom:40px;\n\n\t\t\t\t-webkit-transition: all 0.4s ease;\n\t\t\t\t-moz-transition: all 0.4s ease;\n\t\t\t\t-o-transition: all 0.4s ease;\n\t\t\t\ttransition: all 0.4s ease;\n\t\t\t}\n\n\t\t\t.psgal figure {\n\t\t\t\tfloat: left;\n\t\t\t\ttext-align: center;\n    \t\t\twidth: 200px;\n                max-width: 50%;\n\t\t\t\tpadding:5px;\n\t\t\t\tmargin: 0px;\n\t\t\t\tbox-sizing:border-box;\n\t\t\t}\n\t\t\t.psgal a{\n\t\t\t\tdisplay:block;\n\t\t\t}\n\t\t\t.psgal figure figcaption{\n\t\t\t\tfont-size:13px;\n\t\t\t}\n\n\t\t\t.msnry{\n\t\t\t\tmargin:auto;\n\t\t\t}\n\t\t\t.pswp__caption__center{\n\t\t\t\ttext-align: center;\n\t\t\t}\n\t\t\t\n\n\t\t\t.photoswipe-gallery-caption{\n\t\t\t\tdisplay:none;\n\t\t\t}\n\n\t\t\t\n\t\t<\/style> <div style=\"clear:both\"><\/div>\n\n\t\t<div id=\"psgal_2019_1\" class=\"ps-gallery psgal gallery-columns-3 gallery-size-thumbnail\" itemscope itemtype=\"http:\/\/schema.org\/ImageGallery\" >\n\t\t\t\t<figure class=\"msnry_item\" itemscope itemtype=\"http:\/\/schema.org\/ImageObject\">\n\t\t\t\t\t<a href=\"https:\/\/www.diocesitn.it\/clero\/wp-content\/uploads\/sites\/12\/2023\/05\/preti_villa_moretta_mag23_5-e1683106972114.jpg\"\n\t\t\t\t\titemprop=\"contentUrl\"\n\t\t\t\t\tdata-pswp-width=\"800\" \n\t\t\t\t    data-pswp-height=\"602\" \n\t\t\t\t    data-cropped=\"true\"\n\t\t\t\t\tdata-caption=\"\"\n\t\t\t\t\tclass=\"post-thumbnail-image-link container-fixed-aspect-ratio__16-9\">\n\t\t\t\t        <img src=https:\/\/www.diocesitn.it\/clero\/wp-content\/uploads\/sites\/12\/2023\/05\/preti_villa_moretta_mag23_5-e1683106972114-300x226.jpg itemprop=\"thumbnail\" alt=\"\"  \/>\n\t\t\t\t    <\/a>\n\t\t\t\t    <figcaption class=\"photoswipe-gallery-caption\" ><\/figcaption>\n\t\t\t    <\/figure>\n\t\t\t\t\n\t\t\t\t<figure class=\"msnry_item\" itemscope itemtype=\"http:\/\/schema.org\/ImageObject\">\n\t\t\t\t\t<a href=\"https:\/\/www.diocesitn.it\/clero\/wp-content\/uploads\/sites\/12\/2023\/05\/preti_villa_moretta_mag23_3-e1683107046253.jpg\"\n\t\t\t\t\titemprop=\"contentUrl\"\n\t\t\t\t\tdata-pswp-width=\"800\" \n\t\t\t\t    data-pswp-height=\"600\" \n\t\t\t\t    data-cropped=\"true\"\n\t\t\t\t\tdata-caption=\"\"\n\t\t\t\t\tclass=\"post-thumbnail-image-link container-fixed-aspect-ratio__16-9\">\n\t\t\t\t        <img src=https:\/\/www.diocesitn.it\/clero\/wp-content\/uploads\/sites\/12\/2023\/05\/preti_villa_moretta_mag23_3-e1683107046253-300x225.jpg itemprop=\"thumbnail\" alt=\"\"  \/>\n\t\t\t\t    <\/a>\n\t\t\t\t    <figcaption class=\"photoswipe-gallery-caption\" ><\/figcaption>\n\t\t\t    <\/figure>\n\t\t\t\t\n\t\t\t\t<figure class=\"msnry_item\" itemscope itemtype=\"http:\/\/schema.org\/ImageObject\">\n\t\t\t\t\t<a href=\"https:\/\/www.diocesitn.it\/clero\/wp-content\/uploads\/sites\/12\/2023\/05\/preti_villa_moretta_mag23_1-e1683107073286.jpg\"\n\t\t\t\t\titemprop=\"contentUrl\"\n\t\t\t\t\tdata-pswp-width=\"800\" \n\t\t\t\t    data-pswp-height=\"600\" \n\t\t\t\t    data-cropped=\"true\"\n\t\t\t\t\tdata-caption=\"\"\n\t\t\t\t\tclass=\"post-thumbnail-image-link container-fixed-aspect-ratio__16-9\">\n\t\t\t\t        <img src=https:\/\/www.diocesitn.it\/clero\/wp-content\/uploads\/sites\/12\/2023\/05\/preti_villa_moretta_mag23_1-e1683107073286-300x225.jpg itemprop=\"thumbnail\" alt=\"\"  \/>\n\t\t\t\t    <\/a>\n\t\t\t\t    <figcaption class=\"photoswipe-gallery-caption\" ><\/figcaption>\n\t\t\t    <\/figure>\n\t\t\t\t\n\t\t\t\t<figure class=\"msnry_item\" itemscope itemtype=\"http:\/\/schema.org\/ImageObject\">\n\t\t\t\t\t<a href=\"https:\/\/www.diocesitn.it\/clero\/wp-content\/uploads\/sites\/12\/2023\/05\/preti_villa_moretta_mag23_4-e1683107002323.jpg\"\n\t\t\t\t\titemprop=\"contentUrl\"\n\t\t\t\t\tdata-pswp-width=\"800\" \n\t\t\t\t    data-pswp-height=\"600\" \n\t\t\t\t    data-cropped=\"true\"\n\t\t\t\t\tdata-caption=\"\"\n\t\t\t\t\tclass=\"post-thumbnail-image-link container-fixed-aspect-ratio__16-9\">\n\t\t\t\t        <img src=https:\/\/www.diocesitn.it\/clero\/wp-content\/uploads\/sites\/12\/2023\/05\/preti_villa_moretta_mag23_4-e1683107002323-300x225.jpg itemprop=\"thumbnail\" alt=\"\"  \/>\n\t\t\t\t    <\/a>\n\t\t\t\t    <figcaption class=\"photoswipe-gallery-caption\" ><\/figcaption>\n\t\t\t    <\/figure>\n\t\t\t\t\n\t\t\t\t<figure class=\"msnry_item\" itemscope itemtype=\"http:\/\/schema.org\/ImageObject\">\n\t\t\t\t\t<a href=\"https:\/\/www.diocesitn.it\/clero\/wp-content\/uploads\/sites\/12\/2023\/05\/preti_villa_moretta_mag23_2-e1683107061727.jpg\"\n\t\t\t\t\titemprop=\"contentUrl\"\n\t\t\t\t\tdata-pswp-width=\"800\" \n\t\t\t\t    data-pswp-height=\"600\" \n\t\t\t\t    data-cropped=\"true\"\n\t\t\t\t\tdata-caption=\"\"\n\t\t\t\t\tclass=\"post-thumbnail-image-link container-fixed-aspect-ratio__16-9\">\n\t\t\t\t        <img src=https:\/\/www.diocesitn.it\/clero\/wp-content\/uploads\/sites\/12\/2023\/05\/preti_villa_moretta_mag23_2-e1683107061727-300x225.jpg itemprop=\"thumbnail\" alt=\"\"  \/>\n\t\t\t\t    <\/a>\n\t\t\t\t    <figcaption class=\"photoswipe-gallery-caption\" ><\/figcaption>\n\t\t\t    <\/figure>\n\t\t\t\t<\/div>\n\t\t<div style='clear:both'><\/div>\n\t\n","protected":false},"excerpt":{"rendered":"<p>&#8220;Le et\u00e0 della vita. Dare valore a chi sono&#8220;. \u00c8 questo il tema della tre giorni di formazione del clero trentino che ha preso il via, in positivo clima di fraternit\u00e0, nella mattinata di mercoled\u00ec<\/p>\n","protected":false},"author":3,"featured_media":2022,"comment_status":"closed","ping_status":"closed","sticky":false,"template":"","format":"standard","meta":{"footnotes":""},"categories":[284,275,279],"tags":[],"class_list":["post-2019","post","type-post","status-publish","format-standard","has-post-thumbnail","hentry","category-arcivescovo-lauro","category-clero","category-notizie"],"acf":{"seed-localization-paese-cod":"","seed-localization-address":"","seed-localization-citta":"","seed-localization-regione-cod-istat":"","seed-localization-citta-cod-istat":"","seed-localization-localita":"","seed-localization-cap":"","seed-localization-marker-visibility":false,"seed-localization-children-visibility":false,"seed-localization-kml":"","seed-localization-custom-marker":""},"yoast_head":"<!-- This site is optimized with the Yoast SEO Premium plugin v20.2.1 (Yoast SEO v22.2) - https:\/\/yoast.com\/wordpress\/plugins\/seo\/ -->\n<title>Preti trentini a confronto sulle &quot;et\u00e0 della vita&quot;. A Villa Moretta al via le &quot;tre giorni&quot; del clero in clima di fraternit\u00e0 - Clero<\/title>\n<meta name=\"robots\" content=\"index, follow, max-snippet:-1, max-image-preview:large, max-video-preview:-1\" \/>\n<link rel=\"canonical\" href=\"https:\/\/www.diocesitn.it\/clero\/2023\/05\/03\/preti-trentini-a-confronto-sulle-eta-della-vita-a-villa-moretta-al-via-le-tre-giorni-del-clero-in-clima-di-fraternita\/\" \/>\n<meta property=\"og:locale\" content=\"it_IT\" \/>\n<meta property=\"og:type\" content=\"article\" \/>\n<meta property=\"og:title\" content=\"Preti trentini a confronto sulle &quot;et\u00e0 della vita&quot;. A Villa Moretta al via le &quot;tre giorni&quot; del clero in clima di fraternit\u00e0\" \/>\n<meta property=\"og:description\" content=\"&#8220;Le et\u00e0 della vita. Dare valore a chi sono&#8220;. \u00c8 questo il tema della tre giorni di formazione del clero trentino che ha preso il via, in positivo clima di fraternit\u00e0, nella mattinata di mercoled\u00ec\" \/>\n<meta property=\"og:url\" content=\"https:\/\/www.diocesitn.it\/clero\/2023\/05\/03\/preti-trentini-a-confronto-sulle-eta-della-vita-a-villa-moretta-al-via-le-tre-giorni-del-clero-in-clima-di-fraternita\/\" \/>\n<meta property=\"og:site_name\" content=\"Clero\" \/>\n<meta property=\"article:published_time\" content=\"2023-05-03T09:48:19+00:00\" \/>\n<meta property=\"article:modified_time\" content=\"2023-09-04T14:06:36+00:00\" \/>\n<meta property=\"og:image\" content=\"https:\/\/www.diocesitn.it\/clero\/wp-content\/uploads\/sites\/12\/2023\/05\/preti_villa_moretta_mag23_3-e1683107046253.jpg\" \/>\n\t<meta property=\"og:image:width\" content=\"900\" \/>\n\t<meta property=\"og:image:height\" content=\"675\" \/>\n\t<meta property=\"og:image:type\" content=\"image\/jpeg\" \/>\n<meta name=\"author\" content=\"Piergiorgio Franceschini\" \/>\n<meta name=\"twitter:card\" content=\"summary_large_image\" \/>\n<meta name=\"twitter:label1\" content=\"Scritto da\" \/>\n\t<meta name=\"twitter:data1\" content=\"Piergiorgio Franceschini\" \/>\n\t<meta name=\"twitter:label2\" content=\"Tempo di lettura stimato\" \/>\n\t<meta name=\"twitter:data2\" content=\"1 minuto\" \/>\n<script type=\"application\/ld+json\" class=\"yoast-schema-graph\">{\"@context\":\"https:\/\/schema.org\",\"@graph\":[{\"@type\":\"WebPage\",\"@id\":\"https:\/\/www.diocesitn.it\/clero\/2023\/05\/03\/preti-trentini-a-confronto-sulle-eta-della-vita-a-villa-moretta-al-via-le-tre-giorni-del-clero-in-clima-di-fraternita\/\",\"url\":\"https:\/\/www.diocesitn.it\/clero\/2023\/05\/03\/preti-trentini-a-confronto-sulle-eta-della-vita-a-villa-moretta-al-via-le-tre-giorni-del-clero-in-clima-di-fraternita\/\",\"name\":\"Preti trentini a confronto sulle \\\"et\u00e0 della vita\\\". A Villa Moretta al via le \\\"tre giorni\\\" del clero in clima di fraternit\u00e0 - Clero\",\"isPartOf\":{\"@id\":\"https:\/\/www.diocesitn.it\/clero\/#website\"},\"primaryImageOfPage\":{\"@id\":\"https:\/\/www.diocesitn.it\/clero\/2023\/05\/03\/preti-trentini-a-confronto-sulle-eta-della-vita-a-villa-moretta-al-via-le-tre-giorni-del-clero-in-clima-di-fraternita\/#primaryimage\"},\"image\":{\"@id\":\"https:\/\/www.diocesitn.it\/clero\/2023\/05\/03\/preti-trentini-a-confronto-sulle-eta-della-vita-a-villa-moretta-al-via-le-tre-giorni-del-clero-in-clima-di-fraternita\/#primaryimage\"},\"thumbnailUrl\":\"https:\/\/www.diocesitn.it\/clero\/wp-content\/uploads\/sites\/12\/2023\/05\/preti_villa_moretta_mag23_3-e1683107046253.jpg\",\"datePublished\":\"2023-05-03T09:48:19+00:00\",\"dateModified\":\"2023-09-04T14:06:36+00:00\",\"author\":{\"@id\":\"https:\/\/www.diocesitn.it\/clero\/#\/schema\/person\/99590c84577873a025247b6aeb16ad2e\"},\"breadcrumb\":{\"@id\":\"https:\/\/www.diocesitn.it\/clero\/2023\/05\/03\/preti-trentini-a-confronto-sulle-eta-della-vita-a-villa-moretta-al-via-le-tre-giorni-del-clero-in-clima-di-fraternita\/#breadcrumb\"},\"inLanguage\":\"it-IT\",\"potentialAction\":[{\"@type\":\"ReadAction\",\"target\":[\"https:\/\/www.diocesitn.it\/clero\/2023\/05\/03\/preti-trentini-a-confronto-sulle-eta-della-vita-a-villa-moretta-al-via-le-tre-giorni-del-clero-in-clima-di-fraternita\/\"]}]},{\"@type\":\"ImageObject\",\"inLanguage\":\"it-IT\",\"@id\":\"https:\/\/www.diocesitn.it\/clero\/2023\/05\/03\/preti-trentini-a-confronto-sulle-eta-della-vita-a-villa-moretta-al-via-le-tre-giorni-del-clero-in-clima-di-fraternita\/#primaryimage\",\"url\":\"https:\/\/www.diocesitn.it\/clero\/wp-content\/uploads\/sites\/12\/2023\/05\/preti_villa_moretta_mag23_3-e1683107046253.jpg\",\"contentUrl\":\"https:\/\/www.diocesitn.it\/clero\/wp-content\/uploads\/sites\/12\/2023\/05\/preti_villa_moretta_mag23_3-e1683107046253.jpg\",\"width\":900,\"height\":675},{\"@type\":\"BreadcrumbList\",\"@id\":\"https:\/\/www.diocesitn.it\/clero\/2023\/05\/03\/preti-trentini-a-confronto-sulle-eta-della-vita-a-villa-moretta-al-via-le-tre-giorni-del-clero-in-clima-di-fraternita\/#breadcrumb\",\"itemListElement\":[{\"@type\":\"ListItem\",\"position\":1,\"name\":\"Home\",\"item\":\"https:\/\/www.diocesitn.it\/clero\/\"},{\"@type\":\"ListItem\",\"position\":2,\"name\":\"Preti trentini a confronto sulle &#8220;et\u00e0 della vita&#8221;. A Villa Moretta al via le &#8220;tre giorni&#8221; del clero in clima di fraternit\u00e0\"}]},{\"@type\":\"WebSite\",\"@id\":\"https:\/\/www.diocesitn.it\/clero\/#website\",\"url\":\"https:\/\/www.diocesitn.it\/clero\/\",\"name\":\"Clero\",\"description\":\"Chiesa di TRENTO\",\"potentialAction\":[{\"@type\":\"SearchAction\",\"target\":{\"@type\":\"EntryPoint\",\"urlTemplate\":\"https:\/\/www.diocesitn.it\/clero\/?s={search_term_string}\"},\"query-input\":\"required name=search_term_string\"}],\"inLanguage\":\"it-IT\"},{\"@type\":\"ImageObject\",\"inLanguage\":\"it-IT\",\"@id\":\"https:\/\/www.diocesitn.it\/clero\/2023\/05\/03\/preti-trentini-a-confronto-sulle-eta-della-vita-a-villa-moretta-al-via-le-tre-giorni-del-clero-in-clima-di-fraternita\/#local-main-organization-logo\",\"url\":\"\",\"contentUrl\":\"\",\"caption\":\"Clero\"}]}<\/script>\n<!-- \/ Yoast SEO Premium plugin. -->","yoast_head_json":{"title":"Preti trentini a confronto sulle \"et\u00e0 della vita\". A Villa Moretta al via le \"tre giorni\" del clero in clima di fraternit\u00e0 - Clero","robots":{"index":"index","follow":"follow","max-snippet":"max-snippet:-1","max-image-preview":"max-image-preview:large","max-video-preview":"max-video-preview:-1"},"canonical":"https:\/\/www.diocesitn.it\/clero\/2023\/05\/03\/preti-trentini-a-confronto-sulle-eta-della-vita-a-villa-moretta-al-via-le-tre-giorni-del-clero-in-clima-di-fraternita\/","og_locale":"it_IT","og_type":"article","og_title":"Preti trentini a confronto sulle \"et\u00e0 della vita\". A Villa Moretta al via le \"tre giorni\" del clero in clima di fraternit\u00e0","og_description":"&#8220;Le et\u00e0 della vita. Dare valore a chi sono&#8220;. \u00c8 questo il tema della tre giorni di formazione del clero trentino che ha preso il via, in positivo clima di fraternit\u00e0, nella mattinata di mercoled\u00ec","og_url":"https:\/\/www.diocesitn.it\/clero\/2023\/05\/03\/preti-trentini-a-confronto-sulle-eta-della-vita-a-villa-moretta-al-via-le-tre-giorni-del-clero-in-clima-di-fraternita\/","og_site_name":"Clero","article_published_time":"2023-05-03T09:48:19+00:00","article_modified_time":"2023-09-04T14:06:36+00:00","og_image":[{"width":900,"height":675,"url":"https:\/\/www.diocesitn.it\/clero\/wp-content\/uploads\/sites\/12\/2023\/05\/preti_villa_moretta_mag23_3-e1683107046253.jpg","type":"image\/jpeg"}],"author":"Piergiorgio Franceschini","twitter_card":"summary_large_image","twitter_misc":{"Scritto da":"Piergiorgio Franceschini","Tempo di lettura stimato":"1 minuto"},"schema":{"@context":"https:\/\/schema.org","@graph":[{"@type":"WebPage","@id":"https:\/\/www.diocesitn.it\/clero\/2023\/05\/03\/preti-trentini-a-confronto-sulle-eta-della-vita-a-villa-moretta-al-via-le-tre-giorni-del-clero-in-clima-di-fraternita\/","url":"https:\/\/www.diocesitn.it\/clero\/2023\/05\/03\/preti-trentini-a-confronto-sulle-eta-della-vita-a-villa-moretta-al-via-le-tre-giorni-del-clero-in-clima-di-fraternita\/","name":"Preti trentini a confronto sulle \"et\u00e0 della vita\". A Villa Moretta al via le \"tre giorni\" del clero in clima di fraternit\u00e0 - Clero","isPartOf":{"@id":"https:\/\/www.diocesitn.it\/clero\/#website"},"primaryImageOfPage":{"@id":"https:\/\/www.diocesitn.it\/clero\/2023\/05\/03\/preti-trentini-a-confronto-sulle-eta-della-vita-a-villa-moretta-al-via-le-tre-giorni-del-clero-in-clima-di-fraternita\/#primaryimage"},"image":{"@id":"https:\/\/www.diocesitn.it\/clero\/2023\/05\/03\/preti-trentini-a-confronto-sulle-eta-della-vita-a-villa-moretta-al-via-le-tre-giorni-del-clero-in-clima-di-fraternita\/#primaryimage"},"thumbnailUrl":"https:\/\/www.diocesitn.it\/clero\/wp-content\/uploads\/sites\/12\/2023\/05\/preti_villa_moretta_mag23_3-e1683107046253.jpg","datePublished":"2023-05-03T09:48:19+00:00","dateModified":"2023-09-04T14:06:36+00:00","author":{"@id":"https:\/\/www.diocesitn.it\/clero\/#\/schema\/person\/99590c84577873a025247b6aeb16ad2e"},"breadcrumb":{"@id":"https:\/\/www.diocesitn.it\/clero\/2023\/05\/03\/preti-trentini-a-confronto-sulle-eta-della-vita-a-villa-moretta-al-via-le-tre-giorni-del-clero-in-clima-di-fraternita\/#breadcrumb"},"inLanguage":"it-IT","potentialAction":[{"@type":"ReadAction","target":["https:\/\/www.diocesitn.it\/clero\/2023\/05\/03\/preti-trentini-a-confronto-sulle-eta-della-vita-a-villa-moretta-al-via-le-tre-giorni-del-clero-in-clima-di-fraternita\/"]}]},{"@type":"ImageObject","inLanguage":"it-IT","@id":"https:\/\/www.diocesitn.it\/clero\/2023\/05\/03\/preti-trentini-a-confronto-sulle-eta-della-vita-a-villa-moretta-al-via-le-tre-giorni-del-clero-in-clima-di-fraternita\/#primaryimage","url":"https:\/\/www.diocesitn.it\/clero\/wp-content\/uploads\/sites\/12\/2023\/05\/preti_villa_moretta_mag23_3-e1683107046253.jpg","contentUrl":"https:\/\/www.diocesitn.it\/clero\/wp-content\/uploads\/sites\/12\/2023\/05\/preti_villa_moretta_mag23_3-e1683107046253.jpg","width":900,"height":675},{"@type":"BreadcrumbList","@id":"https:\/\/www.diocesitn.it\/clero\/2023\/05\/03\/preti-trentini-a-confronto-sulle-eta-della-vita-a-villa-moretta-al-via-le-tre-giorni-del-clero-in-clima-di-fraternita\/#breadcrumb","itemListElement":[{"@type":"ListItem","position":1,"name":"Home","item":"https:\/\/www.diocesitn.it\/clero\/"},{"@type":"ListItem","position":2,"name":"Preti trentini a confronto sulle &#8220;et\u00e0 della vita&#8221;. A Villa Moretta al via le &#8220;tre giorni&#8221; del clero in clima di fraternit\u00e0"}]},{"@type":"WebSite","@id":"https:\/\/www.diocesitn.it\/clero\/#website","url":"https:\/\/www.diocesitn.it\/clero\/","name":"Clero","description":"Chiesa di TRENTO","potentialAction":[{"@type":"SearchAction","target":{"@type":"EntryPoint","urlTemplate":"https:\/\/www.diocesitn.it\/clero\/?s={search_term_string}"},"query-input":"required name=search_term_string"}],"inLanguage":"it-IT"},{"@type":"ImageObject","inLanguage":"it-IT","@id":"https:\/\/www.diocesitn.it\/clero\/2023\/05\/03\/preti-trentini-a-confronto-sulle-eta-della-vita-a-villa-moretta-al-via-le-tre-giorni-del-clero-in-clima-di-fraternita\/#local-main-organization-logo","url":"","contentUrl":"","caption":"Clero"}]}},"_links":{"self":[{"href":"https:\/\/www.diocesitn.it\/clero\/wp-json\/wp\/v2\/posts\/2019","targetHints":{"allow":["GET"]}}],"collection":[{"href":"https:\/\/www.diocesitn.it\/clero\/wp-json\/wp\/v2\/posts"}],"about":[{"href":"https:\/\/www.diocesitn.it\/clero\/wp-json\/wp\/v2\/types\/post"}],"author":[{"embeddable":true,"href":"https:\/\/www.diocesitn.it\/clero\/wp-json\/wp\/v2\/users\/3"}],"replies":[{"embeddable":true,"href":"https:\/\/www.diocesitn.it\/clero\/wp-json\/wp\/v2\/comments?post=2019"}],"version-history":[{"count":2,"href":"https:\/\/www.diocesitn.it\/clero\/wp-json\/wp\/v2\/posts\/2019\/revisions"}],"predecessor-version":[{"id":2027,"href":"https:\/\/www.diocesitn.it\/clero\/wp-json\/wp\/v2\/posts\/2019\/revisions\/2027"}],"wp:featuredmedia":[{"embeddable":true,"href":"https:\/\/www.diocesitn.it\/clero\/wp-json\/wp\/v2\/media\/2022"}],"wp:attachment":[{"href":"https:\/\/www.diocesitn.it\/clero\/wp-json\/wp\/v2\/media?parent=2019"}],"wp:term":[{"taxonomy":"category","embeddable":true,"href":"https:\/\/www.diocesitn.it\/clero\/wp-json\/wp\/v2\/categories?post=2019"},{"taxonomy":"post_tag","embeddable":true,"href":"https:\/\/www.diocesitn.it\/clero\/wp-json\/wp\/v2\/tags?post=2019"}],"curies":[{"name":"wp","href":"https:\/\/api.w.org\/{rel}","templated":true}]}}