{"id":2008,"date":"2023-03-28T12:06:51","date_gmt":"2023-03-28T10:06:51","guid":{"rendered":"https:\/\/www.diocesitn.it\/clero\/2023\/03\/28\/clero-trentino-invitato-alla-messa-crismale-nel-giovedi-santo-6-aprile-con-pranzo-conviviale-in-seminario-necessaria-prenotazione-disponibile-programma-tre-giorni-formativa-di-villa-moretta\/"},"modified":"2023-06-29T07:05:26","modified_gmt":"2023-06-29T05:05:26","slug":"clero-trentino-invitato-alla-messa-crismale-nel-giovedi-santo-6-aprile-con-pranzo-conviviale-in-seminario-necessaria-prenotazione-disponibile-programma-tre-giorni-formativa-di-villa-moretta","status":"publish","type":"post","link":"https:\/\/www.diocesitn.it\/clero\/2023\/03\/28\/clero-trentino-invitato-alla-messa-crismale-nel-giovedi-santo-6-aprile-con-pranzo-conviviale-in-seminario-necessaria-prenotazione-disponibile-programma-tre-giorni-formativa-di-villa-moretta\/","title":{"rendered":"Clero trentino invitato alla Messa Crismale nel Gioved\u00ec Santo (6 aprile) con pranzo conviviale in Seminario (necessaria prenotazione). Disponibile programma &#8220;Tre giorni formativa&#8221; di Villa Moretta"},"content":{"rendered":"<p>La <strong>Messa del Crisma<\/strong> di Gioved\u00ec Santo &#8211;\u00a0 a <strong>Trento in cattedrale il prossimo 6 aprile<\/strong> &#8211; sar\u00e0 come di consueto un particolare momento di <strong>festa per i preti<\/strong>, che in quel giorno fanno memoria della loro ordinazione, riuniti attorno al vescovo. A seguito della Messa crismale, a cui tutto il clero \u00e8 invitato, vi sar\u00e0 la possibilit\u00e0 di <strong>pranzare insieme presso il Seminario<\/strong> (ore 12:15 &#8211; quota \u20ac 20,00). \u00c8 richiesta l&#8217;<strong>iscrizione entro luned\u00ec 3 aprile<\/strong> in <strong>Segreteria Generale<\/strong> (<strong><a href=\"mailto:segreteriagenerale@diocesitn.it\">segreteriagenerale@diocesitn.it<\/a> <\/strong>\u2013 <strong>0461\/891200<\/strong>).<\/p>\n<p>\u00c8 stato ufficializzato anche il programma della <a href=\"https:\/\/www.diocesitn.it\/wp-content\/uploads\/sites\/12\/2023\/03\/programma-tre-giorno-clero-2023.pdf\"><strong>Tre giorni di formazione<\/strong> <strong>per il clero<\/strong> <\/a>che anche quest\u2019anno sar\u00e0 divisa per fasce d\u2019et\u00e0 e in cui si proseguir\u00e0 lo stile utilizzato l\u2019anno scorso dando spazio alla riflessione, alla condivisione delle storie personali, in un clima di fraternit\u00e0.<\/p>\n<p>La <strong>Tre giorni<\/strong> \u00e8 in programma a <strong>Villa Moretta<\/strong> con questo calendario:<\/p>\n<p>\uf0a7 3-4-5 maggio (fascia d\u2019et\u00e0: fino a 55 anni)<br \/>\n\uf0a7 10-11-12 maggio (fascia d\u2019et\u00e0: da 56 a 70 anni)<br \/>\n\uf0a7 17-18-19 maggio (fascia d\u2019et\u00e0: da 71 anni in su).<\/p>\n<p>Il delegato per la formazione del clero, don Tiziano Telch, segnala anche la possibilit\u00e0 di seguire il <strong>IV convegno della rivista Presbyteri<\/strong> che sar\u00e0 on-line luned\u00ec 15 maggio sul tema \u201c<strong>Vivere i passaggi di ministero<\/strong>\u201d. Qui sotto la locandina:<\/p>\n<p><a href=\"https:\/\/www.diocesitn.it\/wp-content\/uploads\/sites\/12\/2023\/03\/locandina-IV-convegno-presbyteri.pdf\"><img loading=\"lazy\" decoding=\"async\" class=\"alignnone wp-image-2009 size-medium\" src=\"https:\/\/www.diocesitn.it\/wp-content\/uploads\/sites\/12\/2023\/03\/locandina-IV-convegno-presbyteri-002-300x251.jpg\" alt=\"\" width=\"300\" height=\"251\" srcset=\"https:\/\/www.diocesitn.it\/clero\/wp-content\/uploads\/sites\/12\/2023\/03\/locandina-IV-convegno-presbyteri-002-300x251.jpg 300w, https:\/\/www.diocesitn.it\/clero\/wp-content\/uploads\/sites\/12\/2023\/03\/locandina-IV-convegno-presbyteri-002-768x643.jpg 768w, https:\/\/www.diocesitn.it\/clero\/wp-content\/uploads\/sites\/12\/2023\/03\/locandina-IV-convegno-presbyteri-002-335x280.jpg 335w, https:\/\/www.diocesitn.it\/clero\/wp-content\/uploads\/sites\/12\/2023\/03\/locandina-IV-convegno-presbyteri-002-917x768.jpg 917w, https:\/\/www.diocesitn.it\/clero\/wp-content\/uploads\/sites\/12\/2023\/03\/locandina-IV-convegno-presbyteri-002-800x670.jpg 800w, https:\/\/www.diocesitn.it\/clero\/wp-content\/uploads\/sites\/12\/2023\/03\/locandina-IV-convegno-presbyteri-002.jpg 939w\" sizes=\"auto, (max-width: 300px) 100vw, 300px\" \/><\/a><\/p>\n","protected":false},"excerpt":{"rendered":"<p>La Messa del Crisma di Gioved\u00ec Santo &#8211;\u00a0 a Trento in cattedrale il prossimo 6 aprile &#8211; sar\u00e0 come di consueto un particolare momento di festa per i preti, che in quel giorno fanno memoria<\/p>\n","protected":false},"author":3,"featured_media":2014,"comment_status":"closed","ping_status":"closed","sticky":false,"template":"","format":"standard","meta":{"footnotes":""},"categories":[284,275,276,279],"tags":[],"class_list":["post-2008","post","type-post","status-publish","format-standard","has-post-thumbnail","hentry","category-arcivescovo-lauro","category-clero","category-formazione","category-notizie"],"acf":{"seed-localization-paese-cod":"","seed-localization-address":"","seed-localization-citta":"","seed-localization-regione-cod-istat":"","seed-localization-citta-cod-istat":"","seed-localization-localita":"","seed-localization-cap":"","seed-localization-marker-visibility":false,"seed-localization-children-visibility":false,"seed-localization-kml":"","seed-localization-custom-marker":""},"yoast_head":"<!-- This site is optimized with the Yoast SEO Premium plugin v20.2.1 (Yoast SEO v22.2) - https:\/\/yoast.com\/wordpress\/plugins\/seo\/ -->\n<title>Clero trentino invitato alla Messa Crismale nel Gioved\u00ec Santo (6 aprile) con pranzo conviviale in Seminario (necessaria prenotazione). Disponibile programma &quot;Tre giorni formativa&quot; di Villa Moretta - Clero<\/title>\n<meta name=\"robots\" content=\"index, follow, max-snippet:-1, max-image-preview:large, max-video-preview:-1\" \/>\n<link rel=\"canonical\" href=\"https:\/\/www.diocesitn.it\/clero\/2023\/03\/28\/clero-trentino-invitato-alla-messa-crismale-nel-giovedi-santo-6-aprile-con-pranzo-conviviale-in-seminario-necessaria-prenotazione-disponibile-programma-tre-giorni-formativa-di-villa-moretta\/\" \/>\n<meta property=\"og:locale\" content=\"it_IT\" \/>\n<meta property=\"og:type\" content=\"article\" \/>\n<meta property=\"og:title\" content=\"Clero trentino invitato alla Messa Crismale nel Gioved\u00ec Santo (6 aprile) con pranzo conviviale in Seminario (necessaria prenotazione). Disponibile programma &quot;Tre giorni formativa&quot; di Villa Moretta\" \/>\n<meta property=\"og:description\" content=\"La Messa del Crisma di Gioved\u00ec Santo &#8211;\u00a0 a Trento in cattedrale il prossimo 6 aprile &#8211; sar\u00e0 come di consueto un particolare momento di festa per i preti, che in quel giorno fanno memoria\" \/>\n<meta property=\"og:url\" content=\"https:\/\/www.diocesitn.it\/clero\/2023\/03\/28\/clero-trentino-invitato-alla-messa-crismale-nel-giovedi-santo-6-aprile-con-pranzo-conviviale-in-seminario-necessaria-prenotazione-disponibile-programma-tre-giorni-formativa-di-villa-moretta\/\" \/>\n<meta property=\"og:site_name\" content=\"Clero\" \/>\n<meta property=\"article:published_time\" content=\"2023-03-28T10:06:51+00:00\" \/>\n<meta property=\"article:modified_time\" content=\"2023-06-29T05:05:26+00:00\" \/>\n<meta property=\"og:image\" content=\"https:\/\/www.diocesitn.it\/clero\/wp-content\/uploads\/sites\/12\/2023\/03\/crisma2022_8.jpg\" \/>\n\t<meta property=\"og:image:width\" content=\"2016\" \/>\n\t<meta property=\"og:image:height\" content=\"1512\" \/>\n\t<meta property=\"og:image:type\" content=\"image\/jpeg\" \/>\n<meta name=\"author\" content=\"Piergiorgio Franceschini\" \/>\n<meta name=\"twitter:card\" content=\"summary_large_image\" \/>\n<meta name=\"twitter:label1\" content=\"Scritto da\" \/>\n\t<meta name=\"twitter:data1\" content=\"Piergiorgio Franceschini\" \/>\n\t<meta name=\"twitter:label2\" content=\"Tempo di lettura stimato\" \/>\n\t<meta name=\"twitter:data2\" content=\"2 minuti\" \/>\n<script type=\"application\/ld+json\" class=\"yoast-schema-graph\">{\"@context\":\"https:\/\/schema.org\",\"@graph\":[{\"@type\":\"WebPage\",\"@id\":\"https:\/\/www.diocesitn.it\/clero\/2023\/03\/28\/clero-trentino-invitato-alla-messa-crismale-nel-giovedi-santo-6-aprile-con-pranzo-conviviale-in-seminario-necessaria-prenotazione-disponibile-programma-tre-giorni-formativa-di-villa-moretta\/\",\"url\":\"https:\/\/www.diocesitn.it\/clero\/2023\/03\/28\/clero-trentino-invitato-alla-messa-crismale-nel-giovedi-santo-6-aprile-con-pranzo-conviviale-in-seminario-necessaria-prenotazione-disponibile-programma-tre-giorni-formativa-di-villa-moretta\/\",\"name\":\"Clero trentino invitato alla Messa Crismale nel Gioved\u00ec Santo (6 aprile) con pranzo conviviale in Seminario (necessaria prenotazione). Disponibile programma \\\"Tre giorni formativa\\\" di Villa Moretta - Clero\",\"isPartOf\":{\"@id\":\"https:\/\/www.diocesitn.it\/clero\/#website\"},\"primaryImageOfPage\":{\"@id\":\"https:\/\/www.diocesitn.it\/clero\/2023\/03\/28\/clero-trentino-invitato-alla-messa-crismale-nel-giovedi-santo-6-aprile-con-pranzo-conviviale-in-seminario-necessaria-prenotazione-disponibile-programma-tre-giorni-formativa-di-villa-moretta\/#primaryimage\"},\"image\":{\"@id\":\"https:\/\/www.diocesitn.it\/clero\/2023\/03\/28\/clero-trentino-invitato-alla-messa-crismale-nel-giovedi-santo-6-aprile-con-pranzo-conviviale-in-seminario-necessaria-prenotazione-disponibile-programma-tre-giorni-formativa-di-villa-moretta\/#primaryimage\"},\"thumbnailUrl\":\"https:\/\/www.diocesitn.it\/clero\/wp-content\/uploads\/sites\/12\/2023\/03\/crisma2022_8.jpg\",\"datePublished\":\"2023-03-28T10:06:51+00:00\",\"dateModified\":\"2023-06-29T05:05:26+00:00\",\"author\":{\"@id\":\"https:\/\/www.diocesitn.it\/clero\/#\/schema\/person\/99590c84577873a025247b6aeb16ad2e\"},\"breadcrumb\":{\"@id\":\"https:\/\/www.diocesitn.it\/clero\/2023\/03\/28\/clero-trentino-invitato-alla-messa-crismale-nel-giovedi-santo-6-aprile-con-pranzo-conviviale-in-seminario-necessaria-prenotazione-disponibile-programma-tre-giorni-formativa-di-villa-moretta\/#breadcrumb\"},\"inLanguage\":\"it-IT\",\"potentialAction\":[{\"@type\":\"ReadAction\",\"target\":[\"https:\/\/www.diocesitn.it\/clero\/2023\/03\/28\/clero-trentino-invitato-alla-messa-crismale-nel-giovedi-santo-6-aprile-con-pranzo-conviviale-in-seminario-necessaria-prenotazione-disponibile-programma-tre-giorni-formativa-di-villa-moretta\/\"]}]},{\"@type\":\"ImageObject\",\"inLanguage\":\"it-IT\",\"@id\":\"https:\/\/www.diocesitn.it\/clero\/2023\/03\/28\/clero-trentino-invitato-alla-messa-crismale-nel-giovedi-santo-6-aprile-con-pranzo-conviviale-in-seminario-necessaria-prenotazione-disponibile-programma-tre-giorni-formativa-di-villa-moretta\/#primaryimage\",\"url\":\"https:\/\/www.diocesitn.it\/clero\/wp-content\/uploads\/sites\/12\/2023\/03\/crisma2022_8.jpg\",\"contentUrl\":\"https:\/\/www.diocesitn.it\/clero\/wp-content\/uploads\/sites\/12\/2023\/03\/crisma2022_8.jpg\",\"width\":2016,\"height\":1512},{\"@type\":\"BreadcrumbList\",\"@id\":\"https:\/\/www.diocesitn.it\/clero\/2023\/03\/28\/clero-trentino-invitato-alla-messa-crismale-nel-giovedi-santo-6-aprile-con-pranzo-conviviale-in-seminario-necessaria-prenotazione-disponibile-programma-tre-giorni-formativa-di-villa-moretta\/#breadcrumb\",\"itemListElement\":[{\"@type\":\"ListItem\",\"position\":1,\"name\":\"Home\",\"item\":\"https:\/\/www.diocesitn.it\/clero\/\"},{\"@type\":\"ListItem\",\"position\":2,\"name\":\"Clero trentino invitato alla Messa Crismale nel Gioved\u00ec Santo (6 aprile) con pranzo conviviale in Seminario (necessaria prenotazione). Disponibile programma &#8220;Tre giorni formativa&#8221; di Villa Moretta\"}]},{\"@type\":\"WebSite\",\"@id\":\"https:\/\/www.diocesitn.it\/clero\/#website\",\"url\":\"https:\/\/www.diocesitn.it\/clero\/\",\"name\":\"Clero\",\"description\":\"Chiesa di TRENTO\",\"potentialAction\":[{\"@type\":\"SearchAction\",\"target\":{\"@type\":\"EntryPoint\",\"urlTemplate\":\"https:\/\/www.diocesitn.it\/clero\/?s={search_term_string}\"},\"query-input\":\"required name=search_term_string\"}],\"inLanguage\":\"it-IT\"},{\"@type\":\"ImageObject\",\"inLanguage\":\"it-IT\",\"@id\":\"https:\/\/www.diocesitn.it\/clero\/2023\/03\/28\/clero-trentino-invitato-alla-messa-crismale-nel-giovedi-santo-6-aprile-con-pranzo-conviviale-in-seminario-necessaria-prenotazione-disponibile-programma-tre-giorni-formativa-di-villa-moretta\/#local-main-organization-logo\",\"url\":\"\",\"contentUrl\":\"\",\"caption\":\"Clero\"}]}<\/script>\n<!-- \/ Yoast SEO Premium plugin. -->","yoast_head_json":{"title":"Clero trentino invitato alla Messa Crismale nel Gioved\u00ec Santo (6 aprile) con pranzo conviviale in Seminario (necessaria prenotazione). Disponibile programma \"Tre giorni formativa\" di Villa Moretta - Clero","robots":{"index":"index","follow":"follow","max-snippet":"max-snippet:-1","max-image-preview":"max-image-preview:large","max-video-preview":"max-video-preview:-1"},"canonical":"https:\/\/www.diocesitn.it\/clero\/2023\/03\/28\/clero-trentino-invitato-alla-messa-crismale-nel-giovedi-santo-6-aprile-con-pranzo-conviviale-in-seminario-necessaria-prenotazione-disponibile-programma-tre-giorni-formativa-di-villa-moretta\/","og_locale":"it_IT","og_type":"article","og_title":"Clero trentino invitato alla Messa Crismale nel Gioved\u00ec Santo (6 aprile) con pranzo conviviale in Seminario (necessaria prenotazione). Disponibile programma \"Tre giorni formativa\" di Villa Moretta","og_description":"La Messa del Crisma di Gioved\u00ec Santo &#8211;\u00a0 a Trento in cattedrale il prossimo 6 aprile &#8211; sar\u00e0 come di consueto un particolare momento di festa per i preti, che in quel giorno fanno memoria","og_url":"https:\/\/www.diocesitn.it\/clero\/2023\/03\/28\/clero-trentino-invitato-alla-messa-crismale-nel-giovedi-santo-6-aprile-con-pranzo-conviviale-in-seminario-necessaria-prenotazione-disponibile-programma-tre-giorni-formativa-di-villa-moretta\/","og_site_name":"Clero","article_published_time":"2023-03-28T10:06:51+00:00","article_modified_time":"2023-06-29T05:05:26+00:00","og_image":[{"width":2016,"height":1512,"url":"https:\/\/www.diocesitn.it\/clero\/wp-content\/uploads\/sites\/12\/2023\/03\/crisma2022_8.jpg","type":"image\/jpeg"}],"author":"Piergiorgio Franceschini","twitter_card":"summary_large_image","twitter_misc":{"Scritto da":"Piergiorgio Franceschini","Tempo di lettura stimato":"2 minuti"},"schema":{"@context":"https:\/\/schema.org","@graph":[{"@type":"WebPage","@id":"https:\/\/www.diocesitn.it\/clero\/2023\/03\/28\/clero-trentino-invitato-alla-messa-crismale-nel-giovedi-santo-6-aprile-con-pranzo-conviviale-in-seminario-necessaria-prenotazione-disponibile-programma-tre-giorni-formativa-di-villa-moretta\/","url":"https:\/\/www.diocesitn.it\/clero\/2023\/03\/28\/clero-trentino-invitato-alla-messa-crismale-nel-giovedi-santo-6-aprile-con-pranzo-conviviale-in-seminario-necessaria-prenotazione-disponibile-programma-tre-giorni-formativa-di-villa-moretta\/","name":"Clero trentino invitato alla Messa Crismale nel Gioved\u00ec Santo (6 aprile) con pranzo conviviale in Seminario (necessaria prenotazione). Disponibile programma \"Tre giorni formativa\" di Villa Moretta - Clero","isPartOf":{"@id":"https:\/\/www.diocesitn.it\/clero\/#website"},"primaryImageOfPage":{"@id":"https:\/\/www.diocesitn.it\/clero\/2023\/03\/28\/clero-trentino-invitato-alla-messa-crismale-nel-giovedi-santo-6-aprile-con-pranzo-conviviale-in-seminario-necessaria-prenotazione-disponibile-programma-tre-giorni-formativa-di-villa-moretta\/#primaryimage"},"image":{"@id":"https:\/\/www.diocesitn.it\/clero\/2023\/03\/28\/clero-trentino-invitato-alla-messa-crismale-nel-giovedi-santo-6-aprile-con-pranzo-conviviale-in-seminario-necessaria-prenotazione-disponibile-programma-tre-giorni-formativa-di-villa-moretta\/#primaryimage"},"thumbnailUrl":"https:\/\/www.diocesitn.it\/clero\/wp-content\/uploads\/sites\/12\/2023\/03\/crisma2022_8.jpg","datePublished":"2023-03-28T10:06:51+00:00","dateModified":"2023-06-29T05:05:26+00:00","author":{"@id":"https:\/\/www.diocesitn.it\/clero\/#\/schema\/person\/99590c84577873a025247b6aeb16ad2e"},"breadcrumb":{"@id":"https:\/\/www.diocesitn.it\/clero\/2023\/03\/28\/clero-trentino-invitato-alla-messa-crismale-nel-giovedi-santo-6-aprile-con-pranzo-conviviale-in-seminario-necessaria-prenotazione-disponibile-programma-tre-giorni-formativa-di-villa-moretta\/#breadcrumb"},"inLanguage":"it-IT","potentialAction":[{"@type":"ReadAction","target":["https:\/\/www.diocesitn.it\/clero\/2023\/03\/28\/clero-trentino-invitato-alla-messa-crismale-nel-giovedi-santo-6-aprile-con-pranzo-conviviale-in-seminario-necessaria-prenotazione-disponibile-programma-tre-giorni-formativa-di-villa-moretta\/"]}]},{"@type":"ImageObject","inLanguage":"it-IT","@id":"https:\/\/www.diocesitn.it\/clero\/2023\/03\/28\/clero-trentino-invitato-alla-messa-crismale-nel-giovedi-santo-6-aprile-con-pranzo-conviviale-in-seminario-necessaria-prenotazione-disponibile-programma-tre-giorni-formativa-di-villa-moretta\/#primaryimage","url":"https:\/\/www.diocesitn.it\/clero\/wp-content\/uploads\/sites\/12\/2023\/03\/crisma2022_8.jpg","contentUrl":"https:\/\/www.diocesitn.it\/clero\/wp-content\/uploads\/sites\/12\/2023\/03\/crisma2022_8.jpg","width":2016,"height":1512},{"@type":"BreadcrumbList","@id":"https:\/\/www.diocesitn.it\/clero\/2023\/03\/28\/clero-trentino-invitato-alla-messa-crismale-nel-giovedi-santo-6-aprile-con-pranzo-conviviale-in-seminario-necessaria-prenotazione-disponibile-programma-tre-giorni-formativa-di-villa-moretta\/#breadcrumb","itemListElement":[{"@type":"ListItem","position":1,"name":"Home","item":"https:\/\/www.diocesitn.it\/clero\/"},{"@type":"ListItem","position":2,"name":"Clero trentino invitato alla Messa Crismale nel Gioved\u00ec Santo (6 aprile) con pranzo conviviale in Seminario (necessaria prenotazione). Disponibile programma &#8220;Tre giorni formativa&#8221; di Villa Moretta"}]},{"@type":"WebSite","@id":"https:\/\/www.diocesitn.it\/clero\/#website","url":"https:\/\/www.diocesitn.it\/clero\/","name":"Clero","description":"Chiesa di TRENTO","potentialAction":[{"@type":"SearchAction","target":{"@type":"EntryPoint","urlTemplate":"https:\/\/www.diocesitn.it\/clero\/?s={search_term_string}"},"query-input":"required name=search_term_string"}],"inLanguage":"it-IT"},{"@type":"ImageObject","inLanguage":"it-IT","@id":"https:\/\/www.diocesitn.it\/clero\/2023\/03\/28\/clero-trentino-invitato-alla-messa-crismale-nel-giovedi-santo-6-aprile-con-pranzo-conviviale-in-seminario-necessaria-prenotazione-disponibile-programma-tre-giorni-formativa-di-villa-moretta\/#local-main-organization-logo","url":"","contentUrl":"","caption":"Clero"}]}},"_links":{"self":[{"href":"https:\/\/www.diocesitn.it\/clero\/wp-json\/wp\/v2\/posts\/2008","targetHints":{"allow":["GET"]}}],"collection":[{"href":"https:\/\/www.diocesitn.it\/clero\/wp-json\/wp\/v2\/posts"}],"about":[{"href":"https:\/\/www.diocesitn.it\/clero\/wp-json\/wp\/v2\/types\/post"}],"author":[{"embeddable":true,"href":"https:\/\/www.diocesitn.it\/clero\/wp-json\/wp\/v2\/users\/3"}],"replies":[{"embeddable":true,"href":"https:\/\/www.diocesitn.it\/clero\/wp-json\/wp\/v2\/comments?post=2008"}],"version-history":[{"count":2,"href":"https:\/\/www.diocesitn.it\/clero\/wp-json\/wp\/v2\/posts\/2008\/revisions"}],"predecessor-version":[{"id":2015,"href":"https:\/\/www.diocesitn.it\/clero\/wp-json\/wp\/v2\/posts\/2008\/revisions\/2015"}],"wp:featuredmedia":[{"embeddable":true,"href":"https:\/\/www.diocesitn.it\/clero\/wp-json\/wp\/v2\/media\/2014"}],"wp:attachment":[{"href":"https:\/\/www.diocesitn.it\/clero\/wp-json\/wp\/v2\/media?parent=2008"}],"wp:term":[{"taxonomy":"category","embeddable":true,"href":"https:\/\/www.diocesitn.it\/clero\/wp-json\/wp\/v2\/categories?post=2008"},{"taxonomy":"post_tag","embeddable":true,"href":"https:\/\/www.diocesitn.it\/clero\/wp-json\/wp\/v2\/tags?post=2008"}],"curies":[{"name":"wp","href":"https:\/\/api.w.org\/{rel}","templated":true}]}}