{"id":1996,"date":"2023-03-16T10:51:09","date_gmt":"2023-03-16T09:51:09","guid":{"rendered":"https:\/\/www.diocesitn.it\/clero\/2023\/03\/16\/addio-a-don-maurizio-gottardi-per-cinquantanni-missionario-in-brasile\/"},"modified":"2023-03-16T11:48:12","modified_gmt":"2023-03-16T10:48:12","slug":"addio-a-don-maurizio-gottardi-per-cinquantanni-missionario-in-brasile","status":"publish","type":"post","link":"https:\/\/www.diocesitn.it\/clero\/2023\/03\/16\/addio-a-don-maurizio-gottardi-per-cinquantanni-missionario-in-brasile\/","title":{"rendered":"Addio a don Maurizio Gottardi, per cinquant&#8217;anni missionario in Brasile"},"content":{"rendered":"<p>Lutto nella Chiesa trentina. All&#8217;et\u00e0 di 85 anni si \u00e8 spento nella mattinata di gioved\u00ec 16 marzo <strong>don Maurizio Gottardi<\/strong>. Nato a Valvestino (BS) nel 1938, venne ordinato a Trento nel 1965. Fu viceparroco a Rovereto S. Famiglia (1965-1966), prima di partire come <strong>missionario<\/strong> fidei donum in Brasile, nella Diocesi di Bag\u00e8 (nello Stato di Rio Grande do Sul), dove ha operato per quasi cinquant&#8217;anni (1966-2015). Rientrato in Diocesi \u00e8 stato collaboratore pastorale in Valle dei Laghi (2015-2021). Residente a Polpenazze del Garda (BS), \u00e8 deceduto alla Casa del Clero di Trento dove era ricoverato da inizio gennaio. Il <strong>funerale<\/strong> sar\u00e0 celebrato <strong>venerd\u00ec 17 marzo<\/strong> alle <strong>ore 17<\/strong> nella chiesa parrocchiale di Pietramurata.<\/p>\n<p>&nbsp;<\/p>\n","protected":false},"excerpt":{"rendered":"<p>Lutto nella Chiesa trentina. All&#8217;et\u00e0 di 85 anni si \u00e8 spento nella mattinata di gioved\u00ec 16 marzo don Maurizio Gottardi. Nato a Valvestino (BS) nel 1938, venne ordinato a Trento nel 1965. Fu viceparroco a<\/p>\n","protected":false},"author":3,"featured_media":1997,"comment_status":"closed","ping_status":"closed","sticky":false,"template":"","format":"standard","meta":{"footnotes":""},"categories":[275,318,279],"tags":[283,361,362,363],"class_list":["post-1996","post","type-post","status-publish","format-standard","has-post-thumbnail","hentry","category-clero","category-lutto-nel-clero","category-notizie","tag-clero","tag-don-maurizio-gottardi","tag-lutto","tag-missionari"],"acf":{"seed-localization-paese-cod":"IT","seed-localization-address":"","seed-localization-citta":"Trento","seed-localization-regione-cod-istat":"04","seed-localization-citta-cod-istat":"022205","seed-localization-localita":"","seed-localization-cap":"","seed-localization-marker-visibility":false,"seed-localization-children-visibility":false,"seed-localization-kml":"","seed-localization-custom-marker":""},"yoast_head":"<!-- This site is optimized with the Yoast SEO Premium plugin v20.2.1 (Yoast SEO v22.2) - https:\/\/yoast.com\/wordpress\/plugins\/seo\/ -->\n<title>Addio a don Maurizio Gottardi, per cinquant&#039;anni missionario in Brasile - Clero<\/title>\n<meta name=\"robots\" content=\"index, follow, max-snippet:-1, max-image-preview:large, max-video-preview:-1\" \/>\n<link rel=\"canonical\" href=\"https:\/\/www.diocesitn.it\/clero\/2023\/03\/16\/addio-a-don-maurizio-gottardi-per-cinquantanni-missionario-in-brasile\/\" \/>\n<meta property=\"og:locale\" content=\"it_IT\" \/>\n<meta property=\"og:type\" content=\"article\" \/>\n<meta property=\"og:title\" content=\"Addio a don Maurizio Gottardi, per cinquant&#039;anni missionario in Brasile\" \/>\n<meta property=\"og:description\" content=\"Lutto nella Chiesa trentina. All&#8217;et\u00e0 di 85 anni si \u00e8 spento nella mattinata di gioved\u00ec 16 marzo don Maurizio Gottardi. Nato a Valvestino (BS) nel 1938, venne ordinato a Trento nel 1965. Fu viceparroco a\" \/>\n<meta property=\"og:url\" content=\"https:\/\/www.diocesitn.it\/clero\/2023\/03\/16\/addio-a-don-maurizio-gottardi-per-cinquantanni-missionario-in-brasile\/\" \/>\n<meta property=\"og:site_name\" content=\"Clero\" \/>\n<meta property=\"article:published_time\" content=\"2023-03-16T09:51:09+00:00\" \/>\n<meta property=\"article:modified_time\" content=\"2023-03-16T10:48:12+00:00\" \/>\n<meta property=\"og:image\" content=\"https:\/\/www.diocesitn.it\/clero\/wp-content\/uploads\/sites\/12\/2023\/03\/don_Maurizio_Gottardi.jpg\" \/>\n\t<meta property=\"og:image:width\" content=\"900\" \/>\n\t<meta property=\"og:image:height\" content=\"662\" \/>\n\t<meta property=\"og:image:type\" content=\"image\/jpeg\" \/>\n<meta name=\"author\" content=\"Piergiorgio Franceschini\" \/>\n<meta name=\"twitter:card\" content=\"summary_large_image\" \/>\n<meta name=\"twitter:label1\" content=\"Scritto da\" \/>\n\t<meta name=\"twitter:data1\" content=\"Piergiorgio Franceschini\" \/>\n\t<meta name=\"twitter:label2\" content=\"Tempo di lettura stimato\" \/>\n\t<meta name=\"twitter:data2\" content=\"1 minuto\" \/>\n<script type=\"application\/ld+json\" class=\"yoast-schema-graph\">{\"@context\":\"https:\/\/schema.org\",\"@graph\":[{\"@type\":\"WebPage\",\"@id\":\"https:\/\/www.diocesitn.it\/clero\/2023\/03\/16\/addio-a-don-maurizio-gottardi-per-cinquantanni-missionario-in-brasile\/\",\"url\":\"https:\/\/www.diocesitn.it\/clero\/2023\/03\/16\/addio-a-don-maurizio-gottardi-per-cinquantanni-missionario-in-brasile\/\",\"name\":\"Addio a don Maurizio Gottardi, per cinquant'anni missionario in Brasile - Clero\",\"isPartOf\":{\"@id\":\"https:\/\/www.diocesitn.it\/clero\/#website\"},\"primaryImageOfPage\":{\"@id\":\"https:\/\/www.diocesitn.it\/clero\/2023\/03\/16\/addio-a-don-maurizio-gottardi-per-cinquantanni-missionario-in-brasile\/#primaryimage\"},\"image\":{\"@id\":\"https:\/\/www.diocesitn.it\/clero\/2023\/03\/16\/addio-a-don-maurizio-gottardi-per-cinquantanni-missionario-in-brasile\/#primaryimage\"},\"thumbnailUrl\":\"https:\/\/www.diocesitn.it\/clero\/wp-content\/uploads\/sites\/12\/2023\/03\/don_Maurizio_Gottardi.jpg\",\"datePublished\":\"2023-03-16T09:51:09+00:00\",\"dateModified\":\"2023-03-16T10:48:12+00:00\",\"author\":{\"@id\":\"https:\/\/www.diocesitn.it\/clero\/#\/schema\/person\/99590c84577873a025247b6aeb16ad2e\"},\"breadcrumb\":{\"@id\":\"https:\/\/www.diocesitn.it\/clero\/2023\/03\/16\/addio-a-don-maurizio-gottardi-per-cinquantanni-missionario-in-brasile\/#breadcrumb\"},\"inLanguage\":\"it-IT\",\"potentialAction\":[{\"@type\":\"ReadAction\",\"target\":[\"https:\/\/www.diocesitn.it\/clero\/2023\/03\/16\/addio-a-don-maurizio-gottardi-per-cinquantanni-missionario-in-brasile\/\"]}]},{\"@type\":\"ImageObject\",\"inLanguage\":\"it-IT\",\"@id\":\"https:\/\/www.diocesitn.it\/clero\/2023\/03\/16\/addio-a-don-maurizio-gottardi-per-cinquantanni-missionario-in-brasile\/#primaryimage\",\"url\":\"https:\/\/www.diocesitn.it\/clero\/wp-content\/uploads\/sites\/12\/2023\/03\/don_Maurizio_Gottardi.jpg\",\"contentUrl\":\"https:\/\/www.diocesitn.it\/clero\/wp-content\/uploads\/sites\/12\/2023\/03\/don_Maurizio_Gottardi.jpg\",\"width\":900,\"height\":662},{\"@type\":\"BreadcrumbList\",\"@id\":\"https:\/\/www.diocesitn.it\/clero\/2023\/03\/16\/addio-a-don-maurizio-gottardi-per-cinquantanni-missionario-in-brasile\/#breadcrumb\",\"itemListElement\":[{\"@type\":\"ListItem\",\"position\":1,\"name\":\"Home\",\"item\":\"https:\/\/www.diocesitn.it\/clero\/\"},{\"@type\":\"ListItem\",\"position\":2,\"name\":\"Addio a don Maurizio Gottardi, per cinquant&#8217;anni missionario in Brasile\"}]},{\"@type\":\"WebSite\",\"@id\":\"https:\/\/www.diocesitn.it\/clero\/#website\",\"url\":\"https:\/\/www.diocesitn.it\/clero\/\",\"name\":\"Clero\",\"description\":\"Chiesa di TRENTO\",\"potentialAction\":[{\"@type\":\"SearchAction\",\"target\":{\"@type\":\"EntryPoint\",\"urlTemplate\":\"https:\/\/www.diocesitn.it\/clero\/?s={search_term_string}\"},\"query-input\":\"required name=search_term_string\"}],\"inLanguage\":\"it-IT\"},{\"@type\":\"ImageObject\",\"inLanguage\":\"it-IT\",\"@id\":\"https:\/\/www.diocesitn.it\/clero\/2023\/03\/16\/addio-a-don-maurizio-gottardi-per-cinquantanni-missionario-in-brasile\/#local-main-organization-logo\",\"url\":\"\",\"contentUrl\":\"\",\"caption\":\"Clero\"}]}<\/script>\n<!-- \/ Yoast SEO Premium plugin. -->","yoast_head_json":{"title":"Addio a don Maurizio Gottardi, per cinquant'anni missionario in Brasile - Clero","robots":{"index":"index","follow":"follow","max-snippet":"max-snippet:-1","max-image-preview":"max-image-preview:large","max-video-preview":"max-video-preview:-1"},"canonical":"https:\/\/www.diocesitn.it\/clero\/2023\/03\/16\/addio-a-don-maurizio-gottardi-per-cinquantanni-missionario-in-brasile\/","og_locale":"it_IT","og_type":"article","og_title":"Addio a don Maurizio Gottardi, per cinquant'anni missionario in Brasile","og_description":"Lutto nella Chiesa trentina. All&#8217;et\u00e0 di 85 anni si \u00e8 spento nella mattinata di gioved\u00ec 16 marzo don Maurizio Gottardi. Nato a Valvestino (BS) nel 1938, venne ordinato a Trento nel 1965. Fu viceparroco a","og_url":"https:\/\/www.diocesitn.it\/clero\/2023\/03\/16\/addio-a-don-maurizio-gottardi-per-cinquantanni-missionario-in-brasile\/","og_site_name":"Clero","article_published_time":"2023-03-16T09:51:09+00:00","article_modified_time":"2023-03-16T10:48:12+00:00","og_image":[{"width":900,"height":662,"url":"https:\/\/www.diocesitn.it\/clero\/wp-content\/uploads\/sites\/12\/2023\/03\/don_Maurizio_Gottardi.jpg","type":"image\/jpeg"}],"author":"Piergiorgio Franceschini","twitter_card":"summary_large_image","twitter_misc":{"Scritto da":"Piergiorgio Franceschini","Tempo di lettura stimato":"1 minuto"},"schema":{"@context":"https:\/\/schema.org","@graph":[{"@type":"WebPage","@id":"https:\/\/www.diocesitn.it\/clero\/2023\/03\/16\/addio-a-don-maurizio-gottardi-per-cinquantanni-missionario-in-brasile\/","url":"https:\/\/www.diocesitn.it\/clero\/2023\/03\/16\/addio-a-don-maurizio-gottardi-per-cinquantanni-missionario-in-brasile\/","name":"Addio a don Maurizio Gottardi, per cinquant'anni missionario in Brasile - Clero","isPartOf":{"@id":"https:\/\/www.diocesitn.it\/clero\/#website"},"primaryImageOfPage":{"@id":"https:\/\/www.diocesitn.it\/clero\/2023\/03\/16\/addio-a-don-maurizio-gottardi-per-cinquantanni-missionario-in-brasile\/#primaryimage"},"image":{"@id":"https:\/\/www.diocesitn.it\/clero\/2023\/03\/16\/addio-a-don-maurizio-gottardi-per-cinquantanni-missionario-in-brasile\/#primaryimage"},"thumbnailUrl":"https:\/\/www.diocesitn.it\/clero\/wp-content\/uploads\/sites\/12\/2023\/03\/don_Maurizio_Gottardi.jpg","datePublished":"2023-03-16T09:51:09+00:00","dateModified":"2023-03-16T10:48:12+00:00","author":{"@id":"https:\/\/www.diocesitn.it\/clero\/#\/schema\/person\/99590c84577873a025247b6aeb16ad2e"},"breadcrumb":{"@id":"https:\/\/www.diocesitn.it\/clero\/2023\/03\/16\/addio-a-don-maurizio-gottardi-per-cinquantanni-missionario-in-brasile\/#breadcrumb"},"inLanguage":"it-IT","potentialAction":[{"@type":"ReadAction","target":["https:\/\/www.diocesitn.it\/clero\/2023\/03\/16\/addio-a-don-maurizio-gottardi-per-cinquantanni-missionario-in-brasile\/"]}]},{"@type":"ImageObject","inLanguage":"it-IT","@id":"https:\/\/www.diocesitn.it\/clero\/2023\/03\/16\/addio-a-don-maurizio-gottardi-per-cinquantanni-missionario-in-brasile\/#primaryimage","url":"https:\/\/www.diocesitn.it\/clero\/wp-content\/uploads\/sites\/12\/2023\/03\/don_Maurizio_Gottardi.jpg","contentUrl":"https:\/\/www.diocesitn.it\/clero\/wp-content\/uploads\/sites\/12\/2023\/03\/don_Maurizio_Gottardi.jpg","width":900,"height":662},{"@type":"BreadcrumbList","@id":"https:\/\/www.diocesitn.it\/clero\/2023\/03\/16\/addio-a-don-maurizio-gottardi-per-cinquantanni-missionario-in-brasile\/#breadcrumb","itemListElement":[{"@type":"ListItem","position":1,"name":"Home","item":"https:\/\/www.diocesitn.it\/clero\/"},{"@type":"ListItem","position":2,"name":"Addio a don Maurizio Gottardi, per cinquant&#8217;anni missionario in Brasile"}]},{"@type":"WebSite","@id":"https:\/\/www.diocesitn.it\/clero\/#website","url":"https:\/\/www.diocesitn.it\/clero\/","name":"Clero","description":"Chiesa di TRENTO","potentialAction":[{"@type":"SearchAction","target":{"@type":"EntryPoint","urlTemplate":"https:\/\/www.diocesitn.it\/clero\/?s={search_term_string}"},"query-input":"required name=search_term_string"}],"inLanguage":"it-IT"},{"@type":"ImageObject","inLanguage":"it-IT","@id":"https:\/\/www.diocesitn.it\/clero\/2023\/03\/16\/addio-a-don-maurizio-gottardi-per-cinquantanni-missionario-in-brasile\/#local-main-organization-logo","url":"","contentUrl":"","caption":"Clero"}]}},"_links":{"self":[{"href":"https:\/\/www.diocesitn.it\/clero\/wp-json\/wp\/v2\/posts\/1996","targetHints":{"allow":["GET"]}}],"collection":[{"href":"https:\/\/www.diocesitn.it\/clero\/wp-json\/wp\/v2\/posts"}],"about":[{"href":"https:\/\/www.diocesitn.it\/clero\/wp-json\/wp\/v2\/types\/post"}],"author":[{"embeddable":true,"href":"https:\/\/www.diocesitn.it\/clero\/wp-json\/wp\/v2\/users\/3"}],"replies":[{"embeddable":true,"href":"https:\/\/www.diocesitn.it\/clero\/wp-json\/wp\/v2\/comments?post=1996"}],"version-history":[{"count":0,"href":"https:\/\/www.diocesitn.it\/clero\/wp-json\/wp\/v2\/posts\/1996\/revisions"}],"wp:featuredmedia":[{"embeddable":true,"href":"https:\/\/www.diocesitn.it\/clero\/wp-json\/wp\/v2\/media\/1997"}],"wp:attachment":[{"href":"https:\/\/www.diocesitn.it\/clero\/wp-json\/wp\/v2\/media?parent=1996"}],"wp:term":[{"taxonomy":"category","embeddable":true,"href":"https:\/\/www.diocesitn.it\/clero\/wp-json\/wp\/v2\/categories?post=1996"},{"taxonomy":"post_tag","embeddable":true,"href":"https:\/\/www.diocesitn.it\/clero\/wp-json\/wp\/v2\/tags?post=1996"}],"curies":[{"name":"wp","href":"https:\/\/api.w.org\/{rel}","templated":true}]}}