{"id":1871,"date":"2022-07-16T13:43:53","date_gmt":"2022-07-16T11:43:53","guid":{"rendered":"https:\/\/www.diocesitn.it\/clero\/2022\/07\/16\/don-ivan-maffeis-nominato-dal-papa-vescovo-di-perugia-citta-delle-pieve-vescovo-lauro-gioia-per-la-chiesa-di-trento-don-ivan-avverto-la-sproporzione-tra-quello-che-sono\/"},"modified":"2022-07-20T11:17:41","modified_gmt":"2022-07-20T09:17:41","slug":"don-ivan-maffeis-nominato-dal-papa-vescovo-di-perugia-citta-delle-pieve-vescovo-lauro-gioia-per-la-chiesa-di-trento-don-ivan-avverto-la-sproporzione-tra-quello-che-sono","status":"publish","type":"post","link":"https:\/\/www.diocesitn.it\/clero\/2022\/07\/16\/don-ivan-maffeis-nominato-dal-papa-vescovo-di-perugia-citta-delle-pieve-vescovo-lauro-gioia-per-la-chiesa-di-trento-don-ivan-avverto-la-sproporzione-tra-quello-che-sono\/","title":{"rendered":"Don Ivan Maffeis nominato dal Papa vescovo di Perugia-Citt\u00e0 delle Pieve. Vescovo Lauro: \u201cGioia per la Chiesa di Trento\u201d. Don Ivan: \u201dAvverto la sproporzione tra quello che sono e la responsabilit\u00e0 che mi \u00e8 affidata\u201d IL VIDEO DELL&#8217;ANNUNCIO"},"content":{"rendered":"<p><strong>Il sacerdote trentino don Ivan Maffeis, 58 anni, nativo di Pinzolo e attuale parroco a Rovereto San Marco \u00e8 il nuovo arcivescovo metropolita di Perugia-Citt\u00e0 della Pieve. Lo ha nominato papa Francesco. L\u2019annuncio, contestualmente alla pubblicazione sul Bollettino della Sala Stampa Vaticana, \u00e8 stato dato a mezzogiorno di sabato 16 luglio in contemporanea a Trento, al Centro Bernardo Clesio, dall\u2019arcivescovo Lauro Tisi e nella cattedrale di Perugia dal vescovo e amministratore diocesano mons. Marco Salvi alla presenza dell\u2019arcivescovo emerito, il cardinale Gualtiero Bassetti, fino a poche settimane fa Presidente della Cei e del quale don Ivan \u00e8 stato nell\u2019ultimo decennio uno dei pi\u00f9 stretti collaboratori. <\/strong><\/p>\n<p>\u201c\u00c8 un giorno di grande gioia per tutta la Chiesa di Trento e mia personale. Con don Ivan, oltre alle comuni origini nell\u2019amata Val Rendena, ci lega, fin dai tempi della scuola media, amicizia e familiarit\u00e0\u201d ha detto l\u2019<strong>arcivescovo Lauro,<\/strong> commentando a caldo la comunicazione del nunzio apostolico in Italia monsignor Emil Paul Tscherrig, letta in sala dal cancelliere vescovile <strong>don Alessandro Aste<\/strong>, alla presenza del vescovo nominato Ivan, davanti ai vertici della curia diocesana e agli operatori dei media, convocati poco prima dell\u2019annuncio.<\/p>\n<p>\u201cLa scelta di papa Francesco \u2013 ha proseguito don Lauro \u2013 trova in don Ivan un uomo animato da profonda passione per l\u2019annuncio del Vangelo, per le persone e le relazioni, dimensioni vissute sempre con grande generosit\u00e0. Tornato in Trentino dopo gli anni di impegno romani, don Ivan si \u00e8 messo a disposizione della nostra Chiesa convinto che qui avrebbe continuato ad esercitare il suo ministero. Ma i piani del Signore non sono i nostri. Ora don Ivan entra a far parte di quella Conferenza Episcopale che ha servito per molti anni con intelligenza, saggezza e creativit\u00e0, doti che metter\u00e0 a frutto nel futuro ministero episcopale.\u00a0 \u00c8 bello che un figlio della nostra Chiesa vada ad arricchire la Chiesa di Perugia-Citt\u00e0 della Pieve in Umbria. Una terra nella quale oper\u00f2 un grande vescovo trentino, il benedettino monsignor Giuseppe Placido Nicolini, vescovo di Assisi per quasi cinquant\u2019anni (1928-1973)\u201d.<\/p>\n<p>\u201cInsieme a don Ivan \u2013 ha aggiunto monsignor Tisi \u2013 abbiamo concordato che la dimensione affettiva deve lasciare il passo allo spirito ecclesiale. Per questo, siamo entrambi convinti che il luogo ideale della sua ordinazione debba essere la Chiesa di Perugia, che attende di abbracciarlo come nuovo vescovo\u201d.<\/p>\n<p>\u201cCaro don Ivan \u2013 ha concluso l\u2019Arcivescovo di Trento \u2013, anzich\u00e9 darti consigli per il tuo nuovo ministero, ti affido, nella comunione dei Santi, alla testimonianza di fede e alla preghiera che sicuramente \u00e8 gi\u00e0 iniziata per te da parte della tua cara mamma Licia, del pap\u00e0 Santo e del fratello Marco.\u00a0 Significativamente la nomina avviene nel giorno in cui la Chiesa ricorda Maria Vergine del Carmelo, chiediamo di avere come unico riferimento Ges\u00f9 Cristo. Buon viaggio, caro Ivan\u201d.<\/p>\n<h5><strong>Le prime parole del vescovo nominato Ivan\u00a0<\/strong><\/h5>\n<p>Alle parole dell\u2019arcivescovo Lauro \u00e8 seguito il breve saluto del <strong>vescovo nominato Ivan<\/strong>: \u201cGrazie all\u2019Arcivescovo per la generosit\u00e0 delle sue parole, ai membri della curia che mi hanno supportato in questi anni, ai colleghi della comunicazione. Vi sono grato dell\u2019accoglienza, della cordialit\u00e0 e della fiducia che va ben al di l\u00e0 di quello che io sono. Sarei rimasto volentieri in questa terra in cui sono tornato in maniera convinta. Ho trovato un Trentino diverso da quello che avevo lasciato e sono stato contento di sentirmi parte attiva di questa Chiesa, accanto agli altri preti e cercando di camminare con la gente in questo tempo non facile, a cominciare dalla pandemia e dalle preoccupazioni che attraversano tutti. Questa nomina arriva e cambia, come diceva l\u2019Arcivescovo, le attese, i progetti: non pi\u00f9 tardi di ieri sera ho concluso il Grest&#8230; Ora avverto la sproporzione tra quello che sono e la responsabilit\u00e0 che mi \u00e8 affidata. Confido sulla vostra amicizia, fraternit\u00e0 e preghiera\u201d.<\/p>\n<h5><strong>Don Ivan Maffeis: note biografiche <\/strong><\/h5>\n<p>Nato a Pinzolo il 18 novembre 1963, Ivan Maffeis viene ordinato prete il 26 giugno 1988. Dopo due anni di cappellano a Mori, \u00e8 studente a Roma dove ottiene il dottorato in Scienze delle Comunicazioni Sociali alla Pontificia Universit\u00e0 Salesiana.<\/p>\n<p>Parroco a Ravina-Romagnano dal 1994 al 2000, don Maffeis, giornalista e autore dalla penna felice, dirige per dieci anni (2000-2009) il settimanale Vita Trentina, Radio Trentino inBlu e l\u2019Ufficio Comunicazioni Sociali della Diocesi trentina. Per sei anni \u00e8 anche Segretario nazionale della Fisc, la Federazione dei settimanali diocesani. Nel biennio 2000-2002 ricopre anche il ruolo di assistente diocesano di Azione Cattolica.<\/p>\n<p>Nel 2009 viene richiamato a Roma con l\u2019incarico di vicedirettore dell\u2019Ufficio Comunicazioni sociali della Cei che passa poi a dirigere nel maggio 2015. A ottobre dello stesso anno diviene anche sottosegretario della Cei, stretto collaboratore dei segretari generali, prima il vescovo Nunzio Galantino e quindi il vescovo Stefano Russo e dei cardinali presidenti Angelo Bagnasco e, da ultimo, Gualtiero Bassetti. Nel settembre 2019 lascia la direzione dell\u2019Ufficio Comunicazioni per dedicarsi a tempo pieno al delicato ruolo di sottosegretario e portavoce dei vescovi.<\/p>\n<p>Negli anni di impegno a Roma don Maffeis ha mantenuto un legame con la sua Diocesi di origine: nel fine settimana saliva a Sant\u2019Antonio di Mavignola, in val Rendena, per presiedere le S. Messe e condividere un cammino comunitario.<\/p>\n<p>Intensa la sua attivit\u00e0 di docente in comunicazioni sociali, prima presso lo Studio Teologico Accademico Tridentino e negli anni romani all\u2019Universit\u00e0 Salesiana e alla Lateranense. Don Ivan \u00e8 stato anche consultore del Dicastero per la comunicazione.<\/p>\n<p>Nel 2020 il ritorno in Trentino, a Rovereto come parroco di San Marco e S. Famiglia (con Trambileno, Vanza, Noriglio e Terragnolo).\u00a0 Una permanenza di meno di due anni, prima della chiamata di papa Francesco.<\/p>\n<h5><strong>I vescovi trentini in attivit\u00e0\u00a0<\/strong><\/h5>\n<p>Dopo don Lauro Tisi nel 2016, la Val Rendena dona alla Chiesa italiana un secondo vescovo a distanza di pochi anni.<\/p>\n<p>Con monsignor Maffeis salgono a otto i vescovi di origine trentina attualmente in vita.<\/p>\n<p>Del clero diocesano:<\/p>\n<p>monsignor Lauro Tisi, arcivescovo di Trento;<\/p>\n<p>monsignor Luigi Bressan, arcivescovo emerito di Trento;<\/p>\n<p>monsignor Guido Zendron, vescovo di Paulo Afonso in Brasile;<\/p>\n<p>monsignor Mariano Manzana, vescovo di Mossor\u00f2 in Brasile.<\/p>\n<p>Appartenenti a ordini religiosi:<\/p>\n<p>monsignor Giancarlo Bregantini, arcivescovo di Campobasso-Bojano, stimmatino;<\/p>\n<p>monsignor Giuseppe Filippi, vescovo di Kotido (Uganda), comboniano;<\/p>\n<p>monsignor Adriano Tomasi, vescovo ausiliare emerito di Lima (Per\u00f9), francescano.<\/p>\n<p>&nbsp;<\/p>\n<p><iframe loading=\"lazy\" title=\"Don Ivan Maffeis nominato arcivescovo di Perugia-Citt\u00e0 della Pieve. L&#039;annuncio a Trento (16 luglio)\" width=\"800\" height=\"450\" src=\"https:\/\/www.youtube.com\/embed\/_cCPVR0XOEU?feature=oembed\" frameborder=\"0\" allow=\"accelerometer; autoplay; clipboard-write; encrypted-media; gyroscope; picture-in-picture\" allowfullscreen><\/iframe><\/p>\n<p>&nbsp;<\/p>\n\n\n\t\t<style type='text\/css'>\n\n\t\t\t\/* PhotoSwipe Plugin *\/\n\t\t\t.psgal {\n\t\t\t\tmargin: auto;\n\t\t\t\tpadding-bottom:40px;\n\n\t\t\t\t-webkit-transition: all 0.4s ease;\n\t\t\t\t-moz-transition: all 0.4s ease;\n\t\t\t\t-o-transition: all 0.4s ease;\n\t\t\t\ttransition: all 0.4s ease;\n\t\t\t}\n\n\t\t\t.psgal figure {\n\t\t\t\tfloat: left;\n\t\t\t\ttext-align: center;\n    \t\t\twidth: 200px;\n                max-width: 50%;\n\t\t\t\tpadding:5px;\n\t\t\t\tmargin: 0px;\n\t\t\t\tbox-sizing:border-box;\n\t\t\t}\n\t\t\t.psgal a{\n\t\t\t\tdisplay:block;\n\t\t\t}\n\t\t\t.psgal figure figcaption{\n\t\t\t\tfont-size:13px;\n\t\t\t}\n\n\t\t\t.msnry{\n\t\t\t\tmargin:auto;\n\t\t\t}\n\t\t\t.pswp__caption__center{\n\t\t\t\ttext-align: center;\n\t\t\t}\n\t\t\t\n\n\t\t\t.photoswipe-gallery-caption{\n\t\t\t\tdisplay:none;\n\t\t\t}\n\n\t\t\t\n\t\t<\/style> <div style=\"clear:both\"><\/div>\n\n\t\t<div id=\"psgal_1871_1\" class=\"ps-gallery psgal gallery-columns-3 gallery-size-thumbnail\" itemscope itemtype=\"http:\/\/schema.org\/ImageGallery\" >\n\t\t\t\t<figure class=\"msnry_item\" itemscope itemtype=\"http:\/\/schema.org\/ImageObject\">\n\t\t\t\t\t<a href=\"https:\/\/www.diocesitn.it\/clero\/wp-content\/uploads\/sites\/12\/2022\/07\/vescovo_Ivan_1_web-1-1024x698.jpg\"\n\t\t\t\t\titemprop=\"contentUrl\"\n\t\t\t\t\tdata-pswp-width=\"800\" \n\t\t\t\t    data-pswp-height=\"545\" \n\t\t\t\t    data-cropped=\"true\"\n\t\t\t\t\tdata-caption=\"\"\n\t\t\t\t\tclass=\"post-thumbnail-image-link container-fixed-aspect-ratio__16-9\">\n\t\t\t\t        <img src=https:\/\/www.diocesitn.it\/clero\/wp-content\/uploads\/sites\/12\/2022\/07\/vescovo_Ivan_1_web-1-300x205.jpg itemprop=\"thumbnail\" alt=\"\"  \/>\n\t\t\t\t    <\/a>\n\t\t\t\t    <figcaption class=\"photoswipe-gallery-caption\" ><\/figcaption>\n\t\t\t    <\/figure>\n\t\t\t\t\n\t\t\t\t<figure class=\"msnry_item\" itemscope itemtype=\"http:\/\/schema.org\/ImageObject\">\n\t\t\t\t\t<a href=\"https:\/\/www.diocesitn.it\/clero\/wp-content\/uploads\/sites\/12\/2022\/07\/vescovo_Ivan_3-scaled-1024x683.jpg\"\n\t\t\t\t\titemprop=\"contentUrl\"\n\t\t\t\t\tdata-pswp-width=\"800\" \n\t\t\t\t    data-pswp-height=\"534\" \n\t\t\t\t    data-cropped=\"true\"\n\t\t\t\t\tdata-caption=\"\"\n\t\t\t\t\tclass=\"post-thumbnail-image-link container-fixed-aspect-ratio__16-9\">\n\t\t\t\t        <img src=https:\/\/www.diocesitn.it\/clero\/wp-content\/uploads\/sites\/12\/2022\/07\/vescovo_Ivan_3-scaled-300x200.jpg itemprop=\"thumbnail\" alt=\"\"  \/>\n\t\t\t\t    <\/a>\n\t\t\t\t    <figcaption class=\"photoswipe-gallery-caption\" ><\/figcaption>\n\t\t\t    <\/figure>\n\t\t\t\t\n\t\t\t\t<figure class=\"msnry_item\" itemscope itemtype=\"http:\/\/schema.org\/ImageObject\">\n\t\t\t\t\t<a href=\"https:\/\/www.diocesitn.it\/clero\/wp-content\/uploads\/sites\/12\/2022\/07\/vescovo_Ivan_2_web-1-1024x656.jpg\"\n\t\t\t\t\titemprop=\"contentUrl\"\n\t\t\t\t\tdata-pswp-width=\"800\" \n\t\t\t\t    data-pswp-height=\"513\" \n\t\t\t\t    data-cropped=\"true\"\n\t\t\t\t\tdata-caption=\"\"\n\t\t\t\t\tclass=\"post-thumbnail-image-link container-fixed-aspect-ratio__16-9\">\n\t\t\t\t        <img src=https:\/\/www.diocesitn.it\/clero\/wp-content\/uploads\/sites\/12\/2022\/07\/vescovo_Ivan_2_web-1-300x192.jpg itemprop=\"thumbnail\" alt=\"\"  \/>\n\t\t\t\t    <\/a>\n\t\t\t\t    <figcaption class=\"photoswipe-gallery-caption\" ><\/figcaption>\n\t\t\t    <\/figure>\n\t\t\t\t\n\t\t\t\t<figure class=\"msnry_item\" itemscope itemtype=\"http:\/\/schema.org\/ImageObject\">\n\t\t\t\t\t<a href=\"https:\/\/www.diocesitn.it\/clero\/wp-content\/uploads\/sites\/12\/2022\/07\/vescovo_Ivan_4_web-1-1024x652.jpg\"\n\t\t\t\t\titemprop=\"contentUrl\"\n\t\t\t\t\tdata-pswp-width=\"800\" \n\t\t\t\t    data-pswp-height=\"509\" \n\t\t\t\t    data-cropped=\"true\"\n\t\t\t\t\tdata-caption=\"\"\n\t\t\t\t\tclass=\"post-thumbnail-image-link container-fixed-aspect-ratio__16-9\">\n\t\t\t\t        <img src=https:\/\/www.diocesitn.it\/clero\/wp-content\/uploads\/sites\/12\/2022\/07\/vescovo_Ivan_4_web-1-300x191.jpg itemprop=\"thumbnail\" alt=\"\"  \/>\n\t\t\t\t    <\/a>\n\t\t\t\t    <figcaption class=\"photoswipe-gallery-caption\" ><\/figcaption>\n\t\t\t    <\/figure>\n\t\t\t\t<\/div>\n\t\t<div style='clear:both'><\/div>\n\t\n<p><strong>FOTO: GIANNI ZOTTA\u00a0\u00a0<\/strong><\/p>\n<p>&nbsp;<\/p>\n","protected":false},"excerpt":{"rendered":"<p>Il sacerdote trentino don Ivan Maffeis, 58 anni, nativo di Pinzolo e attuale parroco a Rovereto San Marco \u00e8 il nuovo arcivescovo metropolita di Perugia-Citt\u00e0 della Pieve. Lo ha nominato papa Francesco. L\u2019annuncio, contestualmente alla<\/p>\n","protected":false},"author":3,"featured_media":0,"comment_status":"closed","ping_status":"closed","sticky":false,"template":"","format":"standard","meta":{"footnotes":""},"categories":[346,284,279],"tags":[347,348,353,354],"class_list":["post-1871","post","type-post","status-publish","format-standard","hentry","category-arcivescovo-ivan","category-arcivescovo-lauro","category-notizie","tag-don-ivan-maffeis","tag-perugia-citta-della-pieve","tag-trento","tag-vescovo-ivan"],"acf":{"seed-localization-paese-cod":"","seed-localization-address":"","seed-localization-citta":"","seed-localization-regione-cod-istat":"","seed-localization-citta-cod-istat":"","seed-localization-localita":"","seed-localization-cap":"","seed-localization-marker-visibility":false,"seed-localization-children-visibility":false,"seed-localization-kml":"","seed-localization-custom-marker":""},"yoast_head":"<!-- This site is optimized with the Yoast SEO Premium plugin v20.2.1 (Yoast SEO v22.2) - https:\/\/yoast.com\/wordpress\/plugins\/seo\/ -->\n<title>Don Ivan Maffeis nominato dal Papa vescovo di Perugia-Citt\u00e0 delle Pieve. Vescovo Lauro: \u201cGioia per la Chiesa di Trento\u201d. Don Ivan: \u201dAvverto la sproporzione tra quello che sono e la responsabilit\u00e0 che mi \u00e8 affidata\u201d IL VIDEO DELL&#039;ANNUNCIO - Clero<\/title>\n<meta name=\"robots\" content=\"index, follow, max-snippet:-1, max-image-preview:large, max-video-preview:-1\" \/>\n<link rel=\"canonical\" href=\"https:\/\/www.diocesitn.it\/clero\/2022\/07\/16\/don-ivan-maffeis-nominato-dal-papa-vescovo-di-perugia-citta-delle-pieve-vescovo-lauro-gioia-per-la-chiesa-di-trento-don-ivan-avverto-la-sproporzione-tra-quello-che-sono\/\" \/>\n<meta property=\"og:locale\" content=\"it_IT\" \/>\n<meta property=\"og:type\" content=\"article\" \/>\n<meta property=\"og:title\" content=\"Don Ivan Maffeis nominato dal Papa vescovo di Perugia-Citt\u00e0 delle Pieve. Vescovo Lauro: \u201cGioia per la Chiesa di Trento\u201d. Don Ivan: \u201dAvverto la sproporzione tra quello che sono e la responsabilit\u00e0 che mi \u00e8 affidata\u201d IL VIDEO DELL&#039;ANNUNCIO\" \/>\n<meta property=\"og:description\" content=\"Il sacerdote trentino don Ivan Maffeis, 58 anni, nativo di Pinzolo e attuale parroco a Rovereto San Marco \u00e8 il nuovo arcivescovo metropolita di Perugia-Citt\u00e0 della Pieve. Lo ha nominato papa Francesco. L\u2019annuncio, contestualmente alla\" \/>\n<meta property=\"og:url\" content=\"https:\/\/www.diocesitn.it\/clero\/2022\/07\/16\/don-ivan-maffeis-nominato-dal-papa-vescovo-di-perugia-citta-delle-pieve-vescovo-lauro-gioia-per-la-chiesa-di-trento-don-ivan-avverto-la-sproporzione-tra-quello-che-sono\/\" \/>\n<meta property=\"og:site_name\" content=\"Clero\" \/>\n<meta property=\"article:published_time\" content=\"2022-07-16T11:43:53+00:00\" \/>\n<meta property=\"article:modified_time\" content=\"2022-07-20T09:17:41+00:00\" \/>\n<meta property=\"og:image\" content=\"https:\/\/www.diocesitn.it\/clero\/wp-content\/uploads\/sites\/12\/2022\/07\/vescovo_Ivan_1_web.jpg\" \/>\n\t<meta property=\"og:image:width\" content=\"1200\" \/>\n\t<meta property=\"og:image:height\" content=\"818\" \/>\n\t<meta property=\"og:image:type\" content=\"image\/jpeg\" \/>\n<meta name=\"author\" content=\"Piergiorgio Franceschini\" \/>\n<meta name=\"twitter:card\" content=\"summary_large_image\" \/>\n<meta name=\"twitter:label1\" content=\"Scritto da\" \/>\n\t<meta name=\"twitter:data1\" content=\"Piergiorgio Franceschini\" \/>\n\t<meta name=\"twitter:label2\" content=\"Tempo di lettura stimato\" \/>\n\t<meta name=\"twitter:data2\" content=\"6 minuti\" \/>\n<script type=\"application\/ld+json\" class=\"yoast-schema-graph\">{\"@context\":\"https:\/\/schema.org\",\"@graph\":[{\"@type\":\"WebPage\",\"@id\":\"https:\/\/www.diocesitn.it\/clero\/2022\/07\/16\/don-ivan-maffeis-nominato-dal-papa-vescovo-di-perugia-citta-delle-pieve-vescovo-lauro-gioia-per-la-chiesa-di-trento-don-ivan-avverto-la-sproporzione-tra-quello-che-sono\/\",\"url\":\"https:\/\/www.diocesitn.it\/clero\/2022\/07\/16\/don-ivan-maffeis-nominato-dal-papa-vescovo-di-perugia-citta-delle-pieve-vescovo-lauro-gioia-per-la-chiesa-di-trento-don-ivan-avverto-la-sproporzione-tra-quello-che-sono\/\",\"name\":\"Don Ivan Maffeis nominato dal Papa vescovo di Perugia-Citt\u00e0 delle Pieve. Vescovo Lauro: \u201cGioia per la Chiesa di Trento\u201d. Don Ivan: \u201dAvverto la sproporzione tra quello che sono e la responsabilit\u00e0 che mi \u00e8 affidata\u201d IL VIDEO DELL'ANNUNCIO - Clero\",\"isPartOf\":{\"@id\":\"https:\/\/www.diocesitn.it\/clero\/#website\"},\"datePublished\":\"2022-07-16T11:43:53+00:00\",\"dateModified\":\"2022-07-20T09:17:41+00:00\",\"author\":{\"@id\":\"https:\/\/www.diocesitn.it\/clero\/#\/schema\/person\/99590c84577873a025247b6aeb16ad2e\"},\"breadcrumb\":{\"@id\":\"https:\/\/www.diocesitn.it\/clero\/2022\/07\/16\/don-ivan-maffeis-nominato-dal-papa-vescovo-di-perugia-citta-delle-pieve-vescovo-lauro-gioia-per-la-chiesa-di-trento-don-ivan-avverto-la-sproporzione-tra-quello-che-sono\/#breadcrumb\"},\"inLanguage\":\"it-IT\",\"potentialAction\":[{\"@type\":\"ReadAction\",\"target\":[\"https:\/\/www.diocesitn.it\/clero\/2022\/07\/16\/don-ivan-maffeis-nominato-dal-papa-vescovo-di-perugia-citta-delle-pieve-vescovo-lauro-gioia-per-la-chiesa-di-trento-don-ivan-avverto-la-sproporzione-tra-quello-che-sono\/\"]}]},{\"@type\":\"BreadcrumbList\",\"@id\":\"https:\/\/www.diocesitn.it\/clero\/2022\/07\/16\/don-ivan-maffeis-nominato-dal-papa-vescovo-di-perugia-citta-delle-pieve-vescovo-lauro-gioia-per-la-chiesa-di-trento-don-ivan-avverto-la-sproporzione-tra-quello-che-sono\/#breadcrumb\",\"itemListElement\":[{\"@type\":\"ListItem\",\"position\":1,\"name\":\"Home\",\"item\":\"https:\/\/www.diocesitn.it\/clero\/\"},{\"@type\":\"ListItem\",\"position\":2,\"name\":\"Don Ivan Maffeis nominato dal Papa vescovo di Perugia-Citt\u00e0 delle Pieve. Vescovo Lauro: \u201cGioia per la Chiesa di Trento\u201d. Don Ivan: \u201dAvverto la sproporzione tra quello che sono e la responsabilit\u00e0 che mi \u00e8 affidata\u201d IL VIDEO DELL&#8217;ANNUNCIO\"}]},{\"@type\":\"WebSite\",\"@id\":\"https:\/\/www.diocesitn.it\/clero\/#website\",\"url\":\"https:\/\/www.diocesitn.it\/clero\/\",\"name\":\"Clero\",\"description\":\"Chiesa di TRENTO\",\"potentialAction\":[{\"@type\":\"SearchAction\",\"target\":{\"@type\":\"EntryPoint\",\"urlTemplate\":\"https:\/\/www.diocesitn.it\/clero\/?s={search_term_string}\"},\"query-input\":\"required name=search_term_string\"}],\"inLanguage\":\"it-IT\"},{\"@type\":\"ImageObject\",\"inLanguage\":\"it-IT\",\"@id\":\"https:\/\/www.diocesitn.it\/clero\/2022\/07\/16\/don-ivan-maffeis-nominato-dal-papa-vescovo-di-perugia-citta-delle-pieve-vescovo-lauro-gioia-per-la-chiesa-di-trento-don-ivan-avverto-la-sproporzione-tra-quello-che-sono\/#local-main-organization-logo\",\"url\":\"\",\"contentUrl\":\"\",\"caption\":\"Clero\"}]}<\/script>\n<!-- \/ Yoast SEO Premium plugin. -->","yoast_head_json":{"title":"Don Ivan Maffeis nominato dal Papa vescovo di Perugia-Citt\u00e0 delle Pieve. Vescovo Lauro: \u201cGioia per la Chiesa di Trento\u201d. Don Ivan: \u201dAvverto la sproporzione tra quello che sono e la responsabilit\u00e0 che mi \u00e8 affidata\u201d IL VIDEO DELL'ANNUNCIO - Clero","robots":{"index":"index","follow":"follow","max-snippet":"max-snippet:-1","max-image-preview":"max-image-preview:large","max-video-preview":"max-video-preview:-1"},"canonical":"https:\/\/www.diocesitn.it\/clero\/2022\/07\/16\/don-ivan-maffeis-nominato-dal-papa-vescovo-di-perugia-citta-delle-pieve-vescovo-lauro-gioia-per-la-chiesa-di-trento-don-ivan-avverto-la-sproporzione-tra-quello-che-sono\/","og_locale":"it_IT","og_type":"article","og_title":"Don Ivan Maffeis nominato dal Papa vescovo di Perugia-Citt\u00e0 delle Pieve. Vescovo Lauro: \u201cGioia per la Chiesa di Trento\u201d. Don Ivan: \u201dAvverto la sproporzione tra quello che sono e la responsabilit\u00e0 che mi \u00e8 affidata\u201d IL VIDEO DELL'ANNUNCIO","og_description":"Il sacerdote trentino don Ivan Maffeis, 58 anni, nativo di Pinzolo e attuale parroco a Rovereto San Marco \u00e8 il nuovo arcivescovo metropolita di Perugia-Citt\u00e0 della Pieve. Lo ha nominato papa Francesco. L\u2019annuncio, contestualmente alla","og_url":"https:\/\/www.diocesitn.it\/clero\/2022\/07\/16\/don-ivan-maffeis-nominato-dal-papa-vescovo-di-perugia-citta-delle-pieve-vescovo-lauro-gioia-per-la-chiesa-di-trento-don-ivan-avverto-la-sproporzione-tra-quello-che-sono\/","og_site_name":"Clero","article_published_time":"2022-07-16T11:43:53+00:00","article_modified_time":"2022-07-20T09:17:41+00:00","og_image":[{"width":1200,"height":818,"url":"https:\/\/www.diocesitn.it\/clero\/wp-content\/uploads\/sites\/12\/2022\/07\/vescovo_Ivan_1_web.jpg","type":"image\/jpeg"}],"author":"Piergiorgio Franceschini","twitter_card":"summary_large_image","twitter_misc":{"Scritto da":"Piergiorgio Franceschini","Tempo di lettura stimato":"6 minuti"},"schema":{"@context":"https:\/\/schema.org","@graph":[{"@type":"WebPage","@id":"https:\/\/www.diocesitn.it\/clero\/2022\/07\/16\/don-ivan-maffeis-nominato-dal-papa-vescovo-di-perugia-citta-delle-pieve-vescovo-lauro-gioia-per-la-chiesa-di-trento-don-ivan-avverto-la-sproporzione-tra-quello-che-sono\/","url":"https:\/\/www.diocesitn.it\/clero\/2022\/07\/16\/don-ivan-maffeis-nominato-dal-papa-vescovo-di-perugia-citta-delle-pieve-vescovo-lauro-gioia-per-la-chiesa-di-trento-don-ivan-avverto-la-sproporzione-tra-quello-che-sono\/","name":"Don Ivan Maffeis nominato dal Papa vescovo di Perugia-Citt\u00e0 delle Pieve. Vescovo Lauro: \u201cGioia per la Chiesa di Trento\u201d. Don Ivan: \u201dAvverto la sproporzione tra quello che sono e la responsabilit\u00e0 che mi \u00e8 affidata\u201d IL VIDEO DELL'ANNUNCIO - Clero","isPartOf":{"@id":"https:\/\/www.diocesitn.it\/clero\/#website"},"datePublished":"2022-07-16T11:43:53+00:00","dateModified":"2022-07-20T09:17:41+00:00","author":{"@id":"https:\/\/www.diocesitn.it\/clero\/#\/schema\/person\/99590c84577873a025247b6aeb16ad2e"},"breadcrumb":{"@id":"https:\/\/www.diocesitn.it\/clero\/2022\/07\/16\/don-ivan-maffeis-nominato-dal-papa-vescovo-di-perugia-citta-delle-pieve-vescovo-lauro-gioia-per-la-chiesa-di-trento-don-ivan-avverto-la-sproporzione-tra-quello-che-sono\/#breadcrumb"},"inLanguage":"it-IT","potentialAction":[{"@type":"ReadAction","target":["https:\/\/www.diocesitn.it\/clero\/2022\/07\/16\/don-ivan-maffeis-nominato-dal-papa-vescovo-di-perugia-citta-delle-pieve-vescovo-lauro-gioia-per-la-chiesa-di-trento-don-ivan-avverto-la-sproporzione-tra-quello-che-sono\/"]}]},{"@type":"BreadcrumbList","@id":"https:\/\/www.diocesitn.it\/clero\/2022\/07\/16\/don-ivan-maffeis-nominato-dal-papa-vescovo-di-perugia-citta-delle-pieve-vescovo-lauro-gioia-per-la-chiesa-di-trento-don-ivan-avverto-la-sproporzione-tra-quello-che-sono\/#breadcrumb","itemListElement":[{"@type":"ListItem","position":1,"name":"Home","item":"https:\/\/www.diocesitn.it\/clero\/"},{"@type":"ListItem","position":2,"name":"Don Ivan Maffeis nominato dal Papa vescovo di Perugia-Citt\u00e0 delle Pieve. Vescovo Lauro: \u201cGioia per la Chiesa di Trento\u201d. Don Ivan: \u201dAvverto la sproporzione tra quello che sono e la responsabilit\u00e0 che mi \u00e8 affidata\u201d IL VIDEO DELL&#8217;ANNUNCIO"}]},{"@type":"WebSite","@id":"https:\/\/www.diocesitn.it\/clero\/#website","url":"https:\/\/www.diocesitn.it\/clero\/","name":"Clero","description":"Chiesa di TRENTO","potentialAction":[{"@type":"SearchAction","target":{"@type":"EntryPoint","urlTemplate":"https:\/\/www.diocesitn.it\/clero\/?s={search_term_string}"},"query-input":"required name=search_term_string"}],"inLanguage":"it-IT"},{"@type":"ImageObject","inLanguage":"it-IT","@id":"https:\/\/www.diocesitn.it\/clero\/2022\/07\/16\/don-ivan-maffeis-nominato-dal-papa-vescovo-di-perugia-citta-delle-pieve-vescovo-lauro-gioia-per-la-chiesa-di-trento-don-ivan-avverto-la-sproporzione-tra-quello-che-sono\/#local-main-organization-logo","url":"","contentUrl":"","caption":"Clero"}]}},"_links":{"self":[{"href":"https:\/\/www.diocesitn.it\/clero\/wp-json\/wp\/v2\/posts\/1871","targetHints":{"allow":["GET"]}}],"collection":[{"href":"https:\/\/www.diocesitn.it\/clero\/wp-json\/wp\/v2\/posts"}],"about":[{"href":"https:\/\/www.diocesitn.it\/clero\/wp-json\/wp\/v2\/types\/post"}],"author":[{"embeddable":true,"href":"https:\/\/www.diocesitn.it\/clero\/wp-json\/wp\/v2\/users\/3"}],"replies":[{"embeddable":true,"href":"https:\/\/www.diocesitn.it\/clero\/wp-json\/wp\/v2\/comments?post=1871"}],"version-history":[{"count":3,"href":"https:\/\/www.diocesitn.it\/clero\/wp-json\/wp\/v2\/posts\/1871\/revisions"}],"predecessor-version":[{"id":1890,"href":"https:\/\/www.diocesitn.it\/clero\/wp-json\/wp\/v2\/posts\/1871\/revisions\/1890"}],"wp:attachment":[{"href":"https:\/\/www.diocesitn.it\/clero\/wp-json\/wp\/v2\/media?parent=1871"}],"wp:term":[{"taxonomy":"category","embeddable":true,"href":"https:\/\/www.diocesitn.it\/clero\/wp-json\/wp\/v2\/categories?post=1871"},{"taxonomy":"post_tag","embeddable":true,"href":"https:\/\/www.diocesitn.it\/clero\/wp-json\/wp\/v2\/tags?post=1871"}],"curies":[{"name":"wp","href":"https:\/\/api.w.org\/{rel}","templated":true}]}}