{"id":1864,"date":"2022-07-16T14:11:07","date_gmt":"2022-07-16T12:11:07","guid":{"rendered":"https:\/\/www.diocesitn.it\/clero\/2022\/07\/16\/don-ivan-vescovo-le-prime-parole-alla-chiesa-di-perugia-vengo-fra-voi-per-mettermi-in-ascolto-di-questa-preziosa-terra-di-santi-e-di-bellezza-della-quale-chiedo-con-umilta-di-divenire-figlio\/"},"modified":"2022-07-18T15:39:10","modified_gmt":"2022-07-18T13:39:10","slug":"don-ivan-vescovo-le-prime-parole-alla-chiesa-di-perugia-vengo-fra-voi-per-mettermi-in-ascolto-di-questa-preziosa-terra-di-santi-e-di-bellezza-della-quale-chiedo-con-umilta-di-divenire-figlio","status":"publish","type":"post","link":"https:\/\/www.diocesitn.it\/clero\/2022\/07\/16\/don-ivan-vescovo-le-prime-parole-alla-chiesa-di-perugia-vengo-fra-voi-per-mettermi-in-ascolto-di-questa-preziosa-terra-di-santi-e-di-bellezza-della-quale-chiedo-con-umilta-di-divenire-figlio\/","title":{"rendered":"Don Ivan vescovo, le prime parole alla Chiesa di Perugia: &#8220;Vengo fra voi per mettermi in ascolto di questa preziosa terra di santi e di bellezza, della quale chiedo con umilt\u00e0 di divenire figlio&#8221;"},"content":{"rendered":"<p><strong>L&#8217;annuncio della nomina di don Ivan Maffeis ad arcivescovo di Perugia-Citt\u00e0 della Pieve \u00e8 stato dato nella cattedrale di Perugia dal vescovo e amministratore diocesano mons. Marco Salvi alla presenza dell\u2019arcivescovo emerito, il cardinale Gualtiero Bassetti, fino a poche settimane fa Presidente della Cei e del quale don Ivan \u00e8 stato nell\u2019ultimo decennio uno dei pi\u00f9 stretti collaboratori. <\/strong><\/p>\n<p><strong>QUI LINK ALLA DIRETTA DELL&#8217;ANNUNCIO A PERUGIA:\u00a0<\/strong><\/p>\n<p><iframe loading=\"lazy\" title=\"Sar\u00e0 don Ivan Maffeis il nuovo arcivescovo della Chiesa perugino-pievese\" width=\"800\" height=\"450\" src=\"https:\/\/www.youtube.com\/embed\/LhtMs8DJB_E?feature=oembed\" frameborder=\"0\" allow=\"accelerometer; autoplay; clipboard-write; encrypted-media; gyroscope; picture-in-picture\" allowfullscreen><\/iframe><\/p>\n<p>Ecco il messaggio inviato dal vescovo nominato don Ivan Maffeis alla Chiesa di Perugia-Citt\u00e0 delle Pieve:<\/p>\n<p><em>Carissimi fratelli e sorelle della Chiesa che \u00e8 in Perugia,<\/em><\/p>\n<p><em>cara gente<\/em>,<\/p>\n<p>affido a queste semplici righe, stese con l\u2019inchiostro della speranza e della gioia, il primo contatto con voi.<\/p>\n<p>Porto nel cuore la riconoscenza per il Santo Padre, che nella sua fiducia mi affida la missione episcopale. Abbraccio il Vescovo Marco, il Card. Gualtiero e gli altri Vescovi della Regione ecclesiastica Umbria, che ho avuto modo di stimare per la comunione fraterna e la passione pastorale che li anima.<\/p>\n<p>Sono debitore grato alla mia famiglia, al paese di Pinzolo, alla Chiesa di Trento e, da ultimo, alle parrocchie di Rovereto.<\/p>\n<p>Vengo fra voi per mettermi in ascolto di questa preziosa terra di santi e di bellezza, della quale chiedo con umilt\u00e0 di divenirne figlio; vengo per amare questa Chiesa con tutte le mie forze, in un servizio di preghiera e di dedizione; vengo per condividere \u2013 alla luce del Vangelo di Ges\u00f9 Cristo \u2013 \u201cle gioie e le speranze, le tristezze e le angosce\u201d di ciascuno.<\/p>\n<p>Offro la disponibilit\u00e0 a incontrare e a lasciarmi incontrare nella maniera pi\u00f9 ampia e diretta possibile. Con un pensiero affettuoso vorrei raggiungere in particolare i presbiteri, i religiosi e le religiose; quindi, i malati e quanti, per le ragioni pi\u00f9 diverse, sono feriti dalla vita e preoccupati per il futuro. Ai rappresentanti delle Istituzioni civili assicuro il contributo della comunit\u00e0 ecclesiale nella ricerca e realizzazione del bene comune.<\/p>\n<p>Vengo sereno e fiducioso, pur nella consapevolezza della sproporzione tra ci\u00f2 che sono e la responsabilit\u00e0 che assumo: possano la vostra preghiera e la vostra fraternit\u00e0 accorciare tale distanza e aiutarci a camminare insieme.<\/p>\n<p>E allora non mi sar\u00e0 difficile far miei i sentimenti dell\u2019apostolo Barnaba che \u201cquando giunse e vide la grazia di Dio, si rallegr\u00f2 ed esortava tutti a restare, con cuore risoluto, fedeli al Signore\u201d (At 11, 23).<\/p>\n<p>L\u2019Ausiliatrice, patrona di Rovereto \u2013 che a Perugia \u00e8 venerata come Madonna delle Grazie \u2013 ci accompagner\u00e0.<\/p>\n<p>&nbsp;<\/p>\n","protected":false},"excerpt":{"rendered":"<p>L&#8217;annuncio della nomina di don Ivan Maffeis ad arcivescovo di Perugia-Citt\u00e0 della Pieve \u00e8 stato dato nella cattedrale di Perugia dal vescovo e amministratore diocesano mons. Marco Salvi alla presenza dell\u2019arcivescovo emerito, il cardinale Gualtiero<\/p>\n","protected":false},"author":3,"featured_media":1865,"comment_status":"closed","ping_status":"closed","sticky":false,"template":"","format":"standard","meta":{"footnotes":""},"categories":[346,279],"tags":[347,348,349],"class_list":["post-1864","post","type-post","status-publish","format-standard","has-post-thumbnail","hentry","category-arcivescovo-ivan","category-notizie","tag-don-ivan-maffeis","tag-perugia-citta-della-pieve","tag-vescovo-ivan-maffeis"],"acf":{"seed-localization-paese-cod":"IT","seed-localization-address":"","seed-localization-citta":"Trento","seed-localization-regione-cod-istat":"04","seed-localization-citta-cod-istat":"022205","seed-localization-localita":"","seed-localization-cap":"","seed-localization-marker-visibility":false,"seed-localization-children-visibility":false,"seed-localization-kml":"","seed-localization-custom-marker":""},"yoast_head":"<!-- This site is optimized with the Yoast SEO Premium plugin v20.2.1 (Yoast SEO v22.2) - https:\/\/yoast.com\/wordpress\/plugins\/seo\/ -->\n<title>Don Ivan vescovo, le prime parole alla Chiesa di Perugia: &quot;Vengo fra voi per mettermi in ascolto di questa preziosa terra di santi e di bellezza, della quale chiedo con umilt\u00e0 di divenire figlio&quot; - Clero<\/title>\n<meta name=\"robots\" content=\"index, follow, max-snippet:-1, max-image-preview:large, max-video-preview:-1\" \/>\n<link rel=\"canonical\" href=\"https:\/\/www.diocesitn.it\/clero\/2022\/07\/16\/don-ivan-vescovo-le-prime-parole-alla-chiesa-di-perugia-vengo-fra-voi-per-mettermi-in-ascolto-di-questa-preziosa-terra-di-santi-e-di-bellezza-della-quale-chiedo-con-umilta-di-divenire-figlio\/\" \/>\n<meta property=\"og:locale\" content=\"it_IT\" \/>\n<meta property=\"og:type\" content=\"article\" \/>\n<meta property=\"og:title\" content=\"Don Ivan vescovo, le prime parole alla Chiesa di Perugia: &quot;Vengo fra voi per mettermi in ascolto di questa preziosa terra di santi e di bellezza, della quale chiedo con umilt\u00e0 di divenire figlio&quot;\" \/>\n<meta property=\"og:description\" content=\"L&#8217;annuncio della nomina di don Ivan Maffeis ad arcivescovo di Perugia-Citt\u00e0 della Pieve \u00e8 stato dato nella cattedrale di Perugia dal vescovo e amministratore diocesano mons. Marco Salvi alla presenza dell\u2019arcivescovo emerito, il cardinale Gualtiero\" \/>\n<meta property=\"og:url\" content=\"https:\/\/www.diocesitn.it\/clero\/2022\/07\/16\/don-ivan-vescovo-le-prime-parole-alla-chiesa-di-perugia-vengo-fra-voi-per-mettermi-in-ascolto-di-questa-preziosa-terra-di-santi-e-di-bellezza-della-quale-chiedo-con-umilta-di-divenire-figlio\/\" \/>\n<meta property=\"og:site_name\" content=\"Clero\" \/>\n<meta property=\"article:published_time\" content=\"2022-07-16T12:11:07+00:00\" \/>\n<meta property=\"article:modified_time\" content=\"2022-07-18T13:39:10+00:00\" \/>\n<meta property=\"og:image\" content=\"https:\/\/www.diocesitn.it\/clero\/wp-content\/uploads\/sites\/12\/2022\/07\/VESCOVO_IVAN_INTERVISTE.jpg\" \/>\n\t<meta property=\"og:image:width\" content=\"1366\" \/>\n\t<meta property=\"og:image:height\" content=\"963\" \/>\n\t<meta property=\"og:image:type\" content=\"image\/jpeg\" \/>\n<meta name=\"author\" content=\"Piergiorgio Franceschini\" \/>\n<meta name=\"twitter:card\" content=\"summary_large_image\" \/>\n<meta name=\"twitter:label1\" content=\"Scritto da\" \/>\n\t<meta name=\"twitter:data1\" content=\"Piergiorgio Franceschini\" \/>\n\t<meta name=\"twitter:label2\" content=\"Tempo di lettura stimato\" \/>\n\t<meta name=\"twitter:data2\" content=\"3 minuti\" \/>\n<script type=\"application\/ld+json\" class=\"yoast-schema-graph\">{\"@context\":\"https:\/\/schema.org\",\"@graph\":[{\"@type\":\"WebPage\",\"@id\":\"https:\/\/www.diocesitn.it\/clero\/2022\/07\/16\/don-ivan-vescovo-le-prime-parole-alla-chiesa-di-perugia-vengo-fra-voi-per-mettermi-in-ascolto-di-questa-preziosa-terra-di-santi-e-di-bellezza-della-quale-chiedo-con-umilta-di-divenire-figlio\/\",\"url\":\"https:\/\/www.diocesitn.it\/clero\/2022\/07\/16\/don-ivan-vescovo-le-prime-parole-alla-chiesa-di-perugia-vengo-fra-voi-per-mettermi-in-ascolto-di-questa-preziosa-terra-di-santi-e-di-bellezza-della-quale-chiedo-con-umilta-di-divenire-figlio\/\",\"name\":\"Don Ivan vescovo, le prime parole alla Chiesa di Perugia: \\\"Vengo fra voi per mettermi in ascolto di questa preziosa terra di santi e di bellezza, della quale chiedo con umilt\u00e0 di divenire figlio\\\" - Clero\",\"isPartOf\":{\"@id\":\"https:\/\/www.diocesitn.it\/clero\/#website\"},\"primaryImageOfPage\":{\"@id\":\"https:\/\/www.diocesitn.it\/clero\/2022\/07\/16\/don-ivan-vescovo-le-prime-parole-alla-chiesa-di-perugia-vengo-fra-voi-per-mettermi-in-ascolto-di-questa-preziosa-terra-di-santi-e-di-bellezza-della-quale-chiedo-con-umilta-di-divenire-figlio\/#primaryimage\"},\"image\":{\"@id\":\"https:\/\/www.diocesitn.it\/clero\/2022\/07\/16\/don-ivan-vescovo-le-prime-parole-alla-chiesa-di-perugia-vengo-fra-voi-per-mettermi-in-ascolto-di-questa-preziosa-terra-di-santi-e-di-bellezza-della-quale-chiedo-con-umilta-di-divenire-figlio\/#primaryimage\"},\"thumbnailUrl\":\"https:\/\/www.diocesitn.it\/clero\/wp-content\/uploads\/sites\/12\/2022\/07\/VESCOVO_IVAN_INTERVISTE.jpg\",\"datePublished\":\"2022-07-16T12:11:07+00:00\",\"dateModified\":\"2022-07-18T13:39:10+00:00\",\"author\":{\"@id\":\"https:\/\/www.diocesitn.it\/clero\/#\/schema\/person\/99590c84577873a025247b6aeb16ad2e\"},\"breadcrumb\":{\"@id\":\"https:\/\/www.diocesitn.it\/clero\/2022\/07\/16\/don-ivan-vescovo-le-prime-parole-alla-chiesa-di-perugia-vengo-fra-voi-per-mettermi-in-ascolto-di-questa-preziosa-terra-di-santi-e-di-bellezza-della-quale-chiedo-con-umilta-di-divenire-figlio\/#breadcrumb\"},\"inLanguage\":\"it-IT\",\"potentialAction\":[{\"@type\":\"ReadAction\",\"target\":[\"https:\/\/www.diocesitn.it\/clero\/2022\/07\/16\/don-ivan-vescovo-le-prime-parole-alla-chiesa-di-perugia-vengo-fra-voi-per-mettermi-in-ascolto-di-questa-preziosa-terra-di-santi-e-di-bellezza-della-quale-chiedo-con-umilta-di-divenire-figlio\/\"]}]},{\"@type\":\"ImageObject\",\"inLanguage\":\"it-IT\",\"@id\":\"https:\/\/www.diocesitn.it\/clero\/2022\/07\/16\/don-ivan-vescovo-le-prime-parole-alla-chiesa-di-perugia-vengo-fra-voi-per-mettermi-in-ascolto-di-questa-preziosa-terra-di-santi-e-di-bellezza-della-quale-chiedo-con-umilta-di-divenire-figlio\/#primaryimage\",\"url\":\"https:\/\/www.diocesitn.it\/clero\/wp-content\/uploads\/sites\/12\/2022\/07\/VESCOVO_IVAN_INTERVISTE.jpg\",\"contentUrl\":\"https:\/\/www.diocesitn.it\/clero\/wp-content\/uploads\/sites\/12\/2022\/07\/VESCOVO_IVAN_INTERVISTE.jpg\",\"width\":1366,\"height\":963},{\"@type\":\"BreadcrumbList\",\"@id\":\"https:\/\/www.diocesitn.it\/clero\/2022\/07\/16\/don-ivan-vescovo-le-prime-parole-alla-chiesa-di-perugia-vengo-fra-voi-per-mettermi-in-ascolto-di-questa-preziosa-terra-di-santi-e-di-bellezza-della-quale-chiedo-con-umilta-di-divenire-figlio\/#breadcrumb\",\"itemListElement\":[{\"@type\":\"ListItem\",\"position\":1,\"name\":\"Home\",\"item\":\"https:\/\/www.diocesitn.it\/clero\/\"},{\"@type\":\"ListItem\",\"position\":2,\"name\":\"Don Ivan vescovo, le prime parole alla Chiesa di Perugia: &#8220;Vengo fra voi per mettermi in ascolto di questa preziosa terra di santi e di bellezza, della quale chiedo con umilt\u00e0 di divenire figlio&#8221;\"}]},{\"@type\":\"WebSite\",\"@id\":\"https:\/\/www.diocesitn.it\/clero\/#website\",\"url\":\"https:\/\/www.diocesitn.it\/clero\/\",\"name\":\"Clero\",\"description\":\"Chiesa di TRENTO\",\"potentialAction\":[{\"@type\":\"SearchAction\",\"target\":{\"@type\":\"EntryPoint\",\"urlTemplate\":\"https:\/\/www.diocesitn.it\/clero\/?s={search_term_string}\"},\"query-input\":\"required name=search_term_string\"}],\"inLanguage\":\"it-IT\"},{\"@type\":\"ImageObject\",\"inLanguage\":\"it-IT\",\"@id\":\"https:\/\/www.diocesitn.it\/clero\/2022\/07\/16\/don-ivan-vescovo-le-prime-parole-alla-chiesa-di-perugia-vengo-fra-voi-per-mettermi-in-ascolto-di-questa-preziosa-terra-di-santi-e-di-bellezza-della-quale-chiedo-con-umilta-di-divenire-figlio\/#local-main-organization-logo\",\"url\":\"\",\"contentUrl\":\"\",\"caption\":\"Clero\"}]}<\/script>\n<!-- \/ Yoast SEO Premium plugin. -->","yoast_head_json":{"title":"Don Ivan vescovo, le prime parole alla Chiesa di Perugia: \"Vengo fra voi per mettermi in ascolto di questa preziosa terra di santi e di bellezza, della quale chiedo con umilt\u00e0 di divenire figlio\" - Clero","robots":{"index":"index","follow":"follow","max-snippet":"max-snippet:-1","max-image-preview":"max-image-preview:large","max-video-preview":"max-video-preview:-1"},"canonical":"https:\/\/www.diocesitn.it\/clero\/2022\/07\/16\/don-ivan-vescovo-le-prime-parole-alla-chiesa-di-perugia-vengo-fra-voi-per-mettermi-in-ascolto-di-questa-preziosa-terra-di-santi-e-di-bellezza-della-quale-chiedo-con-umilta-di-divenire-figlio\/","og_locale":"it_IT","og_type":"article","og_title":"Don Ivan vescovo, le prime parole alla Chiesa di Perugia: \"Vengo fra voi per mettermi in ascolto di questa preziosa terra di santi e di bellezza, della quale chiedo con umilt\u00e0 di divenire figlio\"","og_description":"L&#8217;annuncio della nomina di don Ivan Maffeis ad arcivescovo di Perugia-Citt\u00e0 della Pieve \u00e8 stato dato nella cattedrale di Perugia dal vescovo e amministratore diocesano mons. Marco Salvi alla presenza dell\u2019arcivescovo emerito, il cardinale Gualtiero","og_url":"https:\/\/www.diocesitn.it\/clero\/2022\/07\/16\/don-ivan-vescovo-le-prime-parole-alla-chiesa-di-perugia-vengo-fra-voi-per-mettermi-in-ascolto-di-questa-preziosa-terra-di-santi-e-di-bellezza-della-quale-chiedo-con-umilta-di-divenire-figlio\/","og_site_name":"Clero","article_published_time":"2022-07-16T12:11:07+00:00","article_modified_time":"2022-07-18T13:39:10+00:00","og_image":[{"width":1366,"height":963,"url":"https:\/\/www.diocesitn.it\/clero\/wp-content\/uploads\/sites\/12\/2022\/07\/VESCOVO_IVAN_INTERVISTE.jpg","type":"image\/jpeg"}],"author":"Piergiorgio Franceschini","twitter_card":"summary_large_image","twitter_misc":{"Scritto da":"Piergiorgio Franceschini","Tempo di lettura stimato":"3 minuti"},"schema":{"@context":"https:\/\/schema.org","@graph":[{"@type":"WebPage","@id":"https:\/\/www.diocesitn.it\/clero\/2022\/07\/16\/don-ivan-vescovo-le-prime-parole-alla-chiesa-di-perugia-vengo-fra-voi-per-mettermi-in-ascolto-di-questa-preziosa-terra-di-santi-e-di-bellezza-della-quale-chiedo-con-umilta-di-divenire-figlio\/","url":"https:\/\/www.diocesitn.it\/clero\/2022\/07\/16\/don-ivan-vescovo-le-prime-parole-alla-chiesa-di-perugia-vengo-fra-voi-per-mettermi-in-ascolto-di-questa-preziosa-terra-di-santi-e-di-bellezza-della-quale-chiedo-con-umilta-di-divenire-figlio\/","name":"Don Ivan vescovo, le prime parole alla Chiesa di Perugia: \"Vengo fra voi per mettermi in ascolto di questa preziosa terra di santi e di bellezza, della quale chiedo con umilt\u00e0 di divenire figlio\" - Clero","isPartOf":{"@id":"https:\/\/www.diocesitn.it\/clero\/#website"},"primaryImageOfPage":{"@id":"https:\/\/www.diocesitn.it\/clero\/2022\/07\/16\/don-ivan-vescovo-le-prime-parole-alla-chiesa-di-perugia-vengo-fra-voi-per-mettermi-in-ascolto-di-questa-preziosa-terra-di-santi-e-di-bellezza-della-quale-chiedo-con-umilta-di-divenire-figlio\/#primaryimage"},"image":{"@id":"https:\/\/www.diocesitn.it\/clero\/2022\/07\/16\/don-ivan-vescovo-le-prime-parole-alla-chiesa-di-perugia-vengo-fra-voi-per-mettermi-in-ascolto-di-questa-preziosa-terra-di-santi-e-di-bellezza-della-quale-chiedo-con-umilta-di-divenire-figlio\/#primaryimage"},"thumbnailUrl":"https:\/\/www.diocesitn.it\/clero\/wp-content\/uploads\/sites\/12\/2022\/07\/VESCOVO_IVAN_INTERVISTE.jpg","datePublished":"2022-07-16T12:11:07+00:00","dateModified":"2022-07-18T13:39:10+00:00","author":{"@id":"https:\/\/www.diocesitn.it\/clero\/#\/schema\/person\/99590c84577873a025247b6aeb16ad2e"},"breadcrumb":{"@id":"https:\/\/www.diocesitn.it\/clero\/2022\/07\/16\/don-ivan-vescovo-le-prime-parole-alla-chiesa-di-perugia-vengo-fra-voi-per-mettermi-in-ascolto-di-questa-preziosa-terra-di-santi-e-di-bellezza-della-quale-chiedo-con-umilta-di-divenire-figlio\/#breadcrumb"},"inLanguage":"it-IT","potentialAction":[{"@type":"ReadAction","target":["https:\/\/www.diocesitn.it\/clero\/2022\/07\/16\/don-ivan-vescovo-le-prime-parole-alla-chiesa-di-perugia-vengo-fra-voi-per-mettermi-in-ascolto-di-questa-preziosa-terra-di-santi-e-di-bellezza-della-quale-chiedo-con-umilta-di-divenire-figlio\/"]}]},{"@type":"ImageObject","inLanguage":"it-IT","@id":"https:\/\/www.diocesitn.it\/clero\/2022\/07\/16\/don-ivan-vescovo-le-prime-parole-alla-chiesa-di-perugia-vengo-fra-voi-per-mettermi-in-ascolto-di-questa-preziosa-terra-di-santi-e-di-bellezza-della-quale-chiedo-con-umilta-di-divenire-figlio\/#primaryimage","url":"https:\/\/www.diocesitn.it\/clero\/wp-content\/uploads\/sites\/12\/2022\/07\/VESCOVO_IVAN_INTERVISTE.jpg","contentUrl":"https:\/\/www.diocesitn.it\/clero\/wp-content\/uploads\/sites\/12\/2022\/07\/VESCOVO_IVAN_INTERVISTE.jpg","width":1366,"height":963},{"@type":"BreadcrumbList","@id":"https:\/\/www.diocesitn.it\/clero\/2022\/07\/16\/don-ivan-vescovo-le-prime-parole-alla-chiesa-di-perugia-vengo-fra-voi-per-mettermi-in-ascolto-di-questa-preziosa-terra-di-santi-e-di-bellezza-della-quale-chiedo-con-umilta-di-divenire-figlio\/#breadcrumb","itemListElement":[{"@type":"ListItem","position":1,"name":"Home","item":"https:\/\/www.diocesitn.it\/clero\/"},{"@type":"ListItem","position":2,"name":"Don Ivan vescovo, le prime parole alla Chiesa di Perugia: &#8220;Vengo fra voi per mettermi in ascolto di questa preziosa terra di santi e di bellezza, della quale chiedo con umilt\u00e0 di divenire figlio&#8221;"}]},{"@type":"WebSite","@id":"https:\/\/www.diocesitn.it\/clero\/#website","url":"https:\/\/www.diocesitn.it\/clero\/","name":"Clero","description":"Chiesa di TRENTO","potentialAction":[{"@type":"SearchAction","target":{"@type":"EntryPoint","urlTemplate":"https:\/\/www.diocesitn.it\/clero\/?s={search_term_string}"},"query-input":"required name=search_term_string"}],"inLanguage":"it-IT"},{"@type":"ImageObject","inLanguage":"it-IT","@id":"https:\/\/www.diocesitn.it\/clero\/2022\/07\/16\/don-ivan-vescovo-le-prime-parole-alla-chiesa-di-perugia-vengo-fra-voi-per-mettermi-in-ascolto-di-questa-preziosa-terra-di-santi-e-di-bellezza-della-quale-chiedo-con-umilta-di-divenire-figlio\/#local-main-organization-logo","url":"","contentUrl":"","caption":"Clero"}]}},"_links":{"self":[{"href":"https:\/\/www.diocesitn.it\/clero\/wp-json\/wp\/v2\/posts\/1864","targetHints":{"allow":["GET"]}}],"collection":[{"href":"https:\/\/www.diocesitn.it\/clero\/wp-json\/wp\/v2\/posts"}],"about":[{"href":"https:\/\/www.diocesitn.it\/clero\/wp-json\/wp\/v2\/types\/post"}],"author":[{"embeddable":true,"href":"https:\/\/www.diocesitn.it\/clero\/wp-json\/wp\/v2\/users\/3"}],"replies":[{"embeddable":true,"href":"https:\/\/www.diocesitn.it\/clero\/wp-json\/wp\/v2\/comments?post=1864"}],"version-history":[{"count":0,"href":"https:\/\/www.diocesitn.it\/clero\/wp-json\/wp\/v2\/posts\/1864\/revisions"}],"wp:featuredmedia":[{"embeddable":true,"href":"https:\/\/www.diocesitn.it\/clero\/wp-json\/wp\/v2\/media\/1865"}],"wp:attachment":[{"href":"https:\/\/www.diocesitn.it\/clero\/wp-json\/wp\/v2\/media?parent=1864"}],"wp:term":[{"taxonomy":"category","embeddable":true,"href":"https:\/\/www.diocesitn.it\/clero\/wp-json\/wp\/v2\/categories?post=1864"},{"taxonomy":"post_tag","embeddable":true,"href":"https:\/\/www.diocesitn.it\/clero\/wp-json\/wp\/v2\/tags?post=1864"}],"curies":[{"name":"wp","href":"https:\/\/api.w.org\/{rel}","templated":true}]}}