{"id":1844,"date":"2022-05-11T15:05:40","date_gmt":"2022-05-11T13:05:40","guid":{"rendered":"https:\/\/www.diocesitn.it\/clero\/2022\/05\/11\/imparare-ad-abitare-la-complessita-preti-trentini-in-formazione-a-villa-moretta\/"},"modified":"2023-03-28T12:22:14","modified_gmt":"2023-03-28T10:22:14","slug":"imparare-ad-abitare-la-complessita-preti-trentini-in-formazione-a-villa-moretta","status":"publish","type":"post","link":"https:\/\/www.diocesitn.it\/clero\/2022\/05\/11\/imparare-ad-abitare-la-complessita-preti-trentini-in-formazione-a-villa-moretta\/","title":{"rendered":"Imparare ad abitare la complessit\u00e0: preti trentini nuovamente riuniti per le giornate di formazione a Villa Moretta"},"content":{"rendered":"<p>Dopo la sospensione causa pandemia, sono riprese nuovamente in presenza a <strong>Villa Moretta<\/strong> di Pergine le <strong>giornate formative del clero trentino<\/strong> (seppure in forma ridotta: tre giorni al posto della tradizionale settimana), spalmate a seconda dell&#8217;et\u00e0: 10-12 maggio per la fascia d\u2019et\u00e0 28-55 anni;\u00a020-22 giugno: fascia d\u2019et\u00e0 56-70 anni;\u00a04-6 luglio: fascia d\u2019et\u00e0 71 anni in su.<\/p>\n<p>Al centro (in ognuna delle tre proposte) il tema &#8220;<strong>Abitare la complessit\u00e0, perseverando e camminando&#8221;. <\/strong><\/p>\n<p>Alla <strong>meditazione biblica <\/strong>d&#8217;apertura curata da <strong>don Andrea Decarli <\/strong>ha fatto seguito la relazione principale dal titolo\u00a0\u201c<strong>Un modello antropologico per vivere con generativit\u00e0 il tempo presente: <\/strong><strong>i quattro codici della vita (filialit\u00e0, maternit\u00e0, paternit\u00e0, fraternit\u00e0)<\/strong>\u201d con lavori in aula (una trentina i partecipanti) e nei gruppi gestiti dal <strong>prof. Ignazio Punzi <\/strong>e dalla <strong>dott.ssa Annalisa Vicanolo <\/strong>entrambi psicologi e psicoterapeuti. La giornata conclusiva (gioved\u00ec 12 maggio per la prima tornata) propone al mattino la relazione del professor <strong>Tiziano Civettini<\/strong> (Scuola diocesana di formazione teologica) dal titolo &#8220;<strong>Nel cambiamento di epoca in atto: i numeri per interpretare il presente e le vie che si aprono per abitare il futuro<\/strong>&#8220;. La tre giorni termina con la condivisione finale in assemblea con l&#8217;<strong>arcivescovo Lauro<\/strong>, a cui sono affidate le conclusioni.<\/p>\n<div id=\"attachment_27093\" style=\"width: 566px\" class=\"wp-caption alignnone\"><img loading=\"lazy\" decoding=\"async\" aria-describedby=\"caption-attachment-27093\" class=\"wp-image-1845\" src=\"https:\/\/www.diocesitn.it\/wp-content\/uploads\/sites\/12\/2022\/05\/preti_villa_Moretta_2-300x174.jpg\" alt=\"\" width=\"556\" height=\"323\" srcset=\"https:\/\/www.diocesitn.it\/clero\/wp-content\/uploads\/sites\/12\/2022\/05\/preti_villa_Moretta_2-300x174.jpg 300w, https:\/\/www.diocesitn.it\/clero\/wp-content\/uploads\/sites\/12\/2022\/05\/preti_villa_Moretta_2-768x446.jpg 768w, https:\/\/www.diocesitn.it\/clero\/wp-content\/uploads\/sites\/12\/2022\/05\/preti_villa_Moretta_2-360x209.jpg 360w, https:\/\/www.diocesitn.it\/clero\/wp-content\/uploads\/sites\/12\/2022\/05\/preti_villa_Moretta_2.jpg 800w\" sizes=\"auto, (max-width: 556px) 100vw, 556px\" \/><p id=\"caption-attachment-27093\" class=\"wp-caption-text\">Un momento dei lavori a Villa Moretta con la dott.ssa Vicanolo<\/p><\/div>\n<p>&nbsp;<\/p>\n<p><strong>\u00a0<\/strong><\/p>\n<p>&nbsp;<\/p>\n","protected":false},"excerpt":{"rendered":"<p>Dopo la sospensione causa pandemia, sono riprese nuovamente in presenza a Villa Moretta di Pergine le giornate formative del clero trentino (seppure in forma ridotta: tre giorni al posto della tradizionale settimana), spalmate a seconda<\/p>\n","protected":false},"author":3,"featured_media":1846,"comment_status":"closed","ping_status":"closed","sticky":false,"template":"","format":"standard","meta":{"footnotes":""},"categories":[284,275,279],"tags":[],"class_list":["post-1844","post","type-post","status-publish","format-standard","has-post-thumbnail","hentry","category-arcivescovo-lauro","category-clero","category-notizie"],"acf":{"seed-localization-paese-cod":"","seed-localization-address":"","seed-localization-citta":"","seed-localization-regione-cod-istat":"","seed-localization-citta-cod-istat":"","seed-localization-localita":"","seed-localization-cap":"","seed-localization-marker-visibility":false,"seed-localization-children-visibility":false,"seed-localization-kml":"","seed-localization-custom-marker":""},"yoast_head":"<!-- This site is optimized with the Yoast SEO Premium plugin v20.2.1 (Yoast SEO v22.2) - https:\/\/yoast.com\/wordpress\/plugins\/seo\/ -->\n<title>Imparare ad abitare la complessit\u00e0: preti trentini nuovamente riuniti per le giornate di formazione a Villa Moretta - Clero<\/title>\n<meta name=\"robots\" content=\"index, follow, max-snippet:-1, max-image-preview:large, max-video-preview:-1\" \/>\n<link rel=\"canonical\" href=\"https:\/\/www.diocesitn.it\/clero\/2022\/05\/11\/imparare-ad-abitare-la-complessita-preti-trentini-in-formazione-a-villa-moretta\/\" \/>\n<meta property=\"og:locale\" content=\"it_IT\" \/>\n<meta property=\"og:type\" content=\"article\" \/>\n<meta property=\"og:title\" content=\"Imparare ad abitare la complessit\u00e0: preti trentini nuovamente riuniti per le giornate di formazione a Villa Moretta\" \/>\n<meta property=\"og:description\" content=\"Dopo la sospensione causa pandemia, sono riprese nuovamente in presenza a Villa Moretta di Pergine le giornate formative del clero trentino (seppure in forma ridotta: tre giorni al posto della tradizionale settimana), spalmate a seconda\" \/>\n<meta property=\"og:url\" content=\"https:\/\/www.diocesitn.it\/clero\/2022\/05\/11\/imparare-ad-abitare-la-complessita-preti-trentini-in-formazione-a-villa-moretta\/\" \/>\n<meta property=\"og:site_name\" content=\"Clero\" \/>\n<meta property=\"article:published_time\" content=\"2022-05-11T13:05:40+00:00\" \/>\n<meta property=\"article:modified_time\" content=\"2023-03-28T10:22:14+00:00\" \/>\n<meta property=\"og:image\" content=\"https:\/\/www.diocesitn.it\/clero\/wp-content\/uploads\/sites\/12\/2022\/05\/preti_villa_Moretta.jpg\" \/>\n\t<meta property=\"og:image:width\" content=\"800\" \/>\n\t<meta property=\"og:image:height\" content=\"522\" \/>\n\t<meta property=\"og:image:type\" content=\"image\/jpeg\" \/>\n<meta name=\"author\" content=\"Piergiorgio Franceschini\" \/>\n<meta name=\"twitter:card\" content=\"summary_large_image\" \/>\n<meta name=\"twitter:label1\" content=\"Scritto da\" \/>\n\t<meta name=\"twitter:data1\" content=\"Piergiorgio Franceschini\" \/>\n\t<meta name=\"twitter:label2\" content=\"Tempo di lettura stimato\" \/>\n\t<meta name=\"twitter:data2\" content=\"1 minuto\" \/>\n<script type=\"application\/ld+json\" class=\"yoast-schema-graph\">{\"@context\":\"https:\/\/schema.org\",\"@graph\":[{\"@type\":\"WebPage\",\"@id\":\"https:\/\/www.diocesitn.it\/clero\/2022\/05\/11\/imparare-ad-abitare-la-complessita-preti-trentini-in-formazione-a-villa-moretta\/\",\"url\":\"https:\/\/www.diocesitn.it\/clero\/2022\/05\/11\/imparare-ad-abitare-la-complessita-preti-trentini-in-formazione-a-villa-moretta\/\",\"name\":\"Imparare ad abitare la complessit\u00e0: preti trentini nuovamente riuniti per le giornate di formazione a Villa Moretta - Clero\",\"isPartOf\":{\"@id\":\"https:\/\/www.diocesitn.it\/clero\/#website\"},\"primaryImageOfPage\":{\"@id\":\"https:\/\/www.diocesitn.it\/clero\/2022\/05\/11\/imparare-ad-abitare-la-complessita-preti-trentini-in-formazione-a-villa-moretta\/#primaryimage\"},\"image\":{\"@id\":\"https:\/\/www.diocesitn.it\/clero\/2022\/05\/11\/imparare-ad-abitare-la-complessita-preti-trentini-in-formazione-a-villa-moretta\/#primaryimage\"},\"thumbnailUrl\":\"https:\/\/www.diocesitn.it\/clero\/wp-content\/uploads\/sites\/12\/2022\/05\/preti_villa_Moretta.jpg\",\"datePublished\":\"2022-05-11T13:05:40+00:00\",\"dateModified\":\"2023-03-28T10:22:14+00:00\",\"author\":{\"@id\":\"https:\/\/www.diocesitn.it\/clero\/#\/schema\/person\/99590c84577873a025247b6aeb16ad2e\"},\"breadcrumb\":{\"@id\":\"https:\/\/www.diocesitn.it\/clero\/2022\/05\/11\/imparare-ad-abitare-la-complessita-preti-trentini-in-formazione-a-villa-moretta\/#breadcrumb\"},\"inLanguage\":\"it-IT\",\"potentialAction\":[{\"@type\":\"ReadAction\",\"target\":[\"https:\/\/www.diocesitn.it\/clero\/2022\/05\/11\/imparare-ad-abitare-la-complessita-preti-trentini-in-formazione-a-villa-moretta\/\"]}]},{\"@type\":\"ImageObject\",\"inLanguage\":\"it-IT\",\"@id\":\"https:\/\/www.diocesitn.it\/clero\/2022\/05\/11\/imparare-ad-abitare-la-complessita-preti-trentini-in-formazione-a-villa-moretta\/#primaryimage\",\"url\":\"https:\/\/www.diocesitn.it\/clero\/wp-content\/uploads\/sites\/12\/2022\/05\/preti_villa_Moretta.jpg\",\"contentUrl\":\"https:\/\/www.diocesitn.it\/clero\/wp-content\/uploads\/sites\/12\/2022\/05\/preti_villa_Moretta.jpg\",\"width\":800,\"height\":522},{\"@type\":\"BreadcrumbList\",\"@id\":\"https:\/\/www.diocesitn.it\/clero\/2022\/05\/11\/imparare-ad-abitare-la-complessita-preti-trentini-in-formazione-a-villa-moretta\/#breadcrumb\",\"itemListElement\":[{\"@type\":\"ListItem\",\"position\":1,\"name\":\"Home\",\"item\":\"https:\/\/www.diocesitn.it\/clero\/\"},{\"@type\":\"ListItem\",\"position\":2,\"name\":\"Imparare ad abitare la complessit\u00e0: preti trentini nuovamente riuniti per le giornate di formazione a Villa Moretta\"}]},{\"@type\":\"WebSite\",\"@id\":\"https:\/\/www.diocesitn.it\/clero\/#website\",\"url\":\"https:\/\/www.diocesitn.it\/clero\/\",\"name\":\"Clero\",\"description\":\"Chiesa di TRENTO\",\"potentialAction\":[{\"@type\":\"SearchAction\",\"target\":{\"@type\":\"EntryPoint\",\"urlTemplate\":\"https:\/\/www.diocesitn.it\/clero\/?s={search_term_string}\"},\"query-input\":\"required name=search_term_string\"}],\"inLanguage\":\"it-IT\"},{\"@type\":\"ImageObject\",\"inLanguage\":\"it-IT\",\"@id\":\"https:\/\/www.diocesitn.it\/clero\/2022\/05\/11\/imparare-ad-abitare-la-complessita-preti-trentini-in-formazione-a-villa-moretta\/#local-main-organization-logo\",\"url\":\"\",\"contentUrl\":\"\",\"caption\":\"Clero\"}]}<\/script>\n<!-- \/ Yoast SEO Premium plugin. -->","yoast_head_json":{"title":"Imparare ad abitare la complessit\u00e0: preti trentini nuovamente riuniti per le giornate di formazione a Villa Moretta - Clero","robots":{"index":"index","follow":"follow","max-snippet":"max-snippet:-1","max-image-preview":"max-image-preview:large","max-video-preview":"max-video-preview:-1"},"canonical":"https:\/\/www.diocesitn.it\/clero\/2022\/05\/11\/imparare-ad-abitare-la-complessita-preti-trentini-in-formazione-a-villa-moretta\/","og_locale":"it_IT","og_type":"article","og_title":"Imparare ad abitare la complessit\u00e0: preti trentini nuovamente riuniti per le giornate di formazione a Villa Moretta","og_description":"Dopo la sospensione causa pandemia, sono riprese nuovamente in presenza a Villa Moretta di Pergine le giornate formative del clero trentino (seppure in forma ridotta: tre giorni al posto della tradizionale settimana), spalmate a seconda","og_url":"https:\/\/www.diocesitn.it\/clero\/2022\/05\/11\/imparare-ad-abitare-la-complessita-preti-trentini-in-formazione-a-villa-moretta\/","og_site_name":"Clero","article_published_time":"2022-05-11T13:05:40+00:00","article_modified_time":"2023-03-28T10:22:14+00:00","og_image":[{"width":800,"height":522,"url":"https:\/\/www.diocesitn.it\/clero\/wp-content\/uploads\/sites\/12\/2022\/05\/preti_villa_Moretta.jpg","type":"image\/jpeg"}],"author":"Piergiorgio Franceschini","twitter_card":"summary_large_image","twitter_misc":{"Scritto da":"Piergiorgio Franceschini","Tempo di lettura stimato":"1 minuto"},"schema":{"@context":"https:\/\/schema.org","@graph":[{"@type":"WebPage","@id":"https:\/\/www.diocesitn.it\/clero\/2022\/05\/11\/imparare-ad-abitare-la-complessita-preti-trentini-in-formazione-a-villa-moretta\/","url":"https:\/\/www.diocesitn.it\/clero\/2022\/05\/11\/imparare-ad-abitare-la-complessita-preti-trentini-in-formazione-a-villa-moretta\/","name":"Imparare ad abitare la complessit\u00e0: preti trentini nuovamente riuniti per le giornate di formazione a Villa Moretta - Clero","isPartOf":{"@id":"https:\/\/www.diocesitn.it\/clero\/#website"},"primaryImageOfPage":{"@id":"https:\/\/www.diocesitn.it\/clero\/2022\/05\/11\/imparare-ad-abitare-la-complessita-preti-trentini-in-formazione-a-villa-moretta\/#primaryimage"},"image":{"@id":"https:\/\/www.diocesitn.it\/clero\/2022\/05\/11\/imparare-ad-abitare-la-complessita-preti-trentini-in-formazione-a-villa-moretta\/#primaryimage"},"thumbnailUrl":"https:\/\/www.diocesitn.it\/clero\/wp-content\/uploads\/sites\/12\/2022\/05\/preti_villa_Moretta.jpg","datePublished":"2022-05-11T13:05:40+00:00","dateModified":"2023-03-28T10:22:14+00:00","author":{"@id":"https:\/\/www.diocesitn.it\/clero\/#\/schema\/person\/99590c84577873a025247b6aeb16ad2e"},"breadcrumb":{"@id":"https:\/\/www.diocesitn.it\/clero\/2022\/05\/11\/imparare-ad-abitare-la-complessita-preti-trentini-in-formazione-a-villa-moretta\/#breadcrumb"},"inLanguage":"it-IT","potentialAction":[{"@type":"ReadAction","target":["https:\/\/www.diocesitn.it\/clero\/2022\/05\/11\/imparare-ad-abitare-la-complessita-preti-trentini-in-formazione-a-villa-moretta\/"]}]},{"@type":"ImageObject","inLanguage":"it-IT","@id":"https:\/\/www.diocesitn.it\/clero\/2022\/05\/11\/imparare-ad-abitare-la-complessita-preti-trentini-in-formazione-a-villa-moretta\/#primaryimage","url":"https:\/\/www.diocesitn.it\/clero\/wp-content\/uploads\/sites\/12\/2022\/05\/preti_villa_Moretta.jpg","contentUrl":"https:\/\/www.diocesitn.it\/clero\/wp-content\/uploads\/sites\/12\/2022\/05\/preti_villa_Moretta.jpg","width":800,"height":522},{"@type":"BreadcrumbList","@id":"https:\/\/www.diocesitn.it\/clero\/2022\/05\/11\/imparare-ad-abitare-la-complessita-preti-trentini-in-formazione-a-villa-moretta\/#breadcrumb","itemListElement":[{"@type":"ListItem","position":1,"name":"Home","item":"https:\/\/www.diocesitn.it\/clero\/"},{"@type":"ListItem","position":2,"name":"Imparare ad abitare la complessit\u00e0: preti trentini nuovamente riuniti per le giornate di formazione a Villa Moretta"}]},{"@type":"WebSite","@id":"https:\/\/www.diocesitn.it\/clero\/#website","url":"https:\/\/www.diocesitn.it\/clero\/","name":"Clero","description":"Chiesa di TRENTO","potentialAction":[{"@type":"SearchAction","target":{"@type":"EntryPoint","urlTemplate":"https:\/\/www.diocesitn.it\/clero\/?s={search_term_string}"},"query-input":"required name=search_term_string"}],"inLanguage":"it-IT"},{"@type":"ImageObject","inLanguage":"it-IT","@id":"https:\/\/www.diocesitn.it\/clero\/2022\/05\/11\/imparare-ad-abitare-la-complessita-preti-trentini-in-formazione-a-villa-moretta\/#local-main-organization-logo","url":"","contentUrl":"","caption":"Clero"}]}},"_links":{"self":[{"href":"https:\/\/www.diocesitn.it\/clero\/wp-json\/wp\/v2\/posts\/1844","targetHints":{"allow":["GET"]}}],"collection":[{"href":"https:\/\/www.diocesitn.it\/clero\/wp-json\/wp\/v2\/posts"}],"about":[{"href":"https:\/\/www.diocesitn.it\/clero\/wp-json\/wp\/v2\/types\/post"}],"author":[{"embeddable":true,"href":"https:\/\/www.diocesitn.it\/clero\/wp-json\/wp\/v2\/users\/3"}],"replies":[{"embeddable":true,"href":"https:\/\/www.diocesitn.it\/clero\/wp-json\/wp\/v2\/comments?post=1844"}],"version-history":[{"count":3,"href":"https:\/\/www.diocesitn.it\/clero\/wp-json\/wp\/v2\/posts\/1844\/revisions"}],"predecessor-version":[{"id":1853,"href":"https:\/\/www.diocesitn.it\/clero\/wp-json\/wp\/v2\/posts\/1844\/revisions\/1853"}],"wp:featuredmedia":[{"embeddable":true,"href":"https:\/\/www.diocesitn.it\/clero\/wp-json\/wp\/v2\/media\/1846"}],"wp:attachment":[{"href":"https:\/\/www.diocesitn.it\/clero\/wp-json\/wp\/v2\/media?parent=1844"}],"wp:term":[{"taxonomy":"category","embeddable":true,"href":"https:\/\/www.diocesitn.it\/clero\/wp-json\/wp\/v2\/categories?post=1844"},{"taxonomy":"post_tag","embeddable":true,"href":"https:\/\/www.diocesitn.it\/clero\/wp-json\/wp\/v2\/tags?post=1844"}],"curies":[{"name":"wp","href":"https:\/\/api.w.org\/{rel}","templated":true}]}}