{"id":1763,"date":"2022-01-10T10:13:38","date_gmt":"2022-01-10T09:13:38","guid":{"rendered":"https:\/\/www.diocesitn.it\/clero\/2022\/01\/10\/vescovo-lauro-conferisce-ministero-di-lettore-a-tre-seminaristi-e-due-candidati-al-diaconato-dio-mi-dice-sei-amato-e-cosi-mi-riscatta-dalla-paura\/"},"modified":"2023-09-25T11:42:47","modified_gmt":"2023-09-25T09:42:47","slug":"vescovo-lauro-conferisce-ministero-di-lettore-a-tre-seminaristi-e-due-candidati-al-diaconato-dio-mi-dice-sei-amato-e-cosi-mi-riscatta-dalla-paura","status":"publish","type":"post","link":"https:\/\/www.diocesitn.it\/clero\/2022\/01\/10\/vescovo-lauro-conferisce-ministero-di-lettore-a-tre-seminaristi-e-due-candidati-al-diaconato-dio-mi-dice-sei-amato-e-cosi-mi-riscatta-dalla-paura\/","title":{"rendered":"Vescovo Lauro conferisce ministero di Lettore a tre seminaristi e due candidati al diaconato. &#8220;Dio mi dice &#8216;sei amato&#8217; e cos\u00ec mi riscatta dalla paura&#8221;"},"content":{"rendered":"<p>&#8220;Ogni giorno di pi\u00f9 dico: <strong>per fortuna che c\u2019\u00e8 Ges\u00f9 di Nazareth<\/strong>, <strong>Dio meraviglioso che mi dice &#8216;sei amato&#8217; e cos\u00ec mi riscatta dalla paura!<\/strong>&#8220;. Vibrano le navate della chiesa del Santissimo a Trento durante l&#8217;appassionata (e commossa) omelia dell&#8217;arcivescovo Lauro alla Messa, nel pomeriggio di <strong>domenica 9 gennaio<\/strong>, festa del <strong>Battesimo di Ges\u00f9<\/strong>, per il conferimento del <strong>ministero di Lettore<\/strong> a tre giovani del seminario diocesano e due candidati al diaconato permanente. Davanti a don Lauro si presentano i seminaristi <strong>Alberto Bolognani<\/strong> di Vigo Cavedine, <strong>Filippo Zanetti<\/strong> di Darzo e <strong>Federico Mattivi<\/strong> di Pergine e due adulti destinati a diventare diaconi permanenti: <strong>Ettore Barion<\/strong> di Torbole e <strong>Antonio Caproni<\/strong> della parrocchia di San Marco di Rovereto.<\/p>\n<h5><em>\u201cTu sei il Figlio mio, l\u2019amato.\u201d<\/em><\/h5>\n<p>In avvio dell&#8217;omelia don Lauro si concentra sull&#8217;innegabile <strong>difformit\u00e0 tra persone reali e i loro profili digitali<\/strong> <strong>sui social<\/strong>, per arrivare a chiedersi: &#8220;<strong>perch\u00e9 questo mondo appare tanto seducente?<\/strong>&#8220;. &#8220;La risposta &#8211; sottolinea l&#8217;Arcivescovo guardando alla scena del Battesimo sul Giordano &#8211; mi pare di trovarla in quel cielo aperto da cui esce la voce: <strong>\u201cTu sei il Figlio mio, l\u2019amato.\u201d <\/strong>&#8220;La seduzione per il virtuale, dove poter smontare e rimontare continuamente la nostra immagine e i nostri profili, \u00e8 figlia &#8211; argomenta don Lauro &#8211; di quel non sentirci amati che \u00e8 il male oscuro della nostra vita. Solo chi \u00e8 amato ha una vera identit\u00e0&#8221;. E l&#8217;Arcivescovo aggiunge: &#8220;Lo dico in modo accorato,<strong> quest\u2019uomo angosciato e disperato ha bisogno come il pane di ritrovare il meraviglioso Dio di Ges\u00f9,<\/strong> <strong>di ascoltare nuovamente la voce del Padre<\/strong> che assicura: in quel Figlio amato appare il nome di ogni uomo e di ogni donna, per sempre amati&#8221;.<\/p>\n<p>AI nuovi Lettori, don Lauro affida il &#8220;compito di annunciare la Parola di Dio&#8221;, ma ad una condizione: &#8220;<strong>lo potrete fare in modo efficace <\/strong>&#8211; sottolinea monsignor Tisi -, <strong>solamente se saprete dimorare e abitare nella splendida umanit\u00e0 di Ges\u00f9&#8221;.\u00a0<\/strong><\/p>\n<p><a href=\"https:\/\/www.diocesitn.it\/wp-content\/uploads\/sites\/12\/2022\/01\/2022-01-09-Omelia-festa-del-Battesimo-di-Gesu.docx\"><strong>TESTO OMELIA<\/strong><\/a><\/p>\n<p>FOTO: Giuseppe Mihelcic<\/p>\n\n\n\t\t<style type='text\/css'>\n\n\t\t\t\/* PhotoSwipe Plugin *\/\n\t\t\t.psgal {\n\t\t\t\tmargin: auto;\n\t\t\t\tpadding-bottom:40px;\n\n\t\t\t\t-webkit-transition: all 0.4s ease;\n\t\t\t\t-moz-transition: all 0.4s ease;\n\t\t\t\t-o-transition: all 0.4s ease;\n\t\t\t\ttransition: all 0.4s ease;\n\t\t\t}\n\n\t\t\t.psgal figure {\n\t\t\t\tfloat: left;\n\t\t\t\ttext-align: center;\n    \t\t\twidth: 200px;\n                max-width: 50%;\n\t\t\t\tpadding:5px;\n\t\t\t\tmargin: 0px;\n\t\t\t\tbox-sizing:border-box;\n\t\t\t}\n\t\t\t.psgal a{\n\t\t\t\tdisplay:block;\n\t\t\t}\n\t\t\t.psgal figure figcaption{\n\t\t\t\tfont-size:13px;\n\t\t\t}\n\n\t\t\t.msnry{\n\t\t\t\tmargin:auto;\n\t\t\t}\n\t\t\t.pswp__caption__center{\n\t\t\t\ttext-align: center;\n\t\t\t}\n\t\t\t\n\n\t\t\t.photoswipe-gallery-caption{\n\t\t\t\tdisplay:none;\n\t\t\t}\n\n\t\t\t\n\t\t<\/style> <div style=\"clear:both\"><\/div>\n\n\t\t<div id=\"psgal_1763_1\" class=\"ps-gallery psgal gallery-columns-3 gallery-size-thumbnail\" itemscope itemtype=\"http:\/\/schema.org\/ImageGallery\" >\n\t\t\t\t<figure class=\"msnry_item\" itemscope itemtype=\"http:\/\/schema.org\/ImageObject\">\n\t\t\t\t\t<a href=\"https:\/\/www.diocesitn.it\/clero\/wp-content\/uploads\/sites\/12\/2022\/01\/ministeri_gennaio_2022_5-1024x768.jpg\"\n\t\t\t\t\titemprop=\"contentUrl\"\n\t\t\t\t\tdata-pswp-width=\"800\" \n\t\t\t\t    data-pswp-height=\"600\" \n\t\t\t\t    data-cropped=\"true\"\n\t\t\t\t\tdata-caption=\"\"\n\t\t\t\t\tclass=\"post-thumbnail-image-link container-fixed-aspect-ratio__16-9\">\n\t\t\t\t        <img src=https:\/\/www.diocesitn.it\/clero\/wp-content\/uploads\/sites\/12\/2022\/01\/ministeri_gennaio_2022_5-300x225.jpg itemprop=\"thumbnail\" alt=\"\"  \/>\n\t\t\t\t    <\/a>\n\t\t\t\t    <figcaption class=\"photoswipe-gallery-caption\" ><\/figcaption>\n\t\t\t    <\/figure>\n\t\t\t\t\n\t\t\t\t<figure class=\"msnry_item\" itemscope itemtype=\"http:\/\/schema.org\/ImageObject\">\n\t\t\t\t\t<a href=\"https:\/\/www.diocesitn.it\/clero\/wp-content\/uploads\/sites\/12\/2022\/01\/ministeri_gennaio_2022_2-1024x768.jpg\"\n\t\t\t\t\titemprop=\"contentUrl\"\n\t\t\t\t\tdata-pswp-width=\"800\" \n\t\t\t\t    data-pswp-height=\"600\" \n\t\t\t\t    data-cropped=\"true\"\n\t\t\t\t\tdata-caption=\"\"\n\t\t\t\t\tclass=\"post-thumbnail-image-link container-fixed-aspect-ratio__16-9\">\n\t\t\t\t        <img src=https:\/\/www.diocesitn.it\/clero\/wp-content\/uploads\/sites\/12\/2022\/01\/ministeri_gennaio_2022_2-300x225.jpg itemprop=\"thumbnail\" alt=\"\"  \/>\n\t\t\t\t    <\/a>\n\t\t\t\t    <figcaption class=\"photoswipe-gallery-caption\" ><\/figcaption>\n\t\t\t    <\/figure>\n\t\t\t\t\n\t\t\t\t<figure class=\"msnry_item\" itemscope itemtype=\"http:\/\/schema.org\/ImageObject\">\n\t\t\t\t\t<a href=\"https:\/\/www.diocesitn.it\/clero\/wp-content\/uploads\/sites\/12\/2022\/01\/ministeri_gennaio_2022_1-1024x768.jpg\"\n\t\t\t\t\titemprop=\"contentUrl\"\n\t\t\t\t\tdata-pswp-width=\"800\" \n\t\t\t\t    data-pswp-height=\"600\" \n\t\t\t\t    data-cropped=\"true\"\n\t\t\t\t\tdata-caption=\"\"\n\t\t\t\t\tclass=\"post-thumbnail-image-link container-fixed-aspect-ratio__16-9\">\n\t\t\t\t        <img src=https:\/\/www.diocesitn.it\/clero\/wp-content\/uploads\/sites\/12\/2022\/01\/ministeri_gennaio_2022_1-300x225.jpg itemprop=\"thumbnail\" alt=\"\"  \/>\n\t\t\t\t    <\/a>\n\t\t\t\t    <figcaption class=\"photoswipe-gallery-caption\" ><\/figcaption>\n\t\t\t    <\/figure>\n\t\t\t\t\n\t\t\t\t<figure class=\"msnry_item\" itemscope itemtype=\"http:\/\/schema.org\/ImageObject\">\n\t\t\t\t\t<a href=\"https:\/\/www.diocesitn.it\/clero\/wp-content\/uploads\/sites\/12\/2022\/01\/ministeri_gennaio_2022_6-1024x768.jpg\"\n\t\t\t\t\titemprop=\"contentUrl\"\n\t\t\t\t\tdata-pswp-width=\"800\" \n\t\t\t\t    data-pswp-height=\"600\" \n\t\t\t\t    data-cropped=\"true\"\n\t\t\t\t\tdata-caption=\"\"\n\t\t\t\t\tclass=\"post-thumbnail-image-link container-fixed-aspect-ratio__16-9\">\n\t\t\t\t        <img src=https:\/\/www.diocesitn.it\/clero\/wp-content\/uploads\/sites\/12\/2022\/01\/ministeri_gennaio_2022_6-300x225.jpg itemprop=\"thumbnail\" alt=\"\"  \/>\n\t\t\t\t    <\/a>\n\t\t\t\t    <figcaption class=\"photoswipe-gallery-caption\" ><\/figcaption>\n\t\t\t    <\/figure>\n\t\t\t\t\n\t\t\t\t<figure class=\"msnry_item\" itemscope itemtype=\"http:\/\/schema.org\/ImageObject\">\n\t\t\t\t\t<a href=\"https:\/\/www.diocesitn.it\/clero\/wp-content\/uploads\/sites\/12\/2022\/01\/ministeri_gennaio_2022_4-1024x768.jpg\"\n\t\t\t\t\titemprop=\"contentUrl\"\n\t\t\t\t\tdata-pswp-width=\"800\" \n\t\t\t\t    data-pswp-height=\"600\" \n\t\t\t\t    data-cropped=\"true\"\n\t\t\t\t\tdata-caption=\"\"\n\t\t\t\t\tclass=\"post-thumbnail-image-link container-fixed-aspect-ratio__16-9\">\n\t\t\t\t        <img src=https:\/\/www.diocesitn.it\/clero\/wp-content\/uploads\/sites\/12\/2022\/01\/ministeri_gennaio_2022_4-300x225.jpg itemprop=\"thumbnail\" alt=\"\"  \/>\n\t\t\t\t    <\/a>\n\t\t\t\t    <figcaption class=\"photoswipe-gallery-caption\" ><\/figcaption>\n\t\t\t    <\/figure>\n\t\t\t\t\n\t\t\t\t<figure class=\"msnry_item\" itemscope itemtype=\"http:\/\/schema.org\/ImageObject\">\n\t\t\t\t\t<a href=\"https:\/\/www.diocesitn.it\/clero\/wp-content\/uploads\/sites\/12\/2022\/01\/ministeri_gennaio_2022_3-1024x768.jpg\"\n\t\t\t\t\titemprop=\"contentUrl\"\n\t\t\t\t\tdata-pswp-width=\"800\" \n\t\t\t\t    data-pswp-height=\"600\" \n\t\t\t\t    data-cropped=\"true\"\n\t\t\t\t\tdata-caption=\"\"\n\t\t\t\t\tclass=\"post-thumbnail-image-link container-fixed-aspect-ratio__16-9\">\n\t\t\t\t        <img src=https:\/\/www.diocesitn.it\/clero\/wp-content\/uploads\/sites\/12\/2022\/01\/ministeri_gennaio_2022_3-300x225.jpg itemprop=\"thumbnail\" alt=\"\"  \/>\n\t\t\t\t    <\/a>\n\t\t\t\t    <figcaption class=\"photoswipe-gallery-caption\" ><\/figcaption>\n\t\t\t    <\/figure>\n\t\t\t\t<\/div>\n\t\t<div style='clear:both'><\/div>\n\t\n<p>&nbsp;<\/p>\n<p>&nbsp;<\/p>\n<p>&nbsp;<\/p>\n<p>&nbsp;<\/p>\n","protected":false},"excerpt":{"rendered":"<p>&#8220;Ogni giorno di pi\u00f9 dico: per fortuna che c\u2019\u00e8 Ges\u00f9 di Nazareth, Dio meraviglioso che mi dice &#8216;sei amato&#8217; e cos\u00ec mi riscatta dalla paura!&#8220;. Vibrano le navate della chiesa del Santissimo a Trento durante<\/p>\n","protected":false},"author":3,"featured_media":1768,"comment_status":"closed","ping_status":"closed","sticky":false,"template":"","format":"standard","meta":{"footnotes":""},"categories":[284,338,279,339],"tags":[340,341,342,343],"class_list":["post-1763","post","type-post","status-publish","format-standard","has-post-thumbnail","hentry","category-arcivescovo-lauro","category-diaconi-permanenti","category-notizie","category-seminario","tag-diaconi-permanenti","tag-diaconi-permanenti-diocesi-di-trento","tag-ministeri-lettori","tag-seminario-diocesano-trento"],"acf":{"seed-localization-paese-cod":"IT","seed-localization-address":"","seed-localization-citta":"Trento","seed-localization-regione-cod-istat":"04","seed-localization-citta-cod-istat":"022205","seed-localization-localita":"","seed-localization-cap":"","seed-localization-marker-visibility":false,"seed-localization-children-visibility":false,"seed-localization-kml":"","seed-localization-custom-marker":""},"yoast_head":"<!-- This site is optimized with the Yoast SEO Premium plugin v20.2.1 (Yoast SEO v22.2) - https:\/\/yoast.com\/wordpress\/plugins\/seo\/ -->\n<title>Vescovo Lauro conferisce ministero di Lettore a tre seminaristi e due candidati al diaconato. &quot;Dio mi dice &#039;sei amato&#039; e cos\u00ec mi riscatta dalla paura&quot; - Clero<\/title>\n<meta name=\"robots\" content=\"index, follow, max-snippet:-1, max-image-preview:large, max-video-preview:-1\" \/>\n<link rel=\"canonical\" href=\"https:\/\/www.diocesitn.it\/clero\/2022\/01\/10\/vescovo-lauro-conferisce-ministero-di-lettore-a-tre-seminaristi-e-due-candidati-al-diaconato-dio-mi-dice-sei-amato-e-cosi-mi-riscatta-dalla-paura\/\" \/>\n<meta property=\"og:locale\" content=\"it_IT\" \/>\n<meta property=\"og:type\" content=\"article\" \/>\n<meta property=\"og:title\" content=\"Vescovo Lauro conferisce ministero di Lettore a tre seminaristi e due candidati al diaconato. &quot;Dio mi dice &#039;sei amato&#039; e cos\u00ec mi riscatta dalla paura&quot;\" \/>\n<meta property=\"og:description\" content=\"&#8220;Ogni giorno di pi\u00f9 dico: per fortuna che c\u2019\u00e8 Ges\u00f9 di Nazareth, Dio meraviglioso che mi dice &#8216;sei amato&#8217; e cos\u00ec mi riscatta dalla paura!&#8220;. Vibrano le navate della chiesa del Santissimo a Trento durante\" \/>\n<meta property=\"og:url\" content=\"https:\/\/www.diocesitn.it\/clero\/2022\/01\/10\/vescovo-lauro-conferisce-ministero-di-lettore-a-tre-seminaristi-e-due-candidati-al-diaconato-dio-mi-dice-sei-amato-e-cosi-mi-riscatta-dalla-paura\/\" \/>\n<meta property=\"og:site_name\" content=\"Clero\" \/>\n<meta property=\"article:published_time\" content=\"2022-01-10T09:13:38+00:00\" \/>\n<meta property=\"article:modified_time\" content=\"2023-09-25T09:42:47+00:00\" \/>\n<meta property=\"og:image\" content=\"https:\/\/www.diocesitn.it\/clero\/wp-content\/uploads\/sites\/12\/2022\/01\/ministeri_gennaio_2022_1.jpg\" \/>\n\t<meta property=\"og:image:width\" content=\"1672\" \/>\n\t<meta property=\"og:image:height\" content=\"1254\" \/>\n\t<meta property=\"og:image:type\" content=\"image\/jpeg\" \/>\n<meta name=\"author\" content=\"Piergiorgio Franceschini\" \/>\n<meta name=\"twitter:card\" content=\"summary_large_image\" \/>\n<meta name=\"twitter:label1\" content=\"Scritto da\" \/>\n\t<meta name=\"twitter:data1\" content=\"Piergiorgio Franceschini\" \/>\n\t<meta name=\"twitter:label2\" content=\"Tempo di lettura stimato\" \/>\n\t<meta name=\"twitter:data2\" content=\"2 minuti\" \/>\n<script type=\"application\/ld+json\" class=\"yoast-schema-graph\">{\"@context\":\"https:\/\/schema.org\",\"@graph\":[{\"@type\":\"WebPage\",\"@id\":\"https:\/\/www.diocesitn.it\/clero\/2022\/01\/10\/vescovo-lauro-conferisce-ministero-di-lettore-a-tre-seminaristi-e-due-candidati-al-diaconato-dio-mi-dice-sei-amato-e-cosi-mi-riscatta-dalla-paura\/\",\"url\":\"https:\/\/www.diocesitn.it\/clero\/2022\/01\/10\/vescovo-lauro-conferisce-ministero-di-lettore-a-tre-seminaristi-e-due-candidati-al-diaconato-dio-mi-dice-sei-amato-e-cosi-mi-riscatta-dalla-paura\/\",\"name\":\"Vescovo Lauro conferisce ministero di Lettore a tre seminaristi e due candidati al diaconato. \\\"Dio mi dice 'sei amato' e cos\u00ec mi riscatta dalla paura\\\" - Clero\",\"isPartOf\":{\"@id\":\"https:\/\/www.diocesitn.it\/clero\/#website\"},\"primaryImageOfPage\":{\"@id\":\"https:\/\/www.diocesitn.it\/clero\/2022\/01\/10\/vescovo-lauro-conferisce-ministero-di-lettore-a-tre-seminaristi-e-due-candidati-al-diaconato-dio-mi-dice-sei-amato-e-cosi-mi-riscatta-dalla-paura\/#primaryimage\"},\"image\":{\"@id\":\"https:\/\/www.diocesitn.it\/clero\/2022\/01\/10\/vescovo-lauro-conferisce-ministero-di-lettore-a-tre-seminaristi-e-due-candidati-al-diaconato-dio-mi-dice-sei-amato-e-cosi-mi-riscatta-dalla-paura\/#primaryimage\"},\"thumbnailUrl\":\"https:\/\/www.diocesitn.it\/clero\/wp-content\/uploads\/sites\/12\/2022\/01\/ministeri_gennaio_2022_1.jpg\",\"datePublished\":\"2022-01-10T09:13:38+00:00\",\"dateModified\":\"2023-09-25T09:42:47+00:00\",\"author\":{\"@id\":\"https:\/\/www.diocesitn.it\/clero\/#\/schema\/person\/99590c84577873a025247b6aeb16ad2e\"},\"breadcrumb\":{\"@id\":\"https:\/\/www.diocesitn.it\/clero\/2022\/01\/10\/vescovo-lauro-conferisce-ministero-di-lettore-a-tre-seminaristi-e-due-candidati-al-diaconato-dio-mi-dice-sei-amato-e-cosi-mi-riscatta-dalla-paura\/#breadcrumb\"},\"inLanguage\":\"it-IT\",\"potentialAction\":[{\"@type\":\"ReadAction\",\"target\":[\"https:\/\/www.diocesitn.it\/clero\/2022\/01\/10\/vescovo-lauro-conferisce-ministero-di-lettore-a-tre-seminaristi-e-due-candidati-al-diaconato-dio-mi-dice-sei-amato-e-cosi-mi-riscatta-dalla-paura\/\"]}]},{\"@type\":\"ImageObject\",\"inLanguage\":\"it-IT\",\"@id\":\"https:\/\/www.diocesitn.it\/clero\/2022\/01\/10\/vescovo-lauro-conferisce-ministero-di-lettore-a-tre-seminaristi-e-due-candidati-al-diaconato-dio-mi-dice-sei-amato-e-cosi-mi-riscatta-dalla-paura\/#primaryimage\",\"url\":\"https:\/\/www.diocesitn.it\/clero\/wp-content\/uploads\/sites\/12\/2022\/01\/ministeri_gennaio_2022_1.jpg\",\"contentUrl\":\"https:\/\/www.diocesitn.it\/clero\/wp-content\/uploads\/sites\/12\/2022\/01\/ministeri_gennaio_2022_1.jpg\",\"width\":1672,\"height\":1254},{\"@type\":\"BreadcrumbList\",\"@id\":\"https:\/\/www.diocesitn.it\/clero\/2022\/01\/10\/vescovo-lauro-conferisce-ministero-di-lettore-a-tre-seminaristi-e-due-candidati-al-diaconato-dio-mi-dice-sei-amato-e-cosi-mi-riscatta-dalla-paura\/#breadcrumb\",\"itemListElement\":[{\"@type\":\"ListItem\",\"position\":1,\"name\":\"Home\",\"item\":\"https:\/\/www.diocesitn.it\/clero\/\"},{\"@type\":\"ListItem\",\"position\":2,\"name\":\"Vescovo Lauro conferisce ministero di Lettore a tre seminaristi e due candidati al diaconato. &#8220;Dio mi dice &#8216;sei amato&#8217; e cos\u00ec mi riscatta dalla paura&#8221;\"}]},{\"@type\":\"WebSite\",\"@id\":\"https:\/\/www.diocesitn.it\/clero\/#website\",\"url\":\"https:\/\/www.diocesitn.it\/clero\/\",\"name\":\"Clero\",\"description\":\"Chiesa di TRENTO\",\"potentialAction\":[{\"@type\":\"SearchAction\",\"target\":{\"@type\":\"EntryPoint\",\"urlTemplate\":\"https:\/\/www.diocesitn.it\/clero\/?s={search_term_string}\"},\"query-input\":\"required name=search_term_string\"}],\"inLanguage\":\"it-IT\"},{\"@type\":\"ImageObject\",\"inLanguage\":\"it-IT\",\"@id\":\"https:\/\/www.diocesitn.it\/clero\/2022\/01\/10\/vescovo-lauro-conferisce-ministero-di-lettore-a-tre-seminaristi-e-due-candidati-al-diaconato-dio-mi-dice-sei-amato-e-cosi-mi-riscatta-dalla-paura\/#local-main-organization-logo\",\"url\":\"\",\"contentUrl\":\"\",\"caption\":\"Clero\"}]}<\/script>\n<!-- \/ Yoast SEO Premium plugin. -->","yoast_head_json":{"title":"Vescovo Lauro conferisce ministero di Lettore a tre seminaristi e due candidati al diaconato. \"Dio mi dice 'sei amato' e cos\u00ec mi riscatta dalla paura\" - Clero","robots":{"index":"index","follow":"follow","max-snippet":"max-snippet:-1","max-image-preview":"max-image-preview:large","max-video-preview":"max-video-preview:-1"},"canonical":"https:\/\/www.diocesitn.it\/clero\/2022\/01\/10\/vescovo-lauro-conferisce-ministero-di-lettore-a-tre-seminaristi-e-due-candidati-al-diaconato-dio-mi-dice-sei-amato-e-cosi-mi-riscatta-dalla-paura\/","og_locale":"it_IT","og_type":"article","og_title":"Vescovo Lauro conferisce ministero di Lettore a tre seminaristi e due candidati al diaconato. \"Dio mi dice 'sei amato' e cos\u00ec mi riscatta dalla paura\"","og_description":"&#8220;Ogni giorno di pi\u00f9 dico: per fortuna che c\u2019\u00e8 Ges\u00f9 di Nazareth, Dio meraviglioso che mi dice &#8216;sei amato&#8217; e cos\u00ec mi riscatta dalla paura!&#8220;. Vibrano le navate della chiesa del Santissimo a Trento durante","og_url":"https:\/\/www.diocesitn.it\/clero\/2022\/01\/10\/vescovo-lauro-conferisce-ministero-di-lettore-a-tre-seminaristi-e-due-candidati-al-diaconato-dio-mi-dice-sei-amato-e-cosi-mi-riscatta-dalla-paura\/","og_site_name":"Clero","article_published_time":"2022-01-10T09:13:38+00:00","article_modified_time":"2023-09-25T09:42:47+00:00","og_image":[{"width":1672,"height":1254,"url":"https:\/\/www.diocesitn.it\/clero\/wp-content\/uploads\/sites\/12\/2022\/01\/ministeri_gennaio_2022_1.jpg","type":"image\/jpeg"}],"author":"Piergiorgio Franceschini","twitter_card":"summary_large_image","twitter_misc":{"Scritto da":"Piergiorgio Franceschini","Tempo di lettura stimato":"2 minuti"},"schema":{"@context":"https:\/\/schema.org","@graph":[{"@type":"WebPage","@id":"https:\/\/www.diocesitn.it\/clero\/2022\/01\/10\/vescovo-lauro-conferisce-ministero-di-lettore-a-tre-seminaristi-e-due-candidati-al-diaconato-dio-mi-dice-sei-amato-e-cosi-mi-riscatta-dalla-paura\/","url":"https:\/\/www.diocesitn.it\/clero\/2022\/01\/10\/vescovo-lauro-conferisce-ministero-di-lettore-a-tre-seminaristi-e-due-candidati-al-diaconato-dio-mi-dice-sei-amato-e-cosi-mi-riscatta-dalla-paura\/","name":"Vescovo Lauro conferisce ministero di Lettore a tre seminaristi e due candidati al diaconato. \"Dio mi dice 'sei amato' e cos\u00ec mi riscatta dalla paura\" - Clero","isPartOf":{"@id":"https:\/\/www.diocesitn.it\/clero\/#website"},"primaryImageOfPage":{"@id":"https:\/\/www.diocesitn.it\/clero\/2022\/01\/10\/vescovo-lauro-conferisce-ministero-di-lettore-a-tre-seminaristi-e-due-candidati-al-diaconato-dio-mi-dice-sei-amato-e-cosi-mi-riscatta-dalla-paura\/#primaryimage"},"image":{"@id":"https:\/\/www.diocesitn.it\/clero\/2022\/01\/10\/vescovo-lauro-conferisce-ministero-di-lettore-a-tre-seminaristi-e-due-candidati-al-diaconato-dio-mi-dice-sei-amato-e-cosi-mi-riscatta-dalla-paura\/#primaryimage"},"thumbnailUrl":"https:\/\/www.diocesitn.it\/clero\/wp-content\/uploads\/sites\/12\/2022\/01\/ministeri_gennaio_2022_1.jpg","datePublished":"2022-01-10T09:13:38+00:00","dateModified":"2023-09-25T09:42:47+00:00","author":{"@id":"https:\/\/www.diocesitn.it\/clero\/#\/schema\/person\/99590c84577873a025247b6aeb16ad2e"},"breadcrumb":{"@id":"https:\/\/www.diocesitn.it\/clero\/2022\/01\/10\/vescovo-lauro-conferisce-ministero-di-lettore-a-tre-seminaristi-e-due-candidati-al-diaconato-dio-mi-dice-sei-amato-e-cosi-mi-riscatta-dalla-paura\/#breadcrumb"},"inLanguage":"it-IT","potentialAction":[{"@type":"ReadAction","target":["https:\/\/www.diocesitn.it\/clero\/2022\/01\/10\/vescovo-lauro-conferisce-ministero-di-lettore-a-tre-seminaristi-e-due-candidati-al-diaconato-dio-mi-dice-sei-amato-e-cosi-mi-riscatta-dalla-paura\/"]}]},{"@type":"ImageObject","inLanguage":"it-IT","@id":"https:\/\/www.diocesitn.it\/clero\/2022\/01\/10\/vescovo-lauro-conferisce-ministero-di-lettore-a-tre-seminaristi-e-due-candidati-al-diaconato-dio-mi-dice-sei-amato-e-cosi-mi-riscatta-dalla-paura\/#primaryimage","url":"https:\/\/www.diocesitn.it\/clero\/wp-content\/uploads\/sites\/12\/2022\/01\/ministeri_gennaio_2022_1.jpg","contentUrl":"https:\/\/www.diocesitn.it\/clero\/wp-content\/uploads\/sites\/12\/2022\/01\/ministeri_gennaio_2022_1.jpg","width":1672,"height":1254},{"@type":"BreadcrumbList","@id":"https:\/\/www.diocesitn.it\/clero\/2022\/01\/10\/vescovo-lauro-conferisce-ministero-di-lettore-a-tre-seminaristi-e-due-candidati-al-diaconato-dio-mi-dice-sei-amato-e-cosi-mi-riscatta-dalla-paura\/#breadcrumb","itemListElement":[{"@type":"ListItem","position":1,"name":"Home","item":"https:\/\/www.diocesitn.it\/clero\/"},{"@type":"ListItem","position":2,"name":"Vescovo Lauro conferisce ministero di Lettore a tre seminaristi e due candidati al diaconato. &#8220;Dio mi dice &#8216;sei amato&#8217; e cos\u00ec mi riscatta dalla paura&#8221;"}]},{"@type":"WebSite","@id":"https:\/\/www.diocesitn.it\/clero\/#website","url":"https:\/\/www.diocesitn.it\/clero\/","name":"Clero","description":"Chiesa di TRENTO","potentialAction":[{"@type":"SearchAction","target":{"@type":"EntryPoint","urlTemplate":"https:\/\/www.diocesitn.it\/clero\/?s={search_term_string}"},"query-input":"required name=search_term_string"}],"inLanguage":"it-IT"},{"@type":"ImageObject","inLanguage":"it-IT","@id":"https:\/\/www.diocesitn.it\/clero\/2022\/01\/10\/vescovo-lauro-conferisce-ministero-di-lettore-a-tre-seminaristi-e-due-candidati-al-diaconato-dio-mi-dice-sei-amato-e-cosi-mi-riscatta-dalla-paura\/#local-main-organization-logo","url":"","contentUrl":"","caption":"Clero"}]}},"_links":{"self":[{"href":"https:\/\/www.diocesitn.it\/clero\/wp-json\/wp\/v2\/posts\/1763","targetHints":{"allow":["GET"]}}],"collection":[{"href":"https:\/\/www.diocesitn.it\/clero\/wp-json\/wp\/v2\/posts"}],"about":[{"href":"https:\/\/www.diocesitn.it\/clero\/wp-json\/wp\/v2\/types\/post"}],"author":[{"embeddable":true,"href":"https:\/\/www.diocesitn.it\/clero\/wp-json\/wp\/v2\/users\/3"}],"replies":[{"embeddable":true,"href":"https:\/\/www.diocesitn.it\/clero\/wp-json\/wp\/v2\/comments?post=1763"}],"version-history":[{"count":1,"href":"https:\/\/www.diocesitn.it\/clero\/wp-json\/wp\/v2\/posts\/1763\/revisions"}],"predecessor-version":[{"id":1772,"href":"https:\/\/www.diocesitn.it\/clero\/wp-json\/wp\/v2\/posts\/1763\/revisions\/1772"}],"wp:featuredmedia":[{"embeddable":true,"href":"https:\/\/www.diocesitn.it\/clero\/wp-json\/wp\/v2\/media\/1768"}],"wp:attachment":[{"href":"https:\/\/www.diocesitn.it\/clero\/wp-json\/wp\/v2\/media?parent=1763"}],"wp:term":[{"taxonomy":"category","embeddable":true,"href":"https:\/\/www.diocesitn.it\/clero\/wp-json\/wp\/v2\/categories?post=1763"},{"taxonomy":"post_tag","embeddable":true,"href":"https:\/\/www.diocesitn.it\/clero\/wp-json\/wp\/v2\/tags?post=1763"}],"curies":[{"name":"wp","href":"https:\/\/api.w.org\/{rel}","templated":true}]}}