{"id":1706,"date":"2021-12-02T16:39:53","date_gmt":"2021-12-02T15:39:53","guid":{"rendered":"https:\/\/www.diocesitn.it\/clero\/2021\/12\/02\/il-vescovo-di-savona-marino-ai-preti-trentini-nel-ritiro-davvento-siamo-solo-tramite-perche-gli-uomini-possano-incontrare-gesu\/"},"modified":"2022-05-10T09:06:09","modified_gmt":"2022-05-10T07:06:09","slug":"il-vescovo-di-savona-marino-ai-preti-trentini-nel-ritiro-davvento-siamo-solo-tramite-perche-gli-uomini-possano-incontrare-gesu","status":"publish","type":"post","link":"https:\/\/www.diocesitn.it\/clero\/2021\/12\/02\/il-vescovo-di-savona-marino-ai-preti-trentini-nel-ritiro-davvento-siamo-solo-tramite-perche-gli-uomini-possano-incontrare-gesu\/","title":{"rendered":"Il vescovo di Savona Marino ai preti trentini nel ritiro d&#8217;Avvento: &#8220;Siamo solo tramite perch\u00e9 gli uomini possano incontrare Ges\u00f9&#8221;"},"content":{"rendered":"<p>&#8220;Bella la vocazione del prete: essere solo un tramite perch\u00e9 gli uomini di oggi possano incontrare Ges\u00f9&#8221;. Cos\u00ec il vescovo di Savona, <strong>monsignor Calogero Marino<\/strong>, si \u00e8 rivolto agli <strong>oltre cento preti trentini<\/strong> riuniti <strong>gioved\u00ec 2 dicembre<\/strong> nella chiesa di San Giuseppe a Trento per il loro <strong>ritiro d&#8217;Avvento<\/strong>. Introdotto dall&#8217;<strong>arcivescovo Lauro<\/strong> e dal vicario per il clero <strong>don Ferruccio Furlan<\/strong>, monsignor Marino ha offerto la sua meditazione dal titolo &#8220;Bartimeo riprese a seguirlo per la strada&#8221;, riprendendo l&#8217;episodio dell&#8217;incontro di Ges\u00f9 con il mendicante cieco di Gerico <strong>Bartimeo<\/strong>, narrato nel <strong>Vangelo di Marco,<\/strong> al capitolo 10. Una articolata riflessione biblica e pastorale, fino all&#8217;appello finale del vescovo: &#8220;Il futuro sta abbondantemente nelle nostre mani, ma per seguire Ges\u00f9 occorre &#8216;morire&#8217;, occorre lasciare il mantello, dimenticare alcune abitudini stanche che ci tengono seduti e metterci in camminino lungo la strada&#8221;.<\/p>\n<p>Ecco l&#8217;audio integrale del suo intervento:<\/p>\n<!--[if lt IE 9]><script>document.createElement('audio');<\/script><![endif]-->\n<audio class=\"wp-audio-shortcode\" id=\"audio-1706-1\" preload=\"none\" style=\"width: 100%;\" controls=\"controls\"><source type=\"audio\/mpeg\" src=\"https:\/\/www.diocesitn.it\/wp-content\/uploads\/sites\/12\/2021\/12\/monsignor_Calogero_Marino.mp3?_=1\" \/><a href=\"https:\/\/www.diocesitn.it\/wp-content\/uploads\/sites\/12\/2021\/12\/monsignor_Calogero_Marino.mp3\">https:\/\/www.diocesitn.it\/wp-content\/uploads\/sites\/12\/2021\/12\/monsignor_Calogero_Marino.mp3<\/a><\/audio>\n<p>&nbsp;<\/p>\n<p>FOTO: G. Mihelcic<\/p>\n\n\n\t\t<style type='text\/css'>\n\n\t\t\t\/* PhotoSwipe Plugin *\/\n\t\t\t.psgal {\n\t\t\t\tmargin: auto;\n\t\t\t\tpadding-bottom:40px;\n\n\t\t\t\t-webkit-transition: all 0.4s ease;\n\t\t\t\t-moz-transition: all 0.4s ease;\n\t\t\t\t-o-transition: all 0.4s ease;\n\t\t\t\ttransition: all 0.4s ease;\n\t\t\t}\n\n\t\t\t.psgal figure {\n\t\t\t\tfloat: left;\n\t\t\t\ttext-align: center;\n    \t\t\twidth: 200px;\n                max-width: 50%;\n\t\t\t\tpadding:5px;\n\t\t\t\tmargin: 0px;\n\t\t\t\tbox-sizing:border-box;\n\t\t\t}\n\t\t\t.psgal a{\n\t\t\t\tdisplay:block;\n\t\t\t}\n\t\t\t.psgal figure figcaption{\n\t\t\t\tfont-size:13px;\n\t\t\t}\n\n\t\t\t.msnry{\n\t\t\t\tmargin:auto;\n\t\t\t}\n\t\t\t.pswp__caption__center{\n\t\t\t\ttext-align: center;\n\t\t\t}\n\t\t\t\n\n\t\t\t.photoswipe-gallery-caption{\n\t\t\t\tdisplay:none;\n\t\t\t}\n\n\t\t\t\n\t\t<\/style> <div style=\"clear:both\"><\/div>\n\n\t\t<div id=\"psgal_1706_1\" class=\"ps-gallery psgal gallery-columns-3 gallery-size-thumbnail\" itemscope itemtype=\"http:\/\/schema.org\/ImageGallery\" >\n\t\t\t\t<figure class=\"msnry_item\" itemscope itemtype=\"http:\/\/schema.org\/ImageObject\">\n\t\t\t\t\t<a href=\"https:\/\/www.diocesitn.it\/clero\/wp-content\/uploads\/sites\/12\/2021\/12\/calogero_marino_2dic2021_sanGiuseppe_1-1024x768.jpg\"\n\t\t\t\t\titemprop=\"contentUrl\"\n\t\t\t\t\tdata-pswp-width=\"800\" \n\t\t\t\t    data-pswp-height=\"600\" \n\t\t\t\t    data-cropped=\"true\"\n\t\t\t\t\tdata-caption=\"\"\n\t\t\t\t\tclass=\"post-thumbnail-image-link container-fixed-aspect-ratio__16-9\">\n\t\t\t\t        <img src=https:\/\/www.diocesitn.it\/clero\/wp-content\/uploads\/sites\/12\/2021\/12\/calogero_marino_2dic2021_sanGiuseppe_1-300x225.jpg itemprop=\"thumbnail\" alt=\"\"  \/>\n\t\t\t\t    <\/a>\n\t\t\t\t    <figcaption class=\"photoswipe-gallery-caption\" ><\/figcaption>\n\t\t\t    <\/figure>\n\t\t\t\t\n\t\t\t\t<figure class=\"msnry_item\" itemscope itemtype=\"http:\/\/schema.org\/ImageObject\">\n\t\t\t\t\t<a href=\"https:\/\/www.diocesitn.it\/clero\/wp-content\/uploads\/sites\/12\/2021\/12\/calogero_marino_2dic2021_sanGiuseppe_3-1024x763.jpg\"\n\t\t\t\t\titemprop=\"contentUrl\"\n\t\t\t\t\tdata-pswp-width=\"800\" \n\t\t\t\t    data-pswp-height=\"596\" \n\t\t\t\t    data-cropped=\"true\"\n\t\t\t\t\tdata-caption=\"\"\n\t\t\t\t\tclass=\"post-thumbnail-image-link container-fixed-aspect-ratio__16-9\">\n\t\t\t\t        <img src=https:\/\/www.diocesitn.it\/clero\/wp-content\/uploads\/sites\/12\/2021\/12\/calogero_marino_2dic2021_sanGiuseppe_3-300x224.jpg itemprop=\"thumbnail\" alt=\"\"  \/>\n\t\t\t\t    <\/a>\n\t\t\t\t    <figcaption class=\"photoswipe-gallery-caption\" ><\/figcaption>\n\t\t\t    <\/figure>\n\t\t\t\t\n\t\t\t\t<figure class=\"msnry_item\" itemscope itemtype=\"http:\/\/schema.org\/ImageObject\">\n\t\t\t\t\t<a href=\"https:\/\/www.diocesitn.it\/clero\/wp-content\/uploads\/sites\/12\/2021\/12\/calogero_marino_2dic2021_sanGiuseppe_4-1024x768.jpg\"\n\t\t\t\t\titemprop=\"contentUrl\"\n\t\t\t\t\tdata-pswp-width=\"800\" \n\t\t\t\t    data-pswp-height=\"600\" \n\t\t\t\t    data-cropped=\"true\"\n\t\t\t\t\tdata-caption=\"\"\n\t\t\t\t\tclass=\"post-thumbnail-image-link container-fixed-aspect-ratio__16-9\">\n\t\t\t\t        <img src=https:\/\/www.diocesitn.it\/clero\/wp-content\/uploads\/sites\/12\/2021\/12\/calogero_marino_2dic2021_sanGiuseppe_4-300x225.jpg itemprop=\"thumbnail\" alt=\"\"  \/>\n\t\t\t\t    <\/a>\n\t\t\t\t    <figcaption class=\"photoswipe-gallery-caption\" ><\/figcaption>\n\t\t\t    <\/figure>\n\t\t\t\t\n\t\t\t\t<figure class=\"msnry_item\" itemscope itemtype=\"http:\/\/schema.org\/ImageObject\">\n\t\t\t\t\t<a href=\"https:\/\/www.diocesitn.it\/clero\/wp-content\/uploads\/sites\/12\/2021\/12\/calogero_marino_2dic2021_sanGiuseppe_2-1024x728.jpg\"\n\t\t\t\t\titemprop=\"contentUrl\"\n\t\t\t\t\tdata-pswp-width=\"800\" \n\t\t\t\t    data-pswp-height=\"569\" \n\t\t\t\t    data-cropped=\"true\"\n\t\t\t\t\tdata-caption=\"\"\n\t\t\t\t\tclass=\"post-thumbnail-image-link container-fixed-aspect-ratio__16-9\">\n\t\t\t\t        <img src=https:\/\/www.diocesitn.it\/clero\/wp-content\/uploads\/sites\/12\/2021\/12\/calogero_marino_2dic2021_sanGiuseppe_2-300x213.jpg itemprop=\"thumbnail\" alt=\"\"  \/>\n\t\t\t\t    <\/a>\n\t\t\t\t    <figcaption class=\"photoswipe-gallery-caption\" ><\/figcaption>\n\t\t\t    <\/figure>\n\t\t\t\t<\/div>\n\t\t<div style='clear:both'><\/div>\n\t\n<p>&nbsp;<\/p>\n<p>(Mons. Calogero Marino \u00e8 nato a Brescia il 26 marzo 1955. Dopo la maturit\u00e0 classica si \u00e8 laureato in giurisprudenza presso l&#8217;Universit\u00e0 degli Studi di Genova; \u00e8 entrato poi nel seminario di Chiavari, frequentando la Facolt\u00e0 teologica dell&#8217;Italia settentrionale di Genova. Ha conseguito la laurea in diritto canonico presso la Pontificia Universit\u00e0 Lateranense di Roma. Sacerdote dal 30 maggio 1982 per la diocesi di Chiavari \u00e8 stato vicario giudiziale diocesano dal 1999 e giudice presso il tribunale ecclesiastico regionale ligure per le cause di matrimonio dal 2005. Dal 2003 al 2005 rettore del seminario diocesano; nel 2005 \u00e8 stato nominato vicario generale della diocesi di Chiavari.\u00a0<span style=\"font-size: inherit;\">Il 20 ottobre 2016 papa Francesco <\/span><span style=\"font-size: inherit;\">lo ha nominato vescovo\u00a0 <\/span><span style=\"font-size: inherit;\">di Savona-Noli, h<\/span>a ricevuto l&#8217;ordinazione episcopale il successivo 17 dicembre).<\/p>\n<p><strong><a href=\"https:\/\/www.diocesitn.it\/clero\/2021\/10\/13\/formazione-permanente-per-il-clero-diocesano-gli-appuntamenti-per-lanno-pastorale-2021-2022\/\">CONSULTA QUI TUTTI GLI APPUNTAMENTI DI FORMAZIONE PER IL CLERO TRENTINO<\/a><\/strong><\/p>\n<p>&nbsp;<\/p>\n","protected":false},"excerpt":{"rendered":"<p>&#8220;Bella la vocazione del prete: essere solo un tramite perch\u00e9 gli uomini di oggi possano incontrare Ges\u00f9&#8221;. Cos\u00ec il vescovo di Savona, monsignor Calogero Marino, si \u00e8 rivolto agli oltre cento preti trentini riuniti gioved\u00ec<\/p>\n","protected":false},"author":3,"featured_media":1730,"comment_status":"closed","ping_status":"closed","sticky":false,"template":"","format":"standard","meta":{"footnotes":""},"categories":[275,279],"tags":[],"class_list":["post-1706","post","type-post","status-publish","format-standard","has-post-thumbnail","hentry","category-clero","category-notizie"],"acf":{"seed-localization-paese-cod":"","seed-localization-address":"","seed-localization-citta":"","seed-localization-regione-cod-istat":"","seed-localization-citta-cod-istat":"","seed-localization-localita":"","seed-localization-cap":"","seed-localization-marker-visibility":false,"seed-localization-children-visibility":false,"seed-localization-kml":"","seed-localization-custom-marker":""},"yoast_head":"<!-- This site is optimized with the Yoast SEO Premium plugin v20.2.1 (Yoast SEO v22.2) - https:\/\/yoast.com\/wordpress\/plugins\/seo\/ -->\n<title>Il vescovo di Savona Marino ai preti trentini nel ritiro d&#039;Avvento: &quot;Siamo solo tramite perch\u00e9 gli uomini possano incontrare Ges\u00f9&quot; - Clero<\/title>\n<meta name=\"robots\" content=\"index, follow, max-snippet:-1, max-image-preview:large, max-video-preview:-1\" \/>\n<link rel=\"canonical\" href=\"https:\/\/www.diocesitn.it\/clero\/2021\/12\/02\/il-vescovo-di-savona-marino-ai-preti-trentini-nel-ritiro-davvento-siamo-solo-tramite-perche-gli-uomini-possano-incontrare-gesu\/\" \/>\n<meta property=\"og:locale\" content=\"it_IT\" \/>\n<meta property=\"og:type\" content=\"article\" \/>\n<meta property=\"og:title\" content=\"Il vescovo di Savona Marino ai preti trentini nel ritiro d&#039;Avvento: &quot;Siamo solo tramite perch\u00e9 gli uomini possano incontrare Ges\u00f9&quot;\" \/>\n<meta property=\"og:description\" content=\"&#8220;Bella la vocazione del prete: essere solo un tramite perch\u00e9 gli uomini di oggi possano incontrare Ges\u00f9&#8221;. Cos\u00ec il vescovo di Savona, monsignor Calogero Marino, si \u00e8 rivolto agli oltre cento preti trentini riuniti gioved\u00ec\" \/>\n<meta property=\"og:url\" content=\"https:\/\/www.diocesitn.it\/clero\/2021\/12\/02\/il-vescovo-di-savona-marino-ai-preti-trentini-nel-ritiro-davvento-siamo-solo-tramite-perche-gli-uomini-possano-incontrare-gesu\/\" \/>\n<meta property=\"og:site_name\" content=\"Clero\" \/>\n<meta property=\"article:published_time\" content=\"2021-12-02T15:39:53+00:00\" \/>\n<meta property=\"article:modified_time\" content=\"2022-05-10T07:06:09+00:00\" \/>\n<meta property=\"og:image\" content=\"https:\/\/www.diocesitn.it\/clero\/wp-content\/uploads\/sites\/12\/2021\/12\/calogero_marino_2dic2021_sanGiuseppe_5.jpg\" \/>\n\t<meta property=\"og:image:width\" content=\"1564\" \/>\n\t<meta property=\"og:image:height\" content=\"1340\" \/>\n\t<meta property=\"og:image:type\" content=\"image\/jpeg\" \/>\n<meta name=\"author\" content=\"Piergiorgio Franceschini\" \/>\n<meta name=\"twitter:card\" content=\"summary_large_image\" \/>\n<meta name=\"twitter:label1\" content=\"Scritto da\" \/>\n\t<meta name=\"twitter:data1\" content=\"Piergiorgio Franceschini\" \/>\n\t<meta name=\"twitter:label2\" content=\"Tempo di lettura stimato\" \/>\n\t<meta name=\"twitter:data2\" content=\"1 minuto\" \/>\n<script type=\"application\/ld+json\" class=\"yoast-schema-graph\">{\"@context\":\"https:\/\/schema.org\",\"@graph\":[{\"@type\":\"WebPage\",\"@id\":\"https:\/\/www.diocesitn.it\/clero\/2021\/12\/02\/il-vescovo-di-savona-marino-ai-preti-trentini-nel-ritiro-davvento-siamo-solo-tramite-perche-gli-uomini-possano-incontrare-gesu\/\",\"url\":\"https:\/\/www.diocesitn.it\/clero\/2021\/12\/02\/il-vescovo-di-savona-marino-ai-preti-trentini-nel-ritiro-davvento-siamo-solo-tramite-perche-gli-uomini-possano-incontrare-gesu\/\",\"name\":\"Il vescovo di Savona Marino ai preti trentini nel ritiro d'Avvento: \\\"Siamo solo tramite perch\u00e9 gli uomini possano incontrare Ges\u00f9\\\" - Clero\",\"isPartOf\":{\"@id\":\"https:\/\/www.diocesitn.it\/clero\/#website\"},\"primaryImageOfPage\":{\"@id\":\"https:\/\/www.diocesitn.it\/clero\/2021\/12\/02\/il-vescovo-di-savona-marino-ai-preti-trentini-nel-ritiro-davvento-siamo-solo-tramite-perche-gli-uomini-possano-incontrare-gesu\/#primaryimage\"},\"image\":{\"@id\":\"https:\/\/www.diocesitn.it\/clero\/2021\/12\/02\/il-vescovo-di-savona-marino-ai-preti-trentini-nel-ritiro-davvento-siamo-solo-tramite-perche-gli-uomini-possano-incontrare-gesu\/#primaryimage\"},\"thumbnailUrl\":\"https:\/\/www.diocesitn.it\/clero\/wp-content\/uploads\/sites\/12\/2021\/12\/calogero_marino_2dic2021_sanGiuseppe_5.jpg\",\"datePublished\":\"2021-12-02T15:39:53+00:00\",\"dateModified\":\"2022-05-10T07:06:09+00:00\",\"author\":{\"@id\":\"https:\/\/www.diocesitn.it\/clero\/#\/schema\/person\/99590c84577873a025247b6aeb16ad2e\"},\"breadcrumb\":{\"@id\":\"https:\/\/www.diocesitn.it\/clero\/2021\/12\/02\/il-vescovo-di-savona-marino-ai-preti-trentini-nel-ritiro-davvento-siamo-solo-tramite-perche-gli-uomini-possano-incontrare-gesu\/#breadcrumb\"},\"inLanguage\":\"it-IT\",\"potentialAction\":[{\"@type\":\"ReadAction\",\"target\":[\"https:\/\/www.diocesitn.it\/clero\/2021\/12\/02\/il-vescovo-di-savona-marino-ai-preti-trentini-nel-ritiro-davvento-siamo-solo-tramite-perche-gli-uomini-possano-incontrare-gesu\/\"]}]},{\"@type\":\"ImageObject\",\"inLanguage\":\"it-IT\",\"@id\":\"https:\/\/www.diocesitn.it\/clero\/2021\/12\/02\/il-vescovo-di-savona-marino-ai-preti-trentini-nel-ritiro-davvento-siamo-solo-tramite-perche-gli-uomini-possano-incontrare-gesu\/#primaryimage\",\"url\":\"https:\/\/www.diocesitn.it\/clero\/wp-content\/uploads\/sites\/12\/2021\/12\/calogero_marino_2dic2021_sanGiuseppe_5.jpg\",\"contentUrl\":\"https:\/\/www.diocesitn.it\/clero\/wp-content\/uploads\/sites\/12\/2021\/12\/calogero_marino_2dic2021_sanGiuseppe_5.jpg\",\"width\":1564,\"height\":1340},{\"@type\":\"BreadcrumbList\",\"@id\":\"https:\/\/www.diocesitn.it\/clero\/2021\/12\/02\/il-vescovo-di-savona-marino-ai-preti-trentini-nel-ritiro-davvento-siamo-solo-tramite-perche-gli-uomini-possano-incontrare-gesu\/#breadcrumb\",\"itemListElement\":[{\"@type\":\"ListItem\",\"position\":1,\"name\":\"Home\",\"item\":\"https:\/\/www.diocesitn.it\/clero\/\"},{\"@type\":\"ListItem\",\"position\":2,\"name\":\"Il vescovo di Savona Marino ai preti trentini nel ritiro d&#8217;Avvento: &#8220;Siamo solo tramite perch\u00e9 gli uomini possano incontrare Ges\u00f9&#8221;\"}]},{\"@type\":\"WebSite\",\"@id\":\"https:\/\/www.diocesitn.it\/clero\/#website\",\"url\":\"https:\/\/www.diocesitn.it\/clero\/\",\"name\":\"Clero\",\"description\":\"Chiesa di TRENTO\",\"potentialAction\":[{\"@type\":\"SearchAction\",\"target\":{\"@type\":\"EntryPoint\",\"urlTemplate\":\"https:\/\/www.diocesitn.it\/clero\/?s={search_term_string}\"},\"query-input\":\"required name=search_term_string\"}],\"inLanguage\":\"it-IT\"},{\"@type\":\"ImageObject\",\"inLanguage\":\"it-IT\",\"@id\":\"https:\/\/www.diocesitn.it\/clero\/2021\/12\/02\/il-vescovo-di-savona-marino-ai-preti-trentini-nel-ritiro-davvento-siamo-solo-tramite-perche-gli-uomini-possano-incontrare-gesu\/#local-main-organization-logo\",\"url\":\"\",\"contentUrl\":\"\",\"caption\":\"Clero\"}]}<\/script>\n<!-- \/ Yoast SEO Premium plugin. -->","yoast_head_json":{"title":"Il vescovo di Savona Marino ai preti trentini nel ritiro d'Avvento: \"Siamo solo tramite perch\u00e9 gli uomini possano incontrare Ges\u00f9\" - Clero","robots":{"index":"index","follow":"follow","max-snippet":"max-snippet:-1","max-image-preview":"max-image-preview:large","max-video-preview":"max-video-preview:-1"},"canonical":"https:\/\/www.diocesitn.it\/clero\/2021\/12\/02\/il-vescovo-di-savona-marino-ai-preti-trentini-nel-ritiro-davvento-siamo-solo-tramite-perche-gli-uomini-possano-incontrare-gesu\/","og_locale":"it_IT","og_type":"article","og_title":"Il vescovo di Savona Marino ai preti trentini nel ritiro d'Avvento: \"Siamo solo tramite perch\u00e9 gli uomini possano incontrare Ges\u00f9\"","og_description":"&#8220;Bella la vocazione del prete: essere solo un tramite perch\u00e9 gli uomini di oggi possano incontrare Ges\u00f9&#8221;. Cos\u00ec il vescovo di Savona, monsignor Calogero Marino, si \u00e8 rivolto agli oltre cento preti trentini riuniti gioved\u00ec","og_url":"https:\/\/www.diocesitn.it\/clero\/2021\/12\/02\/il-vescovo-di-savona-marino-ai-preti-trentini-nel-ritiro-davvento-siamo-solo-tramite-perche-gli-uomini-possano-incontrare-gesu\/","og_site_name":"Clero","article_published_time":"2021-12-02T15:39:53+00:00","article_modified_time":"2022-05-10T07:06:09+00:00","og_image":[{"width":1564,"height":1340,"url":"https:\/\/www.diocesitn.it\/clero\/wp-content\/uploads\/sites\/12\/2021\/12\/calogero_marino_2dic2021_sanGiuseppe_5.jpg","type":"image\/jpeg"}],"author":"Piergiorgio Franceschini","twitter_card":"summary_large_image","twitter_misc":{"Scritto da":"Piergiorgio Franceschini","Tempo di lettura stimato":"1 minuto"},"schema":{"@context":"https:\/\/schema.org","@graph":[{"@type":"WebPage","@id":"https:\/\/www.diocesitn.it\/clero\/2021\/12\/02\/il-vescovo-di-savona-marino-ai-preti-trentini-nel-ritiro-davvento-siamo-solo-tramite-perche-gli-uomini-possano-incontrare-gesu\/","url":"https:\/\/www.diocesitn.it\/clero\/2021\/12\/02\/il-vescovo-di-savona-marino-ai-preti-trentini-nel-ritiro-davvento-siamo-solo-tramite-perche-gli-uomini-possano-incontrare-gesu\/","name":"Il vescovo di Savona Marino ai preti trentini nel ritiro d'Avvento: \"Siamo solo tramite perch\u00e9 gli uomini possano incontrare Ges\u00f9\" - Clero","isPartOf":{"@id":"https:\/\/www.diocesitn.it\/clero\/#website"},"primaryImageOfPage":{"@id":"https:\/\/www.diocesitn.it\/clero\/2021\/12\/02\/il-vescovo-di-savona-marino-ai-preti-trentini-nel-ritiro-davvento-siamo-solo-tramite-perche-gli-uomini-possano-incontrare-gesu\/#primaryimage"},"image":{"@id":"https:\/\/www.diocesitn.it\/clero\/2021\/12\/02\/il-vescovo-di-savona-marino-ai-preti-trentini-nel-ritiro-davvento-siamo-solo-tramite-perche-gli-uomini-possano-incontrare-gesu\/#primaryimage"},"thumbnailUrl":"https:\/\/www.diocesitn.it\/clero\/wp-content\/uploads\/sites\/12\/2021\/12\/calogero_marino_2dic2021_sanGiuseppe_5.jpg","datePublished":"2021-12-02T15:39:53+00:00","dateModified":"2022-05-10T07:06:09+00:00","author":{"@id":"https:\/\/www.diocesitn.it\/clero\/#\/schema\/person\/99590c84577873a025247b6aeb16ad2e"},"breadcrumb":{"@id":"https:\/\/www.diocesitn.it\/clero\/2021\/12\/02\/il-vescovo-di-savona-marino-ai-preti-trentini-nel-ritiro-davvento-siamo-solo-tramite-perche-gli-uomini-possano-incontrare-gesu\/#breadcrumb"},"inLanguage":"it-IT","potentialAction":[{"@type":"ReadAction","target":["https:\/\/www.diocesitn.it\/clero\/2021\/12\/02\/il-vescovo-di-savona-marino-ai-preti-trentini-nel-ritiro-davvento-siamo-solo-tramite-perche-gli-uomini-possano-incontrare-gesu\/"]}]},{"@type":"ImageObject","inLanguage":"it-IT","@id":"https:\/\/www.diocesitn.it\/clero\/2021\/12\/02\/il-vescovo-di-savona-marino-ai-preti-trentini-nel-ritiro-davvento-siamo-solo-tramite-perche-gli-uomini-possano-incontrare-gesu\/#primaryimage","url":"https:\/\/www.diocesitn.it\/clero\/wp-content\/uploads\/sites\/12\/2021\/12\/calogero_marino_2dic2021_sanGiuseppe_5.jpg","contentUrl":"https:\/\/www.diocesitn.it\/clero\/wp-content\/uploads\/sites\/12\/2021\/12\/calogero_marino_2dic2021_sanGiuseppe_5.jpg","width":1564,"height":1340},{"@type":"BreadcrumbList","@id":"https:\/\/www.diocesitn.it\/clero\/2021\/12\/02\/il-vescovo-di-savona-marino-ai-preti-trentini-nel-ritiro-davvento-siamo-solo-tramite-perche-gli-uomini-possano-incontrare-gesu\/#breadcrumb","itemListElement":[{"@type":"ListItem","position":1,"name":"Home","item":"https:\/\/www.diocesitn.it\/clero\/"},{"@type":"ListItem","position":2,"name":"Il vescovo di Savona Marino ai preti trentini nel ritiro d&#8217;Avvento: &#8220;Siamo solo tramite perch\u00e9 gli uomini possano incontrare Ges\u00f9&#8221;"}]},{"@type":"WebSite","@id":"https:\/\/www.diocesitn.it\/clero\/#website","url":"https:\/\/www.diocesitn.it\/clero\/","name":"Clero","description":"Chiesa di TRENTO","potentialAction":[{"@type":"SearchAction","target":{"@type":"EntryPoint","urlTemplate":"https:\/\/www.diocesitn.it\/clero\/?s={search_term_string}"},"query-input":"required name=search_term_string"}],"inLanguage":"it-IT"},{"@type":"ImageObject","inLanguage":"it-IT","@id":"https:\/\/www.diocesitn.it\/clero\/2021\/12\/02\/il-vescovo-di-savona-marino-ai-preti-trentini-nel-ritiro-davvento-siamo-solo-tramite-perche-gli-uomini-possano-incontrare-gesu\/#local-main-organization-logo","url":"","contentUrl":"","caption":"Clero"}]}},"_links":{"self":[{"href":"https:\/\/www.diocesitn.it\/clero\/wp-json\/wp\/v2\/posts\/1706","targetHints":{"allow":["GET"]}}],"collection":[{"href":"https:\/\/www.diocesitn.it\/clero\/wp-json\/wp\/v2\/posts"}],"about":[{"href":"https:\/\/www.diocesitn.it\/clero\/wp-json\/wp\/v2\/types\/post"}],"author":[{"embeddable":true,"href":"https:\/\/www.diocesitn.it\/clero\/wp-json\/wp\/v2\/users\/3"}],"replies":[{"embeddable":true,"href":"https:\/\/www.diocesitn.it\/clero\/wp-json\/wp\/v2\/comments?post=1706"}],"version-history":[{"count":3,"href":"https:\/\/www.diocesitn.it\/clero\/wp-json\/wp\/v2\/posts\/1706\/revisions"}],"predecessor-version":[{"id":1738,"href":"https:\/\/www.diocesitn.it\/clero\/wp-json\/wp\/v2\/posts\/1706\/revisions\/1738"}],"wp:featuredmedia":[{"embeddable":true,"href":"https:\/\/www.diocesitn.it\/clero\/wp-json\/wp\/v2\/media\/1730"}],"wp:attachment":[{"href":"https:\/\/www.diocesitn.it\/clero\/wp-json\/wp\/v2\/media?parent=1706"}],"wp:term":[{"taxonomy":"category","embeddable":true,"href":"https:\/\/www.diocesitn.it\/clero\/wp-json\/wp\/v2\/categories?post=1706"},{"taxonomy":"post_tag","embeddable":true,"href":"https:\/\/www.diocesitn.it\/clero\/wp-json\/wp\/v2\/tags?post=1706"}],"curies":[{"name":"wp","href":"https:\/\/api.w.org\/{rel}","templated":true}]}}