{"id":1672,"date":"2021-11-04T14:19:31","date_gmt":"2021-11-04T13:19:31","guid":{"rendered":"https:\/\/www.diocesitn.it\/clero\/2021\/11\/04\/don-falavegna-al-clero-trentino-preti-da-riformare-tra-gioie-e-fatiche-riascolta-intervento\/"},"modified":"2022-01-10T12:59:58","modified_gmt":"2022-01-10T11:59:58","slug":"don-falavegna-al-clero-trentino-preti-da-riformare-tra-gioie-e-fatiche-riascolta-intervento","status":"publish","type":"post","link":"https:\/\/www.diocesitn.it\/clero\/2021\/11\/04\/don-falavegna-al-clero-trentino-preti-da-riformare-tra-gioie-e-fatiche-riascolta-intervento\/","title":{"rendered":"Don Falavegna al clero trentino: preti da riformare, tra gioie e fatiche (riascolta intervento)"},"content":{"rendered":"<p>&#8220;Siamo interpellati da una realt\u00e0 diversa, che la pandemia ha accelerato. Sentiamo la necessit\u00e0 di una riforma del ministero presbiterale, perch\u00e9 la figura del prete \u00e8 cambiata, cos\u00ec come l&#8217;immagine di Chiesa&#8221;.\u00a0 Il pastoralista <strong>don Ezio Falavegna, <\/strong>presbitero della Diocesi di Verona, ha tenuto nella mattinata di <strong>gioved\u00ec 4 novembre<\/strong> nella chiesa di san Giuseppe a Trento un&#8217;apprezzata relazione per i preti trentini, alla presenza dell&#8217;arcivescovo Lauro. Titolo dell&#8217;incontro: \u201c<strong>Gioie e fatiche, risorse, possibilit\u00e0 e prospettive nella vita del ministero ordinato<\/strong>\u201d.<\/p>\n<p>Don Falavegna attualmente \u00e8 <strong>docente di teologia pastorale<\/strong> nel il biennio di specializzazione (licenza) presso la Facolt\u00e0 Teologica del Triveneto (sede di Padova) e presso lo Studio Teologico San Zeno e l\u2019Istituto Superiore di Scienze Religiose \u201cSan Pietro Martire\u201d di Verona.<\/p>\n<p>RIASCOLTA QUI SOTTO IL SUO INTERVENTO<\/p>\n<!--[if lt IE 9]><script>document.createElement('audio');<\/script><![endif]-->\n<audio class=\"wp-audio-shortcode\" id=\"audio-1672-1\" preload=\"none\" style=\"width: 100%;\" controls=\"controls\"><source type=\"audio\/mpeg\" src=\"https:\/\/www.diocesitn.it\/wp-content\/uploads\/sites\/12\/2021\/11\/Falavegna_-2021-11-04_102214.mp3?_=1\" \/><a href=\"https:\/\/www.diocesitn.it\/wp-content\/uploads\/sites\/12\/2021\/11\/Falavegna_-2021-11-04_102214.mp3\">https:\/\/www.diocesitn.it\/wp-content\/uploads\/sites\/12\/2021\/11\/Falavegna_-2021-11-04_102214.mp3<\/a><\/audio>\n<p>&nbsp;<\/p>\n<p>&nbsp;<\/p>\n\n\n\t\t<style type='text\/css'>\n\n\t\t\t\/* PhotoSwipe Plugin *\/\n\t\t\t.psgal {\n\t\t\t\tmargin: auto;\n\t\t\t\tpadding-bottom:40px;\n\n\t\t\t\t-webkit-transition: all 0.4s ease;\n\t\t\t\t-moz-transition: all 0.4s ease;\n\t\t\t\t-o-transition: all 0.4s ease;\n\t\t\t\ttransition: all 0.4s ease;\n\t\t\t}\n\n\t\t\t.psgal figure {\n\t\t\t\tfloat: left;\n\t\t\t\ttext-align: center;\n    \t\t\twidth: 200px;\n                max-width: 50%;\n\t\t\t\tpadding:5px;\n\t\t\t\tmargin: 0px;\n\t\t\t\tbox-sizing:border-box;\n\t\t\t}\n\t\t\t.psgal a{\n\t\t\t\tdisplay:block;\n\t\t\t}\n\t\t\t.psgal figure figcaption{\n\t\t\t\tfont-size:13px;\n\t\t\t}\n\n\t\t\t.msnry{\n\t\t\t\tmargin:auto;\n\t\t\t}\n\t\t\t.pswp__caption__center{\n\t\t\t\ttext-align: center;\n\t\t\t}\n\t\t\t\n\n\t\t\t.photoswipe-gallery-caption{\n\t\t\t\tdisplay:none;\n\t\t\t}\n\n\t\t\t\n\t\t<\/style> <div style=\"clear:both\"><\/div>\n\n\t\t<div id=\"psgal_1672_1\" class=\"ps-gallery psgal gallery-columns-3 gallery-size-thumbnail\" itemscope itemtype=\"http:\/\/schema.org\/ImageGallery\" >\n\t\t\t\t<figure class=\"msnry_item\" itemscope itemtype=\"http:\/\/schema.org\/ImageObject\">\n\t\t\t\t\t<a href=\"https:\/\/www.diocesitn.it\/clero\/wp-content\/uploads\/sites\/12\/2021\/11\/falavegna_trento_4nov2021_1-scaled-1024x628.jpg\"\n\t\t\t\t\titemprop=\"contentUrl\"\n\t\t\t\t\tdata-pswp-width=\"800\" \n\t\t\t\t    data-pswp-height=\"491\" \n\t\t\t\t    data-cropped=\"true\"\n\t\t\t\t\tdata-caption=\"\"\n\t\t\t\t\tclass=\"post-thumbnail-image-link container-fixed-aspect-ratio__16-9\">\n\t\t\t\t        <img src=https:\/\/www.diocesitn.it\/clero\/wp-content\/uploads\/sites\/12\/2021\/11\/falavegna_trento_4nov2021_1-scaled-300x184.jpg itemprop=\"thumbnail\" alt=\"\"  \/>\n\t\t\t\t    <\/a>\n\t\t\t\t    <figcaption class=\"photoswipe-gallery-caption\" ><\/figcaption>\n\t\t\t    <\/figure>\n\t\t\t\t\n\t\t\t\t<figure class=\"msnry_item\" itemscope itemtype=\"http:\/\/schema.org\/ImageObject\">\n\t\t\t\t\t<a href=\"https:\/\/www.diocesitn.it\/clero\/wp-content\/uploads\/sites\/12\/2021\/11\/falavegna_trento_4nov2021_2-1024x768.jpg\"\n\t\t\t\t\titemprop=\"contentUrl\"\n\t\t\t\t\tdata-pswp-width=\"800\" \n\t\t\t\t    data-pswp-height=\"600\" \n\t\t\t\t    data-cropped=\"true\"\n\t\t\t\t\tdata-caption=\"\"\n\t\t\t\t\tclass=\"post-thumbnail-image-link container-fixed-aspect-ratio__16-9\">\n\t\t\t\t        <img src=https:\/\/www.diocesitn.it\/clero\/wp-content\/uploads\/sites\/12\/2021\/11\/falavegna_trento_4nov2021_2-300x225.jpg itemprop=\"thumbnail\" alt=\"\"  \/>\n\t\t\t\t    <\/a>\n\t\t\t\t    <figcaption class=\"photoswipe-gallery-caption\" ><\/figcaption>\n\t\t\t    <\/figure>\n\t\t\t\t\n\t\t\t\t<figure class=\"msnry_item\" itemscope itemtype=\"http:\/\/schema.org\/ImageObject\">\n\t\t\t\t\t<a href=\"https:\/\/www.diocesitn.it\/clero\/wp-content\/uploads\/sites\/12\/2021\/11\/falavegna_trento_4nov2021-scaled-1024x755.jpg\"\n\t\t\t\t\titemprop=\"contentUrl\"\n\t\t\t\t\tdata-pswp-width=\"800\" \n\t\t\t\t    data-pswp-height=\"590\" \n\t\t\t\t    data-cropped=\"true\"\n\t\t\t\t\tdata-caption=\"\"\n\t\t\t\t\tclass=\"post-thumbnail-image-link container-fixed-aspect-ratio__16-9\">\n\t\t\t\t        <img src=https:\/\/www.diocesitn.it\/clero\/wp-content\/uploads\/sites\/12\/2021\/11\/falavegna_trento_4nov2021-scaled-300x221.jpg itemprop=\"thumbnail\" alt=\"\"  \/>\n\t\t\t\t    <\/a>\n\t\t\t\t    <figcaption class=\"photoswipe-gallery-caption\" ><\/figcaption>\n\t\t\t    <\/figure>\n\t\t\t\t\n\t\t\t\t<figure class=\"msnry_item\" itemscope itemtype=\"http:\/\/schema.org\/ImageObject\">\n\t\t\t\t\t<a href=\"https:\/\/www.diocesitn.it\/clero\/wp-content\/uploads\/sites\/12\/2021\/11\/falavegna_trento_4nov2021_4-scaled-1024x690.jpg\"\n\t\t\t\t\titemprop=\"contentUrl\"\n\t\t\t\t\tdata-pswp-width=\"800\" \n\t\t\t\t    data-pswp-height=\"539\" \n\t\t\t\t    data-cropped=\"true\"\n\t\t\t\t\tdata-caption=\"\"\n\t\t\t\t\tclass=\"post-thumbnail-image-link container-fixed-aspect-ratio__16-9\">\n\t\t\t\t        <img src=https:\/\/www.diocesitn.it\/clero\/wp-content\/uploads\/sites\/12\/2021\/11\/falavegna_trento_4nov2021_4-scaled-300x202.jpg itemprop=\"thumbnail\" alt=\"\"  \/>\n\t\t\t\t    <\/a>\n\t\t\t\t    <figcaption class=\"photoswipe-gallery-caption\" ><\/figcaption>\n\t\t\t    <\/figure>\n\t\t\t\t<\/div>\n\t\t<div style='clear:both'><\/div>\n\t\n<p>Foto: Giuseppe Mihelcic<\/p>\n","protected":false},"excerpt":{"rendered":"<p>&#8220;Siamo interpellati da una realt\u00e0 diversa, che la pandemia ha accelerato. Sentiamo la necessit\u00e0 di una riforma del ministero presbiterale, perch\u00e9 la figura del prete \u00e8 cambiata, cos\u00ec come l&#8217;immagine di Chiesa&#8221;.\u00a0 Il pastoralista don<\/p>\n","protected":false},"author":3,"featured_media":1691,"comment_status":"closed","ping_status":"closed","sticky":false,"template":"","format":"standard","meta":{"footnotes":""},"categories":[275,279],"tags":[334,335,336],"class_list":["post-1672","post","type-post","status-publish","format-standard","has-post-thumbnail","hentry","category-clero","category-notizie","tag-clero-trentino","tag-don-ezio-falavegna","tag-formazione-clero"],"acf":{"seed-localization-paese-cod":"","seed-localization-address":"","seed-localization-citta":"","seed-localization-regione-cod-istat":"","seed-localization-citta-cod-istat":"","seed-localization-localita":"","seed-localization-cap":"","seed-localization-marker-visibility":false,"seed-localization-children-visibility":false,"seed-localization-kml":"","seed-localization-custom-marker":""},"yoast_head":"<!-- This site is optimized with the Yoast SEO Premium plugin v20.2.1 (Yoast SEO v22.2) - https:\/\/yoast.com\/wordpress\/plugins\/seo\/ -->\n<title>Don Falavegna al clero trentino: preti da riformare, tra gioie e fatiche (riascolta intervento) - Clero<\/title>\n<meta name=\"robots\" content=\"index, follow, max-snippet:-1, max-image-preview:large, max-video-preview:-1\" \/>\n<link rel=\"canonical\" href=\"https:\/\/www.diocesitn.it\/clero\/2021\/11\/04\/don-falavegna-al-clero-trentino-preti-da-riformare-tra-gioie-e-fatiche-riascolta-intervento\/\" \/>\n<meta property=\"og:locale\" content=\"it_IT\" \/>\n<meta property=\"og:type\" content=\"article\" \/>\n<meta property=\"og:title\" content=\"Don Falavegna al clero trentino: preti da riformare, tra gioie e fatiche (riascolta intervento)\" \/>\n<meta property=\"og:description\" content=\"&#8220;Siamo interpellati da una realt\u00e0 diversa, che la pandemia ha accelerato. Sentiamo la necessit\u00e0 di una riforma del ministero presbiterale, perch\u00e9 la figura del prete \u00e8 cambiata, cos\u00ec come l&#8217;immagine di Chiesa&#8221;.\u00a0 Il pastoralista don\" \/>\n<meta property=\"og:url\" content=\"https:\/\/www.diocesitn.it\/clero\/2021\/11\/04\/don-falavegna-al-clero-trentino-preti-da-riformare-tra-gioie-e-fatiche-riascolta-intervento\/\" \/>\n<meta property=\"og:site_name\" content=\"Clero\" \/>\n<meta property=\"article:published_time\" content=\"2021-11-04T13:19:31+00:00\" \/>\n<meta property=\"article:modified_time\" content=\"2022-01-10T11:59:58+00:00\" \/>\n<meta property=\"og:image\" content=\"https:\/\/www.diocesitn.it\/clero\/wp-content\/uploads\/sites\/12\/2021\/11\/falavegna_trento_4nov2021-scaled.jpg\" \/>\n\t<meta property=\"og:image:width\" content=\"2560\" \/>\n\t<meta property=\"og:image:height\" content=\"1888\" \/>\n\t<meta property=\"og:image:type\" content=\"image\/jpeg\" \/>\n<meta name=\"author\" content=\"Piergiorgio Franceschini\" \/>\n<meta name=\"twitter:card\" content=\"summary_large_image\" \/>\n<meta name=\"twitter:label1\" content=\"Scritto da\" \/>\n\t<meta name=\"twitter:data1\" content=\"Piergiorgio Franceschini\" \/>\n\t<meta name=\"twitter:label2\" content=\"Tempo di lettura stimato\" \/>\n\t<meta name=\"twitter:data2\" content=\"1 minuto\" \/>\n<script type=\"application\/ld+json\" class=\"yoast-schema-graph\">{\"@context\":\"https:\/\/schema.org\",\"@graph\":[{\"@type\":\"WebPage\",\"@id\":\"https:\/\/www.diocesitn.it\/clero\/2021\/11\/04\/don-falavegna-al-clero-trentino-preti-da-riformare-tra-gioie-e-fatiche-riascolta-intervento\/\",\"url\":\"https:\/\/www.diocesitn.it\/clero\/2021\/11\/04\/don-falavegna-al-clero-trentino-preti-da-riformare-tra-gioie-e-fatiche-riascolta-intervento\/\",\"name\":\"Don Falavegna al clero trentino: preti da riformare, tra gioie e fatiche (riascolta intervento) - Clero\",\"isPartOf\":{\"@id\":\"https:\/\/www.diocesitn.it\/clero\/#website\"},\"primaryImageOfPage\":{\"@id\":\"https:\/\/www.diocesitn.it\/clero\/2021\/11\/04\/don-falavegna-al-clero-trentino-preti-da-riformare-tra-gioie-e-fatiche-riascolta-intervento\/#primaryimage\"},\"image\":{\"@id\":\"https:\/\/www.diocesitn.it\/clero\/2021\/11\/04\/don-falavegna-al-clero-trentino-preti-da-riformare-tra-gioie-e-fatiche-riascolta-intervento\/#primaryimage\"},\"thumbnailUrl\":\"https:\/\/www.diocesitn.it\/clero\/wp-content\/uploads\/sites\/12\/2021\/11\/falavegna_trento_4nov2021-scaled.jpg\",\"datePublished\":\"2021-11-04T13:19:31+00:00\",\"dateModified\":\"2022-01-10T11:59:58+00:00\",\"author\":{\"@id\":\"https:\/\/www.diocesitn.it\/clero\/#\/schema\/person\/99590c84577873a025247b6aeb16ad2e\"},\"breadcrumb\":{\"@id\":\"https:\/\/www.diocesitn.it\/clero\/2021\/11\/04\/don-falavegna-al-clero-trentino-preti-da-riformare-tra-gioie-e-fatiche-riascolta-intervento\/#breadcrumb\"},\"inLanguage\":\"it-IT\",\"potentialAction\":[{\"@type\":\"ReadAction\",\"target\":[\"https:\/\/www.diocesitn.it\/clero\/2021\/11\/04\/don-falavegna-al-clero-trentino-preti-da-riformare-tra-gioie-e-fatiche-riascolta-intervento\/\"]}]},{\"@type\":\"ImageObject\",\"inLanguage\":\"it-IT\",\"@id\":\"https:\/\/www.diocesitn.it\/clero\/2021\/11\/04\/don-falavegna-al-clero-trentino-preti-da-riformare-tra-gioie-e-fatiche-riascolta-intervento\/#primaryimage\",\"url\":\"https:\/\/www.diocesitn.it\/clero\/wp-content\/uploads\/sites\/12\/2021\/11\/falavegna_trento_4nov2021-scaled.jpg\",\"contentUrl\":\"https:\/\/www.diocesitn.it\/clero\/wp-content\/uploads\/sites\/12\/2021\/11\/falavegna_trento_4nov2021-scaled.jpg\",\"width\":2560,\"height\":1888},{\"@type\":\"BreadcrumbList\",\"@id\":\"https:\/\/www.diocesitn.it\/clero\/2021\/11\/04\/don-falavegna-al-clero-trentino-preti-da-riformare-tra-gioie-e-fatiche-riascolta-intervento\/#breadcrumb\",\"itemListElement\":[{\"@type\":\"ListItem\",\"position\":1,\"name\":\"Home\",\"item\":\"https:\/\/www.diocesitn.it\/clero\/\"},{\"@type\":\"ListItem\",\"position\":2,\"name\":\"Don Falavegna al clero trentino: preti da riformare, tra gioie e fatiche (riascolta intervento)\"}]},{\"@type\":\"WebSite\",\"@id\":\"https:\/\/www.diocesitn.it\/clero\/#website\",\"url\":\"https:\/\/www.diocesitn.it\/clero\/\",\"name\":\"Clero\",\"description\":\"Chiesa di TRENTO\",\"potentialAction\":[{\"@type\":\"SearchAction\",\"target\":{\"@type\":\"EntryPoint\",\"urlTemplate\":\"https:\/\/www.diocesitn.it\/clero\/?s={search_term_string}\"},\"query-input\":\"required name=search_term_string\"}],\"inLanguage\":\"it-IT\"},{\"@type\":\"ImageObject\",\"inLanguage\":\"it-IT\",\"@id\":\"https:\/\/www.diocesitn.it\/clero\/2021\/11\/04\/don-falavegna-al-clero-trentino-preti-da-riformare-tra-gioie-e-fatiche-riascolta-intervento\/#local-main-organization-logo\",\"url\":\"\",\"contentUrl\":\"\",\"caption\":\"Clero\"}]}<\/script>\n<!-- \/ Yoast SEO Premium plugin. -->","yoast_head_json":{"title":"Don Falavegna al clero trentino: preti da riformare, tra gioie e fatiche (riascolta intervento) - Clero","robots":{"index":"index","follow":"follow","max-snippet":"max-snippet:-1","max-image-preview":"max-image-preview:large","max-video-preview":"max-video-preview:-1"},"canonical":"https:\/\/www.diocesitn.it\/clero\/2021\/11\/04\/don-falavegna-al-clero-trentino-preti-da-riformare-tra-gioie-e-fatiche-riascolta-intervento\/","og_locale":"it_IT","og_type":"article","og_title":"Don Falavegna al clero trentino: preti da riformare, tra gioie e fatiche (riascolta intervento)","og_description":"&#8220;Siamo interpellati da una realt\u00e0 diversa, che la pandemia ha accelerato. Sentiamo la necessit\u00e0 di una riforma del ministero presbiterale, perch\u00e9 la figura del prete \u00e8 cambiata, cos\u00ec come l&#8217;immagine di Chiesa&#8221;.\u00a0 Il pastoralista don","og_url":"https:\/\/www.diocesitn.it\/clero\/2021\/11\/04\/don-falavegna-al-clero-trentino-preti-da-riformare-tra-gioie-e-fatiche-riascolta-intervento\/","og_site_name":"Clero","article_published_time":"2021-11-04T13:19:31+00:00","article_modified_time":"2022-01-10T11:59:58+00:00","og_image":[{"width":2560,"height":1888,"url":"https:\/\/www.diocesitn.it\/clero\/wp-content\/uploads\/sites\/12\/2021\/11\/falavegna_trento_4nov2021-scaled.jpg","type":"image\/jpeg"}],"author":"Piergiorgio Franceschini","twitter_card":"summary_large_image","twitter_misc":{"Scritto da":"Piergiorgio Franceschini","Tempo di lettura stimato":"1 minuto"},"schema":{"@context":"https:\/\/schema.org","@graph":[{"@type":"WebPage","@id":"https:\/\/www.diocesitn.it\/clero\/2021\/11\/04\/don-falavegna-al-clero-trentino-preti-da-riformare-tra-gioie-e-fatiche-riascolta-intervento\/","url":"https:\/\/www.diocesitn.it\/clero\/2021\/11\/04\/don-falavegna-al-clero-trentino-preti-da-riformare-tra-gioie-e-fatiche-riascolta-intervento\/","name":"Don Falavegna al clero trentino: preti da riformare, tra gioie e fatiche (riascolta intervento) - Clero","isPartOf":{"@id":"https:\/\/www.diocesitn.it\/clero\/#website"},"primaryImageOfPage":{"@id":"https:\/\/www.diocesitn.it\/clero\/2021\/11\/04\/don-falavegna-al-clero-trentino-preti-da-riformare-tra-gioie-e-fatiche-riascolta-intervento\/#primaryimage"},"image":{"@id":"https:\/\/www.diocesitn.it\/clero\/2021\/11\/04\/don-falavegna-al-clero-trentino-preti-da-riformare-tra-gioie-e-fatiche-riascolta-intervento\/#primaryimage"},"thumbnailUrl":"https:\/\/www.diocesitn.it\/clero\/wp-content\/uploads\/sites\/12\/2021\/11\/falavegna_trento_4nov2021-scaled.jpg","datePublished":"2021-11-04T13:19:31+00:00","dateModified":"2022-01-10T11:59:58+00:00","author":{"@id":"https:\/\/www.diocesitn.it\/clero\/#\/schema\/person\/99590c84577873a025247b6aeb16ad2e"},"breadcrumb":{"@id":"https:\/\/www.diocesitn.it\/clero\/2021\/11\/04\/don-falavegna-al-clero-trentino-preti-da-riformare-tra-gioie-e-fatiche-riascolta-intervento\/#breadcrumb"},"inLanguage":"it-IT","potentialAction":[{"@type":"ReadAction","target":["https:\/\/www.diocesitn.it\/clero\/2021\/11\/04\/don-falavegna-al-clero-trentino-preti-da-riformare-tra-gioie-e-fatiche-riascolta-intervento\/"]}]},{"@type":"ImageObject","inLanguage":"it-IT","@id":"https:\/\/www.diocesitn.it\/clero\/2021\/11\/04\/don-falavegna-al-clero-trentino-preti-da-riformare-tra-gioie-e-fatiche-riascolta-intervento\/#primaryimage","url":"https:\/\/www.diocesitn.it\/clero\/wp-content\/uploads\/sites\/12\/2021\/11\/falavegna_trento_4nov2021-scaled.jpg","contentUrl":"https:\/\/www.diocesitn.it\/clero\/wp-content\/uploads\/sites\/12\/2021\/11\/falavegna_trento_4nov2021-scaled.jpg","width":2560,"height":1888},{"@type":"BreadcrumbList","@id":"https:\/\/www.diocesitn.it\/clero\/2021\/11\/04\/don-falavegna-al-clero-trentino-preti-da-riformare-tra-gioie-e-fatiche-riascolta-intervento\/#breadcrumb","itemListElement":[{"@type":"ListItem","position":1,"name":"Home","item":"https:\/\/www.diocesitn.it\/clero\/"},{"@type":"ListItem","position":2,"name":"Don Falavegna al clero trentino: preti da riformare, tra gioie e fatiche (riascolta intervento)"}]},{"@type":"WebSite","@id":"https:\/\/www.diocesitn.it\/clero\/#website","url":"https:\/\/www.diocesitn.it\/clero\/","name":"Clero","description":"Chiesa di TRENTO","potentialAction":[{"@type":"SearchAction","target":{"@type":"EntryPoint","urlTemplate":"https:\/\/www.diocesitn.it\/clero\/?s={search_term_string}"},"query-input":"required name=search_term_string"}],"inLanguage":"it-IT"},{"@type":"ImageObject","inLanguage":"it-IT","@id":"https:\/\/www.diocesitn.it\/clero\/2021\/11\/04\/don-falavegna-al-clero-trentino-preti-da-riformare-tra-gioie-e-fatiche-riascolta-intervento\/#local-main-organization-logo","url":"","contentUrl":"","caption":"Clero"}]}},"_links":{"self":[{"href":"https:\/\/www.diocesitn.it\/clero\/wp-json\/wp\/v2\/posts\/1672","targetHints":{"allow":["GET"]}}],"collection":[{"href":"https:\/\/www.diocesitn.it\/clero\/wp-json\/wp\/v2\/posts"}],"about":[{"href":"https:\/\/www.diocesitn.it\/clero\/wp-json\/wp\/v2\/types\/post"}],"author":[{"embeddable":true,"href":"https:\/\/www.diocesitn.it\/clero\/wp-json\/wp\/v2\/users\/3"}],"replies":[{"embeddable":true,"href":"https:\/\/www.diocesitn.it\/clero\/wp-json\/wp\/v2\/comments?post=1672"}],"version-history":[{"count":3,"href":"https:\/\/www.diocesitn.it\/clero\/wp-json\/wp\/v2\/posts\/1672\/revisions"}],"predecessor-version":[{"id":1705,"href":"https:\/\/www.diocesitn.it\/clero\/wp-json\/wp\/v2\/posts\/1672\/revisions\/1705"}],"wp:featuredmedia":[{"embeddable":true,"href":"https:\/\/www.diocesitn.it\/clero\/wp-json\/wp\/v2\/media\/1691"}],"wp:attachment":[{"href":"https:\/\/www.diocesitn.it\/clero\/wp-json\/wp\/v2\/media?parent=1672"}],"wp:term":[{"taxonomy":"category","embeddable":true,"href":"https:\/\/www.diocesitn.it\/clero\/wp-json\/wp\/v2\/categories?post=1672"},{"taxonomy":"post_tag","embeddable":true,"href":"https:\/\/www.diocesitn.it\/clero\/wp-json\/wp\/v2\/tags?post=1672"}],"curies":[{"name":"wp","href":"https:\/\/api.w.org\/{rel}","templated":true}]}}