{"id":9967,"date":"2021-10-05T12:28:16","date_gmt":"2021-10-05T10:28:16","guid":{"rendered":"https:\/\/www.diocesitn.it\/area-testimonianza\/?p=9967"},"modified":"2024-09-25T09:44:06","modified_gmt":"2024-09-25T07:44:06","slug":"religion-today-2021-trionfa-il-dialogo-tramite-il-cinema-con-iran-e-israele-sul-podio-della-xxiv-edizione","status":"publish","type":"post","link":"https:\/\/www.diocesitn.it\/area-testimonianza\/2021\/10\/05\/religion-today-2021-trionfa-il-dialogo-tramite-il-cinema-con-iran-e-israele-sul-podio-della-xxiv-edizione\/","title":{"rendered":"Religion Today 2021: trionfa il dialogo tramite il cinema con Iran e Israele sul podio della XXIV edizione"},"content":{"rendered":"<div class=\"field field-name-field-data-news field-type-datetime field-label-hidden\">\n<div class=\"field-items\"><\/div>\n<\/div>\n<div class=\"field field-name-body field-type-text-with-summary field-label-hidden\">\n<div class=\"field-items\">\n<div class=\"field-item even\">\n<p>Si \u00e8 aperta la mattina di <span style=\"font-size: inherit\">mercoled\u00ec <\/span><span style=\"font-size: inherit\">29 settembre, sulle note della cantautrice piemontese <\/span><strong style=\"font-size: inherit\">Barbara Monte\u00a0<\/strong><span style=\"font-size: inherit\">accompagnata da<\/span><strong style=\"font-size: inherit\">\u00a0Valerio Carboni<\/strong><span style=\"font-size: inherit\">, a\u00a0<\/span><strong style=\"font-size: inherit\">Madonna di Campiglio<\/strong><span style=\"font-size: inherit\">\u00a0ai piedi delle\u00a0<\/span><strong style=\"font-size: inherit\">Dolomiti<\/strong><span style=\"font-size: inherit\">, la premiazione della\u00a0<\/span><strong style=\"font-size: inherit\">XXIV edizione<\/strong><span style=\"font-size: inherit\">\u00a0di\u00a0<\/span><strong style=\"font-size: inherit\">Religion Today Film Festival \u201cNomadi nella fede\u201d<\/strong><span style=\"font-size: inherit\">, dedicata a viaggio e pellegrinaggio, con un\u2019attenzione speciale per l\u2019<\/span><strong style=\"font-size: inherit\">Afghanistan<\/strong><span style=\"font-size: inherit\">.<\/span><\/p>\n<p>Al ristorante\u00a0<strong>Malga Montagnoli<\/strong>, a Madonna di Campiglio,\u00a0<strong>\u201cEsau\u201d<\/strong>, dell\u2019Israeliano\u00a0<strong>Pavel Lungin<\/strong>, moderna rivisitazione della storia biblica di Giacobbe ed Esa\u00f9 nel libro della Genesi, \u00e8 stato premiato come\u00a0<strong>miglior film<\/strong>\u00a0in concorso, mentre l\u2019iraniano \u201c<strong>Holy Bread\u201d,\u00a0<\/strong>di\u00a0<strong>Rahim Zabihi<\/strong>, \u00e8 stato nominato miglior documentario. Zabihi racconta il lavoro estremamente pericoloso dei &#8220;<em>kulbar<\/em>&#8221; curdi, lavoratori che per mantenere le loro famiglie trasportano merci attraverso il confine iraniano rischiando la vita quotidianamente.<\/p>\n<p>Proprio l\u2019Iran \u00e8 salito sul podio anche per il miglior documentario-corto, con \u201c<strong>I won\u2019t remain alone\u201d<\/strong>\u00a0di\u00a0<strong>Yaser Talebi<\/strong>.<\/p>\n<p>Il premio per il miglior cortometraggio \u00e8 stato conferito al tedesco \u201c<strong>Diversity\u201d,<\/strong>\u00a0di\u00a0<strong>Martina Huismann<\/strong>\u00a0e\u00a0<strong>Marc Eggers<\/strong>.<\/p>\n<p>Il\u00a0<strong>\u201cGran Premio nello Spirito della Fede\u201d<\/strong>\u00a0se l\u2019\u00e8 guadagnato\u00a0<strong>\u201cMen of God\u201d<\/strong>, di\u00a0<strong>Yelena Popovic<\/strong>, prodotto negli Stati Uniti, racconta la storia del vescovo greco ortodosso San Nettario di Egina.<\/p>\n<p>Le numerose giurie testimoniano la ricchezza delle\u00a0<strong>partnership\u00a0<\/strong>di Religion Today, che si ampliano di edizione in edizione: la giuria Pontificia Universit\u00e0 Salesiana; la giuria Conservatorio Musicale F.A. Bonporti di Trento; la giuria Centro Missionario Diocesano e Pastorale delle Migrazioni; la giuria Arco \u201cCon gli Occhi di Donna\u201d; la giuria CinemAMoRE\u00a0e la giuria Forum per la Pace e i Diritti Umani.<\/p>\n<p class=\"Didefault\">Il premio\u00a0<b>\u201cNello Spirito delle Dolomiti\u201d<\/b>\u00a0\u00e8 stato conferito al documentario italiano\u00a0<b>\u201cSiamo qui da Vent\u2019anni\u201d<\/b>, di\u00a0<b>Sandro Bozzolo<\/b>, che racconta il pluralismo culturale e religioso che negli ultimi due decenni ha ridisegnato le societ\u00e0 alpine italiane, in un inedito intreccio di vita tra autoctoni e migranti, tra fedi e culture vicine e lontane, rivela i molteplici cambiamenti generati dalla globalizzazione.<\/p>\n<p class=\"Didefault\">Il premio\u00a0<b>\u201cSignis\u201d<\/b>, riconoscimento dato dalla Giuria promossa dall&#8217;Associazione Cattolica Mondiale per la Comunicazione, \u00e8 andato a\u00a0<b>\u201cNeighbours\u201d<\/b>\u00a0di\u00a0<b>Mano Khali<\/b>, Svizzera: \u00e8 la storia di un bambino curdo che vive tra Siria e Turchia.<\/p>\n<p class=\"Didefault\">\u201c\u00c8 stato un Festival in cui si \u00e8 vista chiaramente la voglia di ricominciare da parte della gente, che ha riempito il tendone in piazza Fiera e le sale cinematografiche\u201d, racconta<b>\u00a0Alberto Beltrami<\/b>,\u00a0<b>presidente\u00a0<\/b>dell\u2019<b>Associazione Bianconero<\/b>, che ogni anno organizza il Religion Today Film Festival\u00a0\u201ctante sono state le forme d\u2019arte presentate, numerosi e talentuosi gli artisti e lo staff di giovani lavoratori, volontari e tirocinanti di Religion Today \u00e8 stato molto valido. Ora aspettiamo la XXV edizione, con una voglia di incontro e dialogo ancora pi\u00f9 grande.\u201d<\/p>\n<p class=\"Didefault\">\u201cQuesta edizione ci ha regalato grandissime soddisfazioni, a partire dalle valli e dalle nuove location del Festival, Baselga di Pin\u00e8, Lavarone e Oies, che hanno raccolto un grande pubblico, partecipe e interessato anche nel dialogo con i registi e con lo staff di Religion Today\u201d spiega il\u00a0<b>direttore artistico<\/b>\u00a0del Film Festival,\u00a0<b>Andrea Morghen<\/b>, che continua \u201cE\u2019 stata un\u2019edizione straordinaria: non abbiamo mai fatto cos\u00ec tanti eventi ed \u00e8 durata non una settimana, ma ben dieci giorni. Lo sforzo organizzativo \u00e8 stato enorme ma ora siamo veramente felici. \u00c8 stato bellissimo concludere marted\u00ec a\u00a0<b>Bolzano<\/b>, davanti a\u00a0<b>100 giovani<\/b>\u00a0dai 14 ai 29 anni, con la premiazione della giuria Film for our Future; otto di loro sono stati anche coinvolti dalla giuria nella scelta del vincitore\u201d.<\/p>\n<p class=\"DidefaultA\"><b>Film for our Future<\/b>\u00a0\u00e8 un\u00a0network internazionale che conta 9 festival di cinema da diversi paesi europei e non solo, tra cui Religion Today. La\u00a0<i>mission<\/i>\u00a0della rete \u00e8 quella di creare un impatto sulla nostra realt\u00e0, coinvolgendo attivamente i giovani registi e mostrando la loro capacit\u00e0 di informare e ispirare persone di ogni ceto sociale sulle sfide globali che il nostro mondo moderno deve affrontare.<\/p>\n<p class=\"Didefault\">A\u00a0<b>Bolzano<\/b>\u00a0la giuria di giovani ha premiato il\u00a0<b>cortometraggio iraniano \u201cCongenital\u201d<\/b>,\u00a0di\u00a0<b>Saman Hosseinpuo\u00a0<\/b>e\u00a0<b>Ako Zandkarimi<\/b>.\u00a0I ragazzi e le ragazze hanno motivato la scelta ponendo un\u2019attenzione particolare al tema dei diritti umani, soprattutto a quelli delle donne, concentrandosi sul problema delle bambine spose. Ha ritirato il premio il membro della giuria di questa edizione del Festival<strong>\u00a0Elaheh Nobakht<\/strong>, una delle donne pioniere dell&#8217;<strong>industria cinematografica iraniana.\u00a0<\/strong>Nobahkt ha esortato i giovani di Bolzano a prendersi la responsabilit\u00e0 di provare a raccontare il mondo, anche attraverso una cinepresa.<\/p>\n<p>Il giorno di chiusura\u00a0 sono stati proiettati i film vincitori al <strong>Multisala Modena\u00a0<\/strong>di<strong> Trento\u00a0<\/strong>dalle 17<span style=\"font-size: inherit\">, mentre alle 21, al\u00a0<\/span><strong style=\"font-size: inherit\">Teatro San Marco<\/strong><span style=\"font-size: inherit\">, il Festival si \u00e8 concluso ufficialmente con lo\u00a0<\/span><strong style=\"font-size: inherit\">spettacolo teatrale \u201cLa Commedia in Barca. Di porto in porto per terre e per acque\u201d<\/strong><span style=\"font-size: inherit\">, una co-produzione della compagnia\u00a0<\/span><strong style=\"font-size: inherit\">La Gazza Ladra\u00a0<\/strong><span style=\"font-size: inherit\">e<\/span><strong style=\"font-size: inherit\">\u00a0Porto Arlecchino<\/strong><span style=\"font-size: inherit\">.<\/span><\/p>\n<p>Il prossimo appuntamento di Religion Today, dopo aver girato il trentino e ospitato registi e attori nazionali e internazionali, sar\u00e0 a\u00a0<strong>Roma<\/strong>, all\u2019<strong>Universit\u00e0 Pontificia Salesiana<\/strong>, con il\u00a0<strong>Seminario Accademico Religion Today 2021<\/strong>, in attesa della\u00a0<strong>prossima edizione, la venticinquesima<\/strong>.<\/p>\n<p>&nbsp;<\/p>\n<p><strong>DI SEGUITO, I PREMI E I RISULTATI DEL RELIGION TODAY FILM FESTIVAL 2021<\/strong><\/p>\n<ul>\n<li>GIURIA INTERNAZIONALE \/ main jury\n<ul>\n<li>\u200b<strong><var><u>Miglior Film \/ Best Feature Film<br \/>\n<\/u><\/var><\/strong><strong>Esau<\/strong>\u00a0by Pavel Lungin,\u00a0<em>Israel<\/em><\/li>\n<li><strong><var><u>Miglior Documentario \/ Best Documentary<br \/>\n<\/u><\/var><\/strong><strong>Holy Bread<\/strong>\u00a0by Rahim Zabihi,\u00a0<em>Iran<\/em><\/li>\n<li><em><u>Special mention<br \/>\n<\/u><\/em><strong>The Conference Of The Birds<\/strong>\u00a0by Shahab Kermani,\u00a0<em>Germany<\/em><\/li>\n<li><strong><var><u>Miglior Documentario Corto \/ Best Short Documentary<br \/>\n<\/u><\/var><\/strong><strong>I won\u2019t remain alone<\/strong>\u00a0by Yaser Talebi,\u00a0<em>Iran<\/em><\/li>\n<li><em><u>Special mention<br \/>\n<\/u><\/em><strong>Navras\u00a0<\/strong>by Marco Huertas,\u00a0<em>Spain<\/em><\/li>\n<li><strong style=\"font-size: inherit\"><var><u>Miglior Cortometraggio \/ Best Short<br \/>\n<\/u><\/var><\/strong><strong>Diversity<\/strong>\u00a0by Martina Huismann, Marc Eggers,\u00a0<em>Germany<\/em><\/li>\n<li><em><u>Special mention<br \/>\n<\/u><\/em><strong>The End of the World\u00a0<\/strong>by Taras Valihura,\u00a0<em>Ukraine<\/em><\/li>\n<li><strong><var><u>Gran Premio nello Spirito della Fede \/ Grand Prize in the Spirit of Faith<br \/>\n<\/u><\/var><\/strong><strong>Man of God<\/strong>\u00a0by Yelena Popovic,\u00a0<em>United States<\/em><\/li>\n<\/ul>\n<\/li>\n<li>GIURIA FORUM PER LA PACE E DI DIRITTI UMANI \/ Jury Forum Trentino for Peace and Human Rights\n<ul>\n<li><strong><var><em>Nello spirito della Pace \/ In the Spirit of Peace<br \/>\n<\/em><\/var><\/strong><strong>The Blue Girl<\/strong>\u00a0by Keivan Majidi,\u00a0<em>Iran<\/em><\/li>\n<\/ul>\n<\/li>\n<li>GIURIA ARCO CON GLI OCCHI DI DONNA Inter-religious jury Municipality of Arco\n<ul>\n<li><strong><var><u>Religioni con gli occhi di donna \/ Religions Through Women\u2019s Eyes<br \/>\n<\/u><\/var><\/strong><strong>Not My Mother&#8217;s Baking<\/strong>\u00a0by Remi M Sali, Singapore<\/li>\n<\/ul>\n<\/li>\n<li>GIURIA CENTRO MISSIONARIO DIOCESANO E PASTORALE DELLE MIGRAZIONI \/ Jury Diocesan Missionary Center and Migration Pastoral\n<ul>\n<li><strong><var><u>Migrazioni e Coesistenza \/ Migrations and Coexistence<br \/>\n<\/u><\/var><\/strong><strong>The Pilgrimage to Magdalena\u00a0<\/strong>by Alex La Pierre &amp; Jerry Haas, United States<\/li>\n<\/ul>\n<\/li>\n<li>GIURIA\u00a0 CONSERVATORIO MUSICALE F.A.BONPORTI, TRENTO \/ Jury of the Music Conservatory \u201cF.A. Bonporti\u201d Trento\n<ul>\n<li><strong><var><u>Miglior Colonna Sonora \/ Best Soundtrack<\/u><\/var><\/strong><\/li>\n<li><u>EX AEQUO:<br \/>\n<\/u><strong>Shambala<\/strong>\u00a0by Artykpai Suiundukov,\u00a0<em>Kyrgyzstan<br \/>\n<\/em><strong>Hinterland\u00a0<\/strong>by Vito Ranucci<\/li>\n<\/ul>\n<\/li>\n<li>GIURIA PONTIFICIA UNIVERSIT\u00e0 SALESIANA \/ Jury Salesian Pontifical University\n<ul>\n<li><strong><var><u>Nuovi Sguardi \/ New Gazes<br \/>\n<\/u><\/var><\/strong><strong>Regina<\/strong>\u00a0by Alessandro Grande, Italia<\/li>\n<li><em><u>Special mention<br \/>\n<\/u><\/em><strong>Time to eat<\/strong>\u00a0by Seongsik Lee, Korea<\/li>\n<\/ul>\n<\/li>\n<li>GIURIA CINEMAMORE \/ Jury CinemAMoRe\n<ul>\n<li><strong><var><u>Popoli e religioni \/ Peoples and Religions<br \/>\n<\/u><\/var><\/strong><strong>Eight Mothers<\/strong>\u00a0by Jacek Komorowski, Germania<\/li>\n<\/ul>\n<\/li>\n<li>GIURIA DOLOMITI \/ Jury Dolomites\n<ul>\n<li><strong><var><u>Nello spirito delle Dolomiti \/ In The Spirit Of Dolomites<br \/>\n<\/u><\/var><\/strong><strong>Twenty Years Now<\/strong>\u00a0by Sandro Bozzolo, Italy<\/li>\n<\/ul>\n<\/li>\n<li>GIURIA SIGNIS\n<ul>\n<li><strong><var>Signis<br \/>\n<\/var><\/strong><strong>Neighbours<\/strong>, Mano Khali, Switzerlandl<\/li>\n<li><var>Special Mention<br \/>\n<\/var><strong>Omar and Us<\/strong>\u00a0by Maryna Er Gorbach e Mehmet Bahadir Er,Turkey<\/li>\n<\/ul>\n<\/li>\n<li>GIURIA FILM FOR OUR FUTURE\n<ul>\n<li><strong><var><u>Film For Our Future<br \/>\n<\/u><\/var><\/strong><strong>Congenital<\/strong> by Saman Hosseinpuo- Ako Zandkarimi, Iran<\/li>\n<\/ul>\n<\/li>\n<li>MENZIONI SPECIALI DEL FESTIVAL\n<ul>\n<li><strong>L&#8217;incontro<\/strong>\u00a0by Salvatore Romano, Italy<\/li>\n<li><strong>My Israeli<\/strong>\u00a0Friend by Hermann Weiskopf, Austria<\/li>\n<li><strong>Chiara Lubich<\/strong>\u00a0by Giacomo Campiotti, Italy<\/li>\n<\/ul>\n<\/li>\n<\/ul>\n<\/div>\n<\/div>\n<\/div>\n","protected":false},"excerpt":{"rendered":"<p>Si \u00e8 aperta la mattina di mercoled\u00ec 29 settembre, sulle note della cantautrice piemontese Barbara Monte\u00a0accompagnata da\u00a0Valerio Carboni, a\u00a0Madonna di Campiglio\u00a0ai piedi delle\u00a0Dolomiti, la premiazione della\u00a0XXIV edizione\u00a0di\u00a0Religion Today Film Festival \u201cNomadi nella fede\u201d, dedicata a<\/p>\n","protected":false},"author":161,"featured_media":9968,"comment_status":"closed","ping_status":"closed","sticky":false,"template":"","format":"standard","meta":{"footnotes":""},"categories":[1695,1074],"tags":[1764,2368],"class_list":["post-9967","post","type-post","status-publish","format-standard","has-post-thumbnail","hentry","category-area-testimonianza-e-impegno-sociale","category-notizie","tag-1764","tag-religion-today-film-festival"],"acf":{"seed-localization-paese-cod":"IT","seed-localization-address":"","seed-localization-citta":"Trento","seed-localization-regione-cod-istat":"04","seed-localization-citta-cod-istat":"022205","seed-localization-localita":"","seed-localization-cap":"","seed-localization-marker-visibility":false,"seed-localization-children-visibility":false,"seed-localization-kml":"","seed-localization-custom-marker":""},"yoast_head":"<!-- This site is optimized with the Yoast SEO Premium plugin v20.2.1 (Yoast SEO v22.2) - https:\/\/yoast.com\/wordpress\/plugins\/seo\/ -->\n<title>Religion Today 2021: trionfa il dialogo tramite il cinema con Iran e Israele sul podio della XXIV edizione - Testimonianza e Impegno sociale<\/title>\n<meta name=\"robots\" content=\"index, follow, max-snippet:-1, max-image-preview:large, max-video-preview:-1\" \/>\n<link rel=\"canonical\" href=\"https:\/\/www.diocesitn.it\/area-testimonianza\/2021\/10\/05\/religion-today-2021-trionfa-il-dialogo-tramite-il-cinema-con-iran-e-israele-sul-podio-della-xxiv-edizione\/\" \/>\n<meta property=\"og:locale\" content=\"it_IT\" \/>\n<meta property=\"og:type\" content=\"article\" \/>\n<meta property=\"og:title\" content=\"Religion Today 2021: trionfa il dialogo tramite il cinema con Iran e Israele sul podio della XXIV edizione\" \/>\n<meta property=\"og:description\" content=\"Si \u00e8 aperta la mattina di mercoled\u00ec 29 settembre, sulle note della cantautrice piemontese Barbara Monte\u00a0accompagnata da\u00a0Valerio Carboni, a\u00a0Madonna di Campiglio\u00a0ai piedi delle\u00a0Dolomiti, la premiazione della\u00a0XXIV edizione\u00a0di\u00a0Religion Today Film Festival \u201cNomadi nella fede\u201d, dedicata a\" \/>\n<meta property=\"og:url\" content=\"https:\/\/www.diocesitn.it\/area-testimonianza\/2021\/10\/05\/religion-today-2021-trionfa-il-dialogo-tramite-il-cinema-con-iran-e-israele-sul-podio-della-xxiv-edizione\/\" \/>\n<meta property=\"og:site_name\" content=\"Testimonianza e Impegno sociale\" \/>\n<meta property=\"article:published_time\" content=\"2021-10-05T10:28:16+00:00\" \/>\n<meta property=\"article:modified_time\" content=\"2024-09-25T07:44:06+00:00\" \/>\n<meta property=\"og:image\" content=\"https:\/\/www.diocesitn.it\/area-testimonianza\/wp-content\/uploads\/sites\/37\/2021\/10\/man-of-god-scaled.jpg\" \/>\n\t<meta property=\"og:image:width\" content=\"2560\" \/>\n\t<meta property=\"og:image:height\" content=\"1384\" \/>\n\t<meta property=\"og:image:type\" content=\"image\/jpeg\" \/>\n<meta name=\"author\" content=\"smaule\" \/>\n<meta name=\"twitter:card\" content=\"summary_large_image\" \/>\n<meta name=\"twitter:label1\" content=\"Scritto da\" \/>\n\t<meta name=\"twitter:data1\" content=\"smaule\" \/>\n\t<meta name=\"twitter:label2\" content=\"Tempo di lettura stimato\" \/>\n\t<meta name=\"twitter:data2\" content=\"6 minuti\" \/>\n<script type=\"application\/ld+json\" class=\"yoast-schema-graph\">{\"@context\":\"https:\/\/schema.org\",\"@graph\":[{\"@type\":\"Article\",\"@id\":\"https:\/\/www.diocesitn.it\/area-testimonianza\/2021\/10\/05\/religion-today-2021-trionfa-il-dialogo-tramite-il-cinema-con-iran-e-israele-sul-podio-della-xxiv-edizione\/#article\",\"isPartOf\":{\"@id\":\"https:\/\/www.diocesitn.it\/area-testimonianza\/2021\/10\/05\/religion-today-2021-trionfa-il-dialogo-tramite-il-cinema-con-iran-e-israele-sul-podio-della-xxiv-edizione\/\"},\"author\":{\"name\":\"smaule\",\"@id\":\"https:\/\/www.diocesitn.it\/area-testimonianza\/#\/schema\/person\/bac489aafb7f98c1ca25f76c27174a95\"},\"headline\":\"Religion Today 2021: trionfa il dialogo tramite il cinema con Iran e Israele sul podio della XXIV edizione\",\"datePublished\":\"2021-10-05T10:28:16+00:00\",\"dateModified\":\"2024-09-25T07:44:06+00:00\",\"mainEntityOfPage\":{\"@id\":\"https:\/\/www.diocesitn.it\/area-testimonianza\/2021\/10\/05\/religion-today-2021-trionfa-il-dialogo-tramite-il-cinema-con-iran-e-israele-sul-podio-della-xxiv-edizione\/\"},\"wordCount\":1184,\"publisher\":{\"@id\":\"https:\/\/www.diocesitn.it\/area-testimonianza\/#organization\"},\"image\":{\"@id\":\"https:\/\/www.diocesitn.it\/area-testimonianza\/2021\/10\/05\/religion-today-2021-trionfa-il-dialogo-tramite-il-cinema-con-iran-e-israele-sul-podio-della-xxiv-edizione\/#primaryimage\"},\"thumbnailUrl\":\"https:\/\/www.diocesitn.it\/area-testimonianza\/wp-content\/uploads\/sites\/37\/2021\/10\/man-of-god-scaled.jpg\",\"keywords\":[\"2021\",\"Religion Today Film Festival\"],\"articleSection\":[\"Area Testimonianza e Impegno sociale\",\"Notizie\"],\"inLanguage\":\"it-IT\",\"copyrightYear\":\"2021\",\"copyrightHolder\":{\"@id\":\"https:\/\/www.diocesitn.it\/#organization\"}},{\"@type\":\"WebPage\",\"@id\":\"https:\/\/www.diocesitn.it\/area-testimonianza\/2021\/10\/05\/religion-today-2021-trionfa-il-dialogo-tramite-il-cinema-con-iran-e-israele-sul-podio-della-xxiv-edizione\/\",\"url\":\"https:\/\/www.diocesitn.it\/area-testimonianza\/2021\/10\/05\/religion-today-2021-trionfa-il-dialogo-tramite-il-cinema-con-iran-e-israele-sul-podio-della-xxiv-edizione\/\",\"name\":\"Religion Today 2021: trionfa il dialogo tramite il cinema con Iran e Israele sul podio della XXIV edizione - Testimonianza e Impegno sociale\",\"isPartOf\":{\"@id\":\"https:\/\/www.diocesitn.it\/area-testimonianza\/#website\"},\"primaryImageOfPage\":{\"@id\":\"https:\/\/www.diocesitn.it\/area-testimonianza\/2021\/10\/05\/religion-today-2021-trionfa-il-dialogo-tramite-il-cinema-con-iran-e-israele-sul-podio-della-xxiv-edizione\/#primaryimage\"},\"image\":{\"@id\":\"https:\/\/www.diocesitn.it\/area-testimonianza\/2021\/10\/05\/religion-today-2021-trionfa-il-dialogo-tramite-il-cinema-con-iran-e-israele-sul-podio-della-xxiv-edizione\/#primaryimage\"},\"thumbnailUrl\":\"https:\/\/www.diocesitn.it\/area-testimonianza\/wp-content\/uploads\/sites\/37\/2021\/10\/man-of-god-scaled.jpg\",\"datePublished\":\"2021-10-05T10:28:16+00:00\",\"dateModified\":\"2024-09-25T07:44:06+00:00\",\"breadcrumb\":{\"@id\":\"https:\/\/www.diocesitn.it\/area-testimonianza\/2021\/10\/05\/religion-today-2021-trionfa-il-dialogo-tramite-il-cinema-con-iran-e-israele-sul-podio-della-xxiv-edizione\/#breadcrumb\"},\"inLanguage\":\"it-IT\",\"potentialAction\":[{\"@type\":\"ReadAction\",\"target\":[\"https:\/\/www.diocesitn.it\/area-testimonianza\/2021\/10\/05\/religion-today-2021-trionfa-il-dialogo-tramite-il-cinema-con-iran-e-israele-sul-podio-della-xxiv-edizione\/\"]}]},{\"@type\":\"ImageObject\",\"inLanguage\":\"it-IT\",\"@id\":\"https:\/\/www.diocesitn.it\/area-testimonianza\/2021\/10\/05\/religion-today-2021-trionfa-il-dialogo-tramite-il-cinema-con-iran-e-israele-sul-podio-della-xxiv-edizione\/#primaryimage\",\"url\":\"https:\/\/www.diocesitn.it\/area-testimonianza\/wp-content\/uploads\/sites\/37\/2021\/10\/man-of-god-scaled.jpg\",\"contentUrl\":\"https:\/\/www.diocesitn.it\/area-testimonianza\/wp-content\/uploads\/sites\/37\/2021\/10\/man-of-god-scaled.jpg\",\"width\":2560,\"height\":1384},{\"@type\":\"BreadcrumbList\",\"@id\":\"https:\/\/www.diocesitn.it\/area-testimonianza\/2021\/10\/05\/religion-today-2021-trionfa-il-dialogo-tramite-il-cinema-con-iran-e-israele-sul-podio-della-xxiv-edizione\/#breadcrumb\",\"itemListElement\":[{\"@type\":\"ListItem\",\"position\":1,\"name\":\"Home\",\"item\":\"https:\/\/www.diocesitn.it\/area-testimonianza\/\"},{\"@type\":\"ListItem\",\"position\":2,\"name\":\"Religion Today 2021: trionfa il dialogo tramite il cinema con Iran e Israele sul podio della XXIV edizione\"}]},{\"@type\":\"WebSite\",\"@id\":\"https:\/\/www.diocesitn.it\/area-testimonianza\/#website\",\"url\":\"https:\/\/www.diocesitn.it\/area-testimonianza\/\",\"name\":\"Testimonianza e Impegno sociale\",\"description\":\"Chiesa di Trento\",\"publisher\":{\"@id\":\"https:\/\/www.diocesitn.it\/area-testimonianza\/#organization\"},\"potentialAction\":[{\"@type\":\"SearchAction\",\"target\":{\"@type\":\"EntryPoint\",\"urlTemplate\":\"https:\/\/www.diocesitn.it\/area-testimonianza\/?s={search_term_string}\"},\"query-input\":\"required name=search_term_string\"}],\"inLanguage\":\"it-IT\"},{\"@type\":[\"Organization\",\"Place\"],\"@id\":\"https:\/\/www.diocesitn.it\/area-testimonianza\/#organization\",\"name\":\"Area Testimonianza e Impegno Sociale - Chiesa di Trento\",\"url\":\"https:\/\/www.diocesitn.it\/area-testimonianza\/\",\"logo\":{\"@id\":\"https:\/\/www.diocesitn.it\/area-testimonianza\/2021\/10\/05\/religion-today-2021-trionfa-il-dialogo-tramite-il-cinema-con-iran-e-israele-sul-podio-della-xxiv-edizione\/#local-main-organization-logo\"},\"image\":{\"@id\":\"https:\/\/www.diocesitn.it\/area-testimonianza\/2021\/10\/05\/religion-today-2021-trionfa-il-dialogo-tramite-il-cinema-con-iran-e-israele-sul-podio-della-xxiv-edizione\/#local-main-organization-logo\"},\"openingHoursSpecification\":[{\"@type\":\"OpeningHoursSpecification\",\"dayOfWeek\":[\"Monday\",\"Tuesday\",\"Wednesday\",\"Thursday\",\"Friday\",\"Saturday\",\"Sunday\"],\"opens\":\"09:00\",\"closes\":\"17:00\"}]},{\"@type\":\"ImageObject\",\"inLanguage\":\"it-IT\",\"@id\":\"https:\/\/www.diocesitn.it\/area-testimonianza\/2021\/10\/05\/religion-today-2021-trionfa-il-dialogo-tramite-il-cinema-con-iran-e-israele-sul-podio-della-xxiv-edizione\/#local-main-organization-logo\",\"url\":\"https:\/\/www.diocesitn.it\/area-testimonianza\/wp-content\/uploads\/sites\/37\/2021\/09\/og-logo-testimonianza-e-impegno-sociale.jpg\",\"contentUrl\":\"https:\/\/www.diocesitn.it\/area-testimonianza\/wp-content\/uploads\/sites\/37\/2021\/09\/og-logo-testimonianza-e-impegno-sociale.jpg\",\"width\":1200,\"height\":630,\"caption\":\"Area Testimonianza e Impegno Sociale - Chiesa di Trento\"}]}<\/script>\n<!-- \/ Yoast SEO Premium plugin. -->","yoast_head_json":{"title":"Religion Today 2021: trionfa il dialogo tramite il cinema con Iran e Israele sul podio della XXIV edizione - Testimonianza e Impegno sociale","robots":{"index":"index","follow":"follow","max-snippet":"max-snippet:-1","max-image-preview":"max-image-preview:large","max-video-preview":"max-video-preview:-1"},"canonical":"https:\/\/www.diocesitn.it\/area-testimonianza\/2021\/10\/05\/religion-today-2021-trionfa-il-dialogo-tramite-il-cinema-con-iran-e-israele-sul-podio-della-xxiv-edizione\/","og_locale":"it_IT","og_type":"article","og_title":"Religion Today 2021: trionfa il dialogo tramite il cinema con Iran e Israele sul podio della XXIV edizione","og_description":"Si \u00e8 aperta la mattina di mercoled\u00ec 29 settembre, sulle note della cantautrice piemontese Barbara Monte\u00a0accompagnata da\u00a0Valerio Carboni, a\u00a0Madonna di Campiglio\u00a0ai piedi delle\u00a0Dolomiti, la premiazione della\u00a0XXIV edizione\u00a0di\u00a0Religion Today Film Festival \u201cNomadi nella fede\u201d, dedicata a","og_url":"https:\/\/www.diocesitn.it\/area-testimonianza\/2021\/10\/05\/religion-today-2021-trionfa-il-dialogo-tramite-il-cinema-con-iran-e-israele-sul-podio-della-xxiv-edizione\/","og_site_name":"Testimonianza e Impegno sociale","article_published_time":"2021-10-05T10:28:16+00:00","article_modified_time":"2024-09-25T07:44:06+00:00","og_image":[{"width":2560,"height":1384,"url":"https:\/\/www.diocesitn.it\/area-testimonianza\/wp-content\/uploads\/sites\/37\/2021\/10\/man-of-god-scaled.jpg","type":"image\/jpeg"}],"author":"smaule","twitter_card":"summary_large_image","twitter_misc":{"Scritto da":"smaule","Tempo di lettura stimato":"6 minuti"},"schema":{"@context":"https:\/\/schema.org","@graph":[{"@type":"Article","@id":"https:\/\/www.diocesitn.it\/area-testimonianza\/2021\/10\/05\/religion-today-2021-trionfa-il-dialogo-tramite-il-cinema-con-iran-e-israele-sul-podio-della-xxiv-edizione\/#article","isPartOf":{"@id":"https:\/\/www.diocesitn.it\/area-testimonianza\/2021\/10\/05\/religion-today-2021-trionfa-il-dialogo-tramite-il-cinema-con-iran-e-israele-sul-podio-della-xxiv-edizione\/"},"author":{"name":"smaule","@id":"https:\/\/www.diocesitn.it\/area-testimonianza\/#\/schema\/person\/bac489aafb7f98c1ca25f76c27174a95"},"headline":"Religion Today 2021: trionfa il dialogo tramite il cinema con Iran e Israele sul podio della XXIV edizione","datePublished":"2021-10-05T10:28:16+00:00","dateModified":"2024-09-25T07:44:06+00:00","mainEntityOfPage":{"@id":"https:\/\/www.diocesitn.it\/area-testimonianza\/2021\/10\/05\/religion-today-2021-trionfa-il-dialogo-tramite-il-cinema-con-iran-e-israele-sul-podio-della-xxiv-edizione\/"},"wordCount":1184,"publisher":{"@id":"https:\/\/www.diocesitn.it\/area-testimonianza\/#organization"},"image":{"@id":"https:\/\/www.diocesitn.it\/area-testimonianza\/2021\/10\/05\/religion-today-2021-trionfa-il-dialogo-tramite-il-cinema-con-iran-e-israele-sul-podio-della-xxiv-edizione\/#primaryimage"},"thumbnailUrl":"https:\/\/www.diocesitn.it\/area-testimonianza\/wp-content\/uploads\/sites\/37\/2021\/10\/man-of-god-scaled.jpg","keywords":["2021","Religion Today Film Festival"],"articleSection":["Area Testimonianza e Impegno sociale","Notizie"],"inLanguage":"it-IT","copyrightYear":"2021","copyrightHolder":{"@id":"https:\/\/www.diocesitn.it\/#organization"}},{"@type":"WebPage","@id":"https:\/\/www.diocesitn.it\/area-testimonianza\/2021\/10\/05\/religion-today-2021-trionfa-il-dialogo-tramite-il-cinema-con-iran-e-israele-sul-podio-della-xxiv-edizione\/","url":"https:\/\/www.diocesitn.it\/area-testimonianza\/2021\/10\/05\/religion-today-2021-trionfa-il-dialogo-tramite-il-cinema-con-iran-e-israele-sul-podio-della-xxiv-edizione\/","name":"Religion Today 2021: trionfa il dialogo tramite il cinema con Iran e Israele sul podio della XXIV edizione - Testimonianza e Impegno sociale","isPartOf":{"@id":"https:\/\/www.diocesitn.it\/area-testimonianza\/#website"},"primaryImageOfPage":{"@id":"https:\/\/www.diocesitn.it\/area-testimonianza\/2021\/10\/05\/religion-today-2021-trionfa-il-dialogo-tramite-il-cinema-con-iran-e-israele-sul-podio-della-xxiv-edizione\/#primaryimage"},"image":{"@id":"https:\/\/www.diocesitn.it\/area-testimonianza\/2021\/10\/05\/religion-today-2021-trionfa-il-dialogo-tramite-il-cinema-con-iran-e-israele-sul-podio-della-xxiv-edizione\/#primaryimage"},"thumbnailUrl":"https:\/\/www.diocesitn.it\/area-testimonianza\/wp-content\/uploads\/sites\/37\/2021\/10\/man-of-god-scaled.jpg","datePublished":"2021-10-05T10:28:16+00:00","dateModified":"2024-09-25T07:44:06+00:00","breadcrumb":{"@id":"https:\/\/www.diocesitn.it\/area-testimonianza\/2021\/10\/05\/religion-today-2021-trionfa-il-dialogo-tramite-il-cinema-con-iran-e-israele-sul-podio-della-xxiv-edizione\/#breadcrumb"},"inLanguage":"it-IT","potentialAction":[{"@type":"ReadAction","target":["https:\/\/www.diocesitn.it\/area-testimonianza\/2021\/10\/05\/religion-today-2021-trionfa-il-dialogo-tramite-il-cinema-con-iran-e-israele-sul-podio-della-xxiv-edizione\/"]}]},{"@type":"ImageObject","inLanguage":"it-IT","@id":"https:\/\/www.diocesitn.it\/area-testimonianza\/2021\/10\/05\/religion-today-2021-trionfa-il-dialogo-tramite-il-cinema-con-iran-e-israele-sul-podio-della-xxiv-edizione\/#primaryimage","url":"https:\/\/www.diocesitn.it\/area-testimonianza\/wp-content\/uploads\/sites\/37\/2021\/10\/man-of-god-scaled.jpg","contentUrl":"https:\/\/www.diocesitn.it\/area-testimonianza\/wp-content\/uploads\/sites\/37\/2021\/10\/man-of-god-scaled.jpg","width":2560,"height":1384},{"@type":"BreadcrumbList","@id":"https:\/\/www.diocesitn.it\/area-testimonianza\/2021\/10\/05\/religion-today-2021-trionfa-il-dialogo-tramite-il-cinema-con-iran-e-israele-sul-podio-della-xxiv-edizione\/#breadcrumb","itemListElement":[{"@type":"ListItem","position":1,"name":"Home","item":"https:\/\/www.diocesitn.it\/area-testimonianza\/"},{"@type":"ListItem","position":2,"name":"Religion Today 2021: trionfa il dialogo tramite il cinema con Iran e Israele sul podio della XXIV edizione"}]},{"@type":"WebSite","@id":"https:\/\/www.diocesitn.it\/area-testimonianza\/#website","url":"https:\/\/www.diocesitn.it\/area-testimonianza\/","name":"Testimonianza e Impegno sociale","description":"Chiesa di Trento","publisher":{"@id":"https:\/\/www.diocesitn.it\/area-testimonianza\/#organization"},"potentialAction":[{"@type":"SearchAction","target":{"@type":"EntryPoint","urlTemplate":"https:\/\/www.diocesitn.it\/area-testimonianza\/?s={search_term_string}"},"query-input":"required name=search_term_string"}],"inLanguage":"it-IT"},{"@type":["Organization","Place"],"@id":"https:\/\/www.diocesitn.it\/area-testimonianza\/#organization","name":"Area Testimonianza e Impegno Sociale - Chiesa di Trento","url":"https:\/\/www.diocesitn.it\/area-testimonianza\/","logo":{"@id":"https:\/\/www.diocesitn.it\/area-testimonianza\/2021\/10\/05\/religion-today-2021-trionfa-il-dialogo-tramite-il-cinema-con-iran-e-israele-sul-podio-della-xxiv-edizione\/#local-main-organization-logo"},"image":{"@id":"https:\/\/www.diocesitn.it\/area-testimonianza\/2021\/10\/05\/religion-today-2021-trionfa-il-dialogo-tramite-il-cinema-con-iran-e-israele-sul-podio-della-xxiv-edizione\/#local-main-organization-logo"},"openingHoursSpecification":[{"@type":"OpeningHoursSpecification","dayOfWeek":["Monday","Tuesday","Wednesday","Thursday","Friday","Saturday","Sunday"],"opens":"09:00","closes":"17:00"}]},{"@type":"ImageObject","inLanguage":"it-IT","@id":"https:\/\/www.diocesitn.it\/area-testimonianza\/2021\/10\/05\/religion-today-2021-trionfa-il-dialogo-tramite-il-cinema-con-iran-e-israele-sul-podio-della-xxiv-edizione\/#local-main-organization-logo","url":"https:\/\/www.diocesitn.it\/area-testimonianza\/wp-content\/uploads\/sites\/37\/2021\/09\/og-logo-testimonianza-e-impegno-sociale.jpg","contentUrl":"https:\/\/www.diocesitn.it\/area-testimonianza\/wp-content\/uploads\/sites\/37\/2021\/09\/og-logo-testimonianza-e-impegno-sociale.jpg","width":1200,"height":630,"caption":"Area Testimonianza e Impegno Sociale - Chiesa di Trento"}]}},"_links":{"self":[{"href":"https:\/\/www.diocesitn.it\/area-testimonianza\/wp-json\/wp\/v2\/posts\/9967","targetHints":{"allow":["GET"]}}],"collection":[{"href":"https:\/\/www.diocesitn.it\/area-testimonianza\/wp-json\/wp\/v2\/posts"}],"about":[{"href":"https:\/\/www.diocesitn.it\/area-testimonianza\/wp-json\/wp\/v2\/types\/post"}],"author":[{"embeddable":true,"href":"https:\/\/www.diocesitn.it\/area-testimonianza\/wp-json\/wp\/v2\/users\/161"}],"replies":[{"embeddable":true,"href":"https:\/\/www.diocesitn.it\/area-testimonianza\/wp-json\/wp\/v2\/comments?post=9967"}],"version-history":[{"count":3,"href":"https:\/\/www.diocesitn.it\/area-testimonianza\/wp-json\/wp\/v2\/posts\/9967\/revisions"}],"predecessor-version":[{"id":9971,"href":"https:\/\/www.diocesitn.it\/area-testimonianza\/wp-json\/wp\/v2\/posts\/9967\/revisions\/9971"}],"wp:featuredmedia":[{"embeddable":true,"href":"https:\/\/www.diocesitn.it\/area-testimonianza\/wp-json\/wp\/v2\/media\/9968"}],"wp:attachment":[{"href":"https:\/\/www.diocesitn.it\/area-testimonianza\/wp-json\/wp\/v2\/media?parent=9967"}],"wp:term":[{"taxonomy":"category","embeddable":true,"href":"https:\/\/www.diocesitn.it\/area-testimonianza\/wp-json\/wp\/v2\/categories?post=9967"},{"taxonomy":"post_tag","embeddable":true,"href":"https:\/\/www.diocesitn.it\/area-testimonianza\/wp-json\/wp\/v2\/tags?post=9967"}],"curies":[{"name":"wp","href":"https:\/\/api.w.org\/{rel}","templated":true}]}}