{"id":9953,"date":"2021-10-05T11:15:13","date_gmt":"2021-10-05T09:15:13","guid":{"rendered":"https:\/\/www.diocesitn.it\/area-testimonianza\/?p=9953"},"modified":"2021-10-07T14:08:31","modified_gmt":"2021-10-07T12:08:31","slug":"morto-lavvocato-lutto-per-la-grande-famiglia-di-ospitalita-tridentina-che-saluta-il-suo-cofondatore-giulio-de-abbondi","status":"publish","type":"post","link":"https:\/\/www.diocesitn.it\/area-testimonianza\/2021\/10\/05\/morto-lavvocato-lutto-per-la-grande-famiglia-di-ospitalita-tridentina-che-saluta-il-suo-cofondatore-giulio-de-abbondi\/","title":{"rendered":"Morto l\u2019\u00abAvvocato\u00bb. Lutto per la grande famiglia di Ospitalit\u00e0 Tridentina che saluta il suo cofondatore Giulio de Abbondi"},"content":{"rendered":"<p><em>\u00abAmava la compagnia e la convivialit\u00e0, ma sapeva sempre esserci per la famiglia e per aiutare gli altri, nei campi pi\u00f9 diversi\u00bb<\/em>. Lo scrivono la figlia e i suoi fratelli, ma in realt\u00e0 la sua famiglia era quasi senza confini.<\/p>\n<p>\u00c8 morto a 88 anni, nella sua casa di Trento, <strong style=\"font-size: inherit\">Giulio de Abbondi<\/strong><span style=\"font-size: inherit\">, l\u2019\u00abAvvocato\u00bb come lo chiamavano i volontari di <\/span><strong style=\"font-size: inherit\"><a href=\"https:\/\/youtu.be\/-ea9bMlZE0U\">Ospitalit\u00e0 Tridentina<\/a>, associazione da lui fondata nel 1968,<\/strong><span style=\"font-size: inherit\"> tanto amata e nella quale ha profuso generosit\u00e0 discreta, fedelt\u00e0 di servizio, pensiero ed energia.<\/span><\/p>\n<div id=\"attachment_9955\" style=\"width: 810px\" class=\"wp-caption aligncenter\"><a href=\"https:\/\/www.diocesitn.it\/area-testimonianza\/wp-content\/uploads\/sites\/37\/2021\/10\/40\u00b0OT-Fondatori-treno-bn.jpg\"><img loading=\"lazy\" decoding=\"async\" aria-describedby=\"caption-attachment-9955\" class=\"wp-image-9955 size-large\" src=\"https:\/\/www.diocesitn.it\/area-testimonianza\/wp-content\/uploads\/sites\/37\/2021\/10\/40\u00b0OT-Fondatori-treno-bn-1024x694.jpg\" alt=\"\" width=\"800\" height=\"542\" srcset=\"https:\/\/www.diocesitn.it\/area-testimonianza\/wp-content\/uploads\/sites\/37\/2021\/10\/40\u00b0OT-Fondatori-treno-bn-1024x694.jpg 1024w, https:\/\/www.diocesitn.it\/area-testimonianza\/wp-content\/uploads\/sites\/37\/2021\/10\/40\u00b0OT-Fondatori-treno-bn-300x203.jpg 300w, https:\/\/www.diocesitn.it\/area-testimonianza\/wp-content\/uploads\/sites\/37\/2021\/10\/40\u00b0OT-Fondatori-treno-bn-768x521.jpg 768w, https:\/\/www.diocesitn.it\/area-testimonianza\/wp-content\/uploads\/sites\/37\/2021\/10\/40\u00b0OT-Fondatori-treno-bn-360x244.jpg 360w, https:\/\/www.diocesitn.it\/area-testimonianza\/wp-content\/uploads\/sites\/37\/2021\/10\/40\u00b0OT-Fondatori-treno-bn-800x542.jpg 800w, https:\/\/www.diocesitn.it\/area-testimonianza\/wp-content\/uploads\/sites\/37\/2021\/10\/40\u00b0OT-Fondatori-treno-bn-1200x814.jpg 1200w, https:\/\/www.diocesitn.it\/area-testimonianza\/wp-content\/uploads\/sites\/37\/2021\/10\/40\u00b0OT-Fondatori-treno-bn-1320x895.jpg 1320w, https:\/\/www.diocesitn.it\/area-testimonianza\/wp-content\/uploads\/sites\/37\/2021\/10\/40\u00b0OT-Fondatori-treno-bn.jpg 1391w\" sizes=\"auto, (max-width: 800px) 100vw, 800px\" \/><\/a><p id=\"caption-attachment-9955\" class=\"wp-caption-text\">I fondatori di O.T. da sinistra Marco Eccel, Matteo Inama, Attilio Pontalti, Giulio de Abbondi<\/p><\/div>\n<p>Cos\u00ec la \u201csua\u201d Ospitalit\u00e0 Tridentina lo saluta:<\/p>\n<p><em>\u201cGrazie all&#8217;impegno e alla dedizione da lui profusi nell&#8217;Associazione, innumerevoli nostri volontari hanno avuto l&#8217;opportunit\u00e0 di vivere grandi e significative esperienze ed emozioni a fianco di tanti volti e tante storie appartenenti a pellegrini sani, pellegrini malati, sacerdoti personale sanitario e volontario incontrati nei vari pellegrinaggi, soprattutto al santuario di Lourdes.<br \/>\n<\/em><em>Lo affidiamo alle braccia amorose di Maria, madre di Cristo e madre nostra e le chiediamo di continuare a sostenerci, intercedendo per noi.<br \/>\n<\/em><em>Nostra Signora di Lourdes prega per lui e per noi tutti\u201d.<\/em><\/p>\n<p>A ricordo di quanto amasse il mondo dell\u2019associazionismo, riportiamo il suo intervento pubblicato sulla rivista \u201c<a href=\"https:\/\/www.diocesitn.it\/area-testimonianza\/la-rivista-trimestrale-del-servizio-salute-pellegrinaggi-anziani\/\">Questi miei Fratelli<\/a>\u201d n. 2\/2018, in occasione del 40\u00b0 di Ospitalit\u00e0 Tridentina:<\/p>\n<p><em>\u00abVorrei cominciare a dirvi qualcosa della prima volta che sono andato a Lourdes. Un\u2019esperienza unica. Ho sentito che c\u2019era qualcosa di vero, di diverso che si rivelava nei rapporti umani, nello spirito, nell\u2019espressione di s\u00e9 e degli altri. Si viveva finalmente tra persone di buona volont\u00e0.<\/em><br \/>\n<em>Sono passati 50 anni. Sono tornato una o pi\u00f9 volte ogni anno sino ad oggi e c&#8217;\u00e8 sempre ancora qualcosa da capire, da scoprire, da vivere. In noi e negli altri.<\/em><br \/>\n<em>Sono rimasto, con tutti i miei limiti, fedele a questa nostra Associazione e auguro anche a tutti voi di poter esserlo.<\/em><br \/>\n<em>Dall\u2019Ospitalit\u00e0 Tridentina tutti abbiamo ricevuto molto di pi\u00f9 di quanto abbiamo dato.<\/em><br \/>\n<em>Un abbraccio a tutti voi con l\u2019augurio di ogni buona cosa per un futuro forte, sereno e vissuto nella nostra O.T. con entusiasmo e fede\u00bb<\/em>.\u00a0cav. Giulio de Abbondi<\/p>\n<p><strong>Il funerale sar\u00e0 celebrato mercoled\u00ec 6 ottobre ad ore 14.00 nella chiesa del Santissimo Sacramento a Trento. Preceder\u00e0 la recita del s. Rosario.<\/strong><\/p>\n<div id=\"attachment_9957\" style=\"width: 590px\" class=\"wp-caption aligncenter\"><a href=\"https:\/\/www.diocesitn.it\/area-testimonianza\/wp-content\/uploads\/sites\/37\/2021\/10\/Giulio-ultimo-treno.jpg\"><img loading=\"lazy\" decoding=\"async\" aria-describedby=\"caption-attachment-9957\" class=\"wp-image-9957 size-full\" src=\"https:\/\/www.diocesitn.it\/area-testimonianza\/wp-content\/uploads\/sites\/37\/2021\/10\/Giulio-ultimo-treno.jpg\" alt=\"\" width=\"580\" height=\"386\" srcset=\"https:\/\/www.diocesitn.it\/area-testimonianza\/wp-content\/uploads\/sites\/37\/2021\/10\/Giulio-ultimo-treno.jpg 580w, https:\/\/www.diocesitn.it\/area-testimonianza\/wp-content\/uploads\/sites\/37\/2021\/10\/Giulio-ultimo-treno-300x200.jpg 300w, https:\/\/www.diocesitn.it\/area-testimonianza\/wp-content\/uploads\/sites\/37\/2021\/10\/Giulio-ultimo-treno-360x240.jpg 360w\" sizes=\"auto, (max-width: 580px) 100vw, 580px\" \/><\/a><p id=\"caption-attachment-9957\" class=\"wp-caption-text\">Giulio&#8230; ultimo treno<\/p><\/div>\n<p>&nbsp;<\/p>\n","protected":false},"excerpt":{"rendered":"<p>\u00abAmava la compagnia e la convivialit\u00e0, ma sapeva sempre esserci per la famiglia e per aiutare gli altri, nei campi pi\u00f9 diversi\u00bb. Lo scrivono la figlia e i suoi fratelli, ma in realt\u00e0 la sua<\/p>\n","protected":false},"author":4,"featured_media":9956,"comment_status":"closed","ping_status":"closed","sticky":false,"template":"","format":"standard","meta":{"footnotes":""},"categories":[1074,1102],"tags":[1893,1892,1422,1805,1677,1432],"class_list":["post-9953","post","type-post","status-publish","format-standard","has-post-thumbnail","hentry","category-notizie","category-servizio-salute-pellegrinaggi-anziani","tag-fondatore","tag-giulio-de-abbondi","tag-lourdes","tag-morte","tag-ospitalita-tridentina","tag-pellegrinaggi"],"acf":{"seed-localization-paese-cod":"IT","seed-localization-address":"","seed-localization-citta":"Trento","seed-localization-regione-cod-istat":"04","seed-localization-citta-cod-istat":"022205","seed-localization-localita":"","seed-localization-cap":"","seed-localization-marker-visibility":false,"seed-localization-children-visibility":false,"seed-localization-kml":"","seed-localization-custom-marker":""},"yoast_head":"<!-- This site is optimized with the Yoast SEO Premium plugin v20.2.1 (Yoast SEO v22.2) - https:\/\/yoast.com\/wordpress\/plugins\/seo\/ -->\n<title>Morto l\u2019\u00abAvvocato\u00bb. Lutto per la grande famiglia di Ospitalit\u00e0 Tridentina che saluta il suo cofondatore Giulio de Abbondi - Testimonianza e Impegno sociale<\/title>\n<meta name=\"robots\" content=\"index, follow, max-snippet:-1, max-image-preview:large, max-video-preview:-1\" \/>\n<link rel=\"canonical\" href=\"https:\/\/www.diocesitn.it\/area-testimonianza\/2021\/10\/05\/morto-lavvocato-lutto-per-la-grande-famiglia-di-ospitalita-tridentina-che-saluta-il-suo-cofondatore-giulio-de-abbondi\/\" \/>\n<meta property=\"og:locale\" content=\"it_IT\" \/>\n<meta property=\"og:type\" content=\"article\" \/>\n<meta property=\"og:title\" content=\"Morto l\u2019\u00abAvvocato\u00bb. Lutto per la grande famiglia di Ospitalit\u00e0 Tridentina che saluta il suo cofondatore Giulio de Abbondi\" \/>\n<meta property=\"og:description\" content=\"\u00abAmava la compagnia e la convivialit\u00e0, ma sapeva sempre esserci per la famiglia e per aiutare gli altri, nei campi pi\u00f9 diversi\u00bb. Lo scrivono la figlia e i suoi fratelli, ma in realt\u00e0 la sua\" \/>\n<meta property=\"og:url\" content=\"https:\/\/www.diocesitn.it\/area-testimonianza\/2021\/10\/05\/morto-lavvocato-lutto-per-la-grande-famiglia-di-ospitalita-tridentina-che-saluta-il-suo-cofondatore-giulio-de-abbondi\/\" \/>\n<meta property=\"og:site_name\" content=\"Testimonianza e Impegno sociale\" \/>\n<meta property=\"article:published_time\" content=\"2021-10-05T09:15:13+00:00\" \/>\n<meta property=\"article:modified_time\" content=\"2021-10-07T12:08:31+00:00\" \/>\n<meta property=\"og:image\" content=\"https:\/\/www.diocesitn.it\/area-testimonianza\/wp-content\/uploads\/sites\/37\/2021\/10\/Giulio-a-Pine-scaled.jpg\" \/>\n\t<meta property=\"og:image:width\" content=\"2560\" \/>\n\t<meta property=\"og:image:height\" content=\"1920\" \/>\n\t<meta property=\"og:image:type\" content=\"image\/jpeg\" \/>\n<meta name=\"author\" content=\"Claudia Dorigoni\" \/>\n<meta name=\"twitter:card\" content=\"summary_large_image\" \/>\n<meta name=\"twitter:label1\" content=\"Scritto da\" \/>\n\t<meta name=\"twitter:data1\" content=\"Claudia Dorigoni\" \/>\n\t<meta name=\"twitter:label2\" content=\"Tempo di lettura stimato\" \/>\n\t<meta name=\"twitter:data2\" content=\"3 minuti\" \/>\n<script type=\"application\/ld+json\" class=\"yoast-schema-graph\">{\"@context\":\"https:\/\/schema.org\",\"@graph\":[{\"@type\":\"Article\",\"@id\":\"https:\/\/www.diocesitn.it\/area-testimonianza\/2021\/10\/05\/morto-lavvocato-lutto-per-la-grande-famiglia-di-ospitalita-tridentina-che-saluta-il-suo-cofondatore-giulio-de-abbondi\/#article\",\"isPartOf\":{\"@id\":\"https:\/\/www.diocesitn.it\/area-testimonianza\/2021\/10\/05\/morto-lavvocato-lutto-per-la-grande-famiglia-di-ospitalita-tridentina-che-saluta-il-suo-cofondatore-giulio-de-abbondi\/\"},\"author\":{\"name\":\"Claudia Dorigoni\",\"@id\":\"https:\/\/www.diocesitn.it\/area-testimonianza\/#\/schema\/person\/5467191b81c25706baf09a59aab380a5\"},\"headline\":\"Morto l\u2019\u00abAvvocato\u00bb. Lutto per la grande famiglia di Ospitalit\u00e0 Tridentina che saluta il suo cofondatore Giulio de Abbondi\",\"datePublished\":\"2021-10-05T09:15:13+00:00\",\"dateModified\":\"2021-10-07T12:08:31+00:00\",\"mainEntityOfPage\":{\"@id\":\"https:\/\/www.diocesitn.it\/area-testimonianza\/2021\/10\/05\/morto-lavvocato-lutto-per-la-grande-famiglia-di-ospitalita-tridentina-che-saluta-il-suo-cofondatore-giulio-de-abbondi\/\"},\"wordCount\":417,\"publisher\":{\"@id\":\"https:\/\/www.diocesitn.it\/area-testimonianza\/#organization\"},\"image\":{\"@id\":\"https:\/\/www.diocesitn.it\/area-testimonianza\/2021\/10\/05\/morto-lavvocato-lutto-per-la-grande-famiglia-di-ospitalita-tridentina-che-saluta-il-suo-cofondatore-giulio-de-abbondi\/#primaryimage\"},\"thumbnailUrl\":\"https:\/\/www.diocesitn.it\/area-testimonianza\/wp-content\/uploads\/sites\/37\/2021\/10\/Giulio-a-Pine-scaled.jpg\",\"keywords\":[\"fondatore\",\"Giulio de Abbondi\",\"Lourdes\",\"morte\",\"Ospitalit\u00e0 Tridentina\",\"pellegrinaggi\"],\"articleSection\":[\"Notizie\",\"Salute Pellegrinaggi Anziani\"],\"inLanguage\":\"it-IT\",\"copyrightYear\":\"2021\",\"copyrightHolder\":{\"@id\":\"https:\/\/www.diocesitn.it\/#organization\"}},{\"@type\":\"WebPage\",\"@id\":\"https:\/\/www.diocesitn.it\/area-testimonianza\/2021\/10\/05\/morto-lavvocato-lutto-per-la-grande-famiglia-di-ospitalita-tridentina-che-saluta-il-suo-cofondatore-giulio-de-abbondi\/\",\"url\":\"https:\/\/www.diocesitn.it\/area-testimonianza\/2021\/10\/05\/morto-lavvocato-lutto-per-la-grande-famiglia-di-ospitalita-tridentina-che-saluta-il-suo-cofondatore-giulio-de-abbondi\/\",\"name\":\"Morto l\u2019\u00abAvvocato\u00bb. Lutto per la grande famiglia di Ospitalit\u00e0 Tridentina che saluta il suo cofondatore Giulio de Abbondi - Testimonianza e Impegno sociale\",\"isPartOf\":{\"@id\":\"https:\/\/www.diocesitn.it\/area-testimonianza\/#website\"},\"primaryImageOfPage\":{\"@id\":\"https:\/\/www.diocesitn.it\/area-testimonianza\/2021\/10\/05\/morto-lavvocato-lutto-per-la-grande-famiglia-di-ospitalita-tridentina-che-saluta-il-suo-cofondatore-giulio-de-abbondi\/#primaryimage\"},\"image\":{\"@id\":\"https:\/\/www.diocesitn.it\/area-testimonianza\/2021\/10\/05\/morto-lavvocato-lutto-per-la-grande-famiglia-di-ospitalita-tridentina-che-saluta-il-suo-cofondatore-giulio-de-abbondi\/#primaryimage\"},\"thumbnailUrl\":\"https:\/\/www.diocesitn.it\/area-testimonianza\/wp-content\/uploads\/sites\/37\/2021\/10\/Giulio-a-Pine-scaled.jpg\",\"datePublished\":\"2021-10-05T09:15:13+00:00\",\"dateModified\":\"2021-10-07T12:08:31+00:00\",\"breadcrumb\":{\"@id\":\"https:\/\/www.diocesitn.it\/area-testimonianza\/2021\/10\/05\/morto-lavvocato-lutto-per-la-grande-famiglia-di-ospitalita-tridentina-che-saluta-il-suo-cofondatore-giulio-de-abbondi\/#breadcrumb\"},\"inLanguage\":\"it-IT\",\"potentialAction\":[{\"@type\":\"ReadAction\",\"target\":[\"https:\/\/www.diocesitn.it\/area-testimonianza\/2021\/10\/05\/morto-lavvocato-lutto-per-la-grande-famiglia-di-ospitalita-tridentina-che-saluta-il-suo-cofondatore-giulio-de-abbondi\/\"]}]},{\"@type\":\"ImageObject\",\"inLanguage\":\"it-IT\",\"@id\":\"https:\/\/www.diocesitn.it\/area-testimonianza\/2021\/10\/05\/morto-lavvocato-lutto-per-la-grande-famiglia-di-ospitalita-tridentina-che-saluta-il-suo-cofondatore-giulio-de-abbondi\/#primaryimage\",\"url\":\"https:\/\/www.diocesitn.it\/area-testimonianza\/wp-content\/uploads\/sites\/37\/2021\/10\/Giulio-a-Pine-scaled.jpg\",\"contentUrl\":\"https:\/\/www.diocesitn.it\/area-testimonianza\/wp-content\/uploads\/sites\/37\/2021\/10\/Giulio-a-Pine-scaled.jpg\",\"width\":2560,\"height\":1920,\"caption\":\"Giulio... ultimo treno\"},{\"@type\":\"BreadcrumbList\",\"@id\":\"https:\/\/www.diocesitn.it\/area-testimonianza\/2021\/10\/05\/morto-lavvocato-lutto-per-la-grande-famiglia-di-ospitalita-tridentina-che-saluta-il-suo-cofondatore-giulio-de-abbondi\/#breadcrumb\",\"itemListElement\":[{\"@type\":\"ListItem\",\"position\":1,\"name\":\"Home\",\"item\":\"https:\/\/www.diocesitn.it\/area-testimonianza\/\"},{\"@type\":\"ListItem\",\"position\":2,\"name\":\"Morto l\u2019\u00abAvvocato\u00bb. Lutto per la grande famiglia di Ospitalit\u00e0 Tridentina che saluta il suo cofondatore Giulio de Abbondi\"}]},{\"@type\":\"WebSite\",\"@id\":\"https:\/\/www.diocesitn.it\/area-testimonianza\/#website\",\"url\":\"https:\/\/www.diocesitn.it\/area-testimonianza\/\",\"name\":\"Testimonianza e Impegno sociale\",\"description\":\"Chiesa di Trento\",\"publisher\":{\"@id\":\"https:\/\/www.diocesitn.it\/area-testimonianza\/#organization\"},\"potentialAction\":[{\"@type\":\"SearchAction\",\"target\":{\"@type\":\"EntryPoint\",\"urlTemplate\":\"https:\/\/www.diocesitn.it\/area-testimonianza\/?s={search_term_string}\"},\"query-input\":\"required name=search_term_string\"}],\"inLanguage\":\"it-IT\"},{\"@type\":[\"Organization\",\"Place\"],\"@id\":\"https:\/\/www.diocesitn.it\/area-testimonianza\/#organization\",\"name\":\"Area Testimonianza e Impegno Sociale - Chiesa di Trento\",\"url\":\"https:\/\/www.diocesitn.it\/area-testimonianza\/\",\"logo\":{\"@id\":\"https:\/\/www.diocesitn.it\/area-testimonianza\/2021\/10\/05\/morto-lavvocato-lutto-per-la-grande-famiglia-di-ospitalita-tridentina-che-saluta-il-suo-cofondatore-giulio-de-abbondi\/#local-main-organization-logo\"},\"image\":{\"@id\":\"https:\/\/www.diocesitn.it\/area-testimonianza\/2021\/10\/05\/morto-lavvocato-lutto-per-la-grande-famiglia-di-ospitalita-tridentina-che-saluta-il-suo-cofondatore-giulio-de-abbondi\/#local-main-organization-logo\"},\"openingHoursSpecification\":[{\"@type\":\"OpeningHoursSpecification\",\"dayOfWeek\":[\"Monday\",\"Tuesday\",\"Wednesday\",\"Thursday\",\"Friday\",\"Saturday\",\"Sunday\"],\"opens\":\"09:00\",\"closes\":\"17:00\"}]},{\"@type\":\"ImageObject\",\"inLanguage\":\"it-IT\",\"@id\":\"https:\/\/www.diocesitn.it\/area-testimonianza\/2021\/10\/05\/morto-lavvocato-lutto-per-la-grande-famiglia-di-ospitalita-tridentina-che-saluta-il-suo-cofondatore-giulio-de-abbondi\/#local-main-organization-logo\",\"url\":\"https:\/\/www.diocesitn.it\/area-testimonianza\/wp-content\/uploads\/sites\/37\/2021\/09\/og-logo-testimonianza-e-impegno-sociale.jpg\",\"contentUrl\":\"https:\/\/www.diocesitn.it\/area-testimonianza\/wp-content\/uploads\/sites\/37\/2021\/09\/og-logo-testimonianza-e-impegno-sociale.jpg\",\"width\":1200,\"height\":630,\"caption\":\"Area Testimonianza e Impegno Sociale - Chiesa di Trento\"}]}<\/script>\n<!-- \/ Yoast SEO Premium plugin. -->","yoast_head_json":{"title":"Morto l\u2019\u00abAvvocato\u00bb. Lutto per la grande famiglia di Ospitalit\u00e0 Tridentina che saluta il suo cofondatore Giulio de Abbondi - Testimonianza e Impegno sociale","robots":{"index":"index","follow":"follow","max-snippet":"max-snippet:-1","max-image-preview":"max-image-preview:large","max-video-preview":"max-video-preview:-1"},"canonical":"https:\/\/www.diocesitn.it\/area-testimonianza\/2021\/10\/05\/morto-lavvocato-lutto-per-la-grande-famiglia-di-ospitalita-tridentina-che-saluta-il-suo-cofondatore-giulio-de-abbondi\/","og_locale":"it_IT","og_type":"article","og_title":"Morto l\u2019\u00abAvvocato\u00bb. Lutto per la grande famiglia di Ospitalit\u00e0 Tridentina che saluta il suo cofondatore Giulio de Abbondi","og_description":"\u00abAmava la compagnia e la convivialit\u00e0, ma sapeva sempre esserci per la famiglia e per aiutare gli altri, nei campi pi\u00f9 diversi\u00bb. Lo scrivono la figlia e i suoi fratelli, ma in realt\u00e0 la sua","og_url":"https:\/\/www.diocesitn.it\/area-testimonianza\/2021\/10\/05\/morto-lavvocato-lutto-per-la-grande-famiglia-di-ospitalita-tridentina-che-saluta-il-suo-cofondatore-giulio-de-abbondi\/","og_site_name":"Testimonianza e Impegno sociale","article_published_time":"2021-10-05T09:15:13+00:00","article_modified_time":"2021-10-07T12:08:31+00:00","og_image":[{"width":2560,"height":1920,"url":"https:\/\/www.diocesitn.it\/area-testimonianza\/wp-content\/uploads\/sites\/37\/2021\/10\/Giulio-a-Pine-scaled.jpg","type":"image\/jpeg"}],"author":"Claudia Dorigoni","twitter_card":"summary_large_image","twitter_misc":{"Scritto da":"Claudia Dorigoni","Tempo di lettura stimato":"3 minuti"},"schema":{"@context":"https:\/\/schema.org","@graph":[{"@type":"Article","@id":"https:\/\/www.diocesitn.it\/area-testimonianza\/2021\/10\/05\/morto-lavvocato-lutto-per-la-grande-famiglia-di-ospitalita-tridentina-che-saluta-il-suo-cofondatore-giulio-de-abbondi\/#article","isPartOf":{"@id":"https:\/\/www.diocesitn.it\/area-testimonianza\/2021\/10\/05\/morto-lavvocato-lutto-per-la-grande-famiglia-di-ospitalita-tridentina-che-saluta-il-suo-cofondatore-giulio-de-abbondi\/"},"author":{"name":"Claudia Dorigoni","@id":"https:\/\/www.diocesitn.it\/area-testimonianza\/#\/schema\/person\/5467191b81c25706baf09a59aab380a5"},"headline":"Morto l\u2019\u00abAvvocato\u00bb. Lutto per la grande famiglia di Ospitalit\u00e0 Tridentina che saluta il suo cofondatore Giulio de Abbondi","datePublished":"2021-10-05T09:15:13+00:00","dateModified":"2021-10-07T12:08:31+00:00","mainEntityOfPage":{"@id":"https:\/\/www.diocesitn.it\/area-testimonianza\/2021\/10\/05\/morto-lavvocato-lutto-per-la-grande-famiglia-di-ospitalita-tridentina-che-saluta-il-suo-cofondatore-giulio-de-abbondi\/"},"wordCount":417,"publisher":{"@id":"https:\/\/www.diocesitn.it\/area-testimonianza\/#organization"},"image":{"@id":"https:\/\/www.diocesitn.it\/area-testimonianza\/2021\/10\/05\/morto-lavvocato-lutto-per-la-grande-famiglia-di-ospitalita-tridentina-che-saluta-il-suo-cofondatore-giulio-de-abbondi\/#primaryimage"},"thumbnailUrl":"https:\/\/www.diocesitn.it\/area-testimonianza\/wp-content\/uploads\/sites\/37\/2021\/10\/Giulio-a-Pine-scaled.jpg","keywords":["fondatore","Giulio de Abbondi","Lourdes","morte","Ospitalit\u00e0 Tridentina","pellegrinaggi"],"articleSection":["Notizie","Salute Pellegrinaggi Anziani"],"inLanguage":"it-IT","copyrightYear":"2021","copyrightHolder":{"@id":"https:\/\/www.diocesitn.it\/#organization"}},{"@type":"WebPage","@id":"https:\/\/www.diocesitn.it\/area-testimonianza\/2021\/10\/05\/morto-lavvocato-lutto-per-la-grande-famiglia-di-ospitalita-tridentina-che-saluta-il-suo-cofondatore-giulio-de-abbondi\/","url":"https:\/\/www.diocesitn.it\/area-testimonianza\/2021\/10\/05\/morto-lavvocato-lutto-per-la-grande-famiglia-di-ospitalita-tridentina-che-saluta-il-suo-cofondatore-giulio-de-abbondi\/","name":"Morto l\u2019\u00abAvvocato\u00bb. Lutto per la grande famiglia di Ospitalit\u00e0 Tridentina che saluta il suo cofondatore Giulio de Abbondi - Testimonianza e Impegno sociale","isPartOf":{"@id":"https:\/\/www.diocesitn.it\/area-testimonianza\/#website"},"primaryImageOfPage":{"@id":"https:\/\/www.diocesitn.it\/area-testimonianza\/2021\/10\/05\/morto-lavvocato-lutto-per-la-grande-famiglia-di-ospitalita-tridentina-che-saluta-il-suo-cofondatore-giulio-de-abbondi\/#primaryimage"},"image":{"@id":"https:\/\/www.diocesitn.it\/area-testimonianza\/2021\/10\/05\/morto-lavvocato-lutto-per-la-grande-famiglia-di-ospitalita-tridentina-che-saluta-il-suo-cofondatore-giulio-de-abbondi\/#primaryimage"},"thumbnailUrl":"https:\/\/www.diocesitn.it\/area-testimonianza\/wp-content\/uploads\/sites\/37\/2021\/10\/Giulio-a-Pine-scaled.jpg","datePublished":"2021-10-05T09:15:13+00:00","dateModified":"2021-10-07T12:08:31+00:00","breadcrumb":{"@id":"https:\/\/www.diocesitn.it\/area-testimonianza\/2021\/10\/05\/morto-lavvocato-lutto-per-la-grande-famiglia-di-ospitalita-tridentina-che-saluta-il-suo-cofondatore-giulio-de-abbondi\/#breadcrumb"},"inLanguage":"it-IT","potentialAction":[{"@type":"ReadAction","target":["https:\/\/www.diocesitn.it\/area-testimonianza\/2021\/10\/05\/morto-lavvocato-lutto-per-la-grande-famiglia-di-ospitalita-tridentina-che-saluta-il-suo-cofondatore-giulio-de-abbondi\/"]}]},{"@type":"ImageObject","inLanguage":"it-IT","@id":"https:\/\/www.diocesitn.it\/area-testimonianza\/2021\/10\/05\/morto-lavvocato-lutto-per-la-grande-famiglia-di-ospitalita-tridentina-che-saluta-il-suo-cofondatore-giulio-de-abbondi\/#primaryimage","url":"https:\/\/www.diocesitn.it\/area-testimonianza\/wp-content\/uploads\/sites\/37\/2021\/10\/Giulio-a-Pine-scaled.jpg","contentUrl":"https:\/\/www.diocesitn.it\/area-testimonianza\/wp-content\/uploads\/sites\/37\/2021\/10\/Giulio-a-Pine-scaled.jpg","width":2560,"height":1920,"caption":"Giulio... ultimo treno"},{"@type":"BreadcrumbList","@id":"https:\/\/www.diocesitn.it\/area-testimonianza\/2021\/10\/05\/morto-lavvocato-lutto-per-la-grande-famiglia-di-ospitalita-tridentina-che-saluta-il-suo-cofondatore-giulio-de-abbondi\/#breadcrumb","itemListElement":[{"@type":"ListItem","position":1,"name":"Home","item":"https:\/\/www.diocesitn.it\/area-testimonianza\/"},{"@type":"ListItem","position":2,"name":"Morto l\u2019\u00abAvvocato\u00bb. Lutto per la grande famiglia di Ospitalit\u00e0 Tridentina che saluta il suo cofondatore Giulio de Abbondi"}]},{"@type":"WebSite","@id":"https:\/\/www.diocesitn.it\/area-testimonianza\/#website","url":"https:\/\/www.diocesitn.it\/area-testimonianza\/","name":"Testimonianza e Impegno sociale","description":"Chiesa di Trento","publisher":{"@id":"https:\/\/www.diocesitn.it\/area-testimonianza\/#organization"},"potentialAction":[{"@type":"SearchAction","target":{"@type":"EntryPoint","urlTemplate":"https:\/\/www.diocesitn.it\/area-testimonianza\/?s={search_term_string}"},"query-input":"required name=search_term_string"}],"inLanguage":"it-IT"},{"@type":["Organization","Place"],"@id":"https:\/\/www.diocesitn.it\/area-testimonianza\/#organization","name":"Area Testimonianza e Impegno Sociale - Chiesa di Trento","url":"https:\/\/www.diocesitn.it\/area-testimonianza\/","logo":{"@id":"https:\/\/www.diocesitn.it\/area-testimonianza\/2021\/10\/05\/morto-lavvocato-lutto-per-la-grande-famiglia-di-ospitalita-tridentina-che-saluta-il-suo-cofondatore-giulio-de-abbondi\/#local-main-organization-logo"},"image":{"@id":"https:\/\/www.diocesitn.it\/area-testimonianza\/2021\/10\/05\/morto-lavvocato-lutto-per-la-grande-famiglia-di-ospitalita-tridentina-che-saluta-il-suo-cofondatore-giulio-de-abbondi\/#local-main-organization-logo"},"openingHoursSpecification":[{"@type":"OpeningHoursSpecification","dayOfWeek":["Monday","Tuesday","Wednesday","Thursday","Friday","Saturday","Sunday"],"opens":"09:00","closes":"17:00"}]},{"@type":"ImageObject","inLanguage":"it-IT","@id":"https:\/\/www.diocesitn.it\/area-testimonianza\/2021\/10\/05\/morto-lavvocato-lutto-per-la-grande-famiglia-di-ospitalita-tridentina-che-saluta-il-suo-cofondatore-giulio-de-abbondi\/#local-main-organization-logo","url":"https:\/\/www.diocesitn.it\/area-testimonianza\/wp-content\/uploads\/sites\/37\/2021\/09\/og-logo-testimonianza-e-impegno-sociale.jpg","contentUrl":"https:\/\/www.diocesitn.it\/area-testimonianza\/wp-content\/uploads\/sites\/37\/2021\/09\/og-logo-testimonianza-e-impegno-sociale.jpg","width":1200,"height":630,"caption":"Area Testimonianza e Impegno Sociale - Chiesa di Trento"}]}},"_links":{"self":[{"href":"https:\/\/www.diocesitn.it\/area-testimonianza\/wp-json\/wp\/v2\/posts\/9953","targetHints":{"allow":["GET"]}}],"collection":[{"href":"https:\/\/www.diocesitn.it\/area-testimonianza\/wp-json\/wp\/v2\/posts"}],"about":[{"href":"https:\/\/www.diocesitn.it\/area-testimonianza\/wp-json\/wp\/v2\/types\/post"}],"author":[{"embeddable":true,"href":"https:\/\/www.diocesitn.it\/area-testimonianza\/wp-json\/wp\/v2\/users\/4"}],"replies":[{"embeddable":true,"href":"https:\/\/www.diocesitn.it\/area-testimonianza\/wp-json\/wp\/v2\/comments?post=9953"}],"version-history":[{"count":4,"href":"https:\/\/www.diocesitn.it\/area-testimonianza\/wp-json\/wp\/v2\/posts\/9953\/revisions"}],"predecessor-version":[{"id":9962,"href":"https:\/\/www.diocesitn.it\/area-testimonianza\/wp-json\/wp\/v2\/posts\/9953\/revisions\/9962"}],"wp:featuredmedia":[{"embeddable":true,"href":"https:\/\/www.diocesitn.it\/area-testimonianza\/wp-json\/wp\/v2\/media\/9956"}],"wp:attachment":[{"href":"https:\/\/www.diocesitn.it\/area-testimonianza\/wp-json\/wp\/v2\/media?parent=9953"}],"wp:term":[{"taxonomy":"category","embeddable":true,"href":"https:\/\/www.diocesitn.it\/area-testimonianza\/wp-json\/wp\/v2\/categories?post=9953"},{"taxonomy":"post_tag","embeddable":true,"href":"https:\/\/www.diocesitn.it\/area-testimonianza\/wp-json\/wp\/v2\/tags?post=9953"}],"curies":[{"name":"wp","href":"https:\/\/api.w.org\/{rel}","templated":true}]}}