{"id":7046,"date":"2019-12-11T15:30:28","date_gmt":"2019-12-11T14:30:28","guid":{"rendered":"https:\/\/www.diocesitn.it\/area-testimonianza\/?p=7046"},"modified":"2024-04-05T09:52:04","modified_gmt":"2024-04-05T07:52:04","slug":"e-il-verbo-si-e-fatto-carne-vangelo-di-giovanni-capitolo-1","status":"publish","type":"post","link":"https:\/\/www.diocesitn.it\/area-testimonianza\/2019\/12\/11\/e-il-verbo-si-e-fatto-carne-vangelo-di-giovanni-capitolo-1\/","title":{"rendered":"&#8220;&#8230; e il Verbo si \u00e8 fatto carne&#8221; (Vangelo di Giovanni, capitolo 1)"},"content":{"rendered":"<p>&#8220;&#8230; e il Verbo si \u00e8 fatto carne&#8221; (Vangelo di Giovanni, capitolo 1)<\/p>\n<p>Dio diventa uomo: non \u00e8 il risultato di un effetto speciale, di un colossal hollywoodiano o di chiss\u00e0 quale bravissimo prestigiatore; \u00e8 il segno concreto della fedelt\u00e0 di Dio, del suo amore, della sua infinita passione per l&#8217;umanit\u00e0 e per il mondo. Dio diventa uomo, per essere ancora pi\u00f9 vicino a noi; e per aiutarci, a nostra volta, ad essere ancora pi\u00f9 vicini gli uni agli altri. Il nostro Natale possa essere cos\u00ec: la riscoperta di quanto \u00e8 prezioso essere vicini, gli uni agli altri.<\/p>\n<p>Buon Natale!<\/p>\n<p>&nbsp;<\/p>\n<p style=\"text-align: center\">Con l&#8217;occasione si ricorda la chiusura al pubblico degli uffici diocesani per le festivit\u00e0 natalizie<br \/>\nda luned\u00ec 23 dicembre a luned\u00ec 6 gennaio<br \/>\n<strong>Riapriremo regolarmente marted\u00ec 7 gennaio 2020<\/strong><\/p>\n","protected":false},"excerpt":{"rendered":"<p>&#8220;&#8230; e il Verbo si \u00e8 fatto carne&#8221; (Vangelo di Giovanni, capitolo 1) Dio diventa uomo: non \u00e8 il risultato di un effetto speciale, di un colossal hollywoodiano o di chiss\u00e0 quale bravissimo prestigiatore; \u00e8<\/p>\n","protected":false},"author":4,"featured_media":7105,"comment_status":"closed","ping_status":"closed","sticky":false,"template":"","format":"standard","meta":{"footnotes":""},"categories":[1695,1074],"tags":[1495,1306],"class_list":["post-7046","post","type-post","status-publish","format-standard","has-post-thumbnail","hentry","category-area-testimonianza-e-impegno-sociale","category-notizie","tag-auguri","tag-natale"],"acf":{"seed-localization-paese-cod":"IT","seed-localization-address":"","seed-localization-citta":"Trento","seed-localization-regione-cod-istat":"04","seed-localization-citta-cod-istat":"022205","seed-localization-localita":"","seed-localization-cap":"","seed-localization-marker-visibility":false,"seed-localization-children-visibility":false,"seed-localization-kml":"","seed-localization-custom-marker":""},"yoast_head":"<!-- This site is optimized with the Yoast SEO Premium plugin v20.2.1 (Yoast SEO v22.2) - https:\/\/yoast.com\/wordpress\/plugins\/seo\/ -->\n<title>&quot;... e il Verbo si \u00e8 fatto carne&quot; (Vangelo di Giovanni, capitolo 1) - Testimonianza e Impegno sociale<\/title>\n<meta name=\"robots\" content=\"index, follow, max-snippet:-1, max-image-preview:large, max-video-preview:-1\" \/>\n<link rel=\"canonical\" href=\"https:\/\/www.diocesitn.it\/area-testimonianza\/2019\/12\/11\/e-il-verbo-si-e-fatto-carne-vangelo-di-giovanni-capitolo-1\/\" \/>\n<meta property=\"og:locale\" content=\"it_IT\" \/>\n<meta property=\"og:type\" content=\"article\" \/>\n<meta property=\"og:title\" content=\"&quot;... e il Verbo si \u00e8 fatto carne&quot; (Vangelo di Giovanni, capitolo 1)\" \/>\n<meta property=\"og:description\" content=\"&#8220;&#8230; e il Verbo si \u00e8 fatto carne&#8221; (Vangelo di Giovanni, capitolo 1) Dio diventa uomo: non \u00e8 il risultato di un effetto speciale, di un colossal hollywoodiano o di chiss\u00e0 quale bravissimo prestigiatore; \u00e8\" \/>\n<meta property=\"og:url\" content=\"https:\/\/www.diocesitn.it\/area-testimonianza\/2019\/12\/11\/e-il-verbo-si-e-fatto-carne-vangelo-di-giovanni-capitolo-1\/\" \/>\n<meta property=\"og:site_name\" content=\"Testimonianza e Impegno sociale\" \/>\n<meta property=\"article:published_time\" content=\"2019-12-11T14:30:28+00:00\" \/>\n<meta property=\"article:modified_time\" content=\"2024-04-05T07:52:04+00:00\" \/>\n<meta property=\"og:image\" content=\"https:\/\/www.diocesitn.it\/area-testimonianza\/wp-content\/uploads\/sites\/37\/2019\/12\/2009-Natale-Curia-022.jpg\" \/>\n\t<meta property=\"og:image:width\" content=\"2592\" \/>\n\t<meta property=\"og:image:height\" content=\"1944\" \/>\n\t<meta property=\"og:image:type\" content=\"image\/jpeg\" \/>\n<meta name=\"author\" content=\"Claudia Dorigoni\" \/>\n<meta name=\"twitter:card\" content=\"summary_large_image\" \/>\n<meta name=\"twitter:label1\" content=\"Scritto da\" \/>\n\t<meta name=\"twitter:data1\" content=\"Claudia Dorigoni\" \/>\n\t<meta name=\"twitter:label2\" content=\"Tempo di lettura stimato\" \/>\n\t<meta name=\"twitter:data2\" content=\"1 minuto\" \/>\n<script type=\"application\/ld+json\" class=\"yoast-schema-graph\">{\"@context\":\"https:\/\/schema.org\",\"@graph\":[{\"@type\":\"Article\",\"@id\":\"https:\/\/www.diocesitn.it\/area-testimonianza\/2019\/12\/11\/e-il-verbo-si-e-fatto-carne-vangelo-di-giovanni-capitolo-1\/#article\",\"isPartOf\":{\"@id\":\"https:\/\/www.diocesitn.it\/area-testimonianza\/2019\/12\/11\/e-il-verbo-si-e-fatto-carne-vangelo-di-giovanni-capitolo-1\/\"},\"author\":{\"name\":\"Claudia Dorigoni\",\"@id\":\"https:\/\/www.diocesitn.it\/area-testimonianza\/#\/schema\/person\/5467191b81c25706baf09a59aab380a5\"},\"headline\":\"&#8220;&#8230; e il Verbo si \u00e8 fatto carne&#8221; (Vangelo di Giovanni, capitolo 1)\",\"datePublished\":\"2019-12-11T14:30:28+00:00\",\"dateModified\":\"2024-04-05T07:52:04+00:00\",\"mainEntityOfPage\":{\"@id\":\"https:\/\/www.diocesitn.it\/area-testimonianza\/2019\/12\/11\/e-il-verbo-si-e-fatto-carne-vangelo-di-giovanni-capitolo-1\/\"},\"wordCount\":130,\"publisher\":{\"@id\":\"https:\/\/www.diocesitn.it\/area-testimonianza\/#organization\"},\"image\":{\"@id\":\"https:\/\/www.diocesitn.it\/area-testimonianza\/2019\/12\/11\/e-il-verbo-si-e-fatto-carne-vangelo-di-giovanni-capitolo-1\/#primaryimage\"},\"thumbnailUrl\":\"https:\/\/www.diocesitn.it\/area-testimonianza\/wp-content\/uploads\/sites\/37\/2019\/12\/2009-Natale-Curia-022.jpg\",\"keywords\":[\"auguri\",\"Natale\"],\"articleSection\":[\"Area Testimonianza e Impegno sociale\",\"Notizie\"],\"inLanguage\":\"it-IT\",\"copyrightYear\":\"2019\",\"copyrightHolder\":{\"@id\":\"https:\/\/www.diocesitn.it\/#organization\"}},{\"@type\":\"WebPage\",\"@id\":\"https:\/\/www.diocesitn.it\/area-testimonianza\/2019\/12\/11\/e-il-verbo-si-e-fatto-carne-vangelo-di-giovanni-capitolo-1\/\",\"url\":\"https:\/\/www.diocesitn.it\/area-testimonianza\/2019\/12\/11\/e-il-verbo-si-e-fatto-carne-vangelo-di-giovanni-capitolo-1\/\",\"name\":\"\\\"... e il Verbo si \u00e8 fatto carne\\\" (Vangelo di Giovanni, capitolo 1) - Testimonianza e Impegno sociale\",\"isPartOf\":{\"@id\":\"https:\/\/www.diocesitn.it\/area-testimonianza\/#website\"},\"primaryImageOfPage\":{\"@id\":\"https:\/\/www.diocesitn.it\/area-testimonianza\/2019\/12\/11\/e-il-verbo-si-e-fatto-carne-vangelo-di-giovanni-capitolo-1\/#primaryimage\"},\"image\":{\"@id\":\"https:\/\/www.diocesitn.it\/area-testimonianza\/2019\/12\/11\/e-il-verbo-si-e-fatto-carne-vangelo-di-giovanni-capitolo-1\/#primaryimage\"},\"thumbnailUrl\":\"https:\/\/www.diocesitn.it\/area-testimonianza\/wp-content\/uploads\/sites\/37\/2019\/12\/2009-Natale-Curia-022.jpg\",\"datePublished\":\"2019-12-11T14:30:28+00:00\",\"dateModified\":\"2024-04-05T07:52:04+00:00\",\"breadcrumb\":{\"@id\":\"https:\/\/www.diocesitn.it\/area-testimonianza\/2019\/12\/11\/e-il-verbo-si-e-fatto-carne-vangelo-di-giovanni-capitolo-1\/#breadcrumb\"},\"inLanguage\":\"it-IT\",\"potentialAction\":[{\"@type\":\"ReadAction\",\"target\":[\"https:\/\/www.diocesitn.it\/area-testimonianza\/2019\/12\/11\/e-il-verbo-si-e-fatto-carne-vangelo-di-giovanni-capitolo-1\/\"]}]},{\"@type\":\"ImageObject\",\"inLanguage\":\"it-IT\",\"@id\":\"https:\/\/www.diocesitn.it\/area-testimonianza\/2019\/12\/11\/e-il-verbo-si-e-fatto-carne-vangelo-di-giovanni-capitolo-1\/#primaryimage\",\"url\":\"https:\/\/www.diocesitn.it\/area-testimonianza\/wp-content\/uploads\/sites\/37\/2019\/12\/2009-Natale-Curia-022.jpg\",\"contentUrl\":\"https:\/\/www.diocesitn.it\/area-testimonianza\/wp-content\/uploads\/sites\/37\/2019\/12\/2009-Natale-Curia-022.jpg\",\"width\":2592,\"height\":1944,\"caption\":\"Presepe di Curia - particolare\"},{\"@type\":\"BreadcrumbList\",\"@id\":\"https:\/\/www.diocesitn.it\/area-testimonianza\/2019\/12\/11\/e-il-verbo-si-e-fatto-carne-vangelo-di-giovanni-capitolo-1\/#breadcrumb\",\"itemListElement\":[{\"@type\":\"ListItem\",\"position\":1,\"name\":\"Home\",\"item\":\"https:\/\/www.diocesitn.it\/area-testimonianza\/\"},{\"@type\":\"ListItem\",\"position\":2,\"name\":\"&#8220;&#8230; e il Verbo si \u00e8 fatto carne&#8221; (Vangelo di Giovanni, capitolo 1)\"}]},{\"@type\":\"WebSite\",\"@id\":\"https:\/\/www.diocesitn.it\/area-testimonianza\/#website\",\"url\":\"https:\/\/www.diocesitn.it\/area-testimonianza\/\",\"name\":\"Testimonianza e Impegno sociale\",\"description\":\"Chiesa di Trento\",\"publisher\":{\"@id\":\"https:\/\/www.diocesitn.it\/area-testimonianza\/#organization\"},\"potentialAction\":[{\"@type\":\"SearchAction\",\"target\":{\"@type\":\"EntryPoint\",\"urlTemplate\":\"https:\/\/www.diocesitn.it\/area-testimonianza\/?s={search_term_string}\"},\"query-input\":\"required name=search_term_string\"}],\"inLanguage\":\"it-IT\"},{\"@type\":[\"Organization\",\"Place\"],\"@id\":\"https:\/\/www.diocesitn.it\/area-testimonianza\/#organization\",\"name\":\"Area Testimonianza e Impegno Sociale - Chiesa di Trento\",\"url\":\"https:\/\/www.diocesitn.it\/area-testimonianza\/\",\"logo\":{\"@id\":\"https:\/\/www.diocesitn.it\/area-testimonianza\/2019\/12\/11\/e-il-verbo-si-e-fatto-carne-vangelo-di-giovanni-capitolo-1\/#local-main-organization-logo\"},\"image\":{\"@id\":\"https:\/\/www.diocesitn.it\/area-testimonianza\/2019\/12\/11\/e-il-verbo-si-e-fatto-carne-vangelo-di-giovanni-capitolo-1\/#local-main-organization-logo\"},\"openingHoursSpecification\":[{\"@type\":\"OpeningHoursSpecification\",\"dayOfWeek\":[\"Monday\",\"Tuesday\",\"Wednesday\",\"Thursday\",\"Friday\",\"Saturday\",\"Sunday\"],\"opens\":\"09:00\",\"closes\":\"17:00\"}]},{\"@type\":\"ImageObject\",\"inLanguage\":\"it-IT\",\"@id\":\"https:\/\/www.diocesitn.it\/area-testimonianza\/2019\/12\/11\/e-il-verbo-si-e-fatto-carne-vangelo-di-giovanni-capitolo-1\/#local-main-organization-logo\",\"url\":\"https:\/\/www.diocesitn.it\/area-testimonianza\/wp-content\/uploads\/sites\/37\/2021\/09\/og-logo-testimonianza-e-impegno-sociale.jpg\",\"contentUrl\":\"https:\/\/www.diocesitn.it\/area-testimonianza\/wp-content\/uploads\/sites\/37\/2021\/09\/og-logo-testimonianza-e-impegno-sociale.jpg\",\"width\":1200,\"height\":630,\"caption\":\"Area Testimonianza e Impegno Sociale - Chiesa di Trento\"}]}<\/script>\n<!-- \/ Yoast SEO Premium plugin. -->","yoast_head_json":{"title":"\"... e il Verbo si \u00e8 fatto carne\" (Vangelo di Giovanni, capitolo 1) - Testimonianza e Impegno sociale","robots":{"index":"index","follow":"follow","max-snippet":"max-snippet:-1","max-image-preview":"max-image-preview:large","max-video-preview":"max-video-preview:-1"},"canonical":"https:\/\/www.diocesitn.it\/area-testimonianza\/2019\/12\/11\/e-il-verbo-si-e-fatto-carne-vangelo-di-giovanni-capitolo-1\/","og_locale":"it_IT","og_type":"article","og_title":"\"... e il Verbo si \u00e8 fatto carne\" (Vangelo di Giovanni, capitolo 1)","og_description":"&#8220;&#8230; e il Verbo si \u00e8 fatto carne&#8221; (Vangelo di Giovanni, capitolo 1) Dio diventa uomo: non \u00e8 il risultato di un effetto speciale, di un colossal hollywoodiano o di chiss\u00e0 quale bravissimo prestigiatore; \u00e8","og_url":"https:\/\/www.diocesitn.it\/area-testimonianza\/2019\/12\/11\/e-il-verbo-si-e-fatto-carne-vangelo-di-giovanni-capitolo-1\/","og_site_name":"Testimonianza e Impegno sociale","article_published_time":"2019-12-11T14:30:28+00:00","article_modified_time":"2024-04-05T07:52:04+00:00","og_image":[{"width":2592,"height":1944,"url":"https:\/\/www.diocesitn.it\/area-testimonianza\/wp-content\/uploads\/sites\/37\/2019\/12\/2009-Natale-Curia-022.jpg","type":"image\/jpeg"}],"author":"Claudia Dorigoni","twitter_card":"summary_large_image","twitter_misc":{"Scritto da":"Claudia Dorigoni","Tempo di lettura stimato":"1 minuto"},"schema":{"@context":"https:\/\/schema.org","@graph":[{"@type":"Article","@id":"https:\/\/www.diocesitn.it\/area-testimonianza\/2019\/12\/11\/e-il-verbo-si-e-fatto-carne-vangelo-di-giovanni-capitolo-1\/#article","isPartOf":{"@id":"https:\/\/www.diocesitn.it\/area-testimonianza\/2019\/12\/11\/e-il-verbo-si-e-fatto-carne-vangelo-di-giovanni-capitolo-1\/"},"author":{"name":"Claudia Dorigoni","@id":"https:\/\/www.diocesitn.it\/area-testimonianza\/#\/schema\/person\/5467191b81c25706baf09a59aab380a5"},"headline":"&#8220;&#8230; e il Verbo si \u00e8 fatto carne&#8221; (Vangelo di Giovanni, capitolo 1)","datePublished":"2019-12-11T14:30:28+00:00","dateModified":"2024-04-05T07:52:04+00:00","mainEntityOfPage":{"@id":"https:\/\/www.diocesitn.it\/area-testimonianza\/2019\/12\/11\/e-il-verbo-si-e-fatto-carne-vangelo-di-giovanni-capitolo-1\/"},"wordCount":130,"publisher":{"@id":"https:\/\/www.diocesitn.it\/area-testimonianza\/#organization"},"image":{"@id":"https:\/\/www.diocesitn.it\/area-testimonianza\/2019\/12\/11\/e-il-verbo-si-e-fatto-carne-vangelo-di-giovanni-capitolo-1\/#primaryimage"},"thumbnailUrl":"https:\/\/www.diocesitn.it\/area-testimonianza\/wp-content\/uploads\/sites\/37\/2019\/12\/2009-Natale-Curia-022.jpg","keywords":["auguri","Natale"],"articleSection":["Area Testimonianza e Impegno sociale","Notizie"],"inLanguage":"it-IT","copyrightYear":"2019","copyrightHolder":{"@id":"https:\/\/www.diocesitn.it\/#organization"}},{"@type":"WebPage","@id":"https:\/\/www.diocesitn.it\/area-testimonianza\/2019\/12\/11\/e-il-verbo-si-e-fatto-carne-vangelo-di-giovanni-capitolo-1\/","url":"https:\/\/www.diocesitn.it\/area-testimonianza\/2019\/12\/11\/e-il-verbo-si-e-fatto-carne-vangelo-di-giovanni-capitolo-1\/","name":"\"... e il Verbo si \u00e8 fatto carne\" (Vangelo di Giovanni, capitolo 1) - Testimonianza e Impegno sociale","isPartOf":{"@id":"https:\/\/www.diocesitn.it\/area-testimonianza\/#website"},"primaryImageOfPage":{"@id":"https:\/\/www.diocesitn.it\/area-testimonianza\/2019\/12\/11\/e-il-verbo-si-e-fatto-carne-vangelo-di-giovanni-capitolo-1\/#primaryimage"},"image":{"@id":"https:\/\/www.diocesitn.it\/area-testimonianza\/2019\/12\/11\/e-il-verbo-si-e-fatto-carne-vangelo-di-giovanni-capitolo-1\/#primaryimage"},"thumbnailUrl":"https:\/\/www.diocesitn.it\/area-testimonianza\/wp-content\/uploads\/sites\/37\/2019\/12\/2009-Natale-Curia-022.jpg","datePublished":"2019-12-11T14:30:28+00:00","dateModified":"2024-04-05T07:52:04+00:00","breadcrumb":{"@id":"https:\/\/www.diocesitn.it\/area-testimonianza\/2019\/12\/11\/e-il-verbo-si-e-fatto-carne-vangelo-di-giovanni-capitolo-1\/#breadcrumb"},"inLanguage":"it-IT","potentialAction":[{"@type":"ReadAction","target":["https:\/\/www.diocesitn.it\/area-testimonianza\/2019\/12\/11\/e-il-verbo-si-e-fatto-carne-vangelo-di-giovanni-capitolo-1\/"]}]},{"@type":"ImageObject","inLanguage":"it-IT","@id":"https:\/\/www.diocesitn.it\/area-testimonianza\/2019\/12\/11\/e-il-verbo-si-e-fatto-carne-vangelo-di-giovanni-capitolo-1\/#primaryimage","url":"https:\/\/www.diocesitn.it\/area-testimonianza\/wp-content\/uploads\/sites\/37\/2019\/12\/2009-Natale-Curia-022.jpg","contentUrl":"https:\/\/www.diocesitn.it\/area-testimonianza\/wp-content\/uploads\/sites\/37\/2019\/12\/2009-Natale-Curia-022.jpg","width":2592,"height":1944,"caption":"Presepe di Curia - particolare"},{"@type":"BreadcrumbList","@id":"https:\/\/www.diocesitn.it\/area-testimonianza\/2019\/12\/11\/e-il-verbo-si-e-fatto-carne-vangelo-di-giovanni-capitolo-1\/#breadcrumb","itemListElement":[{"@type":"ListItem","position":1,"name":"Home","item":"https:\/\/www.diocesitn.it\/area-testimonianza\/"},{"@type":"ListItem","position":2,"name":"&#8220;&#8230; e il Verbo si \u00e8 fatto carne&#8221; (Vangelo di Giovanni, capitolo 1)"}]},{"@type":"WebSite","@id":"https:\/\/www.diocesitn.it\/area-testimonianza\/#website","url":"https:\/\/www.diocesitn.it\/area-testimonianza\/","name":"Testimonianza e Impegno sociale","description":"Chiesa di Trento","publisher":{"@id":"https:\/\/www.diocesitn.it\/area-testimonianza\/#organization"},"potentialAction":[{"@type":"SearchAction","target":{"@type":"EntryPoint","urlTemplate":"https:\/\/www.diocesitn.it\/area-testimonianza\/?s={search_term_string}"},"query-input":"required name=search_term_string"}],"inLanguage":"it-IT"},{"@type":["Organization","Place"],"@id":"https:\/\/www.diocesitn.it\/area-testimonianza\/#organization","name":"Area Testimonianza e Impegno Sociale - Chiesa di Trento","url":"https:\/\/www.diocesitn.it\/area-testimonianza\/","logo":{"@id":"https:\/\/www.diocesitn.it\/area-testimonianza\/2019\/12\/11\/e-il-verbo-si-e-fatto-carne-vangelo-di-giovanni-capitolo-1\/#local-main-organization-logo"},"image":{"@id":"https:\/\/www.diocesitn.it\/area-testimonianza\/2019\/12\/11\/e-il-verbo-si-e-fatto-carne-vangelo-di-giovanni-capitolo-1\/#local-main-organization-logo"},"openingHoursSpecification":[{"@type":"OpeningHoursSpecification","dayOfWeek":["Monday","Tuesday","Wednesday","Thursday","Friday","Saturday","Sunday"],"opens":"09:00","closes":"17:00"}]},{"@type":"ImageObject","inLanguage":"it-IT","@id":"https:\/\/www.diocesitn.it\/area-testimonianza\/2019\/12\/11\/e-il-verbo-si-e-fatto-carne-vangelo-di-giovanni-capitolo-1\/#local-main-organization-logo","url":"https:\/\/www.diocesitn.it\/area-testimonianza\/wp-content\/uploads\/sites\/37\/2021\/09\/og-logo-testimonianza-e-impegno-sociale.jpg","contentUrl":"https:\/\/www.diocesitn.it\/area-testimonianza\/wp-content\/uploads\/sites\/37\/2021\/09\/og-logo-testimonianza-e-impegno-sociale.jpg","width":1200,"height":630,"caption":"Area Testimonianza e Impegno Sociale - Chiesa di Trento"}]}},"_links":{"self":[{"href":"https:\/\/www.diocesitn.it\/area-testimonianza\/wp-json\/wp\/v2\/posts\/7046","targetHints":{"allow":["GET"]}}],"collection":[{"href":"https:\/\/www.diocesitn.it\/area-testimonianza\/wp-json\/wp\/v2\/posts"}],"about":[{"href":"https:\/\/www.diocesitn.it\/area-testimonianza\/wp-json\/wp\/v2\/types\/post"}],"author":[{"embeddable":true,"href":"https:\/\/www.diocesitn.it\/area-testimonianza\/wp-json\/wp\/v2\/users\/4"}],"replies":[{"embeddable":true,"href":"https:\/\/www.diocesitn.it\/area-testimonianza\/wp-json\/wp\/v2\/comments?post=7046"}],"version-history":[{"count":4,"href":"https:\/\/www.diocesitn.it\/area-testimonianza\/wp-json\/wp\/v2\/posts\/7046\/revisions"}],"predecessor-version":[{"id":14838,"href":"https:\/\/www.diocesitn.it\/area-testimonianza\/wp-json\/wp\/v2\/posts\/7046\/revisions\/14838"}],"wp:featuredmedia":[{"embeddable":true,"href":"https:\/\/www.diocesitn.it\/area-testimonianza\/wp-json\/wp\/v2\/media\/7105"}],"wp:attachment":[{"href":"https:\/\/www.diocesitn.it\/area-testimonianza\/wp-json\/wp\/v2\/media?parent=7046"}],"wp:term":[{"taxonomy":"category","embeddable":true,"href":"https:\/\/www.diocesitn.it\/area-testimonianza\/wp-json\/wp\/v2\/categories?post=7046"},{"taxonomy":"post_tag","embeddable":true,"href":"https:\/\/www.diocesitn.it\/area-testimonianza\/wp-json\/wp\/v2\/tags?post=7046"}],"curies":[{"name":"wp","href":"https:\/\/api.w.org\/{rel}","templated":true}]}}