{"id":20428,"date":"2026-09-01T11:48:29","date_gmt":"2026-09-01T09:48:29","guid":{"rendered":"https:\/\/www.diocesitn.it\/area-testimonianza\/2026\/09\/01\/quale-spazio-per-letica-nella-pubblica-amministrazione-a-pine-nuovo-incontro-per-gli-amministratori-trentini-ospite-don-rocco-dambrosio\/"},"modified":"2026-09-01T12:59:58","modified_gmt":"2026-09-01T10:59:58","slug":"quale-spazio-per-letica-nella-pubblica-amministrazione-a-pine-nuovo-incontro-per-gli-amministratori-trentini-ospite-don-rocco-dambrosio","status":"publish","type":"post","link":"https:\/\/www.diocesitn.it\/area-testimonianza\/2026\/09\/01\/quale-spazio-per-letica-nella-pubblica-amministrazione-a-pine-nuovo-incontro-per-gli-amministratori-trentini-ospite-don-rocco-dambrosio\/","title":{"rendered":"Quale spazio per l\u2019etica nella pubblica amministrazione? A Pin\u00e9 nuovo incontro per gli amministratori trentini. Ospite don Rocco D&#8217;Ambrosio"},"content":{"rendered":"<p>A un anno dal <strong>Giubileo degli Amministratori pubblici del Trentino<\/strong>, il <strong>Santuario di Montagnaga di Pin\u00e9<\/strong> torna ad ospitare un momento di confronto dedicato a quanti sono impegnati nelle istituzioni e nell\u2019amministrazione della cosa pubblica.<!--more--><\/p>\n<p><strong>\u201cQuale spazio oggi per l\u2019etica nella pubblica amministrazione?\u201d<\/strong> \u00e8 la domanda scelta come tema dell\u2019incontro in programma <strong>venerd\u00ec 18 settembre 2026, con inizio alle ore 15, nel Salone del Pellegrino<\/strong>, presso il <strong>Santuario di Montagnaga<\/strong>.<\/p>\n<p>L\u2019iniziativa nasce ancora una volta dalla proposta dei <strong>sindaci dell\u2019Altopiano di Pin\u00e9<\/strong>, Alessandro Santuari, sindaco di Baselga di Pin\u00e9, e Francesco Fantini, sindaco di Bedollo, in sintonia con <strong>don Piero Rattin<\/strong>, rettore del Santuario e d&#8217;intesa con l&#8217;Arcidiocesi di Trento, in particolare l&#8217;Area Testimonianza e Impegno Sociale. \u00c8 rivolta in particolare ai <strong>sindaci dei Comuni trentini, assessori e consiglieri comunali, presidenti delle Comunit\u00e0 di Valle, presidenti e consiglieri dei Comitati ASUC<\/strong>.<\/p>\n<p>L\u2019appuntamento raccoglie idealmente il testimone dell\u2019esperienza vissuta nel settembre 2025 in occasione del <a href=\"https:\/\/www.diocesitn.it\/site\/giubileo-degli-amministratori-larcivescovo-tisi-la-politica-e-la-piu-alta-forma-di-carita\/\"><strong>Giubileo degli amministratori<\/strong><\/a>, proponendo anche quest\u2019anno uno spazio nel quale sottrarsi per qualche ora all\u2019urgenza delle scadenze amministrative e interrogarsi sulle motivazioni, sui criteri e sulle responsabilit\u00e0 che accompagnano il servizio nelle istituzioni.<\/p>\n<h4>Don Rocco D\u2019Ambrosio: etica, politica e responsabilit\u00e0<\/h4>\n<p>A guidare la riflessione sar\u00e0 <strong>don Rocco D\u2019Ambrosio<\/strong>, professore ordinario di Filosofia politica presso la <strong>Pontificia Universit\u00e0 Gregoriana di Roma<\/strong> e docente di Etica politica presso il Ministero dell\u2019Interno.<\/p>\n<p>Al centro del suo intervento sar\u00e0 il rapporto, sempre pi\u00f9 delicato, tra <strong>esercizio del potere, responsabilit\u00e0 personale, bene comune ed etica pubblica<\/strong>: questioni che attraversano quotidianamente il lavoro di chi \u00e8 chiamato ad assumere decisioni per una comunit\u00e0 e a confrontarsi con aspettative, interessi, conflitti e bisogni spesso molto diversi tra loro.<\/p>\n<p>Alla relazione seguir\u00e0 uno spazio di <strong>dibattito e confronto tra i partecipanti<\/strong>.<\/p>\n<h4>La Messa con l\u2019arcivescovo Lauro alla Comparsa<\/h4>\n<p>Il pomeriggio si concluder\u00e0 alla <strong>conca della Comparsa<\/strong>, dove l\u2019<strong>arcivescovo di Trento, monsignor Lauro Tisi<\/strong>, presieder\u00e0 la Santa Messa. Un momento per connotare l&#8217;incontro anche in chiave spirituale richiamando il valore dell\u2019amministrare come <strong>servizio alla comunit\u00e0<\/strong>, ponendo al centro la persona e il bene comune.<\/p>\n<h4>Adesioni entro l\u201911 settembre<\/h4>\n<p>Per motivi organizzativi \u00e8 richiesta la conferma della partecipazione <strong>entro venerd\u00ec 11 settembre<\/strong>, scrivendo all\u2019indirizzo <strong><a href=\"mailto:info@santuariodipine.it\">info@santuariodipine.it<\/a><\/strong>.<a href=\"https:\/\/www.diocesitn.it\/wp-content\/uploads\/2026\/09\/Locandina_18_settembre_alta_qualita-scaled.jpeg\"><img loading=\"lazy\" decoding=\"async\" class=\"wp-image-20429 alignleft\" src=\"https:\/\/www.diocesitn.it\/wp-content\/uploads\/2026\/09\/Locandina_18_settembre_alta_qualita-scaled.jpeg\" alt=\"\" width=\"225\" height=\"318\" srcset=\"https:\/\/www.diocesitn.it\/area-testimonianza\/wp-content\/uploads\/sites\/37\/2026\/09\/Locandina_18_settembre_alta_qualita-scaled.jpeg 1810w, https:\/\/www.diocesitn.it\/area-testimonianza\/wp-content\/uploads\/sites\/37\/2026\/09\/Locandina_18_settembre_alta_qualita-scaled-212x300.jpeg 212w, https:\/\/www.diocesitn.it\/area-testimonianza\/wp-content\/uploads\/sites\/37\/2026\/09\/Locandina_18_settembre_alta_qualita-scaled-724x1024.jpeg 724w, https:\/\/www.diocesitn.it\/area-testimonianza\/wp-content\/uploads\/sites\/37\/2026\/09\/Locandina_18_settembre_alta_qualita-scaled-768x1086.jpeg 768w, https:\/\/www.diocesitn.it\/area-testimonianza\/wp-content\/uploads\/sites\/37\/2026\/09\/Locandina_18_settembre_alta_qualita-scaled-198x280.jpeg 198w, https:\/\/www.diocesitn.it\/area-testimonianza\/wp-content\/uploads\/sites\/37\/2026\/09\/Locandina_18_settembre_alta_qualita-scaled-543x768.jpeg 543w, https:\/\/www.diocesitn.it\/area-testimonianza\/wp-content\/uploads\/sites\/37\/2026\/09\/Locandina_18_settembre_alta_qualita-scaled-1086x1536.jpeg 1086w, https:\/\/www.diocesitn.it\/area-testimonianza\/wp-content\/uploads\/sites\/37\/2026\/09\/Locandina_18_settembre_alta_qualita-scaled-1448x2048.jpeg 1448w, https:\/\/www.diocesitn.it\/area-testimonianza\/wp-content\/uploads\/sites\/37\/2026\/09\/Locandina_18_settembre_alta_qualita-scaled-800x1131.jpeg 800w, https:\/\/www.diocesitn.it\/area-testimonianza\/wp-content\/uploads\/sites\/37\/2026\/09\/Locandina_18_settembre_alta_qualita-scaled-1200x1697.jpeg 1200w\" sizes=\"auto, (max-width: 225px) 100vw, 225px\" \/><\/a><\/p>\n<p><strong>Quando:<\/strong> venerd\u00ec 18 settembre 2026, ore 15<br \/>\n<strong>Dove:<\/strong> Salone del Pellegrino, Santuario di Montagnaga di Pin\u00e9<br \/>\n<strong>Tema:<\/strong> \u201cQuale spazio oggi per l\u2019etica nella pubblica amministrazione?\u201d<br \/>\n<strong>Relatore:<\/strong> prof. don Rocco D\u2019Ambrosio<br \/>\n<strong>A seguire:<\/strong> Santa Messa alla Comparsa presieduta dall\u2019arcivescovo Lauro Tisi<\/p>\n<p>&nbsp;<\/p>\n","protected":false},"excerpt":{"rendered":"<p>A un anno dal Giubileo degli Amministratori pubblici del Trentino, il Santuario di Montagnaga di Pin\u00e9 torna ad ospitare un momento di confronto dedicato a quanti sono impegnati nelle istituzioni e nell\u2019amministrazione della cosa pubblica.<\/p>\n","protected":false},"author":3,"featured_media":20430,"comment_status":"closed","ping_status":"closed","sticky":true,"template":"","format":"standard","meta":{"footnotes":""},"categories":[1695,1074],"tags":[],"class_list":["post-20428","post","type-post","status-publish","format-standard","has-post-thumbnail","hentry","category-area-testimonianza-e-impegno-sociale","category-notizie"],"acf":{"seed-localization-paese-cod":"IT","seed-localization-address":"","seed-localization-citta":"Trento","seed-localization-regione-cod-istat":"04","seed-localization-citta-cod-istat":"022205","seed-localization-localita":"","seed-localization-cap":"","seed-localization-marker-visibility":false,"seed-localization-children-visibility":false,"seed-localization-kml":"","seed-localization-custom-marker":""},"yoast_head":"<!-- This site is optimized with the Yoast SEO Premium plugin v20.2.1 (Yoast SEO v22.2) - https:\/\/yoast.com\/wordpress\/plugins\/seo\/ -->\n<title>Quale spazio per l\u2019etica nella pubblica amministrazione? A Pin\u00e9 nuovo incontro per gli amministratori trentini. Ospite don Rocco D&#039;Ambrosio - Testimonianza e Impegno sociale<\/title>\n<meta name=\"robots\" content=\"index, follow, max-snippet:-1, max-image-preview:large, max-video-preview:-1\" \/>\n<link rel=\"canonical\" href=\"https:\/\/www.diocesitn.it\/area-testimonianza\/2026\/09\/01\/quale-spazio-per-letica-nella-pubblica-amministrazione-a-pine-nuovo-incontro-per-gli-amministratori-trentini-ospite-don-rocco-dambrosio\/\" \/>\n<meta property=\"og:locale\" content=\"it_IT\" \/>\n<meta property=\"og:type\" content=\"article\" \/>\n<meta property=\"og:title\" content=\"Quale spazio per l\u2019etica nella pubblica amministrazione? A Pin\u00e9 nuovo incontro per gli amministratori trentini. Ospite don Rocco D&#039;Ambrosio\" \/>\n<meta property=\"og:description\" content=\"A un anno dal Giubileo degli Amministratori pubblici del Trentino, il Santuario di Montagnaga di Pin\u00e9 torna ad ospitare un momento di confronto dedicato a quanti sono impegnati nelle istituzioni e nell\u2019amministrazione della cosa pubblica.\" \/>\n<meta property=\"og:url\" content=\"https:\/\/www.diocesitn.it\/area-testimonianza\/2026\/09\/01\/quale-spazio-per-letica-nella-pubblica-amministrazione-a-pine-nuovo-incontro-per-gli-amministratori-trentini-ospite-don-rocco-dambrosio\/\" \/>\n<meta property=\"og:site_name\" content=\"Testimonianza e Impegno sociale\" \/>\n<meta property=\"article:published_time\" content=\"2026-09-01T09:48:29+00:00\" \/>\n<meta property=\"article:modified_time\" content=\"2026-09-01T10:59:58+00:00\" \/>\n<meta property=\"og:image\" content=\"https:\/\/www.diocesitn.it\/area-testimonianza\/wp-content\/uploads\/sites\/37\/2026\/09\/incontrro_pubblici_amministratori_TN_Rocco_DAmbrosio-1024x683.png\" \/>\n\t<meta property=\"og:image:width\" content=\"1024\" \/>\n\t<meta property=\"og:image:height\" content=\"683\" \/>\n\t<meta property=\"og:image:type\" content=\"image\/png\" \/>\n<meta name=\"author\" content=\"Piergiorgio Franceschini\" \/>\n<meta name=\"twitter:card\" content=\"summary_large_image\" \/>\n<meta name=\"twitter:label1\" content=\"Scritto da\" \/>\n\t<meta name=\"twitter:data1\" content=\"Piergiorgio Franceschini\" \/>\n\t<meta name=\"twitter:label2\" content=\"Tempo di lettura stimato\" \/>\n\t<meta name=\"twitter:data2\" content=\"3 minuti\" \/>\n<script type=\"application\/ld+json\" class=\"yoast-schema-graph\">{\"@context\":\"https:\/\/schema.org\",\"@graph\":[{\"@type\":\"Article\",\"@id\":\"https:\/\/www.diocesitn.it\/area-testimonianza\/2026\/09\/01\/quale-spazio-per-letica-nella-pubblica-amministrazione-a-pine-nuovo-incontro-per-gli-amministratori-trentini-ospite-don-rocco-dambrosio\/#article\",\"isPartOf\":{\"@id\":\"https:\/\/www.diocesitn.it\/area-testimonianza\/2026\/09\/01\/quale-spazio-per-letica-nella-pubblica-amministrazione-a-pine-nuovo-incontro-per-gli-amministratori-trentini-ospite-don-rocco-dambrosio\/\"},\"author\":{\"name\":\"Piergiorgio Franceschini\",\"@id\":\"https:\/\/www.diocesitn.it\/area-testimonianza\/#\/schema\/person\/99590c84577873a025247b6aeb16ad2e\"},\"headline\":\"Quale spazio per l\u2019etica nella pubblica amministrazione? A Pin\u00e9 nuovo incontro per gli amministratori trentini. Ospite don Rocco D&#8217;Ambrosio\",\"datePublished\":\"2026-09-01T09:48:29+00:00\",\"dateModified\":\"2026-09-01T10:59:58+00:00\",\"mainEntityOfPage\":{\"@id\":\"https:\/\/www.diocesitn.it\/area-testimonianza\/2026\/09\/01\/quale-spazio-per-letica-nella-pubblica-amministrazione-a-pine-nuovo-incontro-per-gli-amministratori-trentini-ospite-don-rocco-dambrosio\/\"},\"wordCount\":429,\"publisher\":{\"@id\":\"https:\/\/www.diocesitn.it\/area-testimonianza\/#organization\"},\"image\":{\"@id\":\"https:\/\/www.diocesitn.it\/area-testimonianza\/2026\/09\/01\/quale-spazio-per-letica-nella-pubblica-amministrazione-a-pine-nuovo-incontro-per-gli-amministratori-trentini-ospite-don-rocco-dambrosio\/#primaryimage\"},\"thumbnailUrl\":\"https:\/\/www.diocesitn.it\/area-testimonianza\/wp-content\/uploads\/sites\/37\/2026\/09\/incontrro_pubblici_amministratori_TN_Rocco_DAmbrosio.png\",\"articleSection\":[\"Area Testimonianza e Impegno sociale\",\"Notizie\"],\"inLanguage\":\"it-IT\",\"copyrightYear\":\"2026\",\"copyrightHolder\":{\"@id\":\"https:\/\/www.diocesitn.it\/#organization\"}},{\"@type\":\"WebPage\",\"@id\":\"https:\/\/www.diocesitn.it\/area-testimonianza\/2026\/09\/01\/quale-spazio-per-letica-nella-pubblica-amministrazione-a-pine-nuovo-incontro-per-gli-amministratori-trentini-ospite-don-rocco-dambrosio\/\",\"url\":\"https:\/\/www.diocesitn.it\/area-testimonianza\/2026\/09\/01\/quale-spazio-per-letica-nella-pubblica-amministrazione-a-pine-nuovo-incontro-per-gli-amministratori-trentini-ospite-don-rocco-dambrosio\/\",\"name\":\"Quale spazio per l\u2019etica nella pubblica amministrazione? A Pin\u00e9 nuovo incontro per gli amministratori trentini. Ospite don Rocco D'Ambrosio - Testimonianza e Impegno sociale\",\"isPartOf\":{\"@id\":\"https:\/\/www.diocesitn.it\/area-testimonianza\/#website\"},\"primaryImageOfPage\":{\"@id\":\"https:\/\/www.diocesitn.it\/area-testimonianza\/2026\/09\/01\/quale-spazio-per-letica-nella-pubblica-amministrazione-a-pine-nuovo-incontro-per-gli-amministratori-trentini-ospite-don-rocco-dambrosio\/#primaryimage\"},\"image\":{\"@id\":\"https:\/\/www.diocesitn.it\/area-testimonianza\/2026\/09\/01\/quale-spazio-per-letica-nella-pubblica-amministrazione-a-pine-nuovo-incontro-per-gli-amministratori-trentini-ospite-don-rocco-dambrosio\/#primaryimage\"},\"thumbnailUrl\":\"https:\/\/www.diocesitn.it\/area-testimonianza\/wp-content\/uploads\/sites\/37\/2026\/09\/incontrro_pubblici_amministratori_TN_Rocco_DAmbrosio.png\",\"datePublished\":\"2026-09-01T09:48:29+00:00\",\"dateModified\":\"2026-09-01T10:59:58+00:00\",\"breadcrumb\":{\"@id\":\"https:\/\/www.diocesitn.it\/area-testimonianza\/2026\/09\/01\/quale-spazio-per-letica-nella-pubblica-amministrazione-a-pine-nuovo-incontro-per-gli-amministratori-trentini-ospite-don-rocco-dambrosio\/#breadcrumb\"},\"inLanguage\":\"it-IT\",\"potentialAction\":[{\"@type\":\"ReadAction\",\"target\":[\"https:\/\/www.diocesitn.it\/area-testimonianza\/2026\/09\/01\/quale-spazio-per-letica-nella-pubblica-amministrazione-a-pine-nuovo-incontro-per-gli-amministratori-trentini-ospite-don-rocco-dambrosio\/\"]}]},{\"@type\":\"ImageObject\",\"inLanguage\":\"it-IT\",\"@id\":\"https:\/\/www.diocesitn.it\/area-testimonianza\/2026\/09\/01\/quale-spazio-per-letica-nella-pubblica-amministrazione-a-pine-nuovo-incontro-per-gli-amministratori-trentini-ospite-don-rocco-dambrosio\/#primaryimage\",\"url\":\"https:\/\/www.diocesitn.it\/area-testimonianza\/wp-content\/uploads\/sites\/37\/2026\/09\/incontrro_pubblici_amministratori_TN_Rocco_DAmbrosio.png\",\"contentUrl\":\"https:\/\/www.diocesitn.it\/area-testimonianza\/wp-content\/uploads\/sites\/37\/2026\/09\/incontrro_pubblici_amministratori_TN_Rocco_DAmbrosio.png\",\"width\":1536,\"height\":1024,\"caption\":\"incontrro_pubblici_amministratori_TN_Rocco_DAmbrosio\"},{\"@type\":\"BreadcrumbList\",\"@id\":\"https:\/\/www.diocesitn.it\/area-testimonianza\/2026\/09\/01\/quale-spazio-per-letica-nella-pubblica-amministrazione-a-pine-nuovo-incontro-per-gli-amministratori-trentini-ospite-don-rocco-dambrosio\/#breadcrumb\",\"itemListElement\":[{\"@type\":\"ListItem\",\"position\":1,\"name\":\"Home\",\"item\":\"https:\/\/www.diocesitn.it\/area-testimonianza\/\"},{\"@type\":\"ListItem\",\"position\":2,\"name\":\"Quale spazio per l\u2019etica nella pubblica amministrazione? A Pin\u00e9 nuovo incontro per gli amministratori trentini. Ospite don Rocco D&#8217;Ambrosio\"}]},{\"@type\":\"WebSite\",\"@id\":\"https:\/\/www.diocesitn.it\/area-testimonianza\/#website\",\"url\":\"https:\/\/www.diocesitn.it\/area-testimonianza\/\",\"name\":\"Testimonianza e Impegno sociale\",\"description\":\"Chiesa di Trento\",\"publisher\":{\"@id\":\"https:\/\/www.diocesitn.it\/area-testimonianza\/#organization\"},\"potentialAction\":[{\"@type\":\"SearchAction\",\"target\":{\"@type\":\"EntryPoint\",\"urlTemplate\":\"https:\/\/www.diocesitn.it\/area-testimonianza\/?s={search_term_string}\"},\"query-input\":\"required name=search_term_string\"}],\"inLanguage\":\"it-IT\"},{\"@type\":[\"Organization\",\"Place\"],\"@id\":\"https:\/\/www.diocesitn.it\/area-testimonianza\/#organization\",\"name\":\"Area Testimonianza e Impegno Sociale - Chiesa di Trento\",\"url\":\"https:\/\/www.diocesitn.it\/area-testimonianza\/\",\"logo\":{\"@id\":\"https:\/\/www.diocesitn.it\/area-testimonianza\/2026\/09\/01\/quale-spazio-per-letica-nella-pubblica-amministrazione-a-pine-nuovo-incontro-per-gli-amministratori-trentini-ospite-don-rocco-dambrosio\/#local-main-organization-logo\"},\"image\":{\"@id\":\"https:\/\/www.diocesitn.it\/area-testimonianza\/2026\/09\/01\/quale-spazio-per-letica-nella-pubblica-amministrazione-a-pine-nuovo-incontro-per-gli-amministratori-trentini-ospite-don-rocco-dambrosio\/#local-main-organization-logo\"},\"openingHoursSpecification\":[{\"@type\":\"OpeningHoursSpecification\",\"dayOfWeek\":[\"Monday\",\"Tuesday\",\"Wednesday\",\"Thursday\",\"Friday\",\"Saturday\",\"Sunday\"],\"opens\":\"09:00\",\"closes\":\"17:00\"}]},{\"@type\":\"ImageObject\",\"inLanguage\":\"it-IT\",\"@id\":\"https:\/\/www.diocesitn.it\/area-testimonianza\/2026\/09\/01\/quale-spazio-per-letica-nella-pubblica-amministrazione-a-pine-nuovo-incontro-per-gli-amministratori-trentini-ospite-don-rocco-dambrosio\/#local-main-organization-logo\",\"url\":\"https:\/\/www.diocesitn.it\/area-testimonianza\/wp-content\/uploads\/sites\/37\/2021\/09\/og-logo-testimonianza-e-impegno-sociale.jpg\",\"contentUrl\":\"https:\/\/www.diocesitn.it\/area-testimonianza\/wp-content\/uploads\/sites\/37\/2021\/09\/og-logo-testimonianza-e-impegno-sociale.jpg\",\"width\":1200,\"height\":630,\"caption\":\"Area Testimonianza e Impegno Sociale - Chiesa di Trento\"}]}<\/script>\n<!-- \/ Yoast SEO Premium plugin. -->","yoast_head_json":{"title":"Quale spazio per l\u2019etica nella pubblica amministrazione? A Pin\u00e9 nuovo incontro per gli amministratori trentini. Ospite don Rocco D'Ambrosio - Testimonianza e Impegno sociale","robots":{"index":"index","follow":"follow","max-snippet":"max-snippet:-1","max-image-preview":"max-image-preview:large","max-video-preview":"max-video-preview:-1"},"canonical":"https:\/\/www.diocesitn.it\/area-testimonianza\/2026\/09\/01\/quale-spazio-per-letica-nella-pubblica-amministrazione-a-pine-nuovo-incontro-per-gli-amministratori-trentini-ospite-don-rocco-dambrosio\/","og_locale":"it_IT","og_type":"article","og_title":"Quale spazio per l\u2019etica nella pubblica amministrazione? A Pin\u00e9 nuovo incontro per gli amministratori trentini. Ospite don Rocco D'Ambrosio","og_description":"A un anno dal Giubileo degli Amministratori pubblici del Trentino, il Santuario di Montagnaga di Pin\u00e9 torna ad ospitare un momento di confronto dedicato a quanti sono impegnati nelle istituzioni e nell\u2019amministrazione della cosa pubblica.","og_url":"https:\/\/www.diocesitn.it\/area-testimonianza\/2026\/09\/01\/quale-spazio-per-letica-nella-pubblica-amministrazione-a-pine-nuovo-incontro-per-gli-amministratori-trentini-ospite-don-rocco-dambrosio\/","og_site_name":"Testimonianza e Impegno sociale","article_published_time":"2026-09-01T09:48:29+00:00","article_modified_time":"2026-09-01T10:59:58+00:00","og_image":[{"width":1024,"height":683,"url":"https:\/\/www.diocesitn.it\/area-testimonianza\/wp-content\/uploads\/sites\/37\/2026\/09\/incontrro_pubblici_amministratori_TN_Rocco_DAmbrosio-1024x683.png","type":"image\/png"}],"author":"Piergiorgio Franceschini","twitter_card":"summary_large_image","twitter_misc":{"Scritto da":"Piergiorgio Franceschini","Tempo di lettura stimato":"3 minuti"},"schema":{"@context":"https:\/\/schema.org","@graph":[{"@type":"Article","@id":"https:\/\/www.diocesitn.it\/area-testimonianza\/2026\/09\/01\/quale-spazio-per-letica-nella-pubblica-amministrazione-a-pine-nuovo-incontro-per-gli-amministratori-trentini-ospite-don-rocco-dambrosio\/#article","isPartOf":{"@id":"https:\/\/www.diocesitn.it\/area-testimonianza\/2026\/09\/01\/quale-spazio-per-letica-nella-pubblica-amministrazione-a-pine-nuovo-incontro-per-gli-amministratori-trentini-ospite-don-rocco-dambrosio\/"},"author":{"name":"Piergiorgio Franceschini","@id":"https:\/\/www.diocesitn.it\/area-testimonianza\/#\/schema\/person\/99590c84577873a025247b6aeb16ad2e"},"headline":"Quale spazio per l\u2019etica nella pubblica amministrazione? A Pin\u00e9 nuovo incontro per gli amministratori trentini. Ospite don Rocco D&#8217;Ambrosio","datePublished":"2026-09-01T09:48:29+00:00","dateModified":"2026-09-01T10:59:58+00:00","mainEntityOfPage":{"@id":"https:\/\/www.diocesitn.it\/area-testimonianza\/2026\/09\/01\/quale-spazio-per-letica-nella-pubblica-amministrazione-a-pine-nuovo-incontro-per-gli-amministratori-trentini-ospite-don-rocco-dambrosio\/"},"wordCount":429,"publisher":{"@id":"https:\/\/www.diocesitn.it\/area-testimonianza\/#organization"},"image":{"@id":"https:\/\/www.diocesitn.it\/area-testimonianza\/2026\/09\/01\/quale-spazio-per-letica-nella-pubblica-amministrazione-a-pine-nuovo-incontro-per-gli-amministratori-trentini-ospite-don-rocco-dambrosio\/#primaryimage"},"thumbnailUrl":"https:\/\/www.diocesitn.it\/area-testimonianza\/wp-content\/uploads\/sites\/37\/2026\/09\/incontrro_pubblici_amministratori_TN_Rocco_DAmbrosio.png","articleSection":["Area Testimonianza e Impegno sociale","Notizie"],"inLanguage":"it-IT","copyrightYear":"2026","copyrightHolder":{"@id":"https:\/\/www.diocesitn.it\/#organization"}},{"@type":"WebPage","@id":"https:\/\/www.diocesitn.it\/area-testimonianza\/2026\/09\/01\/quale-spazio-per-letica-nella-pubblica-amministrazione-a-pine-nuovo-incontro-per-gli-amministratori-trentini-ospite-don-rocco-dambrosio\/","url":"https:\/\/www.diocesitn.it\/area-testimonianza\/2026\/09\/01\/quale-spazio-per-letica-nella-pubblica-amministrazione-a-pine-nuovo-incontro-per-gli-amministratori-trentini-ospite-don-rocco-dambrosio\/","name":"Quale spazio per l\u2019etica nella pubblica amministrazione? A Pin\u00e9 nuovo incontro per gli amministratori trentini. Ospite don Rocco D'Ambrosio - Testimonianza e Impegno sociale","isPartOf":{"@id":"https:\/\/www.diocesitn.it\/area-testimonianza\/#website"},"primaryImageOfPage":{"@id":"https:\/\/www.diocesitn.it\/area-testimonianza\/2026\/09\/01\/quale-spazio-per-letica-nella-pubblica-amministrazione-a-pine-nuovo-incontro-per-gli-amministratori-trentini-ospite-don-rocco-dambrosio\/#primaryimage"},"image":{"@id":"https:\/\/www.diocesitn.it\/area-testimonianza\/2026\/09\/01\/quale-spazio-per-letica-nella-pubblica-amministrazione-a-pine-nuovo-incontro-per-gli-amministratori-trentini-ospite-don-rocco-dambrosio\/#primaryimage"},"thumbnailUrl":"https:\/\/www.diocesitn.it\/area-testimonianza\/wp-content\/uploads\/sites\/37\/2026\/09\/incontrro_pubblici_amministratori_TN_Rocco_DAmbrosio.png","datePublished":"2026-09-01T09:48:29+00:00","dateModified":"2026-09-01T10:59:58+00:00","breadcrumb":{"@id":"https:\/\/www.diocesitn.it\/area-testimonianza\/2026\/09\/01\/quale-spazio-per-letica-nella-pubblica-amministrazione-a-pine-nuovo-incontro-per-gli-amministratori-trentini-ospite-don-rocco-dambrosio\/#breadcrumb"},"inLanguage":"it-IT","potentialAction":[{"@type":"ReadAction","target":["https:\/\/www.diocesitn.it\/area-testimonianza\/2026\/09\/01\/quale-spazio-per-letica-nella-pubblica-amministrazione-a-pine-nuovo-incontro-per-gli-amministratori-trentini-ospite-don-rocco-dambrosio\/"]}]},{"@type":"ImageObject","inLanguage":"it-IT","@id":"https:\/\/www.diocesitn.it\/area-testimonianza\/2026\/09\/01\/quale-spazio-per-letica-nella-pubblica-amministrazione-a-pine-nuovo-incontro-per-gli-amministratori-trentini-ospite-don-rocco-dambrosio\/#primaryimage","url":"https:\/\/www.diocesitn.it\/area-testimonianza\/wp-content\/uploads\/sites\/37\/2026\/09\/incontrro_pubblici_amministratori_TN_Rocco_DAmbrosio.png","contentUrl":"https:\/\/www.diocesitn.it\/area-testimonianza\/wp-content\/uploads\/sites\/37\/2026\/09\/incontrro_pubblici_amministratori_TN_Rocco_DAmbrosio.png","width":1536,"height":1024,"caption":"incontrro_pubblici_amministratori_TN_Rocco_DAmbrosio"},{"@type":"BreadcrumbList","@id":"https:\/\/www.diocesitn.it\/area-testimonianza\/2026\/09\/01\/quale-spazio-per-letica-nella-pubblica-amministrazione-a-pine-nuovo-incontro-per-gli-amministratori-trentini-ospite-don-rocco-dambrosio\/#breadcrumb","itemListElement":[{"@type":"ListItem","position":1,"name":"Home","item":"https:\/\/www.diocesitn.it\/area-testimonianza\/"},{"@type":"ListItem","position":2,"name":"Quale spazio per l\u2019etica nella pubblica amministrazione? A Pin\u00e9 nuovo incontro per gli amministratori trentini. Ospite don Rocco D&#8217;Ambrosio"}]},{"@type":"WebSite","@id":"https:\/\/www.diocesitn.it\/area-testimonianza\/#website","url":"https:\/\/www.diocesitn.it\/area-testimonianza\/","name":"Testimonianza e Impegno sociale","description":"Chiesa di Trento","publisher":{"@id":"https:\/\/www.diocesitn.it\/area-testimonianza\/#organization"},"potentialAction":[{"@type":"SearchAction","target":{"@type":"EntryPoint","urlTemplate":"https:\/\/www.diocesitn.it\/area-testimonianza\/?s={search_term_string}"},"query-input":"required name=search_term_string"}],"inLanguage":"it-IT"},{"@type":["Organization","Place"],"@id":"https:\/\/www.diocesitn.it\/area-testimonianza\/#organization","name":"Area Testimonianza e Impegno Sociale - Chiesa di Trento","url":"https:\/\/www.diocesitn.it\/area-testimonianza\/","logo":{"@id":"https:\/\/www.diocesitn.it\/area-testimonianza\/2026\/09\/01\/quale-spazio-per-letica-nella-pubblica-amministrazione-a-pine-nuovo-incontro-per-gli-amministratori-trentini-ospite-don-rocco-dambrosio\/#local-main-organization-logo"},"image":{"@id":"https:\/\/www.diocesitn.it\/area-testimonianza\/2026\/09\/01\/quale-spazio-per-letica-nella-pubblica-amministrazione-a-pine-nuovo-incontro-per-gli-amministratori-trentini-ospite-don-rocco-dambrosio\/#local-main-organization-logo"},"openingHoursSpecification":[{"@type":"OpeningHoursSpecification","dayOfWeek":["Monday","Tuesday","Wednesday","Thursday","Friday","Saturday","Sunday"],"opens":"09:00","closes":"17:00"}]},{"@type":"ImageObject","inLanguage":"it-IT","@id":"https:\/\/www.diocesitn.it\/area-testimonianza\/2026\/09\/01\/quale-spazio-per-letica-nella-pubblica-amministrazione-a-pine-nuovo-incontro-per-gli-amministratori-trentini-ospite-don-rocco-dambrosio\/#local-main-organization-logo","url":"https:\/\/www.diocesitn.it\/area-testimonianza\/wp-content\/uploads\/sites\/37\/2021\/09\/og-logo-testimonianza-e-impegno-sociale.jpg","contentUrl":"https:\/\/www.diocesitn.it\/area-testimonianza\/wp-content\/uploads\/sites\/37\/2021\/09\/og-logo-testimonianza-e-impegno-sociale.jpg","width":1200,"height":630,"caption":"Area Testimonianza e Impegno Sociale - Chiesa di Trento"}]}},"_links":{"self":[{"href":"https:\/\/www.diocesitn.it\/area-testimonianza\/wp-json\/wp\/v2\/posts\/20428","targetHints":{"allow":["GET"]}}],"collection":[{"href":"https:\/\/www.diocesitn.it\/area-testimonianza\/wp-json\/wp\/v2\/posts"}],"about":[{"href":"https:\/\/www.diocesitn.it\/area-testimonianza\/wp-json\/wp\/v2\/types\/post"}],"author":[{"embeddable":true,"href":"https:\/\/www.diocesitn.it\/area-testimonianza\/wp-json\/wp\/v2\/users\/3"}],"replies":[{"embeddable":true,"href":"https:\/\/www.diocesitn.it\/area-testimonianza\/wp-json\/wp\/v2\/comments?post=20428"}],"version-history":[{"count":2,"href":"https:\/\/www.diocesitn.it\/area-testimonianza\/wp-json\/wp\/v2\/posts\/20428\/revisions"}],"predecessor-version":[{"id":20432,"href":"https:\/\/www.diocesitn.it\/area-testimonianza\/wp-json\/wp\/v2\/posts\/20428\/revisions\/20432"}],"wp:featuredmedia":[{"embeddable":true,"href":"https:\/\/www.diocesitn.it\/area-testimonianza\/wp-json\/wp\/v2\/media\/20430"}],"wp:attachment":[{"href":"https:\/\/www.diocesitn.it\/area-testimonianza\/wp-json\/wp\/v2\/media?parent=20428"}],"wp:term":[{"taxonomy":"category","embeddable":true,"href":"https:\/\/www.diocesitn.it\/area-testimonianza\/wp-json\/wp\/v2\/categories?post=20428"},{"taxonomy":"post_tag","embeddable":true,"href":"https:\/\/www.diocesitn.it\/area-testimonianza\/wp-json\/wp\/v2\/tags?post=20428"}],"curies":[{"name":"wp","href":"https:\/\/api.w.org\/{rel}","templated":true}]}}