{"id":20424,"date":"2026-08-27T15:49:39","date_gmt":"2026-08-27T13:49:39","guid":{"rendered":"https:\/\/www.diocesitn.it\/area-testimonianza\/2026\/08\/27\/tempo-creato-2026-le-chiese-di-fronte-alle-sfide-ambientali-al-vigilianum-confronto-tra-il-vescovo-missionario-filippi-e-il-teologo-ortodosso-crisan\/"},"modified":"2026-09-01T12:24:59","modified_gmt":"2026-09-01T10:24:59","slug":"tempo-creato-2026-le-chiese-di-fronte-alle-sfide-ambientali-al-vigilianum-confronto-tra-il-vescovo-missionario-filippi-e-il-teologo-ortodosso-crisan","status":"publish","type":"post","link":"https:\/\/www.diocesitn.it\/area-testimonianza\/2026\/08\/27\/tempo-creato-2026-le-chiese-di-fronte-alle-sfide-ambientali-al-vigilianum-confronto-tra-il-vescovo-missionario-filippi-e-il-teologo-ortodosso-crisan\/","title":{"rendered":"Tempo Creato 2026, le Chiese di fronte alle sfide ambientali. Al Vigilianum confronto tra il vescovo missionario Filippi e il teologo ortodosso Cri\u0219an"},"content":{"rendered":"<p><strong>Quale contributo possono offrire oggi le Chiese di fronte alle grandi sfide ambientali e a un mondo sempre pi\u00f9 interconnesso?<\/strong> \u00c8 la domanda al centro dell\u2019incontro <strong>\u201cLe Chiese di fronte alla nuova universalit\u00e0 e alla questione ambientale\u201d<\/strong>, in programma <strong>gioved\u00ec 3 settembre alle ore 18.00 al Polo Culturale Vigilianum di Trento<\/strong>.<!--more--><\/p>\n<p>A confrontarsi saranno <strong>monsignor Giuseppe Filippi<\/strong>, missionario comboniano trentino e <strong>vescovo emerito di Kotido, in Uganda<\/strong>, e <strong>padre Alexandru-Marius Cri\u0219an<\/strong>, sacerdote e teologo ortodosso dell\u2019<strong>Universit\u00e0 \u201cLucian Blaga\u201d di Sibiu, in Romania<\/strong>, studioso di missiologia ed ecumenismo.<\/p>\n<p>Monsignor Filippi porter\u00e0 l\u2019esperienza maturata in decenni di missione in Africa, e in particolare nella regione ugandese della Karamoja, dove i cambiamenti climatici, la siccit\u00e0 e la scarsit\u00e0 delle risorse incidono direttamente sulla vita delle popolazioni e rendono evidente il legame tra <strong>ambiente, povert\u00e0 e giustizia sociale<\/strong>.<\/p>\n<p>Padre Cri\u0219an offrir\u00e0 invece la prospettiva del <strong>dialogo ecumenico<\/strong>, approfondendo il ruolo delle Chiese nella costruzione di una nuova responsabilit\u00e0 condivisa, capace di superare confini geografici e confessionali.<\/p>\n<p>L\u2019incontro si inserisce nel <a href=\"https:\/\/www.diocesitn.it\/site\/tempo-del-creato-tutte-le-iniziative-in-diocesi-di-trento-messa-con-monsignor-tisi-nella-cattedrale-vegetale-di-arte-sella-domenica-13-settembre\/\"><strong>Tempo del Creato 2026<\/strong><\/a>, dal 1\u00b0 settembre al 4 ottobre, e propone uno sguardo che unisce <strong>cura della casa comune, fraternit\u00e0 tra i popoli e responsabilit\u00e0 delle comunit\u00e0 cristiane<\/strong> di fronte alle grandi trasformazioni del nostro tempo.<\/p>\n","protected":false},"excerpt":{"rendered":"<p>Quale contributo possono offrire oggi le Chiese di fronte alle grandi sfide ambientali e a un mondo sempre pi\u00f9 interconnesso? \u00c8 la domanda al centro dell\u2019incontro \u201cLe Chiese di fronte alla nuova universalit\u00e0 e alla<\/p>\n","protected":false},"author":3,"featured_media":20426,"comment_status":"closed","ping_status":"closed","sticky":false,"template":"","format":"standard","meta":{"footnotes":""},"categories":[2113,1130,1074],"tags":[],"class_list":["post-20424","post","type-post","status-publish","format-standard","has-post-thumbnail","hentry","category-servizio-cura-creato","category-servizio-ecumenismo-e-dialogo","category-notizie"],"acf":{"seed-localization-paese-cod":"IT","seed-localization-address":"","seed-localization-citta":"Trento","seed-localization-regione-cod-istat":"04","seed-localization-citta-cod-istat":"022205","seed-localization-localita":"","seed-localization-cap":"","seed-localization-marker-visibility":false,"seed-localization-children-visibility":false,"seed-localization-kml":"","seed-localization-custom-marker":""},"yoast_head":"<!-- This site is optimized with the Yoast SEO Premium plugin v20.2.1 (Yoast SEO v22.2) - https:\/\/yoast.com\/wordpress\/plugins\/seo\/ -->\n<title>Tempo Creato 2026, le Chiese di fronte alle sfide ambientali. Al Vigilianum confronto tra il vescovo missionario Filippi e il teologo ortodosso Cri\u0219an - Testimonianza e Impegno sociale<\/title>\n<meta name=\"robots\" content=\"index, follow, max-snippet:-1, max-image-preview:large, max-video-preview:-1\" \/>\n<link rel=\"canonical\" href=\"https:\/\/www.diocesitn.it\/area-testimonianza\/2026\/08\/27\/tempo-creato-2026-le-chiese-di-fronte-alle-sfide-ambientali-al-vigilianum-confronto-tra-il-vescovo-missionario-filippi-e-il-teologo-ortodosso-crisan\/\" \/>\n<meta property=\"og:locale\" content=\"it_IT\" \/>\n<meta property=\"og:type\" content=\"article\" \/>\n<meta property=\"og:title\" content=\"Tempo Creato 2026, le Chiese di fronte alle sfide ambientali. Al Vigilianum confronto tra il vescovo missionario Filippi e il teologo ortodosso Cri\u0219an\" \/>\n<meta property=\"og:description\" content=\"Quale contributo possono offrire oggi le Chiese di fronte alle grandi sfide ambientali e a un mondo sempre pi\u00f9 interconnesso? \u00c8 la domanda al centro dell\u2019incontro \u201cLe Chiese di fronte alla nuova universalit\u00e0 e alla\" \/>\n<meta property=\"og:url\" content=\"https:\/\/www.diocesitn.it\/area-testimonianza\/2026\/08\/27\/tempo-creato-2026-le-chiese-di-fronte-alle-sfide-ambientali-al-vigilianum-confronto-tra-il-vescovo-missionario-filippi-e-il-teologo-ortodosso-crisan\/\" \/>\n<meta property=\"og:site_name\" content=\"Testimonianza e Impegno sociale\" \/>\n<meta property=\"article:published_time\" content=\"2026-08-27T13:49:39+00:00\" \/>\n<meta property=\"article:modified_time\" content=\"2026-09-01T10:24:59+00:00\" \/>\n<meta property=\"og:image\" content=\"https:\/\/www.diocesitn.it\/area-testimonianza\/wp-content\/uploads\/sites\/37\/2026\/09\/filippi_crisan_def-1024x683.png\" \/>\n\t<meta property=\"og:image:width\" content=\"1024\" \/>\n\t<meta property=\"og:image:height\" content=\"683\" \/>\n\t<meta property=\"og:image:type\" content=\"image\/png\" \/>\n<meta name=\"author\" content=\"Piergiorgio Franceschini\" \/>\n<meta name=\"twitter:card\" content=\"summary_large_image\" \/>\n<meta name=\"twitter:label1\" content=\"Scritto da\" \/>\n\t<meta name=\"twitter:data1\" content=\"Piergiorgio Franceschini\" \/>\n\t<meta name=\"twitter:label2\" content=\"Tempo di lettura stimato\" \/>\n\t<meta name=\"twitter:data2\" content=\"2 minuti\" \/>\n<script type=\"application\/ld+json\" class=\"yoast-schema-graph\">{\"@context\":\"https:\/\/schema.org\",\"@graph\":[{\"@type\":\"Article\",\"@id\":\"https:\/\/www.diocesitn.it\/area-testimonianza\/2026\/08\/27\/tempo-creato-2026-le-chiese-di-fronte-alle-sfide-ambientali-al-vigilianum-confronto-tra-il-vescovo-missionario-filippi-e-il-teologo-ortodosso-crisan\/#article\",\"isPartOf\":{\"@id\":\"https:\/\/www.diocesitn.it\/area-testimonianza\/2026\/08\/27\/tempo-creato-2026-le-chiese-di-fronte-alle-sfide-ambientali-al-vigilianum-confronto-tra-il-vescovo-missionario-filippi-e-il-teologo-ortodosso-crisan\/\"},\"author\":{\"name\":\"Piergiorgio Franceschini\",\"@id\":\"https:\/\/www.diocesitn.it\/area-testimonianza\/#\/schema\/person\/99590c84577873a025247b6aeb16ad2e\"},\"headline\":\"Tempo Creato 2026, le Chiese di fronte alle sfide ambientali. Al Vigilianum confronto tra il vescovo missionario Filippi e il teologo ortodosso Cri\u0219an\",\"datePublished\":\"2026-08-27T13:49:39+00:00\",\"dateModified\":\"2026-09-01T10:24:59+00:00\",\"mainEntityOfPage\":{\"@id\":\"https:\/\/www.diocesitn.it\/area-testimonianza\/2026\/08\/27\/tempo-creato-2026-le-chiese-di-fronte-alle-sfide-ambientali-al-vigilianum-confronto-tra-il-vescovo-missionario-filippi-e-il-teologo-ortodosso-crisan\/\"},\"wordCount\":226,\"publisher\":{\"@id\":\"https:\/\/www.diocesitn.it\/area-testimonianza\/#organization\"},\"image\":{\"@id\":\"https:\/\/www.diocesitn.it\/area-testimonianza\/2026\/08\/27\/tempo-creato-2026-le-chiese-di-fronte-alle-sfide-ambientali-al-vigilianum-confronto-tra-il-vescovo-missionario-filippi-e-il-teologo-ortodosso-crisan\/#primaryimage\"},\"thumbnailUrl\":\"https:\/\/www.diocesitn.it\/area-testimonianza\/wp-content\/uploads\/sites\/37\/2026\/09\/filippi_crisan_def.png\",\"articleSection\":[\"Cura del Creato\",\"Ecumenismo e Dialogo interreligioso\",\"Notizie\"],\"inLanguage\":\"it-IT\",\"copyrightYear\":\"2026\",\"copyrightHolder\":{\"@id\":\"https:\/\/www.diocesitn.it\/#organization\"}},{\"@type\":\"WebPage\",\"@id\":\"https:\/\/www.diocesitn.it\/area-testimonianza\/2026\/08\/27\/tempo-creato-2026-le-chiese-di-fronte-alle-sfide-ambientali-al-vigilianum-confronto-tra-il-vescovo-missionario-filippi-e-il-teologo-ortodosso-crisan\/\",\"url\":\"https:\/\/www.diocesitn.it\/area-testimonianza\/2026\/08\/27\/tempo-creato-2026-le-chiese-di-fronte-alle-sfide-ambientali-al-vigilianum-confronto-tra-il-vescovo-missionario-filippi-e-il-teologo-ortodosso-crisan\/\",\"name\":\"Tempo Creato 2026, le Chiese di fronte alle sfide ambientali. Al Vigilianum confronto tra il vescovo missionario Filippi e il teologo ortodosso Cri\u0219an - Testimonianza e Impegno sociale\",\"isPartOf\":{\"@id\":\"https:\/\/www.diocesitn.it\/area-testimonianza\/#website\"},\"primaryImageOfPage\":{\"@id\":\"https:\/\/www.diocesitn.it\/area-testimonianza\/2026\/08\/27\/tempo-creato-2026-le-chiese-di-fronte-alle-sfide-ambientali-al-vigilianum-confronto-tra-il-vescovo-missionario-filippi-e-il-teologo-ortodosso-crisan\/#primaryimage\"},\"image\":{\"@id\":\"https:\/\/www.diocesitn.it\/area-testimonianza\/2026\/08\/27\/tempo-creato-2026-le-chiese-di-fronte-alle-sfide-ambientali-al-vigilianum-confronto-tra-il-vescovo-missionario-filippi-e-il-teologo-ortodosso-crisan\/#primaryimage\"},\"thumbnailUrl\":\"https:\/\/www.diocesitn.it\/area-testimonianza\/wp-content\/uploads\/sites\/37\/2026\/09\/filippi_crisan_def.png\",\"datePublished\":\"2026-08-27T13:49:39+00:00\",\"dateModified\":\"2026-09-01T10:24:59+00:00\",\"breadcrumb\":{\"@id\":\"https:\/\/www.diocesitn.it\/area-testimonianza\/2026\/08\/27\/tempo-creato-2026-le-chiese-di-fronte-alle-sfide-ambientali-al-vigilianum-confronto-tra-il-vescovo-missionario-filippi-e-il-teologo-ortodosso-crisan\/#breadcrumb\"},\"inLanguage\":\"it-IT\",\"potentialAction\":[{\"@type\":\"ReadAction\",\"target\":[\"https:\/\/www.diocesitn.it\/area-testimonianza\/2026\/08\/27\/tempo-creato-2026-le-chiese-di-fronte-alle-sfide-ambientali-al-vigilianum-confronto-tra-il-vescovo-missionario-filippi-e-il-teologo-ortodosso-crisan\/\"]}]},{\"@type\":\"ImageObject\",\"inLanguage\":\"it-IT\",\"@id\":\"https:\/\/www.diocesitn.it\/area-testimonianza\/2026\/08\/27\/tempo-creato-2026-le-chiese-di-fronte-alle-sfide-ambientali-al-vigilianum-confronto-tra-il-vescovo-missionario-filippi-e-il-teologo-ortodosso-crisan\/#primaryimage\",\"url\":\"https:\/\/www.diocesitn.it\/area-testimonianza\/wp-content\/uploads\/sites\/37\/2026\/09\/filippi_crisan_def.png\",\"contentUrl\":\"https:\/\/www.diocesitn.it\/area-testimonianza\/wp-content\/uploads\/sites\/37\/2026\/09\/filippi_crisan_def.png\",\"width\":1536,\"height\":1024},{\"@type\":\"BreadcrumbList\",\"@id\":\"https:\/\/www.diocesitn.it\/area-testimonianza\/2026\/08\/27\/tempo-creato-2026-le-chiese-di-fronte-alle-sfide-ambientali-al-vigilianum-confronto-tra-il-vescovo-missionario-filippi-e-il-teologo-ortodosso-crisan\/#breadcrumb\",\"itemListElement\":[{\"@type\":\"ListItem\",\"position\":1,\"name\":\"Home\",\"item\":\"https:\/\/www.diocesitn.it\/area-testimonianza\/\"},{\"@type\":\"ListItem\",\"position\":2,\"name\":\"Tempo Creato 2026, le Chiese di fronte alle sfide ambientali. Al Vigilianum confronto tra il vescovo missionario Filippi e il teologo ortodosso Cri\u0219an\"}]},{\"@type\":\"WebSite\",\"@id\":\"https:\/\/www.diocesitn.it\/area-testimonianza\/#website\",\"url\":\"https:\/\/www.diocesitn.it\/area-testimonianza\/\",\"name\":\"Testimonianza e Impegno sociale\",\"description\":\"Chiesa di Trento\",\"publisher\":{\"@id\":\"https:\/\/www.diocesitn.it\/area-testimonianza\/#organization\"},\"potentialAction\":[{\"@type\":\"SearchAction\",\"target\":{\"@type\":\"EntryPoint\",\"urlTemplate\":\"https:\/\/www.diocesitn.it\/area-testimonianza\/?s={search_term_string}\"},\"query-input\":\"required name=search_term_string\"}],\"inLanguage\":\"it-IT\"},{\"@type\":[\"Organization\",\"Place\"],\"@id\":\"https:\/\/www.diocesitn.it\/area-testimonianza\/#organization\",\"name\":\"Area Testimonianza e Impegno Sociale - Chiesa di Trento\",\"url\":\"https:\/\/www.diocesitn.it\/area-testimonianza\/\",\"logo\":{\"@id\":\"https:\/\/www.diocesitn.it\/area-testimonianza\/2026\/08\/27\/tempo-creato-2026-le-chiese-di-fronte-alle-sfide-ambientali-al-vigilianum-confronto-tra-il-vescovo-missionario-filippi-e-il-teologo-ortodosso-crisan\/#local-main-organization-logo\"},\"image\":{\"@id\":\"https:\/\/www.diocesitn.it\/area-testimonianza\/2026\/08\/27\/tempo-creato-2026-le-chiese-di-fronte-alle-sfide-ambientali-al-vigilianum-confronto-tra-il-vescovo-missionario-filippi-e-il-teologo-ortodosso-crisan\/#local-main-organization-logo\"},\"openingHoursSpecification\":[{\"@type\":\"OpeningHoursSpecification\",\"dayOfWeek\":[\"Monday\",\"Tuesday\",\"Wednesday\",\"Thursday\",\"Friday\",\"Saturday\",\"Sunday\"],\"opens\":\"09:00\",\"closes\":\"17:00\"}]},{\"@type\":\"ImageObject\",\"inLanguage\":\"it-IT\",\"@id\":\"https:\/\/www.diocesitn.it\/area-testimonianza\/2026\/08\/27\/tempo-creato-2026-le-chiese-di-fronte-alle-sfide-ambientali-al-vigilianum-confronto-tra-il-vescovo-missionario-filippi-e-il-teologo-ortodosso-crisan\/#local-main-organization-logo\",\"url\":\"https:\/\/www.diocesitn.it\/area-testimonianza\/wp-content\/uploads\/sites\/37\/2021\/09\/og-logo-testimonianza-e-impegno-sociale.jpg\",\"contentUrl\":\"https:\/\/www.diocesitn.it\/area-testimonianza\/wp-content\/uploads\/sites\/37\/2021\/09\/og-logo-testimonianza-e-impegno-sociale.jpg\",\"width\":1200,\"height\":630,\"caption\":\"Area Testimonianza e Impegno Sociale - Chiesa di Trento\"}]}<\/script>\n<!-- \/ Yoast SEO Premium plugin. -->","yoast_head_json":{"title":"Tempo Creato 2026, le Chiese di fronte alle sfide ambientali. Al Vigilianum confronto tra il vescovo missionario Filippi e il teologo ortodosso Cri\u0219an - Testimonianza e Impegno sociale","robots":{"index":"index","follow":"follow","max-snippet":"max-snippet:-1","max-image-preview":"max-image-preview:large","max-video-preview":"max-video-preview:-1"},"canonical":"https:\/\/www.diocesitn.it\/area-testimonianza\/2026\/08\/27\/tempo-creato-2026-le-chiese-di-fronte-alle-sfide-ambientali-al-vigilianum-confronto-tra-il-vescovo-missionario-filippi-e-il-teologo-ortodosso-crisan\/","og_locale":"it_IT","og_type":"article","og_title":"Tempo Creato 2026, le Chiese di fronte alle sfide ambientali. Al Vigilianum confronto tra il vescovo missionario Filippi e il teologo ortodosso Cri\u0219an","og_description":"Quale contributo possono offrire oggi le Chiese di fronte alle grandi sfide ambientali e a un mondo sempre pi\u00f9 interconnesso? \u00c8 la domanda al centro dell\u2019incontro \u201cLe Chiese di fronte alla nuova universalit\u00e0 e alla","og_url":"https:\/\/www.diocesitn.it\/area-testimonianza\/2026\/08\/27\/tempo-creato-2026-le-chiese-di-fronte-alle-sfide-ambientali-al-vigilianum-confronto-tra-il-vescovo-missionario-filippi-e-il-teologo-ortodosso-crisan\/","og_site_name":"Testimonianza e Impegno sociale","article_published_time":"2026-08-27T13:49:39+00:00","article_modified_time":"2026-09-01T10:24:59+00:00","og_image":[{"width":1024,"height":683,"url":"https:\/\/www.diocesitn.it\/area-testimonianza\/wp-content\/uploads\/sites\/37\/2026\/09\/filippi_crisan_def-1024x683.png","type":"image\/png"}],"author":"Piergiorgio Franceschini","twitter_card":"summary_large_image","twitter_misc":{"Scritto da":"Piergiorgio Franceschini","Tempo di lettura stimato":"2 minuti"},"schema":{"@context":"https:\/\/schema.org","@graph":[{"@type":"Article","@id":"https:\/\/www.diocesitn.it\/area-testimonianza\/2026\/08\/27\/tempo-creato-2026-le-chiese-di-fronte-alle-sfide-ambientali-al-vigilianum-confronto-tra-il-vescovo-missionario-filippi-e-il-teologo-ortodosso-crisan\/#article","isPartOf":{"@id":"https:\/\/www.diocesitn.it\/area-testimonianza\/2026\/08\/27\/tempo-creato-2026-le-chiese-di-fronte-alle-sfide-ambientali-al-vigilianum-confronto-tra-il-vescovo-missionario-filippi-e-il-teologo-ortodosso-crisan\/"},"author":{"name":"Piergiorgio Franceschini","@id":"https:\/\/www.diocesitn.it\/area-testimonianza\/#\/schema\/person\/99590c84577873a025247b6aeb16ad2e"},"headline":"Tempo Creato 2026, le Chiese di fronte alle sfide ambientali. Al Vigilianum confronto tra il vescovo missionario Filippi e il teologo ortodosso Cri\u0219an","datePublished":"2026-08-27T13:49:39+00:00","dateModified":"2026-09-01T10:24:59+00:00","mainEntityOfPage":{"@id":"https:\/\/www.diocesitn.it\/area-testimonianza\/2026\/08\/27\/tempo-creato-2026-le-chiese-di-fronte-alle-sfide-ambientali-al-vigilianum-confronto-tra-il-vescovo-missionario-filippi-e-il-teologo-ortodosso-crisan\/"},"wordCount":226,"publisher":{"@id":"https:\/\/www.diocesitn.it\/area-testimonianza\/#organization"},"image":{"@id":"https:\/\/www.diocesitn.it\/area-testimonianza\/2026\/08\/27\/tempo-creato-2026-le-chiese-di-fronte-alle-sfide-ambientali-al-vigilianum-confronto-tra-il-vescovo-missionario-filippi-e-il-teologo-ortodosso-crisan\/#primaryimage"},"thumbnailUrl":"https:\/\/www.diocesitn.it\/area-testimonianza\/wp-content\/uploads\/sites\/37\/2026\/09\/filippi_crisan_def.png","articleSection":["Cura del Creato","Ecumenismo e Dialogo interreligioso","Notizie"],"inLanguage":"it-IT","copyrightYear":"2026","copyrightHolder":{"@id":"https:\/\/www.diocesitn.it\/#organization"}},{"@type":"WebPage","@id":"https:\/\/www.diocesitn.it\/area-testimonianza\/2026\/08\/27\/tempo-creato-2026-le-chiese-di-fronte-alle-sfide-ambientali-al-vigilianum-confronto-tra-il-vescovo-missionario-filippi-e-il-teologo-ortodosso-crisan\/","url":"https:\/\/www.diocesitn.it\/area-testimonianza\/2026\/08\/27\/tempo-creato-2026-le-chiese-di-fronte-alle-sfide-ambientali-al-vigilianum-confronto-tra-il-vescovo-missionario-filippi-e-il-teologo-ortodosso-crisan\/","name":"Tempo Creato 2026, le Chiese di fronte alle sfide ambientali. Al Vigilianum confronto tra il vescovo missionario Filippi e il teologo ortodosso Cri\u0219an - Testimonianza e Impegno sociale","isPartOf":{"@id":"https:\/\/www.diocesitn.it\/area-testimonianza\/#website"},"primaryImageOfPage":{"@id":"https:\/\/www.diocesitn.it\/area-testimonianza\/2026\/08\/27\/tempo-creato-2026-le-chiese-di-fronte-alle-sfide-ambientali-al-vigilianum-confronto-tra-il-vescovo-missionario-filippi-e-il-teologo-ortodosso-crisan\/#primaryimage"},"image":{"@id":"https:\/\/www.diocesitn.it\/area-testimonianza\/2026\/08\/27\/tempo-creato-2026-le-chiese-di-fronte-alle-sfide-ambientali-al-vigilianum-confronto-tra-il-vescovo-missionario-filippi-e-il-teologo-ortodosso-crisan\/#primaryimage"},"thumbnailUrl":"https:\/\/www.diocesitn.it\/area-testimonianza\/wp-content\/uploads\/sites\/37\/2026\/09\/filippi_crisan_def.png","datePublished":"2026-08-27T13:49:39+00:00","dateModified":"2026-09-01T10:24:59+00:00","breadcrumb":{"@id":"https:\/\/www.diocesitn.it\/area-testimonianza\/2026\/08\/27\/tempo-creato-2026-le-chiese-di-fronte-alle-sfide-ambientali-al-vigilianum-confronto-tra-il-vescovo-missionario-filippi-e-il-teologo-ortodosso-crisan\/#breadcrumb"},"inLanguage":"it-IT","potentialAction":[{"@type":"ReadAction","target":["https:\/\/www.diocesitn.it\/area-testimonianza\/2026\/08\/27\/tempo-creato-2026-le-chiese-di-fronte-alle-sfide-ambientali-al-vigilianum-confronto-tra-il-vescovo-missionario-filippi-e-il-teologo-ortodosso-crisan\/"]}]},{"@type":"ImageObject","inLanguage":"it-IT","@id":"https:\/\/www.diocesitn.it\/area-testimonianza\/2026\/08\/27\/tempo-creato-2026-le-chiese-di-fronte-alle-sfide-ambientali-al-vigilianum-confronto-tra-il-vescovo-missionario-filippi-e-il-teologo-ortodosso-crisan\/#primaryimage","url":"https:\/\/www.diocesitn.it\/area-testimonianza\/wp-content\/uploads\/sites\/37\/2026\/09\/filippi_crisan_def.png","contentUrl":"https:\/\/www.diocesitn.it\/area-testimonianza\/wp-content\/uploads\/sites\/37\/2026\/09\/filippi_crisan_def.png","width":1536,"height":1024},{"@type":"BreadcrumbList","@id":"https:\/\/www.diocesitn.it\/area-testimonianza\/2026\/08\/27\/tempo-creato-2026-le-chiese-di-fronte-alle-sfide-ambientali-al-vigilianum-confronto-tra-il-vescovo-missionario-filippi-e-il-teologo-ortodosso-crisan\/#breadcrumb","itemListElement":[{"@type":"ListItem","position":1,"name":"Home","item":"https:\/\/www.diocesitn.it\/area-testimonianza\/"},{"@type":"ListItem","position":2,"name":"Tempo Creato 2026, le Chiese di fronte alle sfide ambientali. Al Vigilianum confronto tra il vescovo missionario Filippi e il teologo ortodosso Cri\u0219an"}]},{"@type":"WebSite","@id":"https:\/\/www.diocesitn.it\/area-testimonianza\/#website","url":"https:\/\/www.diocesitn.it\/area-testimonianza\/","name":"Testimonianza e Impegno sociale","description":"Chiesa di Trento","publisher":{"@id":"https:\/\/www.diocesitn.it\/area-testimonianza\/#organization"},"potentialAction":[{"@type":"SearchAction","target":{"@type":"EntryPoint","urlTemplate":"https:\/\/www.diocesitn.it\/area-testimonianza\/?s={search_term_string}"},"query-input":"required name=search_term_string"}],"inLanguage":"it-IT"},{"@type":["Organization","Place"],"@id":"https:\/\/www.diocesitn.it\/area-testimonianza\/#organization","name":"Area Testimonianza e Impegno Sociale - Chiesa di Trento","url":"https:\/\/www.diocesitn.it\/area-testimonianza\/","logo":{"@id":"https:\/\/www.diocesitn.it\/area-testimonianza\/2026\/08\/27\/tempo-creato-2026-le-chiese-di-fronte-alle-sfide-ambientali-al-vigilianum-confronto-tra-il-vescovo-missionario-filippi-e-il-teologo-ortodosso-crisan\/#local-main-organization-logo"},"image":{"@id":"https:\/\/www.diocesitn.it\/area-testimonianza\/2026\/08\/27\/tempo-creato-2026-le-chiese-di-fronte-alle-sfide-ambientali-al-vigilianum-confronto-tra-il-vescovo-missionario-filippi-e-il-teologo-ortodosso-crisan\/#local-main-organization-logo"},"openingHoursSpecification":[{"@type":"OpeningHoursSpecification","dayOfWeek":["Monday","Tuesday","Wednesday","Thursday","Friday","Saturday","Sunday"],"opens":"09:00","closes":"17:00"}]},{"@type":"ImageObject","inLanguage":"it-IT","@id":"https:\/\/www.diocesitn.it\/area-testimonianza\/2026\/08\/27\/tempo-creato-2026-le-chiese-di-fronte-alle-sfide-ambientali-al-vigilianum-confronto-tra-il-vescovo-missionario-filippi-e-il-teologo-ortodosso-crisan\/#local-main-organization-logo","url":"https:\/\/www.diocesitn.it\/area-testimonianza\/wp-content\/uploads\/sites\/37\/2021\/09\/og-logo-testimonianza-e-impegno-sociale.jpg","contentUrl":"https:\/\/www.diocesitn.it\/area-testimonianza\/wp-content\/uploads\/sites\/37\/2021\/09\/og-logo-testimonianza-e-impegno-sociale.jpg","width":1200,"height":630,"caption":"Area Testimonianza e Impegno Sociale - Chiesa di Trento"}]}},"_links":{"self":[{"href":"https:\/\/www.diocesitn.it\/area-testimonianza\/wp-json\/wp\/v2\/posts\/20424","targetHints":{"allow":["GET"]}}],"collection":[{"href":"https:\/\/www.diocesitn.it\/area-testimonianza\/wp-json\/wp\/v2\/posts"}],"about":[{"href":"https:\/\/www.diocesitn.it\/area-testimonianza\/wp-json\/wp\/v2\/types\/post"}],"author":[{"embeddable":true,"href":"https:\/\/www.diocesitn.it\/area-testimonianza\/wp-json\/wp\/v2\/users\/3"}],"replies":[{"embeddable":true,"href":"https:\/\/www.diocesitn.it\/area-testimonianza\/wp-json\/wp\/v2\/comments?post=20424"}],"version-history":[{"count":1,"href":"https:\/\/www.diocesitn.it\/area-testimonianza\/wp-json\/wp\/v2\/posts\/20424\/revisions"}],"predecessor-version":[{"id":20427,"href":"https:\/\/www.diocesitn.it\/area-testimonianza\/wp-json\/wp\/v2\/posts\/20424\/revisions\/20427"}],"wp:featuredmedia":[{"embeddable":true,"href":"https:\/\/www.diocesitn.it\/area-testimonianza\/wp-json\/wp\/v2\/media\/20426"}],"wp:attachment":[{"href":"https:\/\/www.diocesitn.it\/area-testimonianza\/wp-json\/wp\/v2\/media?parent=20424"}],"wp:term":[{"taxonomy":"category","embeddable":true,"href":"https:\/\/www.diocesitn.it\/area-testimonianza\/wp-json\/wp\/v2\/categories?post=20424"},{"taxonomy":"post_tag","embeddable":true,"href":"https:\/\/www.diocesitn.it\/area-testimonianza\/wp-json\/wp\/v2\/tags?post=20424"}],"curies":[{"name":"wp","href":"https:\/\/api.w.org\/{rel}","templated":true}]}}