{"id":20418,"date":"2026-08-31T14:52:15","date_gmt":"2026-08-31T12:52:15","guid":{"rendered":"https:\/\/www.diocesitn.it\/area-testimonianza\/2026\/08\/31\/pellegrinaggio-della-diocesi-di-trento-alla-madonna-della-cornabusa-bg-venerdi-9-ottobre\/"},"modified":"2026-09-01T13:14:48","modified_gmt":"2026-09-01T11:14:48","slug":"pellegrinaggio-della-diocesi-di-trento-alla-madonna-della-cornabusa-bg-venerdi-9-ottobre","status":"publish","type":"post","link":"https:\/\/www.diocesitn.it\/area-testimonianza\/2026\/08\/31\/pellegrinaggio-della-diocesi-di-trento-alla-madonna-della-cornabusa-bg-venerdi-9-ottobre\/","title":{"rendered":"Pellegrinaggio della Diocesi di Trento alla Madonna della Cornabusa (Bg) venerd\u00ec 9 ottobre"},"content":{"rendered":"<p><strong>Venerd\u00ec 9 ottobre 2026 la Diocesi di Trento propone un pellegrinaggio al Santuario della <a href=\"https:\/\/www.santuariocornabusa.it\/storia\/?utm_source=chatgpt.com\">Madonna della Cornabusa<\/a>, a Sant\u2019Omobono Terme, in provincia di Bergamo.<\/strong> <u>Al\u00a0 pellegrinaggio sono invitate anche persone con disabilit\u00e0<\/u>.<\/p>\n<p><!--more--> Una giornata di preghiera e fraternit\u00e0 in uno dei luoghi mariani pi\u00f9 suggestivi della Lombardia, con la celebrazione della Messa e, nel pomeriggio, la recita del Rosario. A guidare il pellegrinaggio, promosso da Arcidiocesi (Area Testimonianza) con il supporto di Ospitalit\u00e0 Tridentina, sar\u00e0 don Piero Rattin.<\/p>\n<p>Il Santuario sorge nella frazione di <strong>Cepino, in Valle Imagna<\/strong>, lungo il versante del monte Albenza, a 658 metri di quota. Il cuore del complesso \u00e8 una grande <strong>grotta naturale lunga circa 96 metri e larga 20<\/strong>, modellata dall\u2019azione dell\u2019acqua: un ambiente nel quale roccia, luce e sorgente naturale contribuiscono a creare un\u2019atmosfera particolarmente raccolta.<\/p>\n<p>Le origini della devozione alla <strong>Madonna della Cornabusa<\/strong> risalgono al periodo delle lotte tra Guelfi e Ghibellini, tra il XIV e il XV secolo. Secondo la tradizione, alcuni abitanti della zona trovarono rifugio nella <em>corna busa<\/em> \u2013 espressione dialettale che indica una \u201croccia bucata\u201d, una cavit\u00e0 naturale \u2013 portandovi una piccola statua della Madonna Addolorata. La devozione crebbe successivamente anche attorno al racconto della guarigione di una giovane pastorella sordomuta. La statuetta lignea venerata nella grotta \u00e8 stata datata alla prima met\u00e0 del Quattrocento.<\/p>\n<h4>Un luogo caro a papa Giovanni XXIII<\/h4>\n<p>Particolarmente forte \u00e8 il legame tra il Santuario e <strong>Angelo Giuseppe Roncalli, futuro papa Giovanni XXIII<\/strong>. Roncalli frequent\u00f2 pi\u00f9 volte la Cornabusa per momenti di ritiro e preghiera e la defin\u00ec: &#8220;Il Santuario pi\u00f9 bello che esiste, perch\u00e9 non l\u2019ha fatto la mano dell\u2019uomo, ma Dio stesso&#8221;.\u00a0\u00a0La famiglia di Roncalli aveva inoltre origini proprio nella Valle Imagna. Ancora nel 1956, due anni prima dell\u2019elezione al pontificato, il futuro Papa vi si rec\u00f2 in occasione del cinquantesimo anniversario della propria ordinazione sacerdotale.<\/p>\n<h4>Il programma del pellegrinaggio<\/h4>\n<p>La partenza in pullman da <strong>Trento \u00e8 prevista alle ore 7.30<\/strong> di venerd\u00ec 9 ottobre dall&#8217;area Zuffo.<\/p>\n<p>All\u2019arrivo a Sant\u2019Omobono Terme \u00e8 prevista la visita al Santuario e la <strong>celebrazione della Santa Messa<\/strong>.<\/p>\n<p>Seguir\u00e0 il <strong>pranzo in ristorante<\/strong>. Nel pomeriggio il gruppo torner\u00e0 al Santuario per la <strong>recita del Rosario<\/strong>, prima della partenza per il rientro a Trento.<\/p>\n<h4>Iscrizioni<\/h4>\n<p>La <strong>quota individuale di partecipazione \u00e8 di 65 euro<\/strong>, calcolata su un minimo di 40 partecipanti per pullman. Comprende il viaggio in pullman, il pranzo in ristorante (incluse acqua e vino) e l\u2019assistenza sanitaria AXA.<\/p>\n<p>Per iscriversi \u00e8 necessario compilare il <a href=\"https:\/\/www.diocesitn.it\/area-testimonianza\/wp-content\/uploads\/sites\/37\/2026\/09\/Modulo-discrizione-MADONNA-DELLA-CORNABUSA-DIOCESI-TRENTO.pdf\">MODULO DI ISCRIZIONE (SCARICA)<\/a> da inviare all&#8217;indirizzo mail dell&#8217;agenzia BREVIVET:\u00a0 <strong><a href=\"mailto:gruppibs@brevivet.it\">gruppibs@brevivet.it<\/a>. <\/strong>Per le <strong><span data-olk-copy-source=\"MessageBody\">persone con disabilit\u00e0 <\/span><\/strong>si raccomanda di <strong><span data-olk-copy-source=\"MessageBody\">specificare eventuali necessit\u00e0 <\/span><\/strong>assistenziali e di trasporto (utilizzo carrozzina o ancoraggio della stessa sul pullman).<\/p>\n<p>Le iscrizioni si raccolgono <span style=\"text-decoration: underline\">entro il 23 settembre 2026<\/span>.<\/p>\n<div class=\"x_elementToProof\" data-olk-copy-source=\"MessageBody\">Per <strong>informazioni<\/strong>:<\/div>\n<div class=\"x_elementToProof\">&#8211; Agenzia Brevivet 0302895313<\/div>\n<div class=\"x_elementToProof\">&#8211; Segreteria Generale Arcidiocesi 0461.891200\u00a0 marted\u00ec-gioved\u00ec 9.00-12.00 \/\u00a0 14.00-16.30<\/div>\n<p>&nbsp;<\/p>\n","protected":false},"excerpt":{"rendered":"<p>Venerd\u00ec 9 ottobre 2026 la Diocesi di Trento propone un pellegrinaggio al Santuario della Madonna della Cornabusa, a Sant\u2019Omobono Terme, in provincia di Bergamo. Al\u00a0 pellegrinaggio sono invitate anche persone con disabilit\u00e0.<\/p>\n","protected":false},"author":3,"featured_media":20421,"comment_status":"closed","ping_status":"closed","sticky":true,"template":"","format":"standard","meta":{"footnotes":""},"categories":[1074,1102],"tags":[],"class_list":["post-20418","post","type-post","status-publish","format-standard","has-post-thumbnail","hentry","category-notizie","category-servizio-salute-pellegrinaggi-anziani"],"acf":{"seed-localization-paese-cod":"IT","seed-localization-address":"","seed-localization-citta":"Trento","seed-localization-regione-cod-istat":"04","seed-localization-citta-cod-istat":"022205","seed-localization-localita":"","seed-localization-cap":"","seed-localization-marker-visibility":false,"seed-localization-children-visibility":false,"seed-localization-kml":"","seed-localization-custom-marker":""},"yoast_head":"<!-- This site is optimized with the Yoast SEO Premium plugin v20.2.1 (Yoast SEO v22.2) - https:\/\/yoast.com\/wordpress\/plugins\/seo\/ -->\n<title>Pellegrinaggio della Diocesi di Trento alla Madonna della Cornabusa (Bg) venerd\u00ec 9 ottobre - Testimonianza e Impegno sociale<\/title>\n<meta name=\"robots\" content=\"index, follow, max-snippet:-1, max-image-preview:large, max-video-preview:-1\" \/>\n<link rel=\"canonical\" href=\"https:\/\/www.diocesitn.it\/area-testimonianza\/2026\/08\/31\/pellegrinaggio-della-diocesi-di-trento-alla-madonna-della-cornabusa-bg-venerdi-9-ottobre\/\" \/>\n<meta property=\"og:locale\" content=\"it_IT\" \/>\n<meta property=\"og:type\" content=\"article\" \/>\n<meta property=\"og:title\" content=\"Pellegrinaggio della Diocesi di Trento alla Madonna della Cornabusa (Bg) venerd\u00ec 9 ottobre\" \/>\n<meta property=\"og:description\" content=\"Venerd\u00ec 9 ottobre 2026 la Diocesi di Trento propone un pellegrinaggio al Santuario della Madonna della Cornabusa, a Sant\u2019Omobono Terme, in provincia di Bergamo. Al\u00a0 pellegrinaggio sono invitate anche persone con disabilit\u00e0.\" \/>\n<meta property=\"og:url\" content=\"https:\/\/www.diocesitn.it\/area-testimonianza\/2026\/08\/31\/pellegrinaggio-della-diocesi-di-trento-alla-madonna-della-cornabusa-bg-venerdi-9-ottobre\/\" \/>\n<meta property=\"og:site_name\" content=\"Testimonianza e Impegno sociale\" \/>\n<meta property=\"article:published_time\" content=\"2026-08-31T12:52:15+00:00\" \/>\n<meta property=\"article:modified_time\" content=\"2026-09-01T11:14:48+00:00\" \/>\n<meta property=\"og:image\" content=\"https:\/\/www.diocesitn.it\/area-testimonianza\/wp-content\/uploads\/sites\/37\/2026\/09\/santuario-della-madonna-della-cornabusa.jpg\" \/>\n\t<meta property=\"og:image:width\" content=\"1537\" \/>\n\t<meta property=\"og:image:height\" content=\"1033\" \/>\n\t<meta property=\"og:image:type\" content=\"image\/jpeg\" \/>\n<meta name=\"author\" content=\"Piergiorgio Franceschini\" \/>\n<meta name=\"twitter:card\" content=\"summary_large_image\" \/>\n<meta name=\"twitter:label1\" content=\"Scritto da\" \/>\n\t<meta name=\"twitter:data1\" content=\"Piergiorgio Franceschini\" \/>\n\t<meta name=\"twitter:label2\" content=\"Tempo di lettura stimato\" \/>\n\t<meta name=\"twitter:data2\" content=\"3 minuti\" \/>\n<script type=\"application\/ld+json\" class=\"yoast-schema-graph\">{\"@context\":\"https:\/\/schema.org\",\"@graph\":[{\"@type\":\"Article\",\"@id\":\"https:\/\/www.diocesitn.it\/area-testimonianza\/2026\/08\/31\/pellegrinaggio-della-diocesi-di-trento-alla-madonna-della-cornabusa-bg-venerdi-9-ottobre\/#article\",\"isPartOf\":{\"@id\":\"https:\/\/www.diocesitn.it\/area-testimonianza\/2026\/08\/31\/pellegrinaggio-della-diocesi-di-trento-alla-madonna-della-cornabusa-bg-venerdi-9-ottobre\/\"},\"author\":{\"name\":\"Piergiorgio Franceschini\",\"@id\":\"https:\/\/www.diocesitn.it\/area-testimonianza\/#\/schema\/person\/99590c84577873a025247b6aeb16ad2e\"},\"headline\":\"Pellegrinaggio della Diocesi di Trento alla Madonna della Cornabusa (Bg) venerd\u00ec 9 ottobre\",\"datePublished\":\"2026-08-31T12:52:15+00:00\",\"dateModified\":\"2026-09-01T11:14:48+00:00\",\"mainEntityOfPage\":{\"@id\":\"https:\/\/www.diocesitn.it\/area-testimonianza\/2026\/08\/31\/pellegrinaggio-della-diocesi-di-trento-alla-madonna-della-cornabusa-bg-venerdi-9-ottobre\/\"},\"wordCount\":470,\"publisher\":{\"@id\":\"https:\/\/www.diocesitn.it\/area-testimonianza\/#organization\"},\"image\":{\"@id\":\"https:\/\/www.diocesitn.it\/area-testimonianza\/2026\/08\/31\/pellegrinaggio-della-diocesi-di-trento-alla-madonna-della-cornabusa-bg-venerdi-9-ottobre\/#primaryimage\"},\"thumbnailUrl\":\"https:\/\/www.diocesitn.it\/area-testimonianza\/wp-content\/uploads\/sites\/37\/2026\/09\/santuario-della-madonna-della-cornabusa.jpg\",\"articleSection\":[\"Notizie\",\"Salute Pellegrinaggi Anziani\"],\"inLanguage\":\"it-IT\",\"copyrightYear\":\"2026\",\"copyrightHolder\":{\"@id\":\"https:\/\/www.diocesitn.it\/#organization\"}},{\"@type\":\"WebPage\",\"@id\":\"https:\/\/www.diocesitn.it\/area-testimonianza\/2026\/08\/31\/pellegrinaggio-della-diocesi-di-trento-alla-madonna-della-cornabusa-bg-venerdi-9-ottobre\/\",\"url\":\"https:\/\/www.diocesitn.it\/area-testimonianza\/2026\/08\/31\/pellegrinaggio-della-diocesi-di-trento-alla-madonna-della-cornabusa-bg-venerdi-9-ottobre\/\",\"name\":\"Pellegrinaggio della Diocesi di Trento alla Madonna della Cornabusa (Bg) venerd\u00ec 9 ottobre - Testimonianza e Impegno sociale\",\"isPartOf\":{\"@id\":\"https:\/\/www.diocesitn.it\/area-testimonianza\/#website\"},\"primaryImageOfPage\":{\"@id\":\"https:\/\/www.diocesitn.it\/area-testimonianza\/2026\/08\/31\/pellegrinaggio-della-diocesi-di-trento-alla-madonna-della-cornabusa-bg-venerdi-9-ottobre\/#primaryimage\"},\"image\":{\"@id\":\"https:\/\/www.diocesitn.it\/area-testimonianza\/2026\/08\/31\/pellegrinaggio-della-diocesi-di-trento-alla-madonna-della-cornabusa-bg-venerdi-9-ottobre\/#primaryimage\"},\"thumbnailUrl\":\"https:\/\/www.diocesitn.it\/area-testimonianza\/wp-content\/uploads\/sites\/37\/2026\/09\/santuario-della-madonna-della-cornabusa.jpg\",\"datePublished\":\"2026-08-31T12:52:15+00:00\",\"dateModified\":\"2026-09-01T11:14:48+00:00\",\"breadcrumb\":{\"@id\":\"https:\/\/www.diocesitn.it\/area-testimonianza\/2026\/08\/31\/pellegrinaggio-della-diocesi-di-trento-alla-madonna-della-cornabusa-bg-venerdi-9-ottobre\/#breadcrumb\"},\"inLanguage\":\"it-IT\",\"potentialAction\":[{\"@type\":\"ReadAction\",\"target\":[\"https:\/\/www.diocesitn.it\/area-testimonianza\/2026\/08\/31\/pellegrinaggio-della-diocesi-di-trento-alla-madonna-della-cornabusa-bg-venerdi-9-ottobre\/\"]}]},{\"@type\":\"ImageObject\",\"inLanguage\":\"it-IT\",\"@id\":\"https:\/\/www.diocesitn.it\/area-testimonianza\/2026\/08\/31\/pellegrinaggio-della-diocesi-di-trento-alla-madonna-della-cornabusa-bg-venerdi-9-ottobre\/#primaryimage\",\"url\":\"https:\/\/www.diocesitn.it\/area-testimonianza\/wp-content\/uploads\/sites\/37\/2026\/09\/santuario-della-madonna-della-cornabusa.jpg\",\"contentUrl\":\"https:\/\/www.diocesitn.it\/area-testimonianza\/wp-content\/uploads\/sites\/37\/2026\/09\/santuario-della-madonna-della-cornabusa.jpg\",\"width\":1537,\"height\":1033,\"caption\":\"santuario-della-madonna-della-cornabusa\"},{\"@type\":\"BreadcrumbList\",\"@id\":\"https:\/\/www.diocesitn.it\/area-testimonianza\/2026\/08\/31\/pellegrinaggio-della-diocesi-di-trento-alla-madonna-della-cornabusa-bg-venerdi-9-ottobre\/#breadcrumb\",\"itemListElement\":[{\"@type\":\"ListItem\",\"position\":1,\"name\":\"Home\",\"item\":\"https:\/\/www.diocesitn.it\/area-testimonianza\/\"},{\"@type\":\"ListItem\",\"position\":2,\"name\":\"Pellegrinaggio della Diocesi di Trento alla Madonna della Cornabusa (Bg) venerd\u00ec 9 ottobre\"}]},{\"@type\":\"WebSite\",\"@id\":\"https:\/\/www.diocesitn.it\/area-testimonianza\/#website\",\"url\":\"https:\/\/www.diocesitn.it\/area-testimonianza\/\",\"name\":\"Testimonianza e Impegno sociale\",\"description\":\"Chiesa di Trento\",\"publisher\":{\"@id\":\"https:\/\/www.diocesitn.it\/area-testimonianza\/#organization\"},\"potentialAction\":[{\"@type\":\"SearchAction\",\"target\":{\"@type\":\"EntryPoint\",\"urlTemplate\":\"https:\/\/www.diocesitn.it\/area-testimonianza\/?s={search_term_string}\"},\"query-input\":\"required name=search_term_string\"}],\"inLanguage\":\"it-IT\"},{\"@type\":[\"Organization\",\"Place\"],\"@id\":\"https:\/\/www.diocesitn.it\/area-testimonianza\/#organization\",\"name\":\"Area Testimonianza e Impegno Sociale - Chiesa di Trento\",\"url\":\"https:\/\/www.diocesitn.it\/area-testimonianza\/\",\"logo\":{\"@id\":\"https:\/\/www.diocesitn.it\/area-testimonianza\/2026\/08\/31\/pellegrinaggio-della-diocesi-di-trento-alla-madonna-della-cornabusa-bg-venerdi-9-ottobre\/#local-main-organization-logo\"},\"image\":{\"@id\":\"https:\/\/www.diocesitn.it\/area-testimonianza\/2026\/08\/31\/pellegrinaggio-della-diocesi-di-trento-alla-madonna-della-cornabusa-bg-venerdi-9-ottobre\/#local-main-organization-logo\"},\"openingHoursSpecification\":[{\"@type\":\"OpeningHoursSpecification\",\"dayOfWeek\":[\"Monday\",\"Tuesday\",\"Wednesday\",\"Thursday\",\"Friday\",\"Saturday\",\"Sunday\"],\"opens\":\"09:00\",\"closes\":\"17:00\"}]},{\"@type\":\"ImageObject\",\"inLanguage\":\"it-IT\",\"@id\":\"https:\/\/www.diocesitn.it\/area-testimonianza\/2026\/08\/31\/pellegrinaggio-della-diocesi-di-trento-alla-madonna-della-cornabusa-bg-venerdi-9-ottobre\/#local-main-organization-logo\",\"url\":\"https:\/\/www.diocesitn.it\/area-testimonianza\/wp-content\/uploads\/sites\/37\/2021\/09\/og-logo-testimonianza-e-impegno-sociale.jpg\",\"contentUrl\":\"https:\/\/www.diocesitn.it\/area-testimonianza\/wp-content\/uploads\/sites\/37\/2021\/09\/og-logo-testimonianza-e-impegno-sociale.jpg\",\"width\":1200,\"height\":630,\"caption\":\"Area Testimonianza e Impegno Sociale - Chiesa di Trento\"}]}<\/script>\n<!-- \/ Yoast SEO Premium plugin. -->","yoast_head_json":{"title":"Pellegrinaggio della Diocesi di Trento alla Madonna della Cornabusa (Bg) venerd\u00ec 9 ottobre - Testimonianza e Impegno sociale","robots":{"index":"index","follow":"follow","max-snippet":"max-snippet:-1","max-image-preview":"max-image-preview:large","max-video-preview":"max-video-preview:-1"},"canonical":"https:\/\/www.diocesitn.it\/area-testimonianza\/2026\/08\/31\/pellegrinaggio-della-diocesi-di-trento-alla-madonna-della-cornabusa-bg-venerdi-9-ottobre\/","og_locale":"it_IT","og_type":"article","og_title":"Pellegrinaggio della Diocesi di Trento alla Madonna della Cornabusa (Bg) venerd\u00ec 9 ottobre","og_description":"Venerd\u00ec 9 ottobre 2026 la Diocesi di Trento propone un pellegrinaggio al Santuario della Madonna della Cornabusa, a Sant\u2019Omobono Terme, in provincia di Bergamo. Al\u00a0 pellegrinaggio sono invitate anche persone con disabilit\u00e0.","og_url":"https:\/\/www.diocesitn.it\/area-testimonianza\/2026\/08\/31\/pellegrinaggio-della-diocesi-di-trento-alla-madonna-della-cornabusa-bg-venerdi-9-ottobre\/","og_site_name":"Testimonianza e Impegno sociale","article_published_time":"2026-08-31T12:52:15+00:00","article_modified_time":"2026-09-01T11:14:48+00:00","og_image":[{"width":1537,"height":1033,"url":"https:\/\/www.diocesitn.it\/area-testimonianza\/wp-content\/uploads\/sites\/37\/2026\/09\/santuario-della-madonna-della-cornabusa.jpg","type":"image\/jpeg"}],"author":"Piergiorgio Franceschini","twitter_card":"summary_large_image","twitter_misc":{"Scritto da":"Piergiorgio Franceschini","Tempo di lettura stimato":"3 minuti"},"schema":{"@context":"https:\/\/schema.org","@graph":[{"@type":"Article","@id":"https:\/\/www.diocesitn.it\/area-testimonianza\/2026\/08\/31\/pellegrinaggio-della-diocesi-di-trento-alla-madonna-della-cornabusa-bg-venerdi-9-ottobre\/#article","isPartOf":{"@id":"https:\/\/www.diocesitn.it\/area-testimonianza\/2026\/08\/31\/pellegrinaggio-della-diocesi-di-trento-alla-madonna-della-cornabusa-bg-venerdi-9-ottobre\/"},"author":{"name":"Piergiorgio Franceschini","@id":"https:\/\/www.diocesitn.it\/area-testimonianza\/#\/schema\/person\/99590c84577873a025247b6aeb16ad2e"},"headline":"Pellegrinaggio della Diocesi di Trento alla Madonna della Cornabusa (Bg) venerd\u00ec 9 ottobre","datePublished":"2026-08-31T12:52:15+00:00","dateModified":"2026-09-01T11:14:48+00:00","mainEntityOfPage":{"@id":"https:\/\/www.diocesitn.it\/area-testimonianza\/2026\/08\/31\/pellegrinaggio-della-diocesi-di-trento-alla-madonna-della-cornabusa-bg-venerdi-9-ottobre\/"},"wordCount":470,"publisher":{"@id":"https:\/\/www.diocesitn.it\/area-testimonianza\/#organization"},"image":{"@id":"https:\/\/www.diocesitn.it\/area-testimonianza\/2026\/08\/31\/pellegrinaggio-della-diocesi-di-trento-alla-madonna-della-cornabusa-bg-venerdi-9-ottobre\/#primaryimage"},"thumbnailUrl":"https:\/\/www.diocesitn.it\/area-testimonianza\/wp-content\/uploads\/sites\/37\/2026\/09\/santuario-della-madonna-della-cornabusa.jpg","articleSection":["Notizie","Salute Pellegrinaggi Anziani"],"inLanguage":"it-IT","copyrightYear":"2026","copyrightHolder":{"@id":"https:\/\/www.diocesitn.it\/#organization"}},{"@type":"WebPage","@id":"https:\/\/www.diocesitn.it\/area-testimonianza\/2026\/08\/31\/pellegrinaggio-della-diocesi-di-trento-alla-madonna-della-cornabusa-bg-venerdi-9-ottobre\/","url":"https:\/\/www.diocesitn.it\/area-testimonianza\/2026\/08\/31\/pellegrinaggio-della-diocesi-di-trento-alla-madonna-della-cornabusa-bg-venerdi-9-ottobre\/","name":"Pellegrinaggio della Diocesi di Trento alla Madonna della Cornabusa (Bg) venerd\u00ec 9 ottobre - Testimonianza e Impegno sociale","isPartOf":{"@id":"https:\/\/www.diocesitn.it\/area-testimonianza\/#website"},"primaryImageOfPage":{"@id":"https:\/\/www.diocesitn.it\/area-testimonianza\/2026\/08\/31\/pellegrinaggio-della-diocesi-di-trento-alla-madonna-della-cornabusa-bg-venerdi-9-ottobre\/#primaryimage"},"image":{"@id":"https:\/\/www.diocesitn.it\/area-testimonianza\/2026\/08\/31\/pellegrinaggio-della-diocesi-di-trento-alla-madonna-della-cornabusa-bg-venerdi-9-ottobre\/#primaryimage"},"thumbnailUrl":"https:\/\/www.diocesitn.it\/area-testimonianza\/wp-content\/uploads\/sites\/37\/2026\/09\/santuario-della-madonna-della-cornabusa.jpg","datePublished":"2026-08-31T12:52:15+00:00","dateModified":"2026-09-01T11:14:48+00:00","breadcrumb":{"@id":"https:\/\/www.diocesitn.it\/area-testimonianza\/2026\/08\/31\/pellegrinaggio-della-diocesi-di-trento-alla-madonna-della-cornabusa-bg-venerdi-9-ottobre\/#breadcrumb"},"inLanguage":"it-IT","potentialAction":[{"@type":"ReadAction","target":["https:\/\/www.diocesitn.it\/area-testimonianza\/2026\/08\/31\/pellegrinaggio-della-diocesi-di-trento-alla-madonna-della-cornabusa-bg-venerdi-9-ottobre\/"]}]},{"@type":"ImageObject","inLanguage":"it-IT","@id":"https:\/\/www.diocesitn.it\/area-testimonianza\/2026\/08\/31\/pellegrinaggio-della-diocesi-di-trento-alla-madonna-della-cornabusa-bg-venerdi-9-ottobre\/#primaryimage","url":"https:\/\/www.diocesitn.it\/area-testimonianza\/wp-content\/uploads\/sites\/37\/2026\/09\/santuario-della-madonna-della-cornabusa.jpg","contentUrl":"https:\/\/www.diocesitn.it\/area-testimonianza\/wp-content\/uploads\/sites\/37\/2026\/09\/santuario-della-madonna-della-cornabusa.jpg","width":1537,"height":1033,"caption":"santuario-della-madonna-della-cornabusa"},{"@type":"BreadcrumbList","@id":"https:\/\/www.diocesitn.it\/area-testimonianza\/2026\/08\/31\/pellegrinaggio-della-diocesi-di-trento-alla-madonna-della-cornabusa-bg-venerdi-9-ottobre\/#breadcrumb","itemListElement":[{"@type":"ListItem","position":1,"name":"Home","item":"https:\/\/www.diocesitn.it\/area-testimonianza\/"},{"@type":"ListItem","position":2,"name":"Pellegrinaggio della Diocesi di Trento alla Madonna della Cornabusa (Bg) venerd\u00ec 9 ottobre"}]},{"@type":"WebSite","@id":"https:\/\/www.diocesitn.it\/area-testimonianza\/#website","url":"https:\/\/www.diocesitn.it\/area-testimonianza\/","name":"Testimonianza e Impegno sociale","description":"Chiesa di Trento","publisher":{"@id":"https:\/\/www.diocesitn.it\/area-testimonianza\/#organization"},"potentialAction":[{"@type":"SearchAction","target":{"@type":"EntryPoint","urlTemplate":"https:\/\/www.diocesitn.it\/area-testimonianza\/?s={search_term_string}"},"query-input":"required name=search_term_string"}],"inLanguage":"it-IT"},{"@type":["Organization","Place"],"@id":"https:\/\/www.diocesitn.it\/area-testimonianza\/#organization","name":"Area Testimonianza e Impegno Sociale - Chiesa di Trento","url":"https:\/\/www.diocesitn.it\/area-testimonianza\/","logo":{"@id":"https:\/\/www.diocesitn.it\/area-testimonianza\/2026\/08\/31\/pellegrinaggio-della-diocesi-di-trento-alla-madonna-della-cornabusa-bg-venerdi-9-ottobre\/#local-main-organization-logo"},"image":{"@id":"https:\/\/www.diocesitn.it\/area-testimonianza\/2026\/08\/31\/pellegrinaggio-della-diocesi-di-trento-alla-madonna-della-cornabusa-bg-venerdi-9-ottobre\/#local-main-organization-logo"},"openingHoursSpecification":[{"@type":"OpeningHoursSpecification","dayOfWeek":["Monday","Tuesday","Wednesday","Thursday","Friday","Saturday","Sunday"],"opens":"09:00","closes":"17:00"}]},{"@type":"ImageObject","inLanguage":"it-IT","@id":"https:\/\/www.diocesitn.it\/area-testimonianza\/2026\/08\/31\/pellegrinaggio-della-diocesi-di-trento-alla-madonna-della-cornabusa-bg-venerdi-9-ottobre\/#local-main-organization-logo","url":"https:\/\/www.diocesitn.it\/area-testimonianza\/wp-content\/uploads\/sites\/37\/2021\/09\/og-logo-testimonianza-e-impegno-sociale.jpg","contentUrl":"https:\/\/www.diocesitn.it\/area-testimonianza\/wp-content\/uploads\/sites\/37\/2021\/09\/og-logo-testimonianza-e-impegno-sociale.jpg","width":1200,"height":630,"caption":"Area Testimonianza e Impegno Sociale - Chiesa di Trento"}]}},"_links":{"self":[{"href":"https:\/\/www.diocesitn.it\/area-testimonianza\/wp-json\/wp\/v2\/posts\/20418","targetHints":{"allow":["GET"]}}],"collection":[{"href":"https:\/\/www.diocesitn.it\/area-testimonianza\/wp-json\/wp\/v2\/posts"}],"about":[{"href":"https:\/\/www.diocesitn.it\/area-testimonianza\/wp-json\/wp\/v2\/types\/post"}],"author":[{"embeddable":true,"href":"https:\/\/www.diocesitn.it\/area-testimonianza\/wp-json\/wp\/v2\/users\/3"}],"replies":[{"embeddable":true,"href":"https:\/\/www.diocesitn.it\/area-testimonianza\/wp-json\/wp\/v2\/comments?post=20418"}],"version-history":[{"count":2,"href":"https:\/\/www.diocesitn.it\/area-testimonianza\/wp-json\/wp\/v2\/posts\/20418\/revisions"}],"predecessor-version":[{"id":20423,"href":"https:\/\/www.diocesitn.it\/area-testimonianza\/wp-json\/wp\/v2\/posts\/20418\/revisions\/20423"}],"wp:featuredmedia":[{"embeddable":true,"href":"https:\/\/www.diocesitn.it\/area-testimonianza\/wp-json\/wp\/v2\/media\/20421"}],"wp:attachment":[{"href":"https:\/\/www.diocesitn.it\/area-testimonianza\/wp-json\/wp\/v2\/media?parent=20418"}],"wp:term":[{"taxonomy":"category","embeddable":true,"href":"https:\/\/www.diocesitn.it\/area-testimonianza\/wp-json\/wp\/v2\/categories?post=20418"},{"taxonomy":"post_tag","embeddable":true,"href":"https:\/\/www.diocesitn.it\/area-testimonianza\/wp-json\/wp\/v2\/tags?post=20418"}],"curies":[{"name":"wp","href":"https:\/\/api.w.org\/{rel}","templated":true}]}}