{"id":20403,"date":"2026-08-28T13:26:53","date_gmt":"2026-08-28T11:26:53","guid":{"rendered":"https:\/\/www.diocesitn.it\/area-testimonianza\/2026\/08\/28\/alluvione-in-nepal-ed-emergenze-umanitarie-in-colombia-peru-indonesia-dalla-cei-500mila-euro\/"},"modified":"2026-08-31T11:24:35","modified_gmt":"2026-08-31T09:24:35","slug":"alluvione-in-nepal-ed-emergenze-umanitarie-in-colombia-peru-indonesia-dalla-cei-500mila-euro","status":"publish","type":"post","link":"https:\/\/www.diocesitn.it\/area-testimonianza\/2026\/08\/28\/alluvione-in-nepal-ed-emergenze-umanitarie-in-colombia-peru-indonesia-dalla-cei-500mila-euro\/","title":{"rendered":"Alluvione in Nepal ed emergenze umanitarie in Colombia, Per\u00f9, Indonesia: dalla CEI 500mila euro"},"content":{"rendered":"<p>Un aiuto concreto alle comunit\u00e0 di <strong>Colombia<\/strong>, <strong>Per\u00f9<\/strong>, <strong>Indonesia<\/strong> e <strong>Nepal<\/strong>: la <strong>Presidenza della Conferenza Episcopale Italiana<\/strong> ha deciso uno stanziamento complessivo di <strong>500mila euro dai fondi dell\u20198xmille<\/strong> che i cittadini destinano alla Chiesa cattolica per rispondere ai <strong>bisogni pi\u00f9 urgenti<\/strong>.<!--more--><\/p>\n<h4>Zuppi: &#8220;La sofferenza non pu\u00f2 esserci estranea&#8221;<\/h4>\n<p>\u201cSi tratta \u2013 spiega il <strong>card. Matteo Zuppi<\/strong>, Arcivescovo di Bologna e Presidente della CEI \u2013 di un <strong>segno di vicinanza della Chiesa italiana alle popolazioni<\/strong> che si trovano ad affrontare <strong>importanti emergenze umanitarie<\/strong>. La sofferenza di chi vive lontano non pu\u00f2 esserci estranea: ci riguarda e ci chiama alla responsabilit\u00e0. Tendere la mano a chi \u00e8 in difficolt\u00e0 significa riconoscere che nessuno pu\u00f2 salvarsi da solo e che ci\u00f2 che ci unisce \u00e8 pi\u00f9 forte delle distanze. Attraverso gesti di fraternit\u00e0 e di cura possiamo ricostruire legami, alimentare la speranza e rendere la pace una possibilit\u00e0 reale, soprattutto in un tempo che continua a essere caratterizzato da tensioni, divisioni e conflitti\u201d.<\/p>\n<p>Le risorse saranno destinate, attraverso <a href=\"https:\/\/www.caritas.it\/\"><strong>Caritas Italiana<\/strong> <\/a>e la <strong>rete delle Caritas locali<\/strong>, ad accompagnare nel tempo i percorsi di ripresa delle comunit\u00e0 colpite.<\/p>\n<h4>Nel Nepal ferito dalle alluvioni<\/h4>\n<p>In <a href=\"https:\/\/www.caritas.it\/alluvioni-al-confine-nepal-tibet-centinaia-di-dispersi-vittime-confermate-e-gravi-danni\/\"><strong>Nepal<\/strong><\/a>, il violento fenomeno che il 26 agosto ha interessato diverse aree montane del <strong>distretto di Rasuwa<\/strong>, al confine con il Tibet (Cina), ha causato morti &#8211; con un bilancio in costante crescita -, feriti e dispersi lasciando migliaia di famiglie senza casa e mezzi di sostentamento. La risposta prevede assistenza immediata, ripari, cibo e sostegno psicosociale, insieme a interventi di ricostruzione e di ripresa delle attivit\u00e0 produttive.<\/p>\n<p>\u201cPregate per il mio Paese\u201d. E\u2019 l&#8217;appello che arriva da <strong>don Silas Bogati<\/strong>, amministratore apostolico del Vicariato cattolico del Nepal, attraverso il <strong><a href=\"https:\/\/www.agensir.it\/mondo\/2026\/08\/28\/alluvione-in-nepal-don-bogati-amministratore-apostolico-del-vicariato-unire-le-mani-per-sostenere-questo-popolo-che-soffre\/\">Sir<\/a> <\/strong>mentre il Paese asiatico affronta una delle pi\u00f9 gravi tragedie degli ultimi decenni.<\/p>\n<h4>Nell&#8217;Indonesia terremotata<\/h4>\n<p>In <strong>Indonesia<\/strong>, il terremoto di magnitudo 7.7 che il 15 agosto ha devastato l\u2019isola di Flores ha provocato oltre 100 vittime, pi\u00f9 di 1600 feriti e oltre 180mila sfollati. Un\u2019attenzione specifica \u2013 fa sapere Caritas Italiana &#8211; sar\u00e0 riservata alle persone con disabilit\u00e0 e alle loro famiglie, attraverso interventi per l\u2019accesso agli aiuti, ai servizi sanitari e riabilitativi, ai rifugi e al supporto psicosociale.<\/p>\n<h4>In Colombia e Per\u00f9<\/h4>\n<p>Lo stanziamento disposto dalla CEI contribuir\u00e0, inoltre, alle iniziative di solidariet\u00e0 promosse in <strong>Colombia e Per\u00f9<\/strong>, dove recenti fenomeni sismici hanno messo alla prova comunit\u00e0 gi\u00e0 particolarmente vulnerabili.<\/p>\n<p>Foto AFP\/SIR<\/p>\n","protected":false},"excerpt":{"rendered":"<p>Un aiuto concreto alle comunit\u00e0 di Colombia, Per\u00f9, Indonesia e Nepal: la Presidenza della Conferenza Episcopale Italiana ha deciso uno stanziamento complessivo di 500mila euro dai fondi dell\u20198xmille che i cittadini destinano alla Chiesa cattolica<\/p>\n","protected":false},"author":3,"featured_media":20406,"comment_status":"closed","ping_status":"closed","sticky":true,"template":"","format":"standard","meta":{"footnotes":""},"categories":[1059,1074],"tags":[2081],"class_list":["post-20403","post","type-post","status-publish","format-standard","has-post-thumbnail","hentry","category-servizio-caritas","category-notizie","tag-nl"],"acf":{"seed-localization-paese-cod":"IT","seed-localization-address":"","seed-localization-citta":"Trento","seed-localization-regione-cod-istat":"04","seed-localization-citta-cod-istat":"022205","seed-localization-localita":"","seed-localization-cap":"","seed-localization-marker-visibility":false,"seed-localization-children-visibility":false,"seed-localization-kml":"","seed-localization-custom-marker":""},"yoast_head":"<!-- This site is optimized with the Yoast SEO Premium plugin v20.2.1 (Yoast SEO v22.2) - https:\/\/yoast.com\/wordpress\/plugins\/seo\/ -->\n<title>Alluvione in Nepal ed emergenze umanitarie in Colombia, Per\u00f9, Indonesia: dalla CEI 500mila euro - Testimonianza e Impegno sociale<\/title>\n<meta name=\"robots\" content=\"index, follow, max-snippet:-1, max-image-preview:large, max-video-preview:-1\" \/>\n<link rel=\"canonical\" href=\"https:\/\/www.diocesitn.it\/area-testimonianza\/2026\/08\/28\/alluvione-in-nepal-ed-emergenze-umanitarie-in-colombia-peru-indonesia-dalla-cei-500mila-euro\/\" \/>\n<meta property=\"og:locale\" content=\"it_IT\" \/>\n<meta property=\"og:type\" content=\"article\" \/>\n<meta property=\"og:title\" content=\"Alluvione in Nepal ed emergenze umanitarie in Colombia, Per\u00f9, Indonesia: dalla CEI 500mila euro\" \/>\n<meta property=\"og:description\" content=\"Un aiuto concreto alle comunit\u00e0 di Colombia, Per\u00f9, Indonesia e Nepal: la Presidenza della Conferenza Episcopale Italiana ha deciso uno stanziamento complessivo di 500mila euro dai fondi dell\u20198xmille che i cittadini destinano alla Chiesa cattolica\" \/>\n<meta property=\"og:url\" content=\"https:\/\/www.diocesitn.it\/area-testimonianza\/2026\/08\/28\/alluvione-in-nepal-ed-emergenze-umanitarie-in-colombia-peru-indonesia-dalla-cei-500mila-euro\/\" \/>\n<meta property=\"og:site_name\" content=\"Testimonianza e Impegno sociale\" \/>\n<meta property=\"article:published_time\" content=\"2026-08-28T11:26:53+00:00\" \/>\n<meta property=\"article:modified_time\" content=\"2026-08-31T09:24:35+00:00\" \/>\n<meta property=\"og:image\" content=\"https:\/\/www.diocesitn.it\/area-testimonianza\/wp-content\/uploads\/sites\/37\/2026\/08\/AFP__20260827__C6LA6CX__v4__HighRes__TopshotNepalWeatherLandslideFloods-scaled.jpg\" \/>\n\t<meta property=\"og:image:width\" content=\"2560\" \/>\n\t<meta property=\"og:image:height\" content=\"1707\" \/>\n\t<meta property=\"og:image:type\" content=\"image\/jpeg\" \/>\n<meta name=\"author\" content=\"Piergiorgio Franceschini\" \/>\n<meta name=\"twitter:card\" content=\"summary_large_image\" \/>\n<meta name=\"twitter:label1\" content=\"Scritto da\" \/>\n\t<meta name=\"twitter:data1\" content=\"Piergiorgio Franceschini\" \/>\n\t<meta name=\"twitter:label2\" content=\"Tempo di lettura stimato\" \/>\n\t<meta name=\"twitter:data2\" content=\"3 minuti\" \/>\n<script type=\"application\/ld+json\" class=\"yoast-schema-graph\">{\"@context\":\"https:\/\/schema.org\",\"@graph\":[{\"@type\":\"Article\",\"@id\":\"https:\/\/www.diocesitn.it\/area-testimonianza\/2026\/08\/28\/alluvione-in-nepal-ed-emergenze-umanitarie-in-colombia-peru-indonesia-dalla-cei-500mila-euro\/#article\",\"isPartOf\":{\"@id\":\"https:\/\/www.diocesitn.it\/area-testimonianza\/2026\/08\/28\/alluvione-in-nepal-ed-emergenze-umanitarie-in-colombia-peru-indonesia-dalla-cei-500mila-euro\/\"},\"author\":{\"name\":\"Piergiorgio Franceschini\",\"@id\":\"https:\/\/www.diocesitn.it\/area-testimonianza\/#\/schema\/person\/99590c84577873a025247b6aeb16ad2e\"},\"headline\":\"Alluvione in Nepal ed emergenze umanitarie in Colombia, Per\u00f9, Indonesia: dalla CEI 500mila euro\",\"datePublished\":\"2026-08-28T11:26:53+00:00\",\"dateModified\":\"2026-08-31T09:24:35+00:00\",\"mainEntityOfPage\":{\"@id\":\"https:\/\/www.diocesitn.it\/area-testimonianza\/2026\/08\/28\/alluvione-in-nepal-ed-emergenze-umanitarie-in-colombia-peru-indonesia-dalla-cei-500mila-euro\/\"},\"wordCount\":403,\"publisher\":{\"@id\":\"https:\/\/www.diocesitn.it\/area-testimonianza\/#organization\"},\"image\":{\"@id\":\"https:\/\/www.diocesitn.it\/area-testimonianza\/2026\/08\/28\/alluvione-in-nepal-ed-emergenze-umanitarie-in-colombia-peru-indonesia-dalla-cei-500mila-euro\/#primaryimage\"},\"thumbnailUrl\":\"https:\/\/www.diocesitn.it\/area-testimonianza\/wp-content\/uploads\/sites\/37\/2026\/08\/AFP__20260827__C6LA6CX__v4__HighRes__TopshotNepalWeatherLandslideFloods-scaled.jpg\",\"keywords\":[\"NL\"],\"articleSection\":[\"Caritas diocesana\",\"Notizie\"],\"inLanguage\":\"it-IT\",\"copyrightYear\":\"2026\",\"copyrightHolder\":{\"@id\":\"https:\/\/www.diocesitn.it\/#organization\"}},{\"@type\":\"WebPage\",\"@id\":\"https:\/\/www.diocesitn.it\/area-testimonianza\/2026\/08\/28\/alluvione-in-nepal-ed-emergenze-umanitarie-in-colombia-peru-indonesia-dalla-cei-500mila-euro\/\",\"url\":\"https:\/\/www.diocesitn.it\/area-testimonianza\/2026\/08\/28\/alluvione-in-nepal-ed-emergenze-umanitarie-in-colombia-peru-indonesia-dalla-cei-500mila-euro\/\",\"name\":\"Alluvione in Nepal ed emergenze umanitarie in Colombia, Per\u00f9, Indonesia: dalla CEI 500mila euro - Testimonianza e Impegno sociale\",\"isPartOf\":{\"@id\":\"https:\/\/www.diocesitn.it\/area-testimonianza\/#website\"},\"primaryImageOfPage\":{\"@id\":\"https:\/\/www.diocesitn.it\/area-testimonianza\/2026\/08\/28\/alluvione-in-nepal-ed-emergenze-umanitarie-in-colombia-peru-indonesia-dalla-cei-500mila-euro\/#primaryimage\"},\"image\":{\"@id\":\"https:\/\/www.diocesitn.it\/area-testimonianza\/2026\/08\/28\/alluvione-in-nepal-ed-emergenze-umanitarie-in-colombia-peru-indonesia-dalla-cei-500mila-euro\/#primaryimage\"},\"thumbnailUrl\":\"https:\/\/www.diocesitn.it\/area-testimonianza\/wp-content\/uploads\/sites\/37\/2026\/08\/AFP__20260827__C6LA6CX__v4__HighRes__TopshotNepalWeatherLandslideFloods-scaled.jpg\",\"datePublished\":\"2026-08-28T11:26:53+00:00\",\"dateModified\":\"2026-08-31T09:24:35+00:00\",\"breadcrumb\":{\"@id\":\"https:\/\/www.diocesitn.it\/area-testimonianza\/2026\/08\/28\/alluvione-in-nepal-ed-emergenze-umanitarie-in-colombia-peru-indonesia-dalla-cei-500mila-euro\/#breadcrumb\"},\"inLanguage\":\"it-IT\",\"potentialAction\":[{\"@type\":\"ReadAction\",\"target\":[\"https:\/\/www.diocesitn.it\/area-testimonianza\/2026\/08\/28\/alluvione-in-nepal-ed-emergenze-umanitarie-in-colombia-peru-indonesia-dalla-cei-500mila-euro\/\"]}]},{\"@type\":\"ImageObject\",\"inLanguage\":\"it-IT\",\"@id\":\"https:\/\/www.diocesitn.it\/area-testimonianza\/2026\/08\/28\/alluvione-in-nepal-ed-emergenze-umanitarie-in-colombia-peru-indonesia-dalla-cei-500mila-euro\/#primaryimage\",\"url\":\"https:\/\/www.diocesitn.it\/area-testimonianza\/wp-content\/uploads\/sites\/37\/2026\/08\/AFP__20260827__C6LA6CX__v4__HighRes__TopshotNepalWeatherLandslideFloods-scaled.jpg\",\"contentUrl\":\"https:\/\/www.diocesitn.it\/area-testimonianza\/wp-content\/uploads\/sites\/37\/2026\/08\/AFP__20260827__C6LA6CX__v4__HighRes__TopshotNepalWeatherLandslideFloods-scaled.jpg\",\"width\":2560,\"height\":1707,\"caption\":\"Local residents walk past houses lying deluged in sludge after flash floods at Devighat, Bidur Municipality in Nepal's Nuwakot district on August 27, 2026. Nepal's disaster agency said that 823 people remained out of contact on August 27, more than 24 hours after a deadly flood tore through the border region with Tibet. (Photo by Prabin RANABHAT \/ AFP)\"},{\"@type\":\"BreadcrumbList\",\"@id\":\"https:\/\/www.diocesitn.it\/area-testimonianza\/2026\/08\/28\/alluvione-in-nepal-ed-emergenze-umanitarie-in-colombia-peru-indonesia-dalla-cei-500mila-euro\/#breadcrumb\",\"itemListElement\":[{\"@type\":\"ListItem\",\"position\":1,\"name\":\"Home\",\"item\":\"https:\/\/www.diocesitn.it\/area-testimonianza\/\"},{\"@type\":\"ListItem\",\"position\":2,\"name\":\"Alluvione in Nepal ed emergenze umanitarie in Colombia, Per\u00f9, Indonesia: dalla CEI 500mila euro\"}]},{\"@type\":\"WebSite\",\"@id\":\"https:\/\/www.diocesitn.it\/area-testimonianza\/#website\",\"url\":\"https:\/\/www.diocesitn.it\/area-testimonianza\/\",\"name\":\"Testimonianza e Impegno sociale\",\"description\":\"Chiesa di Trento\",\"publisher\":{\"@id\":\"https:\/\/www.diocesitn.it\/area-testimonianza\/#organization\"},\"potentialAction\":[{\"@type\":\"SearchAction\",\"target\":{\"@type\":\"EntryPoint\",\"urlTemplate\":\"https:\/\/www.diocesitn.it\/area-testimonianza\/?s={search_term_string}\"},\"query-input\":\"required name=search_term_string\"}],\"inLanguage\":\"it-IT\"},{\"@type\":[\"Organization\",\"Place\"],\"@id\":\"https:\/\/www.diocesitn.it\/area-testimonianza\/#organization\",\"name\":\"Area Testimonianza e Impegno Sociale - Chiesa di Trento\",\"url\":\"https:\/\/www.diocesitn.it\/area-testimonianza\/\",\"logo\":{\"@id\":\"https:\/\/www.diocesitn.it\/area-testimonianza\/2026\/08\/28\/alluvione-in-nepal-ed-emergenze-umanitarie-in-colombia-peru-indonesia-dalla-cei-500mila-euro\/#local-main-organization-logo\"},\"image\":{\"@id\":\"https:\/\/www.diocesitn.it\/area-testimonianza\/2026\/08\/28\/alluvione-in-nepal-ed-emergenze-umanitarie-in-colombia-peru-indonesia-dalla-cei-500mila-euro\/#local-main-organization-logo\"},\"openingHoursSpecification\":[{\"@type\":\"OpeningHoursSpecification\",\"dayOfWeek\":[\"Monday\",\"Tuesday\",\"Wednesday\",\"Thursday\",\"Friday\",\"Saturday\",\"Sunday\"],\"opens\":\"09:00\",\"closes\":\"17:00\"}]},{\"@type\":\"ImageObject\",\"inLanguage\":\"it-IT\",\"@id\":\"https:\/\/www.diocesitn.it\/area-testimonianza\/2026\/08\/28\/alluvione-in-nepal-ed-emergenze-umanitarie-in-colombia-peru-indonesia-dalla-cei-500mila-euro\/#local-main-organization-logo\",\"url\":\"https:\/\/www.diocesitn.it\/area-testimonianza\/wp-content\/uploads\/sites\/37\/2021\/09\/og-logo-testimonianza-e-impegno-sociale.jpg\",\"contentUrl\":\"https:\/\/www.diocesitn.it\/area-testimonianza\/wp-content\/uploads\/sites\/37\/2021\/09\/og-logo-testimonianza-e-impegno-sociale.jpg\",\"width\":1200,\"height\":630,\"caption\":\"Area Testimonianza e Impegno Sociale - Chiesa di Trento\"}]}<\/script>\n<!-- \/ Yoast SEO Premium plugin. -->","yoast_head_json":{"title":"Alluvione in Nepal ed emergenze umanitarie in Colombia, Per\u00f9, Indonesia: dalla CEI 500mila euro - Testimonianza e Impegno sociale","robots":{"index":"index","follow":"follow","max-snippet":"max-snippet:-1","max-image-preview":"max-image-preview:large","max-video-preview":"max-video-preview:-1"},"canonical":"https:\/\/www.diocesitn.it\/area-testimonianza\/2026\/08\/28\/alluvione-in-nepal-ed-emergenze-umanitarie-in-colombia-peru-indonesia-dalla-cei-500mila-euro\/","og_locale":"it_IT","og_type":"article","og_title":"Alluvione in Nepal ed emergenze umanitarie in Colombia, Per\u00f9, Indonesia: dalla CEI 500mila euro","og_description":"Un aiuto concreto alle comunit\u00e0 di Colombia, Per\u00f9, Indonesia e Nepal: la Presidenza della Conferenza Episcopale Italiana ha deciso uno stanziamento complessivo di 500mila euro dai fondi dell\u20198xmille che i cittadini destinano alla Chiesa cattolica","og_url":"https:\/\/www.diocesitn.it\/area-testimonianza\/2026\/08\/28\/alluvione-in-nepal-ed-emergenze-umanitarie-in-colombia-peru-indonesia-dalla-cei-500mila-euro\/","og_site_name":"Testimonianza e Impegno sociale","article_published_time":"2026-08-28T11:26:53+00:00","article_modified_time":"2026-08-31T09:24:35+00:00","og_image":[{"width":2560,"height":1707,"url":"https:\/\/www.diocesitn.it\/area-testimonianza\/wp-content\/uploads\/sites\/37\/2026\/08\/AFP__20260827__C6LA6CX__v4__HighRes__TopshotNepalWeatherLandslideFloods-scaled.jpg","type":"image\/jpeg"}],"author":"Piergiorgio Franceschini","twitter_card":"summary_large_image","twitter_misc":{"Scritto da":"Piergiorgio Franceschini","Tempo di lettura stimato":"3 minuti"},"schema":{"@context":"https:\/\/schema.org","@graph":[{"@type":"Article","@id":"https:\/\/www.diocesitn.it\/area-testimonianza\/2026\/08\/28\/alluvione-in-nepal-ed-emergenze-umanitarie-in-colombia-peru-indonesia-dalla-cei-500mila-euro\/#article","isPartOf":{"@id":"https:\/\/www.diocesitn.it\/area-testimonianza\/2026\/08\/28\/alluvione-in-nepal-ed-emergenze-umanitarie-in-colombia-peru-indonesia-dalla-cei-500mila-euro\/"},"author":{"name":"Piergiorgio Franceschini","@id":"https:\/\/www.diocesitn.it\/area-testimonianza\/#\/schema\/person\/99590c84577873a025247b6aeb16ad2e"},"headline":"Alluvione in Nepal ed emergenze umanitarie in Colombia, Per\u00f9, Indonesia: dalla CEI 500mila euro","datePublished":"2026-08-28T11:26:53+00:00","dateModified":"2026-08-31T09:24:35+00:00","mainEntityOfPage":{"@id":"https:\/\/www.diocesitn.it\/area-testimonianza\/2026\/08\/28\/alluvione-in-nepal-ed-emergenze-umanitarie-in-colombia-peru-indonesia-dalla-cei-500mila-euro\/"},"wordCount":403,"publisher":{"@id":"https:\/\/www.diocesitn.it\/area-testimonianza\/#organization"},"image":{"@id":"https:\/\/www.diocesitn.it\/area-testimonianza\/2026\/08\/28\/alluvione-in-nepal-ed-emergenze-umanitarie-in-colombia-peru-indonesia-dalla-cei-500mila-euro\/#primaryimage"},"thumbnailUrl":"https:\/\/www.diocesitn.it\/area-testimonianza\/wp-content\/uploads\/sites\/37\/2026\/08\/AFP__20260827__C6LA6CX__v4__HighRes__TopshotNepalWeatherLandslideFloods-scaled.jpg","keywords":["NL"],"articleSection":["Caritas diocesana","Notizie"],"inLanguage":"it-IT","copyrightYear":"2026","copyrightHolder":{"@id":"https:\/\/www.diocesitn.it\/#organization"}},{"@type":"WebPage","@id":"https:\/\/www.diocesitn.it\/area-testimonianza\/2026\/08\/28\/alluvione-in-nepal-ed-emergenze-umanitarie-in-colombia-peru-indonesia-dalla-cei-500mila-euro\/","url":"https:\/\/www.diocesitn.it\/area-testimonianza\/2026\/08\/28\/alluvione-in-nepal-ed-emergenze-umanitarie-in-colombia-peru-indonesia-dalla-cei-500mila-euro\/","name":"Alluvione in Nepal ed emergenze umanitarie in Colombia, Per\u00f9, Indonesia: dalla CEI 500mila euro - Testimonianza e Impegno sociale","isPartOf":{"@id":"https:\/\/www.diocesitn.it\/area-testimonianza\/#website"},"primaryImageOfPage":{"@id":"https:\/\/www.diocesitn.it\/area-testimonianza\/2026\/08\/28\/alluvione-in-nepal-ed-emergenze-umanitarie-in-colombia-peru-indonesia-dalla-cei-500mila-euro\/#primaryimage"},"image":{"@id":"https:\/\/www.diocesitn.it\/area-testimonianza\/2026\/08\/28\/alluvione-in-nepal-ed-emergenze-umanitarie-in-colombia-peru-indonesia-dalla-cei-500mila-euro\/#primaryimage"},"thumbnailUrl":"https:\/\/www.diocesitn.it\/area-testimonianza\/wp-content\/uploads\/sites\/37\/2026\/08\/AFP__20260827__C6LA6CX__v4__HighRes__TopshotNepalWeatherLandslideFloods-scaled.jpg","datePublished":"2026-08-28T11:26:53+00:00","dateModified":"2026-08-31T09:24:35+00:00","breadcrumb":{"@id":"https:\/\/www.diocesitn.it\/area-testimonianza\/2026\/08\/28\/alluvione-in-nepal-ed-emergenze-umanitarie-in-colombia-peru-indonesia-dalla-cei-500mila-euro\/#breadcrumb"},"inLanguage":"it-IT","potentialAction":[{"@type":"ReadAction","target":["https:\/\/www.diocesitn.it\/area-testimonianza\/2026\/08\/28\/alluvione-in-nepal-ed-emergenze-umanitarie-in-colombia-peru-indonesia-dalla-cei-500mila-euro\/"]}]},{"@type":"ImageObject","inLanguage":"it-IT","@id":"https:\/\/www.diocesitn.it\/area-testimonianza\/2026\/08\/28\/alluvione-in-nepal-ed-emergenze-umanitarie-in-colombia-peru-indonesia-dalla-cei-500mila-euro\/#primaryimage","url":"https:\/\/www.diocesitn.it\/area-testimonianza\/wp-content\/uploads\/sites\/37\/2026\/08\/AFP__20260827__C6LA6CX__v4__HighRes__TopshotNepalWeatherLandslideFloods-scaled.jpg","contentUrl":"https:\/\/www.diocesitn.it\/area-testimonianza\/wp-content\/uploads\/sites\/37\/2026\/08\/AFP__20260827__C6LA6CX__v4__HighRes__TopshotNepalWeatherLandslideFloods-scaled.jpg","width":2560,"height":1707,"caption":"Local residents walk past houses lying deluged in sludge after flash floods at Devighat, Bidur Municipality in Nepal's Nuwakot district on August 27, 2026. Nepal's disaster agency said that 823 people remained out of contact on August 27, more than 24 hours after a deadly flood tore through the border region with Tibet. (Photo by Prabin RANABHAT \/ AFP)"},{"@type":"BreadcrumbList","@id":"https:\/\/www.diocesitn.it\/area-testimonianza\/2026\/08\/28\/alluvione-in-nepal-ed-emergenze-umanitarie-in-colombia-peru-indonesia-dalla-cei-500mila-euro\/#breadcrumb","itemListElement":[{"@type":"ListItem","position":1,"name":"Home","item":"https:\/\/www.diocesitn.it\/area-testimonianza\/"},{"@type":"ListItem","position":2,"name":"Alluvione in Nepal ed emergenze umanitarie in Colombia, Per\u00f9, Indonesia: dalla CEI 500mila euro"}]},{"@type":"WebSite","@id":"https:\/\/www.diocesitn.it\/area-testimonianza\/#website","url":"https:\/\/www.diocesitn.it\/area-testimonianza\/","name":"Testimonianza e Impegno sociale","description":"Chiesa di Trento","publisher":{"@id":"https:\/\/www.diocesitn.it\/area-testimonianza\/#organization"},"potentialAction":[{"@type":"SearchAction","target":{"@type":"EntryPoint","urlTemplate":"https:\/\/www.diocesitn.it\/area-testimonianza\/?s={search_term_string}"},"query-input":"required name=search_term_string"}],"inLanguage":"it-IT"},{"@type":["Organization","Place"],"@id":"https:\/\/www.diocesitn.it\/area-testimonianza\/#organization","name":"Area Testimonianza e Impegno Sociale - Chiesa di Trento","url":"https:\/\/www.diocesitn.it\/area-testimonianza\/","logo":{"@id":"https:\/\/www.diocesitn.it\/area-testimonianza\/2026\/08\/28\/alluvione-in-nepal-ed-emergenze-umanitarie-in-colombia-peru-indonesia-dalla-cei-500mila-euro\/#local-main-organization-logo"},"image":{"@id":"https:\/\/www.diocesitn.it\/area-testimonianza\/2026\/08\/28\/alluvione-in-nepal-ed-emergenze-umanitarie-in-colombia-peru-indonesia-dalla-cei-500mila-euro\/#local-main-organization-logo"},"openingHoursSpecification":[{"@type":"OpeningHoursSpecification","dayOfWeek":["Monday","Tuesday","Wednesday","Thursday","Friday","Saturday","Sunday"],"opens":"09:00","closes":"17:00"}]},{"@type":"ImageObject","inLanguage":"it-IT","@id":"https:\/\/www.diocesitn.it\/area-testimonianza\/2026\/08\/28\/alluvione-in-nepal-ed-emergenze-umanitarie-in-colombia-peru-indonesia-dalla-cei-500mila-euro\/#local-main-organization-logo","url":"https:\/\/www.diocesitn.it\/area-testimonianza\/wp-content\/uploads\/sites\/37\/2021\/09\/og-logo-testimonianza-e-impegno-sociale.jpg","contentUrl":"https:\/\/www.diocesitn.it\/area-testimonianza\/wp-content\/uploads\/sites\/37\/2021\/09\/og-logo-testimonianza-e-impegno-sociale.jpg","width":1200,"height":630,"caption":"Area Testimonianza e Impegno Sociale - Chiesa di Trento"}]}},"_links":{"self":[{"href":"https:\/\/www.diocesitn.it\/area-testimonianza\/wp-json\/wp\/v2\/posts\/20403","targetHints":{"allow":["GET"]}}],"collection":[{"href":"https:\/\/www.diocesitn.it\/area-testimonianza\/wp-json\/wp\/v2\/posts"}],"about":[{"href":"https:\/\/www.diocesitn.it\/area-testimonianza\/wp-json\/wp\/v2\/types\/post"}],"author":[{"embeddable":true,"href":"https:\/\/www.diocesitn.it\/area-testimonianza\/wp-json\/wp\/v2\/users\/3"}],"replies":[{"embeddable":true,"href":"https:\/\/www.diocesitn.it\/area-testimonianza\/wp-json\/wp\/v2\/comments?post=20403"}],"version-history":[{"count":2,"href":"https:\/\/www.diocesitn.it\/area-testimonianza\/wp-json\/wp\/v2\/posts\/20403\/revisions"}],"predecessor-version":[{"id":20408,"href":"https:\/\/www.diocesitn.it\/area-testimonianza\/wp-json\/wp\/v2\/posts\/20403\/revisions\/20408"}],"wp:featuredmedia":[{"embeddable":true,"href":"https:\/\/www.diocesitn.it\/area-testimonianza\/wp-json\/wp\/v2\/media\/20406"}],"wp:attachment":[{"href":"https:\/\/www.diocesitn.it\/area-testimonianza\/wp-json\/wp\/v2\/media?parent=20403"}],"wp:term":[{"taxonomy":"category","embeddable":true,"href":"https:\/\/www.diocesitn.it\/area-testimonianza\/wp-json\/wp\/v2\/categories?post=20403"},{"taxonomy":"post_tag","embeddable":true,"href":"https:\/\/www.diocesitn.it\/area-testimonianza\/wp-json\/wp\/v2\/tags?post=20403"}],"curies":[{"name":"wp","href":"https:\/\/api.w.org\/{rel}","templated":true}]}}