{"id":19771,"date":"2026-04-30T11:30:14","date_gmt":"2026-04-30T09:30:14","guid":{"rendered":"https:\/\/www.diocesitn.it\/area-testimonianza\/?p=19771"},"modified":"2026-04-30T12:09:44","modified_gmt":"2026-04-30T10:09:44","slug":"percorso-di-educazione-finanziaria-iscrizioni-entro-il-4-maggio","status":"publish","type":"post","link":"https:\/\/www.diocesitn.it\/area-testimonianza\/2026\/04\/30\/percorso-di-educazione-finanziaria-iscrizioni-entro-il-4-maggio\/","title":{"rendered":"Percorso di &#8220;Educazione finanziaria, inclusione e solidariet\u00e0&#8221;. Iscrizioni entro il 4 maggio"},"content":{"rendered":"<h5>Un percorso di educazione finanziaria rivolto a operatori e volontari impegnati negli accompagnamenti economici. Iscrizioni aperte<!--more--><\/h5>\n<p>Nell\u2019ambito di una collaborazione con la Banca d\u2019Italia per il progetto nazionale <strong>\u201cEducazione finanziaria, inclusione e solidariet\u00e0\u201d<\/strong>, la Caritas della Diocesi di Trento propone un percorso formativo di educazione finanziaria rivolto a operatori e volontari impegnati negli accompagnamenti economici.<\/p>\n<p>Il percorso prevede un ciclo di 4 incontri, in presenza (con possibilit\u00e0 di partecipazione in modalit\u00e0 ibrida), che si svolgeranno presso la sede Caritas di<strong> \u00a0di via Barbacovi n. 4<\/strong>.<br \/>\nOgni incontro avr\u00e0 una durata di circa un\u2019ora e mezza, dalle 17.00 alle 18.30.<\/p>\n<h5><strong>Tematiche degli incontri<\/strong><\/h5>\n<ul>\n<li><strong>Gestione consapevole del denaro<\/strong>: pianificazione delle spese e utilizzo del conto corrente<\/li>\n<li><strong>Indebitamento responsabile<\/strong>: finanziamenti per beni durevoli, differenza tra mutuo e credito al consumo, costi dell\u2019indebitamento e sostenibilit\u00e0 del debito<\/li>\n<li><strong>Pagamenti elettronici<\/strong> e strumenti di difesa dalle truffe<\/li>\n<li><strong>Strumenti di tutela del cliente<\/strong>: presentazione di reclami, difesa in caso di comportamenti scorretti da parte di banche o intermediari finanziari, ricorso all\u2019Arbitro Bancario Finanziario<\/li>\n<\/ul>\n<hr \/>\n<h5><strong>Date di avvio del percorso<\/strong><\/h5>\n<p>I primi due moduli si svolgeranno in modalit\u00e0 ibrida, presso la sede di via Barbacovi n. 4, dalle 17.00 alle 18.30:<\/p>\n<ul>\n<li><strong>Marted\u00ec 6 maggio<\/strong><br \/>\n<em>Gestione consapevole del denaro<\/em><br \/>\nRelatore: <strong>Federico Giuliani<\/strong><\/li>\n<li><strong>Marted\u00ec 10 giugno<\/strong><br \/>\n<em>Indebitamento responsabile<\/em><br \/>\nRelatore: <strong>Vittorio Visalli<\/strong><\/li>\n<\/ul>\n<p>I dettagli relativi al calendario dei successivi incontri verranno comunicati prossimamente.<\/p>\n<hr \/>\n<h4><strong>\u00a0<\/strong><strong><u>Iscrizioni<\/u><\/strong><\/h4>\n<p>Sono disponibili <strong>20 posti <\/strong>assegnati in base alla data d\u2019iscrizione.<br \/>\nLa partecipazione online \u00e8 riservata alle persone residenti fuori dalla citt\u00e0 di Trento e il link di collegamento verr\u00e0 inviato dopo l\u2019accettazione dell\u2019iscrizione.<\/p>\n<p>\u00c8 richiesta l\u2019<strong>iscrizione entro il 4 maggio<\/strong> scrivendo una email a <a href=\"mailto:caritaszonali@diocesitn.it\">caritaszonali@diocesitn.it<\/a> specificando nome, cognome, e-mail, cellulare e servizio di appartenenza.<\/p>\n","protected":false},"excerpt":{"rendered":"<p>Un percorso di educazione finanziaria rivolto a operatori e volontari impegnati negli accompagnamenti economici. Iscrizioni aperte<\/p>\n","protected":false},"author":161,"featured_media":19778,"comment_status":"closed","ping_status":"closed","sticky":true,"template":"","format":"standard","meta":{"footnotes":""},"categories":[1059,1074],"tags":[1262],"class_list":["post-19771","post","type-post","status-publish","format-standard","has-post-thumbnail","hentry","category-servizio-caritas","category-notizie","tag-formazione"],"acf":{"seed-localization-paese-cod":"IT","seed-localization-address":"","seed-localization-citta":"Trento","seed-localization-regione-cod-istat":"04","seed-localization-citta-cod-istat":"022205","seed-localization-localita":"","seed-localization-cap":"","seed-localization-marker-visibility":false,"seed-localization-children-visibility":false,"seed-localization-kml":"","seed-localization-custom-marker":""},"yoast_head":"<!-- This site is optimized with the Yoast SEO Premium plugin v20.2.1 (Yoast SEO v22.2) - https:\/\/yoast.com\/wordpress\/plugins\/seo\/ -->\n<title>Percorso di &quot;Educazione finanziaria, inclusione e solidariet\u00e0&quot;. Iscrizioni entro il 4 maggio - Testimonianza e Impegno sociale<\/title>\n<meta name=\"robots\" content=\"index, follow, max-snippet:-1, max-image-preview:large, max-video-preview:-1\" \/>\n<link rel=\"canonical\" href=\"https:\/\/www.diocesitn.it\/area-testimonianza\/2026\/04\/30\/percorso-di-educazione-finanziaria-iscrizioni-entro-il-4-maggio\/\" \/>\n<meta property=\"og:locale\" content=\"it_IT\" \/>\n<meta property=\"og:type\" content=\"article\" \/>\n<meta property=\"og:title\" content=\"Percorso di &quot;Educazione finanziaria, inclusione e solidariet\u00e0&quot;. Iscrizioni entro il 4 maggio\" \/>\n<meta property=\"og:description\" content=\"Un percorso di educazione finanziaria rivolto a operatori e volontari impegnati negli accompagnamenti economici. Iscrizioni aperte\" \/>\n<meta property=\"og:url\" content=\"https:\/\/www.diocesitn.it\/area-testimonianza\/2026\/04\/30\/percorso-di-educazione-finanziaria-iscrizioni-entro-il-4-maggio\/\" \/>\n<meta property=\"og:site_name\" content=\"Testimonianza e Impegno sociale\" \/>\n<meta property=\"article:published_time\" content=\"2026-04-30T09:30:14+00:00\" \/>\n<meta property=\"article:modified_time\" content=\"2026-04-30T10:09:44+00:00\" \/>\n<meta property=\"og:image\" content=\"https:\/\/www.diocesitn.it\/area-testimonianza\/wp-content\/uploads\/sites\/37\/2026\/04\/2026-formaz-finanz.png\" \/>\n\t<meta property=\"og:image:width\" content=\"560\" \/>\n\t<meta property=\"og:image:height\" content=\"315\" \/>\n\t<meta property=\"og:image:type\" content=\"image\/png\" \/>\n<meta name=\"author\" content=\"smaule\" \/>\n<meta name=\"twitter:card\" content=\"summary_large_image\" \/>\n<meta name=\"twitter:label1\" content=\"Scritto da\" \/>\n\t<meta name=\"twitter:data1\" content=\"smaule\" \/>\n\t<meta name=\"twitter:label2\" content=\"Tempo di lettura stimato\" \/>\n\t<meta name=\"twitter:data2\" content=\"2 minuti\" \/>\n<script type=\"application\/ld+json\" class=\"yoast-schema-graph\">{\"@context\":\"https:\/\/schema.org\",\"@graph\":[{\"@type\":\"Article\",\"@id\":\"https:\/\/www.diocesitn.it\/area-testimonianza\/2026\/04\/30\/percorso-di-educazione-finanziaria-iscrizioni-entro-il-4-maggio\/#article\",\"isPartOf\":{\"@id\":\"https:\/\/www.diocesitn.it\/area-testimonianza\/2026\/04\/30\/percorso-di-educazione-finanziaria-iscrizioni-entro-il-4-maggio\/\"},\"author\":{\"name\":\"smaule\",\"@id\":\"https:\/\/www.diocesitn.it\/area-testimonianza\/#\/schema\/person\/bac489aafb7f98c1ca25f76c27174a95\"},\"headline\":\"Percorso di &#8220;Educazione finanziaria, inclusione e solidariet\u00e0&#8221;. Iscrizioni entro il 4 maggio\",\"datePublished\":\"2026-04-30T09:30:14+00:00\",\"dateModified\":\"2026-04-30T10:09:44+00:00\",\"mainEntityOfPage\":{\"@id\":\"https:\/\/www.diocesitn.it\/area-testimonianza\/2026\/04\/30\/percorso-di-educazione-finanziaria-iscrizioni-entro-il-4-maggio\/\"},\"wordCount\":285,\"publisher\":{\"@id\":\"https:\/\/www.diocesitn.it\/area-testimonianza\/#organization\"},\"image\":{\"@id\":\"https:\/\/www.diocesitn.it\/area-testimonianza\/2026\/04\/30\/percorso-di-educazione-finanziaria-iscrizioni-entro-il-4-maggio\/#primaryimage\"},\"thumbnailUrl\":\"https:\/\/www.diocesitn.it\/area-testimonianza\/wp-content\/uploads\/sites\/37\/2026\/04\/2026-formaz-finanz.png\",\"keywords\":[\"FORMAZIONE\"],\"articleSection\":[\"Caritas diocesana\",\"Notizie\"],\"inLanguage\":\"it-IT\",\"copyrightYear\":\"2026\",\"copyrightHolder\":{\"@id\":\"https:\/\/www.diocesitn.it\/#organization\"}},{\"@type\":\"WebPage\",\"@id\":\"https:\/\/www.diocesitn.it\/area-testimonianza\/2026\/04\/30\/percorso-di-educazione-finanziaria-iscrizioni-entro-il-4-maggio\/\",\"url\":\"https:\/\/www.diocesitn.it\/area-testimonianza\/2026\/04\/30\/percorso-di-educazione-finanziaria-iscrizioni-entro-il-4-maggio\/\",\"name\":\"Percorso di \\\"Educazione finanziaria, inclusione e solidariet\u00e0\\\". Iscrizioni entro il 4 maggio - Testimonianza e Impegno sociale\",\"isPartOf\":{\"@id\":\"https:\/\/www.diocesitn.it\/area-testimonianza\/#website\"},\"primaryImageOfPage\":{\"@id\":\"https:\/\/www.diocesitn.it\/area-testimonianza\/2026\/04\/30\/percorso-di-educazione-finanziaria-iscrizioni-entro-il-4-maggio\/#primaryimage\"},\"image\":{\"@id\":\"https:\/\/www.diocesitn.it\/area-testimonianza\/2026\/04\/30\/percorso-di-educazione-finanziaria-iscrizioni-entro-il-4-maggio\/#primaryimage\"},\"thumbnailUrl\":\"https:\/\/www.diocesitn.it\/area-testimonianza\/wp-content\/uploads\/sites\/37\/2026\/04\/2026-formaz-finanz.png\",\"datePublished\":\"2026-04-30T09:30:14+00:00\",\"dateModified\":\"2026-04-30T10:09:44+00:00\",\"breadcrumb\":{\"@id\":\"https:\/\/www.diocesitn.it\/area-testimonianza\/2026\/04\/30\/percorso-di-educazione-finanziaria-iscrizioni-entro-il-4-maggio\/#breadcrumb\"},\"inLanguage\":\"it-IT\",\"potentialAction\":[{\"@type\":\"ReadAction\",\"target\":[\"https:\/\/www.diocesitn.it\/area-testimonianza\/2026\/04\/30\/percorso-di-educazione-finanziaria-iscrizioni-entro-il-4-maggio\/\"]}]},{\"@type\":\"ImageObject\",\"inLanguage\":\"it-IT\",\"@id\":\"https:\/\/www.diocesitn.it\/area-testimonianza\/2026\/04\/30\/percorso-di-educazione-finanziaria-iscrizioni-entro-il-4-maggio\/#primaryimage\",\"url\":\"https:\/\/www.diocesitn.it\/area-testimonianza\/wp-content\/uploads\/sites\/37\/2026\/04\/2026-formaz-finanz.png\",\"contentUrl\":\"https:\/\/www.diocesitn.it\/area-testimonianza\/wp-content\/uploads\/sites\/37\/2026\/04\/2026-formaz-finanz.png\",\"width\":560,\"height\":315},{\"@type\":\"BreadcrumbList\",\"@id\":\"https:\/\/www.diocesitn.it\/area-testimonianza\/2026\/04\/30\/percorso-di-educazione-finanziaria-iscrizioni-entro-il-4-maggio\/#breadcrumb\",\"itemListElement\":[{\"@type\":\"ListItem\",\"position\":1,\"name\":\"Home\",\"item\":\"https:\/\/www.diocesitn.it\/area-testimonianza\/\"},{\"@type\":\"ListItem\",\"position\":2,\"name\":\"Percorso di &#8220;Educazione finanziaria, inclusione e solidariet\u00e0&#8221;. Iscrizioni entro il 4 maggio\"}]},{\"@type\":\"WebSite\",\"@id\":\"https:\/\/www.diocesitn.it\/area-testimonianza\/#website\",\"url\":\"https:\/\/www.diocesitn.it\/area-testimonianza\/\",\"name\":\"Testimonianza e Impegno sociale\",\"description\":\"Chiesa di Trento\",\"publisher\":{\"@id\":\"https:\/\/www.diocesitn.it\/area-testimonianza\/#organization\"},\"potentialAction\":[{\"@type\":\"SearchAction\",\"target\":{\"@type\":\"EntryPoint\",\"urlTemplate\":\"https:\/\/www.diocesitn.it\/area-testimonianza\/?s={search_term_string}\"},\"query-input\":\"required name=search_term_string\"}],\"inLanguage\":\"it-IT\"},{\"@type\":[\"Organization\",\"Place\"],\"@id\":\"https:\/\/www.diocesitn.it\/area-testimonianza\/#organization\",\"name\":\"Area Testimonianza e Impegno Sociale - Chiesa di Trento\",\"url\":\"https:\/\/www.diocesitn.it\/area-testimonianza\/\",\"logo\":{\"@id\":\"https:\/\/www.diocesitn.it\/area-testimonianza\/2026\/04\/30\/percorso-di-educazione-finanziaria-iscrizioni-entro-il-4-maggio\/#local-main-organization-logo\"},\"image\":{\"@id\":\"https:\/\/www.diocesitn.it\/area-testimonianza\/2026\/04\/30\/percorso-di-educazione-finanziaria-iscrizioni-entro-il-4-maggio\/#local-main-organization-logo\"},\"openingHoursSpecification\":[{\"@type\":\"OpeningHoursSpecification\",\"dayOfWeek\":[\"Monday\",\"Tuesday\",\"Wednesday\",\"Thursday\",\"Friday\",\"Saturday\",\"Sunday\"],\"opens\":\"09:00\",\"closes\":\"17:00\"}]},{\"@type\":\"ImageObject\",\"inLanguage\":\"it-IT\",\"@id\":\"https:\/\/www.diocesitn.it\/area-testimonianza\/2026\/04\/30\/percorso-di-educazione-finanziaria-iscrizioni-entro-il-4-maggio\/#local-main-organization-logo\",\"url\":\"https:\/\/www.diocesitn.it\/area-testimonianza\/wp-content\/uploads\/sites\/37\/2021\/09\/og-logo-testimonianza-e-impegno-sociale.jpg\",\"contentUrl\":\"https:\/\/www.diocesitn.it\/area-testimonianza\/wp-content\/uploads\/sites\/37\/2021\/09\/og-logo-testimonianza-e-impegno-sociale.jpg\",\"width\":1200,\"height\":630,\"caption\":\"Area Testimonianza e Impegno Sociale - Chiesa di Trento\"}]}<\/script>\n<!-- \/ Yoast SEO Premium plugin. -->","yoast_head_json":{"title":"Percorso di \"Educazione finanziaria, inclusione e solidariet\u00e0\". Iscrizioni entro il 4 maggio - Testimonianza e Impegno sociale","robots":{"index":"index","follow":"follow","max-snippet":"max-snippet:-1","max-image-preview":"max-image-preview:large","max-video-preview":"max-video-preview:-1"},"canonical":"https:\/\/www.diocesitn.it\/area-testimonianza\/2026\/04\/30\/percorso-di-educazione-finanziaria-iscrizioni-entro-il-4-maggio\/","og_locale":"it_IT","og_type":"article","og_title":"Percorso di \"Educazione finanziaria, inclusione e solidariet\u00e0\". Iscrizioni entro il 4 maggio","og_description":"Un percorso di educazione finanziaria rivolto a operatori e volontari impegnati negli accompagnamenti economici. Iscrizioni aperte","og_url":"https:\/\/www.diocesitn.it\/area-testimonianza\/2026\/04\/30\/percorso-di-educazione-finanziaria-iscrizioni-entro-il-4-maggio\/","og_site_name":"Testimonianza e Impegno sociale","article_published_time":"2026-04-30T09:30:14+00:00","article_modified_time":"2026-04-30T10:09:44+00:00","og_image":[{"width":560,"height":315,"url":"https:\/\/www.diocesitn.it\/area-testimonianza\/wp-content\/uploads\/sites\/37\/2026\/04\/2026-formaz-finanz.png","type":"image\/png"}],"author":"smaule","twitter_card":"summary_large_image","twitter_misc":{"Scritto da":"smaule","Tempo di lettura stimato":"2 minuti"},"schema":{"@context":"https:\/\/schema.org","@graph":[{"@type":"Article","@id":"https:\/\/www.diocesitn.it\/area-testimonianza\/2026\/04\/30\/percorso-di-educazione-finanziaria-iscrizioni-entro-il-4-maggio\/#article","isPartOf":{"@id":"https:\/\/www.diocesitn.it\/area-testimonianza\/2026\/04\/30\/percorso-di-educazione-finanziaria-iscrizioni-entro-il-4-maggio\/"},"author":{"name":"smaule","@id":"https:\/\/www.diocesitn.it\/area-testimonianza\/#\/schema\/person\/bac489aafb7f98c1ca25f76c27174a95"},"headline":"Percorso di &#8220;Educazione finanziaria, inclusione e solidariet\u00e0&#8221;. Iscrizioni entro il 4 maggio","datePublished":"2026-04-30T09:30:14+00:00","dateModified":"2026-04-30T10:09:44+00:00","mainEntityOfPage":{"@id":"https:\/\/www.diocesitn.it\/area-testimonianza\/2026\/04\/30\/percorso-di-educazione-finanziaria-iscrizioni-entro-il-4-maggio\/"},"wordCount":285,"publisher":{"@id":"https:\/\/www.diocesitn.it\/area-testimonianza\/#organization"},"image":{"@id":"https:\/\/www.diocesitn.it\/area-testimonianza\/2026\/04\/30\/percorso-di-educazione-finanziaria-iscrizioni-entro-il-4-maggio\/#primaryimage"},"thumbnailUrl":"https:\/\/www.diocesitn.it\/area-testimonianza\/wp-content\/uploads\/sites\/37\/2026\/04\/2026-formaz-finanz.png","keywords":["FORMAZIONE"],"articleSection":["Caritas diocesana","Notizie"],"inLanguage":"it-IT","copyrightYear":"2026","copyrightHolder":{"@id":"https:\/\/www.diocesitn.it\/#organization"}},{"@type":"WebPage","@id":"https:\/\/www.diocesitn.it\/area-testimonianza\/2026\/04\/30\/percorso-di-educazione-finanziaria-iscrizioni-entro-il-4-maggio\/","url":"https:\/\/www.diocesitn.it\/area-testimonianza\/2026\/04\/30\/percorso-di-educazione-finanziaria-iscrizioni-entro-il-4-maggio\/","name":"Percorso di \"Educazione finanziaria, inclusione e solidariet\u00e0\". Iscrizioni entro il 4 maggio - Testimonianza e Impegno sociale","isPartOf":{"@id":"https:\/\/www.diocesitn.it\/area-testimonianza\/#website"},"primaryImageOfPage":{"@id":"https:\/\/www.diocesitn.it\/area-testimonianza\/2026\/04\/30\/percorso-di-educazione-finanziaria-iscrizioni-entro-il-4-maggio\/#primaryimage"},"image":{"@id":"https:\/\/www.diocesitn.it\/area-testimonianza\/2026\/04\/30\/percorso-di-educazione-finanziaria-iscrizioni-entro-il-4-maggio\/#primaryimage"},"thumbnailUrl":"https:\/\/www.diocesitn.it\/area-testimonianza\/wp-content\/uploads\/sites\/37\/2026\/04\/2026-formaz-finanz.png","datePublished":"2026-04-30T09:30:14+00:00","dateModified":"2026-04-30T10:09:44+00:00","breadcrumb":{"@id":"https:\/\/www.diocesitn.it\/area-testimonianza\/2026\/04\/30\/percorso-di-educazione-finanziaria-iscrizioni-entro-il-4-maggio\/#breadcrumb"},"inLanguage":"it-IT","potentialAction":[{"@type":"ReadAction","target":["https:\/\/www.diocesitn.it\/area-testimonianza\/2026\/04\/30\/percorso-di-educazione-finanziaria-iscrizioni-entro-il-4-maggio\/"]}]},{"@type":"ImageObject","inLanguage":"it-IT","@id":"https:\/\/www.diocesitn.it\/area-testimonianza\/2026\/04\/30\/percorso-di-educazione-finanziaria-iscrizioni-entro-il-4-maggio\/#primaryimage","url":"https:\/\/www.diocesitn.it\/area-testimonianza\/wp-content\/uploads\/sites\/37\/2026\/04\/2026-formaz-finanz.png","contentUrl":"https:\/\/www.diocesitn.it\/area-testimonianza\/wp-content\/uploads\/sites\/37\/2026\/04\/2026-formaz-finanz.png","width":560,"height":315},{"@type":"BreadcrumbList","@id":"https:\/\/www.diocesitn.it\/area-testimonianza\/2026\/04\/30\/percorso-di-educazione-finanziaria-iscrizioni-entro-il-4-maggio\/#breadcrumb","itemListElement":[{"@type":"ListItem","position":1,"name":"Home","item":"https:\/\/www.diocesitn.it\/area-testimonianza\/"},{"@type":"ListItem","position":2,"name":"Percorso di &#8220;Educazione finanziaria, inclusione e solidariet\u00e0&#8221;. Iscrizioni entro il 4 maggio"}]},{"@type":"WebSite","@id":"https:\/\/www.diocesitn.it\/area-testimonianza\/#website","url":"https:\/\/www.diocesitn.it\/area-testimonianza\/","name":"Testimonianza e Impegno sociale","description":"Chiesa di Trento","publisher":{"@id":"https:\/\/www.diocesitn.it\/area-testimonianza\/#organization"},"potentialAction":[{"@type":"SearchAction","target":{"@type":"EntryPoint","urlTemplate":"https:\/\/www.diocesitn.it\/area-testimonianza\/?s={search_term_string}"},"query-input":"required name=search_term_string"}],"inLanguage":"it-IT"},{"@type":["Organization","Place"],"@id":"https:\/\/www.diocesitn.it\/area-testimonianza\/#organization","name":"Area Testimonianza e Impegno Sociale - Chiesa di Trento","url":"https:\/\/www.diocesitn.it\/area-testimonianza\/","logo":{"@id":"https:\/\/www.diocesitn.it\/area-testimonianza\/2026\/04\/30\/percorso-di-educazione-finanziaria-iscrizioni-entro-il-4-maggio\/#local-main-organization-logo"},"image":{"@id":"https:\/\/www.diocesitn.it\/area-testimonianza\/2026\/04\/30\/percorso-di-educazione-finanziaria-iscrizioni-entro-il-4-maggio\/#local-main-organization-logo"},"openingHoursSpecification":[{"@type":"OpeningHoursSpecification","dayOfWeek":["Monday","Tuesday","Wednesday","Thursday","Friday","Saturday","Sunday"],"opens":"09:00","closes":"17:00"}]},{"@type":"ImageObject","inLanguage":"it-IT","@id":"https:\/\/www.diocesitn.it\/area-testimonianza\/2026\/04\/30\/percorso-di-educazione-finanziaria-iscrizioni-entro-il-4-maggio\/#local-main-organization-logo","url":"https:\/\/www.diocesitn.it\/area-testimonianza\/wp-content\/uploads\/sites\/37\/2021\/09\/og-logo-testimonianza-e-impegno-sociale.jpg","contentUrl":"https:\/\/www.diocesitn.it\/area-testimonianza\/wp-content\/uploads\/sites\/37\/2021\/09\/og-logo-testimonianza-e-impegno-sociale.jpg","width":1200,"height":630,"caption":"Area Testimonianza e Impegno Sociale - Chiesa di Trento"}]}},"_links":{"self":[{"href":"https:\/\/www.diocesitn.it\/area-testimonianza\/wp-json\/wp\/v2\/posts\/19771","targetHints":{"allow":["GET"]}}],"collection":[{"href":"https:\/\/www.diocesitn.it\/area-testimonianza\/wp-json\/wp\/v2\/posts"}],"about":[{"href":"https:\/\/www.diocesitn.it\/area-testimonianza\/wp-json\/wp\/v2\/types\/post"}],"author":[{"embeddable":true,"href":"https:\/\/www.diocesitn.it\/area-testimonianza\/wp-json\/wp\/v2\/users\/161"}],"replies":[{"embeddable":true,"href":"https:\/\/www.diocesitn.it\/area-testimonianza\/wp-json\/wp\/v2\/comments?post=19771"}],"version-history":[{"count":3,"href":"https:\/\/www.diocesitn.it\/area-testimonianza\/wp-json\/wp\/v2\/posts\/19771\/revisions"}],"predecessor-version":[{"id":19781,"href":"https:\/\/www.diocesitn.it\/area-testimonianza\/wp-json\/wp\/v2\/posts\/19771\/revisions\/19781"}],"wp:featuredmedia":[{"embeddable":true,"href":"https:\/\/www.diocesitn.it\/area-testimonianza\/wp-json\/wp\/v2\/media\/19778"}],"wp:attachment":[{"href":"https:\/\/www.diocesitn.it\/area-testimonianza\/wp-json\/wp\/v2\/media?parent=19771"}],"wp:term":[{"taxonomy":"category","embeddable":true,"href":"https:\/\/www.diocesitn.it\/area-testimonianza\/wp-json\/wp\/v2\/categories?post=19771"},{"taxonomy":"post_tag","embeddable":true,"href":"https:\/\/www.diocesitn.it\/area-testimonianza\/wp-json\/wp\/v2\/tags?post=19771"}],"curies":[{"name":"wp","href":"https:\/\/api.w.org\/{rel}","templated":true}]}}