{"id":19744,"date":"2026-04-21T16:41:22","date_gmt":"2026-04-21T14:41:22","guid":{"rendered":"https:\/\/www.diocesitn.it\/area-testimonianza\/2026\/04\/21\/caritas-a-sacrofano-il-convegno-nazionale-fra-emergenza-casa-cittadinanza-digitale-e-transizione-ecologica-presente-anche-una-delegazione-trentina-2\/"},"modified":"2026-04-22T14:29:23","modified_gmt":"2026-04-22T12:29:23","slug":"caritas-a-sacrofano-il-convegno-nazionale-fra-emergenza-casa-cittadinanza-digitale-e-transizione-ecologica-presente-anche-una-delegazione-trentina-2","status":"publish","type":"post","link":"https:\/\/www.diocesitn.it\/area-testimonianza\/2026\/04\/21\/caritas-a-sacrofano-il-convegno-nazionale-fra-emergenza-casa-cittadinanza-digitale-e-transizione-ecologica-presente-anche-una-delegazione-trentina-2\/","title":{"rendered":"Caritas, a Sacrofano il convegno nazionale fra emergenza casa, cittadinanza digitale e transizione ecologica. Presente anche una delegazione trentina"},"content":{"rendered":"<p>C\u2019era anche una delegazione della <strong>Fondazione Caritas diocesana <\/strong>di <strong>Trento <\/strong>al <strong>45\u00b0 Convegno nazionale di Caritas Italiana<\/strong>, che si \u00e8 svolto nei giorni scorsi a <strong>Sacrofano<\/strong>, alle porte di Roma, riunendo centinaia di operatori, volontari e giovani da tutta la penisola per riflettere sulle nuove sfide della carit\u00e0 nel contesto sociale contemporaneo.<!--more--><\/p>\n<p>Al centro del confronto, un messaggio chiaro: la Caritas \u00e8 chiamata oggi non solo a rispondere alle emergenze, ma a diventare sempre pi\u00f9 &#8220;coscienza critica della societ\u00e0, sentinella e avvocato dei poveri&#8221;, capace di intervenire sulle cause strutturali delle disuguaglianze.\u00a0A ribadirlo \u00e8 stato il <strong>direttore di Caritas Italiana, don Marco Pagniello<\/strong>, che &#8211; racconta l&#8217;agenzia SIR &#8211; ha invitato a superare una visione assistenzialistica della carit\u00e0 per promuovere un impegno pi\u00f9 incisivo sul piano culturale, sociale e politico.\u00a0&#8220;Non si tratta pi\u00f9 solo di medicare le ferite \u2013 ha sottolineato \u2013 ma di debellare le ragioni della povert\u00e0&#8221;.<\/p>\n<h4>Casa, nuova frontiera della povert\u00e0<\/h4>\n<p>Tra i temi centrali emersi durante i lavori del convegno, la questione abitativa \u00e8 stata definita &#8220;la nuova frontiera della povert\u00e0 e della dignit\u00e0 negata&#8221;.<\/p>\n<p>\u00c8 stata proposta la creazione di <strong>tavoli permanenti tra Caritas, Comuni, enti gestori e terzo settore<\/strong>, con l\u2019obiettivo di integrare politiche abitative e welfare territoriale. Accanto a questo, si \u00e8 sottolineata l\u2019importanza di percorsi di accompagnamento all\u2019abitare:\u00a0&#8220;Una casa assegnata senza relazioni e sostegno rischia di non diventare casa&#8221;.\u00a0Un orientamento che richiama da vicino l\u2019esperienza maturata anche nei territori, dove le Caritas diocesane \u2013 tra cui quella trentina \u2013 operano quotidianamente nel sostegno alle fragilit\u00e0 abitative.<\/p>\n<h4>Inclusione digitale come diritto di cittadinanza<\/h4>\n<p>Un altro fronte di impegno riguarda il digitale, definito durante il convegno un vero <strong>diritto di cittadinanza<\/strong>, ma anche uno spazio dove si generano nuove forme di esclusione.<\/p>\n<p>Tra le proposte: <span style=\"font-size: inherit\">un patto nazionale per l\u2019inclusione digitale di anziani, famiglie fragili, migranti e giovani; <\/span><span style=\"font-size: inherit\">la nascita di un\u2019alleanza educativa per promuovere un uso critico e relazionale delle tecnologie.<\/span><\/p>\n<h4>Transizione ecologica: nessuno resti indietro<\/h4>\n<p>Ampio spazio anche al tema della sostenibilit\u00e0. La transizione ecologica, \u00e8 stato ribadito, potr\u00e0 dirsi davvero giusta solo se inclusiva. Tra le azioni suggerite:\u00a0<span style=\"font-size: inherit\">formazione su povert\u00e0 ambientale e giustizia climatica; <\/span><span style=\"font-size: inherit\">promozione di comunit\u00e0 energetiche solidali; <\/span><span style=\"font-size: inherit\">dialogo con i Comuni su mobilit\u00e0 accessibile e risparmio energetico.\u00a0<\/span>Un approccio che rafforza il legame tra tutela dell\u2019ambiente e giustizia sociale, due dimensioni sempre pi\u00f9 interconnesse nell\u2019azione delle Caritas locali.<\/p>\n<h4>Dialogo con le istituzioni e ruolo pubblico della carit\u00e0<\/h4>\n<p>Durante il confronto \u00e8 emersa con forza la necessit\u00e0 di rafforzare il rapporto con le istituzioni, superando la logica della supplenza.\u00a0&#8220;La carit\u00e0 non si limita a consolare chi soffre \u2013 ha detto don Pagniello \u2013 ma opera perch\u00e9 cambino condizioni ingiuste, politiche insufficienti e mentalit\u00e0 che generano scarto&#8221;. Tra le proposte:\u00a0<span style=\"font-size: inherit\">alleanze stabili tra Caritas, enti pubblici e societ\u00e0 civile; <\/span><span style=\"font-size: inherit\">tavoli permanenti di ascolto del territorio; <\/span><span style=\"font-size: inherit\">maggiore presenza nei processi decisionali locali.<\/span><\/p>\n<h4>Pace, Europa e volontariato: la responsabilit\u00e0 dei cittadini<\/h4>\n<p>Nel corso del convegno si \u00e8 parlato anche di pace e responsabilit\u00e0 sociale. Le Caritas sono state invitate a promuovere una nuova forma di <strong>obiezione di coscienza contro l\u2019indifferenza<\/strong>, capace di rimettere al centro la dignit\u00e0 della persona.\u00a0Durante l\u2019incontro \u00e8 intervenuto anche Romano Prodi, che ha richiamato l\u2019importanza di un\u2019Europa pi\u00f9 unita e capace di parlare con una sola voce:\u00a0&#8220;La grande funzione del volontariato \u00e8 far avanzare la societ\u00e0 e rendere il problema coscienza comune&#8221;.<\/p>\n<h4>Un percorso condiviso anche dalla delegazione trentina<\/h4>\n<p>La partecipazione della delegazione della Fondazione Caritas diocesana trentina al convegno nazionale si inserisce nel percorso di confronto e formazione che accompagna l\u2019impegno quotidiano nei territori, rafforzando la rete tra le Caritas diocesane italiane, a cominciare da quella trentina. Quattro giorni di lavoro intenso che hanno offerto spunti concreti su casa, digitale, ambiente, diritti e partecipazione istituzionale, rilanciando una visione della carit\u00e0 sempre pi\u00f9 orientata alla promozione della giustizia sociale e alla costruzione di comunit\u00e0 inclusive.\u00a0Al termine dei lavori \u00e8 stato inoltre rivolto un saluto riconoscente all\u2019arcivescovo di Gorizia Carlo Roberto Maria Redaelli, che conclude quest\u2019anno il suo incarico di presidente di Caritas Italiana.<\/p>\n\n\n\t\t<style type='text\/css'>\n\n\t\t\t\/* PhotoSwipe Plugin *\/\n\t\t\t.psgal {\n\t\t\t\tmargin: auto;\n\t\t\t\tpadding-bottom:40px;\n\n\t\t\t\t-webkit-transition: all 0.4s ease;\n\t\t\t\t-moz-transition: all 0.4s ease;\n\t\t\t\t-o-transition: all 0.4s ease;\n\t\t\t\ttransition: all 0.4s ease;\n\t\t\t}\n\n\t\t\t.psgal figure {\n\t\t\t\tfloat: left;\n\t\t\t\ttext-align: center;\n    \t\t\twidth: 200px;\n                max-width: 50%;\n\t\t\t\tpadding:5px;\n\t\t\t\tmargin: 0px;\n\t\t\t\tbox-sizing:border-box;\n\t\t\t}\n\t\t\t.psgal a{\n\t\t\t\tdisplay:block;\n\t\t\t}\n\t\t\t.psgal figure figcaption{\n\t\t\t\tfont-size:13px;\n\t\t\t}\n\n\t\t\t.msnry{\n\t\t\t\tmargin:auto;\n\t\t\t}\n\t\t\t.pswp__caption__center{\n\t\t\t\ttext-align: center;\n\t\t\t}\n\t\t\t\n\n\t\t\t.photoswipe-gallery-caption{\n\t\t\t\tdisplay:none;\n\t\t\t}\n\n\t\t\t\n\t\t<\/style> <div style=\"clear:both\"><\/div>\n\n\t\t<div id=\"psgal_19744_1\" class=\"ps-gallery psgal gallery-columns-3 gallery-size-thumbnail\" itemscope itemtype=\"http:\/\/schema.org\/ImageGallery\" >\n\t\t\t\t<figure class=\"msnry_item\" itemscope itemtype=\"http:\/\/schema.org\/ImageObject\">\n\t\t\t\t\t<a href=\"https:\/\/www.diocesitn.it\/area-testimonianza\/wp-content\/uploads\/sites\/37\/2026\/04\/Caritas_convegno_apr26_5-scaled-e1776782336808.jpg\"\n\t\t\t\t\titemprop=\"contentUrl\"\n\t\t\t\t\tdata-pswp-width=\"800\" \n\t\t\t\t    data-pswp-height=\"532\" \n\t\t\t\t    data-cropped=\"true\"\n\t\t\t\t\tdata-caption=\"Sacrofano 45 Congresso nazionale delle Caritas italiane Annunciare il vangelo e promuovere l'umano nella foto Siciliani - Gennari\/SIR\"\n\t\t\t\t\tclass=\"post-thumbnail-image-link container-fixed-aspect-ratio__16-9\">\n\t\t\t\t        <img src=https:\/\/www.diocesitn.it\/area-testimonianza\/wp-content\/uploads\/sites\/37\/2026\/04\/Caritas_convegno_apr26_5-scaled-e1776782336808-300x200.jpg itemprop=\"thumbnail\" alt=\"Sacrofano 45 Congresso nazionale delle Caritas italiane Annunciare il vangelo e promuovere l'umano nella foto Siciliani - Gennari\/SIR\"  \/>\n\t\t\t\t    <\/a>\n\t\t\t\t    <figcaption class=\"photoswipe-gallery-caption\" >Sacrofano 45 Congresso nazionale delle Caritas italiane Annunciare il vangelo e promuovere l'umano nella foto Siciliani - Gennari\/SIR<\/figcaption>\n\t\t\t    <\/figure>\n\t\t\t\t\n\t\t\t\t<figure class=\"msnry_item\" itemscope itemtype=\"http:\/\/schema.org\/ImageObject\">\n\t\t\t\t\t<a href=\"https:\/\/www.diocesitn.it\/area-testimonianza\/wp-content\/uploads\/sites\/37\/2026\/04\/caritas_convegno_apr26_1-1024x768.jpg\"\n\t\t\t\t\titemprop=\"contentUrl\"\n\t\t\t\t\tdata-pswp-width=\"800\" \n\t\t\t\t    data-pswp-height=\"600\" \n\t\t\t\t    data-cropped=\"true\"\n\t\t\t\t\tdata-caption=\"\"\n\t\t\t\t\tclass=\"post-thumbnail-image-link container-fixed-aspect-ratio__16-9\">\n\t\t\t\t        <img src=https:\/\/www.diocesitn.it\/area-testimonianza\/wp-content\/uploads\/sites\/37\/2026\/04\/caritas_convegno_apr26_1-300x225.jpg itemprop=\"thumbnail\" alt=\"\"  \/>\n\t\t\t\t    <\/a>\n\t\t\t\t    <figcaption class=\"photoswipe-gallery-caption\" ><\/figcaption>\n\t\t\t    <\/figure>\n\t\t\t\t\n\t\t\t\t<figure class=\"msnry_item\" itemscope itemtype=\"http:\/\/schema.org\/ImageObject\">\n\t\t\t\t\t<a href=\"https:\/\/www.diocesitn.it\/area-testimonianza\/wp-content\/uploads\/sites\/37\/2026\/04\/caritas_convegno_apr26_2-1024x768.jpg\"\n\t\t\t\t\titemprop=\"contentUrl\"\n\t\t\t\t\tdata-pswp-width=\"800\" \n\t\t\t\t    data-pswp-height=\"600\" \n\t\t\t\t    data-cropped=\"true\"\n\t\t\t\t\tdata-caption=\"\"\n\t\t\t\t\tclass=\"post-thumbnail-image-link container-fixed-aspect-ratio__16-9\">\n\t\t\t\t        <img src=https:\/\/www.diocesitn.it\/area-testimonianza\/wp-content\/uploads\/sites\/37\/2026\/04\/caritas_convegno_apr26_2-300x225.jpg itemprop=\"thumbnail\" alt=\"\"  \/>\n\t\t\t\t    <\/a>\n\t\t\t\t    <figcaption class=\"photoswipe-gallery-caption\" ><\/figcaption>\n\t\t\t    <\/figure>\n\t\t\t\t\n\t\t\t\t<figure class=\"msnry_item\" itemscope itemtype=\"http:\/\/schema.org\/ImageObject\">\n\t\t\t\t\t<a href=\"https:\/\/www.diocesitn.it\/area-testimonianza\/wp-content\/uploads\/sites\/37\/2026\/04\/caritas_convegno_apr26_3-1024x768.jpg\"\n\t\t\t\t\titemprop=\"contentUrl\"\n\t\t\t\t\tdata-pswp-width=\"800\" \n\t\t\t\t    data-pswp-height=\"600\" \n\t\t\t\t    data-cropped=\"true\"\n\t\t\t\t\tdata-caption=\"\"\n\t\t\t\t\tclass=\"post-thumbnail-image-link container-fixed-aspect-ratio__16-9\">\n\t\t\t\t        <img src=https:\/\/www.diocesitn.it\/area-testimonianza\/wp-content\/uploads\/sites\/37\/2026\/04\/caritas_convegno_apr26_3-300x225.jpg itemprop=\"thumbnail\" alt=\"\"  \/>\n\t\t\t\t    <\/a>\n\t\t\t\t    <figcaption class=\"photoswipe-gallery-caption\" ><\/figcaption>\n\t\t\t    <\/figure>\n\t\t\t\t\n\t\t\t\t<figure class=\"msnry_item\" itemscope itemtype=\"http:\/\/schema.org\/ImageObject\">\n\t\t\t\t\t<a href=\"https:\/\/www.diocesitn.it\/area-testimonianza\/wp-content\/uploads\/sites\/37\/2026\/04\/caritas_convegno_apr26_4-1024x768.jpg\"\n\t\t\t\t\titemprop=\"contentUrl\"\n\t\t\t\t\tdata-pswp-width=\"800\" \n\t\t\t\t    data-pswp-height=\"600\" \n\t\t\t\t    data-cropped=\"true\"\n\t\t\t\t\tdata-caption=\"\"\n\t\t\t\t\tclass=\"post-thumbnail-image-link container-fixed-aspect-ratio__16-9\">\n\t\t\t\t        <img src=https:\/\/www.diocesitn.it\/area-testimonianza\/wp-content\/uploads\/sites\/37\/2026\/04\/caritas_convegno_apr26_4-300x225.jpg itemprop=\"thumbnail\" alt=\"\"  \/>\n\t\t\t\t    <\/a>\n\t\t\t\t    <figcaption class=\"photoswipe-gallery-caption\" ><\/figcaption>\n\t\t\t    <\/figure>\n\t\t\t\t<\/div>\n\t\t<div style='clear:both'><\/div>\n\t\n","protected":false},"excerpt":{"rendered":"<p>C\u2019era anche una delegazione della Fondazione Caritas diocesana di Trento al 45\u00b0 Convegno nazionale di Caritas Italiana, che si \u00e8 svolto nei giorni scorsi a Sacrofano, alle porte di Roma, riunendo centinaia di operatori, volontari<\/p>\n","protected":false},"author":3,"featured_media":19738,"comment_status":"closed","ping_status":"closed","sticky":true,"template":"","format":"standard","meta":{"footnotes":""},"categories":[1059,1074],"tags":[],"class_list":["post-19744","post","type-post","status-publish","format-standard","has-post-thumbnail","hentry","category-servizio-caritas","category-notizie"],"acf":{"seed-localization-paese-cod":"IT","seed-localization-address":"","seed-localization-citta":"Trento","seed-localization-regione-cod-istat":"04","seed-localization-citta-cod-istat":"022205","seed-localization-localita":"","seed-localization-cap":"","seed-localization-marker-visibility":false,"seed-localization-children-visibility":false,"seed-localization-kml":"","seed-localization-custom-marker":""},"yoast_head":"<!-- This site is optimized with the Yoast SEO Premium plugin v20.2.1 (Yoast SEO v22.2) - https:\/\/yoast.com\/wordpress\/plugins\/seo\/ -->\n<title>Caritas, a Sacrofano il convegno nazionale fra emergenza casa, cittadinanza digitale e transizione ecologica. Presente anche una delegazione trentina - Testimonianza e Impegno sociale<\/title>\n<meta name=\"robots\" content=\"index, follow, max-snippet:-1, max-image-preview:large, max-video-preview:-1\" \/>\n<link rel=\"canonical\" href=\"https:\/\/www.diocesitn.it\/area-testimonianza\/2026\/04\/21\/caritas-a-sacrofano-il-convegno-nazionale-fra-emergenza-casa-cittadinanza-digitale-e-transizione-ecologica-presente-anche-una-delegazione-trentina-2\/\" \/>\n<meta property=\"og:locale\" content=\"it_IT\" \/>\n<meta property=\"og:type\" content=\"article\" \/>\n<meta property=\"og:title\" content=\"Caritas, a Sacrofano il convegno nazionale fra emergenza casa, cittadinanza digitale e transizione ecologica. Presente anche una delegazione trentina\" \/>\n<meta property=\"og:description\" content=\"C\u2019era anche una delegazione della Fondazione Caritas diocesana di Trento al 45\u00b0 Convegno nazionale di Caritas Italiana, che si \u00e8 svolto nei giorni scorsi a Sacrofano, alle porte di Roma, riunendo centinaia di operatori, volontari\" \/>\n<meta property=\"og:url\" content=\"https:\/\/www.diocesitn.it\/area-testimonianza\/2026\/04\/21\/caritas-a-sacrofano-il-convegno-nazionale-fra-emergenza-casa-cittadinanza-digitale-e-transizione-ecologica-presente-anche-una-delegazione-trentina-2\/\" \/>\n<meta property=\"og:site_name\" content=\"Testimonianza e Impegno sociale\" \/>\n<meta property=\"article:published_time\" content=\"2026-04-21T14:41:22+00:00\" \/>\n<meta property=\"article:modified_time\" content=\"2026-04-22T12:29:23+00:00\" \/>\n<meta property=\"og:image\" content=\"https:\/\/www.diocesitn.it\/area-testimonianza\/wp-content\/uploads\/sites\/37\/2026\/04\/Caritas_convegno_apr26_5-scaled-e1776782336808.jpg\" \/>\n\t<meta property=\"og:image:width\" content=\"900\" \/>\n\t<meta property=\"og:image:height\" content=\"599\" \/>\n\t<meta property=\"og:image:type\" content=\"image\/jpeg\" \/>\n<meta name=\"author\" content=\"Piergiorgio Franceschini\" \/>\n<meta name=\"twitter:card\" content=\"summary_large_image\" \/>\n<meta name=\"twitter:label1\" content=\"Scritto da\" \/>\n\t<meta name=\"twitter:data1\" content=\"Piergiorgio Franceschini\" \/>\n\t<meta name=\"twitter:label2\" content=\"Tempo di lettura stimato\" \/>\n\t<meta name=\"twitter:data2\" content=\"4 minuti\" \/>\n<script type=\"application\/ld+json\" class=\"yoast-schema-graph\">{\"@context\":\"https:\/\/schema.org\",\"@graph\":[{\"@type\":\"Article\",\"@id\":\"https:\/\/www.diocesitn.it\/area-testimonianza\/2026\/04\/21\/caritas-a-sacrofano-il-convegno-nazionale-fra-emergenza-casa-cittadinanza-digitale-e-transizione-ecologica-presente-anche-una-delegazione-trentina-2\/#article\",\"isPartOf\":{\"@id\":\"https:\/\/www.diocesitn.it\/area-testimonianza\/2026\/04\/21\/caritas-a-sacrofano-il-convegno-nazionale-fra-emergenza-casa-cittadinanza-digitale-e-transizione-ecologica-presente-anche-una-delegazione-trentina-2\/\"},\"author\":{\"name\":\"Piergiorgio Franceschini\",\"@id\":\"https:\/\/www.diocesitn.it\/area-testimonianza\/#\/schema\/person\/99590c84577873a025247b6aeb16ad2e\"},\"headline\":\"Caritas, a Sacrofano il convegno nazionale fra emergenza casa, cittadinanza digitale e transizione ecologica. Presente anche una delegazione trentina\",\"datePublished\":\"2026-04-21T14:41:22+00:00\",\"dateModified\":\"2026-04-22T12:29:23+00:00\",\"mainEntityOfPage\":{\"@id\":\"https:\/\/www.diocesitn.it\/area-testimonianza\/2026\/04\/21\/caritas-a-sacrofano-il-convegno-nazionale-fra-emergenza-casa-cittadinanza-digitale-e-transizione-ecologica-presente-anche-una-delegazione-trentina-2\/\"},\"wordCount\":691,\"publisher\":{\"@id\":\"https:\/\/www.diocesitn.it\/area-testimonianza\/#organization\"},\"image\":{\"@id\":\"https:\/\/www.diocesitn.it\/area-testimonianza\/2026\/04\/21\/caritas-a-sacrofano-il-convegno-nazionale-fra-emergenza-casa-cittadinanza-digitale-e-transizione-ecologica-presente-anche-una-delegazione-trentina-2\/#primaryimage\"},\"thumbnailUrl\":\"https:\/\/www.diocesitn.it\/area-testimonianza\/wp-content\/uploads\/sites\/37\/2026\/04\/Caritas_convegno_apr26_5-scaled-e1776782336808.jpg\",\"articleSection\":[\"Caritas diocesana\",\"Notizie\"],\"inLanguage\":\"it-IT\",\"copyrightYear\":\"2026\",\"copyrightHolder\":{\"@id\":\"https:\/\/www.diocesitn.it\/#organization\"}},{\"@type\":\"WebPage\",\"@id\":\"https:\/\/www.diocesitn.it\/area-testimonianza\/2026\/04\/21\/caritas-a-sacrofano-il-convegno-nazionale-fra-emergenza-casa-cittadinanza-digitale-e-transizione-ecologica-presente-anche-una-delegazione-trentina-2\/\",\"url\":\"https:\/\/www.diocesitn.it\/area-testimonianza\/2026\/04\/21\/caritas-a-sacrofano-il-convegno-nazionale-fra-emergenza-casa-cittadinanza-digitale-e-transizione-ecologica-presente-anche-una-delegazione-trentina-2\/\",\"name\":\"Caritas, a Sacrofano il convegno nazionale fra emergenza casa, cittadinanza digitale e transizione ecologica. Presente anche una delegazione trentina - Testimonianza e Impegno sociale\",\"isPartOf\":{\"@id\":\"https:\/\/www.diocesitn.it\/area-testimonianza\/#website\"},\"primaryImageOfPage\":{\"@id\":\"https:\/\/www.diocesitn.it\/area-testimonianza\/2026\/04\/21\/caritas-a-sacrofano-il-convegno-nazionale-fra-emergenza-casa-cittadinanza-digitale-e-transizione-ecologica-presente-anche-una-delegazione-trentina-2\/#primaryimage\"},\"image\":{\"@id\":\"https:\/\/www.diocesitn.it\/area-testimonianza\/2026\/04\/21\/caritas-a-sacrofano-il-convegno-nazionale-fra-emergenza-casa-cittadinanza-digitale-e-transizione-ecologica-presente-anche-una-delegazione-trentina-2\/#primaryimage\"},\"thumbnailUrl\":\"https:\/\/www.diocesitn.it\/area-testimonianza\/wp-content\/uploads\/sites\/37\/2026\/04\/Caritas_convegno_apr26_5-scaled-e1776782336808.jpg\",\"datePublished\":\"2026-04-21T14:41:22+00:00\",\"dateModified\":\"2026-04-22T12:29:23+00:00\",\"breadcrumb\":{\"@id\":\"https:\/\/www.diocesitn.it\/area-testimonianza\/2026\/04\/21\/caritas-a-sacrofano-il-convegno-nazionale-fra-emergenza-casa-cittadinanza-digitale-e-transizione-ecologica-presente-anche-una-delegazione-trentina-2\/#breadcrumb\"},\"inLanguage\":\"it-IT\",\"potentialAction\":[{\"@type\":\"ReadAction\",\"target\":[\"https:\/\/www.diocesitn.it\/area-testimonianza\/2026\/04\/21\/caritas-a-sacrofano-il-convegno-nazionale-fra-emergenza-casa-cittadinanza-digitale-e-transizione-ecologica-presente-anche-una-delegazione-trentina-2\/\"]}]},{\"@type\":\"ImageObject\",\"inLanguage\":\"it-IT\",\"@id\":\"https:\/\/www.diocesitn.it\/area-testimonianza\/2026\/04\/21\/caritas-a-sacrofano-il-convegno-nazionale-fra-emergenza-casa-cittadinanza-digitale-e-transizione-ecologica-presente-anche-una-delegazione-trentina-2\/#primaryimage\",\"url\":\"https:\/\/www.diocesitn.it\/area-testimonianza\/wp-content\/uploads\/sites\/37\/2026\/04\/Caritas_convegno_apr26_5-scaled-e1776782336808.jpg\",\"contentUrl\":\"https:\/\/www.diocesitn.it\/area-testimonianza\/wp-content\/uploads\/sites\/37\/2026\/04\/Caritas_convegno_apr26_5-scaled-e1776782336808.jpg\",\"width\":900,\"height\":599,\"caption\":\"Sacrofano 45 Congresso nazionale delle Caritas italiane Annunciare il vangelo e promuovere l'umano nella foto Siciliani - Gennari\/SIR\"},{\"@type\":\"BreadcrumbList\",\"@id\":\"https:\/\/www.diocesitn.it\/area-testimonianza\/2026\/04\/21\/caritas-a-sacrofano-il-convegno-nazionale-fra-emergenza-casa-cittadinanza-digitale-e-transizione-ecologica-presente-anche-una-delegazione-trentina-2\/#breadcrumb\",\"itemListElement\":[{\"@type\":\"ListItem\",\"position\":1,\"name\":\"Home\",\"item\":\"https:\/\/www.diocesitn.it\/area-testimonianza\/\"},{\"@type\":\"ListItem\",\"position\":2,\"name\":\"Caritas, a Sacrofano il convegno nazionale fra emergenza casa, cittadinanza digitale e transizione ecologica. Presente anche una delegazione trentina\"}]},{\"@type\":\"WebSite\",\"@id\":\"https:\/\/www.diocesitn.it\/area-testimonianza\/#website\",\"url\":\"https:\/\/www.diocesitn.it\/area-testimonianza\/\",\"name\":\"Testimonianza e Impegno sociale\",\"description\":\"Chiesa di Trento\",\"publisher\":{\"@id\":\"https:\/\/www.diocesitn.it\/area-testimonianza\/#organization\"},\"potentialAction\":[{\"@type\":\"SearchAction\",\"target\":{\"@type\":\"EntryPoint\",\"urlTemplate\":\"https:\/\/www.diocesitn.it\/area-testimonianza\/?s={search_term_string}\"},\"query-input\":\"required name=search_term_string\"}],\"inLanguage\":\"it-IT\"},{\"@type\":[\"Organization\",\"Place\"],\"@id\":\"https:\/\/www.diocesitn.it\/area-testimonianza\/#organization\",\"name\":\"Area Testimonianza e Impegno Sociale - Chiesa di Trento\",\"url\":\"https:\/\/www.diocesitn.it\/area-testimonianza\/\",\"logo\":{\"@id\":\"https:\/\/www.diocesitn.it\/area-testimonianza\/2026\/04\/21\/caritas-a-sacrofano-il-convegno-nazionale-fra-emergenza-casa-cittadinanza-digitale-e-transizione-ecologica-presente-anche-una-delegazione-trentina-2\/#local-main-organization-logo\"},\"image\":{\"@id\":\"https:\/\/www.diocesitn.it\/area-testimonianza\/2026\/04\/21\/caritas-a-sacrofano-il-convegno-nazionale-fra-emergenza-casa-cittadinanza-digitale-e-transizione-ecologica-presente-anche-una-delegazione-trentina-2\/#local-main-organization-logo\"},\"openingHoursSpecification\":[{\"@type\":\"OpeningHoursSpecification\",\"dayOfWeek\":[\"Monday\",\"Tuesday\",\"Wednesday\",\"Thursday\",\"Friday\",\"Saturday\",\"Sunday\"],\"opens\":\"09:00\",\"closes\":\"17:00\"}]},{\"@type\":\"ImageObject\",\"inLanguage\":\"it-IT\",\"@id\":\"https:\/\/www.diocesitn.it\/area-testimonianza\/2026\/04\/21\/caritas-a-sacrofano-il-convegno-nazionale-fra-emergenza-casa-cittadinanza-digitale-e-transizione-ecologica-presente-anche-una-delegazione-trentina-2\/#local-main-organization-logo\",\"url\":\"https:\/\/www.diocesitn.it\/area-testimonianza\/wp-content\/uploads\/sites\/37\/2021\/09\/og-logo-testimonianza-e-impegno-sociale.jpg\",\"contentUrl\":\"https:\/\/www.diocesitn.it\/area-testimonianza\/wp-content\/uploads\/sites\/37\/2021\/09\/og-logo-testimonianza-e-impegno-sociale.jpg\",\"width\":1200,\"height\":630,\"caption\":\"Area Testimonianza e Impegno Sociale - Chiesa di Trento\"}]}<\/script>\n<!-- \/ Yoast SEO Premium plugin. -->","yoast_head_json":{"title":"Caritas, a Sacrofano il convegno nazionale fra emergenza casa, cittadinanza digitale e transizione ecologica. Presente anche una delegazione trentina - Testimonianza e Impegno sociale","robots":{"index":"index","follow":"follow","max-snippet":"max-snippet:-1","max-image-preview":"max-image-preview:large","max-video-preview":"max-video-preview:-1"},"canonical":"https:\/\/www.diocesitn.it\/area-testimonianza\/2026\/04\/21\/caritas-a-sacrofano-il-convegno-nazionale-fra-emergenza-casa-cittadinanza-digitale-e-transizione-ecologica-presente-anche-una-delegazione-trentina-2\/","og_locale":"it_IT","og_type":"article","og_title":"Caritas, a Sacrofano il convegno nazionale fra emergenza casa, cittadinanza digitale e transizione ecologica. Presente anche una delegazione trentina","og_description":"C\u2019era anche una delegazione della Fondazione Caritas diocesana di Trento al 45\u00b0 Convegno nazionale di Caritas Italiana, che si \u00e8 svolto nei giorni scorsi a Sacrofano, alle porte di Roma, riunendo centinaia di operatori, volontari","og_url":"https:\/\/www.diocesitn.it\/area-testimonianza\/2026\/04\/21\/caritas-a-sacrofano-il-convegno-nazionale-fra-emergenza-casa-cittadinanza-digitale-e-transizione-ecologica-presente-anche-una-delegazione-trentina-2\/","og_site_name":"Testimonianza e Impegno sociale","article_published_time":"2026-04-21T14:41:22+00:00","article_modified_time":"2026-04-22T12:29:23+00:00","og_image":[{"width":900,"height":599,"url":"https:\/\/www.diocesitn.it\/area-testimonianza\/wp-content\/uploads\/sites\/37\/2026\/04\/Caritas_convegno_apr26_5-scaled-e1776782336808.jpg","type":"image\/jpeg"}],"author":"Piergiorgio Franceschini","twitter_card":"summary_large_image","twitter_misc":{"Scritto da":"Piergiorgio Franceschini","Tempo di lettura stimato":"4 minuti"},"schema":{"@context":"https:\/\/schema.org","@graph":[{"@type":"Article","@id":"https:\/\/www.diocesitn.it\/area-testimonianza\/2026\/04\/21\/caritas-a-sacrofano-il-convegno-nazionale-fra-emergenza-casa-cittadinanza-digitale-e-transizione-ecologica-presente-anche-una-delegazione-trentina-2\/#article","isPartOf":{"@id":"https:\/\/www.diocesitn.it\/area-testimonianza\/2026\/04\/21\/caritas-a-sacrofano-il-convegno-nazionale-fra-emergenza-casa-cittadinanza-digitale-e-transizione-ecologica-presente-anche-una-delegazione-trentina-2\/"},"author":{"name":"Piergiorgio Franceschini","@id":"https:\/\/www.diocesitn.it\/area-testimonianza\/#\/schema\/person\/99590c84577873a025247b6aeb16ad2e"},"headline":"Caritas, a Sacrofano il convegno nazionale fra emergenza casa, cittadinanza digitale e transizione ecologica. Presente anche una delegazione trentina","datePublished":"2026-04-21T14:41:22+00:00","dateModified":"2026-04-22T12:29:23+00:00","mainEntityOfPage":{"@id":"https:\/\/www.diocesitn.it\/area-testimonianza\/2026\/04\/21\/caritas-a-sacrofano-il-convegno-nazionale-fra-emergenza-casa-cittadinanza-digitale-e-transizione-ecologica-presente-anche-una-delegazione-trentina-2\/"},"wordCount":691,"publisher":{"@id":"https:\/\/www.diocesitn.it\/area-testimonianza\/#organization"},"image":{"@id":"https:\/\/www.diocesitn.it\/area-testimonianza\/2026\/04\/21\/caritas-a-sacrofano-il-convegno-nazionale-fra-emergenza-casa-cittadinanza-digitale-e-transizione-ecologica-presente-anche-una-delegazione-trentina-2\/#primaryimage"},"thumbnailUrl":"https:\/\/www.diocesitn.it\/area-testimonianza\/wp-content\/uploads\/sites\/37\/2026\/04\/Caritas_convegno_apr26_5-scaled-e1776782336808.jpg","articleSection":["Caritas diocesana","Notizie"],"inLanguage":"it-IT","copyrightYear":"2026","copyrightHolder":{"@id":"https:\/\/www.diocesitn.it\/#organization"}},{"@type":"WebPage","@id":"https:\/\/www.diocesitn.it\/area-testimonianza\/2026\/04\/21\/caritas-a-sacrofano-il-convegno-nazionale-fra-emergenza-casa-cittadinanza-digitale-e-transizione-ecologica-presente-anche-una-delegazione-trentina-2\/","url":"https:\/\/www.diocesitn.it\/area-testimonianza\/2026\/04\/21\/caritas-a-sacrofano-il-convegno-nazionale-fra-emergenza-casa-cittadinanza-digitale-e-transizione-ecologica-presente-anche-una-delegazione-trentina-2\/","name":"Caritas, a Sacrofano il convegno nazionale fra emergenza casa, cittadinanza digitale e transizione ecologica. Presente anche una delegazione trentina - Testimonianza e Impegno sociale","isPartOf":{"@id":"https:\/\/www.diocesitn.it\/area-testimonianza\/#website"},"primaryImageOfPage":{"@id":"https:\/\/www.diocesitn.it\/area-testimonianza\/2026\/04\/21\/caritas-a-sacrofano-il-convegno-nazionale-fra-emergenza-casa-cittadinanza-digitale-e-transizione-ecologica-presente-anche-una-delegazione-trentina-2\/#primaryimage"},"image":{"@id":"https:\/\/www.diocesitn.it\/area-testimonianza\/2026\/04\/21\/caritas-a-sacrofano-il-convegno-nazionale-fra-emergenza-casa-cittadinanza-digitale-e-transizione-ecologica-presente-anche-una-delegazione-trentina-2\/#primaryimage"},"thumbnailUrl":"https:\/\/www.diocesitn.it\/area-testimonianza\/wp-content\/uploads\/sites\/37\/2026\/04\/Caritas_convegno_apr26_5-scaled-e1776782336808.jpg","datePublished":"2026-04-21T14:41:22+00:00","dateModified":"2026-04-22T12:29:23+00:00","breadcrumb":{"@id":"https:\/\/www.diocesitn.it\/area-testimonianza\/2026\/04\/21\/caritas-a-sacrofano-il-convegno-nazionale-fra-emergenza-casa-cittadinanza-digitale-e-transizione-ecologica-presente-anche-una-delegazione-trentina-2\/#breadcrumb"},"inLanguage":"it-IT","potentialAction":[{"@type":"ReadAction","target":["https:\/\/www.diocesitn.it\/area-testimonianza\/2026\/04\/21\/caritas-a-sacrofano-il-convegno-nazionale-fra-emergenza-casa-cittadinanza-digitale-e-transizione-ecologica-presente-anche-una-delegazione-trentina-2\/"]}]},{"@type":"ImageObject","inLanguage":"it-IT","@id":"https:\/\/www.diocesitn.it\/area-testimonianza\/2026\/04\/21\/caritas-a-sacrofano-il-convegno-nazionale-fra-emergenza-casa-cittadinanza-digitale-e-transizione-ecologica-presente-anche-una-delegazione-trentina-2\/#primaryimage","url":"https:\/\/www.diocesitn.it\/area-testimonianza\/wp-content\/uploads\/sites\/37\/2026\/04\/Caritas_convegno_apr26_5-scaled-e1776782336808.jpg","contentUrl":"https:\/\/www.diocesitn.it\/area-testimonianza\/wp-content\/uploads\/sites\/37\/2026\/04\/Caritas_convegno_apr26_5-scaled-e1776782336808.jpg","width":900,"height":599,"caption":"Sacrofano 45 Congresso nazionale delle Caritas italiane Annunciare il vangelo e promuovere l'umano nella foto Siciliani - Gennari\/SIR"},{"@type":"BreadcrumbList","@id":"https:\/\/www.diocesitn.it\/area-testimonianza\/2026\/04\/21\/caritas-a-sacrofano-il-convegno-nazionale-fra-emergenza-casa-cittadinanza-digitale-e-transizione-ecologica-presente-anche-una-delegazione-trentina-2\/#breadcrumb","itemListElement":[{"@type":"ListItem","position":1,"name":"Home","item":"https:\/\/www.diocesitn.it\/area-testimonianza\/"},{"@type":"ListItem","position":2,"name":"Caritas, a Sacrofano il convegno nazionale fra emergenza casa, cittadinanza digitale e transizione ecologica. Presente anche una delegazione trentina"}]},{"@type":"WebSite","@id":"https:\/\/www.diocesitn.it\/area-testimonianza\/#website","url":"https:\/\/www.diocesitn.it\/area-testimonianza\/","name":"Testimonianza e Impegno sociale","description":"Chiesa di Trento","publisher":{"@id":"https:\/\/www.diocesitn.it\/area-testimonianza\/#organization"},"potentialAction":[{"@type":"SearchAction","target":{"@type":"EntryPoint","urlTemplate":"https:\/\/www.diocesitn.it\/area-testimonianza\/?s={search_term_string}"},"query-input":"required name=search_term_string"}],"inLanguage":"it-IT"},{"@type":["Organization","Place"],"@id":"https:\/\/www.diocesitn.it\/area-testimonianza\/#organization","name":"Area Testimonianza e Impegno Sociale - Chiesa di Trento","url":"https:\/\/www.diocesitn.it\/area-testimonianza\/","logo":{"@id":"https:\/\/www.diocesitn.it\/area-testimonianza\/2026\/04\/21\/caritas-a-sacrofano-il-convegno-nazionale-fra-emergenza-casa-cittadinanza-digitale-e-transizione-ecologica-presente-anche-una-delegazione-trentina-2\/#local-main-organization-logo"},"image":{"@id":"https:\/\/www.diocesitn.it\/area-testimonianza\/2026\/04\/21\/caritas-a-sacrofano-il-convegno-nazionale-fra-emergenza-casa-cittadinanza-digitale-e-transizione-ecologica-presente-anche-una-delegazione-trentina-2\/#local-main-organization-logo"},"openingHoursSpecification":[{"@type":"OpeningHoursSpecification","dayOfWeek":["Monday","Tuesday","Wednesday","Thursday","Friday","Saturday","Sunday"],"opens":"09:00","closes":"17:00"}]},{"@type":"ImageObject","inLanguage":"it-IT","@id":"https:\/\/www.diocesitn.it\/area-testimonianza\/2026\/04\/21\/caritas-a-sacrofano-il-convegno-nazionale-fra-emergenza-casa-cittadinanza-digitale-e-transizione-ecologica-presente-anche-una-delegazione-trentina-2\/#local-main-organization-logo","url":"https:\/\/www.diocesitn.it\/area-testimonianza\/wp-content\/uploads\/sites\/37\/2021\/09\/og-logo-testimonianza-e-impegno-sociale.jpg","contentUrl":"https:\/\/www.diocesitn.it\/area-testimonianza\/wp-content\/uploads\/sites\/37\/2021\/09\/og-logo-testimonianza-e-impegno-sociale.jpg","width":1200,"height":630,"caption":"Area Testimonianza e Impegno Sociale - Chiesa di Trento"}]}},"_links":{"self":[{"href":"https:\/\/www.diocesitn.it\/area-testimonianza\/wp-json\/wp\/v2\/posts\/19744","targetHints":{"allow":["GET"]}}],"collection":[{"href":"https:\/\/www.diocesitn.it\/area-testimonianza\/wp-json\/wp\/v2\/posts"}],"about":[{"href":"https:\/\/www.diocesitn.it\/area-testimonianza\/wp-json\/wp\/v2\/types\/post"}],"author":[{"embeddable":true,"href":"https:\/\/www.diocesitn.it\/area-testimonianza\/wp-json\/wp\/v2\/users\/3"}],"replies":[{"embeddable":true,"href":"https:\/\/www.diocesitn.it\/area-testimonianza\/wp-json\/wp\/v2\/comments?post=19744"}],"version-history":[{"count":2,"href":"https:\/\/www.diocesitn.it\/area-testimonianza\/wp-json\/wp\/v2\/posts\/19744\/revisions"}],"predecessor-version":[{"id":19746,"href":"https:\/\/www.diocesitn.it\/area-testimonianza\/wp-json\/wp\/v2\/posts\/19744\/revisions\/19746"}],"wp:featuredmedia":[{"embeddable":true,"href":"https:\/\/www.diocesitn.it\/area-testimonianza\/wp-json\/wp\/v2\/media\/19738"}],"wp:attachment":[{"href":"https:\/\/www.diocesitn.it\/area-testimonianza\/wp-json\/wp\/v2\/media?parent=19744"}],"wp:term":[{"taxonomy":"category","embeddable":true,"href":"https:\/\/www.diocesitn.it\/area-testimonianza\/wp-json\/wp\/v2\/categories?post=19744"},{"taxonomy":"post_tag","embeddable":true,"href":"https:\/\/www.diocesitn.it\/area-testimonianza\/wp-json\/wp\/v2\/tags?post=19744"}],"curies":[{"name":"wp","href":"https:\/\/api.w.org\/{rel}","templated":true}]}}