{"id":19731,"date":"2026-04-21T14:53:40","date_gmt":"2026-04-21T12:53:40","guid":{"rendered":"https:\/\/www.diocesitn.it\/area-testimonianza\/2026\/04\/21\/emergenza-abitativa-a-trento-un-incontro-promosso-dalle-associazioni-ecclesiali\/"},"modified":"2026-04-30T11:31:11","modified_gmt":"2026-04-30T09:31:11","slug":"emergenza-abitativa-a-trento-un-incontro-promosso-dalle-associazioni-ecclesiali","status":"publish","type":"post","link":"https:\/\/www.diocesitn.it\/area-testimonianza\/2026\/04\/21\/emergenza-abitativa-a-trento-un-incontro-promosso-dalle-associazioni-ecclesiali\/","title":{"rendered":"Emergenza abitativa, a Trento un incontro promosso dalle associazioni ecclesiali"},"content":{"rendered":"<p>La <strong>Chiesa trentina<\/strong> si interroga, partendo dal &#8220;basso&#8221;, sull&#8217;<strong>emergenza abitativa<\/strong>, a cominciare dal capoluogo.<\/p>\n<p>Gioved\u00ec 23 aprile a Trento alle <strong>ore 18:00<\/strong> nella <strong>Sala Circoscrizionale di via Giusti 35<\/strong>, le <strong>realt\u00e0 ecclesiali<\/strong> che gravitano attorno al centro cittadino \u2013 <a href=\"https:\/\/www.aclitrentine.it\/\">ACLI<\/a>, <a href=\"https:\/\/www.azionecattolicatrento.it\/\">Azione Cattolica<\/a>, Movimento dei Focolari, AGESCI, Scuola di Preparazione Sociale, Centro culturale il Mosaico, Centro culturale Trentuno, con il sostegno dell&#8217;<a href=\"https:\/\/www.diocesitn.it\/area-testimonianza\/\">Area Testimonianza della Diocesi di Trento<\/a> \u2013 promuovono un momento pubblico di confronto per interrogarsi insieme su come le politiche abitative influenzano la qualit\u00e0 della vita delle persone e la coesione delle comunit\u00e0.<\/p>\n<h4>Interventi istituzionali e confronto<\/h4>\n<p>Ad accompagnare la riflessione saranno: <strong style=\"font-size: inherit\">Katia Beatrici<\/strong><span style=\"font-size: inherit\">, dirigente del Servizio politiche abitative del Comune di Trento; <\/span><strong style=\"font-size: inherit\">Paolo Bellini<\/strong><span style=\"font-size: inherit\">, direttore della Fondazione Trentino Abitare; <\/span><strong style=\"font-size: inherit\">Mauro Gilmozzi<\/strong><span style=\"font-size: inherit\">, presidente della Fondazione FiemmePER.\u00a0<\/span>La serata sar\u00e0 moderata da <strong>Walter Nicoletti<\/strong>, presidente delle Acli Trentine.<\/p>\n<p>L\u2019obiettivo non \u00e8 soltanto analizzare la situazione attuale, ma comprendere quali percorsi concreti possono essere rafforzati e diffusi per garantire il diritto alla casa come elemento fondamentale della vita comunitaria.<\/p>\n<h4>La casa: un diritto che riguarda tutti<\/h4>\n<p>Avere un tetto sopra la testa non \u00e8 solo una questione economica. \u00c8 una scelta di vita, un progetto possibile o impossibile per giovani, famiglie, lavoratori e anziani. \u00c8 anche un <strong>indicatore della salute sociale<\/strong> di una citt\u00e0.\u00a0Il modo in cui vengono pensate e attuate le politiche della casa incide direttamente sulla capacit\u00e0 dei territori di diventare luoghi di convivenza, aggregazione e speranza. Per questo motivo le realt\u00e0 promotrici propongono una rilettura del tema dell\u2019abitare con uno sguardo positivo e generativo, capace di valorizzare ci\u00f2 che gi\u00e0 esiste sul territorio.<\/p>\n<h4>Esperienze concrete e nuove risposte al bisogno abitativo<\/h4>\n<p>Durante l\u2019incontro saranno presentate alcune esperienze gi\u00e0 attive a Trento che stanno sperimentando modalit\u00e0 nuove di convivenza e sostegno abitativo: i<span style=\"font-size: inherit\">l progetto <\/span><strong style=\"font-size: inherit\">vivoCON<\/strong><span style=\"font-size: inherit\"> promosso dall\u2019Associazione AMA e <\/span><span style=\"font-size: inherit\">la <\/span><strong style=\"font-size: inherit\">Comunit\u00e0 abitativa di lavoratori<\/strong><span style=\"font-size: inherit\"> coordinata dalla Diocesi di Trento<\/span><\/p>\n<p>Esperienze che mostrano come la collaborazione tra istituzioni, realt\u00e0 sociali e comunit\u00e0 possa produrre risposte innovative a un bisogno sempre pi\u00f9 diffuso.<\/p>\n<p>Sar\u00e0 possibile partecipare anche online tramite il canale YouTube delle ACLI trentine.<\/p>\n<p>Un\u2019occasione aperta a tutta la cittadinanza per capire meglio il presente dell\u2019abitare a Trento e contribuire a costruire insieme risposte possibili per il futuro della comunit\u00e0.<\/p>\n<p><a href=\"https:\/\/www.diocesitn.it\/wp-content\/uploads\/2026\/04\/23aprile2026_incontro-CASA.pdf\"><img loading=\"lazy\" decoding=\"async\" class=\"alignnone wp-image-53518 size-medium\" src=\"https:\/\/www.diocesitn.it\/wp-content\/uploads\/2026\/04\/incontro-casa-23-aprile-240x300.jpg\" alt=\"\" width=\"240\" height=\"300\" \/><\/a><\/p>\n<p>&nbsp;<\/p>\n","protected":false},"excerpt":{"rendered":"<p>La Chiesa trentina si interroga, partendo dal &#8220;basso&#8221;, sull&#8217;emergenza abitativa, a cominciare dal capoluogo. Gioved\u00ec 23 aprile a Trento alle ore 18:00 nella Sala Circoscrizionale di via Giusti 35, le realt\u00e0 ecclesiali che gravitano attorno<\/p>\n","protected":false},"author":3,"featured_media":19732,"comment_status":"closed","ping_status":"closed","sticky":false,"template":"","format":"standard","meta":{"footnotes":""},"categories":[1059,1074],"tags":[],"class_list":["post-19731","post","type-post","status-publish","format-standard","has-post-thumbnail","hentry","category-servizio-caritas","category-notizie"],"acf":{"seed-localization-paese-cod":"IT","seed-localization-address":"","seed-localization-citta":"Trento","seed-localization-regione-cod-istat":"04","seed-localization-citta-cod-istat":"022205","seed-localization-localita":"","seed-localization-cap":"","seed-localization-marker-visibility":false,"seed-localization-children-visibility":false,"seed-localization-kml":"","seed-localization-custom-marker":""},"yoast_head":"<!-- This site is optimized with the Yoast SEO Premium plugin v20.2.1 (Yoast SEO v22.2) - https:\/\/yoast.com\/wordpress\/plugins\/seo\/ -->\n<title>Emergenza abitativa, a Trento un incontro promosso dalle associazioni ecclesiali - Testimonianza e Impegno sociale<\/title>\n<meta name=\"robots\" content=\"index, follow, max-snippet:-1, max-image-preview:large, max-video-preview:-1\" \/>\n<link rel=\"canonical\" href=\"https:\/\/www.diocesitn.it\/area-testimonianza\/2026\/04\/21\/emergenza-abitativa-a-trento-un-incontro-promosso-dalle-associazioni-ecclesiali\/\" \/>\n<meta property=\"og:locale\" content=\"it_IT\" \/>\n<meta property=\"og:type\" content=\"article\" \/>\n<meta property=\"og:title\" content=\"Emergenza abitativa, a Trento un incontro promosso dalle associazioni ecclesiali\" \/>\n<meta property=\"og:description\" content=\"La Chiesa trentina si interroga, partendo dal &#8220;basso&#8221;, sull&#8217;emergenza abitativa, a cominciare dal capoluogo. Gioved\u00ec 23 aprile a Trento alle ore 18:00 nella Sala Circoscrizionale di via Giusti 35, le realt\u00e0 ecclesiali che gravitano attorno\" \/>\n<meta property=\"og:url\" content=\"https:\/\/www.diocesitn.it\/area-testimonianza\/2026\/04\/21\/emergenza-abitativa-a-trento-un-incontro-promosso-dalle-associazioni-ecclesiali\/\" \/>\n<meta property=\"og:site_name\" content=\"Testimonianza e Impegno sociale\" \/>\n<meta property=\"article:published_time\" content=\"2026-04-21T12:53:40+00:00\" \/>\n<meta property=\"article:modified_time\" content=\"2026-04-30T09:31:11+00:00\" \/>\n<meta property=\"og:image\" content=\"https:\/\/www.diocesitn.it\/area-testimonianza\/wp-content\/uploads\/sites\/37\/2026\/04\/emergenza-abitativa-e1776775709645.png\" \/>\n\t<meta property=\"og:image:width\" content=\"900\" \/>\n\t<meta property=\"og:image:height\" content=\"600\" \/>\n\t<meta property=\"og:image:type\" content=\"image\/png\" \/>\n<meta name=\"author\" content=\"Piergiorgio Franceschini\" \/>\n<meta name=\"twitter:card\" content=\"summary_large_image\" \/>\n<meta name=\"twitter:label1\" content=\"Scritto da\" \/>\n\t<meta name=\"twitter:data1\" content=\"Piergiorgio Franceschini\" \/>\n\t<meta name=\"twitter:label2\" content=\"Tempo di lettura stimato\" \/>\n\t<meta name=\"twitter:data2\" content=\"3 minuti\" \/>\n<script type=\"application\/ld+json\" class=\"yoast-schema-graph\">{\"@context\":\"https:\/\/schema.org\",\"@graph\":[{\"@type\":\"Article\",\"@id\":\"https:\/\/www.diocesitn.it\/area-testimonianza\/2026\/04\/21\/emergenza-abitativa-a-trento-un-incontro-promosso-dalle-associazioni-ecclesiali\/#article\",\"isPartOf\":{\"@id\":\"https:\/\/www.diocesitn.it\/area-testimonianza\/2026\/04\/21\/emergenza-abitativa-a-trento-un-incontro-promosso-dalle-associazioni-ecclesiali\/\"},\"author\":{\"name\":\"Piergiorgio Franceschini\",\"@id\":\"https:\/\/www.diocesitn.it\/area-testimonianza\/#\/schema\/person\/99590c84577873a025247b6aeb16ad2e\"},\"headline\":\"Emergenza abitativa, a Trento un incontro promosso dalle associazioni ecclesiali\",\"datePublished\":\"2026-04-21T12:53:40+00:00\",\"dateModified\":\"2026-04-30T09:31:11+00:00\",\"mainEntityOfPage\":{\"@id\":\"https:\/\/www.diocesitn.it\/area-testimonianza\/2026\/04\/21\/emergenza-abitativa-a-trento-un-incontro-promosso-dalle-associazioni-ecclesiali\/\"},\"wordCount\":378,\"publisher\":{\"@id\":\"https:\/\/www.diocesitn.it\/area-testimonianza\/#organization\"},\"image\":{\"@id\":\"https:\/\/www.diocesitn.it\/area-testimonianza\/2026\/04\/21\/emergenza-abitativa-a-trento-un-incontro-promosso-dalle-associazioni-ecclesiali\/#primaryimage\"},\"thumbnailUrl\":\"https:\/\/www.diocesitn.it\/area-testimonianza\/wp-content\/uploads\/sites\/37\/2026\/04\/emergenza-abitativa-e1776775709645.png\",\"articleSection\":[\"Caritas diocesana\",\"Notizie\"],\"inLanguage\":\"it-IT\",\"copyrightYear\":\"2026\",\"copyrightHolder\":{\"@id\":\"https:\/\/www.diocesitn.it\/#organization\"}},{\"@type\":\"WebPage\",\"@id\":\"https:\/\/www.diocesitn.it\/area-testimonianza\/2026\/04\/21\/emergenza-abitativa-a-trento-un-incontro-promosso-dalle-associazioni-ecclesiali\/\",\"url\":\"https:\/\/www.diocesitn.it\/area-testimonianza\/2026\/04\/21\/emergenza-abitativa-a-trento-un-incontro-promosso-dalle-associazioni-ecclesiali\/\",\"name\":\"Emergenza abitativa, a Trento un incontro promosso dalle associazioni ecclesiali - Testimonianza e Impegno sociale\",\"isPartOf\":{\"@id\":\"https:\/\/www.diocesitn.it\/area-testimonianza\/#website\"},\"primaryImageOfPage\":{\"@id\":\"https:\/\/www.diocesitn.it\/area-testimonianza\/2026\/04\/21\/emergenza-abitativa-a-trento-un-incontro-promosso-dalle-associazioni-ecclesiali\/#primaryimage\"},\"image\":{\"@id\":\"https:\/\/www.diocesitn.it\/area-testimonianza\/2026\/04\/21\/emergenza-abitativa-a-trento-un-incontro-promosso-dalle-associazioni-ecclesiali\/#primaryimage\"},\"thumbnailUrl\":\"https:\/\/www.diocesitn.it\/area-testimonianza\/wp-content\/uploads\/sites\/37\/2026\/04\/emergenza-abitativa-e1776775709645.png\",\"datePublished\":\"2026-04-21T12:53:40+00:00\",\"dateModified\":\"2026-04-30T09:31:11+00:00\",\"breadcrumb\":{\"@id\":\"https:\/\/www.diocesitn.it\/area-testimonianza\/2026\/04\/21\/emergenza-abitativa-a-trento-un-incontro-promosso-dalle-associazioni-ecclesiali\/#breadcrumb\"},\"inLanguage\":\"it-IT\",\"potentialAction\":[{\"@type\":\"ReadAction\",\"target\":[\"https:\/\/www.diocesitn.it\/area-testimonianza\/2026\/04\/21\/emergenza-abitativa-a-trento-un-incontro-promosso-dalle-associazioni-ecclesiali\/\"]}]},{\"@type\":\"ImageObject\",\"inLanguage\":\"it-IT\",\"@id\":\"https:\/\/www.diocesitn.it\/area-testimonianza\/2026\/04\/21\/emergenza-abitativa-a-trento-un-incontro-promosso-dalle-associazioni-ecclesiali\/#primaryimage\",\"url\":\"https:\/\/www.diocesitn.it\/area-testimonianza\/wp-content\/uploads\/sites\/37\/2026\/04\/emergenza-abitativa-e1776775709645.png\",\"contentUrl\":\"https:\/\/www.diocesitn.it\/area-testimonianza\/wp-content\/uploads\/sites\/37\/2026\/04\/emergenza-abitativa-e1776775709645.png\",\"width\":900,\"height\":600},{\"@type\":\"BreadcrumbList\",\"@id\":\"https:\/\/www.diocesitn.it\/area-testimonianza\/2026\/04\/21\/emergenza-abitativa-a-trento-un-incontro-promosso-dalle-associazioni-ecclesiali\/#breadcrumb\",\"itemListElement\":[{\"@type\":\"ListItem\",\"position\":1,\"name\":\"Home\",\"item\":\"https:\/\/www.diocesitn.it\/area-testimonianza\/\"},{\"@type\":\"ListItem\",\"position\":2,\"name\":\"Emergenza abitativa, a Trento un incontro promosso dalle associazioni ecclesiali\"}]},{\"@type\":\"WebSite\",\"@id\":\"https:\/\/www.diocesitn.it\/area-testimonianza\/#website\",\"url\":\"https:\/\/www.diocesitn.it\/area-testimonianza\/\",\"name\":\"Testimonianza e Impegno sociale\",\"description\":\"Chiesa di Trento\",\"publisher\":{\"@id\":\"https:\/\/www.diocesitn.it\/area-testimonianza\/#organization\"},\"potentialAction\":[{\"@type\":\"SearchAction\",\"target\":{\"@type\":\"EntryPoint\",\"urlTemplate\":\"https:\/\/www.diocesitn.it\/area-testimonianza\/?s={search_term_string}\"},\"query-input\":\"required name=search_term_string\"}],\"inLanguage\":\"it-IT\"},{\"@type\":[\"Organization\",\"Place\"],\"@id\":\"https:\/\/www.diocesitn.it\/area-testimonianza\/#organization\",\"name\":\"Area Testimonianza e Impegno Sociale - Chiesa di Trento\",\"url\":\"https:\/\/www.diocesitn.it\/area-testimonianza\/\",\"logo\":{\"@id\":\"https:\/\/www.diocesitn.it\/area-testimonianza\/2026\/04\/21\/emergenza-abitativa-a-trento-un-incontro-promosso-dalle-associazioni-ecclesiali\/#local-main-organization-logo\"},\"image\":{\"@id\":\"https:\/\/www.diocesitn.it\/area-testimonianza\/2026\/04\/21\/emergenza-abitativa-a-trento-un-incontro-promosso-dalle-associazioni-ecclesiali\/#local-main-organization-logo\"},\"openingHoursSpecification\":[{\"@type\":\"OpeningHoursSpecification\",\"dayOfWeek\":[\"Monday\",\"Tuesday\",\"Wednesday\",\"Thursday\",\"Friday\",\"Saturday\",\"Sunday\"],\"opens\":\"09:00\",\"closes\":\"17:00\"}]},{\"@type\":\"ImageObject\",\"inLanguage\":\"it-IT\",\"@id\":\"https:\/\/www.diocesitn.it\/area-testimonianza\/2026\/04\/21\/emergenza-abitativa-a-trento-un-incontro-promosso-dalle-associazioni-ecclesiali\/#local-main-organization-logo\",\"url\":\"https:\/\/www.diocesitn.it\/area-testimonianza\/wp-content\/uploads\/sites\/37\/2021\/09\/og-logo-testimonianza-e-impegno-sociale.jpg\",\"contentUrl\":\"https:\/\/www.diocesitn.it\/area-testimonianza\/wp-content\/uploads\/sites\/37\/2021\/09\/og-logo-testimonianza-e-impegno-sociale.jpg\",\"width\":1200,\"height\":630,\"caption\":\"Area Testimonianza e Impegno Sociale - Chiesa di Trento\"}]}<\/script>\n<!-- \/ Yoast SEO Premium plugin. -->","yoast_head_json":{"title":"Emergenza abitativa, a Trento un incontro promosso dalle associazioni ecclesiali - Testimonianza e Impegno sociale","robots":{"index":"index","follow":"follow","max-snippet":"max-snippet:-1","max-image-preview":"max-image-preview:large","max-video-preview":"max-video-preview:-1"},"canonical":"https:\/\/www.diocesitn.it\/area-testimonianza\/2026\/04\/21\/emergenza-abitativa-a-trento-un-incontro-promosso-dalle-associazioni-ecclesiali\/","og_locale":"it_IT","og_type":"article","og_title":"Emergenza abitativa, a Trento un incontro promosso dalle associazioni ecclesiali","og_description":"La Chiesa trentina si interroga, partendo dal &#8220;basso&#8221;, sull&#8217;emergenza abitativa, a cominciare dal capoluogo. Gioved\u00ec 23 aprile a Trento alle ore 18:00 nella Sala Circoscrizionale di via Giusti 35, le realt\u00e0 ecclesiali che gravitano attorno","og_url":"https:\/\/www.diocesitn.it\/area-testimonianza\/2026\/04\/21\/emergenza-abitativa-a-trento-un-incontro-promosso-dalle-associazioni-ecclesiali\/","og_site_name":"Testimonianza e Impegno sociale","article_published_time":"2026-04-21T12:53:40+00:00","article_modified_time":"2026-04-30T09:31:11+00:00","og_image":[{"width":900,"height":600,"url":"https:\/\/www.diocesitn.it\/area-testimonianza\/wp-content\/uploads\/sites\/37\/2026\/04\/emergenza-abitativa-e1776775709645.png","type":"image\/png"}],"author":"Piergiorgio Franceschini","twitter_card":"summary_large_image","twitter_misc":{"Scritto da":"Piergiorgio Franceschini","Tempo di lettura stimato":"3 minuti"},"schema":{"@context":"https:\/\/schema.org","@graph":[{"@type":"Article","@id":"https:\/\/www.diocesitn.it\/area-testimonianza\/2026\/04\/21\/emergenza-abitativa-a-trento-un-incontro-promosso-dalle-associazioni-ecclesiali\/#article","isPartOf":{"@id":"https:\/\/www.diocesitn.it\/area-testimonianza\/2026\/04\/21\/emergenza-abitativa-a-trento-un-incontro-promosso-dalle-associazioni-ecclesiali\/"},"author":{"name":"Piergiorgio Franceschini","@id":"https:\/\/www.diocesitn.it\/area-testimonianza\/#\/schema\/person\/99590c84577873a025247b6aeb16ad2e"},"headline":"Emergenza abitativa, a Trento un incontro promosso dalle associazioni ecclesiali","datePublished":"2026-04-21T12:53:40+00:00","dateModified":"2026-04-30T09:31:11+00:00","mainEntityOfPage":{"@id":"https:\/\/www.diocesitn.it\/area-testimonianza\/2026\/04\/21\/emergenza-abitativa-a-trento-un-incontro-promosso-dalle-associazioni-ecclesiali\/"},"wordCount":378,"publisher":{"@id":"https:\/\/www.diocesitn.it\/area-testimonianza\/#organization"},"image":{"@id":"https:\/\/www.diocesitn.it\/area-testimonianza\/2026\/04\/21\/emergenza-abitativa-a-trento-un-incontro-promosso-dalle-associazioni-ecclesiali\/#primaryimage"},"thumbnailUrl":"https:\/\/www.diocesitn.it\/area-testimonianza\/wp-content\/uploads\/sites\/37\/2026\/04\/emergenza-abitativa-e1776775709645.png","articleSection":["Caritas diocesana","Notizie"],"inLanguage":"it-IT","copyrightYear":"2026","copyrightHolder":{"@id":"https:\/\/www.diocesitn.it\/#organization"}},{"@type":"WebPage","@id":"https:\/\/www.diocesitn.it\/area-testimonianza\/2026\/04\/21\/emergenza-abitativa-a-trento-un-incontro-promosso-dalle-associazioni-ecclesiali\/","url":"https:\/\/www.diocesitn.it\/area-testimonianza\/2026\/04\/21\/emergenza-abitativa-a-trento-un-incontro-promosso-dalle-associazioni-ecclesiali\/","name":"Emergenza abitativa, a Trento un incontro promosso dalle associazioni ecclesiali - Testimonianza e Impegno sociale","isPartOf":{"@id":"https:\/\/www.diocesitn.it\/area-testimonianza\/#website"},"primaryImageOfPage":{"@id":"https:\/\/www.diocesitn.it\/area-testimonianza\/2026\/04\/21\/emergenza-abitativa-a-trento-un-incontro-promosso-dalle-associazioni-ecclesiali\/#primaryimage"},"image":{"@id":"https:\/\/www.diocesitn.it\/area-testimonianza\/2026\/04\/21\/emergenza-abitativa-a-trento-un-incontro-promosso-dalle-associazioni-ecclesiali\/#primaryimage"},"thumbnailUrl":"https:\/\/www.diocesitn.it\/area-testimonianza\/wp-content\/uploads\/sites\/37\/2026\/04\/emergenza-abitativa-e1776775709645.png","datePublished":"2026-04-21T12:53:40+00:00","dateModified":"2026-04-30T09:31:11+00:00","breadcrumb":{"@id":"https:\/\/www.diocesitn.it\/area-testimonianza\/2026\/04\/21\/emergenza-abitativa-a-trento-un-incontro-promosso-dalle-associazioni-ecclesiali\/#breadcrumb"},"inLanguage":"it-IT","potentialAction":[{"@type":"ReadAction","target":["https:\/\/www.diocesitn.it\/area-testimonianza\/2026\/04\/21\/emergenza-abitativa-a-trento-un-incontro-promosso-dalle-associazioni-ecclesiali\/"]}]},{"@type":"ImageObject","inLanguage":"it-IT","@id":"https:\/\/www.diocesitn.it\/area-testimonianza\/2026\/04\/21\/emergenza-abitativa-a-trento-un-incontro-promosso-dalle-associazioni-ecclesiali\/#primaryimage","url":"https:\/\/www.diocesitn.it\/area-testimonianza\/wp-content\/uploads\/sites\/37\/2026\/04\/emergenza-abitativa-e1776775709645.png","contentUrl":"https:\/\/www.diocesitn.it\/area-testimonianza\/wp-content\/uploads\/sites\/37\/2026\/04\/emergenza-abitativa-e1776775709645.png","width":900,"height":600},{"@type":"BreadcrumbList","@id":"https:\/\/www.diocesitn.it\/area-testimonianza\/2026\/04\/21\/emergenza-abitativa-a-trento-un-incontro-promosso-dalle-associazioni-ecclesiali\/#breadcrumb","itemListElement":[{"@type":"ListItem","position":1,"name":"Home","item":"https:\/\/www.diocesitn.it\/area-testimonianza\/"},{"@type":"ListItem","position":2,"name":"Emergenza abitativa, a Trento un incontro promosso dalle associazioni ecclesiali"}]},{"@type":"WebSite","@id":"https:\/\/www.diocesitn.it\/area-testimonianza\/#website","url":"https:\/\/www.diocesitn.it\/area-testimonianza\/","name":"Testimonianza e Impegno sociale","description":"Chiesa di Trento","publisher":{"@id":"https:\/\/www.diocesitn.it\/area-testimonianza\/#organization"},"potentialAction":[{"@type":"SearchAction","target":{"@type":"EntryPoint","urlTemplate":"https:\/\/www.diocesitn.it\/area-testimonianza\/?s={search_term_string}"},"query-input":"required name=search_term_string"}],"inLanguage":"it-IT"},{"@type":["Organization","Place"],"@id":"https:\/\/www.diocesitn.it\/area-testimonianza\/#organization","name":"Area Testimonianza e Impegno Sociale - Chiesa di Trento","url":"https:\/\/www.diocesitn.it\/area-testimonianza\/","logo":{"@id":"https:\/\/www.diocesitn.it\/area-testimonianza\/2026\/04\/21\/emergenza-abitativa-a-trento-un-incontro-promosso-dalle-associazioni-ecclesiali\/#local-main-organization-logo"},"image":{"@id":"https:\/\/www.diocesitn.it\/area-testimonianza\/2026\/04\/21\/emergenza-abitativa-a-trento-un-incontro-promosso-dalle-associazioni-ecclesiali\/#local-main-organization-logo"},"openingHoursSpecification":[{"@type":"OpeningHoursSpecification","dayOfWeek":["Monday","Tuesday","Wednesday","Thursday","Friday","Saturday","Sunday"],"opens":"09:00","closes":"17:00"}]},{"@type":"ImageObject","inLanguage":"it-IT","@id":"https:\/\/www.diocesitn.it\/area-testimonianza\/2026\/04\/21\/emergenza-abitativa-a-trento-un-incontro-promosso-dalle-associazioni-ecclesiali\/#local-main-organization-logo","url":"https:\/\/www.diocesitn.it\/area-testimonianza\/wp-content\/uploads\/sites\/37\/2021\/09\/og-logo-testimonianza-e-impegno-sociale.jpg","contentUrl":"https:\/\/www.diocesitn.it\/area-testimonianza\/wp-content\/uploads\/sites\/37\/2021\/09\/og-logo-testimonianza-e-impegno-sociale.jpg","width":1200,"height":630,"caption":"Area Testimonianza e Impegno Sociale - Chiesa di Trento"}]}},"_links":{"self":[{"href":"https:\/\/www.diocesitn.it\/area-testimonianza\/wp-json\/wp\/v2\/posts\/19731","targetHints":{"allow":["GET"]}}],"collection":[{"href":"https:\/\/www.diocesitn.it\/area-testimonianza\/wp-json\/wp\/v2\/posts"}],"about":[{"href":"https:\/\/www.diocesitn.it\/area-testimonianza\/wp-json\/wp\/v2\/types\/post"}],"author":[{"embeddable":true,"href":"https:\/\/www.diocesitn.it\/area-testimonianza\/wp-json\/wp\/v2\/users\/3"}],"replies":[{"embeddable":true,"href":"https:\/\/www.diocesitn.it\/area-testimonianza\/wp-json\/wp\/v2\/comments?post=19731"}],"version-history":[{"count":2,"href":"https:\/\/www.diocesitn.it\/area-testimonianza\/wp-json\/wp\/v2\/posts\/19731\/revisions"}],"predecessor-version":[{"id":19736,"href":"https:\/\/www.diocesitn.it\/area-testimonianza\/wp-json\/wp\/v2\/posts\/19731\/revisions\/19736"}],"wp:featuredmedia":[{"embeddable":true,"href":"https:\/\/www.diocesitn.it\/area-testimonianza\/wp-json\/wp\/v2\/media\/19732"}],"wp:attachment":[{"href":"https:\/\/www.diocesitn.it\/area-testimonianza\/wp-json\/wp\/v2\/media?parent=19731"}],"wp:term":[{"taxonomy":"category","embeddable":true,"href":"https:\/\/www.diocesitn.it\/area-testimonianza\/wp-json\/wp\/v2\/categories?post=19731"},{"taxonomy":"post_tag","embeddable":true,"href":"https:\/\/www.diocesitn.it\/area-testimonianza\/wp-json\/wp\/v2\/tags?post=19731"}],"curies":[{"name":"wp","href":"https:\/\/api.w.org\/{rel}","templated":true}]}}