{"id":19642,"date":"2026-03-16T10:47:47","date_gmt":"2026-03-16T09:47:47","guid":{"rendered":"https:\/\/www.diocesitn.it\/area-testimonianza\/2026\/03\/16\/in-cattedrale-la-preghiera-per-la-pace-larcivescovo-tisi-la-barbarie-nasce-quando-smettiamo-di-ascoltare\/"},"modified":"2026-03-23T09:42:40","modified_gmt":"2026-03-23T08:42:40","slug":"in-cattedrale-la-preghiera-per-la-pace-larcivescovo-tisi-la-barbarie-nasce-quando-smettiamo-di-ascoltare","status":"publish","type":"post","link":"https:\/\/www.diocesitn.it\/area-testimonianza\/2026\/03\/16\/in-cattedrale-la-preghiera-per-la-pace-larcivescovo-tisi-la-barbarie-nasce-quando-smettiamo-di-ascoltare\/","title":{"rendered":"In cattedrale la preghiera per la pace. L\u2019arcivescovo Tisi: &#8220;La barbarie nasce quando smettiamo di ascoltare&#8221;"},"content":{"rendered":"<p>Una preghiera corale per la pace in un tempo segnato dall\u2019intensificarsi dei conflitti in Medio Oriente e dal timore di una guerra dalle conseguenze globali. Anche la diocesi di Trento ha aderito alla <strong>Giornata di preghiera e digiuno per la pace<\/strong> promossa dalla Presidenza della Conferenza Episcopale Italiana <strong>venerd\u00ec 13 marzo<\/strong>.<!--more--><\/p>\n<p>Nella <strong>cattedrale di Trento<\/strong>, in serata l\u2019arcivescovo <strong>monsignor Lauro Tisi<\/strong> ha presieduto la <strong>Santa Messa<\/strong>, concelebrata anche dall&#8217;arcivescovo emerito <strong>monsignor Luigi Bressan<\/strong>. La celebrazione ha unito l\u2019invocazione per la pace con la memoria della morte di <a href=\"https:\/\/www.avvenire.it\/agora\/cultura\/chiara-lubich-resurrezione-nella-notte-del-mondo_105823?fbclid=IwY2xjawQkrNVleHRuA2FlbQIxMQBzcnRjBmFwcF9pZAwzNTA2ODU1MzE3MjgAAR7tokaALQBBtCCsKGbX-MEpNbtk6xZgE1wKr_WVxKB_LFKacOw1ElJI9PzEYg_aem_1_H2vICC_HKFc3WM82IrlQ\"><strong>Chiara Lubich<\/strong><\/a>, fondatrice del Movimento dei Focolari, avvenuta il 14 marzo 2008.<\/p>\n<h4>Una Chiesa in preghiera per la pace<\/h4>\n<p>Aprendo la celebrazione, l\u2019Arcivescovo ha invitato i fedeli a sentirsi in comunione con tutta la Chiesa italiana impegnata nella giornata di digiuno e preghiera.\u00a0&#8220;Vogliamo questa sera, in unione soprattutto con i nostri amici focolarini che ricordano Chiara Lubich, invocare il dono della pace in comunione con tutte le Chiese in Italia che oggi si sono impegnate nel <strong>digiuno e nella preghiera per la pace<\/strong>&#8220;. Un\u2019invocazione accompagnata dalla fiducia nella forza della preghiera: &#8220;Vogliamo sentire che molto pu\u00f2 fare la preghiera sul fronte della pace&#8221;.<\/p>\n<h4>L\u2019ascolto, primo passo verso la pace<\/h4>\n<p>Nel corso dell\u2019omelia monsignor Tisi ha indicato nell\u2019<strong>ascolto<\/strong> il primo passo per ritrovare la strada della pace, richiamando il comando biblico:\u00a0&#8220;Ascolta Israele: il comandamento primo non \u00e8 amerai, ma ascolta. Questo \u00e8 il primo comandamento: ascolta&#8221;.\u00a0Secondo l\u2019Arcivescovo, le tensioni e i conflitti che attraversano il mondo nascono proprio da una perdita di questa capacit\u00e0:\u00a0&#8220;La barbarie in cui siamo precipitati, il baratro verso cui corriamo il rischio di finire, \u00e8 stato generato dalla mancanza di ascolto&#8221;.<\/p>\n<h4>Il \u201cnoi\u201d come terreno della pace<\/h4>\n<p>La pace, ha sottolineato don Lauro, nasce dal riscoprire la dimensione del <strong>\u201cnoi\u201d<\/strong>, cio\u00e8 una vita costruita nell\u2019incontro con gli altri:\u00a0&#8220;Da troppo tempo abbiamo rinunciato a percepire che io divento me stesso grazie all\u2019incontro con l\u2019altro&#8221;. In questo cammino di riconciliazione e fraternit\u00e0, l\u2019Arcivescovo ha indicato la testimonianza di <strong>Chiara Lubich<\/strong> come un riferimento ancora attuale. Il suo carisma, ha ricordato, pone al centro proprio l\u2019unit\u00e0:\u00a0&#8220;Per Chiara Lubich il noi \u00e8 imprescindibile, anzi \u00e8 il terreno della pace&#8221;.<\/p>\n<h4>La pace comincia da ciascuno<\/h4>\n<p>Un \u201cnoi\u201d, ha spiegato, che prende forma concreta nello stile di Ges\u00f9:\u00a0&#8220;\u00c8 il noi dove la parola d\u2019ordine \u00e8 perdono. \u00c8 il noi dove la parola d\u2019ordine \u00e8 servire. \u00c8 il noi dove la parola d\u2019ordine \u00e8 diventare spazio di ascolto&#8221;.<\/p>\n<p>Quindi l\u2019invito a non delegare la responsabilit\u00e0 della pace solo agli altri: &#8220;Il rischio, quando preghiamo per la pace, \u00e8 di pensare sempre che gli attori della non pace sono fuori di noi. Invece la non pace \u00e8 anche dentro di noi&#8221;.\u00a0Da qui l\u2019esortazione finale a ripartire dalla conversione personale:\u00a0&#8220;Torna, Israele, torna al tuo Dio&#8221;, ha ricordato l\u2019arcivescovo, invitando a trasformare lo sgomento davanti alle guerre in un impegno concreto a vivere lo stile di Cristo.<\/p>\n","protected":false},"excerpt":{"rendered":"<p>Una preghiera corale per la pace in un tempo segnato dall\u2019intensificarsi dei conflitti in Medio Oriente e dal timore di una guerra dalle conseguenze globali. Anche la diocesi di Trento ha aderito alla Giornata di<\/p>\n","protected":false},"author":3,"featured_media":19643,"comment_status":"closed","ping_status":"closed","sticky":false,"template":"","format":"standard","meta":{"footnotes":""},"categories":[2206,1074],"tags":[],"class_list":["post-19642","post","type-post","status-publish","format-standard","has-post-thumbnail","hentry","category-servizio-giustizia-e-pace","category-notizie"],"acf":{"seed-localization-paese-cod":"IT","seed-localization-address":"","seed-localization-citta":"Trento","seed-localization-regione-cod-istat":"04","seed-localization-citta-cod-istat":"022205","seed-localization-localita":"","seed-localization-cap":"","seed-localization-marker-visibility":false,"seed-localization-children-visibility":false,"seed-localization-kml":"","seed-localization-custom-marker":""},"yoast_head":"<!-- This site is optimized with the Yoast SEO Premium plugin v20.2.1 (Yoast SEO v22.2) - https:\/\/yoast.com\/wordpress\/plugins\/seo\/ -->\n<title>In cattedrale la preghiera per la pace. L\u2019arcivescovo Tisi: &quot;La barbarie nasce quando smettiamo di ascoltare&quot; - Testimonianza e Impegno sociale<\/title>\n<meta name=\"robots\" content=\"index, follow, max-snippet:-1, max-image-preview:large, max-video-preview:-1\" \/>\n<link rel=\"canonical\" href=\"https:\/\/www.diocesitn.it\/area-testimonianza\/2026\/03\/16\/in-cattedrale-la-preghiera-per-la-pace-larcivescovo-tisi-la-barbarie-nasce-quando-smettiamo-di-ascoltare\/\" \/>\n<meta property=\"og:locale\" content=\"it_IT\" \/>\n<meta property=\"og:type\" content=\"article\" \/>\n<meta property=\"og:title\" content=\"In cattedrale la preghiera per la pace. L\u2019arcivescovo Tisi: &quot;La barbarie nasce quando smettiamo di ascoltare&quot;\" \/>\n<meta property=\"og:description\" content=\"Una preghiera corale per la pace in un tempo segnato dall\u2019intensificarsi dei conflitti in Medio Oriente e dal timore di una guerra dalle conseguenze globali. Anche la diocesi di Trento ha aderito alla Giornata di\" \/>\n<meta property=\"og:url\" content=\"https:\/\/www.diocesitn.it\/area-testimonianza\/2026\/03\/16\/in-cattedrale-la-preghiera-per-la-pace-larcivescovo-tisi-la-barbarie-nasce-quando-smettiamo-di-ascoltare\/\" \/>\n<meta property=\"og:site_name\" content=\"Testimonianza e Impegno sociale\" \/>\n<meta property=\"article:published_time\" content=\"2026-03-16T09:47:47+00:00\" \/>\n<meta property=\"article:modified_time\" content=\"2026-03-23T08:42:40+00:00\" \/>\n<meta property=\"og:image\" content=\"https:\/\/www.diocesitn.it\/area-testimonianza\/wp-content\/uploads\/sites\/37\/2026\/03\/lauro-tisi-abito-viola-e1773654048333.jpeg\" \/>\n\t<meta property=\"og:image:width\" content=\"900\" \/>\n\t<meta property=\"og:image:height\" content=\"600\" \/>\n\t<meta property=\"og:image:type\" content=\"image\/jpeg\" \/>\n<meta name=\"author\" content=\"Piergiorgio Franceschini\" \/>\n<meta name=\"twitter:card\" content=\"summary_large_image\" \/>\n<meta name=\"twitter:label1\" content=\"Scritto da\" \/>\n\t<meta name=\"twitter:data1\" content=\"Piergiorgio Franceschini\" \/>\n\t<meta name=\"twitter:label2\" content=\"Tempo di lettura stimato\" \/>\n\t<meta name=\"twitter:data2\" content=\"3 minuti\" \/>\n<script type=\"application\/ld+json\" class=\"yoast-schema-graph\">{\"@context\":\"https:\/\/schema.org\",\"@graph\":[{\"@type\":\"Article\",\"@id\":\"https:\/\/www.diocesitn.it\/area-testimonianza\/2026\/03\/16\/in-cattedrale-la-preghiera-per-la-pace-larcivescovo-tisi-la-barbarie-nasce-quando-smettiamo-di-ascoltare\/#article\",\"isPartOf\":{\"@id\":\"https:\/\/www.diocesitn.it\/area-testimonianza\/2026\/03\/16\/in-cattedrale-la-preghiera-per-la-pace-larcivescovo-tisi-la-barbarie-nasce-quando-smettiamo-di-ascoltare\/\"},\"author\":{\"name\":\"Piergiorgio Franceschini\",\"@id\":\"https:\/\/www.diocesitn.it\/area-testimonianza\/#\/schema\/person\/99590c84577873a025247b6aeb16ad2e\"},\"headline\":\"In cattedrale la preghiera per la pace. L\u2019arcivescovo Tisi: &#8220;La barbarie nasce quando smettiamo di ascoltare&#8221;\",\"datePublished\":\"2026-03-16T09:47:47+00:00\",\"dateModified\":\"2026-03-23T08:42:40+00:00\",\"mainEntityOfPage\":{\"@id\":\"https:\/\/www.diocesitn.it\/area-testimonianza\/2026\/03\/16\/in-cattedrale-la-preghiera-per-la-pace-larcivescovo-tisi-la-barbarie-nasce-quando-smettiamo-di-ascoltare\/\"},\"wordCount\":507,\"publisher\":{\"@id\":\"https:\/\/www.diocesitn.it\/area-testimonianza\/#organization\"},\"image\":{\"@id\":\"https:\/\/www.diocesitn.it\/area-testimonianza\/2026\/03\/16\/in-cattedrale-la-preghiera-per-la-pace-larcivescovo-tisi-la-barbarie-nasce-quando-smettiamo-di-ascoltare\/#primaryimage\"},\"thumbnailUrl\":\"https:\/\/www.diocesitn.it\/area-testimonianza\/wp-content\/uploads\/sites\/37\/2026\/03\/lauro-tisi-abito-viola-e1773654048333.jpeg\",\"articleSection\":[\"Giustizia e pace\",\"Notizie\"],\"inLanguage\":\"it-IT\",\"copyrightYear\":\"2026\",\"copyrightHolder\":{\"@id\":\"https:\/\/www.diocesitn.it\/#organization\"}},{\"@type\":\"WebPage\",\"@id\":\"https:\/\/www.diocesitn.it\/area-testimonianza\/2026\/03\/16\/in-cattedrale-la-preghiera-per-la-pace-larcivescovo-tisi-la-barbarie-nasce-quando-smettiamo-di-ascoltare\/\",\"url\":\"https:\/\/www.diocesitn.it\/area-testimonianza\/2026\/03\/16\/in-cattedrale-la-preghiera-per-la-pace-larcivescovo-tisi-la-barbarie-nasce-quando-smettiamo-di-ascoltare\/\",\"name\":\"In cattedrale la preghiera per la pace. L\u2019arcivescovo Tisi: \\\"La barbarie nasce quando smettiamo di ascoltare\\\" - Testimonianza e Impegno sociale\",\"isPartOf\":{\"@id\":\"https:\/\/www.diocesitn.it\/area-testimonianza\/#website\"},\"primaryImageOfPage\":{\"@id\":\"https:\/\/www.diocesitn.it\/area-testimonianza\/2026\/03\/16\/in-cattedrale-la-preghiera-per-la-pace-larcivescovo-tisi-la-barbarie-nasce-quando-smettiamo-di-ascoltare\/#primaryimage\"},\"image\":{\"@id\":\"https:\/\/www.diocesitn.it\/area-testimonianza\/2026\/03\/16\/in-cattedrale-la-preghiera-per-la-pace-larcivescovo-tisi-la-barbarie-nasce-quando-smettiamo-di-ascoltare\/#primaryimage\"},\"thumbnailUrl\":\"https:\/\/www.diocesitn.it\/area-testimonianza\/wp-content\/uploads\/sites\/37\/2026\/03\/lauro-tisi-abito-viola-e1773654048333.jpeg\",\"datePublished\":\"2026-03-16T09:47:47+00:00\",\"dateModified\":\"2026-03-23T08:42:40+00:00\",\"breadcrumb\":{\"@id\":\"https:\/\/www.diocesitn.it\/area-testimonianza\/2026\/03\/16\/in-cattedrale-la-preghiera-per-la-pace-larcivescovo-tisi-la-barbarie-nasce-quando-smettiamo-di-ascoltare\/#breadcrumb\"},\"inLanguage\":\"it-IT\",\"potentialAction\":[{\"@type\":\"ReadAction\",\"target\":[\"https:\/\/www.diocesitn.it\/area-testimonianza\/2026\/03\/16\/in-cattedrale-la-preghiera-per-la-pace-larcivescovo-tisi-la-barbarie-nasce-quando-smettiamo-di-ascoltare\/\"]}]},{\"@type\":\"ImageObject\",\"inLanguage\":\"it-IT\",\"@id\":\"https:\/\/www.diocesitn.it\/area-testimonianza\/2026\/03\/16\/in-cattedrale-la-preghiera-per-la-pace-larcivescovo-tisi-la-barbarie-nasce-quando-smettiamo-di-ascoltare\/#primaryimage\",\"url\":\"https:\/\/www.diocesitn.it\/area-testimonianza\/wp-content\/uploads\/sites\/37\/2026\/03\/lauro-tisi-abito-viola-e1773654048333.jpeg\",\"contentUrl\":\"https:\/\/www.diocesitn.it\/area-testimonianza\/wp-content\/uploads\/sites\/37\/2026\/03\/lauro-tisi-abito-viola-e1773654048333.jpeg\",\"width\":900,\"height\":600,\"caption\":\"vescovo lauro tisi\"},{\"@type\":\"BreadcrumbList\",\"@id\":\"https:\/\/www.diocesitn.it\/area-testimonianza\/2026\/03\/16\/in-cattedrale-la-preghiera-per-la-pace-larcivescovo-tisi-la-barbarie-nasce-quando-smettiamo-di-ascoltare\/#breadcrumb\",\"itemListElement\":[{\"@type\":\"ListItem\",\"position\":1,\"name\":\"Home\",\"item\":\"https:\/\/www.diocesitn.it\/area-testimonianza\/\"},{\"@type\":\"ListItem\",\"position\":2,\"name\":\"In cattedrale la preghiera per la pace. L\u2019arcivescovo Tisi: &#8220;La barbarie nasce quando smettiamo di ascoltare&#8221;\"}]},{\"@type\":\"WebSite\",\"@id\":\"https:\/\/www.diocesitn.it\/area-testimonianza\/#website\",\"url\":\"https:\/\/www.diocesitn.it\/area-testimonianza\/\",\"name\":\"Testimonianza e Impegno sociale\",\"description\":\"Chiesa di Trento\",\"publisher\":{\"@id\":\"https:\/\/www.diocesitn.it\/area-testimonianza\/#organization\"},\"potentialAction\":[{\"@type\":\"SearchAction\",\"target\":{\"@type\":\"EntryPoint\",\"urlTemplate\":\"https:\/\/www.diocesitn.it\/area-testimonianza\/?s={search_term_string}\"},\"query-input\":\"required name=search_term_string\"}],\"inLanguage\":\"it-IT\"},{\"@type\":[\"Organization\",\"Place\"],\"@id\":\"https:\/\/www.diocesitn.it\/area-testimonianza\/#organization\",\"name\":\"Area Testimonianza e Impegno Sociale - Chiesa di Trento\",\"url\":\"https:\/\/www.diocesitn.it\/area-testimonianza\/\",\"logo\":{\"@id\":\"https:\/\/www.diocesitn.it\/area-testimonianza\/2026\/03\/16\/in-cattedrale-la-preghiera-per-la-pace-larcivescovo-tisi-la-barbarie-nasce-quando-smettiamo-di-ascoltare\/#local-main-organization-logo\"},\"image\":{\"@id\":\"https:\/\/www.diocesitn.it\/area-testimonianza\/2026\/03\/16\/in-cattedrale-la-preghiera-per-la-pace-larcivescovo-tisi-la-barbarie-nasce-quando-smettiamo-di-ascoltare\/#local-main-organization-logo\"},\"openingHoursSpecification\":[{\"@type\":\"OpeningHoursSpecification\",\"dayOfWeek\":[\"Monday\",\"Tuesday\",\"Wednesday\",\"Thursday\",\"Friday\",\"Saturday\",\"Sunday\"],\"opens\":\"09:00\",\"closes\":\"17:00\"}]},{\"@type\":\"ImageObject\",\"inLanguage\":\"it-IT\",\"@id\":\"https:\/\/www.diocesitn.it\/area-testimonianza\/2026\/03\/16\/in-cattedrale-la-preghiera-per-la-pace-larcivescovo-tisi-la-barbarie-nasce-quando-smettiamo-di-ascoltare\/#local-main-organization-logo\",\"url\":\"https:\/\/www.diocesitn.it\/area-testimonianza\/wp-content\/uploads\/sites\/37\/2021\/09\/og-logo-testimonianza-e-impegno-sociale.jpg\",\"contentUrl\":\"https:\/\/www.diocesitn.it\/area-testimonianza\/wp-content\/uploads\/sites\/37\/2021\/09\/og-logo-testimonianza-e-impegno-sociale.jpg\",\"width\":1200,\"height\":630,\"caption\":\"Area Testimonianza e Impegno Sociale - Chiesa di Trento\"}]}<\/script>\n<!-- \/ Yoast SEO Premium plugin. -->","yoast_head_json":{"title":"In cattedrale la preghiera per la pace. L\u2019arcivescovo Tisi: \"La barbarie nasce quando smettiamo di ascoltare\" - Testimonianza e Impegno sociale","robots":{"index":"index","follow":"follow","max-snippet":"max-snippet:-1","max-image-preview":"max-image-preview:large","max-video-preview":"max-video-preview:-1"},"canonical":"https:\/\/www.diocesitn.it\/area-testimonianza\/2026\/03\/16\/in-cattedrale-la-preghiera-per-la-pace-larcivescovo-tisi-la-barbarie-nasce-quando-smettiamo-di-ascoltare\/","og_locale":"it_IT","og_type":"article","og_title":"In cattedrale la preghiera per la pace. L\u2019arcivescovo Tisi: \"La barbarie nasce quando smettiamo di ascoltare\"","og_description":"Una preghiera corale per la pace in un tempo segnato dall\u2019intensificarsi dei conflitti in Medio Oriente e dal timore di una guerra dalle conseguenze globali. Anche la diocesi di Trento ha aderito alla Giornata di","og_url":"https:\/\/www.diocesitn.it\/area-testimonianza\/2026\/03\/16\/in-cattedrale-la-preghiera-per-la-pace-larcivescovo-tisi-la-barbarie-nasce-quando-smettiamo-di-ascoltare\/","og_site_name":"Testimonianza e Impegno sociale","article_published_time":"2026-03-16T09:47:47+00:00","article_modified_time":"2026-03-23T08:42:40+00:00","og_image":[{"width":900,"height":600,"url":"https:\/\/www.diocesitn.it\/area-testimonianza\/wp-content\/uploads\/sites\/37\/2026\/03\/lauro-tisi-abito-viola-e1773654048333.jpeg","type":"image\/jpeg"}],"author":"Piergiorgio Franceschini","twitter_card":"summary_large_image","twitter_misc":{"Scritto da":"Piergiorgio Franceschini","Tempo di lettura stimato":"3 minuti"},"schema":{"@context":"https:\/\/schema.org","@graph":[{"@type":"Article","@id":"https:\/\/www.diocesitn.it\/area-testimonianza\/2026\/03\/16\/in-cattedrale-la-preghiera-per-la-pace-larcivescovo-tisi-la-barbarie-nasce-quando-smettiamo-di-ascoltare\/#article","isPartOf":{"@id":"https:\/\/www.diocesitn.it\/area-testimonianza\/2026\/03\/16\/in-cattedrale-la-preghiera-per-la-pace-larcivescovo-tisi-la-barbarie-nasce-quando-smettiamo-di-ascoltare\/"},"author":{"name":"Piergiorgio Franceschini","@id":"https:\/\/www.diocesitn.it\/area-testimonianza\/#\/schema\/person\/99590c84577873a025247b6aeb16ad2e"},"headline":"In cattedrale la preghiera per la pace. L\u2019arcivescovo Tisi: &#8220;La barbarie nasce quando smettiamo di ascoltare&#8221;","datePublished":"2026-03-16T09:47:47+00:00","dateModified":"2026-03-23T08:42:40+00:00","mainEntityOfPage":{"@id":"https:\/\/www.diocesitn.it\/area-testimonianza\/2026\/03\/16\/in-cattedrale-la-preghiera-per-la-pace-larcivescovo-tisi-la-barbarie-nasce-quando-smettiamo-di-ascoltare\/"},"wordCount":507,"publisher":{"@id":"https:\/\/www.diocesitn.it\/area-testimonianza\/#organization"},"image":{"@id":"https:\/\/www.diocesitn.it\/area-testimonianza\/2026\/03\/16\/in-cattedrale-la-preghiera-per-la-pace-larcivescovo-tisi-la-barbarie-nasce-quando-smettiamo-di-ascoltare\/#primaryimage"},"thumbnailUrl":"https:\/\/www.diocesitn.it\/area-testimonianza\/wp-content\/uploads\/sites\/37\/2026\/03\/lauro-tisi-abito-viola-e1773654048333.jpeg","articleSection":["Giustizia e pace","Notizie"],"inLanguage":"it-IT","copyrightYear":"2026","copyrightHolder":{"@id":"https:\/\/www.diocesitn.it\/#organization"}},{"@type":"WebPage","@id":"https:\/\/www.diocesitn.it\/area-testimonianza\/2026\/03\/16\/in-cattedrale-la-preghiera-per-la-pace-larcivescovo-tisi-la-barbarie-nasce-quando-smettiamo-di-ascoltare\/","url":"https:\/\/www.diocesitn.it\/area-testimonianza\/2026\/03\/16\/in-cattedrale-la-preghiera-per-la-pace-larcivescovo-tisi-la-barbarie-nasce-quando-smettiamo-di-ascoltare\/","name":"In cattedrale la preghiera per la pace. L\u2019arcivescovo Tisi: \"La barbarie nasce quando smettiamo di ascoltare\" - Testimonianza e Impegno sociale","isPartOf":{"@id":"https:\/\/www.diocesitn.it\/area-testimonianza\/#website"},"primaryImageOfPage":{"@id":"https:\/\/www.diocesitn.it\/area-testimonianza\/2026\/03\/16\/in-cattedrale-la-preghiera-per-la-pace-larcivescovo-tisi-la-barbarie-nasce-quando-smettiamo-di-ascoltare\/#primaryimage"},"image":{"@id":"https:\/\/www.diocesitn.it\/area-testimonianza\/2026\/03\/16\/in-cattedrale-la-preghiera-per-la-pace-larcivescovo-tisi-la-barbarie-nasce-quando-smettiamo-di-ascoltare\/#primaryimage"},"thumbnailUrl":"https:\/\/www.diocesitn.it\/area-testimonianza\/wp-content\/uploads\/sites\/37\/2026\/03\/lauro-tisi-abito-viola-e1773654048333.jpeg","datePublished":"2026-03-16T09:47:47+00:00","dateModified":"2026-03-23T08:42:40+00:00","breadcrumb":{"@id":"https:\/\/www.diocesitn.it\/area-testimonianza\/2026\/03\/16\/in-cattedrale-la-preghiera-per-la-pace-larcivescovo-tisi-la-barbarie-nasce-quando-smettiamo-di-ascoltare\/#breadcrumb"},"inLanguage":"it-IT","potentialAction":[{"@type":"ReadAction","target":["https:\/\/www.diocesitn.it\/area-testimonianza\/2026\/03\/16\/in-cattedrale-la-preghiera-per-la-pace-larcivescovo-tisi-la-barbarie-nasce-quando-smettiamo-di-ascoltare\/"]}]},{"@type":"ImageObject","inLanguage":"it-IT","@id":"https:\/\/www.diocesitn.it\/area-testimonianza\/2026\/03\/16\/in-cattedrale-la-preghiera-per-la-pace-larcivescovo-tisi-la-barbarie-nasce-quando-smettiamo-di-ascoltare\/#primaryimage","url":"https:\/\/www.diocesitn.it\/area-testimonianza\/wp-content\/uploads\/sites\/37\/2026\/03\/lauro-tisi-abito-viola-e1773654048333.jpeg","contentUrl":"https:\/\/www.diocesitn.it\/area-testimonianza\/wp-content\/uploads\/sites\/37\/2026\/03\/lauro-tisi-abito-viola-e1773654048333.jpeg","width":900,"height":600,"caption":"vescovo lauro tisi"},{"@type":"BreadcrumbList","@id":"https:\/\/www.diocesitn.it\/area-testimonianza\/2026\/03\/16\/in-cattedrale-la-preghiera-per-la-pace-larcivescovo-tisi-la-barbarie-nasce-quando-smettiamo-di-ascoltare\/#breadcrumb","itemListElement":[{"@type":"ListItem","position":1,"name":"Home","item":"https:\/\/www.diocesitn.it\/area-testimonianza\/"},{"@type":"ListItem","position":2,"name":"In cattedrale la preghiera per la pace. L\u2019arcivescovo Tisi: &#8220;La barbarie nasce quando smettiamo di ascoltare&#8221;"}]},{"@type":"WebSite","@id":"https:\/\/www.diocesitn.it\/area-testimonianza\/#website","url":"https:\/\/www.diocesitn.it\/area-testimonianza\/","name":"Testimonianza e Impegno sociale","description":"Chiesa di Trento","publisher":{"@id":"https:\/\/www.diocesitn.it\/area-testimonianza\/#organization"},"potentialAction":[{"@type":"SearchAction","target":{"@type":"EntryPoint","urlTemplate":"https:\/\/www.diocesitn.it\/area-testimonianza\/?s={search_term_string}"},"query-input":"required name=search_term_string"}],"inLanguage":"it-IT"},{"@type":["Organization","Place"],"@id":"https:\/\/www.diocesitn.it\/area-testimonianza\/#organization","name":"Area Testimonianza e Impegno Sociale - Chiesa di Trento","url":"https:\/\/www.diocesitn.it\/area-testimonianza\/","logo":{"@id":"https:\/\/www.diocesitn.it\/area-testimonianza\/2026\/03\/16\/in-cattedrale-la-preghiera-per-la-pace-larcivescovo-tisi-la-barbarie-nasce-quando-smettiamo-di-ascoltare\/#local-main-organization-logo"},"image":{"@id":"https:\/\/www.diocesitn.it\/area-testimonianza\/2026\/03\/16\/in-cattedrale-la-preghiera-per-la-pace-larcivescovo-tisi-la-barbarie-nasce-quando-smettiamo-di-ascoltare\/#local-main-organization-logo"},"openingHoursSpecification":[{"@type":"OpeningHoursSpecification","dayOfWeek":["Monday","Tuesday","Wednesday","Thursday","Friday","Saturday","Sunday"],"opens":"09:00","closes":"17:00"}]},{"@type":"ImageObject","inLanguage":"it-IT","@id":"https:\/\/www.diocesitn.it\/area-testimonianza\/2026\/03\/16\/in-cattedrale-la-preghiera-per-la-pace-larcivescovo-tisi-la-barbarie-nasce-quando-smettiamo-di-ascoltare\/#local-main-organization-logo","url":"https:\/\/www.diocesitn.it\/area-testimonianza\/wp-content\/uploads\/sites\/37\/2021\/09\/og-logo-testimonianza-e-impegno-sociale.jpg","contentUrl":"https:\/\/www.diocesitn.it\/area-testimonianza\/wp-content\/uploads\/sites\/37\/2021\/09\/og-logo-testimonianza-e-impegno-sociale.jpg","width":1200,"height":630,"caption":"Area Testimonianza e Impegno Sociale - Chiesa di Trento"}]}},"_links":{"self":[{"href":"https:\/\/www.diocesitn.it\/area-testimonianza\/wp-json\/wp\/v2\/posts\/19642","targetHints":{"allow":["GET"]}}],"collection":[{"href":"https:\/\/www.diocesitn.it\/area-testimonianza\/wp-json\/wp\/v2\/posts"}],"about":[{"href":"https:\/\/www.diocesitn.it\/area-testimonianza\/wp-json\/wp\/v2\/types\/post"}],"author":[{"embeddable":true,"href":"https:\/\/www.diocesitn.it\/area-testimonianza\/wp-json\/wp\/v2\/users\/3"}],"replies":[{"embeddable":true,"href":"https:\/\/www.diocesitn.it\/area-testimonianza\/wp-json\/wp\/v2\/comments?post=19642"}],"version-history":[{"count":1,"href":"https:\/\/www.diocesitn.it\/area-testimonianza\/wp-json\/wp\/v2\/posts\/19642\/revisions"}],"predecessor-version":[{"id":19644,"href":"https:\/\/www.diocesitn.it\/area-testimonianza\/wp-json\/wp\/v2\/posts\/19642\/revisions\/19644"}],"wp:featuredmedia":[{"embeddable":true,"href":"https:\/\/www.diocesitn.it\/area-testimonianza\/wp-json\/wp\/v2\/media\/19643"}],"wp:attachment":[{"href":"https:\/\/www.diocesitn.it\/area-testimonianza\/wp-json\/wp\/v2\/media?parent=19642"}],"wp:term":[{"taxonomy":"category","embeddable":true,"href":"https:\/\/www.diocesitn.it\/area-testimonianza\/wp-json\/wp\/v2\/categories?post=19642"},{"taxonomy":"post_tag","embeddable":true,"href":"https:\/\/www.diocesitn.it\/area-testimonianza\/wp-json\/wp\/v2\/tags?post=19642"}],"curies":[{"name":"wp","href":"https:\/\/api.w.org\/{rel}","templated":true}]}}