{"id":19616,"date":"2026-03-10T15:16:33","date_gmt":"2026-03-10T14:16:33","guid":{"rendered":"https:\/\/www.diocesitn.it\/area-testimonianza\/2026\/03\/10\/donne-che-portano-insieme-i-fardelli-a-sanzeno-la-preghiera-ecumenica-che-unisce-solidarieta-e-speranza\/"},"modified":"2026-03-18T08:59:20","modified_gmt":"2026-03-18T07:59:20","slug":"donne-che-portano-insieme-i-fardelli-a-sanzeno-la-preghiera-ecumenica-che-unisce-solidarieta-e-speranza","status":"publish","type":"post","link":"https:\/\/www.diocesitn.it\/area-testimonianza\/2026\/03\/10\/donne-che-portano-insieme-i-fardelli-a-sanzeno-la-preghiera-ecumenica-che-unisce-solidarieta-e-speranza\/","title":{"rendered":"Donne che portano insieme i fardelli: a Sanzeno la preghiera ecumenica che unisce solidariet\u00e0 e speranza"},"content":{"rendered":"<p>Entrando nella <strong>basilica dei Martiri d\u2019Anaunia a Sanzeno<\/strong>, la sera della <a href=\"https:\/\/www.diocesitn.it\/site\/preghiera-ecumenica-delle-donne-a-sanzeno\/\"><strong>preghiera ecumenica delle donne<\/strong> <\/a>&#8211; come accaduto <strong>sabato 7 marzo<\/strong> -, colpisce subito l\u2019atmosfera. Non solo i canti o i testi della celebrazione, ma prima ancora la cura dell\u2019ambiente, la preparazione dello spazio, l\u2019attenzione ai particolari.<!--more--><\/p>\n<p>Chi arriva qualche minuto in anticipo, quando la chiesa \u00e8 ancora vuota, pu\u00f2 cogliere quanto impegno sia stato dedicato a creare un luogo accogliente. Anche questo \u00e8 gi\u00e0 un gesto di cura: offrire uno spazio che invita all\u2019incontro e alla condivisione.<\/p>\n<h4>Il simbolo del giogo<\/h4>\n<p>Tra i segni che accompagnano la celebrazione spicca un <strong>giogo<\/strong>, richiamo alle parole del Vangelo: <em>\u00abPrendete su di voi il mio giogo\u2026\u00bb<\/em>. Il giogo si porta in due, per condividere la fatica e distribuire il peso.\u00a0\u00c8 il simbolo scelto per raccontare i fardelli che molte donne nel mondo portano ogni giorno.<\/p>\n<p>Durante la serata emergono testimonianze di vita segnate da difficolt\u00e0 profonde. C\u2019\u00e8 Beatrice, rimasta vedova a causa di un conflitto e madre di tre figli, che condivide il peso della povert\u00e0 e dell\u2019oppressione sociale. C\u2019\u00e8 Jato, madre cristiana, che racconta la persecuzione religiosa vissuta dalla sua comunit\u00e0. E c\u2019\u00e8 Blessing, intrappolata insieme a tante altre donne in un circolo di precariet\u00e0 e delusioni.<\/p>\n<p>Sono storie dure, che parlano di ingiustizia e sofferenza, ma che non lasciano spazio alla rassegnazione.<\/p>\n<h4>La forza della solidariet\u00e0<\/h4>\n<p>Accanto ai fardelli emergono anche segni di riscatto. Beatrice e altre vedove hanno iniziato a sostenersi a vicenda con piccole iniziative comunitarie. Jato e le sue amiche scelgono di rispondere alla violenza con l\u2019amore. Blessing continua a credere in un futuro diverso, lavorando insieme ad altre donne per costruirlo.<\/p>\n<p>Tra le testimonianze c\u2019\u00e8 anche quella di Chioma, una ragazza nigeriana che ha ritrovato fiducia in s\u00e9 stessa grazie all\u2019aiuto delle compagne di scuola.<\/p>\n<h4>Informarsi per pregare, pregare per agire<\/h4>\n<p>La preghiera ecumenica delle donne non \u00e8 solo un momento spirituale. \u00c8 anche un invito all\u2019impegno concreto. Il motto che la accompagna lo riassume bene: <strong>\u201cInformarsi per pregare, pregare per agire\u201d<\/strong>.<\/p>\n<p>Per questo la solidariet\u00e0 raccolta durante la serata \u00e8 destinata alle donne e alle ragazze del <strong>Centro di Formazione Professionale Bakhita<\/strong>, attraverso le suore canossiane di Trento. Le offerte contribuiranno all\u2019acquisto di attrezzature per i laboratori, offrendo a molte giovani la possibilit\u00e0 di imparare un mestiere.<\/p>\n<h4>Un segno da portare con s\u00e9<\/h4>\n<p>Al termine della celebrazione ogni partecipante riceve un piccolo simbolo: un <strong>giogo in miniatura<\/strong> accompagnato da un sacchetto di stoffa africana con alcuni sassolini. Sono il segno dei fardelli della vita.\u00a0Un invito semplice ma significativo: ricordare ogni giorno che i pesi diventano pi\u00f9 leggeri quando si scelgono di portarli <strong>insieme<\/strong>.<\/p>\n\n\n\t\t<style type='text\/css'>\n\n\t\t\t\/* PhotoSwipe Plugin *\/\n\t\t\t.psgal {\n\t\t\t\tmargin: auto;\n\t\t\t\tpadding-bottom:40px;\n\n\t\t\t\t-webkit-transition: all 0.4s ease;\n\t\t\t\t-moz-transition: all 0.4s ease;\n\t\t\t\t-o-transition: all 0.4s ease;\n\t\t\t\ttransition: all 0.4s ease;\n\t\t\t}\n\n\t\t\t.psgal figure {\n\t\t\t\tfloat: left;\n\t\t\t\ttext-align: center;\n    \t\t\twidth: 200px;\n                max-width: 50%;\n\t\t\t\tpadding:5px;\n\t\t\t\tmargin: 0px;\n\t\t\t\tbox-sizing:border-box;\n\t\t\t}\n\t\t\t.psgal a{\n\t\t\t\tdisplay:block;\n\t\t\t}\n\t\t\t.psgal figure figcaption{\n\t\t\t\tfont-size:13px;\n\t\t\t}\n\n\t\t\t.msnry{\n\t\t\t\tmargin:auto;\n\t\t\t}\n\t\t\t.pswp__caption__center{\n\t\t\t\ttext-align: center;\n\t\t\t}\n\t\t\t\n\n\t\t\t.photoswipe-gallery-caption{\n\t\t\t\tdisplay:none;\n\t\t\t}\n\n\t\t\t\n\t\t<\/style> <div style=\"clear:both\"><\/div>\n\n\t\t<div id=\"psgal_19616_1\" class=\"ps-gallery psgal gallery-columns-3 gallery-size-thumbnail\" itemscope itemtype=\"http:\/\/schema.org\/ImageGallery\" >\n\t\t\t\t<figure class=\"msnry_item\" itemscope itemtype=\"http:\/\/schema.org\/ImageObject\">\n\t\t\t\t\t<a href=\"https:\/\/www.diocesitn.it\/area-testimonianza\/wp-content\/uploads\/sites\/37\/2026\/03\/preghiera-donne-2026-5-1024x768.jpg\"\n\t\t\t\t\titemprop=\"contentUrl\"\n\t\t\t\t\tdata-pswp-width=\"800\" \n\t\t\t\t    data-pswp-height=\"600\" \n\t\t\t\t    data-cropped=\"true\"\n\t\t\t\t\tdata-caption=\"\"\n\t\t\t\t\tclass=\"post-thumbnail-image-link container-fixed-aspect-ratio__16-9\">\n\t\t\t\t        <img src=https:\/\/www.diocesitn.it\/area-testimonianza\/wp-content\/uploads\/sites\/37\/2026\/03\/preghiera-donne-2026-5-300x225.jpg itemprop=\"thumbnail\" alt=\"\"  \/>\n\t\t\t\t    <\/a>\n\t\t\t\t    <figcaption class=\"photoswipe-gallery-caption\" ><\/figcaption>\n\t\t\t    <\/figure>\n\t\t\t\t\n\t\t\t\t<figure class=\"msnry_item\" itemscope itemtype=\"http:\/\/schema.org\/ImageObject\">\n\t\t\t\t\t<a href=\"https:\/\/www.diocesitn.it\/area-testimonianza\/wp-content\/uploads\/sites\/37\/2026\/03\/preghiera-donne-2026-6-768x1024.jpg\"\n\t\t\t\t\titemprop=\"contentUrl\"\n\t\t\t\t\tdata-pswp-width=\"768\" \n\t\t\t\t    data-pswp-height=\"1024\" \n\t\t\t\t    data-cropped=\"true\"\n\t\t\t\t\tdata-caption=\"\"\n\t\t\t\t\tclass=\"post-thumbnail-image-link container-fixed-aspect-ratio__16-9\">\n\t\t\t\t        <img src=https:\/\/www.diocesitn.it\/area-testimonianza\/wp-content\/uploads\/sites\/37\/2026\/03\/preghiera-donne-2026-6-225x300.jpg itemprop=\"thumbnail\" alt=\"\"  \/>\n\t\t\t\t    <\/a>\n\t\t\t\t    <figcaption class=\"photoswipe-gallery-caption\" ><\/figcaption>\n\t\t\t    <\/figure>\n\t\t\t\t\n\t\t\t\t<figure class=\"msnry_item\" itemscope itemtype=\"http:\/\/schema.org\/ImageObject\">\n\t\t\t\t\t<a href=\"https:\/\/www.diocesitn.it\/area-testimonianza\/wp-content\/uploads\/sites\/37\/2026\/03\/preghiera-donne-2026-2-768x1024.jpg\"\n\t\t\t\t\titemprop=\"contentUrl\"\n\t\t\t\t\tdata-pswp-width=\"768\" \n\t\t\t\t    data-pswp-height=\"1024\" \n\t\t\t\t    data-cropped=\"true\"\n\t\t\t\t\tdata-caption=\"\"\n\t\t\t\t\tclass=\"post-thumbnail-image-link container-fixed-aspect-ratio__16-9\">\n\t\t\t\t        <img src=https:\/\/www.diocesitn.it\/area-testimonianza\/wp-content\/uploads\/sites\/37\/2026\/03\/preghiera-donne-2026-2-225x300.jpg itemprop=\"thumbnail\" alt=\"\"  \/>\n\t\t\t\t    <\/a>\n\t\t\t\t    <figcaption class=\"photoswipe-gallery-caption\" ><\/figcaption>\n\t\t\t    <\/figure>\n\t\t\t\t\n\t\t\t\t<figure class=\"msnry_item\" itemscope itemtype=\"http:\/\/schema.org\/ImageObject\">\n\t\t\t\t\t<a href=\"https:\/\/www.diocesitn.it\/area-testimonianza\/wp-content\/uploads\/sites\/37\/2026\/03\/preghiera-donne-2026-3-768x1024.jpg\"\n\t\t\t\t\titemprop=\"contentUrl\"\n\t\t\t\t\tdata-pswp-width=\"768\" \n\t\t\t\t    data-pswp-height=\"1024\" \n\t\t\t\t    data-cropped=\"true\"\n\t\t\t\t\tdata-caption=\"\"\n\t\t\t\t\tclass=\"post-thumbnail-image-link container-fixed-aspect-ratio__16-9\">\n\t\t\t\t        <img src=https:\/\/www.diocesitn.it\/area-testimonianza\/wp-content\/uploads\/sites\/37\/2026\/03\/preghiera-donne-2026-3-225x300.jpg itemprop=\"thumbnail\" alt=\"\"  \/>\n\t\t\t\t    <\/a>\n\t\t\t\t    <figcaption class=\"photoswipe-gallery-caption\" ><\/figcaption>\n\t\t\t    <\/figure>\n\t\t\t\t\n\t\t\t\t<figure class=\"msnry_item\" itemscope itemtype=\"http:\/\/schema.org\/ImageObject\">\n\t\t\t\t\t<a href=\"https:\/\/www.diocesitn.it\/area-testimonianza\/wp-content\/uploads\/sites\/37\/2026\/03\/preghiera-donne-2026-4-768x1024.jpg\"\n\t\t\t\t\titemprop=\"contentUrl\"\n\t\t\t\t\tdata-pswp-width=\"768\" \n\t\t\t\t    data-pswp-height=\"1024\" \n\t\t\t\t    data-cropped=\"true\"\n\t\t\t\t\tdata-caption=\"\"\n\t\t\t\t\tclass=\"post-thumbnail-image-link container-fixed-aspect-ratio__16-9\">\n\t\t\t\t        <img src=https:\/\/www.diocesitn.it\/area-testimonianza\/wp-content\/uploads\/sites\/37\/2026\/03\/preghiera-donne-2026-4-225x300.jpg itemprop=\"thumbnail\" alt=\"\"  \/>\n\t\t\t\t    <\/a>\n\t\t\t\t    <figcaption class=\"photoswipe-gallery-caption\" ><\/figcaption>\n\t\t\t    <\/figure>\n\t\t\t\t\n\t\t\t\t<figure class=\"msnry_item\" itemscope itemtype=\"http:\/\/schema.org\/ImageObject\">\n\t\t\t\t\t<a href=\"https:\/\/www.diocesitn.it\/area-testimonianza\/wp-content\/uploads\/sites\/37\/2026\/03\/preghiera-donne-2026-768x1024.jpg\"\n\t\t\t\t\titemprop=\"contentUrl\"\n\t\t\t\t\tdata-pswp-width=\"768\" \n\t\t\t\t    data-pswp-height=\"1024\" \n\t\t\t\t    data-cropped=\"true\"\n\t\t\t\t\tdata-caption=\"\"\n\t\t\t\t\tclass=\"post-thumbnail-image-link container-fixed-aspect-ratio__16-9\">\n\t\t\t\t        <img src=https:\/\/www.diocesitn.it\/area-testimonianza\/wp-content\/uploads\/sites\/37\/2026\/03\/preghiera-donne-2026-225x300.jpg itemprop=\"thumbnail\" alt=\"\"  \/>\n\t\t\t\t    <\/a>\n\t\t\t\t    <figcaption class=\"photoswipe-gallery-caption\" ><\/figcaption>\n\t\t\t    <\/figure>\n\t\t\t\t\n\t\t\t\t<figure class=\"msnry_item\" itemscope itemtype=\"http:\/\/schema.org\/ImageObject\">\n\t\t\t\t\t<a href=\"https:\/\/www.diocesitn.it\/area-testimonianza\/wp-content\/uploads\/sites\/37\/2026\/03\/preghiera-donne-2026-7-e1773151967576.jpg\"\n\t\t\t\t\titemprop=\"contentUrl\"\n\t\t\t\t\tdata-pswp-width=\"670\" \n\t\t\t\t    data-pswp-height=\"438\" \n\t\t\t\t    data-cropped=\"true\"\n\t\t\t\t\tdata-caption=\"\"\n\t\t\t\t\tclass=\"post-thumbnail-image-link container-fixed-aspect-ratio__16-9\">\n\t\t\t\t        <img src=https:\/\/www.diocesitn.it\/area-testimonianza\/wp-content\/uploads\/sites\/37\/2026\/03\/preghiera-donne-2026-7-e1773151967576-300x196.jpg itemprop=\"thumbnail\" alt=\"preghiera donne 2026 a Sanzeno\"  \/>\n\t\t\t\t    <\/a>\n\t\t\t\t    <figcaption class=\"photoswipe-gallery-caption\" ><\/figcaption>\n\t\t\t    <\/figure>\n\t\t\t\t<\/div>\n\t\t<div style='clear:both'><\/div>\n\t\n","protected":false},"excerpt":{"rendered":"<p>Entrando nella basilica dei Martiri d\u2019Anaunia a Sanzeno, la sera della preghiera ecumenica delle donne &#8211; come accaduto sabato 7 marzo -, colpisce subito l\u2019atmosfera. Non solo i canti o i testi della celebrazione, ma<\/p>\n","protected":false},"author":3,"featured_media":19623,"comment_status":"closed","ping_status":"closed","sticky":false,"template":"","format":"standard","meta":{"footnotes":""},"categories":[1130,1074],"tags":[],"class_list":["post-19616","post","type-post","status-publish","format-standard","has-post-thumbnail","hentry","category-servizio-ecumenismo-e-dialogo","category-notizie"],"acf":{"seed-localization-paese-cod":"IT","seed-localization-address":"","seed-localization-citta":"Trento","seed-localization-regione-cod-istat":"04","seed-localization-citta-cod-istat":"022205","seed-localization-localita":"","seed-localization-cap":"","seed-localization-marker-visibility":false,"seed-localization-children-visibility":false,"seed-localization-kml":"","seed-localization-custom-marker":""},"yoast_head":"<!-- This site is optimized with the Yoast SEO Premium plugin v20.2.1 (Yoast SEO v22.2) - https:\/\/yoast.com\/wordpress\/plugins\/seo\/ -->\n<title>Donne che portano insieme i fardelli: a Sanzeno la preghiera ecumenica che unisce solidariet\u00e0 e speranza - Testimonianza e Impegno sociale<\/title>\n<meta name=\"robots\" content=\"index, follow, max-snippet:-1, max-image-preview:large, max-video-preview:-1\" \/>\n<link rel=\"canonical\" href=\"https:\/\/www.diocesitn.it\/area-testimonianza\/2026\/03\/10\/donne-che-portano-insieme-i-fardelli-a-sanzeno-la-preghiera-ecumenica-che-unisce-solidarieta-e-speranza\/\" \/>\n<meta property=\"og:locale\" content=\"it_IT\" \/>\n<meta property=\"og:type\" content=\"article\" \/>\n<meta property=\"og:title\" content=\"Donne che portano insieme i fardelli: a Sanzeno la preghiera ecumenica che unisce solidariet\u00e0 e speranza\" \/>\n<meta property=\"og:description\" content=\"Entrando nella basilica dei Martiri d\u2019Anaunia a Sanzeno, la sera della preghiera ecumenica delle donne &#8211; come accaduto sabato 7 marzo -, colpisce subito l\u2019atmosfera. Non solo i canti o i testi della celebrazione, ma\" \/>\n<meta property=\"og:url\" content=\"https:\/\/www.diocesitn.it\/area-testimonianza\/2026\/03\/10\/donne-che-portano-insieme-i-fardelli-a-sanzeno-la-preghiera-ecumenica-che-unisce-solidarieta-e-speranza\/\" \/>\n<meta property=\"og:site_name\" content=\"Testimonianza e Impegno sociale\" \/>\n<meta property=\"article:published_time\" content=\"2026-03-10T14:16:33+00:00\" \/>\n<meta property=\"article:modified_time\" content=\"2026-03-18T07:59:20+00:00\" \/>\n<meta property=\"og:image\" content=\"https:\/\/www.diocesitn.it\/area-testimonianza\/wp-content\/uploads\/sites\/37\/2026\/03\/preghiera-donne-2026-7-e1773151967576.jpg\" \/>\n\t<meta property=\"og:image:width\" content=\"670\" \/>\n\t<meta property=\"og:image:height\" content=\"438\" \/>\n\t<meta property=\"og:image:type\" content=\"image\/jpeg\" \/>\n<meta name=\"author\" content=\"Piergiorgio Franceschini\" \/>\n<meta name=\"twitter:card\" content=\"summary_large_image\" \/>\n<meta name=\"twitter:label1\" content=\"Scritto da\" \/>\n\t<meta name=\"twitter:data1\" content=\"Piergiorgio Franceschini\" \/>\n\t<meta name=\"twitter:label2\" content=\"Tempo di lettura stimato\" \/>\n\t<meta name=\"twitter:data2\" content=\"3 minuti\" \/>\n<script type=\"application\/ld+json\" class=\"yoast-schema-graph\">{\"@context\":\"https:\/\/schema.org\",\"@graph\":[{\"@type\":\"Article\",\"@id\":\"https:\/\/www.diocesitn.it\/area-testimonianza\/2026\/03\/10\/donne-che-portano-insieme-i-fardelli-a-sanzeno-la-preghiera-ecumenica-che-unisce-solidarieta-e-speranza\/#article\",\"isPartOf\":{\"@id\":\"https:\/\/www.diocesitn.it\/area-testimonianza\/2026\/03\/10\/donne-che-portano-insieme-i-fardelli-a-sanzeno-la-preghiera-ecumenica-che-unisce-solidarieta-e-speranza\/\"},\"author\":{\"name\":\"Piergiorgio Franceschini\",\"@id\":\"https:\/\/www.diocesitn.it\/area-testimonianza\/#\/schema\/person\/99590c84577873a025247b6aeb16ad2e\"},\"headline\":\"Donne che portano insieme i fardelli: a Sanzeno la preghiera ecumenica che unisce solidariet\u00e0 e speranza\",\"datePublished\":\"2026-03-10T14:16:33+00:00\",\"dateModified\":\"2026-03-18T07:59:20+00:00\",\"mainEntityOfPage\":{\"@id\":\"https:\/\/www.diocesitn.it\/area-testimonianza\/2026\/03\/10\/donne-che-portano-insieme-i-fardelli-a-sanzeno-la-preghiera-ecumenica-che-unisce-solidarieta-e-speranza\/\"},\"wordCount\":461,\"publisher\":{\"@id\":\"https:\/\/www.diocesitn.it\/area-testimonianza\/#organization\"},\"image\":{\"@id\":\"https:\/\/www.diocesitn.it\/area-testimonianza\/2026\/03\/10\/donne-che-portano-insieme-i-fardelli-a-sanzeno-la-preghiera-ecumenica-che-unisce-solidarieta-e-speranza\/#primaryimage\"},\"thumbnailUrl\":\"https:\/\/www.diocesitn.it\/area-testimonianza\/wp-content\/uploads\/sites\/37\/2026\/03\/preghiera-donne-2026-7-e1773151967576.jpg\",\"articleSection\":[\"Ecumenismo e Dialogo interreligioso\",\"Notizie\"],\"inLanguage\":\"it-IT\",\"copyrightYear\":\"2026\",\"copyrightHolder\":{\"@id\":\"https:\/\/www.diocesitn.it\/#organization\"}},{\"@type\":\"WebPage\",\"@id\":\"https:\/\/www.diocesitn.it\/area-testimonianza\/2026\/03\/10\/donne-che-portano-insieme-i-fardelli-a-sanzeno-la-preghiera-ecumenica-che-unisce-solidarieta-e-speranza\/\",\"url\":\"https:\/\/www.diocesitn.it\/area-testimonianza\/2026\/03\/10\/donne-che-portano-insieme-i-fardelli-a-sanzeno-la-preghiera-ecumenica-che-unisce-solidarieta-e-speranza\/\",\"name\":\"Donne che portano insieme i fardelli: a Sanzeno la preghiera ecumenica che unisce solidariet\u00e0 e speranza - Testimonianza e Impegno sociale\",\"isPartOf\":{\"@id\":\"https:\/\/www.diocesitn.it\/area-testimonianza\/#website\"},\"primaryImageOfPage\":{\"@id\":\"https:\/\/www.diocesitn.it\/area-testimonianza\/2026\/03\/10\/donne-che-portano-insieme-i-fardelli-a-sanzeno-la-preghiera-ecumenica-che-unisce-solidarieta-e-speranza\/#primaryimage\"},\"image\":{\"@id\":\"https:\/\/www.diocesitn.it\/area-testimonianza\/2026\/03\/10\/donne-che-portano-insieme-i-fardelli-a-sanzeno-la-preghiera-ecumenica-che-unisce-solidarieta-e-speranza\/#primaryimage\"},\"thumbnailUrl\":\"https:\/\/www.diocesitn.it\/area-testimonianza\/wp-content\/uploads\/sites\/37\/2026\/03\/preghiera-donne-2026-7-e1773151967576.jpg\",\"datePublished\":\"2026-03-10T14:16:33+00:00\",\"dateModified\":\"2026-03-18T07:59:20+00:00\",\"breadcrumb\":{\"@id\":\"https:\/\/www.diocesitn.it\/area-testimonianza\/2026\/03\/10\/donne-che-portano-insieme-i-fardelli-a-sanzeno-la-preghiera-ecumenica-che-unisce-solidarieta-e-speranza\/#breadcrumb\"},\"inLanguage\":\"it-IT\",\"potentialAction\":[{\"@type\":\"ReadAction\",\"target\":[\"https:\/\/www.diocesitn.it\/area-testimonianza\/2026\/03\/10\/donne-che-portano-insieme-i-fardelli-a-sanzeno-la-preghiera-ecumenica-che-unisce-solidarieta-e-speranza\/\"]}]},{\"@type\":\"ImageObject\",\"inLanguage\":\"it-IT\",\"@id\":\"https:\/\/www.diocesitn.it\/area-testimonianza\/2026\/03\/10\/donne-che-portano-insieme-i-fardelli-a-sanzeno-la-preghiera-ecumenica-che-unisce-solidarieta-e-speranza\/#primaryimage\",\"url\":\"https:\/\/www.diocesitn.it\/area-testimonianza\/wp-content\/uploads\/sites\/37\/2026\/03\/preghiera-donne-2026-7-e1773151967576.jpg\",\"contentUrl\":\"https:\/\/www.diocesitn.it\/area-testimonianza\/wp-content\/uploads\/sites\/37\/2026\/03\/preghiera-donne-2026-7-e1773151967576.jpg\",\"width\":670,\"height\":438,\"caption\":\"preghiera donne 2026 a Sanzeno\"},{\"@type\":\"BreadcrumbList\",\"@id\":\"https:\/\/www.diocesitn.it\/area-testimonianza\/2026\/03\/10\/donne-che-portano-insieme-i-fardelli-a-sanzeno-la-preghiera-ecumenica-che-unisce-solidarieta-e-speranza\/#breadcrumb\",\"itemListElement\":[{\"@type\":\"ListItem\",\"position\":1,\"name\":\"Home\",\"item\":\"https:\/\/www.diocesitn.it\/area-testimonianza\/\"},{\"@type\":\"ListItem\",\"position\":2,\"name\":\"Donne che portano insieme i fardelli: a Sanzeno la preghiera ecumenica che unisce solidariet\u00e0 e speranza\"}]},{\"@type\":\"WebSite\",\"@id\":\"https:\/\/www.diocesitn.it\/area-testimonianza\/#website\",\"url\":\"https:\/\/www.diocesitn.it\/area-testimonianza\/\",\"name\":\"Testimonianza e Impegno sociale\",\"description\":\"Chiesa di Trento\",\"publisher\":{\"@id\":\"https:\/\/www.diocesitn.it\/area-testimonianza\/#organization\"},\"potentialAction\":[{\"@type\":\"SearchAction\",\"target\":{\"@type\":\"EntryPoint\",\"urlTemplate\":\"https:\/\/www.diocesitn.it\/area-testimonianza\/?s={search_term_string}\"},\"query-input\":\"required name=search_term_string\"}],\"inLanguage\":\"it-IT\"},{\"@type\":[\"Organization\",\"Place\"],\"@id\":\"https:\/\/www.diocesitn.it\/area-testimonianza\/#organization\",\"name\":\"Area Testimonianza e Impegno Sociale - Chiesa di Trento\",\"url\":\"https:\/\/www.diocesitn.it\/area-testimonianza\/\",\"logo\":{\"@id\":\"https:\/\/www.diocesitn.it\/area-testimonianza\/2026\/03\/10\/donne-che-portano-insieme-i-fardelli-a-sanzeno-la-preghiera-ecumenica-che-unisce-solidarieta-e-speranza\/#local-main-organization-logo\"},\"image\":{\"@id\":\"https:\/\/www.diocesitn.it\/area-testimonianza\/2026\/03\/10\/donne-che-portano-insieme-i-fardelli-a-sanzeno-la-preghiera-ecumenica-che-unisce-solidarieta-e-speranza\/#local-main-organization-logo\"},\"openingHoursSpecification\":[{\"@type\":\"OpeningHoursSpecification\",\"dayOfWeek\":[\"Monday\",\"Tuesday\",\"Wednesday\",\"Thursday\",\"Friday\",\"Saturday\",\"Sunday\"],\"opens\":\"09:00\",\"closes\":\"17:00\"}]},{\"@type\":\"ImageObject\",\"inLanguage\":\"it-IT\",\"@id\":\"https:\/\/www.diocesitn.it\/area-testimonianza\/2026\/03\/10\/donne-che-portano-insieme-i-fardelli-a-sanzeno-la-preghiera-ecumenica-che-unisce-solidarieta-e-speranza\/#local-main-organization-logo\",\"url\":\"https:\/\/www.diocesitn.it\/area-testimonianza\/wp-content\/uploads\/sites\/37\/2021\/09\/og-logo-testimonianza-e-impegno-sociale.jpg\",\"contentUrl\":\"https:\/\/www.diocesitn.it\/area-testimonianza\/wp-content\/uploads\/sites\/37\/2021\/09\/og-logo-testimonianza-e-impegno-sociale.jpg\",\"width\":1200,\"height\":630,\"caption\":\"Area Testimonianza e Impegno Sociale - Chiesa di Trento\"}]}<\/script>\n<!-- \/ Yoast SEO Premium plugin. -->","yoast_head_json":{"title":"Donne che portano insieme i fardelli: a Sanzeno la preghiera ecumenica che unisce solidariet\u00e0 e speranza - Testimonianza e Impegno sociale","robots":{"index":"index","follow":"follow","max-snippet":"max-snippet:-1","max-image-preview":"max-image-preview:large","max-video-preview":"max-video-preview:-1"},"canonical":"https:\/\/www.diocesitn.it\/area-testimonianza\/2026\/03\/10\/donne-che-portano-insieme-i-fardelli-a-sanzeno-la-preghiera-ecumenica-che-unisce-solidarieta-e-speranza\/","og_locale":"it_IT","og_type":"article","og_title":"Donne che portano insieme i fardelli: a Sanzeno la preghiera ecumenica che unisce solidariet\u00e0 e speranza","og_description":"Entrando nella basilica dei Martiri d\u2019Anaunia a Sanzeno, la sera della preghiera ecumenica delle donne &#8211; come accaduto sabato 7 marzo -, colpisce subito l\u2019atmosfera. Non solo i canti o i testi della celebrazione, ma","og_url":"https:\/\/www.diocesitn.it\/area-testimonianza\/2026\/03\/10\/donne-che-portano-insieme-i-fardelli-a-sanzeno-la-preghiera-ecumenica-che-unisce-solidarieta-e-speranza\/","og_site_name":"Testimonianza e Impegno sociale","article_published_time":"2026-03-10T14:16:33+00:00","article_modified_time":"2026-03-18T07:59:20+00:00","og_image":[{"width":670,"height":438,"url":"https:\/\/www.diocesitn.it\/area-testimonianza\/wp-content\/uploads\/sites\/37\/2026\/03\/preghiera-donne-2026-7-e1773151967576.jpg","type":"image\/jpeg"}],"author":"Piergiorgio Franceschini","twitter_card":"summary_large_image","twitter_misc":{"Scritto da":"Piergiorgio Franceschini","Tempo di lettura stimato":"3 minuti"},"schema":{"@context":"https:\/\/schema.org","@graph":[{"@type":"Article","@id":"https:\/\/www.diocesitn.it\/area-testimonianza\/2026\/03\/10\/donne-che-portano-insieme-i-fardelli-a-sanzeno-la-preghiera-ecumenica-che-unisce-solidarieta-e-speranza\/#article","isPartOf":{"@id":"https:\/\/www.diocesitn.it\/area-testimonianza\/2026\/03\/10\/donne-che-portano-insieme-i-fardelli-a-sanzeno-la-preghiera-ecumenica-che-unisce-solidarieta-e-speranza\/"},"author":{"name":"Piergiorgio Franceschini","@id":"https:\/\/www.diocesitn.it\/area-testimonianza\/#\/schema\/person\/99590c84577873a025247b6aeb16ad2e"},"headline":"Donne che portano insieme i fardelli: a Sanzeno la preghiera ecumenica che unisce solidariet\u00e0 e speranza","datePublished":"2026-03-10T14:16:33+00:00","dateModified":"2026-03-18T07:59:20+00:00","mainEntityOfPage":{"@id":"https:\/\/www.diocesitn.it\/area-testimonianza\/2026\/03\/10\/donne-che-portano-insieme-i-fardelli-a-sanzeno-la-preghiera-ecumenica-che-unisce-solidarieta-e-speranza\/"},"wordCount":461,"publisher":{"@id":"https:\/\/www.diocesitn.it\/area-testimonianza\/#organization"},"image":{"@id":"https:\/\/www.diocesitn.it\/area-testimonianza\/2026\/03\/10\/donne-che-portano-insieme-i-fardelli-a-sanzeno-la-preghiera-ecumenica-che-unisce-solidarieta-e-speranza\/#primaryimage"},"thumbnailUrl":"https:\/\/www.diocesitn.it\/area-testimonianza\/wp-content\/uploads\/sites\/37\/2026\/03\/preghiera-donne-2026-7-e1773151967576.jpg","articleSection":["Ecumenismo e Dialogo interreligioso","Notizie"],"inLanguage":"it-IT","copyrightYear":"2026","copyrightHolder":{"@id":"https:\/\/www.diocesitn.it\/#organization"}},{"@type":"WebPage","@id":"https:\/\/www.diocesitn.it\/area-testimonianza\/2026\/03\/10\/donne-che-portano-insieme-i-fardelli-a-sanzeno-la-preghiera-ecumenica-che-unisce-solidarieta-e-speranza\/","url":"https:\/\/www.diocesitn.it\/area-testimonianza\/2026\/03\/10\/donne-che-portano-insieme-i-fardelli-a-sanzeno-la-preghiera-ecumenica-che-unisce-solidarieta-e-speranza\/","name":"Donne che portano insieme i fardelli: a Sanzeno la preghiera ecumenica che unisce solidariet\u00e0 e speranza - Testimonianza e Impegno sociale","isPartOf":{"@id":"https:\/\/www.diocesitn.it\/area-testimonianza\/#website"},"primaryImageOfPage":{"@id":"https:\/\/www.diocesitn.it\/area-testimonianza\/2026\/03\/10\/donne-che-portano-insieme-i-fardelli-a-sanzeno-la-preghiera-ecumenica-che-unisce-solidarieta-e-speranza\/#primaryimage"},"image":{"@id":"https:\/\/www.diocesitn.it\/area-testimonianza\/2026\/03\/10\/donne-che-portano-insieme-i-fardelli-a-sanzeno-la-preghiera-ecumenica-che-unisce-solidarieta-e-speranza\/#primaryimage"},"thumbnailUrl":"https:\/\/www.diocesitn.it\/area-testimonianza\/wp-content\/uploads\/sites\/37\/2026\/03\/preghiera-donne-2026-7-e1773151967576.jpg","datePublished":"2026-03-10T14:16:33+00:00","dateModified":"2026-03-18T07:59:20+00:00","breadcrumb":{"@id":"https:\/\/www.diocesitn.it\/area-testimonianza\/2026\/03\/10\/donne-che-portano-insieme-i-fardelli-a-sanzeno-la-preghiera-ecumenica-che-unisce-solidarieta-e-speranza\/#breadcrumb"},"inLanguage":"it-IT","potentialAction":[{"@type":"ReadAction","target":["https:\/\/www.diocesitn.it\/area-testimonianza\/2026\/03\/10\/donne-che-portano-insieme-i-fardelli-a-sanzeno-la-preghiera-ecumenica-che-unisce-solidarieta-e-speranza\/"]}]},{"@type":"ImageObject","inLanguage":"it-IT","@id":"https:\/\/www.diocesitn.it\/area-testimonianza\/2026\/03\/10\/donne-che-portano-insieme-i-fardelli-a-sanzeno-la-preghiera-ecumenica-che-unisce-solidarieta-e-speranza\/#primaryimage","url":"https:\/\/www.diocesitn.it\/area-testimonianza\/wp-content\/uploads\/sites\/37\/2026\/03\/preghiera-donne-2026-7-e1773151967576.jpg","contentUrl":"https:\/\/www.diocesitn.it\/area-testimonianza\/wp-content\/uploads\/sites\/37\/2026\/03\/preghiera-donne-2026-7-e1773151967576.jpg","width":670,"height":438,"caption":"preghiera donne 2026 a Sanzeno"},{"@type":"BreadcrumbList","@id":"https:\/\/www.diocesitn.it\/area-testimonianza\/2026\/03\/10\/donne-che-portano-insieme-i-fardelli-a-sanzeno-la-preghiera-ecumenica-che-unisce-solidarieta-e-speranza\/#breadcrumb","itemListElement":[{"@type":"ListItem","position":1,"name":"Home","item":"https:\/\/www.diocesitn.it\/area-testimonianza\/"},{"@type":"ListItem","position":2,"name":"Donne che portano insieme i fardelli: a Sanzeno la preghiera ecumenica che unisce solidariet\u00e0 e speranza"}]},{"@type":"WebSite","@id":"https:\/\/www.diocesitn.it\/area-testimonianza\/#website","url":"https:\/\/www.diocesitn.it\/area-testimonianza\/","name":"Testimonianza e Impegno sociale","description":"Chiesa di Trento","publisher":{"@id":"https:\/\/www.diocesitn.it\/area-testimonianza\/#organization"},"potentialAction":[{"@type":"SearchAction","target":{"@type":"EntryPoint","urlTemplate":"https:\/\/www.diocesitn.it\/area-testimonianza\/?s={search_term_string}"},"query-input":"required name=search_term_string"}],"inLanguage":"it-IT"},{"@type":["Organization","Place"],"@id":"https:\/\/www.diocesitn.it\/area-testimonianza\/#organization","name":"Area Testimonianza e Impegno Sociale - Chiesa di Trento","url":"https:\/\/www.diocesitn.it\/area-testimonianza\/","logo":{"@id":"https:\/\/www.diocesitn.it\/area-testimonianza\/2026\/03\/10\/donne-che-portano-insieme-i-fardelli-a-sanzeno-la-preghiera-ecumenica-che-unisce-solidarieta-e-speranza\/#local-main-organization-logo"},"image":{"@id":"https:\/\/www.diocesitn.it\/area-testimonianza\/2026\/03\/10\/donne-che-portano-insieme-i-fardelli-a-sanzeno-la-preghiera-ecumenica-che-unisce-solidarieta-e-speranza\/#local-main-organization-logo"},"openingHoursSpecification":[{"@type":"OpeningHoursSpecification","dayOfWeek":["Monday","Tuesday","Wednesday","Thursday","Friday","Saturday","Sunday"],"opens":"09:00","closes":"17:00"}]},{"@type":"ImageObject","inLanguage":"it-IT","@id":"https:\/\/www.diocesitn.it\/area-testimonianza\/2026\/03\/10\/donne-che-portano-insieme-i-fardelli-a-sanzeno-la-preghiera-ecumenica-che-unisce-solidarieta-e-speranza\/#local-main-organization-logo","url":"https:\/\/www.diocesitn.it\/area-testimonianza\/wp-content\/uploads\/sites\/37\/2021\/09\/og-logo-testimonianza-e-impegno-sociale.jpg","contentUrl":"https:\/\/www.diocesitn.it\/area-testimonianza\/wp-content\/uploads\/sites\/37\/2021\/09\/og-logo-testimonianza-e-impegno-sociale.jpg","width":1200,"height":630,"caption":"Area Testimonianza e Impegno Sociale - Chiesa di Trento"}]}},"_links":{"self":[{"href":"https:\/\/www.diocesitn.it\/area-testimonianza\/wp-json\/wp\/v2\/posts\/19616","targetHints":{"allow":["GET"]}}],"collection":[{"href":"https:\/\/www.diocesitn.it\/area-testimonianza\/wp-json\/wp\/v2\/posts"}],"about":[{"href":"https:\/\/www.diocesitn.it\/area-testimonianza\/wp-json\/wp\/v2\/types\/post"}],"author":[{"embeddable":true,"href":"https:\/\/www.diocesitn.it\/area-testimonianza\/wp-json\/wp\/v2\/users\/3"}],"replies":[{"embeddable":true,"href":"https:\/\/www.diocesitn.it\/area-testimonianza\/wp-json\/wp\/v2\/comments?post=19616"}],"version-history":[{"count":2,"href":"https:\/\/www.diocesitn.it\/area-testimonianza\/wp-json\/wp\/v2\/posts\/19616\/revisions"}],"predecessor-version":[{"id":19625,"href":"https:\/\/www.diocesitn.it\/area-testimonianza\/wp-json\/wp\/v2\/posts\/19616\/revisions\/19625"}],"wp:featuredmedia":[{"embeddable":true,"href":"https:\/\/www.diocesitn.it\/area-testimonianza\/wp-json\/wp\/v2\/media\/19623"}],"wp:attachment":[{"href":"https:\/\/www.diocesitn.it\/area-testimonianza\/wp-json\/wp\/v2\/media?parent=19616"}],"wp:term":[{"taxonomy":"category","embeddable":true,"href":"https:\/\/www.diocesitn.it\/area-testimonianza\/wp-json\/wp\/v2\/categories?post=19616"},{"taxonomy":"post_tag","embeddable":true,"href":"https:\/\/www.diocesitn.it\/area-testimonianza\/wp-json\/wp\/v2\/tags?post=19616"}],"curies":[{"name":"wp","href":"https:\/\/api.w.org\/{rel}","templated":true}]}}