{"id":19611,"date":"2026-03-06T10:05:30","date_gmt":"2026-03-06T09:05:30","guid":{"rendered":"https:\/\/www.diocesitn.it\/area-testimonianza\/2026\/03\/06\/guerra-in-medio-oriente-il-13-marzo-giornata-di-preghiera-e-digiuno-per-la-pace-promossa-dalla-cei\/"},"modified":"2026-03-18T08:59:31","modified_gmt":"2026-03-18T07:59:31","slug":"guerra-in-medio-oriente-il-13-marzo-giornata-di-preghiera-e-digiuno-per-la-pace-promossa-dalla-cei","status":"publish","type":"post","link":"https:\/\/www.diocesitn.it\/area-testimonianza\/2026\/03\/06\/guerra-in-medio-oriente-il-13-marzo-giornata-di-preghiera-e-digiuno-per-la-pace-promossa-dalla-cei\/","title":{"rendered":"Guerra in Medio Oriente, il 13 marzo giornata di preghiera e digiuno per la pace. A Trento S. Messa in cattedrale alle 19 (DIRETTA streaming e TV)"},"content":{"rendered":"<p>Di fronte all\u2019intensificarsi della guerra in <strong>Medio Oriente<\/strong> e al timore di un conflitto dalle conseguenze globali, la Presidenza della Conferenza Episcopale Italiana promuove per <strong>venerd\u00ec 13 marzo una Giornata di preghiera e digiuno per la pace<\/strong>.<!--more--><\/p>\n<h4>S. Messa nella cattedrale di Trento venerd\u00ec alle ore 19<\/h4>\n<p>La <strong>Diocesi di Trento<\/strong> vi aderisce con la <strong>S. Messa<\/strong> gi\u00e0 prevista in cattedrale <strong>venerd\u00ec 13 alle ore 19<\/strong>, presieduta dall&#8217;<strong>arcivescovo Lauro<\/strong>. La liturgia, in memoria della morte di <strong>Chiara Lubich<\/strong>, fondatrice del <strong>Movimento dei Focolari<\/strong> (14 marzo 2008), sar\u00e0 dunque l&#8217;occasione per rinnovare come Chiesa diocesana l&#8217;invocazione a Dio del <strong>dono della pace<\/strong>, di cui la stessa Lubich fu indimenticata seminatrice nel mondo, muovendo i primi passi proprio dalla &#8220;sua&#8221; Trento, sotto le bombe della Seconda Guerra Mondiale.<\/p>\n<p>La S. Messa sar\u00e0 trasmessa in diretta sul <strong>canale YouTube<\/strong> della Diocesi di Trento e su <strong>Telepace Trento<\/strong>.<\/p>\n<p>L\u2019iniziativa promossa dalla CEI si inserisce nel clima di crescente preoccupazione internazionale per l\u2019escalation di violenza che rischia di trascinare l\u2019umanit\u00e0 in una nuova guerra dalle proporzioni planetarie. L\u2019appello dei vescovi italiani si unisce alla richiesta di Papa Leone di <strong>\u201cfermare la spirale della violenza prima che diventi una voragine irreparabile\u201d <\/strong>e fa seguito alla preghiera del <strong>4 marzo <\/strong>in sintonia con le <strong>Chiese europee <\/strong>(a <strong>Trento <\/strong>vissuta con una <strong><a href=\"https:\/\/www.diocesitn.it\/site\/veglia-di-preghiera-per-la-pace-nella-cattedrale-di-trento-accese-56-candele-per-i-conflitti-del-mondo\/\">veglia in cattedrale<\/a>)<\/strong>.<\/p>\n<h4>Si invoca il Re della Pace<\/h4>\n<p>L\u2019invito del 13 marzo \u00e8 rivolto a tutte le comunit\u00e0 ecclesiali affinch\u00e9 si uniscano nella preghiera al <strong>Re della Pace<\/strong>, chiedendo che l\u2019umanit\u00e0 sia salvata dagli orrori e dalle sofferenze provocate dai conflitti in corso.<\/p>\n<p>La Presidenza della CEI ribadisce che <strong>la guerra non \u00e8 e non pu\u00f2 essere la risposta alle controversie tra i popoli<\/strong>. Secondo i vescovi, la logica della forza non pu\u00f2 sostituire la paziente arte della diplomazia, che resta l\u2019unica strada possibile per affrontare tensioni e contese internazionali. Allo stesso tempo, il rumore delle armi non pu\u00f2 soffocare la dignit\u00e0 e le aspirazioni dei popoli, cos\u00ec come la paura e la minaccia non possono prevalere sul dialogo e sulla ricerca del bene comune.<\/p>\n<p>In questo contesto drammatico, i vescovi richiamano anche la Nota <em>Educare a una pace disarmata e disarmante<\/em>, ricordando che il grido delle vittime interpella direttamente le coscienze. Le immagini di violenza e distruzione che arrivano dai territori di guerra chiedono un impegno ancora pi\u00f9 forte, capace di tradursi in <strong>gesti concreti di solidariet\u00e0, vicinanza e preghiera quotidiana<\/strong>.<\/p>\n<p>La giornata del 13 marzo sar\u00e0 dunque un\u2019occasione per invocare il dono della pace non solo per il Medio Oriente, ma per tutte le regioni del mondo segnate da divisione, distruzione e morte.<\/p>\n<p>Per accompagnare le comunit\u00e0 ecclesiali, l\u2019Ufficio Liturgico Nazionale ha predisposto alcune indicazioni per la <strong>Celebrazione Eucaristica, la Via Crucis e il digiuno <a href=\"https:\/\/www.diocesitn.it\/area-testimonianza\/wp-content\/uploads\/sites\/37\/2026\/03\/Preghiera-13-marzo-2026.pdf\">(QUI LINK)<\/a><\/strong>. Tra le intenzioni di preghiera vi sar\u00e0 quella perch\u00e9 si apra presto un cammino di pace stabile e duratura e perch\u00e9 quanti soffrono a causa della violenza \u2013 vittime dei bombardamenti, profughi, feriti e famiglie in lutto \u2013 possano trovare conforto nella solidariet\u00e0 della comunit\u00e0 cristiana e nella speranza che viene da Dio.<\/p>\n","protected":false},"excerpt":{"rendered":"<p>Di fronte all\u2019intensificarsi della guerra in Medio Oriente e al timore di un conflitto dalle conseguenze globali, la Presidenza della Conferenza Episcopale Italiana promuove per venerd\u00ec 13 marzo una Giornata di preghiera e digiuno per<\/p>\n","protected":false},"author":3,"featured_media":19612,"comment_status":"closed","ping_status":"closed","sticky":false,"template":"","format":"standard","meta":{"footnotes":""},"categories":[2206,1074],"tags":[],"class_list":["post-19611","post","type-post","status-publish","format-standard","has-post-thumbnail","hentry","category-servizio-giustizia-e-pace","category-notizie"],"acf":{"seed-localization-paese-cod":"IT","seed-localization-address":"","seed-localization-citta":"Trento","seed-localization-regione-cod-istat":"04","seed-localization-citta-cod-istat":"022205","seed-localization-localita":"","seed-localization-cap":"","seed-localization-marker-visibility":false,"seed-localization-children-visibility":false,"seed-localization-kml":"","seed-localization-custom-marker":""},"yoast_head":"<!-- This site is optimized with the Yoast SEO Premium plugin v20.2.1 (Yoast SEO v22.2) - https:\/\/yoast.com\/wordpress\/plugins\/seo\/ -->\n<title>Guerra in Medio Oriente, il 13 marzo giornata di preghiera e digiuno per la pace. A Trento S. Messa in cattedrale alle 19 (DIRETTA streaming e TV) - Testimonianza e Impegno sociale<\/title>\n<meta name=\"robots\" content=\"index, follow, max-snippet:-1, max-image-preview:large, max-video-preview:-1\" \/>\n<link rel=\"canonical\" href=\"https:\/\/www.diocesitn.it\/area-testimonianza\/2026\/03\/06\/guerra-in-medio-oriente-il-13-marzo-giornata-di-preghiera-e-digiuno-per-la-pace-promossa-dalla-cei\/\" \/>\n<meta property=\"og:locale\" content=\"it_IT\" \/>\n<meta property=\"og:type\" content=\"article\" \/>\n<meta property=\"og:title\" content=\"Guerra in Medio Oriente, il 13 marzo giornata di preghiera e digiuno per la pace. A Trento S. Messa in cattedrale alle 19 (DIRETTA streaming e TV)\" \/>\n<meta property=\"og:description\" content=\"Di fronte all\u2019intensificarsi della guerra in Medio Oriente e al timore di un conflitto dalle conseguenze globali, la Presidenza della Conferenza Episcopale Italiana promuove per venerd\u00ec 13 marzo una Giornata di preghiera e digiuno per\" \/>\n<meta property=\"og:url\" content=\"https:\/\/www.diocesitn.it\/area-testimonianza\/2026\/03\/06\/guerra-in-medio-oriente-il-13-marzo-giornata-di-preghiera-e-digiuno-per-la-pace-promossa-dalla-cei\/\" \/>\n<meta property=\"og:site_name\" content=\"Testimonianza e Impegno sociale\" \/>\n<meta property=\"article:published_time\" content=\"2026-03-06T09:05:30+00:00\" \/>\n<meta property=\"article:modified_time\" content=\"2026-03-18T07:59:31+00:00\" \/>\n<meta property=\"og:image\" content=\"https:\/\/www.diocesitn.it\/area-testimonianza\/wp-content\/uploads\/sites\/37\/2026\/03\/digiuno-e-preghiera-pace-13-marzo-e1772787882594.png\" \/>\n\t<meta property=\"og:image:width\" content=\"900\" \/>\n\t<meta property=\"og:image:height\" content=\"600\" \/>\n\t<meta property=\"og:image:type\" content=\"image\/png\" \/>\n<meta name=\"author\" content=\"Piergiorgio Franceschini\" \/>\n<meta name=\"twitter:card\" content=\"summary_large_image\" \/>\n<meta name=\"twitter:label1\" content=\"Scritto da\" \/>\n\t<meta name=\"twitter:data1\" content=\"Piergiorgio Franceschini\" \/>\n\t<meta name=\"twitter:label2\" content=\"Tempo di lettura stimato\" \/>\n\t<meta name=\"twitter:data2\" content=\"3 minuti\" \/>\n<script type=\"application\/ld+json\" class=\"yoast-schema-graph\">{\"@context\":\"https:\/\/schema.org\",\"@graph\":[{\"@type\":\"Article\",\"@id\":\"https:\/\/www.diocesitn.it\/area-testimonianza\/2026\/03\/06\/guerra-in-medio-oriente-il-13-marzo-giornata-di-preghiera-e-digiuno-per-la-pace-promossa-dalla-cei\/#article\",\"isPartOf\":{\"@id\":\"https:\/\/www.diocesitn.it\/area-testimonianza\/2026\/03\/06\/guerra-in-medio-oriente-il-13-marzo-giornata-di-preghiera-e-digiuno-per-la-pace-promossa-dalla-cei\/\"},\"author\":{\"name\":\"Piergiorgio Franceschini\",\"@id\":\"https:\/\/www.diocesitn.it\/area-testimonianza\/#\/schema\/person\/99590c84577873a025247b6aeb16ad2e\"},\"headline\":\"Guerra in Medio Oriente, il 13 marzo giornata di preghiera e digiuno per la pace. A Trento S. Messa in cattedrale alle 19 (DIRETTA streaming e TV)\",\"datePublished\":\"2026-03-06T09:05:30+00:00\",\"dateModified\":\"2026-03-18T07:59:31+00:00\",\"mainEntityOfPage\":{\"@id\":\"https:\/\/www.diocesitn.it\/area-testimonianza\/2026\/03\/06\/guerra-in-medio-oriente-il-13-marzo-giornata-di-preghiera-e-digiuno-per-la-pace-promossa-dalla-cei\/\"},\"wordCount\":529,\"publisher\":{\"@id\":\"https:\/\/www.diocesitn.it\/area-testimonianza\/#organization\"},\"image\":{\"@id\":\"https:\/\/www.diocesitn.it\/area-testimonianza\/2026\/03\/06\/guerra-in-medio-oriente-il-13-marzo-giornata-di-preghiera-e-digiuno-per-la-pace-promossa-dalla-cei\/#primaryimage\"},\"thumbnailUrl\":\"https:\/\/www.diocesitn.it\/area-testimonianza\/wp-content\/uploads\/sites\/37\/2026\/03\/digiuno-e-preghiera-pace-13-marzo-e1772787882594.png\",\"articleSection\":[\"Giustizia e pace\",\"Notizie\"],\"inLanguage\":\"it-IT\",\"copyrightYear\":\"2026\",\"copyrightHolder\":{\"@id\":\"https:\/\/www.diocesitn.it\/#organization\"}},{\"@type\":\"WebPage\",\"@id\":\"https:\/\/www.diocesitn.it\/area-testimonianza\/2026\/03\/06\/guerra-in-medio-oriente-il-13-marzo-giornata-di-preghiera-e-digiuno-per-la-pace-promossa-dalla-cei\/\",\"url\":\"https:\/\/www.diocesitn.it\/area-testimonianza\/2026\/03\/06\/guerra-in-medio-oriente-il-13-marzo-giornata-di-preghiera-e-digiuno-per-la-pace-promossa-dalla-cei\/\",\"name\":\"Guerra in Medio Oriente, il 13 marzo giornata di preghiera e digiuno per la pace. A Trento S. Messa in cattedrale alle 19 (DIRETTA streaming e TV) - Testimonianza e Impegno sociale\",\"isPartOf\":{\"@id\":\"https:\/\/www.diocesitn.it\/area-testimonianza\/#website\"},\"primaryImageOfPage\":{\"@id\":\"https:\/\/www.diocesitn.it\/area-testimonianza\/2026\/03\/06\/guerra-in-medio-oriente-il-13-marzo-giornata-di-preghiera-e-digiuno-per-la-pace-promossa-dalla-cei\/#primaryimage\"},\"image\":{\"@id\":\"https:\/\/www.diocesitn.it\/area-testimonianza\/2026\/03\/06\/guerra-in-medio-oriente-il-13-marzo-giornata-di-preghiera-e-digiuno-per-la-pace-promossa-dalla-cei\/#primaryimage\"},\"thumbnailUrl\":\"https:\/\/www.diocesitn.it\/area-testimonianza\/wp-content\/uploads\/sites\/37\/2026\/03\/digiuno-e-preghiera-pace-13-marzo-e1772787882594.png\",\"datePublished\":\"2026-03-06T09:05:30+00:00\",\"dateModified\":\"2026-03-18T07:59:31+00:00\",\"breadcrumb\":{\"@id\":\"https:\/\/www.diocesitn.it\/area-testimonianza\/2026\/03\/06\/guerra-in-medio-oriente-il-13-marzo-giornata-di-preghiera-e-digiuno-per-la-pace-promossa-dalla-cei\/#breadcrumb\"},\"inLanguage\":\"it-IT\",\"potentialAction\":[{\"@type\":\"ReadAction\",\"target\":[\"https:\/\/www.diocesitn.it\/area-testimonianza\/2026\/03\/06\/guerra-in-medio-oriente-il-13-marzo-giornata-di-preghiera-e-digiuno-per-la-pace-promossa-dalla-cei\/\"]}]},{\"@type\":\"ImageObject\",\"inLanguage\":\"it-IT\",\"@id\":\"https:\/\/www.diocesitn.it\/area-testimonianza\/2026\/03\/06\/guerra-in-medio-oriente-il-13-marzo-giornata-di-preghiera-e-digiuno-per-la-pace-promossa-dalla-cei\/#primaryimage\",\"url\":\"https:\/\/www.diocesitn.it\/area-testimonianza\/wp-content\/uploads\/sites\/37\/2026\/03\/digiuno-e-preghiera-pace-13-marzo-e1772787882594.png\",\"contentUrl\":\"https:\/\/www.diocesitn.it\/area-testimonianza\/wp-content\/uploads\/sites\/37\/2026\/03\/digiuno-e-preghiera-pace-13-marzo-e1772787882594.png\",\"width\":900,\"height\":600,\"caption\":\"digiuno e preghiera pace 13 marzo\"},{\"@type\":\"BreadcrumbList\",\"@id\":\"https:\/\/www.diocesitn.it\/area-testimonianza\/2026\/03\/06\/guerra-in-medio-oriente-il-13-marzo-giornata-di-preghiera-e-digiuno-per-la-pace-promossa-dalla-cei\/#breadcrumb\",\"itemListElement\":[{\"@type\":\"ListItem\",\"position\":1,\"name\":\"Home\",\"item\":\"https:\/\/www.diocesitn.it\/area-testimonianza\/\"},{\"@type\":\"ListItem\",\"position\":2,\"name\":\"Guerra in Medio Oriente, il 13 marzo giornata di preghiera e digiuno per la pace. A Trento S. Messa in cattedrale alle 19 (DIRETTA streaming e TV)\"}]},{\"@type\":\"WebSite\",\"@id\":\"https:\/\/www.diocesitn.it\/area-testimonianza\/#website\",\"url\":\"https:\/\/www.diocesitn.it\/area-testimonianza\/\",\"name\":\"Testimonianza e Impegno sociale\",\"description\":\"Chiesa di Trento\",\"publisher\":{\"@id\":\"https:\/\/www.diocesitn.it\/area-testimonianza\/#organization\"},\"potentialAction\":[{\"@type\":\"SearchAction\",\"target\":{\"@type\":\"EntryPoint\",\"urlTemplate\":\"https:\/\/www.diocesitn.it\/area-testimonianza\/?s={search_term_string}\"},\"query-input\":\"required name=search_term_string\"}],\"inLanguage\":\"it-IT\"},{\"@type\":[\"Organization\",\"Place\"],\"@id\":\"https:\/\/www.diocesitn.it\/area-testimonianza\/#organization\",\"name\":\"Area Testimonianza e Impegno Sociale - Chiesa di Trento\",\"url\":\"https:\/\/www.diocesitn.it\/area-testimonianza\/\",\"logo\":{\"@id\":\"https:\/\/www.diocesitn.it\/area-testimonianza\/2026\/03\/06\/guerra-in-medio-oriente-il-13-marzo-giornata-di-preghiera-e-digiuno-per-la-pace-promossa-dalla-cei\/#local-main-organization-logo\"},\"image\":{\"@id\":\"https:\/\/www.diocesitn.it\/area-testimonianza\/2026\/03\/06\/guerra-in-medio-oriente-il-13-marzo-giornata-di-preghiera-e-digiuno-per-la-pace-promossa-dalla-cei\/#local-main-organization-logo\"},\"openingHoursSpecification\":[{\"@type\":\"OpeningHoursSpecification\",\"dayOfWeek\":[\"Monday\",\"Tuesday\",\"Wednesday\",\"Thursday\",\"Friday\",\"Saturday\",\"Sunday\"],\"opens\":\"09:00\",\"closes\":\"17:00\"}]},{\"@type\":\"ImageObject\",\"inLanguage\":\"it-IT\",\"@id\":\"https:\/\/www.diocesitn.it\/area-testimonianza\/2026\/03\/06\/guerra-in-medio-oriente-il-13-marzo-giornata-di-preghiera-e-digiuno-per-la-pace-promossa-dalla-cei\/#local-main-organization-logo\",\"url\":\"https:\/\/www.diocesitn.it\/area-testimonianza\/wp-content\/uploads\/sites\/37\/2021\/09\/og-logo-testimonianza-e-impegno-sociale.jpg\",\"contentUrl\":\"https:\/\/www.diocesitn.it\/area-testimonianza\/wp-content\/uploads\/sites\/37\/2021\/09\/og-logo-testimonianza-e-impegno-sociale.jpg\",\"width\":1200,\"height\":630,\"caption\":\"Area Testimonianza e Impegno Sociale - Chiesa di Trento\"}]}<\/script>\n<!-- \/ Yoast SEO Premium plugin. -->","yoast_head_json":{"title":"Guerra in Medio Oriente, il 13 marzo giornata di preghiera e digiuno per la pace. A Trento S. Messa in cattedrale alle 19 (DIRETTA streaming e TV) - Testimonianza e Impegno sociale","robots":{"index":"index","follow":"follow","max-snippet":"max-snippet:-1","max-image-preview":"max-image-preview:large","max-video-preview":"max-video-preview:-1"},"canonical":"https:\/\/www.diocesitn.it\/area-testimonianza\/2026\/03\/06\/guerra-in-medio-oriente-il-13-marzo-giornata-di-preghiera-e-digiuno-per-la-pace-promossa-dalla-cei\/","og_locale":"it_IT","og_type":"article","og_title":"Guerra in Medio Oriente, il 13 marzo giornata di preghiera e digiuno per la pace. A Trento S. Messa in cattedrale alle 19 (DIRETTA streaming e TV)","og_description":"Di fronte all\u2019intensificarsi della guerra in Medio Oriente e al timore di un conflitto dalle conseguenze globali, la Presidenza della Conferenza Episcopale Italiana promuove per venerd\u00ec 13 marzo una Giornata di preghiera e digiuno per","og_url":"https:\/\/www.diocesitn.it\/area-testimonianza\/2026\/03\/06\/guerra-in-medio-oriente-il-13-marzo-giornata-di-preghiera-e-digiuno-per-la-pace-promossa-dalla-cei\/","og_site_name":"Testimonianza e Impegno sociale","article_published_time":"2026-03-06T09:05:30+00:00","article_modified_time":"2026-03-18T07:59:31+00:00","og_image":[{"width":900,"height":600,"url":"https:\/\/www.diocesitn.it\/area-testimonianza\/wp-content\/uploads\/sites\/37\/2026\/03\/digiuno-e-preghiera-pace-13-marzo-e1772787882594.png","type":"image\/png"}],"author":"Piergiorgio Franceschini","twitter_card":"summary_large_image","twitter_misc":{"Scritto da":"Piergiorgio Franceschini","Tempo di lettura stimato":"3 minuti"},"schema":{"@context":"https:\/\/schema.org","@graph":[{"@type":"Article","@id":"https:\/\/www.diocesitn.it\/area-testimonianza\/2026\/03\/06\/guerra-in-medio-oriente-il-13-marzo-giornata-di-preghiera-e-digiuno-per-la-pace-promossa-dalla-cei\/#article","isPartOf":{"@id":"https:\/\/www.diocesitn.it\/area-testimonianza\/2026\/03\/06\/guerra-in-medio-oriente-il-13-marzo-giornata-di-preghiera-e-digiuno-per-la-pace-promossa-dalla-cei\/"},"author":{"name":"Piergiorgio Franceschini","@id":"https:\/\/www.diocesitn.it\/area-testimonianza\/#\/schema\/person\/99590c84577873a025247b6aeb16ad2e"},"headline":"Guerra in Medio Oriente, il 13 marzo giornata di preghiera e digiuno per la pace. A Trento S. Messa in cattedrale alle 19 (DIRETTA streaming e TV)","datePublished":"2026-03-06T09:05:30+00:00","dateModified":"2026-03-18T07:59:31+00:00","mainEntityOfPage":{"@id":"https:\/\/www.diocesitn.it\/area-testimonianza\/2026\/03\/06\/guerra-in-medio-oriente-il-13-marzo-giornata-di-preghiera-e-digiuno-per-la-pace-promossa-dalla-cei\/"},"wordCount":529,"publisher":{"@id":"https:\/\/www.diocesitn.it\/area-testimonianza\/#organization"},"image":{"@id":"https:\/\/www.diocesitn.it\/area-testimonianza\/2026\/03\/06\/guerra-in-medio-oriente-il-13-marzo-giornata-di-preghiera-e-digiuno-per-la-pace-promossa-dalla-cei\/#primaryimage"},"thumbnailUrl":"https:\/\/www.diocesitn.it\/area-testimonianza\/wp-content\/uploads\/sites\/37\/2026\/03\/digiuno-e-preghiera-pace-13-marzo-e1772787882594.png","articleSection":["Giustizia e pace","Notizie"],"inLanguage":"it-IT","copyrightYear":"2026","copyrightHolder":{"@id":"https:\/\/www.diocesitn.it\/#organization"}},{"@type":"WebPage","@id":"https:\/\/www.diocesitn.it\/area-testimonianza\/2026\/03\/06\/guerra-in-medio-oriente-il-13-marzo-giornata-di-preghiera-e-digiuno-per-la-pace-promossa-dalla-cei\/","url":"https:\/\/www.diocesitn.it\/area-testimonianza\/2026\/03\/06\/guerra-in-medio-oriente-il-13-marzo-giornata-di-preghiera-e-digiuno-per-la-pace-promossa-dalla-cei\/","name":"Guerra in Medio Oriente, il 13 marzo giornata di preghiera e digiuno per la pace. A Trento S. Messa in cattedrale alle 19 (DIRETTA streaming e TV) - Testimonianza e Impegno sociale","isPartOf":{"@id":"https:\/\/www.diocesitn.it\/area-testimonianza\/#website"},"primaryImageOfPage":{"@id":"https:\/\/www.diocesitn.it\/area-testimonianza\/2026\/03\/06\/guerra-in-medio-oriente-il-13-marzo-giornata-di-preghiera-e-digiuno-per-la-pace-promossa-dalla-cei\/#primaryimage"},"image":{"@id":"https:\/\/www.diocesitn.it\/area-testimonianza\/2026\/03\/06\/guerra-in-medio-oriente-il-13-marzo-giornata-di-preghiera-e-digiuno-per-la-pace-promossa-dalla-cei\/#primaryimage"},"thumbnailUrl":"https:\/\/www.diocesitn.it\/area-testimonianza\/wp-content\/uploads\/sites\/37\/2026\/03\/digiuno-e-preghiera-pace-13-marzo-e1772787882594.png","datePublished":"2026-03-06T09:05:30+00:00","dateModified":"2026-03-18T07:59:31+00:00","breadcrumb":{"@id":"https:\/\/www.diocesitn.it\/area-testimonianza\/2026\/03\/06\/guerra-in-medio-oriente-il-13-marzo-giornata-di-preghiera-e-digiuno-per-la-pace-promossa-dalla-cei\/#breadcrumb"},"inLanguage":"it-IT","potentialAction":[{"@type":"ReadAction","target":["https:\/\/www.diocesitn.it\/area-testimonianza\/2026\/03\/06\/guerra-in-medio-oriente-il-13-marzo-giornata-di-preghiera-e-digiuno-per-la-pace-promossa-dalla-cei\/"]}]},{"@type":"ImageObject","inLanguage":"it-IT","@id":"https:\/\/www.diocesitn.it\/area-testimonianza\/2026\/03\/06\/guerra-in-medio-oriente-il-13-marzo-giornata-di-preghiera-e-digiuno-per-la-pace-promossa-dalla-cei\/#primaryimage","url":"https:\/\/www.diocesitn.it\/area-testimonianza\/wp-content\/uploads\/sites\/37\/2026\/03\/digiuno-e-preghiera-pace-13-marzo-e1772787882594.png","contentUrl":"https:\/\/www.diocesitn.it\/area-testimonianza\/wp-content\/uploads\/sites\/37\/2026\/03\/digiuno-e-preghiera-pace-13-marzo-e1772787882594.png","width":900,"height":600,"caption":"digiuno e preghiera pace 13 marzo"},{"@type":"BreadcrumbList","@id":"https:\/\/www.diocesitn.it\/area-testimonianza\/2026\/03\/06\/guerra-in-medio-oriente-il-13-marzo-giornata-di-preghiera-e-digiuno-per-la-pace-promossa-dalla-cei\/#breadcrumb","itemListElement":[{"@type":"ListItem","position":1,"name":"Home","item":"https:\/\/www.diocesitn.it\/area-testimonianza\/"},{"@type":"ListItem","position":2,"name":"Guerra in Medio Oriente, il 13 marzo giornata di preghiera e digiuno per la pace. A Trento S. Messa in cattedrale alle 19 (DIRETTA streaming e TV)"}]},{"@type":"WebSite","@id":"https:\/\/www.diocesitn.it\/area-testimonianza\/#website","url":"https:\/\/www.diocesitn.it\/area-testimonianza\/","name":"Testimonianza e Impegno sociale","description":"Chiesa di Trento","publisher":{"@id":"https:\/\/www.diocesitn.it\/area-testimonianza\/#organization"},"potentialAction":[{"@type":"SearchAction","target":{"@type":"EntryPoint","urlTemplate":"https:\/\/www.diocesitn.it\/area-testimonianza\/?s={search_term_string}"},"query-input":"required name=search_term_string"}],"inLanguage":"it-IT"},{"@type":["Organization","Place"],"@id":"https:\/\/www.diocesitn.it\/area-testimonianza\/#organization","name":"Area Testimonianza e Impegno Sociale - Chiesa di Trento","url":"https:\/\/www.diocesitn.it\/area-testimonianza\/","logo":{"@id":"https:\/\/www.diocesitn.it\/area-testimonianza\/2026\/03\/06\/guerra-in-medio-oriente-il-13-marzo-giornata-di-preghiera-e-digiuno-per-la-pace-promossa-dalla-cei\/#local-main-organization-logo"},"image":{"@id":"https:\/\/www.diocesitn.it\/area-testimonianza\/2026\/03\/06\/guerra-in-medio-oriente-il-13-marzo-giornata-di-preghiera-e-digiuno-per-la-pace-promossa-dalla-cei\/#local-main-organization-logo"},"openingHoursSpecification":[{"@type":"OpeningHoursSpecification","dayOfWeek":["Monday","Tuesday","Wednesday","Thursday","Friday","Saturday","Sunday"],"opens":"09:00","closes":"17:00"}]},{"@type":"ImageObject","inLanguage":"it-IT","@id":"https:\/\/www.diocesitn.it\/area-testimonianza\/2026\/03\/06\/guerra-in-medio-oriente-il-13-marzo-giornata-di-preghiera-e-digiuno-per-la-pace-promossa-dalla-cei\/#local-main-organization-logo","url":"https:\/\/www.diocesitn.it\/area-testimonianza\/wp-content\/uploads\/sites\/37\/2021\/09\/og-logo-testimonianza-e-impegno-sociale.jpg","contentUrl":"https:\/\/www.diocesitn.it\/area-testimonianza\/wp-content\/uploads\/sites\/37\/2021\/09\/og-logo-testimonianza-e-impegno-sociale.jpg","width":1200,"height":630,"caption":"Area Testimonianza e Impegno Sociale - Chiesa di Trento"}]}},"_links":{"self":[{"href":"https:\/\/www.diocesitn.it\/area-testimonianza\/wp-json\/wp\/v2\/posts\/19611","targetHints":{"allow":["GET"]}}],"collection":[{"href":"https:\/\/www.diocesitn.it\/area-testimonianza\/wp-json\/wp\/v2\/posts"}],"about":[{"href":"https:\/\/www.diocesitn.it\/area-testimonianza\/wp-json\/wp\/v2\/types\/post"}],"author":[{"embeddable":true,"href":"https:\/\/www.diocesitn.it\/area-testimonianza\/wp-json\/wp\/v2\/users\/3"}],"replies":[{"embeddable":true,"href":"https:\/\/www.diocesitn.it\/area-testimonianza\/wp-json\/wp\/v2\/comments?post=19611"}],"version-history":[{"count":2,"href":"https:\/\/www.diocesitn.it\/area-testimonianza\/wp-json\/wp\/v2\/posts\/19611\/revisions"}],"predecessor-version":[{"id":19615,"href":"https:\/\/www.diocesitn.it\/area-testimonianza\/wp-json\/wp\/v2\/posts\/19611\/revisions\/19615"}],"wp:featuredmedia":[{"embeddable":true,"href":"https:\/\/www.diocesitn.it\/area-testimonianza\/wp-json\/wp\/v2\/media\/19612"}],"wp:attachment":[{"href":"https:\/\/www.diocesitn.it\/area-testimonianza\/wp-json\/wp\/v2\/media?parent=19611"}],"wp:term":[{"taxonomy":"category","embeddable":true,"href":"https:\/\/www.diocesitn.it\/area-testimonianza\/wp-json\/wp\/v2\/categories?post=19611"},{"taxonomy":"post_tag","embeddable":true,"href":"https:\/\/www.diocesitn.it\/area-testimonianza\/wp-json\/wp\/v2\/tags?post=19611"}],"curies":[{"name":"wp","href":"https:\/\/api.w.org\/{rel}","templated":true}]}}