{"id":19603,"date":"2026-03-10T13:46:29","date_gmt":"2026-03-10T12:46:29","guid":{"rendered":"https:\/\/www.diocesitn.it\/area-testimonianza\/2026\/03\/10\/predazzo-preghiera-interreligiosa-per-la-pace-durante-le-paralimpiadi-milano-cortina-2026-la-guerra-e-assenza-di-dio\/"},"modified":"2026-03-11T09:41:35","modified_gmt":"2026-03-11T08:41:35","slug":"predazzo-preghiera-interreligiosa-per-la-pace-durante-le-paralimpiadi-milano-cortina-2026-la-guerra-e-assenza-di-dio","status":"publish","type":"post","link":"https:\/\/www.diocesitn.it\/area-testimonianza\/2026\/03\/10\/predazzo-preghiera-interreligiosa-per-la-pace-durante-le-paralimpiadi-milano-cortina-2026-la-guerra-e-assenza-di-dio\/","title":{"rendered":"Predazzo, religioni per la pace alle Paralimpiadi Milano Cortina 2026: &#8220;La guerra \u00e8 assenza di Dio&#8221;"},"content":{"rendered":"<p>Un momento di dialogo, spiritualit\u00e0 e riflessione condivisa sul valore della pace nel tempo dei Giochi paralimpici.<!--more--><\/p>\n<p>Nella prima serata di luned\u00ec 9 marzo, la Biblioteca comunale di Predazzo ha ospitato l\u2019incontro interreligioso dal titolo \u201c<strong><a href=\"https:\/\/www.diocesitn.it\/site\/nella-tregua-olimpica-le-religioni-fanno-squadra-per-la-pace-a-predazzo-il-9-marzo-in-occasione-dei-giochi-paralimpici-invernali\/\">Nella tregua olimpica<\/a><\/strong>\u201d, promosso dalle <strong>parrocchie di Fiemme e Fassa<\/strong> in collaborazione con il <strong>Tavolo locale delle appartenenze religiose<\/strong> presenti sul territorio trentino e con il patrocinio del <strong>Comune di Predazzo<\/strong>.<\/p>\n<h4 data-section-id=\"ufedql\" data-start=\"595\" data-end=\"629\">Nel tempo della tregua olimpica<\/h4>\n<p>L\u2019iniziativa \u2013 cos\u00ec come la preghiera ecumenica di inizio marzo \u00a0a <a href=\"https:\/\/www.diocesitn.it\/site\/sport-strumento-di-pace-a-tesero-la-preghiera-ecumenica-per-i-protagonisti-delle-olimpiadi-invernali\/\"><strong>Tesero<\/strong> <\/a>\u2013 si inseriva nel tempo simbolico della <strong>tregua olimpica proclamata per i Giochi invernali paralimpici di Milano Cortina 2026<\/strong>, un richiamo alla pace che affonda le radici nell\u2019antica tradizione greca e che invita i popoli a sospendere i conflitti per favorire l\u2019incontro tra culture e nazioni.<\/p>\n<p>Ad aprire la serata \u00e8 stato <strong>don Cristiano Bettega<\/strong>, referente della Diocesi di Trento per il dialogo interreligioso: &#8220;La tregua olimpica \u2013 ha detto \u2013 \u00a0\u00e8 una proposta molto bella ma anche molto fragile\u201d. \u201cIn un mondo che cambia rapidamente, abbiamo ritenuto importante trovarci come persone che appartengono allo stesso genere umano, al di l\u00e0 delle lingue, delle culture e delle fedi&#8221;.<\/p>\n<p>Don Bettega ha richiamato anche il simbolo scelto per la serata: un braciere acceso all\u2019esterno della biblioteca, segno che richiama la fiamma olimpica e l\u2019idea di fraternit\u00e0.<\/p>\n<p>Il <strong>sindaco di Predazzo Paolo Boninsegna<\/strong> ha portato il saluto della comunit\u00e0, ricordando come le Paralimpiadi rappresentino \u201cmolto pi\u00f9 di una competizione sportiva\u201d, ma un simbolo universale di coraggio e determinazione. &#8220;Lo spirito della tregua olimpica ci ricorda che la pace non \u00e8 un\u2019idea astratta, ma una responsabilit\u00e0 concreta che riguarda tutti&#8221;.<\/p>\n<p>Un messaggio condiviso anche da <strong>Piero De Godenz<\/strong>, presidente di Nordic Ski Val di Fiemme, che ha ribadito come lo &#8220;sport debba essere uno dei linguaggi universali capaci di unire i popoli oltre ogni differenza&#8221;.<\/p>\n<h4 data-section-id=\"18nhuj3\" data-start=\"2127\" data-end=\"2153\">Le voci delle religioni<\/h4>\n<p>Cuore dell\u2019incontro, trasmesso in diretta streaming (vedi sotto), sono stati gli interventi dei rappresentanti del <strong>Tavolo locale delle appartenenze religiose<\/strong>, che hanno offerto brevi riflessioni sul tema della pace.<\/p>\n<p>Per la comunit\u00e0 <strong>Bah\u00e1\u2019\u00ed<\/strong>, <strong>Marcella Orr\u00f9<\/strong> ha ricordato come le tradizioni spirituali dell\u2019umanit\u00e0 siano \u201cfiumi diversi che scorrono verso lo stesso oceano\u201d, sottolineando il valore del dialogo e della diversit\u00e0 come ricchezza per la famiglia umana.<\/p>\n<p>Il <strong>monaco buddhista Seiun<\/strong>, del monastero di Cinte Tesino, ha paragonato la resilienza degli atleti paralimpici alla pratica spirituale, invitando a trasformare le difficolt\u00e0 in saggezza e a scegliere la non violenza come via verso la pace. \u201cLa vera vittoria \u2013 ha sottolineato il monaco \u2013 \u00e8 interiore. In un mondo diviso da conflitti, la tregua olimpica ci invita a disarmare prima di tutto la mente&#8221;.<\/p>\n<p>Dal mondo islamico \u00e8 intervenuto <strong>Aboulkheir Breigheche<\/strong>, medico e figura storica del dialogo interreligioso in Trentino, ricordando che la diversit\u00e0 tra i popoli \u00e8 una ricchezza e che la conoscenza reciproca \u00e8 la \u201cchiave per costruire fraternit\u00e0 e collaborazione\u201d.<\/p>\n<p>La prospettiva cristiano-ortodossa \u00e8 stata portata da <strong>padre Ioan Catalin Lupasteanu<\/strong>, che ha invitato a costruire la pace partendo dal cuore delle persone: \u201cSe non c\u2019\u00e8 pace dentro di noi, non potremo mai costruire una pace duratura nel mondo\u201d.<\/p>\n<p>A nome della Chiesa cattolica \u00e8 intervenuto <strong>don Claudio Ferrari<\/strong>, vicario generale dell\u2019Arcidiocesi di Trento, ricordando che la pace nasce dal riconoscere la dignit\u00e0 di ogni persona e dalla capacit\u00e0 di costruire relazioni di fraternit\u00e0. \u201cLa guerra \u2013 ha aggiunto don Ferrari \u2013 \u00e8 assenza di Dio, perch\u00e9 Dio \u00e8 per essenza pace, dialogo e capacit\u00e0 di incontrarsi&#8221;.<\/p>\n<h4 data-section-id=\"1koluyz\" data-start=\"3845\" data-end=\"3872\">Il messaggio dello sport con le sue &#8220;promesse&#8221;<\/h4>\n<p>A concludere la serata \u00e8 stata <strong>Paola Mora<\/strong>, presidente del CONI Trentino, che ha evidenziato il ruolo universale dello sport: \u201cLe regole dello sport sono le stesse in tutto il mondo e gli atleti sono i nostri principali messaggeri di pace\u201d.<\/p>\n<p>L\u2019incontro, animato da alcuni momenti musicali (con brani di <strong>Leon Gieco<\/strong>, <strong>Fabrizio De Andr\u00e9<\/strong> e <strong>Bob Dylan<\/strong>) si \u00e8 concluso con la lettura delle <strong>promesse dei valori dello sport<\/strong>, un impegno simbolico a cercare l\u2019eccellenza senza schiacciare l\u2019altro, praticare il rispetto e promuovere una competizione che non escluda nessuno. Anche questo significa aiutare l\u2019umanit\u00e0 a riscoprire il valore della pace e della convivenza tra le differenze.<\/p>\n<p>Foto e video: Videoframe Multimedia<\/p>\n\n\n\t\t<style type='text\/css'>\n\n\t\t\t\/* PhotoSwipe Plugin *\/\n\t\t\t.psgal {\n\t\t\t\tmargin: auto;\n\t\t\t\tpadding-bottom:40px;\n\n\t\t\t\t-webkit-transition: all 0.4s ease;\n\t\t\t\t-moz-transition: all 0.4s ease;\n\t\t\t\t-o-transition: all 0.4s ease;\n\t\t\t\ttransition: all 0.4s ease;\n\t\t\t}\n\n\t\t\t.psgal figure {\n\t\t\t\tfloat: left;\n\t\t\t\ttext-align: center;\n    \t\t\twidth: 200px;\n                max-width: 50%;\n\t\t\t\tpadding:5px;\n\t\t\t\tmargin: 0px;\n\t\t\t\tbox-sizing:border-box;\n\t\t\t}\n\t\t\t.psgal a{\n\t\t\t\tdisplay:block;\n\t\t\t}\n\t\t\t.psgal figure figcaption{\n\t\t\t\tfont-size:13px;\n\t\t\t}\n\n\t\t\t.msnry{\n\t\t\t\tmargin:auto;\n\t\t\t}\n\t\t\t.pswp__caption__center{\n\t\t\t\ttext-align: center;\n\t\t\t}\n\t\t\t\n\n\t\t\t.photoswipe-gallery-caption{\n\t\t\t\tdisplay:none;\n\t\t\t}\n\n\t\t\t\n\t\t<\/style> <div style=\"clear:both\"><\/div>\n\n\t\t<div id=\"psgal_19603_1\" class=\"ps-gallery psgal gallery-columns-3 gallery-size-thumbnail\" itemscope itemtype=\"http:\/\/schema.org\/ImageGallery\" >\n\t\t\t\t<figure class=\"msnry_item\" itemscope itemtype=\"http:\/\/schema.org\/ImageObject\">\n\t\t\t\t\t<a href=\"https:\/\/www.diocesitn.it\/area-testimonianza\/wp-content\/uploads\/sites\/37\/2026\/03\/totale-preghiera-Predazzo_10-1024x576.jpg\"\n\t\t\t\t\titemprop=\"contentUrl\"\n\t\t\t\t\tdata-pswp-width=\"800\" \n\t\t\t\t    data-pswp-height=\"450\" \n\t\t\t\t    data-cropped=\"true\"\n\t\t\t\t\tdata-caption=\"\"\n\t\t\t\t\tclass=\"post-thumbnail-image-link container-fixed-aspect-ratio__16-9\">\n\t\t\t\t        <img src=https:\/\/www.diocesitn.it\/area-testimonianza\/wp-content\/uploads\/sites\/37\/2026\/03\/totale-preghiera-Predazzo_10-300x169.jpg itemprop=\"thumbnail\" alt=\"\"  \/>\n\t\t\t\t    <\/a>\n\t\t\t\t    <figcaption class=\"photoswipe-gallery-caption\" ><\/figcaption>\n\t\t\t    <\/figure>\n\t\t\t\t\n\t\t\t\t<figure class=\"msnry_item\" itemscope itemtype=\"http:\/\/schema.org\/ImageObject\">\n\t\t\t\t\t<a href=\"https:\/\/www.diocesitn.it\/area-testimonianza\/wp-content\/uploads\/sites\/37\/2026\/03\/preghiera-Predazzo-Bettega_10-1024x576.jpg\"\n\t\t\t\t\titemprop=\"contentUrl\"\n\t\t\t\t\tdata-pswp-width=\"800\" \n\t\t\t\t    data-pswp-height=\"450\" \n\t\t\t\t    data-cropped=\"true\"\n\t\t\t\t\tdata-caption=\"\"\n\t\t\t\t\tclass=\"post-thumbnail-image-link container-fixed-aspect-ratio__16-9\">\n\t\t\t\t        <img src=https:\/\/www.diocesitn.it\/area-testimonianza\/wp-content\/uploads\/sites\/37\/2026\/03\/preghiera-Predazzo-Bettega_10-300x169.jpg itemprop=\"thumbnail\" alt=\"\"  \/>\n\t\t\t\t    <\/a>\n\t\t\t\t    <figcaption class=\"photoswipe-gallery-caption\" ><\/figcaption>\n\t\t\t    <\/figure>\n\t\t\t\t\n\t\t\t\t<figure class=\"msnry_item\" itemscope itemtype=\"http:\/\/schema.org\/ImageObject\">\n\t\t\t\t\t<a href=\"https:\/\/www.diocesitn.it\/area-testimonianza\/wp-content\/uploads\/sites\/37\/2026\/03\/rappresentanti-religioni0-e1773146282667.jpg\"\n\t\t\t\t\titemprop=\"contentUrl\"\n\t\t\t\t\tdata-pswp-width=\"800\" \n\t\t\t\t    data-pswp-height=\"450\" \n\t\t\t\t    data-cropped=\"true\"\n\t\t\t\t\tdata-caption=\"\"\n\t\t\t\t\tclass=\"post-thumbnail-image-link container-fixed-aspect-ratio__16-9\">\n\t\t\t\t        <img src=https:\/\/www.diocesitn.it\/area-testimonianza\/wp-content\/uploads\/sites\/37\/2026\/03\/rappresentanti-religioni0-e1773146282667-300x169.jpg itemprop=\"thumbnail\" alt=\"\"  \/>\n\t\t\t\t    <\/a>\n\t\t\t\t    <figcaption class=\"photoswipe-gallery-caption\" ><\/figcaption>\n\t\t\t    <\/figure>\n\t\t\t\t\n\t\t\t\t<figure class=\"msnry_item\" itemscope itemtype=\"http:\/\/schema.org\/ImageObject\">\n\t\t\t\t\t<a href=\"https:\/\/www.diocesitn.it\/area-testimonianza\/wp-content\/uploads\/sites\/37\/2026\/03\/preghiera-Predazzo_don-Claudio-1024x576.jpg\"\n\t\t\t\t\titemprop=\"contentUrl\"\n\t\t\t\t\tdata-pswp-width=\"800\" \n\t\t\t\t    data-pswp-height=\"450\" \n\t\t\t\t    data-cropped=\"true\"\n\t\t\t\t\tdata-caption=\"\"\n\t\t\t\t\tclass=\"post-thumbnail-image-link container-fixed-aspect-ratio__16-9\">\n\t\t\t\t        <img src=https:\/\/www.diocesitn.it\/area-testimonianza\/wp-content\/uploads\/sites\/37\/2026\/03\/preghiera-Predazzo_don-Claudio-300x169.jpg itemprop=\"thumbnail\" alt=\"\"  \/>\n\t\t\t\t    <\/a>\n\t\t\t\t    <figcaption class=\"photoswipe-gallery-caption\" ><\/figcaption>\n\t\t\t    <\/figure>\n\t\t\t\t\n\t\t\t\t<figure class=\"msnry_item\" itemscope itemtype=\"http:\/\/schema.org\/ImageObject\">\n\t\t\t\t\t<a href=\"https:\/\/www.diocesitn.it\/area-testimonianza\/wp-content\/uploads\/sites\/37\/2026\/03\/preghiera-Predazzo-pres-con-prov.le-i-paola-mora0-1024x576.jpg\"\n\t\t\t\t\titemprop=\"contentUrl\"\n\t\t\t\t\tdata-pswp-width=\"800\" \n\t\t\t\t    data-pswp-height=\"450\" \n\t\t\t\t    data-cropped=\"true\"\n\t\t\t\t\tdata-caption=\"\"\n\t\t\t\t\tclass=\"post-thumbnail-image-link container-fixed-aspect-ratio__16-9\">\n\t\t\t\t        <img src=https:\/\/www.diocesitn.it\/area-testimonianza\/wp-content\/uploads\/sites\/37\/2026\/03\/preghiera-Predazzo-pres-con-prov.le-i-paola-mora0-300x169.jpg itemprop=\"thumbnail\" alt=\"\"  \/>\n\t\t\t\t    <\/a>\n\t\t\t\t    <figcaption class=\"photoswipe-gallery-caption\" ><\/figcaption>\n\t\t\t    <\/figure>\n\t\t\t\t<\/div>\n\t\t<div style='clear:both'><\/div>\n\t\n<p>&nbsp;<\/p>\n","protected":false},"excerpt":{"rendered":"<p>Un momento di dialogo, spiritualit\u00e0 e riflessione condivisa sul valore della pace nel tempo dei Giochi paralimpici.<\/p>\n","protected":false},"author":3,"featured_media":19604,"comment_status":"closed","ping_status":"closed","sticky":false,"template":"","format":"standard","meta":{"footnotes":""},"categories":[1130,1074],"tags":[],"class_list":["post-19603","post","type-post","status-publish","format-standard","has-post-thumbnail","hentry","category-servizio-ecumenismo-e-dialogo","category-notizie"],"acf":{"seed-localization-paese-cod":"IT","seed-localization-address":"","seed-localization-citta":"Trento","seed-localization-regione-cod-istat":"04","seed-localization-citta-cod-istat":"022205","seed-localization-localita":"","seed-localization-cap":"","seed-localization-marker-visibility":false,"seed-localization-children-visibility":false,"seed-localization-kml":"","seed-localization-custom-marker":""},"yoast_head":"<!-- This site is optimized with the Yoast SEO Premium plugin v20.2.1 (Yoast SEO v22.2) - https:\/\/yoast.com\/wordpress\/plugins\/seo\/ -->\n<title>Predazzo, religioni per la pace alle Paralimpiadi Milano Cortina 2026: &quot;La guerra \u00e8 assenza di Dio&quot; - Testimonianza e Impegno sociale<\/title>\n<meta name=\"robots\" content=\"index, follow, max-snippet:-1, max-image-preview:large, max-video-preview:-1\" \/>\n<link rel=\"canonical\" href=\"https:\/\/www.diocesitn.it\/area-testimonianza\/2026\/03\/10\/predazzo-preghiera-interreligiosa-per-la-pace-durante-le-paralimpiadi-milano-cortina-2026-la-guerra-e-assenza-di-dio\/\" \/>\n<meta property=\"og:locale\" content=\"it_IT\" \/>\n<meta property=\"og:type\" content=\"article\" \/>\n<meta property=\"og:title\" content=\"Predazzo, religioni per la pace alle Paralimpiadi Milano Cortina 2026: &quot;La guerra \u00e8 assenza di Dio&quot;\" \/>\n<meta property=\"og:description\" content=\"Un momento di dialogo, spiritualit\u00e0 e riflessione condivisa sul valore della pace nel tempo dei Giochi paralimpici.\" \/>\n<meta property=\"og:url\" content=\"https:\/\/www.diocesitn.it\/area-testimonianza\/2026\/03\/10\/predazzo-preghiera-interreligiosa-per-la-pace-durante-le-paralimpiadi-milano-cortina-2026-la-guerra-e-assenza-di-dio\/\" \/>\n<meta property=\"og:site_name\" content=\"Testimonianza e Impegno sociale\" \/>\n<meta property=\"article:published_time\" content=\"2026-03-10T12:46:29+00:00\" \/>\n<meta property=\"article:modified_time\" content=\"2026-03-11T08:41:35+00:00\" \/>\n<meta property=\"og:image\" content=\"https:\/\/www.diocesitn.it\/area-testimonianza\/wp-content\/uploads\/sites\/37\/2026\/03\/rappresentanti-religioni0-e1773146282667.jpg\" \/>\n\t<meta property=\"og:image:width\" content=\"900\" \/>\n\t<meta property=\"og:image:height\" content=\"506\" \/>\n\t<meta property=\"og:image:type\" content=\"image\/jpeg\" \/>\n<meta name=\"author\" content=\"Piergiorgio Franceschini\" \/>\n<meta name=\"twitter:card\" content=\"summary_large_image\" \/>\n<meta name=\"twitter:label1\" content=\"Scritto da\" \/>\n\t<meta name=\"twitter:data1\" content=\"Piergiorgio Franceschini\" \/>\n\t<meta name=\"twitter:label2\" content=\"Tempo di lettura stimato\" \/>\n\t<meta name=\"twitter:data2\" content=\"4 minuti\" \/>\n<script type=\"application\/ld+json\" class=\"yoast-schema-graph\">{\"@context\":\"https:\/\/schema.org\",\"@graph\":[{\"@type\":\"Article\",\"@id\":\"https:\/\/www.diocesitn.it\/area-testimonianza\/2026\/03\/10\/predazzo-preghiera-interreligiosa-per-la-pace-durante-le-paralimpiadi-milano-cortina-2026-la-guerra-e-assenza-di-dio\/#article\",\"isPartOf\":{\"@id\":\"https:\/\/www.diocesitn.it\/area-testimonianza\/2026\/03\/10\/predazzo-preghiera-interreligiosa-per-la-pace-durante-le-paralimpiadi-milano-cortina-2026-la-guerra-e-assenza-di-dio\/\"},\"author\":{\"name\":\"Piergiorgio Franceschini\",\"@id\":\"https:\/\/www.diocesitn.it\/area-testimonianza\/#\/schema\/person\/99590c84577873a025247b6aeb16ad2e\"},\"headline\":\"Predazzo, religioni per la pace alle Paralimpiadi Milano Cortina 2026: &#8220;La guerra \u00e8 assenza di Dio&#8221;\",\"datePublished\":\"2026-03-10T12:46:29+00:00\",\"dateModified\":\"2026-03-11T08:41:35+00:00\",\"mainEntityOfPage\":{\"@id\":\"https:\/\/www.diocesitn.it\/area-testimonianza\/2026\/03\/10\/predazzo-preghiera-interreligiosa-per-la-pace-durante-le-paralimpiadi-milano-cortina-2026-la-guerra-e-assenza-di-dio\/\"},\"wordCount\":704,\"publisher\":{\"@id\":\"https:\/\/www.diocesitn.it\/area-testimonianza\/#organization\"},\"image\":{\"@id\":\"https:\/\/www.diocesitn.it\/area-testimonianza\/2026\/03\/10\/predazzo-preghiera-interreligiosa-per-la-pace-durante-le-paralimpiadi-milano-cortina-2026-la-guerra-e-assenza-di-dio\/#primaryimage\"},\"thumbnailUrl\":\"https:\/\/www.diocesitn.it\/area-testimonianza\/wp-content\/uploads\/sites\/37\/2026\/03\/rappresentanti-religioni0-e1773146282667.jpg\",\"articleSection\":[\"Ecumenismo e Dialogo interreligioso\",\"Notizie\"],\"inLanguage\":\"it-IT\",\"copyrightYear\":\"2026\",\"copyrightHolder\":{\"@id\":\"https:\/\/www.diocesitn.it\/#organization\"}},{\"@type\":\"WebPage\",\"@id\":\"https:\/\/www.diocesitn.it\/area-testimonianza\/2026\/03\/10\/predazzo-preghiera-interreligiosa-per-la-pace-durante-le-paralimpiadi-milano-cortina-2026-la-guerra-e-assenza-di-dio\/\",\"url\":\"https:\/\/www.diocesitn.it\/area-testimonianza\/2026\/03\/10\/predazzo-preghiera-interreligiosa-per-la-pace-durante-le-paralimpiadi-milano-cortina-2026-la-guerra-e-assenza-di-dio\/\",\"name\":\"Predazzo, religioni per la pace alle Paralimpiadi Milano Cortina 2026: \\\"La guerra \u00e8 assenza di Dio\\\" - Testimonianza e Impegno sociale\",\"isPartOf\":{\"@id\":\"https:\/\/www.diocesitn.it\/area-testimonianza\/#website\"},\"primaryImageOfPage\":{\"@id\":\"https:\/\/www.diocesitn.it\/area-testimonianza\/2026\/03\/10\/predazzo-preghiera-interreligiosa-per-la-pace-durante-le-paralimpiadi-milano-cortina-2026-la-guerra-e-assenza-di-dio\/#primaryimage\"},\"image\":{\"@id\":\"https:\/\/www.diocesitn.it\/area-testimonianza\/2026\/03\/10\/predazzo-preghiera-interreligiosa-per-la-pace-durante-le-paralimpiadi-milano-cortina-2026-la-guerra-e-assenza-di-dio\/#primaryimage\"},\"thumbnailUrl\":\"https:\/\/www.diocesitn.it\/area-testimonianza\/wp-content\/uploads\/sites\/37\/2026\/03\/rappresentanti-religioni0-e1773146282667.jpg\",\"datePublished\":\"2026-03-10T12:46:29+00:00\",\"dateModified\":\"2026-03-11T08:41:35+00:00\",\"breadcrumb\":{\"@id\":\"https:\/\/www.diocesitn.it\/area-testimonianza\/2026\/03\/10\/predazzo-preghiera-interreligiosa-per-la-pace-durante-le-paralimpiadi-milano-cortina-2026-la-guerra-e-assenza-di-dio\/#breadcrumb\"},\"inLanguage\":\"it-IT\",\"potentialAction\":[{\"@type\":\"ReadAction\",\"target\":[\"https:\/\/www.diocesitn.it\/area-testimonianza\/2026\/03\/10\/predazzo-preghiera-interreligiosa-per-la-pace-durante-le-paralimpiadi-milano-cortina-2026-la-guerra-e-assenza-di-dio\/\"]}]},{\"@type\":\"ImageObject\",\"inLanguage\":\"it-IT\",\"@id\":\"https:\/\/www.diocesitn.it\/area-testimonianza\/2026\/03\/10\/predazzo-preghiera-interreligiosa-per-la-pace-durante-le-paralimpiadi-milano-cortina-2026-la-guerra-e-assenza-di-dio\/#primaryimage\",\"url\":\"https:\/\/www.diocesitn.it\/area-testimonianza\/wp-content\/uploads\/sites\/37\/2026\/03\/rappresentanti-religioni0-e1773146282667.jpg\",\"contentUrl\":\"https:\/\/www.diocesitn.it\/area-testimonianza\/wp-content\/uploads\/sites\/37\/2026\/03\/rappresentanti-religioni0-e1773146282667.jpg\",\"width\":900,\"height\":506},{\"@type\":\"BreadcrumbList\",\"@id\":\"https:\/\/www.diocesitn.it\/area-testimonianza\/2026\/03\/10\/predazzo-preghiera-interreligiosa-per-la-pace-durante-le-paralimpiadi-milano-cortina-2026-la-guerra-e-assenza-di-dio\/#breadcrumb\",\"itemListElement\":[{\"@type\":\"ListItem\",\"position\":1,\"name\":\"Home\",\"item\":\"https:\/\/www.diocesitn.it\/area-testimonianza\/\"},{\"@type\":\"ListItem\",\"position\":2,\"name\":\"Predazzo, religioni per la pace alle Paralimpiadi Milano Cortina 2026: &#8220;La guerra \u00e8 assenza di Dio&#8221;\"}]},{\"@type\":\"WebSite\",\"@id\":\"https:\/\/www.diocesitn.it\/area-testimonianza\/#website\",\"url\":\"https:\/\/www.diocesitn.it\/area-testimonianza\/\",\"name\":\"Testimonianza e Impegno sociale\",\"description\":\"Chiesa di Trento\",\"publisher\":{\"@id\":\"https:\/\/www.diocesitn.it\/area-testimonianza\/#organization\"},\"potentialAction\":[{\"@type\":\"SearchAction\",\"target\":{\"@type\":\"EntryPoint\",\"urlTemplate\":\"https:\/\/www.diocesitn.it\/area-testimonianza\/?s={search_term_string}\"},\"query-input\":\"required name=search_term_string\"}],\"inLanguage\":\"it-IT\"},{\"@type\":[\"Organization\",\"Place\"],\"@id\":\"https:\/\/www.diocesitn.it\/area-testimonianza\/#organization\",\"name\":\"Area Testimonianza e Impegno Sociale - Chiesa di Trento\",\"url\":\"https:\/\/www.diocesitn.it\/area-testimonianza\/\",\"logo\":{\"@id\":\"https:\/\/www.diocesitn.it\/area-testimonianza\/2026\/03\/10\/predazzo-preghiera-interreligiosa-per-la-pace-durante-le-paralimpiadi-milano-cortina-2026-la-guerra-e-assenza-di-dio\/#local-main-organization-logo\"},\"image\":{\"@id\":\"https:\/\/www.diocesitn.it\/area-testimonianza\/2026\/03\/10\/predazzo-preghiera-interreligiosa-per-la-pace-durante-le-paralimpiadi-milano-cortina-2026-la-guerra-e-assenza-di-dio\/#local-main-organization-logo\"},\"openingHoursSpecification\":[{\"@type\":\"OpeningHoursSpecification\",\"dayOfWeek\":[\"Monday\",\"Tuesday\",\"Wednesday\",\"Thursday\",\"Friday\",\"Saturday\",\"Sunday\"],\"opens\":\"09:00\",\"closes\":\"17:00\"}]},{\"@type\":\"ImageObject\",\"inLanguage\":\"it-IT\",\"@id\":\"https:\/\/www.diocesitn.it\/area-testimonianza\/2026\/03\/10\/predazzo-preghiera-interreligiosa-per-la-pace-durante-le-paralimpiadi-milano-cortina-2026-la-guerra-e-assenza-di-dio\/#local-main-organization-logo\",\"url\":\"https:\/\/www.diocesitn.it\/area-testimonianza\/wp-content\/uploads\/sites\/37\/2021\/09\/og-logo-testimonianza-e-impegno-sociale.jpg\",\"contentUrl\":\"https:\/\/www.diocesitn.it\/area-testimonianza\/wp-content\/uploads\/sites\/37\/2021\/09\/og-logo-testimonianza-e-impegno-sociale.jpg\",\"width\":1200,\"height\":630,\"caption\":\"Area Testimonianza e Impegno Sociale - Chiesa di Trento\"}]}<\/script>\n<!-- \/ Yoast SEO Premium plugin. -->","yoast_head_json":{"title":"Predazzo, religioni per la pace alle Paralimpiadi Milano Cortina 2026: \"La guerra \u00e8 assenza di Dio\" - Testimonianza e Impegno sociale","robots":{"index":"index","follow":"follow","max-snippet":"max-snippet:-1","max-image-preview":"max-image-preview:large","max-video-preview":"max-video-preview:-1"},"canonical":"https:\/\/www.diocesitn.it\/area-testimonianza\/2026\/03\/10\/predazzo-preghiera-interreligiosa-per-la-pace-durante-le-paralimpiadi-milano-cortina-2026-la-guerra-e-assenza-di-dio\/","og_locale":"it_IT","og_type":"article","og_title":"Predazzo, religioni per la pace alle Paralimpiadi Milano Cortina 2026: \"La guerra \u00e8 assenza di Dio\"","og_description":"Un momento di dialogo, spiritualit\u00e0 e riflessione condivisa sul valore della pace nel tempo dei Giochi paralimpici.","og_url":"https:\/\/www.diocesitn.it\/area-testimonianza\/2026\/03\/10\/predazzo-preghiera-interreligiosa-per-la-pace-durante-le-paralimpiadi-milano-cortina-2026-la-guerra-e-assenza-di-dio\/","og_site_name":"Testimonianza e Impegno sociale","article_published_time":"2026-03-10T12:46:29+00:00","article_modified_time":"2026-03-11T08:41:35+00:00","og_image":[{"width":900,"height":506,"url":"https:\/\/www.diocesitn.it\/area-testimonianza\/wp-content\/uploads\/sites\/37\/2026\/03\/rappresentanti-religioni0-e1773146282667.jpg","type":"image\/jpeg"}],"author":"Piergiorgio Franceschini","twitter_card":"summary_large_image","twitter_misc":{"Scritto da":"Piergiorgio Franceschini","Tempo di lettura stimato":"4 minuti"},"schema":{"@context":"https:\/\/schema.org","@graph":[{"@type":"Article","@id":"https:\/\/www.diocesitn.it\/area-testimonianza\/2026\/03\/10\/predazzo-preghiera-interreligiosa-per-la-pace-durante-le-paralimpiadi-milano-cortina-2026-la-guerra-e-assenza-di-dio\/#article","isPartOf":{"@id":"https:\/\/www.diocesitn.it\/area-testimonianza\/2026\/03\/10\/predazzo-preghiera-interreligiosa-per-la-pace-durante-le-paralimpiadi-milano-cortina-2026-la-guerra-e-assenza-di-dio\/"},"author":{"name":"Piergiorgio Franceschini","@id":"https:\/\/www.diocesitn.it\/area-testimonianza\/#\/schema\/person\/99590c84577873a025247b6aeb16ad2e"},"headline":"Predazzo, religioni per la pace alle Paralimpiadi Milano Cortina 2026: &#8220;La guerra \u00e8 assenza di Dio&#8221;","datePublished":"2026-03-10T12:46:29+00:00","dateModified":"2026-03-11T08:41:35+00:00","mainEntityOfPage":{"@id":"https:\/\/www.diocesitn.it\/area-testimonianza\/2026\/03\/10\/predazzo-preghiera-interreligiosa-per-la-pace-durante-le-paralimpiadi-milano-cortina-2026-la-guerra-e-assenza-di-dio\/"},"wordCount":704,"publisher":{"@id":"https:\/\/www.diocesitn.it\/area-testimonianza\/#organization"},"image":{"@id":"https:\/\/www.diocesitn.it\/area-testimonianza\/2026\/03\/10\/predazzo-preghiera-interreligiosa-per-la-pace-durante-le-paralimpiadi-milano-cortina-2026-la-guerra-e-assenza-di-dio\/#primaryimage"},"thumbnailUrl":"https:\/\/www.diocesitn.it\/area-testimonianza\/wp-content\/uploads\/sites\/37\/2026\/03\/rappresentanti-religioni0-e1773146282667.jpg","articleSection":["Ecumenismo e Dialogo interreligioso","Notizie"],"inLanguage":"it-IT","copyrightYear":"2026","copyrightHolder":{"@id":"https:\/\/www.diocesitn.it\/#organization"}},{"@type":"WebPage","@id":"https:\/\/www.diocesitn.it\/area-testimonianza\/2026\/03\/10\/predazzo-preghiera-interreligiosa-per-la-pace-durante-le-paralimpiadi-milano-cortina-2026-la-guerra-e-assenza-di-dio\/","url":"https:\/\/www.diocesitn.it\/area-testimonianza\/2026\/03\/10\/predazzo-preghiera-interreligiosa-per-la-pace-durante-le-paralimpiadi-milano-cortina-2026-la-guerra-e-assenza-di-dio\/","name":"Predazzo, religioni per la pace alle Paralimpiadi Milano Cortina 2026: \"La guerra \u00e8 assenza di Dio\" - Testimonianza e Impegno sociale","isPartOf":{"@id":"https:\/\/www.diocesitn.it\/area-testimonianza\/#website"},"primaryImageOfPage":{"@id":"https:\/\/www.diocesitn.it\/area-testimonianza\/2026\/03\/10\/predazzo-preghiera-interreligiosa-per-la-pace-durante-le-paralimpiadi-milano-cortina-2026-la-guerra-e-assenza-di-dio\/#primaryimage"},"image":{"@id":"https:\/\/www.diocesitn.it\/area-testimonianza\/2026\/03\/10\/predazzo-preghiera-interreligiosa-per-la-pace-durante-le-paralimpiadi-milano-cortina-2026-la-guerra-e-assenza-di-dio\/#primaryimage"},"thumbnailUrl":"https:\/\/www.diocesitn.it\/area-testimonianza\/wp-content\/uploads\/sites\/37\/2026\/03\/rappresentanti-religioni0-e1773146282667.jpg","datePublished":"2026-03-10T12:46:29+00:00","dateModified":"2026-03-11T08:41:35+00:00","breadcrumb":{"@id":"https:\/\/www.diocesitn.it\/area-testimonianza\/2026\/03\/10\/predazzo-preghiera-interreligiosa-per-la-pace-durante-le-paralimpiadi-milano-cortina-2026-la-guerra-e-assenza-di-dio\/#breadcrumb"},"inLanguage":"it-IT","potentialAction":[{"@type":"ReadAction","target":["https:\/\/www.diocesitn.it\/area-testimonianza\/2026\/03\/10\/predazzo-preghiera-interreligiosa-per-la-pace-durante-le-paralimpiadi-milano-cortina-2026-la-guerra-e-assenza-di-dio\/"]}]},{"@type":"ImageObject","inLanguage":"it-IT","@id":"https:\/\/www.diocesitn.it\/area-testimonianza\/2026\/03\/10\/predazzo-preghiera-interreligiosa-per-la-pace-durante-le-paralimpiadi-milano-cortina-2026-la-guerra-e-assenza-di-dio\/#primaryimage","url":"https:\/\/www.diocesitn.it\/area-testimonianza\/wp-content\/uploads\/sites\/37\/2026\/03\/rappresentanti-religioni0-e1773146282667.jpg","contentUrl":"https:\/\/www.diocesitn.it\/area-testimonianza\/wp-content\/uploads\/sites\/37\/2026\/03\/rappresentanti-religioni0-e1773146282667.jpg","width":900,"height":506},{"@type":"BreadcrumbList","@id":"https:\/\/www.diocesitn.it\/area-testimonianza\/2026\/03\/10\/predazzo-preghiera-interreligiosa-per-la-pace-durante-le-paralimpiadi-milano-cortina-2026-la-guerra-e-assenza-di-dio\/#breadcrumb","itemListElement":[{"@type":"ListItem","position":1,"name":"Home","item":"https:\/\/www.diocesitn.it\/area-testimonianza\/"},{"@type":"ListItem","position":2,"name":"Predazzo, religioni per la pace alle Paralimpiadi Milano Cortina 2026: &#8220;La guerra \u00e8 assenza di Dio&#8221;"}]},{"@type":"WebSite","@id":"https:\/\/www.diocesitn.it\/area-testimonianza\/#website","url":"https:\/\/www.diocesitn.it\/area-testimonianza\/","name":"Testimonianza e Impegno sociale","description":"Chiesa di Trento","publisher":{"@id":"https:\/\/www.diocesitn.it\/area-testimonianza\/#organization"},"potentialAction":[{"@type":"SearchAction","target":{"@type":"EntryPoint","urlTemplate":"https:\/\/www.diocesitn.it\/area-testimonianza\/?s={search_term_string}"},"query-input":"required name=search_term_string"}],"inLanguage":"it-IT"},{"@type":["Organization","Place"],"@id":"https:\/\/www.diocesitn.it\/area-testimonianza\/#organization","name":"Area Testimonianza e Impegno Sociale - Chiesa di Trento","url":"https:\/\/www.diocesitn.it\/area-testimonianza\/","logo":{"@id":"https:\/\/www.diocesitn.it\/area-testimonianza\/2026\/03\/10\/predazzo-preghiera-interreligiosa-per-la-pace-durante-le-paralimpiadi-milano-cortina-2026-la-guerra-e-assenza-di-dio\/#local-main-organization-logo"},"image":{"@id":"https:\/\/www.diocesitn.it\/area-testimonianza\/2026\/03\/10\/predazzo-preghiera-interreligiosa-per-la-pace-durante-le-paralimpiadi-milano-cortina-2026-la-guerra-e-assenza-di-dio\/#local-main-organization-logo"},"openingHoursSpecification":[{"@type":"OpeningHoursSpecification","dayOfWeek":["Monday","Tuesday","Wednesday","Thursday","Friday","Saturday","Sunday"],"opens":"09:00","closes":"17:00"}]},{"@type":"ImageObject","inLanguage":"it-IT","@id":"https:\/\/www.diocesitn.it\/area-testimonianza\/2026\/03\/10\/predazzo-preghiera-interreligiosa-per-la-pace-durante-le-paralimpiadi-milano-cortina-2026-la-guerra-e-assenza-di-dio\/#local-main-organization-logo","url":"https:\/\/www.diocesitn.it\/area-testimonianza\/wp-content\/uploads\/sites\/37\/2021\/09\/og-logo-testimonianza-e-impegno-sociale.jpg","contentUrl":"https:\/\/www.diocesitn.it\/area-testimonianza\/wp-content\/uploads\/sites\/37\/2021\/09\/og-logo-testimonianza-e-impegno-sociale.jpg","width":1200,"height":630,"caption":"Area Testimonianza e Impegno Sociale - Chiesa di Trento"}]}},"_links":{"self":[{"href":"https:\/\/www.diocesitn.it\/area-testimonianza\/wp-json\/wp\/v2\/posts\/19603","targetHints":{"allow":["GET"]}}],"collection":[{"href":"https:\/\/www.diocesitn.it\/area-testimonianza\/wp-json\/wp\/v2\/posts"}],"about":[{"href":"https:\/\/www.diocesitn.it\/area-testimonianza\/wp-json\/wp\/v2\/types\/post"}],"author":[{"embeddable":true,"href":"https:\/\/www.diocesitn.it\/area-testimonianza\/wp-json\/wp\/v2\/users\/3"}],"replies":[{"embeddable":true,"href":"https:\/\/www.diocesitn.it\/area-testimonianza\/wp-json\/wp\/v2\/comments?post=19603"}],"version-history":[{"count":2,"href":"https:\/\/www.diocesitn.it\/area-testimonianza\/wp-json\/wp\/v2\/posts\/19603\/revisions"}],"predecessor-version":[{"id":19610,"href":"https:\/\/www.diocesitn.it\/area-testimonianza\/wp-json\/wp\/v2\/posts\/19603\/revisions\/19610"}],"wp:featuredmedia":[{"embeddable":true,"href":"https:\/\/www.diocesitn.it\/area-testimonianza\/wp-json\/wp\/v2\/media\/19604"}],"wp:attachment":[{"href":"https:\/\/www.diocesitn.it\/area-testimonianza\/wp-json\/wp\/v2\/media?parent=19603"}],"wp:term":[{"taxonomy":"category","embeddable":true,"href":"https:\/\/www.diocesitn.it\/area-testimonianza\/wp-json\/wp\/v2\/categories?post=19603"},{"taxonomy":"post_tag","embeddable":true,"href":"https:\/\/www.diocesitn.it\/area-testimonianza\/wp-json\/wp\/v2\/tags?post=19603"}],"curies":[{"name":"wp","href":"https:\/\/api.w.org\/{rel}","templated":true}]}}