{"id":19337,"date":"2026-01-28T09:47:14","date_gmt":"2026-01-28T08:47:14","guid":{"rendered":"https:\/\/www.diocesitn.it\/area-testimonianza\/2026\/01\/28\/la-carita-come-architettura-di-relazioni-incontro-zonale-dei-volontari-caritas-dellalto-garda-e-valli-dei-laghi-2\/"},"modified":"2026-02-10T11:25:56","modified_gmt":"2026-02-10T10:25:56","slug":"la-carita-come-architettura-di-relazioni-incontro-zonale-dei-volontari-caritas-dellalto-garda-e-valli-dei-laghi-2","status":"publish","type":"post","link":"https:\/\/www.diocesitn.it\/area-testimonianza\/2026\/01\/28\/la-carita-come-architettura-di-relazioni-incontro-zonale-dei-volontari-caritas-dellalto-garda-e-valli-dei-laghi-2\/","title":{"rendered":"La carit\u00e0 come &#8220;architettura di relazioni&#8221;. Incontro zonale dei volontari Caritas dell\u2019Alto Garda e Valli dei Laghi"},"content":{"rendered":"<p>Si \u00e8 svolto nella <strong>Zona Pastorale dell\u2019Alto Garda e Valli dei Laghi<\/strong> l\u2019incontro zonale dei <strong>volontari Caritas<\/strong>, dal titolo <em>\u201c<\/em><strong>La Carit\u00e0: un\u2019architettura di relazioni<\/strong><em>\u201d<\/em>. Una mattinata intensa e partecipata che ha rappresentato una tappa significativa di un percorso condiviso, costruito nei mesi precedenti grazie al lavoro del Coordinamento Caritas zonale e al costante accompagnamento della Caritas Diocesana. Il cammino era stato presentato anche nella serata del 20 gennaio al Consiglio pastorale di zona.<!--more--><\/p>\n<h4 data-start=\"876\" data-end=\"914\">Accoglienza e ascolto della Parola<\/h4>\n<p>Dopo il momento di accoglienza, padre <strong>Franco Pavesi<\/strong>, parroco della Val di Ledro, ha guidato una riflessione sulla Parola, invitando i presenti a riconoscersi come <em>popolo in cammino<\/em>, capace di lasciarsi sorprendere dal Vangelo e di rinnovarsi continuamente nel servizio quotidiano.<\/p>\n<h4 data-start=\"1203\" data-end=\"1249\">La carit\u00e0 come stile ecclesiale e sinodale<\/h4>\n<p>A seguire, <strong>Fabio Chiari<\/strong>, referente della Caritas Diocesana, ha proposto una riflessione sul significato della carit\u00e0, mettendone in luce la dimensione ecclesiale, comunitaria e sinodale: una carit\u00e0 che non \u00e8 solo risposta ai bisogni, ma stile di Chiesa e forma concreta di corresponsabilit\u00e0.<\/p>\n<h4 data-start=\"1547\" data-end=\"1595\">Il percorso del Coordinamento Caritas zonale<\/h4>\n<p>I rappresentanti del <strong>Coordinamento Caritas zonale<\/strong> hanno poi illustrato il percorso svolto, articolato attorno a tre pilastri fondamentali:<\/p>\n<ul>\n<li><strong>la Caritas parrocchiale-territoriale<\/strong>, con una particolare attenzione alla collaborazione tra i gruppi parrocchiali, vere e proprie sentinelle delle fragilit\u00e0 presenti nel territorio;<\/li>\n<li><strong>il rafforzamento del coordinamento Caritas di zona<\/strong>, come luogo di confronto, orientamento e visione condivisa;<\/li>\n<li><strong>l\u2019ascolto della Parola<\/strong>, partendo dalla vita concreta delle persone. Le storie diventano cos\u00ec luoghi di formazione e di incontro con Dio, segni vivi dello Spirito che continua a scrivere la Sua Parola nelle vicende umane.<\/li>\n<\/ul>\n<h4 data-start=\"2273\" data-end=\"2312\">Il sostegno della Caritas Diocesana<\/h4>\n<p>\u00c8 stata riconosciuta come particolarmente preziosa la presenza costante della <strong>Caritas Diocesana<\/strong>, attraverso <strong>Annalisa Pasini<\/strong>, <strong>Fabio Chiari<\/strong> e il coordinatore <strong>Cristian Gatti<\/strong>: una vicinanza competente e continuativa, capace di offrire strumenti, formazione e orientamento per accompagnare il coordinamento zonale e favorire una visione condivisa.<\/p>\n<h4 data-start=\"2673\" data-end=\"2730\">I laboratori: la carit\u00e0 di oggi nasce dalle relazioni<\/h4>\n<p>Il cuore della mattinata \u00e8 stato rappresentato dai <strong>laboratori \u201cper la Caritas di oggi\u201d<\/strong>, che hanno permesso ai volontari di condividere esperienze, fatiche e proposte. \u00c8 emersa con forza la dimensione <strong>relazionale<\/strong> come fondamento del servizio Caritas: relazioni tra volontari, tra parrocchie, con le comunit\u00e0 e con le famiglie accompagnate. Relazioni che non sono una semplice cornice, ma la vera architettura di un servizio capace di rispondere ai bisogni emergenti.<\/p>\n<h4 data-start=\"3206\" data-end=\"3248\">Prospettive future e corresponsabilit\u00e0<\/h4>\n<p>Nelle conclusioni, <strong>Annalisa Pasini<\/strong> ha rilanciato alcune prospettive per proseguire il cammino in uno stile sempre pi\u00f9 sinodale e partecipato, sottolineando il legame con le diverse dimensioni dell\u2019Area testimonianza e impegno sociale (ambito missionario, anziani, ammalati\u2026). Le comunit\u00e0 presenti hanno espresso gratitudine per un percorso che ha fatto emergere nuove energie e una pi\u00f9 profonda corresponsabilit\u00e0 tra volontari, parroci e territori.<\/p>\n<h4 data-start=\"3903\" data-end=\"3940\">Camminare insieme genera speranza<\/h4>\n<p>La mattinata si \u00e8 conclusa con un <strong>pranzo condiviso<\/strong>, semplice ma significativo, occasione preziosa per continuare il dialogo e rafforzare i legami.<\/p>\n<p>L\u2019incontro ha confermato che, quando volontari, parroci e Caritas Diocesana camminano insieme, la carit\u00e0 diventa <strong>stile di comunit\u00e0<\/strong>: generatrice di fiducia e di speranza, capace di valorizzare la bellezza dei gruppi Caritas e di renderli luoghi accoglienti e significativi anche per le nuove generazioni.<\/p>\n\n\n\t\t<style type='text\/css'>\n\n\t\t\t\/* PhotoSwipe Plugin *\/\n\t\t\t.psgal {\n\t\t\t\tmargin: auto;\n\t\t\t\tpadding-bottom:40px;\n\n\t\t\t\t-webkit-transition: all 0.4s ease;\n\t\t\t\t-moz-transition: all 0.4s ease;\n\t\t\t\t-o-transition: all 0.4s ease;\n\t\t\t\ttransition: all 0.4s ease;\n\t\t\t}\n\n\t\t\t.psgal figure {\n\t\t\t\tfloat: left;\n\t\t\t\ttext-align: center;\n    \t\t\twidth: 200px;\n                max-width: 50%;\n\t\t\t\tpadding:5px;\n\t\t\t\tmargin: 0px;\n\t\t\t\tbox-sizing:border-box;\n\t\t\t}\n\t\t\t.psgal a{\n\t\t\t\tdisplay:block;\n\t\t\t}\n\t\t\t.psgal figure figcaption{\n\t\t\t\tfont-size:13px;\n\t\t\t}\n\n\t\t\t.msnry{\n\t\t\t\tmargin:auto;\n\t\t\t}\n\t\t\t.pswp__caption__center{\n\t\t\t\ttext-align: center;\n\t\t\t}\n\t\t\t\n\n\t\t\t.photoswipe-gallery-caption{\n\t\t\t\tdisplay:none;\n\t\t\t}\n\n\t\t\t\n\t\t<\/style> <div style=\"clear:both\"><\/div>\n\n\t\t<div id=\"psgal_19337_1\" class=\"ps-gallery psgal gallery-columns-3 gallery-size-thumbnail\" itemscope itemtype=\"http:\/\/schema.org\/ImageGallery\" >\n\t\t\t\t<figure class=\"msnry_item\" itemscope itemtype=\"http:\/\/schema.org\/ImageObject\">\n\t\t\t\t\t<a href=\"https:\/\/www.diocesitn.it\/area-testimonianza\/wp-content\/uploads\/sites\/37\/2026\/01\/Caritas-alto-garda-gen-26_8-1024x768.jpeg\"\n\t\t\t\t\titemprop=\"contentUrl\"\n\t\t\t\t\tdata-pswp-width=\"800\" \n\t\t\t\t    data-pswp-height=\"600\" \n\t\t\t\t    data-cropped=\"true\"\n\t\t\t\t\tdata-caption=\"\"\n\t\t\t\t\tclass=\"post-thumbnail-image-link container-fixed-aspect-ratio__16-9\">\n\t\t\t\t        <img src=https:\/\/www.diocesitn.it\/area-testimonianza\/wp-content\/uploads\/sites\/37\/2026\/01\/Caritas-alto-garda-gen-26_8-300x225.jpeg itemprop=\"thumbnail\" alt=\"\"  \/>\n\t\t\t\t    <\/a>\n\t\t\t\t    <figcaption class=\"photoswipe-gallery-caption\" ><\/figcaption>\n\t\t\t    <\/figure>\n\t\t\t\t\n\t\t\t\t<figure class=\"msnry_item\" itemscope itemtype=\"http:\/\/schema.org\/ImageObject\">\n\t\t\t\t\t<a href=\"https:\/\/www.diocesitn.it\/area-testimonianza\/wp-content\/uploads\/sites\/37\/2026\/01\/Caritas-alto-garda-gen-26_1-1024x768.jpeg\"\n\t\t\t\t\titemprop=\"contentUrl\"\n\t\t\t\t\tdata-pswp-width=\"800\" \n\t\t\t\t    data-pswp-height=\"600\" \n\t\t\t\t    data-cropped=\"true\"\n\t\t\t\t\tdata-caption=\"\"\n\t\t\t\t\tclass=\"post-thumbnail-image-link container-fixed-aspect-ratio__16-9\">\n\t\t\t\t        <img src=https:\/\/www.diocesitn.it\/area-testimonianza\/wp-content\/uploads\/sites\/37\/2026\/01\/Caritas-alto-garda-gen-26_1-300x225.jpeg itemprop=\"thumbnail\" alt=\"\"  \/>\n\t\t\t\t    <\/a>\n\t\t\t\t    <figcaption class=\"photoswipe-gallery-caption\" ><\/figcaption>\n\t\t\t    <\/figure>\n\t\t\t\t\n\t\t\t\t<figure class=\"msnry_item\" itemscope itemtype=\"http:\/\/schema.org\/ImageObject\">\n\t\t\t\t\t<a href=\"https:\/\/www.diocesitn.it\/area-testimonianza\/wp-content\/uploads\/sites\/37\/2026\/01\/Caritas-alto-garda-gen-26_6-1024x768.jpeg\"\n\t\t\t\t\titemprop=\"contentUrl\"\n\t\t\t\t\tdata-pswp-width=\"800\" \n\t\t\t\t    data-pswp-height=\"600\" \n\t\t\t\t    data-cropped=\"true\"\n\t\t\t\t\tdata-caption=\"\"\n\t\t\t\t\tclass=\"post-thumbnail-image-link container-fixed-aspect-ratio__16-9\">\n\t\t\t\t        <img src=https:\/\/www.diocesitn.it\/area-testimonianza\/wp-content\/uploads\/sites\/37\/2026\/01\/Caritas-alto-garda-gen-26_6-300x225.jpeg itemprop=\"thumbnail\" alt=\"\"  \/>\n\t\t\t\t    <\/a>\n\t\t\t\t    <figcaption class=\"photoswipe-gallery-caption\" ><\/figcaption>\n\t\t\t    <\/figure>\n\t\t\t\t\n\t\t\t\t<figure class=\"msnry_item\" itemscope itemtype=\"http:\/\/schema.org\/ImageObject\">\n\t\t\t\t\t<a href=\"https:\/\/www.diocesitn.it\/area-testimonianza\/wp-content\/uploads\/sites\/37\/2026\/01\/Caritas-alto-garda-gen-26_2-1024x768.jpeg\"\n\t\t\t\t\titemprop=\"contentUrl\"\n\t\t\t\t\tdata-pswp-width=\"800\" \n\t\t\t\t    data-pswp-height=\"600\" \n\t\t\t\t    data-cropped=\"true\"\n\t\t\t\t\tdata-caption=\"\"\n\t\t\t\t\tclass=\"post-thumbnail-image-link container-fixed-aspect-ratio__16-9\">\n\t\t\t\t        <img src=https:\/\/www.diocesitn.it\/area-testimonianza\/wp-content\/uploads\/sites\/37\/2026\/01\/Caritas-alto-garda-gen-26_2-300x225.jpeg itemprop=\"thumbnail\" alt=\"\"  \/>\n\t\t\t\t    <\/a>\n\t\t\t\t    <figcaption class=\"photoswipe-gallery-caption\" ><\/figcaption>\n\t\t\t    <\/figure>\n\t\t\t\t\n\t\t\t\t<figure class=\"msnry_item\" itemscope itemtype=\"http:\/\/schema.org\/ImageObject\">\n\t\t\t\t\t<a href=\"https:\/\/www.diocesitn.it\/area-testimonianza\/wp-content\/uploads\/sites\/37\/2026\/01\/Caritas-alto-garda-gen-26_3-1024x768.jpeg\"\n\t\t\t\t\titemprop=\"contentUrl\"\n\t\t\t\t\tdata-pswp-width=\"800\" \n\t\t\t\t    data-pswp-height=\"600\" \n\t\t\t\t    data-cropped=\"true\"\n\t\t\t\t\tdata-caption=\"\"\n\t\t\t\t\tclass=\"post-thumbnail-image-link container-fixed-aspect-ratio__16-9\">\n\t\t\t\t        <img src=https:\/\/www.diocesitn.it\/area-testimonianza\/wp-content\/uploads\/sites\/37\/2026\/01\/Caritas-alto-garda-gen-26_3-300x225.jpeg itemprop=\"thumbnail\" alt=\"\"  \/>\n\t\t\t\t    <\/a>\n\t\t\t\t    <figcaption class=\"photoswipe-gallery-caption\" ><\/figcaption>\n\t\t\t    <\/figure>\n\t\t\t\t\n\t\t\t\t<figure class=\"msnry_item\" itemscope itemtype=\"http:\/\/schema.org\/ImageObject\">\n\t\t\t\t\t<a href=\"https:\/\/www.diocesitn.it\/area-testimonianza\/wp-content\/uploads\/sites\/37\/2026\/01\/Caritas-alto-garda-gen-26_7-1024x768.jpeg\"\n\t\t\t\t\titemprop=\"contentUrl\"\n\t\t\t\t\tdata-pswp-width=\"800\" \n\t\t\t\t    data-pswp-height=\"600\" \n\t\t\t\t    data-cropped=\"true\"\n\t\t\t\t\tdata-caption=\"\"\n\t\t\t\t\tclass=\"post-thumbnail-image-link container-fixed-aspect-ratio__16-9\">\n\t\t\t\t        <img src=https:\/\/www.diocesitn.it\/area-testimonianza\/wp-content\/uploads\/sites\/37\/2026\/01\/Caritas-alto-garda-gen-26_7-300x225.jpeg itemprop=\"thumbnail\" alt=\"\"  \/>\n\t\t\t\t    <\/a>\n\t\t\t\t    <figcaption class=\"photoswipe-gallery-caption\" ><\/figcaption>\n\t\t\t    <\/figure>\n\t\t\t\t\n\t\t\t\t<figure class=\"msnry_item\" itemscope itemtype=\"http:\/\/schema.org\/ImageObject\">\n\t\t\t\t\t<a href=\"https:\/\/www.diocesitn.it\/area-testimonianza\/wp-content\/uploads\/sites\/37\/2026\/01\/Caritas-alto-garda-gen-26_4-1024x768.jpeg\"\n\t\t\t\t\titemprop=\"contentUrl\"\n\t\t\t\t\tdata-pswp-width=\"800\" \n\t\t\t\t    data-pswp-height=\"600\" \n\t\t\t\t    data-cropped=\"true\"\n\t\t\t\t\tdata-caption=\"\"\n\t\t\t\t\tclass=\"post-thumbnail-image-link container-fixed-aspect-ratio__16-9\">\n\t\t\t\t        <img src=https:\/\/www.diocesitn.it\/area-testimonianza\/wp-content\/uploads\/sites\/37\/2026\/01\/Caritas-alto-garda-gen-26_4-300x225.jpeg itemprop=\"thumbnail\" alt=\"\"  \/>\n\t\t\t\t    <\/a>\n\t\t\t\t    <figcaption class=\"photoswipe-gallery-caption\" ><\/figcaption>\n\t\t\t    <\/figure>\n\t\t\t\t\n\t\t\t\t<figure class=\"msnry_item\" itemscope itemtype=\"http:\/\/schema.org\/ImageObject\">\n\t\t\t\t\t<a href=\"https:\/\/www.diocesitn.it\/area-testimonianza\/wp-content\/uploads\/sites\/37\/2026\/01\/Caritas-alto-garda-gen-26_5-768x1024.jpeg\"\n\t\t\t\t\titemprop=\"contentUrl\"\n\t\t\t\t\tdata-pswp-width=\"768\" \n\t\t\t\t    data-pswp-height=\"1024\" \n\t\t\t\t    data-cropped=\"true\"\n\t\t\t\t\tdata-caption=\"\"\n\t\t\t\t\tclass=\"post-thumbnail-image-link container-fixed-aspect-ratio__16-9\">\n\t\t\t\t        <img src=https:\/\/www.diocesitn.it\/area-testimonianza\/wp-content\/uploads\/sites\/37\/2026\/01\/Caritas-alto-garda-gen-26_5-225x300.jpeg itemprop=\"thumbnail\" alt=\"\"  \/>\n\t\t\t\t    <\/a>\n\t\t\t\t    <figcaption class=\"photoswipe-gallery-caption\" ><\/figcaption>\n\t\t\t    <\/figure>\n\t\t\t\t<\/div>\n\t\t<div style='clear:both'><\/div>\n\t\n","protected":false},"excerpt":{"rendered":"<p>Si \u00e8 svolto nella Zona Pastorale dell\u2019Alto Garda e Valli dei Laghi l\u2019incontro zonale dei volontari Caritas, dal titolo \u201cLa Carit\u00e0: un\u2019architettura di relazioni\u201d. Una mattinata intensa e partecipata che ha rappresentato una tappa significativa<\/p>\n","protected":false},"author":3,"featured_media":19340,"comment_status":"closed","ping_status":"closed","sticky":false,"template":"","format":"standard","meta":{"footnotes":""},"categories":[1059,1074],"tags":[],"class_list":["post-19337","post","type-post","status-publish","format-standard","has-post-thumbnail","hentry","category-servizio-caritas","category-notizie"],"acf":{"seed-localization-paese-cod":"IT","seed-localization-address":"","seed-localization-citta":"Trento","seed-localization-regione-cod-istat":"04","seed-localization-citta-cod-istat":"022205","seed-localization-localita":"","seed-localization-cap":"","seed-localization-marker-visibility":false,"seed-localization-children-visibility":false,"seed-localization-kml":"","seed-localization-custom-marker":""},"yoast_head":"<!-- This site is optimized with the Yoast SEO Premium plugin v20.2.1 (Yoast SEO v22.2) - https:\/\/yoast.com\/wordpress\/plugins\/seo\/ -->\n<title>La carit\u00e0 come &quot;architettura di relazioni&quot;. Incontro zonale dei volontari Caritas dell\u2019Alto Garda e Valli dei Laghi - Testimonianza e Impegno sociale<\/title>\n<meta name=\"robots\" content=\"index, follow, max-snippet:-1, max-image-preview:large, max-video-preview:-1\" \/>\n<link rel=\"canonical\" href=\"https:\/\/www.diocesitn.it\/area-testimonianza\/2026\/01\/28\/la-carita-come-architettura-di-relazioni-incontro-zonale-dei-volontari-caritas-dellalto-garda-e-valli-dei-laghi-2\/\" \/>\n<meta property=\"og:locale\" content=\"it_IT\" \/>\n<meta property=\"og:type\" content=\"article\" \/>\n<meta property=\"og:title\" content=\"La carit\u00e0 come &quot;architettura di relazioni&quot;. Incontro zonale dei volontari Caritas dell\u2019Alto Garda e Valli dei Laghi\" \/>\n<meta property=\"og:description\" content=\"Si \u00e8 svolto nella Zona Pastorale dell\u2019Alto Garda e Valli dei Laghi l\u2019incontro zonale dei volontari Caritas, dal titolo \u201cLa Carit\u00e0: un\u2019architettura di relazioni\u201d. Una mattinata intensa e partecipata che ha rappresentato una tappa significativa\" \/>\n<meta property=\"og:url\" content=\"https:\/\/www.diocesitn.it\/area-testimonianza\/2026\/01\/28\/la-carita-come-architettura-di-relazioni-incontro-zonale-dei-volontari-caritas-dellalto-garda-e-valli-dei-laghi-2\/\" \/>\n<meta property=\"og:site_name\" content=\"Testimonianza e Impegno sociale\" \/>\n<meta property=\"article:published_time\" content=\"2026-01-28T08:47:14+00:00\" \/>\n<meta property=\"article:modified_time\" content=\"2026-02-10T10:25:56+00:00\" \/>\n<meta property=\"og:image\" content=\"https:\/\/www.diocesitn.it\/area-testimonianza\/wp-content\/uploads\/sites\/37\/2026\/01\/Caritas-alto-garda-gen-26_2.jpeg\" \/>\n\t<meta property=\"og:image:width\" content=\"1600\" \/>\n\t<meta property=\"og:image:height\" content=\"1200\" \/>\n\t<meta property=\"og:image:type\" content=\"image\/jpeg\" \/>\n<meta name=\"author\" content=\"Piergiorgio Franceschini\" \/>\n<meta name=\"twitter:card\" content=\"summary_large_image\" \/>\n<meta name=\"twitter:label1\" content=\"Scritto da\" \/>\n\t<meta name=\"twitter:data1\" content=\"Piergiorgio Franceschini\" \/>\n\t<meta name=\"twitter:label2\" content=\"Tempo di lettura stimato\" \/>\n\t<meta name=\"twitter:data2\" content=\"4 minuti\" \/>\n<script type=\"application\/ld+json\" class=\"yoast-schema-graph\">{\"@context\":\"https:\/\/schema.org\",\"@graph\":[{\"@type\":\"Article\",\"@id\":\"https:\/\/www.diocesitn.it\/area-testimonianza\/2026\/01\/28\/la-carita-come-architettura-di-relazioni-incontro-zonale-dei-volontari-caritas-dellalto-garda-e-valli-dei-laghi-2\/#article\",\"isPartOf\":{\"@id\":\"https:\/\/www.diocesitn.it\/area-testimonianza\/2026\/01\/28\/la-carita-come-architettura-di-relazioni-incontro-zonale-dei-volontari-caritas-dellalto-garda-e-valli-dei-laghi-2\/\"},\"author\":{\"name\":\"Piergiorgio Franceschini\",\"@id\":\"https:\/\/www.diocesitn.it\/area-testimonianza\/#\/schema\/person\/99590c84577873a025247b6aeb16ad2e\"},\"headline\":\"La carit\u00e0 come &#8220;architettura di relazioni&#8221;. Incontro zonale dei volontari Caritas dell\u2019Alto Garda e Valli dei Laghi\",\"datePublished\":\"2026-01-28T08:47:14+00:00\",\"dateModified\":\"2026-02-10T10:25:56+00:00\",\"mainEntityOfPage\":{\"@id\":\"https:\/\/www.diocesitn.it\/area-testimonianza\/2026\/01\/28\/la-carita-come-architettura-di-relazioni-incontro-zonale-dei-volontari-caritas-dellalto-garda-e-valli-dei-laghi-2\/\"},\"wordCount\":547,\"publisher\":{\"@id\":\"https:\/\/www.diocesitn.it\/area-testimonianza\/#organization\"},\"image\":{\"@id\":\"https:\/\/www.diocesitn.it\/area-testimonianza\/2026\/01\/28\/la-carita-come-architettura-di-relazioni-incontro-zonale-dei-volontari-caritas-dellalto-garda-e-valli-dei-laghi-2\/#primaryimage\"},\"thumbnailUrl\":\"https:\/\/www.diocesitn.it\/area-testimonianza\/wp-content\/uploads\/sites\/37\/2026\/01\/Caritas-alto-garda-gen-26_2.jpeg\",\"articleSection\":[\"Caritas diocesana\",\"Notizie\"],\"inLanguage\":\"it-IT\",\"copyrightYear\":\"2026\",\"copyrightHolder\":{\"@id\":\"https:\/\/www.diocesitn.it\/#organization\"}},{\"@type\":\"WebPage\",\"@id\":\"https:\/\/www.diocesitn.it\/area-testimonianza\/2026\/01\/28\/la-carita-come-architettura-di-relazioni-incontro-zonale-dei-volontari-caritas-dellalto-garda-e-valli-dei-laghi-2\/\",\"url\":\"https:\/\/www.diocesitn.it\/area-testimonianza\/2026\/01\/28\/la-carita-come-architettura-di-relazioni-incontro-zonale-dei-volontari-caritas-dellalto-garda-e-valli-dei-laghi-2\/\",\"name\":\"La carit\u00e0 come \\\"architettura di relazioni\\\". Incontro zonale dei volontari Caritas dell\u2019Alto Garda e Valli dei Laghi - Testimonianza e Impegno sociale\",\"isPartOf\":{\"@id\":\"https:\/\/www.diocesitn.it\/area-testimonianza\/#website\"},\"primaryImageOfPage\":{\"@id\":\"https:\/\/www.diocesitn.it\/area-testimonianza\/2026\/01\/28\/la-carita-come-architettura-di-relazioni-incontro-zonale-dei-volontari-caritas-dellalto-garda-e-valli-dei-laghi-2\/#primaryimage\"},\"image\":{\"@id\":\"https:\/\/www.diocesitn.it\/area-testimonianza\/2026\/01\/28\/la-carita-come-architettura-di-relazioni-incontro-zonale-dei-volontari-caritas-dellalto-garda-e-valli-dei-laghi-2\/#primaryimage\"},\"thumbnailUrl\":\"https:\/\/www.diocesitn.it\/area-testimonianza\/wp-content\/uploads\/sites\/37\/2026\/01\/Caritas-alto-garda-gen-26_2.jpeg\",\"datePublished\":\"2026-01-28T08:47:14+00:00\",\"dateModified\":\"2026-02-10T10:25:56+00:00\",\"breadcrumb\":{\"@id\":\"https:\/\/www.diocesitn.it\/area-testimonianza\/2026\/01\/28\/la-carita-come-architettura-di-relazioni-incontro-zonale-dei-volontari-caritas-dellalto-garda-e-valli-dei-laghi-2\/#breadcrumb\"},\"inLanguage\":\"it-IT\",\"potentialAction\":[{\"@type\":\"ReadAction\",\"target\":[\"https:\/\/www.diocesitn.it\/area-testimonianza\/2026\/01\/28\/la-carita-come-architettura-di-relazioni-incontro-zonale-dei-volontari-caritas-dellalto-garda-e-valli-dei-laghi-2\/\"]}]},{\"@type\":\"ImageObject\",\"inLanguage\":\"it-IT\",\"@id\":\"https:\/\/www.diocesitn.it\/area-testimonianza\/2026\/01\/28\/la-carita-come-architettura-di-relazioni-incontro-zonale-dei-volontari-caritas-dellalto-garda-e-valli-dei-laghi-2\/#primaryimage\",\"url\":\"https:\/\/www.diocesitn.it\/area-testimonianza\/wp-content\/uploads\/sites\/37\/2026\/01\/Caritas-alto-garda-gen-26_2.jpeg\",\"contentUrl\":\"https:\/\/www.diocesitn.it\/area-testimonianza\/wp-content\/uploads\/sites\/37\/2026\/01\/Caritas-alto-garda-gen-26_2.jpeg\",\"width\":1600,\"height\":1200},{\"@type\":\"BreadcrumbList\",\"@id\":\"https:\/\/www.diocesitn.it\/area-testimonianza\/2026\/01\/28\/la-carita-come-architettura-di-relazioni-incontro-zonale-dei-volontari-caritas-dellalto-garda-e-valli-dei-laghi-2\/#breadcrumb\",\"itemListElement\":[{\"@type\":\"ListItem\",\"position\":1,\"name\":\"Home\",\"item\":\"https:\/\/www.diocesitn.it\/area-testimonianza\/\"},{\"@type\":\"ListItem\",\"position\":2,\"name\":\"La carit\u00e0 come &#8220;architettura di relazioni&#8221;. Incontro zonale dei volontari Caritas dell\u2019Alto Garda e Valli dei Laghi\"}]},{\"@type\":\"WebSite\",\"@id\":\"https:\/\/www.diocesitn.it\/area-testimonianza\/#website\",\"url\":\"https:\/\/www.diocesitn.it\/area-testimonianza\/\",\"name\":\"Testimonianza e Impegno sociale\",\"description\":\"Chiesa di Trento\",\"publisher\":{\"@id\":\"https:\/\/www.diocesitn.it\/area-testimonianza\/#organization\"},\"potentialAction\":[{\"@type\":\"SearchAction\",\"target\":{\"@type\":\"EntryPoint\",\"urlTemplate\":\"https:\/\/www.diocesitn.it\/area-testimonianza\/?s={search_term_string}\"},\"query-input\":\"required name=search_term_string\"}],\"inLanguage\":\"it-IT\"},{\"@type\":[\"Organization\",\"Place\"],\"@id\":\"https:\/\/www.diocesitn.it\/area-testimonianza\/#organization\",\"name\":\"Area Testimonianza e Impegno Sociale - Chiesa di Trento\",\"url\":\"https:\/\/www.diocesitn.it\/area-testimonianza\/\",\"logo\":{\"@id\":\"https:\/\/www.diocesitn.it\/area-testimonianza\/2026\/01\/28\/la-carita-come-architettura-di-relazioni-incontro-zonale-dei-volontari-caritas-dellalto-garda-e-valli-dei-laghi-2\/#local-main-organization-logo\"},\"image\":{\"@id\":\"https:\/\/www.diocesitn.it\/area-testimonianza\/2026\/01\/28\/la-carita-come-architettura-di-relazioni-incontro-zonale-dei-volontari-caritas-dellalto-garda-e-valli-dei-laghi-2\/#local-main-organization-logo\"},\"openingHoursSpecification\":[{\"@type\":\"OpeningHoursSpecification\",\"dayOfWeek\":[\"Monday\",\"Tuesday\",\"Wednesday\",\"Thursday\",\"Friday\",\"Saturday\",\"Sunday\"],\"opens\":\"09:00\",\"closes\":\"17:00\"}]},{\"@type\":\"ImageObject\",\"inLanguage\":\"it-IT\",\"@id\":\"https:\/\/www.diocesitn.it\/area-testimonianza\/2026\/01\/28\/la-carita-come-architettura-di-relazioni-incontro-zonale-dei-volontari-caritas-dellalto-garda-e-valli-dei-laghi-2\/#local-main-organization-logo\",\"url\":\"https:\/\/www.diocesitn.it\/area-testimonianza\/wp-content\/uploads\/sites\/37\/2021\/09\/og-logo-testimonianza-e-impegno-sociale.jpg\",\"contentUrl\":\"https:\/\/www.diocesitn.it\/area-testimonianza\/wp-content\/uploads\/sites\/37\/2021\/09\/og-logo-testimonianza-e-impegno-sociale.jpg\",\"width\":1200,\"height\":630,\"caption\":\"Area Testimonianza e Impegno Sociale - Chiesa di Trento\"}]}<\/script>\n<!-- \/ Yoast SEO Premium plugin. -->","yoast_head_json":{"title":"La carit\u00e0 come \"architettura di relazioni\". Incontro zonale dei volontari Caritas dell\u2019Alto Garda e Valli dei Laghi - Testimonianza e Impegno sociale","robots":{"index":"index","follow":"follow","max-snippet":"max-snippet:-1","max-image-preview":"max-image-preview:large","max-video-preview":"max-video-preview:-1"},"canonical":"https:\/\/www.diocesitn.it\/area-testimonianza\/2026\/01\/28\/la-carita-come-architettura-di-relazioni-incontro-zonale-dei-volontari-caritas-dellalto-garda-e-valli-dei-laghi-2\/","og_locale":"it_IT","og_type":"article","og_title":"La carit\u00e0 come \"architettura di relazioni\". Incontro zonale dei volontari Caritas dell\u2019Alto Garda e Valli dei Laghi","og_description":"Si \u00e8 svolto nella Zona Pastorale dell\u2019Alto Garda e Valli dei Laghi l\u2019incontro zonale dei volontari Caritas, dal titolo \u201cLa Carit\u00e0: un\u2019architettura di relazioni\u201d. Una mattinata intensa e partecipata che ha rappresentato una tappa significativa","og_url":"https:\/\/www.diocesitn.it\/area-testimonianza\/2026\/01\/28\/la-carita-come-architettura-di-relazioni-incontro-zonale-dei-volontari-caritas-dellalto-garda-e-valli-dei-laghi-2\/","og_site_name":"Testimonianza e Impegno sociale","article_published_time":"2026-01-28T08:47:14+00:00","article_modified_time":"2026-02-10T10:25:56+00:00","og_image":[{"width":1600,"height":1200,"url":"https:\/\/www.diocesitn.it\/area-testimonianza\/wp-content\/uploads\/sites\/37\/2026\/01\/Caritas-alto-garda-gen-26_2.jpeg","type":"image\/jpeg"}],"author":"Piergiorgio Franceschini","twitter_card":"summary_large_image","twitter_misc":{"Scritto da":"Piergiorgio Franceschini","Tempo di lettura stimato":"4 minuti"},"schema":{"@context":"https:\/\/schema.org","@graph":[{"@type":"Article","@id":"https:\/\/www.diocesitn.it\/area-testimonianza\/2026\/01\/28\/la-carita-come-architettura-di-relazioni-incontro-zonale-dei-volontari-caritas-dellalto-garda-e-valli-dei-laghi-2\/#article","isPartOf":{"@id":"https:\/\/www.diocesitn.it\/area-testimonianza\/2026\/01\/28\/la-carita-come-architettura-di-relazioni-incontro-zonale-dei-volontari-caritas-dellalto-garda-e-valli-dei-laghi-2\/"},"author":{"name":"Piergiorgio Franceschini","@id":"https:\/\/www.diocesitn.it\/area-testimonianza\/#\/schema\/person\/99590c84577873a025247b6aeb16ad2e"},"headline":"La carit\u00e0 come &#8220;architettura di relazioni&#8221;. Incontro zonale dei volontari Caritas dell\u2019Alto Garda e Valli dei Laghi","datePublished":"2026-01-28T08:47:14+00:00","dateModified":"2026-02-10T10:25:56+00:00","mainEntityOfPage":{"@id":"https:\/\/www.diocesitn.it\/area-testimonianza\/2026\/01\/28\/la-carita-come-architettura-di-relazioni-incontro-zonale-dei-volontari-caritas-dellalto-garda-e-valli-dei-laghi-2\/"},"wordCount":547,"publisher":{"@id":"https:\/\/www.diocesitn.it\/area-testimonianza\/#organization"},"image":{"@id":"https:\/\/www.diocesitn.it\/area-testimonianza\/2026\/01\/28\/la-carita-come-architettura-di-relazioni-incontro-zonale-dei-volontari-caritas-dellalto-garda-e-valli-dei-laghi-2\/#primaryimage"},"thumbnailUrl":"https:\/\/www.diocesitn.it\/area-testimonianza\/wp-content\/uploads\/sites\/37\/2026\/01\/Caritas-alto-garda-gen-26_2.jpeg","articleSection":["Caritas diocesana","Notizie"],"inLanguage":"it-IT","copyrightYear":"2026","copyrightHolder":{"@id":"https:\/\/www.diocesitn.it\/#organization"}},{"@type":"WebPage","@id":"https:\/\/www.diocesitn.it\/area-testimonianza\/2026\/01\/28\/la-carita-come-architettura-di-relazioni-incontro-zonale-dei-volontari-caritas-dellalto-garda-e-valli-dei-laghi-2\/","url":"https:\/\/www.diocesitn.it\/area-testimonianza\/2026\/01\/28\/la-carita-come-architettura-di-relazioni-incontro-zonale-dei-volontari-caritas-dellalto-garda-e-valli-dei-laghi-2\/","name":"La carit\u00e0 come \"architettura di relazioni\". Incontro zonale dei volontari Caritas dell\u2019Alto Garda e Valli dei Laghi - Testimonianza e Impegno sociale","isPartOf":{"@id":"https:\/\/www.diocesitn.it\/area-testimonianza\/#website"},"primaryImageOfPage":{"@id":"https:\/\/www.diocesitn.it\/area-testimonianza\/2026\/01\/28\/la-carita-come-architettura-di-relazioni-incontro-zonale-dei-volontari-caritas-dellalto-garda-e-valli-dei-laghi-2\/#primaryimage"},"image":{"@id":"https:\/\/www.diocesitn.it\/area-testimonianza\/2026\/01\/28\/la-carita-come-architettura-di-relazioni-incontro-zonale-dei-volontari-caritas-dellalto-garda-e-valli-dei-laghi-2\/#primaryimage"},"thumbnailUrl":"https:\/\/www.diocesitn.it\/area-testimonianza\/wp-content\/uploads\/sites\/37\/2026\/01\/Caritas-alto-garda-gen-26_2.jpeg","datePublished":"2026-01-28T08:47:14+00:00","dateModified":"2026-02-10T10:25:56+00:00","breadcrumb":{"@id":"https:\/\/www.diocesitn.it\/area-testimonianza\/2026\/01\/28\/la-carita-come-architettura-di-relazioni-incontro-zonale-dei-volontari-caritas-dellalto-garda-e-valli-dei-laghi-2\/#breadcrumb"},"inLanguage":"it-IT","potentialAction":[{"@type":"ReadAction","target":["https:\/\/www.diocesitn.it\/area-testimonianza\/2026\/01\/28\/la-carita-come-architettura-di-relazioni-incontro-zonale-dei-volontari-caritas-dellalto-garda-e-valli-dei-laghi-2\/"]}]},{"@type":"ImageObject","inLanguage":"it-IT","@id":"https:\/\/www.diocesitn.it\/area-testimonianza\/2026\/01\/28\/la-carita-come-architettura-di-relazioni-incontro-zonale-dei-volontari-caritas-dellalto-garda-e-valli-dei-laghi-2\/#primaryimage","url":"https:\/\/www.diocesitn.it\/area-testimonianza\/wp-content\/uploads\/sites\/37\/2026\/01\/Caritas-alto-garda-gen-26_2.jpeg","contentUrl":"https:\/\/www.diocesitn.it\/area-testimonianza\/wp-content\/uploads\/sites\/37\/2026\/01\/Caritas-alto-garda-gen-26_2.jpeg","width":1600,"height":1200},{"@type":"BreadcrumbList","@id":"https:\/\/www.diocesitn.it\/area-testimonianza\/2026\/01\/28\/la-carita-come-architettura-di-relazioni-incontro-zonale-dei-volontari-caritas-dellalto-garda-e-valli-dei-laghi-2\/#breadcrumb","itemListElement":[{"@type":"ListItem","position":1,"name":"Home","item":"https:\/\/www.diocesitn.it\/area-testimonianza\/"},{"@type":"ListItem","position":2,"name":"La carit\u00e0 come &#8220;architettura di relazioni&#8221;. Incontro zonale dei volontari Caritas dell\u2019Alto Garda e Valli dei Laghi"}]},{"@type":"WebSite","@id":"https:\/\/www.diocesitn.it\/area-testimonianza\/#website","url":"https:\/\/www.diocesitn.it\/area-testimonianza\/","name":"Testimonianza e Impegno sociale","description":"Chiesa di Trento","publisher":{"@id":"https:\/\/www.diocesitn.it\/area-testimonianza\/#organization"},"potentialAction":[{"@type":"SearchAction","target":{"@type":"EntryPoint","urlTemplate":"https:\/\/www.diocesitn.it\/area-testimonianza\/?s={search_term_string}"},"query-input":"required name=search_term_string"}],"inLanguage":"it-IT"},{"@type":["Organization","Place"],"@id":"https:\/\/www.diocesitn.it\/area-testimonianza\/#organization","name":"Area Testimonianza e Impegno Sociale - Chiesa di Trento","url":"https:\/\/www.diocesitn.it\/area-testimonianza\/","logo":{"@id":"https:\/\/www.diocesitn.it\/area-testimonianza\/2026\/01\/28\/la-carita-come-architettura-di-relazioni-incontro-zonale-dei-volontari-caritas-dellalto-garda-e-valli-dei-laghi-2\/#local-main-organization-logo"},"image":{"@id":"https:\/\/www.diocesitn.it\/area-testimonianza\/2026\/01\/28\/la-carita-come-architettura-di-relazioni-incontro-zonale-dei-volontari-caritas-dellalto-garda-e-valli-dei-laghi-2\/#local-main-organization-logo"},"openingHoursSpecification":[{"@type":"OpeningHoursSpecification","dayOfWeek":["Monday","Tuesday","Wednesday","Thursday","Friday","Saturday","Sunday"],"opens":"09:00","closes":"17:00"}]},{"@type":"ImageObject","inLanguage":"it-IT","@id":"https:\/\/www.diocesitn.it\/area-testimonianza\/2026\/01\/28\/la-carita-come-architettura-di-relazioni-incontro-zonale-dei-volontari-caritas-dellalto-garda-e-valli-dei-laghi-2\/#local-main-organization-logo","url":"https:\/\/www.diocesitn.it\/area-testimonianza\/wp-content\/uploads\/sites\/37\/2021\/09\/og-logo-testimonianza-e-impegno-sociale.jpg","contentUrl":"https:\/\/www.diocesitn.it\/area-testimonianza\/wp-content\/uploads\/sites\/37\/2021\/09\/og-logo-testimonianza-e-impegno-sociale.jpg","width":1200,"height":630,"caption":"Area Testimonianza e Impegno Sociale - Chiesa di Trento"}]}},"_links":{"self":[{"href":"https:\/\/www.diocesitn.it\/area-testimonianza\/wp-json\/wp\/v2\/posts\/19337","targetHints":{"allow":["GET"]}}],"collection":[{"href":"https:\/\/www.diocesitn.it\/area-testimonianza\/wp-json\/wp\/v2\/posts"}],"about":[{"href":"https:\/\/www.diocesitn.it\/area-testimonianza\/wp-json\/wp\/v2\/types\/post"}],"author":[{"embeddable":true,"href":"https:\/\/www.diocesitn.it\/area-testimonianza\/wp-json\/wp\/v2\/users\/3"}],"replies":[{"embeddable":true,"href":"https:\/\/www.diocesitn.it\/area-testimonianza\/wp-json\/wp\/v2\/comments?post=19337"}],"version-history":[{"count":3,"href":"https:\/\/www.diocesitn.it\/area-testimonianza\/wp-json\/wp\/v2\/posts\/19337\/revisions"}],"predecessor-version":[{"id":19346,"href":"https:\/\/www.diocesitn.it\/area-testimonianza\/wp-json\/wp\/v2\/posts\/19337\/revisions\/19346"}],"wp:featuredmedia":[{"embeddable":true,"href":"https:\/\/www.diocesitn.it\/area-testimonianza\/wp-json\/wp\/v2\/media\/19340"}],"wp:attachment":[{"href":"https:\/\/www.diocesitn.it\/area-testimonianza\/wp-json\/wp\/v2\/media?parent=19337"}],"wp:term":[{"taxonomy":"category","embeddable":true,"href":"https:\/\/www.diocesitn.it\/area-testimonianza\/wp-json\/wp\/v2\/categories?post=19337"},{"taxonomy":"post_tag","embeddable":true,"href":"https:\/\/www.diocesitn.it\/area-testimonianza\/wp-json\/wp\/v2\/tags?post=19337"}],"curies":[{"name":"wp","href":"https:\/\/api.w.org\/{rel}","templated":true}]}}