{"id":19215,"date":"2026-01-25T00:53:32","date_gmt":"2026-01-24T23:53:32","guid":{"rendered":"https:\/\/www.diocesitn.it\/area-testimonianza\/2026\/01\/25\/a-trento-larmonia-delle-chiese-nella-settimana-per-lunita-dei-cristiani\/"},"modified":"2026-01-29T09:48:04","modified_gmt":"2026-01-29T08:48:04","slug":"a-trento-larmonia-delle-chiese-nella-settimana-per-lunita-dei-cristiani","status":"publish","type":"post","link":"https:\/\/www.diocesitn.it\/area-testimonianza\/2026\/01\/25\/a-trento-larmonia-delle-chiese-nella-settimana-per-lunita-dei-cristiani\/","title":{"rendered":"A Trento l\u2019armonia delle Chiese nella Settimana per l\u2019unit\u00e0 dei cristiani"},"content":{"rendered":"<p>Cristiane e cristiani di diverse chiese si sono raccolti nel tardo pomeriggio di venerd\u00ec 23 gennaio nella chiesa di Santa Margherita, sede della preghiera ecumenica che il Consiglio di Chiese Cristiane di Trento propone con regolarit\u00e0 bimestrale, e a maggior ragione nel contesto della Settimana di preghiera per l&#8217;unit\u00e0 dei cristiani che arricchisce i giorni dal 18 al 25 gennaio di ogni anno.<\/p>\n<p><!--more-->&#8220;Luce da Luce per la Luce&#8221; era il titolo della preghiera, il cui testo \u00e8 stato preparato dalla Chiesa Apostolica Armena e presentato su sede nazionale proprio dal Consiglio di Chiese Cristiane di Trento. La Luce di Cristo, quindi, come la realt\u00e0 che illumina ogni credente, a qualsiasi Chiesa appartenga, e ogni donna e ogni uomo in tutti gli angoli della terra.<\/p>\n<p>Le riflessioni del vescovo Lauro per la Chiesa cattolica, di padre Ioan Lupasteanu per la Chiesa Ortodossa di Romania e del pastore Pierino Zingg per la Foursquare Gospel Italia, una Chiesa pentecostale molto diffusa anche a livello internazionale, hanno aiutato i presenti a puntare l&#8217;attenzione proprio l\u00ec dove la Luce di Cristo stenta ad essere riconosciuta: situazioni di guerra, di degrado, di povert\u00e0, ma anche il cuore dei credenti, quando non si lascia illuminare dal Vangelo di grazia che Ges\u00f9 Cristo continua a portare a ciascuna e ciascuno di noi.<\/p>\n<p>Al termine della preghiera i presenti sono stati invitati a scrivere una parola tra le tante risuonate durante il momento ecumenico, e a farlo con pennarelli di diversi colori, formando cos\u00ec una tavolozza di colori diversi, ma tutti in reciproca armonia: il cammino delle Chiese \u00e8 proprio questo, un&#8217;armonia sempre pi\u00f9 fondata e sempre pi\u00f9 riconoscibile.<\/p>\n<p>Una tappa di questo cammino \u00e8 stata vissuta anche ieri, anche a casa nostra: la Chiesa cattolica, le Chiese Ortodosse di Romania e di Russia, la Chiesa Luterana, la Foursquare Gospel Italia e la Chiesa Cristiana Avventista del Settimo Giorno, e per la prima volta anche le Chiese Ortodosse di Kiev e di Georgia erano rappresentate nello spazio di Santa Margherita, sotto lo sguardo austero e al contempo sereno del Cristo, unica Luce, unica speranza per tutti.<\/p>\n","protected":false},"excerpt":{"rendered":"<p>Cristiane e cristiani di diverse chiese si sono raccolti nel tardo pomeriggio di venerd\u00ec 23 gennaio nella chiesa di Santa Margherita, sede della preghiera ecumenica che il Consiglio di Chiese Cristiane di Trento propone con<\/p>\n","protected":false},"author":3,"featured_media":19216,"comment_status":"closed","ping_status":"closed","sticky":false,"template":"","format":"standard","meta":{"footnotes":""},"categories":[1130,1074],"tags":[],"class_list":["post-19215","post","type-post","status-publish","format-standard","has-post-thumbnail","hentry","category-servizio-ecumenismo-e-dialogo","category-notizie"],"acf":{"seed-localization-paese-cod":"IT","seed-localization-address":"","seed-localization-citta":"Trento","seed-localization-regione-cod-istat":"04","seed-localization-citta-cod-istat":"022205","seed-localization-localita":"","seed-localization-cap":"","seed-localization-marker-visibility":false,"seed-localization-children-visibility":false,"seed-localization-kml":"","seed-localization-custom-marker":""},"yoast_head":"<!-- This site is optimized with the Yoast SEO Premium plugin v20.2.1 (Yoast SEO v22.2) - https:\/\/yoast.com\/wordpress\/plugins\/seo\/ -->\n<title>A Trento l\u2019armonia delle Chiese nella Settimana per l\u2019unit\u00e0 dei cristiani - Testimonianza e Impegno sociale<\/title>\n<meta name=\"robots\" content=\"index, follow, max-snippet:-1, max-image-preview:large, max-video-preview:-1\" \/>\n<link rel=\"canonical\" href=\"https:\/\/www.diocesitn.it\/area-testimonianza\/2026\/01\/25\/a-trento-larmonia-delle-chiese-nella-settimana-per-lunita-dei-cristiani\/\" \/>\n<meta property=\"og:locale\" content=\"it_IT\" \/>\n<meta property=\"og:type\" content=\"article\" \/>\n<meta property=\"og:title\" content=\"A Trento l\u2019armonia delle Chiese nella Settimana per l\u2019unit\u00e0 dei cristiani\" \/>\n<meta property=\"og:description\" content=\"Cristiane e cristiani di diverse chiese si sono raccolti nel tardo pomeriggio di venerd\u00ec 23 gennaio nella chiesa di Santa Margherita, sede della preghiera ecumenica che il Consiglio di Chiese Cristiane di Trento propone con\" \/>\n<meta property=\"og:url\" content=\"https:\/\/www.diocesitn.it\/area-testimonianza\/2026\/01\/25\/a-trento-larmonia-delle-chiese-nella-settimana-per-lunita-dei-cristiani\/\" \/>\n<meta property=\"og:site_name\" content=\"Testimonianza e Impegno sociale\" \/>\n<meta property=\"article:published_time\" content=\"2026-01-24T23:53:32+00:00\" \/>\n<meta property=\"article:modified_time\" content=\"2026-01-29T08:48:04+00:00\" \/>\n<meta property=\"og:image\" content=\"https:\/\/www.diocesitn.it\/area-testimonianza\/wp-content\/uploads\/sites\/37\/2026\/01\/0c173cc3-a94d-4f6a-823d-44364f1ef805.jpeg\" \/>\n\t<meta property=\"og:image:width\" content=\"1498\" \/>\n\t<meta property=\"og:image:height\" content=\"1502\" \/>\n\t<meta property=\"og:image:type\" content=\"image\/jpeg\" \/>\n<meta name=\"author\" content=\"Piergiorgio Franceschini\" \/>\n<meta name=\"twitter:card\" content=\"summary_large_image\" \/>\n<meta name=\"twitter:label1\" content=\"Scritto da\" \/>\n\t<meta name=\"twitter:data1\" content=\"Piergiorgio Franceschini\" \/>\n\t<meta name=\"twitter:label2\" content=\"Tempo di lettura stimato\" \/>\n\t<meta name=\"twitter:data2\" content=\"3 minuti\" \/>\n<script type=\"application\/ld+json\" class=\"yoast-schema-graph\">{\"@context\":\"https:\/\/schema.org\",\"@graph\":[{\"@type\":\"Article\",\"@id\":\"https:\/\/www.diocesitn.it\/area-testimonianza\/2026\/01\/25\/a-trento-larmonia-delle-chiese-nella-settimana-per-lunita-dei-cristiani\/#article\",\"isPartOf\":{\"@id\":\"https:\/\/www.diocesitn.it\/area-testimonianza\/2026\/01\/25\/a-trento-larmonia-delle-chiese-nella-settimana-per-lunita-dei-cristiani\/\"},\"author\":{\"name\":\"Piergiorgio Franceschini\",\"@id\":\"https:\/\/www.diocesitn.it\/area-testimonianza\/#\/schema\/person\/99590c84577873a025247b6aeb16ad2e\"},\"headline\":\"A Trento l\u2019armonia delle Chiese nella Settimana per l\u2019unit\u00e0 dei cristiani\",\"datePublished\":\"2026-01-24T23:53:32+00:00\",\"dateModified\":\"2026-01-29T08:48:04+00:00\",\"mainEntityOfPage\":{\"@id\":\"https:\/\/www.diocesitn.it\/area-testimonianza\/2026\/01\/25\/a-trento-larmonia-delle-chiese-nella-settimana-per-lunita-dei-cristiani\/\"},\"wordCount\":355,\"publisher\":{\"@id\":\"https:\/\/www.diocesitn.it\/area-testimonianza\/#organization\"},\"image\":{\"@id\":\"https:\/\/www.diocesitn.it\/area-testimonianza\/2026\/01\/25\/a-trento-larmonia-delle-chiese-nella-settimana-per-lunita-dei-cristiani\/#primaryimage\"},\"thumbnailUrl\":\"https:\/\/www.diocesitn.it\/area-testimonianza\/wp-content\/uploads\/sites\/37\/2026\/01\/0c173cc3-a94d-4f6a-823d-44364f1ef805.jpeg\",\"articleSection\":[\"Ecumenismo e Dialogo interreligioso\",\"Notizie\"],\"inLanguage\":\"it-IT\",\"copyrightYear\":\"2026\",\"copyrightHolder\":{\"@id\":\"https:\/\/www.diocesitn.it\/#organization\"}},{\"@type\":\"WebPage\",\"@id\":\"https:\/\/www.diocesitn.it\/area-testimonianza\/2026\/01\/25\/a-trento-larmonia-delle-chiese-nella-settimana-per-lunita-dei-cristiani\/\",\"url\":\"https:\/\/www.diocesitn.it\/area-testimonianza\/2026\/01\/25\/a-trento-larmonia-delle-chiese-nella-settimana-per-lunita-dei-cristiani\/\",\"name\":\"A Trento l\u2019armonia delle Chiese nella Settimana per l\u2019unit\u00e0 dei cristiani - Testimonianza e Impegno sociale\",\"isPartOf\":{\"@id\":\"https:\/\/www.diocesitn.it\/area-testimonianza\/#website\"},\"primaryImageOfPage\":{\"@id\":\"https:\/\/www.diocesitn.it\/area-testimonianza\/2026\/01\/25\/a-trento-larmonia-delle-chiese-nella-settimana-per-lunita-dei-cristiani\/#primaryimage\"},\"image\":{\"@id\":\"https:\/\/www.diocesitn.it\/area-testimonianza\/2026\/01\/25\/a-trento-larmonia-delle-chiese-nella-settimana-per-lunita-dei-cristiani\/#primaryimage\"},\"thumbnailUrl\":\"https:\/\/www.diocesitn.it\/area-testimonianza\/wp-content\/uploads\/sites\/37\/2026\/01\/0c173cc3-a94d-4f6a-823d-44364f1ef805.jpeg\",\"datePublished\":\"2026-01-24T23:53:32+00:00\",\"dateModified\":\"2026-01-29T08:48:04+00:00\",\"breadcrumb\":{\"@id\":\"https:\/\/www.diocesitn.it\/area-testimonianza\/2026\/01\/25\/a-trento-larmonia-delle-chiese-nella-settimana-per-lunita-dei-cristiani\/#breadcrumb\"},\"inLanguage\":\"it-IT\",\"potentialAction\":[{\"@type\":\"ReadAction\",\"target\":[\"https:\/\/www.diocesitn.it\/area-testimonianza\/2026\/01\/25\/a-trento-larmonia-delle-chiese-nella-settimana-per-lunita-dei-cristiani\/\"]}]},{\"@type\":\"ImageObject\",\"inLanguage\":\"it-IT\",\"@id\":\"https:\/\/www.diocesitn.it\/area-testimonianza\/2026\/01\/25\/a-trento-larmonia-delle-chiese-nella-settimana-per-lunita-dei-cristiani\/#primaryimage\",\"url\":\"https:\/\/www.diocesitn.it\/area-testimonianza\/wp-content\/uploads\/sites\/37\/2026\/01\/0c173cc3-a94d-4f6a-823d-44364f1ef805.jpeg\",\"contentUrl\":\"https:\/\/www.diocesitn.it\/area-testimonianza\/wp-content\/uploads\/sites\/37\/2026\/01\/0c173cc3-a94d-4f6a-823d-44364f1ef805.jpeg\",\"width\":1498,\"height\":1502},{\"@type\":\"BreadcrumbList\",\"@id\":\"https:\/\/www.diocesitn.it\/area-testimonianza\/2026\/01\/25\/a-trento-larmonia-delle-chiese-nella-settimana-per-lunita-dei-cristiani\/#breadcrumb\",\"itemListElement\":[{\"@type\":\"ListItem\",\"position\":1,\"name\":\"Home\",\"item\":\"https:\/\/www.diocesitn.it\/area-testimonianza\/\"},{\"@type\":\"ListItem\",\"position\":2,\"name\":\"A Trento l\u2019armonia delle Chiese nella Settimana per l\u2019unit\u00e0 dei cristiani\"}]},{\"@type\":\"WebSite\",\"@id\":\"https:\/\/www.diocesitn.it\/area-testimonianza\/#website\",\"url\":\"https:\/\/www.diocesitn.it\/area-testimonianza\/\",\"name\":\"Testimonianza e Impegno sociale\",\"description\":\"Chiesa di Trento\",\"publisher\":{\"@id\":\"https:\/\/www.diocesitn.it\/area-testimonianza\/#organization\"},\"potentialAction\":[{\"@type\":\"SearchAction\",\"target\":{\"@type\":\"EntryPoint\",\"urlTemplate\":\"https:\/\/www.diocesitn.it\/area-testimonianza\/?s={search_term_string}\"},\"query-input\":\"required name=search_term_string\"}],\"inLanguage\":\"it-IT\"},{\"@type\":[\"Organization\",\"Place\"],\"@id\":\"https:\/\/www.diocesitn.it\/area-testimonianza\/#organization\",\"name\":\"Area Testimonianza e Impegno Sociale - Chiesa di Trento\",\"url\":\"https:\/\/www.diocesitn.it\/area-testimonianza\/\",\"logo\":{\"@id\":\"https:\/\/www.diocesitn.it\/area-testimonianza\/2026\/01\/25\/a-trento-larmonia-delle-chiese-nella-settimana-per-lunita-dei-cristiani\/#local-main-organization-logo\"},\"image\":{\"@id\":\"https:\/\/www.diocesitn.it\/area-testimonianza\/2026\/01\/25\/a-trento-larmonia-delle-chiese-nella-settimana-per-lunita-dei-cristiani\/#local-main-organization-logo\"},\"openingHoursSpecification\":[{\"@type\":\"OpeningHoursSpecification\",\"dayOfWeek\":[\"Monday\",\"Tuesday\",\"Wednesday\",\"Thursday\",\"Friday\",\"Saturday\",\"Sunday\"],\"opens\":\"09:00\",\"closes\":\"17:00\"}]},{\"@type\":\"ImageObject\",\"inLanguage\":\"it-IT\",\"@id\":\"https:\/\/www.diocesitn.it\/area-testimonianza\/2026\/01\/25\/a-trento-larmonia-delle-chiese-nella-settimana-per-lunita-dei-cristiani\/#local-main-organization-logo\",\"url\":\"https:\/\/www.diocesitn.it\/area-testimonianza\/wp-content\/uploads\/sites\/37\/2021\/09\/og-logo-testimonianza-e-impegno-sociale.jpg\",\"contentUrl\":\"https:\/\/www.diocesitn.it\/area-testimonianza\/wp-content\/uploads\/sites\/37\/2021\/09\/og-logo-testimonianza-e-impegno-sociale.jpg\",\"width\":1200,\"height\":630,\"caption\":\"Area Testimonianza e Impegno Sociale - Chiesa di Trento\"}]}<\/script>\n<!-- \/ Yoast SEO Premium plugin. -->","yoast_head_json":{"title":"A Trento l\u2019armonia delle Chiese nella Settimana per l\u2019unit\u00e0 dei cristiani - Testimonianza e Impegno sociale","robots":{"index":"index","follow":"follow","max-snippet":"max-snippet:-1","max-image-preview":"max-image-preview:large","max-video-preview":"max-video-preview:-1"},"canonical":"https:\/\/www.diocesitn.it\/area-testimonianza\/2026\/01\/25\/a-trento-larmonia-delle-chiese-nella-settimana-per-lunita-dei-cristiani\/","og_locale":"it_IT","og_type":"article","og_title":"A Trento l\u2019armonia delle Chiese nella Settimana per l\u2019unit\u00e0 dei cristiani","og_description":"Cristiane e cristiani di diverse chiese si sono raccolti nel tardo pomeriggio di venerd\u00ec 23 gennaio nella chiesa di Santa Margherita, sede della preghiera ecumenica che il Consiglio di Chiese Cristiane di Trento propone con","og_url":"https:\/\/www.diocesitn.it\/area-testimonianza\/2026\/01\/25\/a-trento-larmonia-delle-chiese-nella-settimana-per-lunita-dei-cristiani\/","og_site_name":"Testimonianza e Impegno sociale","article_published_time":"2026-01-24T23:53:32+00:00","article_modified_time":"2026-01-29T08:48:04+00:00","og_image":[{"width":1498,"height":1502,"url":"https:\/\/www.diocesitn.it\/area-testimonianza\/wp-content\/uploads\/sites\/37\/2026\/01\/0c173cc3-a94d-4f6a-823d-44364f1ef805.jpeg","type":"image\/jpeg"}],"author":"Piergiorgio Franceschini","twitter_card":"summary_large_image","twitter_misc":{"Scritto da":"Piergiorgio Franceschini","Tempo di lettura stimato":"3 minuti"},"schema":{"@context":"https:\/\/schema.org","@graph":[{"@type":"Article","@id":"https:\/\/www.diocesitn.it\/area-testimonianza\/2026\/01\/25\/a-trento-larmonia-delle-chiese-nella-settimana-per-lunita-dei-cristiani\/#article","isPartOf":{"@id":"https:\/\/www.diocesitn.it\/area-testimonianza\/2026\/01\/25\/a-trento-larmonia-delle-chiese-nella-settimana-per-lunita-dei-cristiani\/"},"author":{"name":"Piergiorgio Franceschini","@id":"https:\/\/www.diocesitn.it\/area-testimonianza\/#\/schema\/person\/99590c84577873a025247b6aeb16ad2e"},"headline":"A Trento l\u2019armonia delle Chiese nella Settimana per l\u2019unit\u00e0 dei cristiani","datePublished":"2026-01-24T23:53:32+00:00","dateModified":"2026-01-29T08:48:04+00:00","mainEntityOfPage":{"@id":"https:\/\/www.diocesitn.it\/area-testimonianza\/2026\/01\/25\/a-trento-larmonia-delle-chiese-nella-settimana-per-lunita-dei-cristiani\/"},"wordCount":355,"publisher":{"@id":"https:\/\/www.diocesitn.it\/area-testimonianza\/#organization"},"image":{"@id":"https:\/\/www.diocesitn.it\/area-testimonianza\/2026\/01\/25\/a-trento-larmonia-delle-chiese-nella-settimana-per-lunita-dei-cristiani\/#primaryimage"},"thumbnailUrl":"https:\/\/www.diocesitn.it\/area-testimonianza\/wp-content\/uploads\/sites\/37\/2026\/01\/0c173cc3-a94d-4f6a-823d-44364f1ef805.jpeg","articleSection":["Ecumenismo e Dialogo interreligioso","Notizie"],"inLanguage":"it-IT","copyrightYear":"2026","copyrightHolder":{"@id":"https:\/\/www.diocesitn.it\/#organization"}},{"@type":"WebPage","@id":"https:\/\/www.diocesitn.it\/area-testimonianza\/2026\/01\/25\/a-trento-larmonia-delle-chiese-nella-settimana-per-lunita-dei-cristiani\/","url":"https:\/\/www.diocesitn.it\/area-testimonianza\/2026\/01\/25\/a-trento-larmonia-delle-chiese-nella-settimana-per-lunita-dei-cristiani\/","name":"A Trento l\u2019armonia delle Chiese nella Settimana per l\u2019unit\u00e0 dei cristiani - Testimonianza e Impegno sociale","isPartOf":{"@id":"https:\/\/www.diocesitn.it\/area-testimonianza\/#website"},"primaryImageOfPage":{"@id":"https:\/\/www.diocesitn.it\/area-testimonianza\/2026\/01\/25\/a-trento-larmonia-delle-chiese-nella-settimana-per-lunita-dei-cristiani\/#primaryimage"},"image":{"@id":"https:\/\/www.diocesitn.it\/area-testimonianza\/2026\/01\/25\/a-trento-larmonia-delle-chiese-nella-settimana-per-lunita-dei-cristiani\/#primaryimage"},"thumbnailUrl":"https:\/\/www.diocesitn.it\/area-testimonianza\/wp-content\/uploads\/sites\/37\/2026\/01\/0c173cc3-a94d-4f6a-823d-44364f1ef805.jpeg","datePublished":"2026-01-24T23:53:32+00:00","dateModified":"2026-01-29T08:48:04+00:00","breadcrumb":{"@id":"https:\/\/www.diocesitn.it\/area-testimonianza\/2026\/01\/25\/a-trento-larmonia-delle-chiese-nella-settimana-per-lunita-dei-cristiani\/#breadcrumb"},"inLanguage":"it-IT","potentialAction":[{"@type":"ReadAction","target":["https:\/\/www.diocesitn.it\/area-testimonianza\/2026\/01\/25\/a-trento-larmonia-delle-chiese-nella-settimana-per-lunita-dei-cristiani\/"]}]},{"@type":"ImageObject","inLanguage":"it-IT","@id":"https:\/\/www.diocesitn.it\/area-testimonianza\/2026\/01\/25\/a-trento-larmonia-delle-chiese-nella-settimana-per-lunita-dei-cristiani\/#primaryimage","url":"https:\/\/www.diocesitn.it\/area-testimonianza\/wp-content\/uploads\/sites\/37\/2026\/01\/0c173cc3-a94d-4f6a-823d-44364f1ef805.jpeg","contentUrl":"https:\/\/www.diocesitn.it\/area-testimonianza\/wp-content\/uploads\/sites\/37\/2026\/01\/0c173cc3-a94d-4f6a-823d-44364f1ef805.jpeg","width":1498,"height":1502},{"@type":"BreadcrumbList","@id":"https:\/\/www.diocesitn.it\/area-testimonianza\/2026\/01\/25\/a-trento-larmonia-delle-chiese-nella-settimana-per-lunita-dei-cristiani\/#breadcrumb","itemListElement":[{"@type":"ListItem","position":1,"name":"Home","item":"https:\/\/www.diocesitn.it\/area-testimonianza\/"},{"@type":"ListItem","position":2,"name":"A Trento l\u2019armonia delle Chiese nella Settimana per l\u2019unit\u00e0 dei cristiani"}]},{"@type":"WebSite","@id":"https:\/\/www.diocesitn.it\/area-testimonianza\/#website","url":"https:\/\/www.diocesitn.it\/area-testimonianza\/","name":"Testimonianza e Impegno sociale","description":"Chiesa di Trento","publisher":{"@id":"https:\/\/www.diocesitn.it\/area-testimonianza\/#organization"},"potentialAction":[{"@type":"SearchAction","target":{"@type":"EntryPoint","urlTemplate":"https:\/\/www.diocesitn.it\/area-testimonianza\/?s={search_term_string}"},"query-input":"required name=search_term_string"}],"inLanguage":"it-IT"},{"@type":["Organization","Place"],"@id":"https:\/\/www.diocesitn.it\/area-testimonianza\/#organization","name":"Area Testimonianza e Impegno Sociale - Chiesa di Trento","url":"https:\/\/www.diocesitn.it\/area-testimonianza\/","logo":{"@id":"https:\/\/www.diocesitn.it\/area-testimonianza\/2026\/01\/25\/a-trento-larmonia-delle-chiese-nella-settimana-per-lunita-dei-cristiani\/#local-main-organization-logo"},"image":{"@id":"https:\/\/www.diocesitn.it\/area-testimonianza\/2026\/01\/25\/a-trento-larmonia-delle-chiese-nella-settimana-per-lunita-dei-cristiani\/#local-main-organization-logo"},"openingHoursSpecification":[{"@type":"OpeningHoursSpecification","dayOfWeek":["Monday","Tuesday","Wednesday","Thursday","Friday","Saturday","Sunday"],"opens":"09:00","closes":"17:00"}]},{"@type":"ImageObject","inLanguage":"it-IT","@id":"https:\/\/www.diocesitn.it\/area-testimonianza\/2026\/01\/25\/a-trento-larmonia-delle-chiese-nella-settimana-per-lunita-dei-cristiani\/#local-main-organization-logo","url":"https:\/\/www.diocesitn.it\/area-testimonianza\/wp-content\/uploads\/sites\/37\/2021\/09\/og-logo-testimonianza-e-impegno-sociale.jpg","contentUrl":"https:\/\/www.diocesitn.it\/area-testimonianza\/wp-content\/uploads\/sites\/37\/2021\/09\/og-logo-testimonianza-e-impegno-sociale.jpg","width":1200,"height":630,"caption":"Area Testimonianza e Impegno Sociale - Chiesa di Trento"}]}},"_links":{"self":[{"href":"https:\/\/www.diocesitn.it\/area-testimonianza\/wp-json\/wp\/v2\/posts\/19215","targetHints":{"allow":["GET"]}}],"collection":[{"href":"https:\/\/www.diocesitn.it\/area-testimonianza\/wp-json\/wp\/v2\/posts"}],"about":[{"href":"https:\/\/www.diocesitn.it\/area-testimonianza\/wp-json\/wp\/v2\/types\/post"}],"author":[{"embeddable":true,"href":"https:\/\/www.diocesitn.it\/area-testimonianza\/wp-json\/wp\/v2\/users\/3"}],"replies":[{"embeddable":true,"href":"https:\/\/www.diocesitn.it\/area-testimonianza\/wp-json\/wp\/v2\/comments?post=19215"}],"version-history":[{"count":1,"href":"https:\/\/www.diocesitn.it\/area-testimonianza\/wp-json\/wp\/v2\/posts\/19215\/revisions"}],"predecessor-version":[{"id":19219,"href":"https:\/\/www.diocesitn.it\/area-testimonianza\/wp-json\/wp\/v2\/posts\/19215\/revisions\/19219"}],"wp:featuredmedia":[{"embeddable":true,"href":"https:\/\/www.diocesitn.it\/area-testimonianza\/wp-json\/wp\/v2\/media\/19216"}],"wp:attachment":[{"href":"https:\/\/www.diocesitn.it\/area-testimonianza\/wp-json\/wp\/v2\/media?parent=19215"}],"wp:term":[{"taxonomy":"category","embeddable":true,"href":"https:\/\/www.diocesitn.it\/area-testimonianza\/wp-json\/wp\/v2\/categories?post=19215"},{"taxonomy":"post_tag","embeddable":true,"href":"https:\/\/www.diocesitn.it\/area-testimonianza\/wp-json\/wp\/v2\/tags?post=19215"}],"curies":[{"name":"wp","href":"https:\/\/api.w.org\/{rel}","templated":true}]}}