{"id":19193,"date":"2026-01-21T11:28:28","date_gmt":"2026-01-21T10:28:28","guid":{"rendered":"https:\/\/www.diocesitn.it\/area-testimonianza\/2026\/01\/21\/cambiamento-climatico-riduzione-delle-emissioni-e-cop-30-di-belem-incontro-pubblico-a-trento-venerdi-30-gennaio-vigilianum-ore-18\/"},"modified":"2026-02-10T11:25:43","modified_gmt":"2026-02-10T10:25:43","slug":"cambiamento-climatico-riduzione-delle-emissioni-e-cop-30-di-belem-incontro-pubblico-a-trento-venerdi-30-gennaio-vigilianum-ore-18","status":"publish","type":"post","link":"https:\/\/www.diocesitn.it\/area-testimonianza\/2026\/01\/21\/cambiamento-climatico-riduzione-delle-emissioni-e-cop-30-di-belem-incontro-pubblico-a-trento-venerdi-30-gennaio-vigilianum-ore-18\/","title":{"rendered":"Cambiamento climatico, riduzione delle emissioni e COP 30 di Bel\u00e9m: incontro pubblico a Trento venerd\u00ec 30 gennaio (Vigilianum, ore 18)"},"content":{"rendered":"<p><strong>Cambiamento climatico<\/strong> e misure di contrasto, a cominciare dalla <strong>riduzione delle emissioni<\/strong>, alla luce degli esiti della recente <strong>COP 30 di Bel\u00e9m<\/strong>, in <strong>Brasile<\/strong>: saranno questi i temi principali al centro dell\u2019incontro pubblico in programma <strong>venerd\u00ec 30 gennaio alle ore 18.00<\/strong>, presso l\u2019aula magna del <strong>Polo culturale Vigilianum di Trento<\/strong>, per iniziativa dell\u2019<strong>Arcidiocesi di Trento<\/strong>, attraverso l\u2019Area Testimonianza e Impegno sociale e la Rete diocesana per la custodia del Creato, in collaborazione con l\u2019<strong>associazione Vira\u00e7\u00e3o&amp;Jangada<\/strong>.<!--more--><\/p>\n<h4 data-start=\"782\" data-end=\"796\">I relatori<\/h4>\n<p>All\u2019incontro, dal titolo &#8220;<strong>Clima, Cop 30 e territori: sguardi dal Brasile al Trentino<\/strong>&#8221; interverranno <strong>p. Dario Bossi<\/strong>, missionario in Brasile, <strong>l\u2019ing. Lavinia Laiti<\/strong> dell\u2019Agenzia per la Protezione dell\u2019Ambiente della Provincia autonoma di Trento, e due giovani trentine &#8211; <strong>Eleonora Zomer<\/strong> e <strong>Allegra Zaia<\/strong> \u2013 che hanno partecipato al progetto \u201c<strong>Racconta il Clima: la COP30 in Brasile<\/strong>\u201d e che porteranno una testimonianza diretta dell\u2019esperienza vissuta a Bel\u00e9m.<\/p>\n<h4 data-start=\"1177\" data-end=\"1214\">Il significato della COP di Bel\u00e9m<\/h4>\n<p>Quella di Bel\u00e9m \u00e8 stata una Conferenza delle Parti particolarmente significativa: a dieci anni dallo storico Accordo di Parigi e dall\u2019Enciclica <em>Laudato si\u2019<\/em>, si \u00e8 svolta in un Paese chiave del Sud del mondo, nella regione amazzonica, richiamando idealmente la grande Conferenza sull\u2019ambiente di Rio del 1992.<\/p>\n<p>Dal punto di vista dei risultati negoziali, tuttavia, l\u2019esito \u00e8 stato giudicato da molti osservatori deludente. L\u2019assenza degli Stati Uniti, che hanno annunciato il ritiro dalla Conferenza, e il contesto internazionale segnato da numerosi conflitti armati hanno contribuito a un accordo complessivamente insufficiente rispetto alla gravit\u00e0 della crisi climatica.<\/p>\n<h4 data-start=\"1922\" data-end=\"1989\">La \u201cCupola dei Popoli\u201d e la partecipazione della societ\u00e0 civile<\/h4>\n<p><img loading=\"lazy\" decoding=\"async\" class=\"alignleft wp-image-19196\" src=\"https:\/\/www.diocesitn.it\/wp-content\/uploads\/2026\/01\/belem-scaled-e1768990504855.jpg\" alt=\"\" width=\"356\" height=\"237\" srcset=\"https:\/\/www.diocesitn.it\/area-testimonianza\/wp-content\/uploads\/sites\/37\/2026\/01\/belem-scaled-e1768990504855.jpg 900w, https:\/\/www.diocesitn.it\/area-testimonianza\/wp-content\/uploads\/sites\/37\/2026\/01\/belem-scaled-e1768990504855-300x200.jpg 300w, https:\/\/www.diocesitn.it\/area-testimonianza\/wp-content\/uploads\/sites\/37\/2026\/01\/belem-scaled-e1768990504855-768x512.jpg 768w, https:\/\/www.diocesitn.it\/area-testimonianza\/wp-content\/uploads\/sites\/37\/2026\/01\/belem-scaled-e1768990504855-360x240.jpg 360w, https:\/\/www.diocesitn.it\/area-testimonianza\/wp-content\/uploads\/sites\/37\/2026\/01\/belem-scaled-e1768990504855-800x533.jpg 800w, https:\/\/www.diocesitn.it\/area-testimonianza\/wp-content\/uploads\/sites\/37\/2026\/01\/belem-scaled-e1768990504855-272x182.jpg 272w\" sizes=\"auto, (max-width: 356px) 100vw, 356px\" \/>La COP di Bel\u00e9m non \u00e8 stata per\u00f2 solo la sede dei negoziati tra i rappresentanti degli Stati. In parallelo si \u00e8 svolta la \u201cCupola dei Popoli\u201d, un grande evento che ha riunito circa 26 mila rappresentanti di movimenti sociali, popolazioni indigene (accanto, nella foto Ansa\/Sir gli indigeni Pataxo), attivisti e lavoratori, offrendo uno spazio di denuncia dei ritardi dei negoziati ufficiali e di proposta di soluzioni dal basso, con un forte richiamo alla giustizia climatica, alla tutela dei territori e a una transizione energetica pi\u00f9 rapida. In questo contesto sono stati presentati oltre 2.000 <em>People Determined Contributions<\/em>, impegni assunti da associazioni, istituzioni e gruppi sociali, con l\u2019obiettivo di rafforzare e integrare questo meccanismo all\u2019interno dei processi delle COP.<\/p>\n<h4 data-start=\"2735\" data-end=\"2781\">Transizione energetica: dati e prospettive<\/h4>\n<p>Sul fronte energetico, i dati mostrano una trasformazione gi\u00e0 in atto: nel 2025 fotovoltaico ed eolico hanno prodotto pi\u00f9 energia elettrica del carbone e hanno rappresentato oltre il 90% della nuova capacit\u00e0 installata a livello globale. La rivista scientifica <em>Science<\/em> ha parlato di una svolta tecnologica ormai avvenuta, indicando elettrificazione ed energie rinnovabili come il percorso principale verso il futuro e la sostenibilit\u00e0.<\/p>\n<h4 data-start=\"3221\" data-end=\"3251\">Il contributo della Chiesa<\/h4>\n<p>Anche la Chiesa ha partecipato attivamente alla preparazione e allo svolgimento della COP di Bel\u00e9m, con un documento congiunto delle Chiese di Africa, America Latina e Asia che sollecita il riconoscimento del debito ecologico e una maggiore solidariet\u00e0 tra i Paesi del Nord e del Sud globale, chiedendo impegni concreti a favore delle popolazioni pi\u00f9 colpite dagli effetti della crisi climatica. A Bel\u00e9m \u00e8 stato inoltre presentato il Trattato di Non Proliferazione dei Combustibili Fossili, che ha raccolto l\u2019adesione di migliaia di organizzazioni, istituzioni, scienziati e premi Nobel in tutto il mondo.<\/p>\n<p>L\u2019incontro di venerd\u00ec 30 gennaio \u00e8 aperto a tutti.<\/p>\n<p><a href=\"https:\/\/www.diocesitn.it\/area-testimonianza\/wp-content\/uploads\/sites\/37\/2026\/01\/locandina-Belem.jpg\" target=\"_blank\" rel=\"attachment noopener wp-att-19194\"><img loading=\"lazy\" decoding=\"async\" class=\"alignnone wp-image-19194 size-medium\" src=\"https:\/\/www.diocesitn.it\/area-testimonianza\/wp-content\/uploads\/sites\/37\/2026\/01\/locandina-Belem-212x300.jpg\" alt=\"\" width=\"212\" height=\"300\" srcset=\"https:\/\/www.diocesitn.it\/area-testimonianza\/wp-content\/uploads\/sites\/37\/2026\/01\/locandina-Belem-212x300.jpg 212w, https:\/\/www.diocesitn.it\/area-testimonianza\/wp-content\/uploads\/sites\/37\/2026\/01\/locandina-Belem-724x1024.jpg 724w, https:\/\/www.diocesitn.it\/area-testimonianza\/wp-content\/uploads\/sites\/37\/2026\/01\/locandina-Belem-768x1086.jpg 768w, https:\/\/www.diocesitn.it\/area-testimonianza\/wp-content\/uploads\/sites\/37\/2026\/01\/locandina-Belem-198x280.jpg 198w, https:\/\/www.diocesitn.it\/area-testimonianza\/wp-content\/uploads\/sites\/37\/2026\/01\/locandina-Belem-543x768.jpg 543w, https:\/\/www.diocesitn.it\/area-testimonianza\/wp-content\/uploads\/sites\/37\/2026\/01\/locandina-Belem-1086x1536.jpg 1086w, https:\/\/www.diocesitn.it\/area-testimonianza\/wp-content\/uploads\/sites\/37\/2026\/01\/locandina-Belem-800x1132.jpg 800w, https:\/\/www.diocesitn.it\/area-testimonianza\/wp-content\/uploads\/sites\/37\/2026\/01\/locandina-Belem.jpg 1131w\" sizes=\"auto, (max-width: 212px) 100vw, 212px\" \/><\/a><\/p>\n<p>Nelle foto la marcia globale per il clima a Belem nel novembre scorso (Ansa\/Sir).<\/p>\n","protected":false},"excerpt":{"rendered":"<p>Cambiamento climatico e misure di contrasto, a cominciare dalla riduzione delle emissioni, alla luce degli esiti della recente COP 30 di Bel\u00e9m, in Brasile: saranno questi i temi principali al centro dell\u2019incontro pubblico in programma<\/p>\n","protected":false},"author":3,"featured_media":19195,"comment_status":"closed","ping_status":"closed","sticky":false,"template":"","format":"standard","meta":{"footnotes":""},"categories":[2113,1074],"tags":[2546],"class_list":["post-19193","post","type-post","status-publish","format-standard","has-post-thumbnail","hentry","category-servizio-cura-creato","category-notizie","tag-cop-30"],"acf":{"seed-localization-paese-cod":"IT","seed-localization-address":"","seed-localization-citta":"Trento","seed-localization-regione-cod-istat":"04","seed-localization-citta-cod-istat":"022205","seed-localization-localita":"","seed-localization-cap":"","seed-localization-marker-visibility":false,"seed-localization-children-visibility":false,"seed-localization-kml":"","seed-localization-custom-marker":""},"yoast_head":"<!-- This site is optimized with the Yoast SEO Premium plugin v20.2.1 (Yoast SEO v22.2) - https:\/\/yoast.com\/wordpress\/plugins\/seo\/ -->\n<title>Cambiamento climatico, riduzione delle emissioni e COP 30 di Bel\u00e9m: incontro pubblico a Trento venerd\u00ec 30 gennaio (Vigilianum, ore 18) - Testimonianza e Impegno sociale<\/title>\n<meta name=\"robots\" content=\"index, follow, max-snippet:-1, max-image-preview:large, max-video-preview:-1\" \/>\n<link rel=\"canonical\" href=\"https:\/\/www.diocesitn.it\/area-testimonianza\/2026\/01\/21\/cambiamento-climatico-riduzione-delle-emissioni-e-cop-30-di-belem-incontro-pubblico-a-trento-venerdi-30-gennaio-vigilianum-ore-18\/\" \/>\n<meta property=\"og:locale\" content=\"it_IT\" \/>\n<meta property=\"og:type\" content=\"article\" \/>\n<meta property=\"og:title\" content=\"Cambiamento climatico, riduzione delle emissioni e COP 30 di Bel\u00e9m: incontro pubblico a Trento venerd\u00ec 30 gennaio (Vigilianum, ore 18)\" \/>\n<meta property=\"og:description\" content=\"Cambiamento climatico e misure di contrasto, a cominciare dalla riduzione delle emissioni, alla luce degli esiti della recente COP 30 di Bel\u00e9m, in Brasile: saranno questi i temi principali al centro dell\u2019incontro pubblico in programma\" \/>\n<meta property=\"og:url\" content=\"https:\/\/www.diocesitn.it\/area-testimonianza\/2026\/01\/21\/cambiamento-climatico-riduzione-delle-emissioni-e-cop-30-di-belem-incontro-pubblico-a-trento-venerdi-30-gennaio-vigilianum-ore-18\/\" \/>\n<meta property=\"og:site_name\" content=\"Testimonianza e Impegno sociale\" \/>\n<meta property=\"article:published_time\" content=\"2026-01-21T10:28:28+00:00\" \/>\n<meta property=\"article:modified_time\" content=\"2026-02-10T10:25:43+00:00\" \/>\n<meta property=\"og:image\" content=\"https:\/\/www.diocesitn.it\/area-testimonianza\/wp-content\/uploads\/sites\/37\/2026\/01\/belem-marcia-per-il-clima-scaled-e1768990484473.jpg\" \/>\n\t<meta property=\"og:image:width\" content=\"900\" \/>\n\t<meta property=\"og:image:height\" content=\"600\" \/>\n\t<meta property=\"og:image:type\" content=\"image\/jpeg\" \/>\n<meta name=\"author\" content=\"Piergiorgio Franceschini\" \/>\n<meta name=\"twitter:card\" content=\"summary_large_image\" \/>\n<meta name=\"twitter:label1\" content=\"Scritto da\" \/>\n\t<meta name=\"twitter:data1\" content=\"Piergiorgio Franceschini\" \/>\n\t<meta name=\"twitter:label2\" content=\"Tempo di lettura stimato\" \/>\n\t<meta name=\"twitter:data2\" content=\"4 minuti\" \/>\n<script type=\"application\/ld+json\" class=\"yoast-schema-graph\">{\"@context\":\"https:\/\/schema.org\",\"@graph\":[{\"@type\":\"Article\",\"@id\":\"https:\/\/www.diocesitn.it\/area-testimonianza\/2026\/01\/21\/cambiamento-climatico-riduzione-delle-emissioni-e-cop-30-di-belem-incontro-pubblico-a-trento-venerdi-30-gennaio-vigilianum-ore-18\/#article\",\"isPartOf\":{\"@id\":\"https:\/\/www.diocesitn.it\/area-testimonianza\/2026\/01\/21\/cambiamento-climatico-riduzione-delle-emissioni-e-cop-30-di-belem-incontro-pubblico-a-trento-venerdi-30-gennaio-vigilianum-ore-18\/\"},\"author\":{\"name\":\"Piergiorgio Franceschini\",\"@id\":\"https:\/\/www.diocesitn.it\/area-testimonianza\/#\/schema\/person\/99590c84577873a025247b6aeb16ad2e\"},\"headline\":\"Cambiamento climatico, riduzione delle emissioni e COP 30 di Bel\u00e9m: incontro pubblico a Trento venerd\u00ec 30 gennaio (Vigilianum, ore 18)\",\"datePublished\":\"2026-01-21T10:28:28+00:00\",\"dateModified\":\"2026-02-10T10:25:43+00:00\",\"mainEntityOfPage\":{\"@id\":\"https:\/\/www.diocesitn.it\/area-testimonianza\/2026\/01\/21\/cambiamento-climatico-riduzione-delle-emissioni-e-cop-30-di-belem-incontro-pubblico-a-trento-venerdi-30-gennaio-vigilianum-ore-18\/\"},\"wordCount\":591,\"publisher\":{\"@id\":\"https:\/\/www.diocesitn.it\/area-testimonianza\/#organization\"},\"image\":{\"@id\":\"https:\/\/www.diocesitn.it\/area-testimonianza\/2026\/01\/21\/cambiamento-climatico-riduzione-delle-emissioni-e-cop-30-di-belem-incontro-pubblico-a-trento-venerdi-30-gennaio-vigilianum-ore-18\/#primaryimage\"},\"thumbnailUrl\":\"https:\/\/www.diocesitn.it\/area-testimonianza\/wp-content\/uploads\/sites\/37\/2026\/01\/belem-marcia-per-il-clima-scaled-e1768990484473.jpg\",\"keywords\":[\"COP 30\"],\"articleSection\":[\"Cura del Creato\",\"Notizie\"],\"inLanguage\":\"it-IT\",\"copyrightYear\":\"2026\",\"copyrightHolder\":{\"@id\":\"https:\/\/www.diocesitn.it\/#organization\"}},{\"@type\":\"WebPage\",\"@id\":\"https:\/\/www.diocesitn.it\/area-testimonianza\/2026\/01\/21\/cambiamento-climatico-riduzione-delle-emissioni-e-cop-30-di-belem-incontro-pubblico-a-trento-venerdi-30-gennaio-vigilianum-ore-18\/\",\"url\":\"https:\/\/www.diocesitn.it\/area-testimonianza\/2026\/01\/21\/cambiamento-climatico-riduzione-delle-emissioni-e-cop-30-di-belem-incontro-pubblico-a-trento-venerdi-30-gennaio-vigilianum-ore-18\/\",\"name\":\"Cambiamento climatico, riduzione delle emissioni e COP 30 di Bel\u00e9m: incontro pubblico a Trento venerd\u00ec 30 gennaio (Vigilianum, ore 18) - Testimonianza e Impegno sociale\",\"isPartOf\":{\"@id\":\"https:\/\/www.diocesitn.it\/area-testimonianza\/#website\"},\"primaryImageOfPage\":{\"@id\":\"https:\/\/www.diocesitn.it\/area-testimonianza\/2026\/01\/21\/cambiamento-climatico-riduzione-delle-emissioni-e-cop-30-di-belem-incontro-pubblico-a-trento-venerdi-30-gennaio-vigilianum-ore-18\/#primaryimage\"},\"image\":{\"@id\":\"https:\/\/www.diocesitn.it\/area-testimonianza\/2026\/01\/21\/cambiamento-climatico-riduzione-delle-emissioni-e-cop-30-di-belem-incontro-pubblico-a-trento-venerdi-30-gennaio-vigilianum-ore-18\/#primaryimage\"},\"thumbnailUrl\":\"https:\/\/www.diocesitn.it\/area-testimonianza\/wp-content\/uploads\/sites\/37\/2026\/01\/belem-marcia-per-il-clima-scaled-e1768990484473.jpg\",\"datePublished\":\"2026-01-21T10:28:28+00:00\",\"dateModified\":\"2026-02-10T10:25:43+00:00\",\"breadcrumb\":{\"@id\":\"https:\/\/www.diocesitn.it\/area-testimonianza\/2026\/01\/21\/cambiamento-climatico-riduzione-delle-emissioni-e-cop-30-di-belem-incontro-pubblico-a-trento-venerdi-30-gennaio-vigilianum-ore-18\/#breadcrumb\"},\"inLanguage\":\"it-IT\",\"potentialAction\":[{\"@type\":\"ReadAction\",\"target\":[\"https:\/\/www.diocesitn.it\/area-testimonianza\/2026\/01\/21\/cambiamento-climatico-riduzione-delle-emissioni-e-cop-30-di-belem-incontro-pubblico-a-trento-venerdi-30-gennaio-vigilianum-ore-18\/\"]}]},{\"@type\":\"ImageObject\",\"inLanguage\":\"it-IT\",\"@id\":\"https:\/\/www.diocesitn.it\/area-testimonianza\/2026\/01\/21\/cambiamento-climatico-riduzione-delle-emissioni-e-cop-30-di-belem-incontro-pubblico-a-trento-venerdi-30-gennaio-vigilianum-ore-18\/#primaryimage\",\"url\":\"https:\/\/www.diocesitn.it\/area-testimonianza\/wp-content\/uploads\/sites\/37\/2026\/01\/belem-marcia-per-il-clima-scaled-e1768990484473.jpg\",\"contentUrl\":\"https:\/\/www.diocesitn.it\/area-testimonianza\/wp-content\/uploads\/sites\/37\/2026\/01\/belem-marcia-per-il-clima-scaled-e1768990484473.jpg\",\"width\":900,\"height\":600,\"caption\":\"epa12527986 People join the Global Climate March in Belem, Brazil, 15 November 2025, calling on governments to protect forests, uphold indigenous rights, and take global climate action during the COP30 summit. EPA\/ANDRE BORGES\"},{\"@type\":\"BreadcrumbList\",\"@id\":\"https:\/\/www.diocesitn.it\/area-testimonianza\/2026\/01\/21\/cambiamento-climatico-riduzione-delle-emissioni-e-cop-30-di-belem-incontro-pubblico-a-trento-venerdi-30-gennaio-vigilianum-ore-18\/#breadcrumb\",\"itemListElement\":[{\"@type\":\"ListItem\",\"position\":1,\"name\":\"Home\",\"item\":\"https:\/\/www.diocesitn.it\/area-testimonianza\/\"},{\"@type\":\"ListItem\",\"position\":2,\"name\":\"Cambiamento climatico, riduzione delle emissioni e COP 30 di Bel\u00e9m: incontro pubblico a Trento venerd\u00ec 30 gennaio (Vigilianum, ore 18)\"}]},{\"@type\":\"WebSite\",\"@id\":\"https:\/\/www.diocesitn.it\/area-testimonianza\/#website\",\"url\":\"https:\/\/www.diocesitn.it\/area-testimonianza\/\",\"name\":\"Testimonianza e Impegno sociale\",\"description\":\"Chiesa di Trento\",\"publisher\":{\"@id\":\"https:\/\/www.diocesitn.it\/area-testimonianza\/#organization\"},\"potentialAction\":[{\"@type\":\"SearchAction\",\"target\":{\"@type\":\"EntryPoint\",\"urlTemplate\":\"https:\/\/www.diocesitn.it\/area-testimonianza\/?s={search_term_string}\"},\"query-input\":\"required name=search_term_string\"}],\"inLanguage\":\"it-IT\"},{\"@type\":[\"Organization\",\"Place\"],\"@id\":\"https:\/\/www.diocesitn.it\/area-testimonianza\/#organization\",\"name\":\"Area Testimonianza e Impegno Sociale - Chiesa di Trento\",\"url\":\"https:\/\/www.diocesitn.it\/area-testimonianza\/\",\"logo\":{\"@id\":\"https:\/\/www.diocesitn.it\/area-testimonianza\/2026\/01\/21\/cambiamento-climatico-riduzione-delle-emissioni-e-cop-30-di-belem-incontro-pubblico-a-trento-venerdi-30-gennaio-vigilianum-ore-18\/#local-main-organization-logo\"},\"image\":{\"@id\":\"https:\/\/www.diocesitn.it\/area-testimonianza\/2026\/01\/21\/cambiamento-climatico-riduzione-delle-emissioni-e-cop-30-di-belem-incontro-pubblico-a-trento-venerdi-30-gennaio-vigilianum-ore-18\/#local-main-organization-logo\"},\"openingHoursSpecification\":[{\"@type\":\"OpeningHoursSpecification\",\"dayOfWeek\":[\"Monday\",\"Tuesday\",\"Wednesday\",\"Thursday\",\"Friday\",\"Saturday\",\"Sunday\"],\"opens\":\"09:00\",\"closes\":\"17:00\"}]},{\"@type\":\"ImageObject\",\"inLanguage\":\"it-IT\",\"@id\":\"https:\/\/www.diocesitn.it\/area-testimonianza\/2026\/01\/21\/cambiamento-climatico-riduzione-delle-emissioni-e-cop-30-di-belem-incontro-pubblico-a-trento-venerdi-30-gennaio-vigilianum-ore-18\/#local-main-organization-logo\",\"url\":\"https:\/\/www.diocesitn.it\/area-testimonianza\/wp-content\/uploads\/sites\/37\/2021\/09\/og-logo-testimonianza-e-impegno-sociale.jpg\",\"contentUrl\":\"https:\/\/www.diocesitn.it\/area-testimonianza\/wp-content\/uploads\/sites\/37\/2021\/09\/og-logo-testimonianza-e-impegno-sociale.jpg\",\"width\":1200,\"height\":630,\"caption\":\"Area Testimonianza e Impegno Sociale - Chiesa di Trento\"}]}<\/script>\n<!-- \/ Yoast SEO Premium plugin. -->","yoast_head_json":{"title":"Cambiamento climatico, riduzione delle emissioni e COP 30 di Bel\u00e9m: incontro pubblico a Trento venerd\u00ec 30 gennaio (Vigilianum, ore 18) - Testimonianza e Impegno sociale","robots":{"index":"index","follow":"follow","max-snippet":"max-snippet:-1","max-image-preview":"max-image-preview:large","max-video-preview":"max-video-preview:-1"},"canonical":"https:\/\/www.diocesitn.it\/area-testimonianza\/2026\/01\/21\/cambiamento-climatico-riduzione-delle-emissioni-e-cop-30-di-belem-incontro-pubblico-a-trento-venerdi-30-gennaio-vigilianum-ore-18\/","og_locale":"it_IT","og_type":"article","og_title":"Cambiamento climatico, riduzione delle emissioni e COP 30 di Bel\u00e9m: incontro pubblico a Trento venerd\u00ec 30 gennaio (Vigilianum, ore 18)","og_description":"Cambiamento climatico e misure di contrasto, a cominciare dalla riduzione delle emissioni, alla luce degli esiti della recente COP 30 di Bel\u00e9m, in Brasile: saranno questi i temi principali al centro dell\u2019incontro pubblico in programma","og_url":"https:\/\/www.diocesitn.it\/area-testimonianza\/2026\/01\/21\/cambiamento-climatico-riduzione-delle-emissioni-e-cop-30-di-belem-incontro-pubblico-a-trento-venerdi-30-gennaio-vigilianum-ore-18\/","og_site_name":"Testimonianza e Impegno sociale","article_published_time":"2026-01-21T10:28:28+00:00","article_modified_time":"2026-02-10T10:25:43+00:00","og_image":[{"width":900,"height":600,"url":"https:\/\/www.diocesitn.it\/area-testimonianza\/wp-content\/uploads\/sites\/37\/2026\/01\/belem-marcia-per-il-clima-scaled-e1768990484473.jpg","type":"image\/jpeg"}],"author":"Piergiorgio Franceschini","twitter_card":"summary_large_image","twitter_misc":{"Scritto da":"Piergiorgio Franceschini","Tempo di lettura stimato":"4 minuti"},"schema":{"@context":"https:\/\/schema.org","@graph":[{"@type":"Article","@id":"https:\/\/www.diocesitn.it\/area-testimonianza\/2026\/01\/21\/cambiamento-climatico-riduzione-delle-emissioni-e-cop-30-di-belem-incontro-pubblico-a-trento-venerdi-30-gennaio-vigilianum-ore-18\/#article","isPartOf":{"@id":"https:\/\/www.diocesitn.it\/area-testimonianza\/2026\/01\/21\/cambiamento-climatico-riduzione-delle-emissioni-e-cop-30-di-belem-incontro-pubblico-a-trento-venerdi-30-gennaio-vigilianum-ore-18\/"},"author":{"name":"Piergiorgio Franceschini","@id":"https:\/\/www.diocesitn.it\/area-testimonianza\/#\/schema\/person\/99590c84577873a025247b6aeb16ad2e"},"headline":"Cambiamento climatico, riduzione delle emissioni e COP 30 di Bel\u00e9m: incontro pubblico a Trento venerd\u00ec 30 gennaio (Vigilianum, ore 18)","datePublished":"2026-01-21T10:28:28+00:00","dateModified":"2026-02-10T10:25:43+00:00","mainEntityOfPage":{"@id":"https:\/\/www.diocesitn.it\/area-testimonianza\/2026\/01\/21\/cambiamento-climatico-riduzione-delle-emissioni-e-cop-30-di-belem-incontro-pubblico-a-trento-venerdi-30-gennaio-vigilianum-ore-18\/"},"wordCount":591,"publisher":{"@id":"https:\/\/www.diocesitn.it\/area-testimonianza\/#organization"},"image":{"@id":"https:\/\/www.diocesitn.it\/area-testimonianza\/2026\/01\/21\/cambiamento-climatico-riduzione-delle-emissioni-e-cop-30-di-belem-incontro-pubblico-a-trento-venerdi-30-gennaio-vigilianum-ore-18\/#primaryimage"},"thumbnailUrl":"https:\/\/www.diocesitn.it\/area-testimonianza\/wp-content\/uploads\/sites\/37\/2026\/01\/belem-marcia-per-il-clima-scaled-e1768990484473.jpg","keywords":["COP 30"],"articleSection":["Cura del Creato","Notizie"],"inLanguage":"it-IT","copyrightYear":"2026","copyrightHolder":{"@id":"https:\/\/www.diocesitn.it\/#organization"}},{"@type":"WebPage","@id":"https:\/\/www.diocesitn.it\/area-testimonianza\/2026\/01\/21\/cambiamento-climatico-riduzione-delle-emissioni-e-cop-30-di-belem-incontro-pubblico-a-trento-venerdi-30-gennaio-vigilianum-ore-18\/","url":"https:\/\/www.diocesitn.it\/area-testimonianza\/2026\/01\/21\/cambiamento-climatico-riduzione-delle-emissioni-e-cop-30-di-belem-incontro-pubblico-a-trento-venerdi-30-gennaio-vigilianum-ore-18\/","name":"Cambiamento climatico, riduzione delle emissioni e COP 30 di Bel\u00e9m: incontro pubblico a Trento venerd\u00ec 30 gennaio (Vigilianum, ore 18) - Testimonianza e Impegno sociale","isPartOf":{"@id":"https:\/\/www.diocesitn.it\/area-testimonianza\/#website"},"primaryImageOfPage":{"@id":"https:\/\/www.diocesitn.it\/area-testimonianza\/2026\/01\/21\/cambiamento-climatico-riduzione-delle-emissioni-e-cop-30-di-belem-incontro-pubblico-a-trento-venerdi-30-gennaio-vigilianum-ore-18\/#primaryimage"},"image":{"@id":"https:\/\/www.diocesitn.it\/area-testimonianza\/2026\/01\/21\/cambiamento-climatico-riduzione-delle-emissioni-e-cop-30-di-belem-incontro-pubblico-a-trento-venerdi-30-gennaio-vigilianum-ore-18\/#primaryimage"},"thumbnailUrl":"https:\/\/www.diocesitn.it\/area-testimonianza\/wp-content\/uploads\/sites\/37\/2026\/01\/belem-marcia-per-il-clima-scaled-e1768990484473.jpg","datePublished":"2026-01-21T10:28:28+00:00","dateModified":"2026-02-10T10:25:43+00:00","breadcrumb":{"@id":"https:\/\/www.diocesitn.it\/area-testimonianza\/2026\/01\/21\/cambiamento-climatico-riduzione-delle-emissioni-e-cop-30-di-belem-incontro-pubblico-a-trento-venerdi-30-gennaio-vigilianum-ore-18\/#breadcrumb"},"inLanguage":"it-IT","potentialAction":[{"@type":"ReadAction","target":["https:\/\/www.diocesitn.it\/area-testimonianza\/2026\/01\/21\/cambiamento-climatico-riduzione-delle-emissioni-e-cop-30-di-belem-incontro-pubblico-a-trento-venerdi-30-gennaio-vigilianum-ore-18\/"]}]},{"@type":"ImageObject","inLanguage":"it-IT","@id":"https:\/\/www.diocesitn.it\/area-testimonianza\/2026\/01\/21\/cambiamento-climatico-riduzione-delle-emissioni-e-cop-30-di-belem-incontro-pubblico-a-trento-venerdi-30-gennaio-vigilianum-ore-18\/#primaryimage","url":"https:\/\/www.diocesitn.it\/area-testimonianza\/wp-content\/uploads\/sites\/37\/2026\/01\/belem-marcia-per-il-clima-scaled-e1768990484473.jpg","contentUrl":"https:\/\/www.diocesitn.it\/area-testimonianza\/wp-content\/uploads\/sites\/37\/2026\/01\/belem-marcia-per-il-clima-scaled-e1768990484473.jpg","width":900,"height":600,"caption":"epa12527986 People join the Global Climate March in Belem, Brazil, 15 November 2025, calling on governments to protect forests, uphold indigenous rights, and take global climate action during the COP30 summit. EPA\/ANDRE BORGES"},{"@type":"BreadcrumbList","@id":"https:\/\/www.diocesitn.it\/area-testimonianza\/2026\/01\/21\/cambiamento-climatico-riduzione-delle-emissioni-e-cop-30-di-belem-incontro-pubblico-a-trento-venerdi-30-gennaio-vigilianum-ore-18\/#breadcrumb","itemListElement":[{"@type":"ListItem","position":1,"name":"Home","item":"https:\/\/www.diocesitn.it\/area-testimonianza\/"},{"@type":"ListItem","position":2,"name":"Cambiamento climatico, riduzione delle emissioni e COP 30 di Bel\u00e9m: incontro pubblico a Trento venerd\u00ec 30 gennaio (Vigilianum, ore 18)"}]},{"@type":"WebSite","@id":"https:\/\/www.diocesitn.it\/area-testimonianza\/#website","url":"https:\/\/www.diocesitn.it\/area-testimonianza\/","name":"Testimonianza e Impegno sociale","description":"Chiesa di Trento","publisher":{"@id":"https:\/\/www.diocesitn.it\/area-testimonianza\/#organization"},"potentialAction":[{"@type":"SearchAction","target":{"@type":"EntryPoint","urlTemplate":"https:\/\/www.diocesitn.it\/area-testimonianza\/?s={search_term_string}"},"query-input":"required name=search_term_string"}],"inLanguage":"it-IT"},{"@type":["Organization","Place"],"@id":"https:\/\/www.diocesitn.it\/area-testimonianza\/#organization","name":"Area Testimonianza e Impegno Sociale - Chiesa di Trento","url":"https:\/\/www.diocesitn.it\/area-testimonianza\/","logo":{"@id":"https:\/\/www.diocesitn.it\/area-testimonianza\/2026\/01\/21\/cambiamento-climatico-riduzione-delle-emissioni-e-cop-30-di-belem-incontro-pubblico-a-trento-venerdi-30-gennaio-vigilianum-ore-18\/#local-main-organization-logo"},"image":{"@id":"https:\/\/www.diocesitn.it\/area-testimonianza\/2026\/01\/21\/cambiamento-climatico-riduzione-delle-emissioni-e-cop-30-di-belem-incontro-pubblico-a-trento-venerdi-30-gennaio-vigilianum-ore-18\/#local-main-organization-logo"},"openingHoursSpecification":[{"@type":"OpeningHoursSpecification","dayOfWeek":["Monday","Tuesday","Wednesday","Thursday","Friday","Saturday","Sunday"],"opens":"09:00","closes":"17:00"}]},{"@type":"ImageObject","inLanguage":"it-IT","@id":"https:\/\/www.diocesitn.it\/area-testimonianza\/2026\/01\/21\/cambiamento-climatico-riduzione-delle-emissioni-e-cop-30-di-belem-incontro-pubblico-a-trento-venerdi-30-gennaio-vigilianum-ore-18\/#local-main-organization-logo","url":"https:\/\/www.diocesitn.it\/area-testimonianza\/wp-content\/uploads\/sites\/37\/2021\/09\/og-logo-testimonianza-e-impegno-sociale.jpg","contentUrl":"https:\/\/www.diocesitn.it\/area-testimonianza\/wp-content\/uploads\/sites\/37\/2021\/09\/og-logo-testimonianza-e-impegno-sociale.jpg","width":1200,"height":630,"caption":"Area Testimonianza e Impegno Sociale - Chiesa di Trento"}]}},"_links":{"self":[{"href":"https:\/\/www.diocesitn.it\/area-testimonianza\/wp-json\/wp\/v2\/posts\/19193","targetHints":{"allow":["GET"]}}],"collection":[{"href":"https:\/\/www.diocesitn.it\/area-testimonianza\/wp-json\/wp\/v2\/posts"}],"about":[{"href":"https:\/\/www.diocesitn.it\/area-testimonianza\/wp-json\/wp\/v2\/types\/post"}],"author":[{"embeddable":true,"href":"https:\/\/www.diocesitn.it\/area-testimonianza\/wp-json\/wp\/v2\/users\/3"}],"replies":[{"embeddable":true,"href":"https:\/\/www.diocesitn.it\/area-testimonianza\/wp-json\/wp\/v2\/comments?post=19193"}],"version-history":[{"count":3,"href":"https:\/\/www.diocesitn.it\/area-testimonianza\/wp-json\/wp\/v2\/posts\/19193\/revisions"}],"predecessor-version":[{"id":19204,"href":"https:\/\/www.diocesitn.it\/area-testimonianza\/wp-json\/wp\/v2\/posts\/19193\/revisions\/19204"}],"wp:featuredmedia":[{"embeddable":true,"href":"https:\/\/www.diocesitn.it\/area-testimonianza\/wp-json\/wp\/v2\/media\/19195"}],"wp:attachment":[{"href":"https:\/\/www.diocesitn.it\/area-testimonianza\/wp-json\/wp\/v2\/media?parent=19193"}],"wp:term":[{"taxonomy":"category","embeddable":true,"href":"https:\/\/www.diocesitn.it\/area-testimonianza\/wp-json\/wp\/v2\/categories?post=19193"},{"taxonomy":"post_tag","embeddable":true,"href":"https:\/\/www.diocesitn.it\/area-testimonianza\/wp-json\/wp\/v2\/tags?post=19193"}],"curies":[{"name":"wp","href":"https:\/\/api.w.org\/{rel}","templated":true}]}}