{"id":19054,"date":"2026-01-27T09:35:25","date_gmt":"2026-01-27T08:35:25","guid":{"rendered":"https:\/\/www.diocesitn.it\/area-testimonianza\/?p=19054"},"modified":"2026-02-27T09:38:13","modified_gmt":"2026-02-27T08:38:13","slug":"scatti-di-speranza-raccontare-attraverso-le-fotografie-le-esperienze-e-i-percorsi-vissuti-allinterno-dei-servizi-caritas","status":"publish","type":"post","link":"https:\/\/www.diocesitn.it\/area-testimonianza\/2026\/01\/27\/scatti-di-speranza-raccontare-attraverso-le-fotografie-le-esperienze-e-i-percorsi-vissuti-allinterno-dei-servizi-caritas\/","title":{"rendered":"Scatti di speranza: raccontare, attraverso le fotografie, le esperienze e i percorsi vissuti all\u2019interno dei servizi Caritas"},"content":{"rendered":"<p>Scatti di Speranza \u00e8 un\u2019iniziativa pensata per <strong>raccontare, attraverso le fotografie, le esperienze e i percorsi vissuti all\u2019interno dei servizi Caritas<\/strong>, nel segno della speranza.<!--more--><\/p>\n<p>Le foto diventano un\u2019occasione per coinvolgere anche le<strong> comunit\u00e0 esterne<\/strong>, altre associazioni, gruppi, biblioteche, ma anche negozi e altri luoghi del territorio, creando cos\u00ec nuovi spazi di incontro e dialogo.<\/p>\n<p>Ogni scatto rappresenta un segno di <strong>speranza<\/strong>. Accanto alle immagini, alcune parole aiutano a spiegare perch\u00e9 quella scena, quel volto o quel momento esprimono speranza.<\/p>\n<p>L\u2019obiettivo \u00e8 valorizzare l\u2019animazione di comunit\u00e0, il senso profondo della Caritas e diffondere messaggi positivi, che possano continuare a portare frutto anche dopo l\u2019iniziativa.<\/p>\n<p>L\u2019idea centrale \u00e8 favorire il dialogo con la comunit\u00e0, invitando le persone a interrogarsi sulle foto, a condividere il proprio punto di vista e a sentirsi parte di un cammino comune.<\/p>\n<p>Esistono diversi livelli di partecipazione e ogni Caritas territoriale ha scelto fino a dove spingersi e come organizzarsi.<\/p>\n<p>Domenica 28 dicembre presso la Chiesa Santa Maria del Suffragio a Trento per l\u2019occasione i volontari e gli operatori della Caritas hanno allestito la mostra fotografica \u201cScatti di Speranza\u201d, per riconoscere e testimoniare i segni concreti di speranza presenti nelle nostre comunit\u00e0.<\/p>\n<p>Inoltre, le comunit\u00e0 dell\u2019Alta Val di Non e di Ledro hanno collaborato con molte altre realt\u00e0 locali per approfondire il tema della speranza anche attraverso immagini che la testimoniano.<\/p>\n<p>La Caritas Alta Val di Non ha accolto la sollecitazione di Caritas Diocesana a riflettere sulla Speranza e ha coinvolto associazioni e gruppi del territorio.<\/p>\n<p>In particolare ha aperto la proposta alle associazioni e ai gruppi, che hanno a cuore l\u2019essere cittadini attivi, attraverso l\u2019impegno nell\u2019ambito educativo, religioso, sportivo, culturale o sociale, sempre nel confronto e nel dialogo, cercando di raccogliere la speranza che c\u2019\u00e8 nella comunit\u00e0, nella societ\u00e0 diversificata. Il ruolo di Caritas Alta Val di Non \u00e8 stato quello di \u00a0approfondire il tema, lanciare la proposta a gruppi e singoli, raccogliere e collegare, mettere insieme.<\/p>\n<p>Molti gruppi e associazioni del territorio dell\u2019Alta Val di Non hanno risposto all\u2019appello e sono arrivate altrettante fotografie che illustravano la Speranza;\u00a0 questo ha permesso di dare vita a una mostra di immagini, che aprono a molti pensieri e parole con le quali gruppi, associazioni e singole persone hanno dato voce al loro sentire e agire.<\/p>\n\n\n\t\t<style type='text\/css'>\n\n\t\t\t\/* PhotoSwipe Plugin *\/\n\t\t\t.psgal {\n\t\t\t\tmargin: auto;\n\t\t\t\tpadding-bottom:40px;\n\n\t\t\t\t-webkit-transition: all 0.4s ease;\n\t\t\t\t-moz-transition: all 0.4s ease;\n\t\t\t\t-o-transition: all 0.4s ease;\n\t\t\t\ttransition: all 0.4s ease;\n\t\t\t}\n\n\t\t\t.psgal figure {\n\t\t\t\tfloat: left;\n\t\t\t\ttext-align: center;\n    \t\t\twidth: 200px;\n                max-width: 50%;\n\t\t\t\tpadding:5px;\n\t\t\t\tmargin: 0px;\n\t\t\t\tbox-sizing:border-box;\n\t\t\t}\n\t\t\t.psgal a{\n\t\t\t\tdisplay:block;\n\t\t\t}\n\t\t\t.psgal figure figcaption{\n\t\t\t\tfont-size:13px;\n\t\t\t}\n\n\t\t\t.msnry{\n\t\t\t\tmargin:auto;\n\t\t\t}\n\t\t\t.pswp__caption__center{\n\t\t\t\ttext-align: center;\n\t\t\t}\n\t\t\t\n\n\t\t\t.photoswipe-gallery-caption{\n\t\t\t\tdisplay:none;\n\t\t\t}\n\n\t\t\t\n\t\t<\/style> <div style=\"clear:both\"><\/div>\n\n\t\t<div id=\"psgal_19054_1\" class=\"ps-gallery psgal gallery-columns-3 gallery-size-thumbnail\" itemscope itemtype=\"http:\/\/schema.org\/ImageGallery\" >\n\t\t\t\t<figure class=\"msnry_item\" itemscope itemtype=\"http:\/\/schema.org\/ImageObject\">\n\t\t\t\t\t<a href=\"https:\/\/www.diocesitn.it\/area-testimonianza\/wp-content\/uploads\/sites\/37\/2026\/01\/606395349_1310722544416686_8137186421612151229_n.jpg\"\n\t\t\t\t\titemprop=\"contentUrl\"\n\t\t\t\t\tdata-pswp-width=\"590\" \n\t\t\t\t    data-pswp-height=\"443\" \n\t\t\t\t    data-cropped=\"true\"\n\t\t\t\t\tdata-caption=\"\"\n\t\t\t\t\tclass=\"post-thumbnail-image-link container-fixed-aspect-ratio__16-9\">\n\t\t\t\t        <img src=https:\/\/www.diocesitn.it\/area-testimonianza\/wp-content\/uploads\/sites\/37\/2026\/01\/606395349_1310722544416686_8137186421612151229_n-300x225.jpg itemprop=\"thumbnail\" alt=\"\"  \/>\n\t\t\t\t    <\/a>\n\t\t\t\t    <figcaption class=\"photoswipe-gallery-caption\" ><\/figcaption>\n\t\t\t    <\/figure>\n\t\t\t\t\n\t\t\t\t<figure class=\"msnry_item\" itemscope itemtype=\"http:\/\/schema.org\/ImageObject\">\n\t\t\t\t\t<a href=\"https:\/\/www.diocesitn.it\/area-testimonianza\/wp-content\/uploads\/sites\/37\/2026\/01\/605532917_1310722611083346_963767311153756617_n.jpg\"\n\t\t\t\t\titemprop=\"contentUrl\"\n\t\t\t\t\tdata-pswp-width=\"590\" \n\t\t\t\t    data-pswp-height=\"443\" \n\t\t\t\t    data-cropped=\"true\"\n\t\t\t\t\tdata-caption=\"\"\n\t\t\t\t\tclass=\"post-thumbnail-image-link container-fixed-aspect-ratio__16-9\">\n\t\t\t\t        <img src=https:\/\/www.diocesitn.it\/area-testimonianza\/wp-content\/uploads\/sites\/37\/2026\/01\/605532917_1310722611083346_963767311153756617_n-300x225.jpg itemprop=\"thumbnail\" alt=\"\"  \/>\n\t\t\t\t    <\/a>\n\t\t\t\t    <figcaption class=\"photoswipe-gallery-caption\" ><\/figcaption>\n\t\t\t    <\/figure>\n\t\t\t\t\n\t\t\t\t<figure class=\"msnry_item\" itemscope itemtype=\"http:\/\/schema.org\/ImageObject\">\n\t\t\t\t\t<a href=\"https:\/\/www.diocesitn.it\/area-testimonianza\/wp-content\/uploads\/sites\/37\/2026\/01\/605531469_1310722067750067_2069862473876663455_n-1024x768.jpg\"\n\t\t\t\t\titemprop=\"contentUrl\"\n\t\t\t\t\tdata-pswp-width=\"800\" \n\t\t\t\t    data-pswp-height=\"600\" \n\t\t\t\t    data-cropped=\"true\"\n\t\t\t\t\tdata-caption=\"\"\n\t\t\t\t\tclass=\"post-thumbnail-image-link container-fixed-aspect-ratio__16-9\">\n\t\t\t\t        <img src=https:\/\/www.diocesitn.it\/area-testimonianza\/wp-content\/uploads\/sites\/37\/2026\/01\/605531469_1310722067750067_2069862473876663455_n-300x225.jpg itemprop=\"thumbnail\" alt=\"\"  \/>\n\t\t\t\t    <\/a>\n\t\t\t\t    <figcaption class=\"photoswipe-gallery-caption\" ><\/figcaption>\n\t\t\t    <\/figure>\n\t\t\t\t\n\t\t\t\t<figure class=\"msnry_item\" itemscope itemtype=\"http:\/\/schema.org\/ImageObject\">\n\t\t\t\t\t<a href=\"https:\/\/www.diocesitn.it\/area-testimonianza\/wp-content\/uploads\/sites\/37\/2026\/01\/603910878_1310722357750038_2140593030589830926_n-1024x768.jpg\"\n\t\t\t\t\titemprop=\"contentUrl\"\n\t\t\t\t\tdata-pswp-width=\"800\" \n\t\t\t\t    data-pswp-height=\"600\" \n\t\t\t\t    data-cropped=\"true\"\n\t\t\t\t\tdata-caption=\"\"\n\t\t\t\t\tclass=\"post-thumbnail-image-link container-fixed-aspect-ratio__16-9\">\n\t\t\t\t        <img src=https:\/\/www.diocesitn.it\/area-testimonianza\/wp-content\/uploads\/sites\/37\/2026\/01\/603910878_1310722357750038_2140593030589830926_n-300x225.jpg itemprop=\"thumbnail\" alt=\"\"  \/>\n\t\t\t\t    <\/a>\n\t\t\t\t    <figcaption class=\"photoswipe-gallery-caption\" ><\/figcaption>\n\t\t\t    <\/figure>\n\t\t\t\t\n\t\t\t\t<figure class=\"msnry_item\" itemscope itemtype=\"http:\/\/schema.org\/ImageObject\">\n\t\t\t\t\t<a href=\"https:\/\/www.diocesitn.it\/area-testimonianza\/wp-content\/uploads\/sites\/37\/2026\/01\/611361230_1317481550407452_8480876334267335411_n-1024x768.jpg\"\n\t\t\t\t\titemprop=\"contentUrl\"\n\t\t\t\t\tdata-pswp-width=\"800\" \n\t\t\t\t    data-pswp-height=\"600\" \n\t\t\t\t    data-cropped=\"true\"\n\t\t\t\t\tdata-caption=\"\"\n\t\t\t\t\tclass=\"post-thumbnail-image-link container-fixed-aspect-ratio__16-9\">\n\t\t\t\t        <img src=https:\/\/www.diocesitn.it\/area-testimonianza\/wp-content\/uploads\/sites\/37\/2026\/01\/611361230_1317481550407452_8480876334267335411_n-300x225.jpg itemprop=\"thumbnail\" alt=\"\"  \/>\n\t\t\t\t    <\/a>\n\t\t\t\t    <figcaption class=\"photoswipe-gallery-caption\" ><\/figcaption>\n\t\t\t    <\/figure>\n\t\t\t\t\n\t\t\t\t<figure class=\"msnry_item\" itemscope itemtype=\"http:\/\/schema.org\/ImageObject\">\n\t\t\t\t\t<a href=\"https:\/\/www.diocesitn.it\/area-testimonianza\/wp-content\/uploads\/sites\/37\/2026\/01\/610794026_1317481687074105_3169614970347425062_n.jpg\"\n\t\t\t\t\titemprop=\"contentUrl\"\n\t\t\t\t\tdata-pswp-width=\"590\" \n\t\t\t\t    data-pswp-height=\"443\" \n\t\t\t\t    data-cropped=\"true\"\n\t\t\t\t\tdata-caption=\"\"\n\t\t\t\t\tclass=\"post-thumbnail-image-link container-fixed-aspect-ratio__16-9\">\n\t\t\t\t        <img src=https:\/\/www.diocesitn.it\/area-testimonianza\/wp-content\/uploads\/sites\/37\/2026\/01\/610794026_1317481687074105_3169614970347425062_n-300x225.jpg itemprop=\"thumbnail\" alt=\"\"  \/>\n\t\t\t\t    <\/a>\n\t\t\t\t    <figcaption class=\"photoswipe-gallery-caption\" ><\/figcaption>\n\t\t\t    <\/figure>\n\t\t\t\t\n\t\t\t\t<figure class=\"msnry_item\" itemscope itemtype=\"http:\/\/schema.org\/ImageObject\">\n\t\t\t\t\t<a href=\"https:\/\/www.diocesitn.it\/area-testimonianza\/wp-content\/uploads\/sites\/37\/2026\/01\/611324511_1317481630407444_9158187315845396676_n.jpg\"\n\t\t\t\t\titemprop=\"contentUrl\"\n\t\t\t\t\tdata-pswp-width=\"590\" \n\t\t\t\t    data-pswp-height=\"443\" \n\t\t\t\t    data-cropped=\"true\"\n\t\t\t\t\tdata-caption=\"\"\n\t\t\t\t\tclass=\"post-thumbnail-image-link container-fixed-aspect-ratio__16-9\">\n\t\t\t\t        <img src=https:\/\/www.diocesitn.it\/area-testimonianza\/wp-content\/uploads\/sites\/37\/2026\/01\/611324511_1317481630407444_9158187315845396676_n-300x225.jpg itemprop=\"thumbnail\" alt=\"\"  \/>\n\t\t\t\t    <\/a>\n\t\t\t\t    <figcaption class=\"photoswipe-gallery-caption\" ><\/figcaption>\n\t\t\t    <\/figure>\n\t\t\t\t\n\t\t\t\t<figure class=\"msnry_item\" itemscope itemtype=\"http:\/\/schema.org\/ImageObject\">\n\t\t\t\t\t<a href=\"https:\/\/www.diocesitn.it\/area-testimonianza\/wp-content\/uploads\/sites\/37\/2026\/01\/IMG-20260108-WA0008-771x1024.jpg\"\n\t\t\t\t\titemprop=\"contentUrl\"\n\t\t\t\t\tdata-pswp-width=\"771\" \n\t\t\t\t    data-pswp-height=\"1024\" \n\t\t\t\t    data-cropped=\"true\"\n\t\t\t\t\tdata-caption=\"\"\n\t\t\t\t\tclass=\"post-thumbnail-image-link container-fixed-aspect-ratio__16-9\">\n\t\t\t\t        <img src=https:\/\/www.diocesitn.it\/area-testimonianza\/wp-content\/uploads\/sites\/37\/2026\/01\/IMG-20260108-WA0008-226x300.jpg itemprop=\"thumbnail\" alt=\"\"  \/>\n\t\t\t\t    <\/a>\n\t\t\t\t    <figcaption class=\"photoswipe-gallery-caption\" ><\/figcaption>\n\t\t\t    <\/figure>\n\t\t\t\t\n\t\t\t\t<figure class=\"msnry_item\" itemscope itemtype=\"http:\/\/schema.org\/ImageObject\">\n\t\t\t\t\t<a href=\"https:\/\/www.diocesitn.it\/area-testimonianza\/wp-content\/uploads\/sites\/37\/2026\/01\/IMG-20260108-WA0005-1024x771.jpg\"\n\t\t\t\t\titemprop=\"contentUrl\"\n\t\t\t\t\tdata-pswp-width=\"800\" \n\t\t\t\t    data-pswp-height=\"602\" \n\t\t\t\t    data-cropped=\"true\"\n\t\t\t\t\tdata-caption=\"\"\n\t\t\t\t\tclass=\"post-thumbnail-image-link container-fixed-aspect-ratio__16-9\">\n\t\t\t\t        <img src=https:\/\/www.diocesitn.it\/area-testimonianza\/wp-content\/uploads\/sites\/37\/2026\/01\/IMG-20260108-WA0005-300x226.jpg itemprop=\"thumbnail\" alt=\"\"  \/>\n\t\t\t\t    <\/a>\n\t\t\t\t    <figcaption class=\"photoswipe-gallery-caption\" ><\/figcaption>\n\t\t\t    <\/figure>\n\t\t\t\t\n\t\t\t\t<figure class=\"msnry_item\" itemscope itemtype=\"http:\/\/schema.org\/ImageObject\">\n\t\t\t\t\t<a href=\"https:\/\/www.diocesitn.it\/area-testimonianza\/wp-content\/uploads\/sites\/37\/2026\/01\/IMG-20260108-WA0009-911x1024.jpg\"\n\t\t\t\t\titemprop=\"contentUrl\"\n\t\t\t\t\tdata-pswp-width=\"800\" \n\t\t\t\t    data-pswp-height=\"899\" \n\t\t\t\t    data-cropped=\"true\"\n\t\t\t\t\tdata-caption=\"\"\n\t\t\t\t\tclass=\"post-thumbnail-image-link container-fixed-aspect-ratio__16-9\">\n\t\t\t\t        <img src=https:\/\/www.diocesitn.it\/area-testimonianza\/wp-content\/uploads\/sites\/37\/2026\/01\/IMG-20260108-WA0009-267x300.jpg itemprop=\"thumbnail\" alt=\"\"  \/>\n\t\t\t\t    <\/a>\n\t\t\t\t    <figcaption class=\"photoswipe-gallery-caption\" ><\/figcaption>\n\t\t\t    <\/figure>\n\t\t\t\t\n\t\t\t\t<figure class=\"msnry_item\" itemscope itemtype=\"http:\/\/schema.org\/ImageObject\">\n\t\t\t\t\t<a href=\"https:\/\/www.diocesitn.it\/area-testimonianza\/wp-content\/uploads\/sites\/37\/2026\/01\/IMG-20260108-WA0004-1024x729.jpg\"\n\t\t\t\t\titemprop=\"contentUrl\"\n\t\t\t\t\tdata-pswp-width=\"800\" \n\t\t\t\t    data-pswp-height=\"570\" \n\t\t\t\t    data-cropped=\"true\"\n\t\t\t\t\tdata-caption=\"\"\n\t\t\t\t\tclass=\"post-thumbnail-image-link container-fixed-aspect-ratio__16-9\">\n\t\t\t\t        <img src=https:\/\/www.diocesitn.it\/area-testimonianza\/wp-content\/uploads\/sites\/37\/2026\/01\/IMG-20260108-WA0004-300x214.jpg itemprop=\"thumbnail\" alt=\"\"  \/>\n\t\t\t\t    <\/a>\n\t\t\t\t    <figcaption class=\"photoswipe-gallery-caption\" ><\/figcaption>\n\t\t\t    <\/figure>\n\t\t\t\t\n\t\t\t\t<figure class=\"msnry_item\" itemscope itemtype=\"http:\/\/schema.org\/ImageObject\">\n\t\t\t\t\t<a href=\"https:\/\/www.diocesitn.it\/area-testimonianza\/wp-content\/uploads\/sites\/37\/2026\/01\/IMG-20260108-WA0002-1024x766.jpg\"\n\t\t\t\t\titemprop=\"contentUrl\"\n\t\t\t\t\tdata-pswp-width=\"800\" \n\t\t\t\t    data-pswp-height=\"598\" \n\t\t\t\t    data-cropped=\"true\"\n\t\t\t\t\tdata-caption=\"\"\n\t\t\t\t\tclass=\"post-thumbnail-image-link container-fixed-aspect-ratio__16-9\">\n\t\t\t\t        <img src=https:\/\/www.diocesitn.it\/area-testimonianza\/wp-content\/uploads\/sites\/37\/2026\/01\/IMG-20260108-WA0002-300x224.jpg itemprop=\"thumbnail\" alt=\"\"  \/>\n\t\t\t\t    <\/a>\n\t\t\t\t    <figcaption class=\"photoswipe-gallery-caption\" ><\/figcaption>\n\t\t\t    <\/figure>\n\t\t\t\t\n\t\t\t\t<figure class=\"msnry_item\" itemscope itemtype=\"http:\/\/schema.org\/ImageObject\">\n\t\t\t\t\t<a href=\"https:\/\/www.diocesitn.it\/area-testimonianza\/wp-content\/uploads\/sites\/37\/2026\/01\/IMG-20260108-WA0010-1024x461.jpg\"\n\t\t\t\t\titemprop=\"contentUrl\"\n\t\t\t\t\tdata-pswp-width=\"800\" \n\t\t\t\t    data-pswp-height=\"360\" \n\t\t\t\t    data-cropped=\"true\"\n\t\t\t\t\tdata-caption=\"\"\n\t\t\t\t\tclass=\"post-thumbnail-image-link container-fixed-aspect-ratio__16-9\">\n\t\t\t\t        <img src=https:\/\/www.diocesitn.it\/area-testimonianza\/wp-content\/uploads\/sites\/37\/2026\/01\/IMG-20260108-WA0010-300x135.jpg itemprop=\"thumbnail\" alt=\"\"  \/>\n\t\t\t\t    <\/a>\n\t\t\t\t    <figcaption class=\"photoswipe-gallery-caption\" ><\/figcaption>\n\t\t\t    <\/figure>\n\t\t\t\t<\/div>\n\t\t<div style='clear:both'><\/div>\n\t\n","protected":false},"excerpt":{"rendered":"<p>Scatti di Speranza \u00e8 un\u2019iniziativa pensata per raccontare, attraverso le fotografie, le esperienze e i percorsi vissuti all\u2019interno dei servizi Caritas, nel segno della speranza.<\/p>\n","protected":false},"author":161,"featured_media":19231,"comment_status":"closed","ping_status":"closed","sticky":false,"template":"","format":"standard","meta":{"footnotes":""},"categories":[1059,1074],"tags":[],"class_list":["post-19054","post","type-post","status-publish","format-standard","has-post-thumbnail","hentry","category-servizio-caritas","category-notizie"],"acf":{"seed-localization-paese-cod":"IT","seed-localization-address":"","seed-localization-citta":"Trento","seed-localization-regione-cod-istat":"04","seed-localization-citta-cod-istat":"022205","seed-localization-localita":"","seed-localization-cap":"","seed-localization-marker-visibility":false,"seed-localization-children-visibility":false,"seed-localization-kml":"","seed-localization-custom-marker":""},"yoast_head":"<!-- This site is optimized with the Yoast SEO Premium plugin v20.2.1 (Yoast SEO v22.2) - https:\/\/yoast.com\/wordpress\/plugins\/seo\/ -->\n<title>Scatti di speranza: raccontare, attraverso le fotografie, le esperienze e i percorsi vissuti all\u2019interno dei servizi Caritas - Testimonianza e Impegno sociale<\/title>\n<meta name=\"robots\" content=\"index, follow, max-snippet:-1, max-image-preview:large, max-video-preview:-1\" \/>\n<link rel=\"canonical\" href=\"https:\/\/www.diocesitn.it\/area-testimonianza\/2026\/01\/27\/scatti-di-speranza-raccontare-attraverso-le-fotografie-le-esperienze-e-i-percorsi-vissuti-allinterno-dei-servizi-caritas\/\" \/>\n<meta property=\"og:locale\" content=\"it_IT\" \/>\n<meta property=\"og:type\" content=\"article\" \/>\n<meta property=\"og:title\" content=\"Scatti di speranza: raccontare, attraverso le fotografie, le esperienze e i percorsi vissuti all\u2019interno dei servizi Caritas\" \/>\n<meta property=\"og:description\" content=\"Scatti di Speranza \u00e8 un\u2019iniziativa pensata per raccontare, attraverso le fotografie, le esperienze e i percorsi vissuti all\u2019interno dei servizi Caritas, nel segno della speranza.\" \/>\n<meta property=\"og:url\" content=\"https:\/\/www.diocesitn.it\/area-testimonianza\/2026\/01\/27\/scatti-di-speranza-raccontare-attraverso-le-fotografie-le-esperienze-e-i-percorsi-vissuti-allinterno-dei-servizi-caritas\/\" \/>\n<meta property=\"og:site_name\" content=\"Testimonianza e Impegno sociale\" \/>\n<meta property=\"article:published_time\" content=\"2026-01-27T08:35:25+00:00\" \/>\n<meta property=\"article:modified_time\" content=\"2026-02-27T08:38:13+00:00\" \/>\n<meta property=\"og:image\" content=\"https:\/\/www.diocesitn.it\/area-testimonianza\/wp-content\/uploads\/sites\/37\/2026\/01\/IMG-20260108-WA0005.jpg\" \/>\n\t<meta property=\"og:image:width\" content=\"2040\" \/>\n\t<meta property=\"og:image:height\" content=\"1536\" \/>\n\t<meta property=\"og:image:type\" content=\"image\/jpeg\" \/>\n<meta name=\"author\" content=\"smaule\" \/>\n<meta name=\"twitter:card\" content=\"summary_large_image\" \/>\n<meta name=\"twitter:label1\" content=\"Scritto da\" \/>\n\t<meta name=\"twitter:data1\" content=\"smaule\" \/>\n\t<meta name=\"twitter:label2\" content=\"Tempo di lettura stimato\" \/>\n\t<meta name=\"twitter:data2\" content=\"3 minuti\" \/>\n<script type=\"application\/ld+json\" class=\"yoast-schema-graph\">{\"@context\":\"https:\/\/schema.org\",\"@graph\":[{\"@type\":\"Article\",\"@id\":\"https:\/\/www.diocesitn.it\/area-testimonianza\/2026\/01\/27\/scatti-di-speranza-raccontare-attraverso-le-fotografie-le-esperienze-e-i-percorsi-vissuti-allinterno-dei-servizi-caritas\/#article\",\"isPartOf\":{\"@id\":\"https:\/\/www.diocesitn.it\/area-testimonianza\/2026\/01\/27\/scatti-di-speranza-raccontare-attraverso-le-fotografie-le-esperienze-e-i-percorsi-vissuti-allinterno-dei-servizi-caritas\/\"},\"author\":{\"name\":\"smaule\",\"@id\":\"https:\/\/www.diocesitn.it\/area-testimonianza\/#\/schema\/person\/bac489aafb7f98c1ca25f76c27174a95\"},\"headline\":\"Scatti di speranza: raccontare, attraverso le fotografie, le esperienze e i percorsi vissuti all\u2019interno dei servizi Caritas\",\"datePublished\":\"2026-01-27T08:35:25+00:00\",\"dateModified\":\"2026-02-27T08:38:13+00:00\",\"mainEntityOfPage\":{\"@id\":\"https:\/\/www.diocesitn.it\/area-testimonianza\/2026\/01\/27\/scatti-di-speranza-raccontare-attraverso-le-fotografie-le-esperienze-e-i-percorsi-vissuti-allinterno-dei-servizi-caritas\/\"},\"wordCount\":406,\"publisher\":{\"@id\":\"https:\/\/www.diocesitn.it\/area-testimonianza\/#organization\"},\"image\":{\"@id\":\"https:\/\/www.diocesitn.it\/area-testimonianza\/2026\/01\/27\/scatti-di-speranza-raccontare-attraverso-le-fotografie-le-esperienze-e-i-percorsi-vissuti-allinterno-dei-servizi-caritas\/#primaryimage\"},\"thumbnailUrl\":\"https:\/\/www.diocesitn.it\/area-testimonianza\/wp-content\/uploads\/sites\/37\/2026\/01\/IMG-20260108-WA0005.jpg\",\"articleSection\":[\"Caritas diocesana\",\"Notizie\"],\"inLanguage\":\"it-IT\",\"copyrightYear\":\"2026\",\"copyrightHolder\":{\"@id\":\"https:\/\/www.diocesitn.it\/#organization\"}},{\"@type\":\"WebPage\",\"@id\":\"https:\/\/www.diocesitn.it\/area-testimonianza\/2026\/01\/27\/scatti-di-speranza-raccontare-attraverso-le-fotografie-le-esperienze-e-i-percorsi-vissuti-allinterno-dei-servizi-caritas\/\",\"url\":\"https:\/\/www.diocesitn.it\/area-testimonianza\/2026\/01\/27\/scatti-di-speranza-raccontare-attraverso-le-fotografie-le-esperienze-e-i-percorsi-vissuti-allinterno-dei-servizi-caritas\/\",\"name\":\"Scatti di speranza: raccontare, attraverso le fotografie, le esperienze e i percorsi vissuti all\u2019interno dei servizi Caritas - Testimonianza e Impegno sociale\",\"isPartOf\":{\"@id\":\"https:\/\/www.diocesitn.it\/area-testimonianza\/#website\"},\"primaryImageOfPage\":{\"@id\":\"https:\/\/www.diocesitn.it\/area-testimonianza\/2026\/01\/27\/scatti-di-speranza-raccontare-attraverso-le-fotografie-le-esperienze-e-i-percorsi-vissuti-allinterno-dei-servizi-caritas\/#primaryimage\"},\"image\":{\"@id\":\"https:\/\/www.diocesitn.it\/area-testimonianza\/2026\/01\/27\/scatti-di-speranza-raccontare-attraverso-le-fotografie-le-esperienze-e-i-percorsi-vissuti-allinterno-dei-servizi-caritas\/#primaryimage\"},\"thumbnailUrl\":\"https:\/\/www.diocesitn.it\/area-testimonianza\/wp-content\/uploads\/sites\/37\/2026\/01\/IMG-20260108-WA0005.jpg\",\"datePublished\":\"2026-01-27T08:35:25+00:00\",\"dateModified\":\"2026-02-27T08:38:13+00:00\",\"breadcrumb\":{\"@id\":\"https:\/\/www.diocesitn.it\/area-testimonianza\/2026\/01\/27\/scatti-di-speranza-raccontare-attraverso-le-fotografie-le-esperienze-e-i-percorsi-vissuti-allinterno-dei-servizi-caritas\/#breadcrumb\"},\"inLanguage\":\"it-IT\",\"potentialAction\":[{\"@type\":\"ReadAction\",\"target\":[\"https:\/\/www.diocesitn.it\/area-testimonianza\/2026\/01\/27\/scatti-di-speranza-raccontare-attraverso-le-fotografie-le-esperienze-e-i-percorsi-vissuti-allinterno-dei-servizi-caritas\/\"]}]},{\"@type\":\"ImageObject\",\"inLanguage\":\"it-IT\",\"@id\":\"https:\/\/www.diocesitn.it\/area-testimonianza\/2026\/01\/27\/scatti-di-speranza-raccontare-attraverso-le-fotografie-le-esperienze-e-i-percorsi-vissuti-allinterno-dei-servizi-caritas\/#primaryimage\",\"url\":\"https:\/\/www.diocesitn.it\/area-testimonianza\/wp-content\/uploads\/sites\/37\/2026\/01\/IMG-20260108-WA0005.jpg\",\"contentUrl\":\"https:\/\/www.diocesitn.it\/area-testimonianza\/wp-content\/uploads\/sites\/37\/2026\/01\/IMG-20260108-WA0005.jpg\",\"width\":2040,\"height\":1536},{\"@type\":\"BreadcrumbList\",\"@id\":\"https:\/\/www.diocesitn.it\/area-testimonianza\/2026\/01\/27\/scatti-di-speranza-raccontare-attraverso-le-fotografie-le-esperienze-e-i-percorsi-vissuti-allinterno-dei-servizi-caritas\/#breadcrumb\",\"itemListElement\":[{\"@type\":\"ListItem\",\"position\":1,\"name\":\"Home\",\"item\":\"https:\/\/www.diocesitn.it\/area-testimonianza\/\"},{\"@type\":\"ListItem\",\"position\":2,\"name\":\"Scatti di speranza: raccontare, attraverso le fotografie, le esperienze e i percorsi vissuti all\u2019interno dei servizi Caritas\"}]},{\"@type\":\"WebSite\",\"@id\":\"https:\/\/www.diocesitn.it\/area-testimonianza\/#website\",\"url\":\"https:\/\/www.diocesitn.it\/area-testimonianza\/\",\"name\":\"Testimonianza e Impegno sociale\",\"description\":\"Chiesa di Trento\",\"publisher\":{\"@id\":\"https:\/\/www.diocesitn.it\/area-testimonianza\/#organization\"},\"potentialAction\":[{\"@type\":\"SearchAction\",\"target\":{\"@type\":\"EntryPoint\",\"urlTemplate\":\"https:\/\/www.diocesitn.it\/area-testimonianza\/?s={search_term_string}\"},\"query-input\":\"required name=search_term_string\"}],\"inLanguage\":\"it-IT\"},{\"@type\":[\"Organization\",\"Place\"],\"@id\":\"https:\/\/www.diocesitn.it\/area-testimonianza\/#organization\",\"name\":\"Area Testimonianza e Impegno Sociale - Chiesa di Trento\",\"url\":\"https:\/\/www.diocesitn.it\/area-testimonianza\/\",\"logo\":{\"@id\":\"https:\/\/www.diocesitn.it\/area-testimonianza\/2026\/01\/27\/scatti-di-speranza-raccontare-attraverso-le-fotografie-le-esperienze-e-i-percorsi-vissuti-allinterno-dei-servizi-caritas\/#local-main-organization-logo\"},\"image\":{\"@id\":\"https:\/\/www.diocesitn.it\/area-testimonianza\/2026\/01\/27\/scatti-di-speranza-raccontare-attraverso-le-fotografie-le-esperienze-e-i-percorsi-vissuti-allinterno-dei-servizi-caritas\/#local-main-organization-logo\"},\"openingHoursSpecification\":[{\"@type\":\"OpeningHoursSpecification\",\"dayOfWeek\":[\"Monday\",\"Tuesday\",\"Wednesday\",\"Thursday\",\"Friday\",\"Saturday\",\"Sunday\"],\"opens\":\"09:00\",\"closes\":\"17:00\"}]},{\"@type\":\"ImageObject\",\"inLanguage\":\"it-IT\",\"@id\":\"https:\/\/www.diocesitn.it\/area-testimonianza\/2026\/01\/27\/scatti-di-speranza-raccontare-attraverso-le-fotografie-le-esperienze-e-i-percorsi-vissuti-allinterno-dei-servizi-caritas\/#local-main-organization-logo\",\"url\":\"https:\/\/www.diocesitn.it\/area-testimonianza\/wp-content\/uploads\/sites\/37\/2021\/09\/og-logo-testimonianza-e-impegno-sociale.jpg\",\"contentUrl\":\"https:\/\/www.diocesitn.it\/area-testimonianza\/wp-content\/uploads\/sites\/37\/2021\/09\/og-logo-testimonianza-e-impegno-sociale.jpg\",\"width\":1200,\"height\":630,\"caption\":\"Area Testimonianza e Impegno Sociale - Chiesa di Trento\"}]}<\/script>\n<!-- \/ Yoast SEO Premium plugin. -->","yoast_head_json":{"title":"Scatti di speranza: raccontare, attraverso le fotografie, le esperienze e i percorsi vissuti all\u2019interno dei servizi Caritas - Testimonianza e Impegno sociale","robots":{"index":"index","follow":"follow","max-snippet":"max-snippet:-1","max-image-preview":"max-image-preview:large","max-video-preview":"max-video-preview:-1"},"canonical":"https:\/\/www.diocesitn.it\/area-testimonianza\/2026\/01\/27\/scatti-di-speranza-raccontare-attraverso-le-fotografie-le-esperienze-e-i-percorsi-vissuti-allinterno-dei-servizi-caritas\/","og_locale":"it_IT","og_type":"article","og_title":"Scatti di speranza: raccontare, attraverso le fotografie, le esperienze e i percorsi vissuti all\u2019interno dei servizi Caritas","og_description":"Scatti di Speranza \u00e8 un\u2019iniziativa pensata per raccontare, attraverso le fotografie, le esperienze e i percorsi vissuti all\u2019interno dei servizi Caritas, nel segno della speranza.","og_url":"https:\/\/www.diocesitn.it\/area-testimonianza\/2026\/01\/27\/scatti-di-speranza-raccontare-attraverso-le-fotografie-le-esperienze-e-i-percorsi-vissuti-allinterno-dei-servizi-caritas\/","og_site_name":"Testimonianza e Impegno sociale","article_published_time":"2026-01-27T08:35:25+00:00","article_modified_time":"2026-02-27T08:38:13+00:00","og_image":[{"width":2040,"height":1536,"url":"https:\/\/www.diocesitn.it\/area-testimonianza\/wp-content\/uploads\/sites\/37\/2026\/01\/IMG-20260108-WA0005.jpg","type":"image\/jpeg"}],"author":"smaule","twitter_card":"summary_large_image","twitter_misc":{"Scritto da":"smaule","Tempo di lettura stimato":"3 minuti"},"schema":{"@context":"https:\/\/schema.org","@graph":[{"@type":"Article","@id":"https:\/\/www.diocesitn.it\/area-testimonianza\/2026\/01\/27\/scatti-di-speranza-raccontare-attraverso-le-fotografie-le-esperienze-e-i-percorsi-vissuti-allinterno-dei-servizi-caritas\/#article","isPartOf":{"@id":"https:\/\/www.diocesitn.it\/area-testimonianza\/2026\/01\/27\/scatti-di-speranza-raccontare-attraverso-le-fotografie-le-esperienze-e-i-percorsi-vissuti-allinterno-dei-servizi-caritas\/"},"author":{"name":"smaule","@id":"https:\/\/www.diocesitn.it\/area-testimonianza\/#\/schema\/person\/bac489aafb7f98c1ca25f76c27174a95"},"headline":"Scatti di speranza: raccontare, attraverso le fotografie, le esperienze e i percorsi vissuti all\u2019interno dei servizi Caritas","datePublished":"2026-01-27T08:35:25+00:00","dateModified":"2026-02-27T08:38:13+00:00","mainEntityOfPage":{"@id":"https:\/\/www.diocesitn.it\/area-testimonianza\/2026\/01\/27\/scatti-di-speranza-raccontare-attraverso-le-fotografie-le-esperienze-e-i-percorsi-vissuti-allinterno-dei-servizi-caritas\/"},"wordCount":406,"publisher":{"@id":"https:\/\/www.diocesitn.it\/area-testimonianza\/#organization"},"image":{"@id":"https:\/\/www.diocesitn.it\/area-testimonianza\/2026\/01\/27\/scatti-di-speranza-raccontare-attraverso-le-fotografie-le-esperienze-e-i-percorsi-vissuti-allinterno-dei-servizi-caritas\/#primaryimage"},"thumbnailUrl":"https:\/\/www.diocesitn.it\/area-testimonianza\/wp-content\/uploads\/sites\/37\/2026\/01\/IMG-20260108-WA0005.jpg","articleSection":["Caritas diocesana","Notizie"],"inLanguage":"it-IT","copyrightYear":"2026","copyrightHolder":{"@id":"https:\/\/www.diocesitn.it\/#organization"}},{"@type":"WebPage","@id":"https:\/\/www.diocesitn.it\/area-testimonianza\/2026\/01\/27\/scatti-di-speranza-raccontare-attraverso-le-fotografie-le-esperienze-e-i-percorsi-vissuti-allinterno-dei-servizi-caritas\/","url":"https:\/\/www.diocesitn.it\/area-testimonianza\/2026\/01\/27\/scatti-di-speranza-raccontare-attraverso-le-fotografie-le-esperienze-e-i-percorsi-vissuti-allinterno-dei-servizi-caritas\/","name":"Scatti di speranza: raccontare, attraverso le fotografie, le esperienze e i percorsi vissuti all\u2019interno dei servizi Caritas - Testimonianza e Impegno sociale","isPartOf":{"@id":"https:\/\/www.diocesitn.it\/area-testimonianza\/#website"},"primaryImageOfPage":{"@id":"https:\/\/www.diocesitn.it\/area-testimonianza\/2026\/01\/27\/scatti-di-speranza-raccontare-attraverso-le-fotografie-le-esperienze-e-i-percorsi-vissuti-allinterno-dei-servizi-caritas\/#primaryimage"},"image":{"@id":"https:\/\/www.diocesitn.it\/area-testimonianza\/2026\/01\/27\/scatti-di-speranza-raccontare-attraverso-le-fotografie-le-esperienze-e-i-percorsi-vissuti-allinterno-dei-servizi-caritas\/#primaryimage"},"thumbnailUrl":"https:\/\/www.diocesitn.it\/area-testimonianza\/wp-content\/uploads\/sites\/37\/2026\/01\/IMG-20260108-WA0005.jpg","datePublished":"2026-01-27T08:35:25+00:00","dateModified":"2026-02-27T08:38:13+00:00","breadcrumb":{"@id":"https:\/\/www.diocesitn.it\/area-testimonianza\/2026\/01\/27\/scatti-di-speranza-raccontare-attraverso-le-fotografie-le-esperienze-e-i-percorsi-vissuti-allinterno-dei-servizi-caritas\/#breadcrumb"},"inLanguage":"it-IT","potentialAction":[{"@type":"ReadAction","target":["https:\/\/www.diocesitn.it\/area-testimonianza\/2026\/01\/27\/scatti-di-speranza-raccontare-attraverso-le-fotografie-le-esperienze-e-i-percorsi-vissuti-allinterno-dei-servizi-caritas\/"]}]},{"@type":"ImageObject","inLanguage":"it-IT","@id":"https:\/\/www.diocesitn.it\/area-testimonianza\/2026\/01\/27\/scatti-di-speranza-raccontare-attraverso-le-fotografie-le-esperienze-e-i-percorsi-vissuti-allinterno-dei-servizi-caritas\/#primaryimage","url":"https:\/\/www.diocesitn.it\/area-testimonianza\/wp-content\/uploads\/sites\/37\/2026\/01\/IMG-20260108-WA0005.jpg","contentUrl":"https:\/\/www.diocesitn.it\/area-testimonianza\/wp-content\/uploads\/sites\/37\/2026\/01\/IMG-20260108-WA0005.jpg","width":2040,"height":1536},{"@type":"BreadcrumbList","@id":"https:\/\/www.diocesitn.it\/area-testimonianza\/2026\/01\/27\/scatti-di-speranza-raccontare-attraverso-le-fotografie-le-esperienze-e-i-percorsi-vissuti-allinterno-dei-servizi-caritas\/#breadcrumb","itemListElement":[{"@type":"ListItem","position":1,"name":"Home","item":"https:\/\/www.diocesitn.it\/area-testimonianza\/"},{"@type":"ListItem","position":2,"name":"Scatti di speranza: raccontare, attraverso le fotografie, le esperienze e i percorsi vissuti all\u2019interno dei servizi Caritas"}]},{"@type":"WebSite","@id":"https:\/\/www.diocesitn.it\/area-testimonianza\/#website","url":"https:\/\/www.diocesitn.it\/area-testimonianza\/","name":"Testimonianza e Impegno sociale","description":"Chiesa di Trento","publisher":{"@id":"https:\/\/www.diocesitn.it\/area-testimonianza\/#organization"},"potentialAction":[{"@type":"SearchAction","target":{"@type":"EntryPoint","urlTemplate":"https:\/\/www.diocesitn.it\/area-testimonianza\/?s={search_term_string}"},"query-input":"required name=search_term_string"}],"inLanguage":"it-IT"},{"@type":["Organization","Place"],"@id":"https:\/\/www.diocesitn.it\/area-testimonianza\/#organization","name":"Area Testimonianza e Impegno Sociale - Chiesa di Trento","url":"https:\/\/www.diocesitn.it\/area-testimonianza\/","logo":{"@id":"https:\/\/www.diocesitn.it\/area-testimonianza\/2026\/01\/27\/scatti-di-speranza-raccontare-attraverso-le-fotografie-le-esperienze-e-i-percorsi-vissuti-allinterno-dei-servizi-caritas\/#local-main-organization-logo"},"image":{"@id":"https:\/\/www.diocesitn.it\/area-testimonianza\/2026\/01\/27\/scatti-di-speranza-raccontare-attraverso-le-fotografie-le-esperienze-e-i-percorsi-vissuti-allinterno-dei-servizi-caritas\/#local-main-organization-logo"},"openingHoursSpecification":[{"@type":"OpeningHoursSpecification","dayOfWeek":["Monday","Tuesday","Wednesday","Thursday","Friday","Saturday","Sunday"],"opens":"09:00","closes":"17:00"}]},{"@type":"ImageObject","inLanguage":"it-IT","@id":"https:\/\/www.diocesitn.it\/area-testimonianza\/2026\/01\/27\/scatti-di-speranza-raccontare-attraverso-le-fotografie-le-esperienze-e-i-percorsi-vissuti-allinterno-dei-servizi-caritas\/#local-main-organization-logo","url":"https:\/\/www.diocesitn.it\/area-testimonianza\/wp-content\/uploads\/sites\/37\/2021\/09\/og-logo-testimonianza-e-impegno-sociale.jpg","contentUrl":"https:\/\/www.diocesitn.it\/area-testimonianza\/wp-content\/uploads\/sites\/37\/2021\/09\/og-logo-testimonianza-e-impegno-sociale.jpg","width":1200,"height":630,"caption":"Area Testimonianza e Impegno Sociale - Chiesa di Trento"}]}},"_links":{"self":[{"href":"https:\/\/www.diocesitn.it\/area-testimonianza\/wp-json\/wp\/v2\/posts\/19054","targetHints":{"allow":["GET"]}}],"collection":[{"href":"https:\/\/www.diocesitn.it\/area-testimonianza\/wp-json\/wp\/v2\/posts"}],"about":[{"href":"https:\/\/www.diocesitn.it\/area-testimonianza\/wp-json\/wp\/v2\/types\/post"}],"author":[{"embeddable":true,"href":"https:\/\/www.diocesitn.it\/area-testimonianza\/wp-json\/wp\/v2\/users\/161"}],"replies":[{"embeddable":true,"href":"https:\/\/www.diocesitn.it\/area-testimonianza\/wp-json\/wp\/v2\/comments?post=19054"}],"version-history":[{"count":3,"href":"https:\/\/www.diocesitn.it\/area-testimonianza\/wp-json\/wp\/v2\/posts\/19054\/revisions"}],"predecessor-version":[{"id":19237,"href":"https:\/\/www.diocesitn.it\/area-testimonianza\/wp-json\/wp\/v2\/posts\/19054\/revisions\/19237"}],"wp:featuredmedia":[{"embeddable":true,"href":"https:\/\/www.diocesitn.it\/area-testimonianza\/wp-json\/wp\/v2\/media\/19231"}],"wp:attachment":[{"href":"https:\/\/www.diocesitn.it\/area-testimonianza\/wp-json\/wp\/v2\/media?parent=19054"}],"wp:term":[{"taxonomy":"category","embeddable":true,"href":"https:\/\/www.diocesitn.it\/area-testimonianza\/wp-json\/wp\/v2\/categories?post=19054"},{"taxonomy":"post_tag","embeddable":true,"href":"https:\/\/www.diocesitn.it\/area-testimonianza\/wp-json\/wp\/v2\/tags?post=19054"}],"curies":[{"name":"wp","href":"https:\/\/api.w.org\/{rel}","templated":true}]}}