{"id":18968,"date":"2026-01-02T03:50:07","date_gmt":"2026-01-02T02:50:07","guid":{"rendered":"https:\/\/www.diocesitn.it\/area-testimonianza\/2026\/01\/02\/capodanno-contro-una-cultura-di-guerra-a-rovereto-il-disarmo-al-centro-della-giornata-mondiale-della-pace\/"},"modified":"2026-01-15T09:30:17","modified_gmt":"2026-01-15T08:30:17","slug":"capodanno-contro-una-cultura-di-guerra-a-rovereto-il-disarmo-al-centro-della-giornata-mondiale-della-pace","status":"publish","type":"post","link":"https:\/\/www.diocesitn.it\/area-testimonianza\/2026\/01\/02\/capodanno-contro-una-cultura-di-guerra-a-rovereto-il-disarmo-al-centro-della-giornata-mondiale-della-pace\/","title":{"rendered":"Capodanno contro una cultura di guerra: a Rovereto il disarmo al centro della Giornata Mondiale della Pace"},"content":{"rendered":"<p><span style=\"font-size: inherit\">Un Capodanno diverso, segnato da una scelta chiara: dire no alla cultura della guerra e rilanciare con forza il tema del disarmo. <\/span><\/p>\n<p><span style=\"font-size: inherit\">\u00c8 quanto accaduto il 1\u00b0 gennaio 2026 a Rovereto, dove si \u00e8 rinnovata l\u2019iniziativa promossa dall\u2019Arcidiocesi di Trento in occasione della 59\u00aa Giornata Mondiale della Pace, coinvolgendo associazioni e cittadinanza in un percorso di riflessione, preghiera e testimonianza pubblica.<\/span><!--more--><\/p>\n<p>Alla giornata hanno aderito Acli Trentine, Centro Pace Diritti Ecologia di Rovereto e Associazione Tam Tam per Korogocho ODV.<br \/>\nIl programma si \u00e8 aperto con un confronto pubblico nella Sala Filarmonica, seguito da una fiaccolata cittadina e dalla celebrazione della Santa Messa nella chiesa della Sacra Famiglia, presieduta da monsignor Lauro Tisi, arcivescovo di Trento.<\/p>\n<h4>Il convegno: numeri e parole contro la logica delle armi<\/h4>\n<p>Il cuore della giornata \u00e8 stato l\u2019incontro dal titolo \u201cLa pace sia con tutti voi: verso una pace disarmata e disarmante\u201d, richiamo diretto al Messaggio per la Giornata Mondiale della Pace di Papa Leone XIV. A moderare il dibattito Diego Andreatta, direttore di Vita Trentina.<\/p>\n<p>Un confronto che ha messo al centro dati allarmanti: oggi nel mondo sono in corso 56 conflitti armati, mentre nel 2024 le spese militari globali hanno raggiunto i 2.718 miliardi di dollari (dati SIPRI). In poco pi\u00f9 di vent\u2019anni, gli investimenti per l\u2019acquisto di armi sono pi\u00f9 che raddoppiati.<\/p>\n<p>In Europa, negli ultimi dieci anni, la spesa per gli armamenti \u00e8 passata da 190 a 381 miliardi di euro. \u201cNello stesso periodo nessun\u2019altra spesa \u00e8 raddoppiata\u201d, ha sottolineato Giorgio Beretta di OPAL, intervenuto in videocollegamento. \u201cI leader europei ci invitano a entrare in una mentalit\u00e0, in una cultura di guerra. Le armi non le vendiamo per difendere la democrazia, ma per incrementare la nostra industria militare. \u00c8 una direzione davvero pericolosa. La pace non si difende con le armi\u201d, ha aggiunto, citando una nota della CEI.<\/p>\n<p>Di fronte all\u2019ipotesi di un ritorno della leva militare, Beretta ha rilanciato con forza il tema dell\u2019obiezione di coscienza.<\/p>\n<h4>\u00abMai pi\u00f9 la guerra\u00bb: le voci della societ\u00e0 civile e della Chiesa<\/h4>\n<p>\u201cLa pace non \u00e8 la resa militare. Mai pi\u00f9 la guerra!\u201d, ha affermato Patrizia Giunti, presidente della Fondazione Giorgio La Pira di Firenze, richiamando anche le parole del presidente della Repubblica Sergio Mattarella, che nel discorso di fine anno ha definito \u201cripugnante il rifiuto della pace di chi si sente forte\u201d.<\/p>\n<p>Da Rovereto, Citt\u00e0 della Pace, accanto agli auspici della sindaca Giulia Robol, \u00e8 arrivato anche il rilancio di una proposta concreta: l\u2019istituzione di un Ministero della Pace, idea lanciata da don Oreste Benzi e oggi sostenuta, tra gli altri, dalle Acli Trentine, dalla Fondazione Fratelli Tutti, dalla Comunit\u00e0 Papa Giovanni XXIII e dall\u2019Azione Cattolica. A rilanciarla \u00e8 stato il presidente delle Acli Walter Nicoletti.<\/p>\n<h4>Tisi: la fraternit\u00e0 come sicurezza vera<\/h4>\n<p>Nelle conclusioni affidate a monsignor Tisi, il messaggio \u00e8 stato netto: \u201cIl Ministero della Pace \u00e8 un punto di partenza. \u00c8 la fraternit\u00e0 della comunit\u00e0 che ci salva e ci protegge, non le telecamere di sicurezza e le forze dell\u2019ordine. E per riscoprire la fraternit\u00e0, dobbiamo riscoprire il perdono\u201d.<\/p>\n<p>\u201cPapa Leone nel suo Messaggio per la Giornata &#8211; aggiunge don Lauro &#8211; non fa sconti sul fatto che in questo momento a circolare siano parole di guerra e non di pace. Chi lavora per la pace spesso viene ridicolizzato. Questa nostra iniziativa del 1^ gennaio vuole essere viene un segno di discontinuit\u00e0 dentro la narrativa bellicistica che ci porta verso scenari di morte e violenza\u201d.<\/p>\n<p>A sfilare per la pace nella fiaccolata finale per le vie di Rovereto, accanto all\u2019arcivescovo Tisi, anche padre Alex Zanotelli, paladino dei poveri e contro le disuguaglianze, fondamento di ogni vera scelta di pace.<\/p>\n<p>Un impegno, quello per la pace, che assume un valore ancora pi\u00f9 simbolico in un anno speciale: il centenario di Vita Trentina e l\u201980\u00b0 anniversario delle Acli Trentine, nel segno di una testimonianza che intreccia fede, responsabilit\u00e0 civile e rifiuto della guerra.<\/p>\n<p>(Con la collaborazione dell\u2019Ufficio stampa Acli)<\/p>\n\n\n\t\t<style type='text\/css'>\n\n\t\t\t\/* PhotoSwipe Plugin *\/\n\t\t\t.psgal {\n\t\t\t\tmargin: auto;\n\t\t\t\tpadding-bottom:40px;\n\n\t\t\t\t-webkit-transition: all 0.4s ease;\n\t\t\t\t-moz-transition: all 0.4s ease;\n\t\t\t\t-o-transition: all 0.4s ease;\n\t\t\t\ttransition: all 0.4s ease;\n\t\t\t}\n\n\t\t\t.psgal figure {\n\t\t\t\tfloat: left;\n\t\t\t\ttext-align: center;\n    \t\t\twidth: 200px;\n                max-width: 50%;\n\t\t\t\tpadding:5px;\n\t\t\t\tmargin: 0px;\n\t\t\t\tbox-sizing:border-box;\n\t\t\t}\n\t\t\t.psgal a{\n\t\t\t\tdisplay:block;\n\t\t\t}\n\t\t\t.psgal figure figcaption{\n\t\t\t\tfont-size:13px;\n\t\t\t}\n\n\t\t\t.msnry{\n\t\t\t\tmargin:auto;\n\t\t\t}\n\t\t\t.pswp__caption__center{\n\t\t\t\ttext-align: center;\n\t\t\t}\n\t\t\t\n\n\t\t\t.photoswipe-gallery-caption{\n\t\t\t\tdisplay:none;\n\t\t\t}\n\n\t\t\t\n\t\t<\/style> <div style=\"clear:both\"><\/div>\n\n\t\t<div id=\"psgal_18968_1\" class=\"ps-gallery psgal gallery-columns-3 gallery-size-thumbnail\" itemscope itemtype=\"http:\/\/schema.org\/ImageGallery\" >\n\t\t\t\t<figure class=\"msnry_item\" itemscope itemtype=\"http:\/\/schema.org\/ImageObject\">\n\t\t\t\t\t<a href=\"https:\/\/www.diocesitn.it\/area-testimonianza\/wp-content\/uploads\/sites\/37\/2026\/01\/IMG_7683-scaled-1024x768.jpeg\"\n\t\t\t\t\titemprop=\"contentUrl\"\n\t\t\t\t\tdata-pswp-width=\"800\" \n\t\t\t\t    data-pswp-height=\"600\" \n\t\t\t\t    data-cropped=\"true\"\n\t\t\t\t\tdata-caption=\"\"\n\t\t\t\t\tclass=\"post-thumbnail-image-link container-fixed-aspect-ratio__16-9\">\n\t\t\t\t        <img src=https:\/\/www.diocesitn.it\/area-testimonianza\/wp-content\/uploads\/sites\/37\/2026\/01\/IMG_7683-scaled-300x225.jpeg itemprop=\"thumbnail\" alt=\"\"  \/>\n\t\t\t\t    <\/a>\n\t\t\t\t    <figcaption class=\"photoswipe-gallery-caption\" ><\/figcaption>\n\t\t\t    <\/figure>\n\t\t\t\t\n\t\t\t\t<figure class=\"msnry_item\" itemscope itemtype=\"http:\/\/schema.org\/ImageObject\">\n\t\t\t\t\t<a href=\"https:\/\/www.diocesitn.it\/area-testimonianza\/wp-content\/uploads\/sites\/37\/2026\/01\/IMG_7681-scaled-1024x768.jpeg\"\n\t\t\t\t\titemprop=\"contentUrl\"\n\t\t\t\t\tdata-pswp-width=\"800\" \n\t\t\t\t    data-pswp-height=\"600\" \n\t\t\t\t    data-cropped=\"true\"\n\t\t\t\t\tdata-caption=\"\"\n\t\t\t\t\tclass=\"post-thumbnail-image-link container-fixed-aspect-ratio__16-9\">\n\t\t\t\t        <img src=https:\/\/www.diocesitn.it\/area-testimonianza\/wp-content\/uploads\/sites\/37\/2026\/01\/IMG_7681-scaled-300x225.jpeg itemprop=\"thumbnail\" alt=\"\"  \/>\n\t\t\t\t    <\/a>\n\t\t\t\t    <figcaption class=\"photoswipe-gallery-caption\" ><\/figcaption>\n\t\t\t    <\/figure>\n\t\t\t\t\n\t\t\t\t<figure class=\"msnry_item\" itemscope itemtype=\"http:\/\/schema.org\/ImageObject\">\n\t\t\t\t\t<a href=\"https:\/\/www.diocesitn.it\/area-testimonianza\/wp-content\/uploads\/sites\/37\/2026\/01\/IMG_7690-scaled-1024x768.jpeg\"\n\t\t\t\t\titemprop=\"contentUrl\"\n\t\t\t\t\tdata-pswp-width=\"800\" \n\t\t\t\t    data-pswp-height=\"600\" \n\t\t\t\t    data-cropped=\"true\"\n\t\t\t\t\tdata-caption=\"\"\n\t\t\t\t\tclass=\"post-thumbnail-image-link container-fixed-aspect-ratio__16-9\">\n\t\t\t\t        <img src=https:\/\/www.diocesitn.it\/area-testimonianza\/wp-content\/uploads\/sites\/37\/2026\/01\/IMG_7690-scaled-300x225.jpeg itemprop=\"thumbnail\" alt=\"\"  \/>\n\t\t\t\t    <\/a>\n\t\t\t\t    <figcaption class=\"photoswipe-gallery-caption\" ><\/figcaption>\n\t\t\t    <\/figure>\n\t\t\t\t\n\t\t\t\t<figure class=\"msnry_item\" itemscope itemtype=\"http:\/\/schema.org\/ImageObject\">\n\t\t\t\t\t<a href=\"https:\/\/www.diocesitn.it\/area-testimonianza\/wp-content\/uploads\/sites\/37\/2026\/01\/IMG_7684-scaled-1024x768.jpeg\"\n\t\t\t\t\titemprop=\"contentUrl\"\n\t\t\t\t\tdata-pswp-width=\"800\" \n\t\t\t\t    data-pswp-height=\"600\" \n\t\t\t\t    data-cropped=\"true\"\n\t\t\t\t\tdata-caption=\"\"\n\t\t\t\t\tclass=\"post-thumbnail-image-link container-fixed-aspect-ratio__16-9\">\n\t\t\t\t        <img src=https:\/\/www.diocesitn.it\/area-testimonianza\/wp-content\/uploads\/sites\/37\/2026\/01\/IMG_7684-scaled-300x225.jpeg itemprop=\"thumbnail\" alt=\"\"  \/>\n\t\t\t\t    <\/a>\n\t\t\t\t    <figcaption class=\"photoswipe-gallery-caption\" ><\/figcaption>\n\t\t\t    <\/figure>\n\t\t\t\t\n\t\t\t\t<figure class=\"msnry_item\" itemscope itemtype=\"http:\/\/schema.org\/ImageObject\">\n\t\t\t\t\t<a href=\"https:\/\/www.diocesitn.it\/area-testimonianza\/wp-content\/uploads\/sites\/37\/2026\/01\/IMG_7691-1024x672.jpeg\"\n\t\t\t\t\titemprop=\"contentUrl\"\n\t\t\t\t\tdata-pswp-width=\"800\" \n\t\t\t\t    data-pswp-height=\"525\" \n\t\t\t\t    data-cropped=\"true\"\n\t\t\t\t\tdata-caption=\"\"\n\t\t\t\t\tclass=\"post-thumbnail-image-link container-fixed-aspect-ratio__16-9\">\n\t\t\t\t        <img src=https:\/\/www.diocesitn.it\/area-testimonianza\/wp-content\/uploads\/sites\/37\/2026\/01\/IMG_7691-300x197.jpeg itemprop=\"thumbnail\" alt=\"\"  \/>\n\t\t\t\t    <\/a>\n\t\t\t\t    <figcaption class=\"photoswipe-gallery-caption\" ><\/figcaption>\n\t\t\t    <\/figure>\n\t\t\t\t\n\t\t\t\t<figure class=\"msnry_item\" itemscope itemtype=\"http:\/\/schema.org\/ImageObject\">\n\t\t\t\t\t<a href=\"https:\/\/www.diocesitn.it\/area-testimonianza\/wp-content\/uploads\/sites\/37\/2026\/01\/IMG_7686-scaled-1024x768.jpeg\"\n\t\t\t\t\titemprop=\"contentUrl\"\n\t\t\t\t\tdata-pswp-width=\"800\" \n\t\t\t\t    data-pswp-height=\"600\" \n\t\t\t\t    data-cropped=\"true\"\n\t\t\t\t\tdata-caption=\"\"\n\t\t\t\t\tclass=\"post-thumbnail-image-link container-fixed-aspect-ratio__16-9\">\n\t\t\t\t        <img src=https:\/\/www.diocesitn.it\/area-testimonianza\/wp-content\/uploads\/sites\/37\/2026\/01\/IMG_7686-scaled-300x225.jpeg itemprop=\"thumbnail\" alt=\"\"  \/>\n\t\t\t\t    <\/a>\n\t\t\t\t    <figcaption class=\"photoswipe-gallery-caption\" ><\/figcaption>\n\t\t\t    <\/figure>\n\t\t\t\t\n\t\t\t\t<figure class=\"msnry_item\" itemscope itemtype=\"http:\/\/schema.org\/ImageObject\">\n\t\t\t\t\t<a href=\"https:\/\/www.diocesitn.it\/area-testimonianza\/wp-content\/uploads\/sites\/37\/2026\/01\/IMG_7687-scaled-1024x768.jpeg\"\n\t\t\t\t\titemprop=\"contentUrl\"\n\t\t\t\t\tdata-pswp-width=\"800\" \n\t\t\t\t    data-pswp-height=\"600\" \n\t\t\t\t    data-cropped=\"true\"\n\t\t\t\t\tdata-caption=\"\"\n\t\t\t\t\tclass=\"post-thumbnail-image-link container-fixed-aspect-ratio__16-9\">\n\t\t\t\t        <img src=https:\/\/www.diocesitn.it\/area-testimonianza\/wp-content\/uploads\/sites\/37\/2026\/01\/IMG_7687-scaled-300x225.jpeg itemprop=\"thumbnail\" alt=\"\"  \/>\n\t\t\t\t    <\/a>\n\t\t\t\t    <figcaption class=\"photoswipe-gallery-caption\" ><\/figcaption>\n\t\t\t    <\/figure>\n\t\t\t\t\n\t\t\t\t<figure class=\"msnry_item\" itemscope itemtype=\"http:\/\/schema.org\/ImageObject\">\n\t\t\t\t\t<a href=\"https:\/\/www.diocesitn.it\/area-testimonianza\/wp-content\/uploads\/sites\/37\/2026\/01\/IMG_7688-scaled-1024x768.jpeg\"\n\t\t\t\t\titemprop=\"contentUrl\"\n\t\t\t\t\tdata-pswp-width=\"800\" \n\t\t\t\t    data-pswp-height=\"600\" \n\t\t\t\t    data-cropped=\"true\"\n\t\t\t\t\tdata-caption=\"\"\n\t\t\t\t\tclass=\"post-thumbnail-image-link container-fixed-aspect-ratio__16-9\">\n\t\t\t\t        <img src=https:\/\/www.diocesitn.it\/area-testimonianza\/wp-content\/uploads\/sites\/37\/2026\/01\/IMG_7688-scaled-300x225.jpeg itemprop=\"thumbnail\" alt=\"\"  \/>\n\t\t\t\t    <\/a>\n\t\t\t\t    <figcaption class=\"photoswipe-gallery-caption\" ><\/figcaption>\n\t\t\t    <\/figure>\n\t\t\t\t\n\t\t\t\t<figure class=\"msnry_item\" itemscope itemtype=\"http:\/\/schema.org\/ImageObject\">\n\t\t\t\t\t<a href=\"https:\/\/www.diocesitn.it\/area-testimonianza\/wp-content\/uploads\/sites\/37\/2026\/01\/IMG_7682-scaled-1024x768.jpeg\"\n\t\t\t\t\titemprop=\"contentUrl\"\n\t\t\t\t\tdata-pswp-width=\"800\" \n\t\t\t\t    data-pswp-height=\"600\" \n\t\t\t\t    data-cropped=\"true\"\n\t\t\t\t\tdata-caption=\"\"\n\t\t\t\t\tclass=\"post-thumbnail-image-link container-fixed-aspect-ratio__16-9\">\n\t\t\t\t        <img src=https:\/\/www.diocesitn.it\/area-testimonianza\/wp-content\/uploads\/sites\/37\/2026\/01\/IMG_7682-scaled-300x225.jpeg itemprop=\"thumbnail\" alt=\"\"  \/>\n\t\t\t\t    <\/a>\n\t\t\t\t    <figcaption class=\"photoswipe-gallery-caption\" ><\/figcaption>\n\t\t\t    <\/figure>\n\t\t\t\t<\/div>\n\t\t<div style='clear:both'><\/div>\n\t\n","protected":false},"excerpt":{"rendered":"<p>Un Capodanno diverso, segnato da una scelta chiara: dire no alla cultura della guerra e rilanciare con forza il tema del disarmo. \u00c8 quanto accaduto il 1\u00b0 gennaio 2026 a Rovereto, dove si \u00e8 rinnovata<\/p>\n","protected":false},"author":3,"featured_media":18974,"comment_status":"closed","ping_status":"closed","sticky":false,"template":"","format":"standard","meta":{"footnotes":""},"categories":[2206,1074],"tags":[],"class_list":["post-18968","post","type-post","status-publish","format-standard","has-post-thumbnail","hentry","category-servizio-giustizia-e-pace","category-notizie"],"acf":{"seed-localization-paese-cod":"IT","seed-localization-address":"","seed-localization-citta":"Trento","seed-localization-regione-cod-istat":"04","seed-localization-citta-cod-istat":"022205","seed-localization-localita":"","seed-localization-cap":"","seed-localization-marker-visibility":false,"seed-localization-children-visibility":false,"seed-localization-kml":"","seed-localization-custom-marker":""},"yoast_head":"<!-- This site is optimized with the Yoast SEO Premium plugin v20.2.1 (Yoast SEO v22.2) - https:\/\/yoast.com\/wordpress\/plugins\/seo\/ -->\n<title>Capodanno contro una cultura di guerra: a Rovereto il disarmo al centro della Giornata Mondiale della Pace - Testimonianza e Impegno sociale<\/title>\n<meta name=\"robots\" content=\"index, follow, max-snippet:-1, max-image-preview:large, max-video-preview:-1\" \/>\n<link rel=\"canonical\" href=\"https:\/\/www.diocesitn.it\/area-testimonianza\/2026\/01\/02\/capodanno-contro-una-cultura-di-guerra-a-rovereto-il-disarmo-al-centro-della-giornata-mondiale-della-pace\/\" \/>\n<meta property=\"og:locale\" content=\"it_IT\" \/>\n<meta property=\"og:type\" content=\"article\" \/>\n<meta property=\"og:title\" content=\"Capodanno contro una cultura di guerra: a Rovereto il disarmo al centro della Giornata Mondiale della Pace\" \/>\n<meta property=\"og:description\" content=\"Un Capodanno diverso, segnato da una scelta chiara: dire no alla cultura della guerra e rilanciare con forza il tema del disarmo. \u00c8 quanto accaduto il 1\u00b0 gennaio 2026 a Rovereto, dove si \u00e8 rinnovata\" \/>\n<meta property=\"og:url\" content=\"https:\/\/www.diocesitn.it\/area-testimonianza\/2026\/01\/02\/capodanno-contro-una-cultura-di-guerra-a-rovereto-il-disarmo-al-centro-della-giornata-mondiale-della-pace\/\" \/>\n<meta property=\"og:site_name\" content=\"Testimonianza e Impegno sociale\" \/>\n<meta property=\"article:published_time\" content=\"2026-01-02T02:50:07+00:00\" \/>\n<meta property=\"article:modified_time\" content=\"2026-01-15T08:30:17+00:00\" \/>\n<meta property=\"og:image\" content=\"https:\/\/www.diocesitn.it\/area-testimonianza\/wp-content\/uploads\/sites\/37\/2026\/01\/IMG_7682-scaled.jpeg\" \/>\n\t<meta property=\"og:image:width\" content=\"2560\" \/>\n\t<meta property=\"og:image:height\" content=\"1920\" \/>\n\t<meta property=\"og:image:type\" content=\"image\/jpeg\" \/>\n<meta name=\"author\" content=\"Piergiorgio Franceschini\" \/>\n<meta name=\"twitter:card\" content=\"summary_large_image\" \/>\n<meta name=\"twitter:label1\" content=\"Scritto da\" \/>\n\t<meta name=\"twitter:data1\" content=\"Piergiorgio Franceschini\" \/>\n\t<meta name=\"twitter:label2\" content=\"Tempo di lettura stimato\" \/>\n\t<meta name=\"twitter:data2\" content=\"4 minuti\" \/>\n<script type=\"application\/ld+json\" class=\"yoast-schema-graph\">{\"@context\":\"https:\/\/schema.org\",\"@graph\":[{\"@type\":\"Article\",\"@id\":\"https:\/\/www.diocesitn.it\/area-testimonianza\/2026\/01\/02\/capodanno-contro-una-cultura-di-guerra-a-rovereto-il-disarmo-al-centro-della-giornata-mondiale-della-pace\/#article\",\"isPartOf\":{\"@id\":\"https:\/\/www.diocesitn.it\/area-testimonianza\/2026\/01\/02\/capodanno-contro-una-cultura-di-guerra-a-rovereto-il-disarmo-al-centro-della-giornata-mondiale-della-pace\/\"},\"author\":{\"name\":\"Piergiorgio Franceschini\",\"@id\":\"https:\/\/www.diocesitn.it\/area-testimonianza\/#\/schema\/person\/99590c84577873a025247b6aeb16ad2e\"},\"headline\":\"Capodanno contro una cultura di guerra: a Rovereto il disarmo al centro della Giornata Mondiale della Pace\",\"datePublished\":\"2026-01-02T02:50:07+00:00\",\"dateModified\":\"2026-01-15T08:30:17+00:00\",\"mainEntityOfPage\":{\"@id\":\"https:\/\/www.diocesitn.it\/area-testimonianza\/2026\/01\/02\/capodanno-contro-una-cultura-di-guerra-a-rovereto-il-disarmo-al-centro-della-giornata-mondiale-della-pace\/\"},\"wordCount\":666,\"publisher\":{\"@id\":\"https:\/\/www.diocesitn.it\/area-testimonianza\/#organization\"},\"image\":{\"@id\":\"https:\/\/www.diocesitn.it\/area-testimonianza\/2026\/01\/02\/capodanno-contro-una-cultura-di-guerra-a-rovereto-il-disarmo-al-centro-della-giornata-mondiale-della-pace\/#primaryimage\"},\"thumbnailUrl\":\"https:\/\/www.diocesitn.it\/area-testimonianza\/wp-content\/uploads\/sites\/37\/2026\/01\/IMG_7682-scaled.jpeg\",\"articleSection\":[\"Giustizia e pace\",\"Notizie\"],\"inLanguage\":\"it-IT\",\"copyrightYear\":\"2026\",\"copyrightHolder\":{\"@id\":\"https:\/\/www.diocesitn.it\/#organization\"}},{\"@type\":\"WebPage\",\"@id\":\"https:\/\/www.diocesitn.it\/area-testimonianza\/2026\/01\/02\/capodanno-contro-una-cultura-di-guerra-a-rovereto-il-disarmo-al-centro-della-giornata-mondiale-della-pace\/\",\"url\":\"https:\/\/www.diocesitn.it\/area-testimonianza\/2026\/01\/02\/capodanno-contro-una-cultura-di-guerra-a-rovereto-il-disarmo-al-centro-della-giornata-mondiale-della-pace\/\",\"name\":\"Capodanno contro una cultura di guerra: a Rovereto il disarmo al centro della Giornata Mondiale della Pace - Testimonianza e Impegno sociale\",\"isPartOf\":{\"@id\":\"https:\/\/www.diocesitn.it\/area-testimonianza\/#website\"},\"primaryImageOfPage\":{\"@id\":\"https:\/\/www.diocesitn.it\/area-testimonianza\/2026\/01\/02\/capodanno-contro-una-cultura-di-guerra-a-rovereto-il-disarmo-al-centro-della-giornata-mondiale-della-pace\/#primaryimage\"},\"image\":{\"@id\":\"https:\/\/www.diocesitn.it\/area-testimonianza\/2026\/01\/02\/capodanno-contro-una-cultura-di-guerra-a-rovereto-il-disarmo-al-centro-della-giornata-mondiale-della-pace\/#primaryimage\"},\"thumbnailUrl\":\"https:\/\/www.diocesitn.it\/area-testimonianza\/wp-content\/uploads\/sites\/37\/2026\/01\/IMG_7682-scaled.jpeg\",\"datePublished\":\"2026-01-02T02:50:07+00:00\",\"dateModified\":\"2026-01-15T08:30:17+00:00\",\"breadcrumb\":{\"@id\":\"https:\/\/www.diocesitn.it\/area-testimonianza\/2026\/01\/02\/capodanno-contro-una-cultura-di-guerra-a-rovereto-il-disarmo-al-centro-della-giornata-mondiale-della-pace\/#breadcrumb\"},\"inLanguage\":\"it-IT\",\"potentialAction\":[{\"@type\":\"ReadAction\",\"target\":[\"https:\/\/www.diocesitn.it\/area-testimonianza\/2026\/01\/02\/capodanno-contro-una-cultura-di-guerra-a-rovereto-il-disarmo-al-centro-della-giornata-mondiale-della-pace\/\"]}]},{\"@type\":\"ImageObject\",\"inLanguage\":\"it-IT\",\"@id\":\"https:\/\/www.diocesitn.it\/area-testimonianza\/2026\/01\/02\/capodanno-contro-una-cultura-di-guerra-a-rovereto-il-disarmo-al-centro-della-giornata-mondiale-della-pace\/#primaryimage\",\"url\":\"https:\/\/www.diocesitn.it\/area-testimonianza\/wp-content\/uploads\/sites\/37\/2026\/01\/IMG_7682-scaled.jpeg\",\"contentUrl\":\"https:\/\/www.diocesitn.it\/area-testimonianza\/wp-content\/uploads\/sites\/37\/2026\/01\/IMG_7682-scaled.jpeg\",\"width\":2560,\"height\":1920},{\"@type\":\"BreadcrumbList\",\"@id\":\"https:\/\/www.diocesitn.it\/area-testimonianza\/2026\/01\/02\/capodanno-contro-una-cultura-di-guerra-a-rovereto-il-disarmo-al-centro-della-giornata-mondiale-della-pace\/#breadcrumb\",\"itemListElement\":[{\"@type\":\"ListItem\",\"position\":1,\"name\":\"Home\",\"item\":\"https:\/\/www.diocesitn.it\/area-testimonianza\/\"},{\"@type\":\"ListItem\",\"position\":2,\"name\":\"Capodanno contro una cultura di guerra: a Rovereto il disarmo al centro della Giornata Mondiale della Pace\"}]},{\"@type\":\"WebSite\",\"@id\":\"https:\/\/www.diocesitn.it\/area-testimonianza\/#website\",\"url\":\"https:\/\/www.diocesitn.it\/area-testimonianza\/\",\"name\":\"Testimonianza e Impegno sociale\",\"description\":\"Chiesa di Trento\",\"publisher\":{\"@id\":\"https:\/\/www.diocesitn.it\/area-testimonianza\/#organization\"},\"potentialAction\":[{\"@type\":\"SearchAction\",\"target\":{\"@type\":\"EntryPoint\",\"urlTemplate\":\"https:\/\/www.diocesitn.it\/area-testimonianza\/?s={search_term_string}\"},\"query-input\":\"required name=search_term_string\"}],\"inLanguage\":\"it-IT\"},{\"@type\":[\"Organization\",\"Place\"],\"@id\":\"https:\/\/www.diocesitn.it\/area-testimonianza\/#organization\",\"name\":\"Area Testimonianza e Impegno Sociale - Chiesa di Trento\",\"url\":\"https:\/\/www.diocesitn.it\/area-testimonianza\/\",\"logo\":{\"@id\":\"https:\/\/www.diocesitn.it\/area-testimonianza\/2026\/01\/02\/capodanno-contro-una-cultura-di-guerra-a-rovereto-il-disarmo-al-centro-della-giornata-mondiale-della-pace\/#local-main-organization-logo\"},\"image\":{\"@id\":\"https:\/\/www.diocesitn.it\/area-testimonianza\/2026\/01\/02\/capodanno-contro-una-cultura-di-guerra-a-rovereto-il-disarmo-al-centro-della-giornata-mondiale-della-pace\/#local-main-organization-logo\"},\"openingHoursSpecification\":[{\"@type\":\"OpeningHoursSpecification\",\"dayOfWeek\":[\"Monday\",\"Tuesday\",\"Wednesday\",\"Thursday\",\"Friday\",\"Saturday\",\"Sunday\"],\"opens\":\"09:00\",\"closes\":\"17:00\"}]},{\"@type\":\"ImageObject\",\"inLanguage\":\"it-IT\",\"@id\":\"https:\/\/www.diocesitn.it\/area-testimonianza\/2026\/01\/02\/capodanno-contro-una-cultura-di-guerra-a-rovereto-il-disarmo-al-centro-della-giornata-mondiale-della-pace\/#local-main-organization-logo\",\"url\":\"https:\/\/www.diocesitn.it\/area-testimonianza\/wp-content\/uploads\/sites\/37\/2021\/09\/og-logo-testimonianza-e-impegno-sociale.jpg\",\"contentUrl\":\"https:\/\/www.diocesitn.it\/area-testimonianza\/wp-content\/uploads\/sites\/37\/2021\/09\/og-logo-testimonianza-e-impegno-sociale.jpg\",\"width\":1200,\"height\":630,\"caption\":\"Area Testimonianza e Impegno Sociale - Chiesa di Trento\"}]}<\/script>\n<!-- \/ Yoast SEO Premium plugin. -->","yoast_head_json":{"title":"Capodanno contro una cultura di guerra: a Rovereto il disarmo al centro della Giornata Mondiale della Pace - Testimonianza e Impegno sociale","robots":{"index":"index","follow":"follow","max-snippet":"max-snippet:-1","max-image-preview":"max-image-preview:large","max-video-preview":"max-video-preview:-1"},"canonical":"https:\/\/www.diocesitn.it\/area-testimonianza\/2026\/01\/02\/capodanno-contro-una-cultura-di-guerra-a-rovereto-il-disarmo-al-centro-della-giornata-mondiale-della-pace\/","og_locale":"it_IT","og_type":"article","og_title":"Capodanno contro una cultura di guerra: a Rovereto il disarmo al centro della Giornata Mondiale della Pace","og_description":"Un Capodanno diverso, segnato da una scelta chiara: dire no alla cultura della guerra e rilanciare con forza il tema del disarmo. \u00c8 quanto accaduto il 1\u00b0 gennaio 2026 a Rovereto, dove si \u00e8 rinnovata","og_url":"https:\/\/www.diocesitn.it\/area-testimonianza\/2026\/01\/02\/capodanno-contro-una-cultura-di-guerra-a-rovereto-il-disarmo-al-centro-della-giornata-mondiale-della-pace\/","og_site_name":"Testimonianza e Impegno sociale","article_published_time":"2026-01-02T02:50:07+00:00","article_modified_time":"2026-01-15T08:30:17+00:00","og_image":[{"width":2560,"height":1920,"url":"https:\/\/www.diocesitn.it\/area-testimonianza\/wp-content\/uploads\/sites\/37\/2026\/01\/IMG_7682-scaled.jpeg","type":"image\/jpeg"}],"author":"Piergiorgio Franceschini","twitter_card":"summary_large_image","twitter_misc":{"Scritto da":"Piergiorgio Franceschini","Tempo di lettura stimato":"4 minuti"},"schema":{"@context":"https:\/\/schema.org","@graph":[{"@type":"Article","@id":"https:\/\/www.diocesitn.it\/area-testimonianza\/2026\/01\/02\/capodanno-contro-una-cultura-di-guerra-a-rovereto-il-disarmo-al-centro-della-giornata-mondiale-della-pace\/#article","isPartOf":{"@id":"https:\/\/www.diocesitn.it\/area-testimonianza\/2026\/01\/02\/capodanno-contro-una-cultura-di-guerra-a-rovereto-il-disarmo-al-centro-della-giornata-mondiale-della-pace\/"},"author":{"name":"Piergiorgio Franceschini","@id":"https:\/\/www.diocesitn.it\/area-testimonianza\/#\/schema\/person\/99590c84577873a025247b6aeb16ad2e"},"headline":"Capodanno contro una cultura di guerra: a Rovereto il disarmo al centro della Giornata Mondiale della Pace","datePublished":"2026-01-02T02:50:07+00:00","dateModified":"2026-01-15T08:30:17+00:00","mainEntityOfPage":{"@id":"https:\/\/www.diocesitn.it\/area-testimonianza\/2026\/01\/02\/capodanno-contro-una-cultura-di-guerra-a-rovereto-il-disarmo-al-centro-della-giornata-mondiale-della-pace\/"},"wordCount":666,"publisher":{"@id":"https:\/\/www.diocesitn.it\/area-testimonianza\/#organization"},"image":{"@id":"https:\/\/www.diocesitn.it\/area-testimonianza\/2026\/01\/02\/capodanno-contro-una-cultura-di-guerra-a-rovereto-il-disarmo-al-centro-della-giornata-mondiale-della-pace\/#primaryimage"},"thumbnailUrl":"https:\/\/www.diocesitn.it\/area-testimonianza\/wp-content\/uploads\/sites\/37\/2026\/01\/IMG_7682-scaled.jpeg","articleSection":["Giustizia e pace","Notizie"],"inLanguage":"it-IT","copyrightYear":"2026","copyrightHolder":{"@id":"https:\/\/www.diocesitn.it\/#organization"}},{"@type":"WebPage","@id":"https:\/\/www.diocesitn.it\/area-testimonianza\/2026\/01\/02\/capodanno-contro-una-cultura-di-guerra-a-rovereto-il-disarmo-al-centro-della-giornata-mondiale-della-pace\/","url":"https:\/\/www.diocesitn.it\/area-testimonianza\/2026\/01\/02\/capodanno-contro-una-cultura-di-guerra-a-rovereto-il-disarmo-al-centro-della-giornata-mondiale-della-pace\/","name":"Capodanno contro una cultura di guerra: a Rovereto il disarmo al centro della Giornata Mondiale della Pace - Testimonianza e Impegno sociale","isPartOf":{"@id":"https:\/\/www.diocesitn.it\/area-testimonianza\/#website"},"primaryImageOfPage":{"@id":"https:\/\/www.diocesitn.it\/area-testimonianza\/2026\/01\/02\/capodanno-contro-una-cultura-di-guerra-a-rovereto-il-disarmo-al-centro-della-giornata-mondiale-della-pace\/#primaryimage"},"image":{"@id":"https:\/\/www.diocesitn.it\/area-testimonianza\/2026\/01\/02\/capodanno-contro-una-cultura-di-guerra-a-rovereto-il-disarmo-al-centro-della-giornata-mondiale-della-pace\/#primaryimage"},"thumbnailUrl":"https:\/\/www.diocesitn.it\/area-testimonianza\/wp-content\/uploads\/sites\/37\/2026\/01\/IMG_7682-scaled.jpeg","datePublished":"2026-01-02T02:50:07+00:00","dateModified":"2026-01-15T08:30:17+00:00","breadcrumb":{"@id":"https:\/\/www.diocesitn.it\/area-testimonianza\/2026\/01\/02\/capodanno-contro-una-cultura-di-guerra-a-rovereto-il-disarmo-al-centro-della-giornata-mondiale-della-pace\/#breadcrumb"},"inLanguage":"it-IT","potentialAction":[{"@type":"ReadAction","target":["https:\/\/www.diocesitn.it\/area-testimonianza\/2026\/01\/02\/capodanno-contro-una-cultura-di-guerra-a-rovereto-il-disarmo-al-centro-della-giornata-mondiale-della-pace\/"]}]},{"@type":"ImageObject","inLanguage":"it-IT","@id":"https:\/\/www.diocesitn.it\/area-testimonianza\/2026\/01\/02\/capodanno-contro-una-cultura-di-guerra-a-rovereto-il-disarmo-al-centro-della-giornata-mondiale-della-pace\/#primaryimage","url":"https:\/\/www.diocesitn.it\/area-testimonianza\/wp-content\/uploads\/sites\/37\/2026\/01\/IMG_7682-scaled.jpeg","contentUrl":"https:\/\/www.diocesitn.it\/area-testimonianza\/wp-content\/uploads\/sites\/37\/2026\/01\/IMG_7682-scaled.jpeg","width":2560,"height":1920},{"@type":"BreadcrumbList","@id":"https:\/\/www.diocesitn.it\/area-testimonianza\/2026\/01\/02\/capodanno-contro-una-cultura-di-guerra-a-rovereto-il-disarmo-al-centro-della-giornata-mondiale-della-pace\/#breadcrumb","itemListElement":[{"@type":"ListItem","position":1,"name":"Home","item":"https:\/\/www.diocesitn.it\/area-testimonianza\/"},{"@type":"ListItem","position":2,"name":"Capodanno contro una cultura di guerra: a Rovereto il disarmo al centro della Giornata Mondiale della Pace"}]},{"@type":"WebSite","@id":"https:\/\/www.diocesitn.it\/area-testimonianza\/#website","url":"https:\/\/www.diocesitn.it\/area-testimonianza\/","name":"Testimonianza e Impegno sociale","description":"Chiesa di Trento","publisher":{"@id":"https:\/\/www.diocesitn.it\/area-testimonianza\/#organization"},"potentialAction":[{"@type":"SearchAction","target":{"@type":"EntryPoint","urlTemplate":"https:\/\/www.diocesitn.it\/area-testimonianza\/?s={search_term_string}"},"query-input":"required name=search_term_string"}],"inLanguage":"it-IT"},{"@type":["Organization","Place"],"@id":"https:\/\/www.diocesitn.it\/area-testimonianza\/#organization","name":"Area Testimonianza e Impegno Sociale - Chiesa di Trento","url":"https:\/\/www.diocesitn.it\/area-testimonianza\/","logo":{"@id":"https:\/\/www.diocesitn.it\/area-testimonianza\/2026\/01\/02\/capodanno-contro-una-cultura-di-guerra-a-rovereto-il-disarmo-al-centro-della-giornata-mondiale-della-pace\/#local-main-organization-logo"},"image":{"@id":"https:\/\/www.diocesitn.it\/area-testimonianza\/2026\/01\/02\/capodanno-contro-una-cultura-di-guerra-a-rovereto-il-disarmo-al-centro-della-giornata-mondiale-della-pace\/#local-main-organization-logo"},"openingHoursSpecification":[{"@type":"OpeningHoursSpecification","dayOfWeek":["Monday","Tuesday","Wednesday","Thursday","Friday","Saturday","Sunday"],"opens":"09:00","closes":"17:00"}]},{"@type":"ImageObject","inLanguage":"it-IT","@id":"https:\/\/www.diocesitn.it\/area-testimonianza\/2026\/01\/02\/capodanno-contro-una-cultura-di-guerra-a-rovereto-il-disarmo-al-centro-della-giornata-mondiale-della-pace\/#local-main-organization-logo","url":"https:\/\/www.diocesitn.it\/area-testimonianza\/wp-content\/uploads\/sites\/37\/2021\/09\/og-logo-testimonianza-e-impegno-sociale.jpg","contentUrl":"https:\/\/www.diocesitn.it\/area-testimonianza\/wp-content\/uploads\/sites\/37\/2021\/09\/og-logo-testimonianza-e-impegno-sociale.jpg","width":1200,"height":630,"caption":"Area Testimonianza e Impegno Sociale - Chiesa di Trento"}]}},"_links":{"self":[{"href":"https:\/\/www.diocesitn.it\/area-testimonianza\/wp-json\/wp\/v2\/posts\/18968","targetHints":{"allow":["GET"]}}],"collection":[{"href":"https:\/\/www.diocesitn.it\/area-testimonianza\/wp-json\/wp\/v2\/posts"}],"about":[{"href":"https:\/\/www.diocesitn.it\/area-testimonianza\/wp-json\/wp\/v2\/types\/post"}],"author":[{"embeddable":true,"href":"https:\/\/www.diocesitn.it\/area-testimonianza\/wp-json\/wp\/v2\/users\/3"}],"replies":[{"embeddable":true,"href":"https:\/\/www.diocesitn.it\/area-testimonianza\/wp-json\/wp\/v2\/comments?post=18968"}],"version-history":[{"count":2,"href":"https:\/\/www.diocesitn.it\/area-testimonianza\/wp-json\/wp\/v2\/posts\/18968\/revisions"}],"predecessor-version":[{"id":18979,"href":"https:\/\/www.diocesitn.it\/area-testimonianza\/wp-json\/wp\/v2\/posts\/18968\/revisions\/18979"}],"wp:featuredmedia":[{"embeddable":true,"href":"https:\/\/www.diocesitn.it\/area-testimonianza\/wp-json\/wp\/v2\/media\/18974"}],"wp:attachment":[{"href":"https:\/\/www.diocesitn.it\/area-testimonianza\/wp-json\/wp\/v2\/media?parent=18968"}],"wp:term":[{"taxonomy":"category","embeddable":true,"href":"https:\/\/www.diocesitn.it\/area-testimonianza\/wp-json\/wp\/v2\/categories?post=18968"},{"taxonomy":"post_tag","embeddable":true,"href":"https:\/\/www.diocesitn.it\/area-testimonianza\/wp-json\/wp\/v2\/tags?post=18968"}],"curies":[{"name":"wp","href":"https:\/\/api.w.org\/{rel}","templated":true}]}}