{"id":18853,"date":"2025-12-11T09:13:31","date_gmt":"2025-12-11T08:13:31","guid":{"rendered":"https:\/\/www.diocesitn.it\/area-testimonianza\/?p=18853"},"modified":"2025-12-12T09:48:38","modified_gmt":"2025-12-12T08:48:38","slug":"dicembre-2025","status":"publish","type":"post","link":"https:\/\/www.diocesitn.it\/area-testimonianza\/2025\/12\/11\/dicembre-2025\/","title":{"rendered":"Dicembre 2025"},"content":{"rendered":"<h5 style=\"text-align: center\">La newsletter dell&#8217;Area Testimonianza e Impegno Sociale<br \/>\ndell&#8217;Arcidiocesi di Trento<\/h5>\n<p><a href=\"https:\/\/www.diocesitn.it\/area-testimonianza\/wp-content\/uploads\/sites\/37\/2024\/12\/ghirlanda.jpg\"><img loading=\"lazy\" decoding=\"async\" class=\"size-medium wp-image-16656 aligncenter\" src=\"https:\/\/www.diocesitn.it\/area-testimonianza\/wp-content\/uploads\/sites\/37\/2024\/12\/ghirlanda-300x48.jpg\" alt=\"\" width=\"300\" height=\"48\" srcset=\"https:\/\/www.diocesitn.it\/area-testimonianza\/wp-content\/uploads\/sites\/37\/2024\/12\/ghirlanda-300x48.jpg 300w, https:\/\/www.diocesitn.it\/area-testimonianza\/wp-content\/uploads\/sites\/37\/2024\/12\/ghirlanda-1024x165.jpg 1024w, https:\/\/www.diocesitn.it\/area-testimonianza\/wp-content\/uploads\/sites\/37\/2024\/12\/ghirlanda-768x124.jpg 768w, https:\/\/www.diocesitn.it\/area-testimonianza\/wp-content\/uploads\/sites\/37\/2024\/12\/ghirlanda-360x58.jpg 360w, https:\/\/www.diocesitn.it\/area-testimonianza\/wp-content\/uploads\/sites\/37\/2024\/12\/ghirlanda-800x129.jpg 800w, https:\/\/www.diocesitn.it\/area-testimonianza\/wp-content\/uploads\/sites\/37\/2024\/12\/ghirlanda-1200x194.jpg 1200w, https:\/\/www.diocesitn.it\/area-testimonianza\/wp-content\/uploads\/sites\/37\/2024\/12\/ghirlanda.jpg 1227w\" sizes=\"auto, (max-width: 300px) 100vw, 300px\" \/><\/a><\/p>\n<p>Buongiorno,<br \/>\noggi vi parliamo di:<\/p>\n<ul>\n<li><a href=\"https:\/\/www.diocesitn.it\/area-testimonianza\/wd-appuntamenti\/tentazione-missionaria-serata-di-presentazione-2\/\"><strong>Tentazione missionaria<\/strong>, serata di presentazione (venerd\u00ec 12 dicembre)<\/a><\/li>\n<li><a href=\"https:\/\/www.diocesitn.it\/area-testimonianza\/wd-appuntamenti\/giubileo-delle-carceri\/\"><strong>Giubileo delle carceri<\/strong> (domenica 14 dicembre)<\/a><\/li>\n<li><a href=\"https:\/\/www.diocesitn.it\/area-testimonianza\/wd-appuntamenti\/formazione-missio-lectio-divina-di-avvento-on-line\/\">Formazione on line di Missio Italia: <strong>Lectio divina di Avvento<\/strong> (luned\u00ec 15 dicembre)<\/a><\/li>\n<li><a href=\"https:\/\/www.diocesitn.it\/area-testimonianza\/wd-appuntamenti\/cantori-della-stella-3\/\"><strong>Cantori della Stella<\/strong> (sabato 27 dicembre, iscrizioni entro mercoled\u00ec 17)<\/a><\/li>\n<li><a href=\"https:\/\/www.diocesitn.it\/area-testimonianza\/wd-appuntamenti\/santa-messa-dei-popoli-10\/\"><strong>Santa Messa dei Popoli<\/strong> (sabato 27 dicembre)<\/a><\/li>\n<li><a href=\"https:\/\/www.diocesitn.it\/area-testimonianza\/wd-appuntamenti\/capodanno-capovolto-4\/\"><strong>Capodanno Capovolto<\/strong> (mercoled\u00ec 31 dicembre, iscrizioni entro gioved\u00ec 18)<\/a><\/li>\n<li><a href=\"https:\/\/www.diocesitn.it\/area-testimonianza\/2025\/12\/12\/anche-caritas-allevento-conclusivo-del-giubileo\/\"><strong>Piazze di speranza<\/strong> per la chiusura del Giubileo (domenica 28 dicembre)<\/a><\/li>\n<li><a href=\"https:\/\/www.diocesitn.it\/area-testimonianza\/wd-appuntamenti\/59a-giornata-mondiale-della-pace\/\"><strong>59\u00aa Giornata mondiale della pace<\/strong> (gioved\u00ec 1 gennaio)<\/a><\/li>\n<li><a href=\"https:\/\/www.diocesitn.it\/area-testimonianza\/2025\/12\/10\/aggiornamenti-da-tutti-i-progetti-delle-adozioni-a-distanza-bambini\/\">Aggiornamento dei progetti di <strong>Adozione a distanza bambini<\/strong><\/a><\/li>\n<li><a href=\"https:\/\/www.diocesitn.it\/area-testimonianza\/2025\/11\/05\/i-libri-che-liberano-un-progetto-di-crowdfunding-a-sostegno-della-biblioteca-della-casa-circondariale-di-trento\/\"><strong>I libri che liberano<\/strong>, un progetto di crowdfunding<\/a><\/li>\n<\/ul>\n<p><a href=\"https:\/\/www.diocesitn.it\/area-testimonianza\/wp-content\/uploads\/sites\/37\/2024\/12\/ghirlanda.jpg\"><img loading=\"lazy\" decoding=\"async\" class=\"size-medium wp-image-16656 aligncenter\" src=\"https:\/\/www.diocesitn.it\/area-testimonianza\/wp-content\/uploads\/sites\/37\/2024\/12\/ghirlanda-300x48.jpg\" alt=\"\" width=\"300\" height=\"48\" srcset=\"https:\/\/www.diocesitn.it\/area-testimonianza\/wp-content\/uploads\/sites\/37\/2024\/12\/ghirlanda-300x48.jpg 300w, https:\/\/www.diocesitn.it\/area-testimonianza\/wp-content\/uploads\/sites\/37\/2024\/12\/ghirlanda-1024x165.jpg 1024w, https:\/\/www.diocesitn.it\/area-testimonianza\/wp-content\/uploads\/sites\/37\/2024\/12\/ghirlanda-768x124.jpg 768w, https:\/\/www.diocesitn.it\/area-testimonianza\/wp-content\/uploads\/sites\/37\/2024\/12\/ghirlanda-360x58.jpg 360w, https:\/\/www.diocesitn.it\/area-testimonianza\/wp-content\/uploads\/sites\/37\/2024\/12\/ghirlanda-800x129.jpg 800w, https:\/\/www.diocesitn.it\/area-testimonianza\/wp-content\/uploads\/sites\/37\/2024\/12\/ghirlanda-1200x194.jpg 1200w, https:\/\/www.diocesitn.it\/area-testimonianza\/wp-content\/uploads\/sites\/37\/2024\/12\/ghirlanda.jpg 1227w\" sizes=\"auto, (max-width: 300px) 100vw, 300px\" \/><\/a><\/p>\n<p style=\"text-align: center\"><strong>ATTENZIONE chiusure uffici<br \/>\n<\/strong>Sotto le festivit\u00e0 natalizie gli uffici dei servizi di area hanno aperture diversificate. Si consiglia di chiamare prima di presentarsi. <a href=\"https:\/\/www.diocesitn.it\/area-testimonianza\/home-page\/chi-siamo-area-testimonianza-e-impegno-sociale\/\">Qui i contatti degli uffici.<\/a><\/p>\n<hr \/>\n<p style=\"text-align: center\">Auguriamo a tutti buone feste attraverso le parole di sr. Ersilia Mantovani, Suora Francescana Missionaria di Maria, in Marocco.<\/p>\n<p style=\"text-align: center\"><em><strong>Forse Dio non ci eviter\u00e0 le tempeste, ma ci dar\u00e0 la forza di affontarle e ci aiuter\u00e0 a tener duro. Lui solo non pu\u00f2 sbagliare. Tanti auguri di Buon e Santo Natale, pieno di speranza e di novit\u00e0.<\/strong> <\/em><\/p>\n<p style=\"text-align: center\"><a href=\"https:\/\/www.diocesitn.it\/area-testimonianza\/wp-content\/uploads\/sites\/37\/2024\/12\/ghirlanda.jpg\"><img loading=\"lazy\" decoding=\"async\" class=\"size-medium wp-image-16656 aligncenter\" src=\"https:\/\/www.diocesitn.it\/area-testimonianza\/wp-content\/uploads\/sites\/37\/2024\/12\/ghirlanda-300x48.jpg\" alt=\"\" width=\"300\" height=\"48\" srcset=\"https:\/\/www.diocesitn.it\/area-testimonianza\/wp-content\/uploads\/sites\/37\/2024\/12\/ghirlanda-300x48.jpg 300w, https:\/\/www.diocesitn.it\/area-testimonianza\/wp-content\/uploads\/sites\/37\/2024\/12\/ghirlanda-1024x165.jpg 1024w, https:\/\/www.diocesitn.it\/area-testimonianza\/wp-content\/uploads\/sites\/37\/2024\/12\/ghirlanda-768x124.jpg 768w, https:\/\/www.diocesitn.it\/area-testimonianza\/wp-content\/uploads\/sites\/37\/2024\/12\/ghirlanda-360x58.jpg 360w, https:\/\/www.diocesitn.it\/area-testimonianza\/wp-content\/uploads\/sites\/37\/2024\/12\/ghirlanda-800x129.jpg 800w, https:\/\/www.diocesitn.it\/area-testimonianza\/wp-content\/uploads\/sites\/37\/2024\/12\/ghirlanda-1200x194.jpg 1200w, https:\/\/www.diocesitn.it\/area-testimonianza\/wp-content\/uploads\/sites\/37\/2024\/12\/ghirlanda.jpg 1227w\" sizes=\"auto, (max-width: 300px) 100vw, 300px\" \/><\/a>Ma non finisce qui!<br \/>\nAltre <strong>notizie<\/strong> e nuovi <strong>appuntamenti<\/strong> verranno pubblicati nei prossimi giorni.<br \/>\nTenete d&#8217;occhio il <strong><a href=\"https:\/\/www.diocesitn.it\/area-testimonianza\/\">sito<\/a>.<\/strong><\/p>\n<p><a href=\"https:\/\/www.diocesitn.it\/area-testimonianza\/wp-content\/uploads\/sites\/37\/2024\/12\/ghirlanda.jpg\"><img loading=\"lazy\" decoding=\"async\" class=\"size-medium wp-image-16656 aligncenter\" src=\"https:\/\/www.diocesitn.it\/area-testimonianza\/wp-content\/uploads\/sites\/37\/2024\/12\/ghirlanda-300x48.jpg\" alt=\"\" width=\"300\" height=\"48\" srcset=\"https:\/\/www.diocesitn.it\/area-testimonianza\/wp-content\/uploads\/sites\/37\/2024\/12\/ghirlanda-300x48.jpg 300w, https:\/\/www.diocesitn.it\/area-testimonianza\/wp-content\/uploads\/sites\/37\/2024\/12\/ghirlanda-1024x165.jpg 1024w, https:\/\/www.diocesitn.it\/area-testimonianza\/wp-content\/uploads\/sites\/37\/2024\/12\/ghirlanda-768x124.jpg 768w, https:\/\/www.diocesitn.it\/area-testimonianza\/wp-content\/uploads\/sites\/37\/2024\/12\/ghirlanda-360x58.jpg 360w, https:\/\/www.diocesitn.it\/area-testimonianza\/wp-content\/uploads\/sites\/37\/2024\/12\/ghirlanda-800x129.jpg 800w, https:\/\/www.diocesitn.it\/area-testimonianza\/wp-content\/uploads\/sites\/37\/2024\/12\/ghirlanda-1200x194.jpg 1200w, https:\/\/www.diocesitn.it\/area-testimonianza\/wp-content\/uploads\/sites\/37\/2024\/12\/ghirlanda.jpg 1227w\" sizes=\"auto, (max-width: 300px) 100vw, 300px\" \/><\/a><\/p>\n","protected":false},"excerpt":{"rendered":"<p>La newsletter dell&#8217;Area Testimonianza e Impegno Sociale dell&#8217;Arcidiocesi di Trento Buongiorno, oggi vi parliamo di: Tentazione missionaria, serata di presentazione (venerd\u00ec 12 dicembre) Giubileo delle carceri (domenica 14 dicembre) Formazione on line di Missio Italia:<\/p>\n","protected":false},"author":161,"featured_media":16244,"comment_status":"closed","ping_status":"closed","sticky":false,"template":"","format":"standard","meta":{"footnotes":""},"categories":[2179],"tags":[2180],"class_list":["post-18853","post","type-post","status-publish","format-standard","has-post-thumbnail","hentry","category-nl","tag-intro-nl"],"acf":{"seed-localization-paese-cod":"IT","seed-localization-address":"","seed-localization-citta":"Trento","seed-localization-regione-cod-istat":"04","seed-localization-citta-cod-istat":"022205","seed-localization-localita":"","seed-localization-cap":"","seed-localization-marker-visibility":false,"seed-localization-children-visibility":false,"seed-localization-kml":"","seed-localization-custom-marker":""},"yoast_head":"<!-- This site is optimized with the Yoast SEO Premium plugin v20.2.1 (Yoast SEO v22.2) - https:\/\/yoast.com\/wordpress\/plugins\/seo\/ -->\n<title>Dicembre 2025<\/title>\n<meta name=\"description\" content=\"La newsletter mensile che raccoglie notizie e appuntamenti dell&#039;Area Testimonianza e Impegno Sociale dell&#039;Arcidiocesi di Trento.\" \/>\n<meta name=\"robots\" content=\"index, follow, max-snippet:-1, max-image-preview:large, max-video-preview:-1\" \/>\n<link rel=\"canonical\" href=\"https:\/\/www.diocesitn.it\/area-testimonianza\/2025\/12\/11\/dicembre-2025\/\" \/>\n<meta property=\"og:locale\" content=\"it_IT\" \/>\n<meta property=\"og:type\" content=\"article\" \/>\n<meta property=\"og:title\" content=\"Dicembre 2025\" \/>\n<meta property=\"og:description\" content=\"La newsletter mensile che raccoglie notizie e appuntamenti dell&#039;Area Testimonianza e Impegno Sociale dell&#039;Arcidiocesi di Trento.\" \/>\n<meta property=\"og:url\" content=\"https:\/\/www.diocesitn.it\/area-testimonianza\/2025\/12\/11\/dicembre-2025\/\" \/>\n<meta property=\"og:site_name\" content=\"Testimonianza e Impegno sociale\" \/>\n<meta property=\"article:published_time\" content=\"2025-12-11T08:13:31+00:00\" \/>\n<meta property=\"article:modified_time\" content=\"2025-12-12T08:48:38+00:00\" \/>\n<meta property=\"og:image\" content=\"https:\/\/www.diocesitn.it\/area-testimonianza\/wp-content\/uploads\/sites\/37\/2024\/10\/banner-NL-dic-25-scaled.jpg\" \/>\n\t<meta property=\"og:image:width\" content=\"2560\" \/>\n\t<meta property=\"og:image:height\" content=\"1280\" \/>\n\t<meta property=\"og:image:type\" content=\"image\/jpeg\" \/>\n<meta name=\"author\" content=\"smaule\" \/>\n<meta name=\"twitter:card\" content=\"summary_large_image\" \/>\n<meta name=\"twitter:label1\" content=\"Scritto da\" \/>\n\t<meta name=\"twitter:data1\" content=\"smaule\" \/>\n\t<meta name=\"twitter:label2\" content=\"Tempo di lettura stimato\" \/>\n\t<meta name=\"twitter:data2\" content=\"3 minuti\" \/>\n<script type=\"application\/ld+json\" class=\"yoast-schema-graph\">{\"@context\":\"https:\/\/schema.org\",\"@graph\":[{\"@type\":\"Article\",\"@id\":\"https:\/\/www.diocesitn.it\/area-testimonianza\/2025\/12\/11\/dicembre-2025\/#article\",\"isPartOf\":{\"@id\":\"https:\/\/www.diocesitn.it\/area-testimonianza\/2025\/12\/11\/dicembre-2025\/\"},\"author\":{\"name\":\"smaule\",\"@id\":\"https:\/\/www.diocesitn.it\/area-testimonianza\/#\/schema\/person\/bac489aafb7f98c1ca25f76c27174a95\"},\"headline\":\"Dicembre 2025\",\"datePublished\":\"2025-12-11T08:13:31+00:00\",\"dateModified\":\"2025-12-12T08:48:38+00:00\",\"mainEntityOfPage\":{\"@id\":\"https:\/\/www.diocesitn.it\/area-testimonianza\/2025\/12\/11\/dicembre-2025\/\"},\"wordCount\":196,\"publisher\":{\"@id\":\"https:\/\/www.diocesitn.it\/area-testimonianza\/#organization\"},\"image\":{\"@id\":\"https:\/\/www.diocesitn.it\/area-testimonianza\/2025\/12\/11\/dicembre-2025\/#primaryimage\"},\"thumbnailUrl\":\"https:\/\/www.diocesitn.it\/area-testimonianza\/wp-content\/uploads\/sites\/37\/2024\/10\/banner-NL-dic-25-scaled.jpg\",\"keywords\":[\"intro NL\"],\"articleSection\":[\"NL\"],\"inLanguage\":\"it-IT\",\"copyrightYear\":\"2025\",\"copyrightHolder\":{\"@id\":\"https:\/\/www.diocesitn.it\/#organization\"}},{\"@type\":\"WebPage\",\"@id\":\"https:\/\/www.diocesitn.it\/area-testimonianza\/2025\/12\/11\/dicembre-2025\/\",\"url\":\"https:\/\/www.diocesitn.it\/area-testimonianza\/2025\/12\/11\/dicembre-2025\/\",\"name\":\"Dicembre 2025\",\"isPartOf\":{\"@id\":\"https:\/\/www.diocesitn.it\/area-testimonianza\/#website\"},\"primaryImageOfPage\":{\"@id\":\"https:\/\/www.diocesitn.it\/area-testimonianza\/2025\/12\/11\/dicembre-2025\/#primaryimage\"},\"image\":{\"@id\":\"https:\/\/www.diocesitn.it\/area-testimonianza\/2025\/12\/11\/dicembre-2025\/#primaryimage\"},\"thumbnailUrl\":\"https:\/\/www.diocesitn.it\/area-testimonianza\/wp-content\/uploads\/sites\/37\/2024\/10\/banner-NL-dic-25-scaled.jpg\",\"datePublished\":\"2025-12-11T08:13:31+00:00\",\"dateModified\":\"2025-12-12T08:48:38+00:00\",\"description\":\"La newsletter mensile che raccoglie notizie e appuntamenti dell'Area Testimonianza e Impegno Sociale dell'Arcidiocesi di Trento.\",\"breadcrumb\":{\"@id\":\"https:\/\/www.diocesitn.it\/area-testimonianza\/2025\/12\/11\/dicembre-2025\/#breadcrumb\"},\"inLanguage\":\"it-IT\",\"potentialAction\":[{\"@type\":\"ReadAction\",\"target\":[\"https:\/\/www.diocesitn.it\/area-testimonianza\/2025\/12\/11\/dicembre-2025\/\"]}]},{\"@type\":\"ImageObject\",\"inLanguage\":\"it-IT\",\"@id\":\"https:\/\/www.diocesitn.it\/area-testimonianza\/2025\/12\/11\/dicembre-2025\/#primaryimage\",\"url\":\"https:\/\/www.diocesitn.it\/area-testimonianza\/wp-content\/uploads\/sites\/37\/2024\/10\/banner-NL-dic-25-scaled.jpg\",\"contentUrl\":\"https:\/\/www.diocesitn.it\/area-testimonianza\/wp-content\/uploads\/sites\/37\/2024\/10\/banner-NL-dic-25-scaled.jpg\",\"width\":2560,\"height\":1280},{\"@type\":\"BreadcrumbList\",\"@id\":\"https:\/\/www.diocesitn.it\/area-testimonianza\/2025\/12\/11\/dicembre-2025\/#breadcrumb\",\"itemListElement\":[{\"@type\":\"ListItem\",\"position\":1,\"name\":\"Home\",\"item\":\"https:\/\/www.diocesitn.it\/area-testimonianza\/\"},{\"@type\":\"ListItem\",\"position\":2,\"name\":\"Dicembre 2025\"}]},{\"@type\":\"WebSite\",\"@id\":\"https:\/\/www.diocesitn.it\/area-testimonianza\/#website\",\"url\":\"https:\/\/www.diocesitn.it\/area-testimonianza\/\",\"name\":\"Testimonianza e Impegno sociale\",\"description\":\"Chiesa di Trento\",\"publisher\":{\"@id\":\"https:\/\/www.diocesitn.it\/area-testimonianza\/#organization\"},\"potentialAction\":[{\"@type\":\"SearchAction\",\"target\":{\"@type\":\"EntryPoint\",\"urlTemplate\":\"https:\/\/www.diocesitn.it\/area-testimonianza\/?s={search_term_string}\"},\"query-input\":\"required name=search_term_string\"}],\"inLanguage\":\"it-IT\"},{\"@type\":[\"Organization\",\"Place\"],\"@id\":\"https:\/\/www.diocesitn.it\/area-testimonianza\/#organization\",\"name\":\"Area Testimonianza e Impegno Sociale - Chiesa di Trento\",\"url\":\"https:\/\/www.diocesitn.it\/area-testimonianza\/\",\"logo\":{\"@id\":\"https:\/\/www.diocesitn.it\/area-testimonianza\/2025\/12\/11\/dicembre-2025\/#local-main-organization-logo\"},\"image\":{\"@id\":\"https:\/\/www.diocesitn.it\/area-testimonianza\/2025\/12\/11\/dicembre-2025\/#local-main-organization-logo\"},\"openingHoursSpecification\":[{\"@type\":\"OpeningHoursSpecification\",\"dayOfWeek\":[\"Monday\",\"Tuesday\",\"Wednesday\",\"Thursday\",\"Friday\",\"Saturday\",\"Sunday\"],\"opens\":\"09:00\",\"closes\":\"17:00\"}]},{\"@type\":\"ImageObject\",\"inLanguage\":\"it-IT\",\"@id\":\"https:\/\/www.diocesitn.it\/area-testimonianza\/2025\/12\/11\/dicembre-2025\/#local-main-organization-logo\",\"url\":\"https:\/\/www.diocesitn.it\/area-testimonianza\/wp-content\/uploads\/sites\/37\/2021\/09\/og-logo-testimonianza-e-impegno-sociale.jpg\",\"contentUrl\":\"https:\/\/www.diocesitn.it\/area-testimonianza\/wp-content\/uploads\/sites\/37\/2021\/09\/og-logo-testimonianza-e-impegno-sociale.jpg\",\"width\":1200,\"height\":630,\"caption\":\"Area Testimonianza e Impegno Sociale - Chiesa di Trento\"}]}<\/script>\n<!-- \/ Yoast SEO Premium plugin. -->","yoast_head_json":{"title":"Dicembre 2025","description":"La newsletter mensile che raccoglie notizie e appuntamenti dell'Area Testimonianza e Impegno Sociale dell'Arcidiocesi di Trento.","robots":{"index":"index","follow":"follow","max-snippet":"max-snippet:-1","max-image-preview":"max-image-preview:large","max-video-preview":"max-video-preview:-1"},"canonical":"https:\/\/www.diocesitn.it\/area-testimonianza\/2025\/12\/11\/dicembre-2025\/","og_locale":"it_IT","og_type":"article","og_title":"Dicembre 2025","og_description":"La newsletter mensile che raccoglie notizie e appuntamenti dell'Area Testimonianza e Impegno Sociale dell'Arcidiocesi di Trento.","og_url":"https:\/\/www.diocesitn.it\/area-testimonianza\/2025\/12\/11\/dicembre-2025\/","og_site_name":"Testimonianza e Impegno sociale","article_published_time":"2025-12-11T08:13:31+00:00","article_modified_time":"2025-12-12T08:48:38+00:00","og_image":[{"width":2560,"height":1280,"url":"https:\/\/www.diocesitn.it\/area-testimonianza\/wp-content\/uploads\/sites\/37\/2024\/10\/banner-NL-dic-25-scaled.jpg","type":"image\/jpeg"}],"author":"smaule","twitter_card":"summary_large_image","twitter_misc":{"Scritto da":"smaule","Tempo di lettura stimato":"3 minuti"},"schema":{"@context":"https:\/\/schema.org","@graph":[{"@type":"Article","@id":"https:\/\/www.diocesitn.it\/area-testimonianza\/2025\/12\/11\/dicembre-2025\/#article","isPartOf":{"@id":"https:\/\/www.diocesitn.it\/area-testimonianza\/2025\/12\/11\/dicembre-2025\/"},"author":{"name":"smaule","@id":"https:\/\/www.diocesitn.it\/area-testimonianza\/#\/schema\/person\/bac489aafb7f98c1ca25f76c27174a95"},"headline":"Dicembre 2025","datePublished":"2025-12-11T08:13:31+00:00","dateModified":"2025-12-12T08:48:38+00:00","mainEntityOfPage":{"@id":"https:\/\/www.diocesitn.it\/area-testimonianza\/2025\/12\/11\/dicembre-2025\/"},"wordCount":196,"publisher":{"@id":"https:\/\/www.diocesitn.it\/area-testimonianza\/#organization"},"image":{"@id":"https:\/\/www.diocesitn.it\/area-testimonianza\/2025\/12\/11\/dicembre-2025\/#primaryimage"},"thumbnailUrl":"https:\/\/www.diocesitn.it\/area-testimonianza\/wp-content\/uploads\/sites\/37\/2024\/10\/banner-NL-dic-25-scaled.jpg","keywords":["intro NL"],"articleSection":["NL"],"inLanguage":"it-IT","copyrightYear":"2025","copyrightHolder":{"@id":"https:\/\/www.diocesitn.it\/#organization"}},{"@type":"WebPage","@id":"https:\/\/www.diocesitn.it\/area-testimonianza\/2025\/12\/11\/dicembre-2025\/","url":"https:\/\/www.diocesitn.it\/area-testimonianza\/2025\/12\/11\/dicembre-2025\/","name":"Dicembre 2025","isPartOf":{"@id":"https:\/\/www.diocesitn.it\/area-testimonianza\/#website"},"primaryImageOfPage":{"@id":"https:\/\/www.diocesitn.it\/area-testimonianza\/2025\/12\/11\/dicembre-2025\/#primaryimage"},"image":{"@id":"https:\/\/www.diocesitn.it\/area-testimonianza\/2025\/12\/11\/dicembre-2025\/#primaryimage"},"thumbnailUrl":"https:\/\/www.diocesitn.it\/area-testimonianza\/wp-content\/uploads\/sites\/37\/2024\/10\/banner-NL-dic-25-scaled.jpg","datePublished":"2025-12-11T08:13:31+00:00","dateModified":"2025-12-12T08:48:38+00:00","description":"La newsletter mensile che raccoglie notizie e appuntamenti dell'Area Testimonianza e Impegno Sociale dell'Arcidiocesi di Trento.","breadcrumb":{"@id":"https:\/\/www.diocesitn.it\/area-testimonianza\/2025\/12\/11\/dicembre-2025\/#breadcrumb"},"inLanguage":"it-IT","potentialAction":[{"@type":"ReadAction","target":["https:\/\/www.diocesitn.it\/area-testimonianza\/2025\/12\/11\/dicembre-2025\/"]}]},{"@type":"ImageObject","inLanguage":"it-IT","@id":"https:\/\/www.diocesitn.it\/area-testimonianza\/2025\/12\/11\/dicembre-2025\/#primaryimage","url":"https:\/\/www.diocesitn.it\/area-testimonianza\/wp-content\/uploads\/sites\/37\/2024\/10\/banner-NL-dic-25-scaled.jpg","contentUrl":"https:\/\/www.diocesitn.it\/area-testimonianza\/wp-content\/uploads\/sites\/37\/2024\/10\/banner-NL-dic-25-scaled.jpg","width":2560,"height":1280},{"@type":"BreadcrumbList","@id":"https:\/\/www.diocesitn.it\/area-testimonianza\/2025\/12\/11\/dicembre-2025\/#breadcrumb","itemListElement":[{"@type":"ListItem","position":1,"name":"Home","item":"https:\/\/www.diocesitn.it\/area-testimonianza\/"},{"@type":"ListItem","position":2,"name":"Dicembre 2025"}]},{"@type":"WebSite","@id":"https:\/\/www.diocesitn.it\/area-testimonianza\/#website","url":"https:\/\/www.diocesitn.it\/area-testimonianza\/","name":"Testimonianza e Impegno sociale","description":"Chiesa di Trento","publisher":{"@id":"https:\/\/www.diocesitn.it\/area-testimonianza\/#organization"},"potentialAction":[{"@type":"SearchAction","target":{"@type":"EntryPoint","urlTemplate":"https:\/\/www.diocesitn.it\/area-testimonianza\/?s={search_term_string}"},"query-input":"required name=search_term_string"}],"inLanguage":"it-IT"},{"@type":["Organization","Place"],"@id":"https:\/\/www.diocesitn.it\/area-testimonianza\/#organization","name":"Area Testimonianza e Impegno Sociale - Chiesa di Trento","url":"https:\/\/www.diocesitn.it\/area-testimonianza\/","logo":{"@id":"https:\/\/www.diocesitn.it\/area-testimonianza\/2025\/12\/11\/dicembre-2025\/#local-main-organization-logo"},"image":{"@id":"https:\/\/www.diocesitn.it\/area-testimonianza\/2025\/12\/11\/dicembre-2025\/#local-main-organization-logo"},"openingHoursSpecification":[{"@type":"OpeningHoursSpecification","dayOfWeek":["Monday","Tuesday","Wednesday","Thursday","Friday","Saturday","Sunday"],"opens":"09:00","closes":"17:00"}]},{"@type":"ImageObject","inLanguage":"it-IT","@id":"https:\/\/www.diocesitn.it\/area-testimonianza\/2025\/12\/11\/dicembre-2025\/#local-main-organization-logo","url":"https:\/\/www.diocesitn.it\/area-testimonianza\/wp-content\/uploads\/sites\/37\/2021\/09\/og-logo-testimonianza-e-impegno-sociale.jpg","contentUrl":"https:\/\/www.diocesitn.it\/area-testimonianza\/wp-content\/uploads\/sites\/37\/2021\/09\/og-logo-testimonianza-e-impegno-sociale.jpg","width":1200,"height":630,"caption":"Area Testimonianza e Impegno Sociale - Chiesa di Trento"}]}},"_links":{"self":[{"href":"https:\/\/www.diocesitn.it\/area-testimonianza\/wp-json\/wp\/v2\/posts\/18853","targetHints":{"allow":["GET"]}}],"collection":[{"href":"https:\/\/www.diocesitn.it\/area-testimonianza\/wp-json\/wp\/v2\/posts"}],"about":[{"href":"https:\/\/www.diocesitn.it\/area-testimonianza\/wp-json\/wp\/v2\/types\/post"}],"author":[{"embeddable":true,"href":"https:\/\/www.diocesitn.it\/area-testimonianza\/wp-json\/wp\/v2\/users\/161"}],"replies":[{"embeddable":true,"href":"https:\/\/www.diocesitn.it\/area-testimonianza\/wp-json\/wp\/v2\/comments?post=18853"}],"version-history":[{"count":3,"href":"https:\/\/www.diocesitn.it\/area-testimonianza\/wp-json\/wp\/v2\/posts\/18853\/revisions"}],"predecessor-version":[{"id":18897,"href":"https:\/\/www.diocesitn.it\/area-testimonianza\/wp-json\/wp\/v2\/posts\/18853\/revisions\/18897"}],"wp:featuredmedia":[{"embeddable":true,"href":"https:\/\/www.diocesitn.it\/area-testimonianza\/wp-json\/wp\/v2\/media\/16244"}],"wp:attachment":[{"href":"https:\/\/www.diocesitn.it\/area-testimonianza\/wp-json\/wp\/v2\/media?parent=18853"}],"wp:term":[{"taxonomy":"category","embeddable":true,"href":"https:\/\/www.diocesitn.it\/area-testimonianza\/wp-json\/wp\/v2\/categories?post=18853"},{"taxonomy":"post_tag","embeddable":true,"href":"https:\/\/www.diocesitn.it\/area-testimonianza\/wp-json\/wp\/v2\/tags?post=18853"}],"curies":[{"name":"wp","href":"https:\/\/api.w.org\/{rel}","templated":true}]}}