{"id":18554,"date":"2025-10-21T12:19:45","date_gmt":"2025-10-21T10:19:45","guid":{"rendered":"https:\/\/www.diocesitn.it\/area-testimonianza\/?p=18554"},"modified":"2025-10-30T11:07:01","modified_gmt":"2025-10-30T10:07:01","slug":"il-percorso-di-missio-adulti-e-famiglie-con-incontri-nazionali-on-line-e-un-weekend-a-roma","status":"publish","type":"post","link":"https:\/\/www.diocesitn.it\/area-testimonianza\/2025\/10\/21\/il-percorso-di-missio-adulti-e-famiglie-con-incontri-nazionali-on-line-e-un-weekend-a-roma\/","title":{"rendered":"Il percorso di Missio Adulti e Famiglie con incontri nazionali on line e un weekend a Roma"},"content":{"rendered":"<p>Stimolata dalla richiesta di giovani adulti e famiglie missionarie che, negli ultimi anni, hanno camminato insieme nel settore giovanile, la Fondazione Missio propone un nuovo <strong>percorso<\/strong> di condivisione, ascolto e formazione, per adulti e comunit\u00e0.<br \/>\nUn\u2019opportunit\u00e0 per ritrovarsi in semplicit\u00e0, confrontarsi e lasciarsi ispirare da storie e realt\u00e0 che invitano ad abbracciare la missione con rinnovato entusiasmo.<\/p>\n<p>Si propongono 3<strong>\u00a0webinar\u00a0<\/strong>\u00a0di informazione e scambio su tematiche sociali, due\u00a0<strong><em>lectio divina<\/em><\/strong>\u00a0in Avvento e Quaresima e un\u00a0<strong>weekend in presenza<\/strong>\u00a0di formazione e spiritualit\u00e0 missionaria.<\/p>\n<hr \/>\n<p><strong>Per informazioni e iscrizioni<\/strong>:\u00a0<em>Missio Adulti e Famiglie, <\/em><span style=\"font-size: inherit\">Francesca Cannella, tel. 06.66502626, mail <a href=\"mailto:famiglie@missioitalia.it\">famiglie@missioitalia.it<\/a>.<\/span><\/p>\n<hr \/>\n<h1 style=\"color: #444444\">Programma 2025\/2026<\/h1>\n<h2>MISSIONARI DI SPERANZA TRA LE GENTI<\/h2>\n<p>Per il prossimo anno pastorale 2025\/2026, il percorso di Missio Adulti e Famiglie si ispirer\u00e0 al Messaggio di Papa Francesco per la Giornata Missionaria Mondiale 2025, intitolato \u201cMissionari di speranza tra le genti\u201d. In quel testo il Santo Padre ricordava che \u00absiamo chiamati a essere segni e messaggeri di speranza per tutti, in ogni luogo e circostanza che Dio ci dona di vivere\u00bb.<\/p>\n<p><a href=\"https:\/\/www.diocesitn.it\/area-testimonianza\/wp-content\/uploads\/sites\/37\/2025\/10\/Calendario-incontri-2025-2026.pdf\">Calendario-incontri-2025-2026<\/a><\/p>\n<hr \/>\n<h3>Evento di lancio del cammino<\/h3>\n<p><strong>06\/10\/2025<\/strong><\/p>\n<p>Video di presentazione<\/p>\n<p>Presentazione di don Giuseppe Pizzoli e don Valerio Bersano. Invito esteso a direttori CMD e FOCSIV.<\/p>\n<p><iframe loading=\"lazy\" title=\"Missio Adulti e Famiglie 2025\/2026 - Evento di lancio del cammino\" width=\"800\" height=\"450\" src=\"https:\/\/www.youtube.com\/embed\/GdPyJQD9MkM?feature=oembed\" frameborder=\"0\" allow=\"accelerometer; autoplay; clipboard-write; encrypted-media; gyroscope; picture-in-picture; web-share\" referrerpolicy=\"strict-origin-when-cross-origin\" allowfullscreen><\/iframe><\/p>\n<hr \/>\n<h3>Webinar<\/h3>\n<p>\u00c8 possibile seguire l\u2019intero percorso o partecipare a singoli webinar, ciascuno dei quali offre uno sguardo unico ma complementare agli altri.<\/p>\n<h4>1\u00b0 Webinar \u201cCostruttori di speranza\u201d<\/h4>\n<p><strong>03\/11\/2025 \u2013 <span style=\"font-size: inherit\">ore 20.30<\/span><\/strong><\/p>\n<p>Tema: <span style=\"text-decoration: underline\">Geopolitica e corsa agli armamenti<\/span>.<\/p>\n<p>Relatore: Prof. Stefano Verz\u00e9, esperto di geopolitica.<\/p>\n<p>Testimonianza: padre Eliseo Tacchella, missionario comboniano, gi\u00e0 Provinciale del Kivu (R.D.C.).<\/p>\n<h4>2\u00b0 Webinar \u201cColtivatori di speranza\u201d<\/h4>\n<p><strong>12\/01\/2026 \u2013 ore 20.30<\/strong><\/p>\n<p>Tema: <span style=\"text-decoration: underline\">Cambiamento climatico, effetti e impatto sui pi\u00f9 poveri, focus agricoltura<\/span>.<\/p>\n<p>Relatori:<br \/>\n\u2022 Prof. Marco Marchetti, professore ordinario di Gestione e conservazione forestale presso l\u2019Universit\u00e0 del Molise e l\u2019Universit\u00e0 La Sapienza di Roma.<br \/>\n\u2022 Andrea Stocchiero, Policy Officer di FOCSIV e ricercatore del Centro Studi di Politica Internazionale.<\/p>\n<p>Testimonianza: don Giacomo Basso, fidei donum della diocesi di Venezia in Kenya.<\/p>\n<h4>3\u00b0 Webinar \u201cTessitori di speranza\u201d<\/h4>\n<p><strong>13\/04\/2026\u00a0\u2013 ore 20.30<\/strong><\/p>\n<p>Tema: <span style=\"text-decoration: underline\">Dialogo interreligioso per la pace<\/span>.<\/p>\n<p>Relatore: Padre Claudio Monge, domenicano, docente di intercultura delle religioni.<\/p>\n<p>Testimonianza: don Lucio Brentegani, fidei donumdella diocesi di Verona in Guinea Bissau, attualmente direttore del CMD Verona.<\/p>\n<hr \/>\n<h3>Lectio divina<\/h3>\n<p>A cura di Don Candido Dionisio, biblista e responsabile del Settore Apostolato Biblico della CEI.<\/p>\n<h4>Avvento<\/h4>\n<p><strong>15\/12\/2025 \u2013 ore 20.30<\/strong> Lectio Divina di Avvento<\/p>\n<h4>Quaresima<\/h4>\n<p><strong>02\/03\/2026 \u2013 ore 20.30<\/strong> Lectio Divina di Quaresima<\/p>\n<hr \/>\n<h3>Weekend di formazione e spiritualit\u00e0<\/h3>\n<p><strong>dal 4 al 6\/09\/2026<\/strong><\/p>\n<p>Incontro di condivisione missionaria per Adulti e Famiglie a Roma.<\/p>\n<p>Tre giorni di cammino insieme con:<\/p>\n<ul>\n<li>momenti di condivisione,<\/li>\n<li>riflessioni bibliche,<\/li>\n<li>testimonianze missionarie,<\/li>\n<li>visite artistico-culturali.<\/li>\n<\/ul>\n<hr \/>\n<p><strong>Per informazioni e iscrizioni<\/strong>:\u00a0<em>Missio Adulti e Famiglie, <\/em><span style=\"font-size: inherit\">Francesca Cannella, tel. 06.66502626, mail <a href=\"mailto:famiglie@missioitalia.it\">famiglie@missioitalia.it<\/a>.<\/span><\/p>\n","protected":false},"excerpt":{"rendered":"<p>Stimolata dalla richiesta di giovani adulti e famiglie missionarie che, negli ultimi anni, hanno camminato insieme nel settore giovanile, la Fondazione Missio propone un nuovo percorso di condivisione, ascolto e formazione, per adulti e comunit\u00e0.<\/p>\n","protected":false},"author":161,"featured_media":18555,"comment_status":"closed","ping_status":"closed","sticky":false,"template":"","format":"standard","meta":{"footnotes":""},"categories":[1074,1151],"tags":[],"class_list":["post-18554","post","type-post","status-publish","format-standard","has-post-thumbnail","hentry","category-notizie","category-servizio-missionario"],"acf":{"seed-localization-paese-cod":"IT","seed-localization-address":"","seed-localization-citta":"Trento","seed-localization-regione-cod-istat":"04","seed-localization-citta-cod-istat":"022205","seed-localization-localita":"","seed-localization-cap":"","seed-localization-marker-visibility":false,"seed-localization-children-visibility":false,"seed-localization-kml":"","seed-localization-custom-marker":""},"yoast_head":"<!-- This site is optimized with the Yoast SEO Premium plugin v20.2.1 (Yoast SEO v22.2) - https:\/\/yoast.com\/wordpress\/plugins\/seo\/ -->\n<title>Il percorso di Missio Adulti e Famiglie con incontri nazionali on line e un weekend a Roma - Testimonianza e Impegno sociale<\/title>\n<meta name=\"robots\" content=\"index, follow, max-snippet:-1, max-image-preview:large, max-video-preview:-1\" \/>\n<link rel=\"canonical\" href=\"https:\/\/www.diocesitn.it\/area-testimonianza\/2025\/10\/21\/il-percorso-di-missio-adulti-e-famiglie-con-incontri-nazionali-on-line-e-un-weekend-a-roma\/\" \/>\n<meta property=\"og:locale\" content=\"it_IT\" \/>\n<meta property=\"og:type\" content=\"article\" \/>\n<meta property=\"og:title\" content=\"Il percorso di Missio Adulti e Famiglie con incontri nazionali on line e un weekend a Roma\" \/>\n<meta property=\"og:description\" content=\"Stimolata dalla richiesta di giovani adulti e famiglie missionarie che, negli ultimi anni, hanno camminato insieme nel settore giovanile, la Fondazione Missio propone un nuovo percorso di condivisione, ascolto e formazione, per adulti e comunit\u00e0.\" \/>\n<meta property=\"og:url\" content=\"https:\/\/www.diocesitn.it\/area-testimonianza\/2025\/10\/21\/il-percorso-di-missio-adulti-e-famiglie-con-incontri-nazionali-on-line-e-un-weekend-a-roma\/\" \/>\n<meta property=\"og:site_name\" content=\"Testimonianza e Impegno sociale\" \/>\n<meta property=\"article:published_time\" content=\"2025-10-21T10:19:45+00:00\" \/>\n<meta property=\"article:modified_time\" content=\"2025-10-30T10:07:01+00:00\" \/>\n<meta property=\"og:image\" content=\"https:\/\/www.diocesitn.it\/area-testimonianza\/wp-content\/uploads\/sites\/37\/2025\/10\/AeF.jpg\" \/>\n\t<meta property=\"og:image:width\" content=\"2048\" \/>\n\t<meta property=\"og:image:height\" content=\"1536\" \/>\n\t<meta property=\"og:image:type\" content=\"image\/jpeg\" \/>\n<meta name=\"author\" content=\"smaule\" \/>\n<meta name=\"twitter:card\" content=\"summary_large_image\" \/>\n<meta name=\"twitter:label1\" content=\"Scritto da\" \/>\n\t<meta name=\"twitter:data1\" content=\"smaule\" \/>\n\t<meta name=\"twitter:label2\" content=\"Tempo di lettura stimato\" \/>\n\t<meta name=\"twitter:data2\" content=\"3 minuti\" \/>\n<script type=\"application\/ld+json\" class=\"yoast-schema-graph\">{\"@context\":\"https:\/\/schema.org\",\"@graph\":[{\"@type\":\"Article\",\"@id\":\"https:\/\/www.diocesitn.it\/area-testimonianza\/2025\/10\/21\/il-percorso-di-missio-adulti-e-famiglie-con-incontri-nazionali-on-line-e-un-weekend-a-roma\/#article\",\"isPartOf\":{\"@id\":\"https:\/\/www.diocesitn.it\/area-testimonianza\/2025\/10\/21\/il-percorso-di-missio-adulti-e-famiglie-con-incontri-nazionali-on-line-e-un-weekend-a-roma\/\"},\"author\":{\"name\":\"smaule\",\"@id\":\"https:\/\/www.diocesitn.it\/area-testimonianza\/#\/schema\/person\/bac489aafb7f98c1ca25f76c27174a95\"},\"headline\":\"Il percorso di Missio Adulti e Famiglie con incontri nazionali on line e un weekend a Roma\",\"datePublished\":\"2025-10-21T10:19:45+00:00\",\"dateModified\":\"2025-10-30T10:07:01+00:00\",\"mainEntityOfPage\":{\"@id\":\"https:\/\/www.diocesitn.it\/area-testimonianza\/2025\/10\/21\/il-percorso-di-missio-adulti-e-famiglie-con-incontri-nazionali-on-line-e-un-weekend-a-roma\/\"},\"wordCount\":451,\"publisher\":{\"@id\":\"https:\/\/www.diocesitn.it\/area-testimonianza\/#organization\"},\"image\":{\"@id\":\"https:\/\/www.diocesitn.it\/area-testimonianza\/2025\/10\/21\/il-percorso-di-missio-adulti-e-famiglie-con-incontri-nazionali-on-line-e-un-weekend-a-roma\/#primaryimage\"},\"thumbnailUrl\":\"https:\/\/www.diocesitn.it\/area-testimonianza\/wp-content\/uploads\/sites\/37\/2025\/10\/AeF.jpg\",\"articleSection\":[\"Notizie\",\"Pastorale Missionaria\"],\"inLanguage\":\"it-IT\",\"copyrightYear\":\"2025\",\"copyrightHolder\":{\"@id\":\"https:\/\/www.diocesitn.it\/#organization\"}},{\"@type\":\"WebPage\",\"@id\":\"https:\/\/www.diocesitn.it\/area-testimonianza\/2025\/10\/21\/il-percorso-di-missio-adulti-e-famiglie-con-incontri-nazionali-on-line-e-un-weekend-a-roma\/\",\"url\":\"https:\/\/www.diocesitn.it\/area-testimonianza\/2025\/10\/21\/il-percorso-di-missio-adulti-e-famiglie-con-incontri-nazionali-on-line-e-un-weekend-a-roma\/\",\"name\":\"Il percorso di Missio Adulti e Famiglie con incontri nazionali on line e un weekend a Roma - Testimonianza e Impegno sociale\",\"isPartOf\":{\"@id\":\"https:\/\/www.diocesitn.it\/area-testimonianza\/#website\"},\"primaryImageOfPage\":{\"@id\":\"https:\/\/www.diocesitn.it\/area-testimonianza\/2025\/10\/21\/il-percorso-di-missio-adulti-e-famiglie-con-incontri-nazionali-on-line-e-un-weekend-a-roma\/#primaryimage\"},\"image\":{\"@id\":\"https:\/\/www.diocesitn.it\/area-testimonianza\/2025\/10\/21\/il-percorso-di-missio-adulti-e-famiglie-con-incontri-nazionali-on-line-e-un-weekend-a-roma\/#primaryimage\"},\"thumbnailUrl\":\"https:\/\/www.diocesitn.it\/area-testimonianza\/wp-content\/uploads\/sites\/37\/2025\/10\/AeF.jpg\",\"datePublished\":\"2025-10-21T10:19:45+00:00\",\"dateModified\":\"2025-10-30T10:07:01+00:00\",\"breadcrumb\":{\"@id\":\"https:\/\/www.diocesitn.it\/area-testimonianza\/2025\/10\/21\/il-percorso-di-missio-adulti-e-famiglie-con-incontri-nazionali-on-line-e-un-weekend-a-roma\/#breadcrumb\"},\"inLanguage\":\"it-IT\",\"potentialAction\":[{\"@type\":\"ReadAction\",\"target\":[\"https:\/\/www.diocesitn.it\/area-testimonianza\/2025\/10\/21\/il-percorso-di-missio-adulti-e-famiglie-con-incontri-nazionali-on-line-e-un-weekend-a-roma\/\"]}]},{\"@type\":\"ImageObject\",\"inLanguage\":\"it-IT\",\"@id\":\"https:\/\/www.diocesitn.it\/area-testimonianza\/2025\/10\/21\/il-percorso-di-missio-adulti-e-famiglie-con-incontri-nazionali-on-line-e-un-weekend-a-roma\/#primaryimage\",\"url\":\"https:\/\/www.diocesitn.it\/area-testimonianza\/wp-content\/uploads\/sites\/37\/2025\/10\/AeF.jpg\",\"contentUrl\":\"https:\/\/www.diocesitn.it\/area-testimonianza\/wp-content\/uploads\/sites\/37\/2025\/10\/AeF.jpg\",\"width\":2048,\"height\":1536},{\"@type\":\"BreadcrumbList\",\"@id\":\"https:\/\/www.diocesitn.it\/area-testimonianza\/2025\/10\/21\/il-percorso-di-missio-adulti-e-famiglie-con-incontri-nazionali-on-line-e-un-weekend-a-roma\/#breadcrumb\",\"itemListElement\":[{\"@type\":\"ListItem\",\"position\":1,\"name\":\"Home\",\"item\":\"https:\/\/www.diocesitn.it\/area-testimonianza\/\"},{\"@type\":\"ListItem\",\"position\":2,\"name\":\"Il percorso di Missio Adulti e Famiglie con incontri nazionali on line e un weekend a Roma\"}]},{\"@type\":\"WebSite\",\"@id\":\"https:\/\/www.diocesitn.it\/area-testimonianza\/#website\",\"url\":\"https:\/\/www.diocesitn.it\/area-testimonianza\/\",\"name\":\"Testimonianza e Impegno sociale\",\"description\":\"Chiesa di Trento\",\"publisher\":{\"@id\":\"https:\/\/www.diocesitn.it\/area-testimonianza\/#organization\"},\"potentialAction\":[{\"@type\":\"SearchAction\",\"target\":{\"@type\":\"EntryPoint\",\"urlTemplate\":\"https:\/\/www.diocesitn.it\/area-testimonianza\/?s={search_term_string}\"},\"query-input\":\"required name=search_term_string\"}],\"inLanguage\":\"it-IT\"},{\"@type\":[\"Organization\",\"Place\"],\"@id\":\"https:\/\/www.diocesitn.it\/area-testimonianza\/#organization\",\"name\":\"Area Testimonianza e Impegno Sociale - Chiesa di Trento\",\"url\":\"https:\/\/www.diocesitn.it\/area-testimonianza\/\",\"logo\":{\"@id\":\"https:\/\/www.diocesitn.it\/area-testimonianza\/2025\/10\/21\/il-percorso-di-missio-adulti-e-famiglie-con-incontri-nazionali-on-line-e-un-weekend-a-roma\/#local-main-organization-logo\"},\"image\":{\"@id\":\"https:\/\/www.diocesitn.it\/area-testimonianza\/2025\/10\/21\/il-percorso-di-missio-adulti-e-famiglie-con-incontri-nazionali-on-line-e-un-weekend-a-roma\/#local-main-organization-logo\"},\"openingHoursSpecification\":[{\"@type\":\"OpeningHoursSpecification\",\"dayOfWeek\":[\"Monday\",\"Tuesday\",\"Wednesday\",\"Thursday\",\"Friday\",\"Saturday\",\"Sunday\"],\"opens\":\"09:00\",\"closes\":\"17:00\"}]},{\"@type\":\"ImageObject\",\"inLanguage\":\"it-IT\",\"@id\":\"https:\/\/www.diocesitn.it\/area-testimonianza\/2025\/10\/21\/il-percorso-di-missio-adulti-e-famiglie-con-incontri-nazionali-on-line-e-un-weekend-a-roma\/#local-main-organization-logo\",\"url\":\"https:\/\/www.diocesitn.it\/area-testimonianza\/wp-content\/uploads\/sites\/37\/2021\/09\/og-logo-testimonianza-e-impegno-sociale.jpg\",\"contentUrl\":\"https:\/\/www.diocesitn.it\/area-testimonianza\/wp-content\/uploads\/sites\/37\/2021\/09\/og-logo-testimonianza-e-impegno-sociale.jpg\",\"width\":1200,\"height\":630,\"caption\":\"Area Testimonianza e Impegno Sociale - Chiesa di Trento\"}]}<\/script>\n<!-- \/ Yoast SEO Premium plugin. -->","yoast_head_json":{"title":"Il percorso di Missio Adulti e Famiglie con incontri nazionali on line e un weekend a Roma - Testimonianza e Impegno sociale","robots":{"index":"index","follow":"follow","max-snippet":"max-snippet:-1","max-image-preview":"max-image-preview:large","max-video-preview":"max-video-preview:-1"},"canonical":"https:\/\/www.diocesitn.it\/area-testimonianza\/2025\/10\/21\/il-percorso-di-missio-adulti-e-famiglie-con-incontri-nazionali-on-line-e-un-weekend-a-roma\/","og_locale":"it_IT","og_type":"article","og_title":"Il percorso di Missio Adulti e Famiglie con incontri nazionali on line e un weekend a Roma","og_description":"Stimolata dalla richiesta di giovani adulti e famiglie missionarie che, negli ultimi anni, hanno camminato insieme nel settore giovanile, la Fondazione Missio propone un nuovo percorso di condivisione, ascolto e formazione, per adulti e comunit\u00e0.","og_url":"https:\/\/www.diocesitn.it\/area-testimonianza\/2025\/10\/21\/il-percorso-di-missio-adulti-e-famiglie-con-incontri-nazionali-on-line-e-un-weekend-a-roma\/","og_site_name":"Testimonianza e Impegno sociale","article_published_time":"2025-10-21T10:19:45+00:00","article_modified_time":"2025-10-30T10:07:01+00:00","og_image":[{"width":2048,"height":1536,"url":"https:\/\/www.diocesitn.it\/area-testimonianza\/wp-content\/uploads\/sites\/37\/2025\/10\/AeF.jpg","type":"image\/jpeg"}],"author":"smaule","twitter_card":"summary_large_image","twitter_misc":{"Scritto da":"smaule","Tempo di lettura stimato":"3 minuti"},"schema":{"@context":"https:\/\/schema.org","@graph":[{"@type":"Article","@id":"https:\/\/www.diocesitn.it\/area-testimonianza\/2025\/10\/21\/il-percorso-di-missio-adulti-e-famiglie-con-incontri-nazionali-on-line-e-un-weekend-a-roma\/#article","isPartOf":{"@id":"https:\/\/www.diocesitn.it\/area-testimonianza\/2025\/10\/21\/il-percorso-di-missio-adulti-e-famiglie-con-incontri-nazionali-on-line-e-un-weekend-a-roma\/"},"author":{"name":"smaule","@id":"https:\/\/www.diocesitn.it\/area-testimonianza\/#\/schema\/person\/bac489aafb7f98c1ca25f76c27174a95"},"headline":"Il percorso di Missio Adulti e Famiglie con incontri nazionali on line e un weekend a Roma","datePublished":"2025-10-21T10:19:45+00:00","dateModified":"2025-10-30T10:07:01+00:00","mainEntityOfPage":{"@id":"https:\/\/www.diocesitn.it\/area-testimonianza\/2025\/10\/21\/il-percorso-di-missio-adulti-e-famiglie-con-incontri-nazionali-on-line-e-un-weekend-a-roma\/"},"wordCount":451,"publisher":{"@id":"https:\/\/www.diocesitn.it\/area-testimonianza\/#organization"},"image":{"@id":"https:\/\/www.diocesitn.it\/area-testimonianza\/2025\/10\/21\/il-percorso-di-missio-adulti-e-famiglie-con-incontri-nazionali-on-line-e-un-weekend-a-roma\/#primaryimage"},"thumbnailUrl":"https:\/\/www.diocesitn.it\/area-testimonianza\/wp-content\/uploads\/sites\/37\/2025\/10\/AeF.jpg","articleSection":["Notizie","Pastorale Missionaria"],"inLanguage":"it-IT","copyrightYear":"2025","copyrightHolder":{"@id":"https:\/\/www.diocesitn.it\/#organization"}},{"@type":"WebPage","@id":"https:\/\/www.diocesitn.it\/area-testimonianza\/2025\/10\/21\/il-percorso-di-missio-adulti-e-famiglie-con-incontri-nazionali-on-line-e-un-weekend-a-roma\/","url":"https:\/\/www.diocesitn.it\/area-testimonianza\/2025\/10\/21\/il-percorso-di-missio-adulti-e-famiglie-con-incontri-nazionali-on-line-e-un-weekend-a-roma\/","name":"Il percorso di Missio Adulti e Famiglie con incontri nazionali on line e un weekend a Roma - Testimonianza e Impegno sociale","isPartOf":{"@id":"https:\/\/www.diocesitn.it\/area-testimonianza\/#website"},"primaryImageOfPage":{"@id":"https:\/\/www.diocesitn.it\/area-testimonianza\/2025\/10\/21\/il-percorso-di-missio-adulti-e-famiglie-con-incontri-nazionali-on-line-e-un-weekend-a-roma\/#primaryimage"},"image":{"@id":"https:\/\/www.diocesitn.it\/area-testimonianza\/2025\/10\/21\/il-percorso-di-missio-adulti-e-famiglie-con-incontri-nazionali-on-line-e-un-weekend-a-roma\/#primaryimage"},"thumbnailUrl":"https:\/\/www.diocesitn.it\/area-testimonianza\/wp-content\/uploads\/sites\/37\/2025\/10\/AeF.jpg","datePublished":"2025-10-21T10:19:45+00:00","dateModified":"2025-10-30T10:07:01+00:00","breadcrumb":{"@id":"https:\/\/www.diocesitn.it\/area-testimonianza\/2025\/10\/21\/il-percorso-di-missio-adulti-e-famiglie-con-incontri-nazionali-on-line-e-un-weekend-a-roma\/#breadcrumb"},"inLanguage":"it-IT","potentialAction":[{"@type":"ReadAction","target":["https:\/\/www.diocesitn.it\/area-testimonianza\/2025\/10\/21\/il-percorso-di-missio-adulti-e-famiglie-con-incontri-nazionali-on-line-e-un-weekend-a-roma\/"]}]},{"@type":"ImageObject","inLanguage":"it-IT","@id":"https:\/\/www.diocesitn.it\/area-testimonianza\/2025\/10\/21\/il-percorso-di-missio-adulti-e-famiglie-con-incontri-nazionali-on-line-e-un-weekend-a-roma\/#primaryimage","url":"https:\/\/www.diocesitn.it\/area-testimonianza\/wp-content\/uploads\/sites\/37\/2025\/10\/AeF.jpg","contentUrl":"https:\/\/www.diocesitn.it\/area-testimonianza\/wp-content\/uploads\/sites\/37\/2025\/10\/AeF.jpg","width":2048,"height":1536},{"@type":"BreadcrumbList","@id":"https:\/\/www.diocesitn.it\/area-testimonianza\/2025\/10\/21\/il-percorso-di-missio-adulti-e-famiglie-con-incontri-nazionali-on-line-e-un-weekend-a-roma\/#breadcrumb","itemListElement":[{"@type":"ListItem","position":1,"name":"Home","item":"https:\/\/www.diocesitn.it\/area-testimonianza\/"},{"@type":"ListItem","position":2,"name":"Il percorso di Missio Adulti e Famiglie con incontri nazionali on line e un weekend a Roma"}]},{"@type":"WebSite","@id":"https:\/\/www.diocesitn.it\/area-testimonianza\/#website","url":"https:\/\/www.diocesitn.it\/area-testimonianza\/","name":"Testimonianza e Impegno sociale","description":"Chiesa di Trento","publisher":{"@id":"https:\/\/www.diocesitn.it\/area-testimonianza\/#organization"},"potentialAction":[{"@type":"SearchAction","target":{"@type":"EntryPoint","urlTemplate":"https:\/\/www.diocesitn.it\/area-testimonianza\/?s={search_term_string}"},"query-input":"required name=search_term_string"}],"inLanguage":"it-IT"},{"@type":["Organization","Place"],"@id":"https:\/\/www.diocesitn.it\/area-testimonianza\/#organization","name":"Area Testimonianza e Impegno Sociale - Chiesa di Trento","url":"https:\/\/www.diocesitn.it\/area-testimonianza\/","logo":{"@id":"https:\/\/www.diocesitn.it\/area-testimonianza\/2025\/10\/21\/il-percorso-di-missio-adulti-e-famiglie-con-incontri-nazionali-on-line-e-un-weekend-a-roma\/#local-main-organization-logo"},"image":{"@id":"https:\/\/www.diocesitn.it\/area-testimonianza\/2025\/10\/21\/il-percorso-di-missio-adulti-e-famiglie-con-incontri-nazionali-on-line-e-un-weekend-a-roma\/#local-main-organization-logo"},"openingHoursSpecification":[{"@type":"OpeningHoursSpecification","dayOfWeek":["Monday","Tuesday","Wednesday","Thursday","Friday","Saturday","Sunday"],"opens":"09:00","closes":"17:00"}]},{"@type":"ImageObject","inLanguage":"it-IT","@id":"https:\/\/www.diocesitn.it\/area-testimonianza\/2025\/10\/21\/il-percorso-di-missio-adulti-e-famiglie-con-incontri-nazionali-on-line-e-un-weekend-a-roma\/#local-main-organization-logo","url":"https:\/\/www.diocesitn.it\/area-testimonianza\/wp-content\/uploads\/sites\/37\/2021\/09\/og-logo-testimonianza-e-impegno-sociale.jpg","contentUrl":"https:\/\/www.diocesitn.it\/area-testimonianza\/wp-content\/uploads\/sites\/37\/2021\/09\/og-logo-testimonianza-e-impegno-sociale.jpg","width":1200,"height":630,"caption":"Area Testimonianza e Impegno Sociale - Chiesa di Trento"}]}},"_links":{"self":[{"href":"https:\/\/www.diocesitn.it\/area-testimonianza\/wp-json\/wp\/v2\/posts\/18554","targetHints":{"allow":["GET"]}}],"collection":[{"href":"https:\/\/www.diocesitn.it\/area-testimonianza\/wp-json\/wp\/v2\/posts"}],"about":[{"href":"https:\/\/www.diocesitn.it\/area-testimonianza\/wp-json\/wp\/v2\/types\/post"}],"author":[{"embeddable":true,"href":"https:\/\/www.diocesitn.it\/area-testimonianza\/wp-json\/wp\/v2\/users\/161"}],"replies":[{"embeddable":true,"href":"https:\/\/www.diocesitn.it\/area-testimonianza\/wp-json\/wp\/v2\/comments?post=18554"}],"version-history":[{"count":3,"href":"https:\/\/www.diocesitn.it\/area-testimonianza\/wp-json\/wp\/v2\/posts\/18554\/revisions"}],"predecessor-version":[{"id":18571,"href":"https:\/\/www.diocesitn.it\/area-testimonianza\/wp-json\/wp\/v2\/posts\/18554\/revisions\/18571"}],"wp:featuredmedia":[{"embeddable":true,"href":"https:\/\/www.diocesitn.it\/area-testimonianza\/wp-json\/wp\/v2\/media\/18555"}],"wp:attachment":[{"href":"https:\/\/www.diocesitn.it\/area-testimonianza\/wp-json\/wp\/v2\/media?parent=18554"}],"wp:term":[{"taxonomy":"category","embeddable":true,"href":"https:\/\/www.diocesitn.it\/area-testimonianza\/wp-json\/wp\/v2\/categories?post=18554"},{"taxonomy":"post_tag","embeddable":true,"href":"https:\/\/www.diocesitn.it\/area-testimonianza\/wp-json\/wp\/v2\/tags?post=18554"}],"curies":[{"name":"wp","href":"https:\/\/api.w.org\/{rel}","templated":true}]}}