{"id":18220,"date":"2025-08-21T11:48:05","date_gmt":"2025-08-21T09:48:05","guid":{"rendered":"https:\/\/www.diocesitn.it\/area-testimonianza\/2025\/08\/21\/ancora-nessuna-notizia-di-padre-flavio-paoli-il-missionario-di-nanno-scomparso-martedi-26-agosto-s-messa-con-larcivescovo-lauro-in-segno-di-preghiera-e-solidarieta\/"},"modified":"2025-09-01T09:09:30","modified_gmt":"2025-09-01T07:09:30","slug":"ancora-nessuna-notizia-di-padre-flavio-paoli-il-missionario-di-nanno-scomparso-martedi-26-agosto-s-messa-con-larcivescovo-lauro-in-segno-di-preghiera-e-solidarieta","status":"publish","type":"post","link":"https:\/\/www.diocesitn.it\/area-testimonianza\/2025\/08\/21\/ancora-nessuna-notizia-di-padre-flavio-paoli-il-missionario-di-nanno-scomparso-martedi-26-agosto-s-messa-con-larcivescovo-lauro-in-segno-di-preghiera-e-solidarieta\/","title":{"rendered":"Ancora nessuna notizia di padre Flavio Paoli, il missionario di Nanno scomparso. Marted\u00ec 26 agosto S. Messa con l\u2019arcivescovo Lauro, in segno di preghiera e solidariet\u00e0"},"content":{"rendered":"<p>Ancora nessuna novit\u00e0 su <strong>padre Flavio Paoli<\/strong>, missionario di 68 anni di <strong>Nanno<\/strong>, in Val di Non, di cui non si hanno pi\u00f9 notizie dalla sera dell\u2019<strong>11 agosto scorso<\/strong>. Continuano a pregare per lui la comunit\u00e0 locale, insieme alle terre di missione in cui ha operato, ai religiosi pavoniani a cui egli appartiene e all\u2019intera Diocesi di Trento.<\/p>\n<h4>Una Messa marted\u00ec 26 agosto<\/h4>\n<p>In segno di vicinanza alla famiglia e alla comunit\u00e0, <strong>marted\u00ec 26 agosto alle ore 20<\/strong> <strong>nella chiesa parrocchiale di Nanno sar\u00e0 celebrata una Santa Messa<\/strong>. Alla liturgia eucaristica parteciperanno l\u2019<strong>arcivescovo di Trento<\/strong>, <strong>monsignor Lauro Tisi<\/strong>, e <strong>don Francesco Vigan\u00f2<\/strong>, nipote di padre Flavio e attualmente parroco a Rovereto.<\/p>\n<p>L\u2019iniziativa vuole essere un <strong>momento di preghiera e solidariet\u00e0<\/strong>, in queste ore di angoscia e incertezza sulla sorte del missionario, attivo da molti anni in <strong>Africa<\/strong>, prima in <strong>Eritrea<\/strong> e <strong>Burkina Faso<\/strong>, recentemente in <strong>Nigeria<\/strong>.<\/p>\n<h4>Le circostanze della scomparsa<\/h4>\n<p>Padre Flavio era uscito di casa subito dopo pranzo, annunciando l\u2019intenzione di fare una passeggiata nei boschi sotto il paese. Non \u00e8 mai rientrato, nonostante un appuntamento fissato per il tardo pomeriggio.<\/p>\n<p>Verso le 20:30 aveva risposto al telefono ai familiari, senza per\u00f2 fornire informazioni utili a localizzarlo. Successivamente, il cellulare \u00e8 rimasto muto, motivando l\u2019allarme dei parenti.<\/p>\n<h4>Le operazioni di ricerca<\/h4>\n<p>Le ricerche, inizialmente condotte da oltre mille operatori tra professionisti e volontari, sono durate una settimana, purtroppo senza esito. Attualmente l\u2019impegno continua con i vigili del fuoco volontari della zona, che monitorano costantemente il territorio. Su terreni pi\u00f9 impervi operano ancora squadre specializzate del Soccorso Alpino. Non si esclude, inoltre, l&#8217;ipotesi di scandagliare in modo mirato bacini e corsi d\u2019acqua, nella speranza di rintracciare indizi sul luogo in cui potrebbe trovarsi padre Flavio.<\/p>\n<p><em>(Nella foto padre Flavio Paoli poche settimane fa al Centro Missionario di Trento).<\/em><\/p>\n","protected":false},"excerpt":{"rendered":"<p>Ancora nessuna novit\u00e0 su padre Flavio Paoli, missionario di 68 anni di Nanno, in Val di Non, di cui non si hanno pi\u00f9 notizie dalla sera dell\u201911 agosto scorso. Continuano a pregare per lui la<\/p>\n","protected":false},"author":3,"featured_media":18221,"comment_status":"closed","ping_status":"closed","sticky":false,"template":"","format":"standard","meta":{"footnotes":""},"categories":[1074,1151],"tags":[2530],"class_list":["post-18220","post","type-post","status-publish","format-standard","has-post-thumbnail","hentry","category-notizie","category-servizio-missionario","tag-p-flavio-paoli"],"acf":{"seed-localization-paese-cod":"IT","seed-localization-address":"","seed-localization-citta":"Trento","seed-localization-regione-cod-istat":"04","seed-localization-citta-cod-istat":"022205","seed-localization-localita":"","seed-localization-cap":"","seed-localization-marker-visibility":false,"seed-localization-children-visibility":false,"seed-localization-kml":"","seed-localization-custom-marker":""},"yoast_head":"<!-- This site is optimized with the Yoast SEO Premium plugin v20.2.1 (Yoast SEO v22.2) - https:\/\/yoast.com\/wordpress\/plugins\/seo\/ -->\n<title>Ancora nessuna notizia di padre Flavio Paoli, il missionario di Nanno scomparso. Marted\u00ec 26 agosto S. Messa con l\u2019arcivescovo Lauro, in segno di preghiera e solidariet\u00e0 - Testimonianza e Impegno sociale<\/title>\n<meta name=\"robots\" content=\"index, follow, max-snippet:-1, max-image-preview:large, max-video-preview:-1\" \/>\n<link rel=\"canonical\" href=\"https:\/\/www.diocesitn.it\/area-testimonianza\/2025\/08\/21\/ancora-nessuna-notizia-di-padre-flavio-paoli-il-missionario-di-nanno-scomparso-martedi-26-agosto-s-messa-con-larcivescovo-lauro-in-segno-di-preghiera-e-solidarieta\/\" \/>\n<meta property=\"og:locale\" content=\"it_IT\" \/>\n<meta property=\"og:type\" content=\"article\" \/>\n<meta property=\"og:title\" content=\"Ancora nessuna notizia di padre Flavio Paoli, il missionario di Nanno scomparso. Marted\u00ec 26 agosto S. Messa con l\u2019arcivescovo Lauro, in segno di preghiera e solidariet\u00e0\" \/>\n<meta property=\"og:description\" content=\"Ancora nessuna novit\u00e0 su padre Flavio Paoli, missionario di 68 anni di Nanno, in Val di Non, di cui non si hanno pi\u00f9 notizie dalla sera dell\u201911 agosto scorso. Continuano a pregare per lui la\" \/>\n<meta property=\"og:url\" content=\"https:\/\/www.diocesitn.it\/area-testimonianza\/2025\/08\/21\/ancora-nessuna-notizia-di-padre-flavio-paoli-il-missionario-di-nanno-scomparso-martedi-26-agosto-s-messa-con-larcivescovo-lauro-in-segno-di-preghiera-e-solidarieta\/\" \/>\n<meta property=\"og:site_name\" content=\"Testimonianza e Impegno sociale\" \/>\n<meta property=\"article:published_time\" content=\"2025-08-21T09:48:05+00:00\" \/>\n<meta property=\"article:modified_time\" content=\"2025-09-01T07:09:30+00:00\" \/>\n<meta property=\"og:image\" content=\"https:\/\/www.diocesitn.it\/area-testimonianza\/wp-content\/uploads\/sites\/37\/2025\/08\/padre-Flavio-Paoli_recente3_pp.jpg\" \/>\n\t<meta property=\"og:image:width\" content=\"501\" \/>\n\t<meta property=\"og:image:height\" content=\"300\" \/>\n\t<meta property=\"og:image:type\" content=\"image\/jpeg\" \/>\n<meta name=\"author\" content=\"Piergiorgio Franceschini\" \/>\n<meta name=\"twitter:card\" content=\"summary_large_image\" \/>\n<meta name=\"twitter:label1\" content=\"Scritto da\" \/>\n\t<meta name=\"twitter:data1\" content=\"Piergiorgio Franceschini\" \/>\n\t<meta name=\"twitter:label2\" content=\"Tempo di lettura stimato\" \/>\n\t<meta name=\"twitter:data2\" content=\"2 minuti\" \/>\n<script type=\"application\/ld+json\" class=\"yoast-schema-graph\">{\"@context\":\"https:\/\/schema.org\",\"@graph\":[{\"@type\":\"Article\",\"@id\":\"https:\/\/www.diocesitn.it\/area-testimonianza\/2025\/08\/21\/ancora-nessuna-notizia-di-padre-flavio-paoli-il-missionario-di-nanno-scomparso-martedi-26-agosto-s-messa-con-larcivescovo-lauro-in-segno-di-preghiera-e-solidarieta\/#article\",\"isPartOf\":{\"@id\":\"https:\/\/www.diocesitn.it\/area-testimonianza\/2025\/08\/21\/ancora-nessuna-notizia-di-padre-flavio-paoli-il-missionario-di-nanno-scomparso-martedi-26-agosto-s-messa-con-larcivescovo-lauro-in-segno-di-preghiera-e-solidarieta\/\"},\"author\":{\"name\":\"Piergiorgio Franceschini\",\"@id\":\"https:\/\/www.diocesitn.it\/area-testimonianza\/#\/schema\/person\/99590c84577873a025247b6aeb16ad2e\"},\"headline\":\"Ancora nessuna notizia di padre Flavio Paoli, il missionario di Nanno scomparso. Marted\u00ec 26 agosto S. Messa con l\u2019arcivescovo Lauro, in segno di preghiera e solidariet\u00e0\",\"datePublished\":\"2025-08-21T09:48:05+00:00\",\"dateModified\":\"2025-09-01T07:09:30+00:00\",\"mainEntityOfPage\":{\"@id\":\"https:\/\/www.diocesitn.it\/area-testimonianza\/2025\/08\/21\/ancora-nessuna-notizia-di-padre-flavio-paoli-il-missionario-di-nanno-scomparso-martedi-26-agosto-s-messa-con-larcivescovo-lauro-in-segno-di-preghiera-e-solidarieta\/\"},\"wordCount\":324,\"publisher\":{\"@id\":\"https:\/\/www.diocesitn.it\/area-testimonianza\/#organization\"},\"image\":{\"@id\":\"https:\/\/www.diocesitn.it\/area-testimonianza\/2025\/08\/21\/ancora-nessuna-notizia-di-padre-flavio-paoli-il-missionario-di-nanno-scomparso-martedi-26-agosto-s-messa-con-larcivescovo-lauro-in-segno-di-preghiera-e-solidarieta\/#primaryimage\"},\"thumbnailUrl\":\"https:\/\/www.diocesitn.it\/area-testimonianza\/wp-content\/uploads\/sites\/37\/2025\/08\/padre-Flavio-Paoli_recente3_pp.jpg\",\"keywords\":[\"p. Flavio Paoli\"],\"articleSection\":[\"Notizie\",\"Pastorale Missionaria\"],\"inLanguage\":\"it-IT\",\"copyrightYear\":\"2025\",\"copyrightHolder\":{\"@id\":\"https:\/\/www.diocesitn.it\/#organization\"}},{\"@type\":\"WebPage\",\"@id\":\"https:\/\/www.diocesitn.it\/area-testimonianza\/2025\/08\/21\/ancora-nessuna-notizia-di-padre-flavio-paoli-il-missionario-di-nanno-scomparso-martedi-26-agosto-s-messa-con-larcivescovo-lauro-in-segno-di-preghiera-e-solidarieta\/\",\"url\":\"https:\/\/www.diocesitn.it\/area-testimonianza\/2025\/08\/21\/ancora-nessuna-notizia-di-padre-flavio-paoli-il-missionario-di-nanno-scomparso-martedi-26-agosto-s-messa-con-larcivescovo-lauro-in-segno-di-preghiera-e-solidarieta\/\",\"name\":\"Ancora nessuna notizia di padre Flavio Paoli, il missionario di Nanno scomparso. Marted\u00ec 26 agosto S. Messa con l\u2019arcivescovo Lauro, in segno di preghiera e solidariet\u00e0 - Testimonianza e Impegno sociale\",\"isPartOf\":{\"@id\":\"https:\/\/www.diocesitn.it\/area-testimonianza\/#website\"},\"primaryImageOfPage\":{\"@id\":\"https:\/\/www.diocesitn.it\/area-testimonianza\/2025\/08\/21\/ancora-nessuna-notizia-di-padre-flavio-paoli-il-missionario-di-nanno-scomparso-martedi-26-agosto-s-messa-con-larcivescovo-lauro-in-segno-di-preghiera-e-solidarieta\/#primaryimage\"},\"image\":{\"@id\":\"https:\/\/www.diocesitn.it\/area-testimonianza\/2025\/08\/21\/ancora-nessuna-notizia-di-padre-flavio-paoli-il-missionario-di-nanno-scomparso-martedi-26-agosto-s-messa-con-larcivescovo-lauro-in-segno-di-preghiera-e-solidarieta\/#primaryimage\"},\"thumbnailUrl\":\"https:\/\/www.diocesitn.it\/area-testimonianza\/wp-content\/uploads\/sites\/37\/2025\/08\/padre-Flavio-Paoli_recente3_pp.jpg\",\"datePublished\":\"2025-08-21T09:48:05+00:00\",\"dateModified\":\"2025-09-01T07:09:30+00:00\",\"breadcrumb\":{\"@id\":\"https:\/\/www.diocesitn.it\/area-testimonianza\/2025\/08\/21\/ancora-nessuna-notizia-di-padre-flavio-paoli-il-missionario-di-nanno-scomparso-martedi-26-agosto-s-messa-con-larcivescovo-lauro-in-segno-di-preghiera-e-solidarieta\/#breadcrumb\"},\"inLanguage\":\"it-IT\",\"potentialAction\":[{\"@type\":\"ReadAction\",\"target\":[\"https:\/\/www.diocesitn.it\/area-testimonianza\/2025\/08\/21\/ancora-nessuna-notizia-di-padre-flavio-paoli-il-missionario-di-nanno-scomparso-martedi-26-agosto-s-messa-con-larcivescovo-lauro-in-segno-di-preghiera-e-solidarieta\/\"]}]},{\"@type\":\"ImageObject\",\"inLanguage\":\"it-IT\",\"@id\":\"https:\/\/www.diocesitn.it\/area-testimonianza\/2025\/08\/21\/ancora-nessuna-notizia-di-padre-flavio-paoli-il-missionario-di-nanno-scomparso-martedi-26-agosto-s-messa-con-larcivescovo-lauro-in-segno-di-preghiera-e-solidarieta\/#primaryimage\",\"url\":\"https:\/\/www.diocesitn.it\/area-testimonianza\/wp-content\/uploads\/sites\/37\/2025\/08\/padre-Flavio-Paoli_recente3_pp.jpg\",\"contentUrl\":\"https:\/\/www.diocesitn.it\/area-testimonianza\/wp-content\/uploads\/sites\/37\/2025\/08\/padre-Flavio-Paoli_recente3_pp.jpg\",\"width\":501,\"height\":300},{\"@type\":\"BreadcrumbList\",\"@id\":\"https:\/\/www.diocesitn.it\/area-testimonianza\/2025\/08\/21\/ancora-nessuna-notizia-di-padre-flavio-paoli-il-missionario-di-nanno-scomparso-martedi-26-agosto-s-messa-con-larcivescovo-lauro-in-segno-di-preghiera-e-solidarieta\/#breadcrumb\",\"itemListElement\":[{\"@type\":\"ListItem\",\"position\":1,\"name\":\"Home\",\"item\":\"https:\/\/www.diocesitn.it\/area-testimonianza\/\"},{\"@type\":\"ListItem\",\"position\":2,\"name\":\"Ancora nessuna notizia di padre Flavio Paoli, il missionario di Nanno scomparso. Marted\u00ec 26 agosto S. Messa con l\u2019arcivescovo Lauro, in segno di preghiera e solidariet\u00e0\"}]},{\"@type\":\"WebSite\",\"@id\":\"https:\/\/www.diocesitn.it\/area-testimonianza\/#website\",\"url\":\"https:\/\/www.diocesitn.it\/area-testimonianza\/\",\"name\":\"Testimonianza e Impegno sociale\",\"description\":\"Chiesa di Trento\",\"publisher\":{\"@id\":\"https:\/\/www.diocesitn.it\/area-testimonianza\/#organization\"},\"potentialAction\":[{\"@type\":\"SearchAction\",\"target\":{\"@type\":\"EntryPoint\",\"urlTemplate\":\"https:\/\/www.diocesitn.it\/area-testimonianza\/?s={search_term_string}\"},\"query-input\":\"required name=search_term_string\"}],\"inLanguage\":\"it-IT\"},{\"@type\":[\"Organization\",\"Place\"],\"@id\":\"https:\/\/www.diocesitn.it\/area-testimonianza\/#organization\",\"name\":\"Area Testimonianza e Impegno Sociale - Chiesa di Trento\",\"url\":\"https:\/\/www.diocesitn.it\/area-testimonianza\/\",\"logo\":{\"@id\":\"https:\/\/www.diocesitn.it\/area-testimonianza\/2025\/08\/21\/ancora-nessuna-notizia-di-padre-flavio-paoli-il-missionario-di-nanno-scomparso-martedi-26-agosto-s-messa-con-larcivescovo-lauro-in-segno-di-preghiera-e-solidarieta\/#local-main-organization-logo\"},\"image\":{\"@id\":\"https:\/\/www.diocesitn.it\/area-testimonianza\/2025\/08\/21\/ancora-nessuna-notizia-di-padre-flavio-paoli-il-missionario-di-nanno-scomparso-martedi-26-agosto-s-messa-con-larcivescovo-lauro-in-segno-di-preghiera-e-solidarieta\/#local-main-organization-logo\"},\"openingHoursSpecification\":[{\"@type\":\"OpeningHoursSpecification\",\"dayOfWeek\":[\"Monday\",\"Tuesday\",\"Wednesday\",\"Thursday\",\"Friday\",\"Saturday\",\"Sunday\"],\"opens\":\"09:00\",\"closes\":\"17:00\"}]},{\"@type\":\"ImageObject\",\"inLanguage\":\"it-IT\",\"@id\":\"https:\/\/www.diocesitn.it\/area-testimonianza\/2025\/08\/21\/ancora-nessuna-notizia-di-padre-flavio-paoli-il-missionario-di-nanno-scomparso-martedi-26-agosto-s-messa-con-larcivescovo-lauro-in-segno-di-preghiera-e-solidarieta\/#local-main-organization-logo\",\"url\":\"https:\/\/www.diocesitn.it\/area-testimonianza\/wp-content\/uploads\/sites\/37\/2021\/09\/og-logo-testimonianza-e-impegno-sociale.jpg\",\"contentUrl\":\"https:\/\/www.diocesitn.it\/area-testimonianza\/wp-content\/uploads\/sites\/37\/2021\/09\/og-logo-testimonianza-e-impegno-sociale.jpg\",\"width\":1200,\"height\":630,\"caption\":\"Area Testimonianza e Impegno Sociale - Chiesa di Trento\"}]}<\/script>\n<!-- \/ Yoast SEO Premium plugin. -->","yoast_head_json":{"title":"Ancora nessuna notizia di padre Flavio Paoli, il missionario di Nanno scomparso. Marted\u00ec 26 agosto S. Messa con l\u2019arcivescovo Lauro, in segno di preghiera e solidariet\u00e0 - Testimonianza e Impegno sociale","robots":{"index":"index","follow":"follow","max-snippet":"max-snippet:-1","max-image-preview":"max-image-preview:large","max-video-preview":"max-video-preview:-1"},"canonical":"https:\/\/www.diocesitn.it\/area-testimonianza\/2025\/08\/21\/ancora-nessuna-notizia-di-padre-flavio-paoli-il-missionario-di-nanno-scomparso-martedi-26-agosto-s-messa-con-larcivescovo-lauro-in-segno-di-preghiera-e-solidarieta\/","og_locale":"it_IT","og_type":"article","og_title":"Ancora nessuna notizia di padre Flavio Paoli, il missionario di Nanno scomparso. Marted\u00ec 26 agosto S. Messa con l\u2019arcivescovo Lauro, in segno di preghiera e solidariet\u00e0","og_description":"Ancora nessuna novit\u00e0 su padre Flavio Paoli, missionario di 68 anni di Nanno, in Val di Non, di cui non si hanno pi\u00f9 notizie dalla sera dell\u201911 agosto scorso. Continuano a pregare per lui la","og_url":"https:\/\/www.diocesitn.it\/area-testimonianza\/2025\/08\/21\/ancora-nessuna-notizia-di-padre-flavio-paoli-il-missionario-di-nanno-scomparso-martedi-26-agosto-s-messa-con-larcivescovo-lauro-in-segno-di-preghiera-e-solidarieta\/","og_site_name":"Testimonianza e Impegno sociale","article_published_time":"2025-08-21T09:48:05+00:00","article_modified_time":"2025-09-01T07:09:30+00:00","og_image":[{"width":501,"height":300,"url":"https:\/\/www.diocesitn.it\/area-testimonianza\/wp-content\/uploads\/sites\/37\/2025\/08\/padre-Flavio-Paoli_recente3_pp.jpg","type":"image\/jpeg"}],"author":"Piergiorgio Franceschini","twitter_card":"summary_large_image","twitter_misc":{"Scritto da":"Piergiorgio Franceschini","Tempo di lettura stimato":"2 minuti"},"schema":{"@context":"https:\/\/schema.org","@graph":[{"@type":"Article","@id":"https:\/\/www.diocesitn.it\/area-testimonianza\/2025\/08\/21\/ancora-nessuna-notizia-di-padre-flavio-paoli-il-missionario-di-nanno-scomparso-martedi-26-agosto-s-messa-con-larcivescovo-lauro-in-segno-di-preghiera-e-solidarieta\/#article","isPartOf":{"@id":"https:\/\/www.diocesitn.it\/area-testimonianza\/2025\/08\/21\/ancora-nessuna-notizia-di-padre-flavio-paoli-il-missionario-di-nanno-scomparso-martedi-26-agosto-s-messa-con-larcivescovo-lauro-in-segno-di-preghiera-e-solidarieta\/"},"author":{"name":"Piergiorgio Franceschini","@id":"https:\/\/www.diocesitn.it\/area-testimonianza\/#\/schema\/person\/99590c84577873a025247b6aeb16ad2e"},"headline":"Ancora nessuna notizia di padre Flavio Paoli, il missionario di Nanno scomparso. Marted\u00ec 26 agosto S. Messa con l\u2019arcivescovo Lauro, in segno di preghiera e solidariet\u00e0","datePublished":"2025-08-21T09:48:05+00:00","dateModified":"2025-09-01T07:09:30+00:00","mainEntityOfPage":{"@id":"https:\/\/www.diocesitn.it\/area-testimonianza\/2025\/08\/21\/ancora-nessuna-notizia-di-padre-flavio-paoli-il-missionario-di-nanno-scomparso-martedi-26-agosto-s-messa-con-larcivescovo-lauro-in-segno-di-preghiera-e-solidarieta\/"},"wordCount":324,"publisher":{"@id":"https:\/\/www.diocesitn.it\/area-testimonianza\/#organization"},"image":{"@id":"https:\/\/www.diocesitn.it\/area-testimonianza\/2025\/08\/21\/ancora-nessuna-notizia-di-padre-flavio-paoli-il-missionario-di-nanno-scomparso-martedi-26-agosto-s-messa-con-larcivescovo-lauro-in-segno-di-preghiera-e-solidarieta\/#primaryimage"},"thumbnailUrl":"https:\/\/www.diocesitn.it\/area-testimonianza\/wp-content\/uploads\/sites\/37\/2025\/08\/padre-Flavio-Paoli_recente3_pp.jpg","keywords":["p. Flavio Paoli"],"articleSection":["Notizie","Pastorale Missionaria"],"inLanguage":"it-IT","copyrightYear":"2025","copyrightHolder":{"@id":"https:\/\/www.diocesitn.it\/#organization"}},{"@type":"WebPage","@id":"https:\/\/www.diocesitn.it\/area-testimonianza\/2025\/08\/21\/ancora-nessuna-notizia-di-padre-flavio-paoli-il-missionario-di-nanno-scomparso-martedi-26-agosto-s-messa-con-larcivescovo-lauro-in-segno-di-preghiera-e-solidarieta\/","url":"https:\/\/www.diocesitn.it\/area-testimonianza\/2025\/08\/21\/ancora-nessuna-notizia-di-padre-flavio-paoli-il-missionario-di-nanno-scomparso-martedi-26-agosto-s-messa-con-larcivescovo-lauro-in-segno-di-preghiera-e-solidarieta\/","name":"Ancora nessuna notizia di padre Flavio Paoli, il missionario di Nanno scomparso. Marted\u00ec 26 agosto S. Messa con l\u2019arcivescovo Lauro, in segno di preghiera e solidariet\u00e0 - Testimonianza e Impegno sociale","isPartOf":{"@id":"https:\/\/www.diocesitn.it\/area-testimonianza\/#website"},"primaryImageOfPage":{"@id":"https:\/\/www.diocesitn.it\/area-testimonianza\/2025\/08\/21\/ancora-nessuna-notizia-di-padre-flavio-paoli-il-missionario-di-nanno-scomparso-martedi-26-agosto-s-messa-con-larcivescovo-lauro-in-segno-di-preghiera-e-solidarieta\/#primaryimage"},"image":{"@id":"https:\/\/www.diocesitn.it\/area-testimonianza\/2025\/08\/21\/ancora-nessuna-notizia-di-padre-flavio-paoli-il-missionario-di-nanno-scomparso-martedi-26-agosto-s-messa-con-larcivescovo-lauro-in-segno-di-preghiera-e-solidarieta\/#primaryimage"},"thumbnailUrl":"https:\/\/www.diocesitn.it\/area-testimonianza\/wp-content\/uploads\/sites\/37\/2025\/08\/padre-Flavio-Paoli_recente3_pp.jpg","datePublished":"2025-08-21T09:48:05+00:00","dateModified":"2025-09-01T07:09:30+00:00","breadcrumb":{"@id":"https:\/\/www.diocesitn.it\/area-testimonianza\/2025\/08\/21\/ancora-nessuna-notizia-di-padre-flavio-paoli-il-missionario-di-nanno-scomparso-martedi-26-agosto-s-messa-con-larcivescovo-lauro-in-segno-di-preghiera-e-solidarieta\/#breadcrumb"},"inLanguage":"it-IT","potentialAction":[{"@type":"ReadAction","target":["https:\/\/www.diocesitn.it\/area-testimonianza\/2025\/08\/21\/ancora-nessuna-notizia-di-padre-flavio-paoli-il-missionario-di-nanno-scomparso-martedi-26-agosto-s-messa-con-larcivescovo-lauro-in-segno-di-preghiera-e-solidarieta\/"]}]},{"@type":"ImageObject","inLanguage":"it-IT","@id":"https:\/\/www.diocesitn.it\/area-testimonianza\/2025\/08\/21\/ancora-nessuna-notizia-di-padre-flavio-paoli-il-missionario-di-nanno-scomparso-martedi-26-agosto-s-messa-con-larcivescovo-lauro-in-segno-di-preghiera-e-solidarieta\/#primaryimage","url":"https:\/\/www.diocesitn.it\/area-testimonianza\/wp-content\/uploads\/sites\/37\/2025\/08\/padre-Flavio-Paoli_recente3_pp.jpg","contentUrl":"https:\/\/www.diocesitn.it\/area-testimonianza\/wp-content\/uploads\/sites\/37\/2025\/08\/padre-Flavio-Paoli_recente3_pp.jpg","width":501,"height":300},{"@type":"BreadcrumbList","@id":"https:\/\/www.diocesitn.it\/area-testimonianza\/2025\/08\/21\/ancora-nessuna-notizia-di-padre-flavio-paoli-il-missionario-di-nanno-scomparso-martedi-26-agosto-s-messa-con-larcivescovo-lauro-in-segno-di-preghiera-e-solidarieta\/#breadcrumb","itemListElement":[{"@type":"ListItem","position":1,"name":"Home","item":"https:\/\/www.diocesitn.it\/area-testimonianza\/"},{"@type":"ListItem","position":2,"name":"Ancora nessuna notizia di padre Flavio Paoli, il missionario di Nanno scomparso. Marted\u00ec 26 agosto S. Messa con l\u2019arcivescovo Lauro, in segno di preghiera e solidariet\u00e0"}]},{"@type":"WebSite","@id":"https:\/\/www.diocesitn.it\/area-testimonianza\/#website","url":"https:\/\/www.diocesitn.it\/area-testimonianza\/","name":"Testimonianza e Impegno sociale","description":"Chiesa di Trento","publisher":{"@id":"https:\/\/www.diocesitn.it\/area-testimonianza\/#organization"},"potentialAction":[{"@type":"SearchAction","target":{"@type":"EntryPoint","urlTemplate":"https:\/\/www.diocesitn.it\/area-testimonianza\/?s={search_term_string}"},"query-input":"required name=search_term_string"}],"inLanguage":"it-IT"},{"@type":["Organization","Place"],"@id":"https:\/\/www.diocesitn.it\/area-testimonianza\/#organization","name":"Area Testimonianza e Impegno Sociale - Chiesa di Trento","url":"https:\/\/www.diocesitn.it\/area-testimonianza\/","logo":{"@id":"https:\/\/www.diocesitn.it\/area-testimonianza\/2025\/08\/21\/ancora-nessuna-notizia-di-padre-flavio-paoli-il-missionario-di-nanno-scomparso-martedi-26-agosto-s-messa-con-larcivescovo-lauro-in-segno-di-preghiera-e-solidarieta\/#local-main-organization-logo"},"image":{"@id":"https:\/\/www.diocesitn.it\/area-testimonianza\/2025\/08\/21\/ancora-nessuna-notizia-di-padre-flavio-paoli-il-missionario-di-nanno-scomparso-martedi-26-agosto-s-messa-con-larcivescovo-lauro-in-segno-di-preghiera-e-solidarieta\/#local-main-organization-logo"},"openingHoursSpecification":[{"@type":"OpeningHoursSpecification","dayOfWeek":["Monday","Tuesday","Wednesday","Thursday","Friday","Saturday","Sunday"],"opens":"09:00","closes":"17:00"}]},{"@type":"ImageObject","inLanguage":"it-IT","@id":"https:\/\/www.diocesitn.it\/area-testimonianza\/2025\/08\/21\/ancora-nessuna-notizia-di-padre-flavio-paoli-il-missionario-di-nanno-scomparso-martedi-26-agosto-s-messa-con-larcivescovo-lauro-in-segno-di-preghiera-e-solidarieta\/#local-main-organization-logo","url":"https:\/\/www.diocesitn.it\/area-testimonianza\/wp-content\/uploads\/sites\/37\/2021\/09\/og-logo-testimonianza-e-impegno-sociale.jpg","contentUrl":"https:\/\/www.diocesitn.it\/area-testimonianza\/wp-content\/uploads\/sites\/37\/2021\/09\/og-logo-testimonianza-e-impegno-sociale.jpg","width":1200,"height":630,"caption":"Area Testimonianza e Impegno Sociale - Chiesa di Trento"}]}},"_links":{"self":[{"href":"https:\/\/www.diocesitn.it\/area-testimonianza\/wp-json\/wp\/v2\/posts\/18220","targetHints":{"allow":["GET"]}}],"collection":[{"href":"https:\/\/www.diocesitn.it\/area-testimonianza\/wp-json\/wp\/v2\/posts"}],"about":[{"href":"https:\/\/www.diocesitn.it\/area-testimonianza\/wp-json\/wp\/v2\/types\/post"}],"author":[{"embeddable":true,"href":"https:\/\/www.diocesitn.it\/area-testimonianza\/wp-json\/wp\/v2\/users\/3"}],"replies":[{"embeddable":true,"href":"https:\/\/www.diocesitn.it\/area-testimonianza\/wp-json\/wp\/v2\/comments?post=18220"}],"version-history":[{"count":1,"href":"https:\/\/www.diocesitn.it\/area-testimonianza\/wp-json\/wp\/v2\/posts\/18220\/revisions"}],"predecessor-version":[{"id":18226,"href":"https:\/\/www.diocesitn.it\/area-testimonianza\/wp-json\/wp\/v2\/posts\/18220\/revisions\/18226"}],"wp:featuredmedia":[{"embeddable":true,"href":"https:\/\/www.diocesitn.it\/area-testimonianza\/wp-json\/wp\/v2\/media\/18221"}],"wp:attachment":[{"href":"https:\/\/www.diocesitn.it\/area-testimonianza\/wp-json\/wp\/v2\/media?parent=18220"}],"wp:term":[{"taxonomy":"category","embeddable":true,"href":"https:\/\/www.diocesitn.it\/area-testimonianza\/wp-json\/wp\/v2\/categories?post=18220"},{"taxonomy":"post_tag","embeddable":true,"href":"https:\/\/www.diocesitn.it\/area-testimonianza\/wp-json\/wp\/v2\/tags?post=18220"}],"curies":[{"name":"wp","href":"https:\/\/api.w.org\/{rel}","templated":true}]}}