{"id":18172,"date":"2025-08-13T11:53:42","date_gmt":"2025-08-13T09:53:42","guid":{"rendered":"https:\/\/www.diocesitn.it\/area-testimonianza\/2025\/08\/13\/addio-a-suor-maria-agnese-manzana-una-vita-in-eritrea-era-sorella-del-vescovo-mariano\/"},"modified":"2025-08-28T12:10:18","modified_gmt":"2025-08-28T10:10:18","slug":"addio-a-suor-maria-agnese-manzana-una-vita-in-eritrea-era-sorella-del-vescovo-mariano","status":"publish","type":"post","link":"https:\/\/www.diocesitn.it\/area-testimonianza\/2025\/08\/13\/addio-a-suor-maria-agnese-manzana-una-vita-in-eritrea-era-sorella-del-vescovo-mariano\/","title":{"rendered":"Addio a suor Maria Agnese Manzana, una vita in Eritrea. Era sorella del vescovo Mariano"},"content":{"rendered":"<p>A 87 anni si \u00e8 spenta ad Asmara, in Eritrea, <strong>suor Maria Agnese Manzana<\/strong>, religiosa comboniana nativa di Mori, sorella di monsignor Mariano Manzana (insieme nella foto), vescovo emerito di Mossor\u00f2 in Brasile. Suor Maria Agnese svolgeva il suo servizio missionario in Eritrea da ben 58 anni. Laureata in lettere, si \u00e8 sempre occupata di educazione nella scuola. Non si era pi\u00f9 ripresa da una recente frattura al femore, per la quale aveva deciso di rinunciare al trasferimento in Italia.<\/p>\n<p>Era l&#8217;ultima missionaria trentina rimasta in Eritrea, l&#8217;unica che era riuscita ad ottenere il visto per rimanere, mentre altri missionari erano stati espulsi. Tra loro, anche <strong>padre Flavio Paoli<\/strong>, il missionario pavoniano di Nanno scomparso da due giorni in Val di Non e per il quale, nell&#8217;apprensione generale, si \u00e8 avviata una complessa operazione di ricerca in zona.<\/p>\n<p>I funerali di suor Maria Agnese si sono svolti ad Asmara nella mattinata di marted\u00ec 12 agosto.<\/p>\n<p>La comunit\u00e0 di <strong>Mori<\/strong> la ricorder\u00e0 con una <strong>S. Messa gioved\u00ec 14 agosto alle ore 10<\/strong>. Oltre al fratello vescovo Mariano, sar\u00e0 presente l&#8217;arcivescovo emerito Bressan per esprimere, a nome dell&#8217;arcivescovo Lauro e di tutta la Diocesi, il grazie per la testimonianza di suor Maria Agnese e la vicinanza alla famiglia.<\/p>\n","protected":false},"excerpt":{"rendered":"<p>A 87 anni si \u00e8 spenta ad Asmara, in Eritrea, suor Maria Agnese Manzana, religiosa comboniana nativa di Mori, sorella di monsignor Mariano Manzana (insieme nella foto), vescovo emerito di Mossor\u00f2 in Brasile. Suor Maria<\/p>\n","protected":false},"author":3,"featured_media":18173,"comment_status":"closed","ping_status":"closed","sticky":false,"template":"","format":"standard","meta":{"footnotes":""},"categories":[1074,1151],"tags":[2531],"class_list":["post-18172","post","type-post","status-publish","format-standard","has-post-thumbnail","hentry","category-notizie","category-servizio-missionario","tag-sr-maria-agnese-manzana"],"acf":{"seed-localization-paese-cod":"IT","seed-localization-address":"","seed-localization-citta":"Trento","seed-localization-regione-cod-istat":"04","seed-localization-citta-cod-istat":"022205","seed-localization-localita":"","seed-localization-cap":"","seed-localization-marker-visibility":false,"seed-localization-children-visibility":false,"seed-localization-kml":"","seed-localization-custom-marker":""},"yoast_head":"<!-- This site is optimized with the Yoast SEO Premium plugin v20.2.1 (Yoast SEO v22.2) - https:\/\/yoast.com\/wordpress\/plugins\/seo\/ -->\n<title>Addio a suor Maria Agnese Manzana, una vita in Eritrea. Era sorella del vescovo Mariano - Testimonianza e Impegno sociale<\/title>\n<meta name=\"robots\" content=\"index, follow, max-snippet:-1, max-image-preview:large, max-video-preview:-1\" \/>\n<link rel=\"canonical\" href=\"https:\/\/www.diocesitn.it\/area-testimonianza\/2025\/08\/13\/addio-a-suor-maria-agnese-manzana-una-vita-in-eritrea-era-sorella-del-vescovo-mariano\/\" \/>\n<meta property=\"og:locale\" content=\"it_IT\" \/>\n<meta property=\"og:type\" content=\"article\" \/>\n<meta property=\"og:title\" content=\"Addio a suor Maria Agnese Manzana, una vita in Eritrea. Era sorella del vescovo Mariano\" \/>\n<meta property=\"og:description\" content=\"A 87 anni si \u00e8 spenta ad Asmara, in Eritrea, suor Maria Agnese Manzana, religiosa comboniana nativa di Mori, sorella di monsignor Mariano Manzana (insieme nella foto), vescovo emerito di Mossor\u00f2 in Brasile. Suor Maria\" \/>\n<meta property=\"og:url\" content=\"https:\/\/www.diocesitn.it\/area-testimonianza\/2025\/08\/13\/addio-a-suor-maria-agnese-manzana-una-vita-in-eritrea-era-sorella-del-vescovo-mariano\/\" \/>\n<meta property=\"og:site_name\" content=\"Testimonianza e Impegno sociale\" \/>\n<meta property=\"article:published_time\" content=\"2025-08-13T09:53:42+00:00\" \/>\n<meta property=\"article:modified_time\" content=\"2025-08-28T10:10:18+00:00\" \/>\n<meta property=\"og:image\" content=\"https:\/\/www.diocesitn.it\/area-testimonianza\/wp-content\/uploads\/sites\/37\/2025\/08\/PHOTO-2025-08-12-18-00-16-e1755078315977.jpg\" \/>\n\t<meta property=\"og:image:width\" content=\"900\" \/>\n\t<meta property=\"og:image:height\" content=\"1045\" \/>\n\t<meta property=\"og:image:type\" content=\"image\/jpeg\" \/>\n<meta name=\"author\" content=\"Piergiorgio Franceschini\" \/>\n<meta name=\"twitter:card\" content=\"summary_large_image\" \/>\n<meta name=\"twitter:label1\" content=\"Scritto da\" \/>\n\t<meta name=\"twitter:data1\" content=\"Piergiorgio Franceschini\" \/>\n\t<meta name=\"twitter:label2\" content=\"Tempo di lettura stimato\" \/>\n\t<meta name=\"twitter:data2\" content=\"2 minuti\" \/>\n<script type=\"application\/ld+json\" class=\"yoast-schema-graph\">{\"@context\":\"https:\/\/schema.org\",\"@graph\":[{\"@type\":\"Article\",\"@id\":\"https:\/\/www.diocesitn.it\/area-testimonianza\/2025\/08\/13\/addio-a-suor-maria-agnese-manzana-una-vita-in-eritrea-era-sorella-del-vescovo-mariano\/#article\",\"isPartOf\":{\"@id\":\"https:\/\/www.diocesitn.it\/area-testimonianza\/2025\/08\/13\/addio-a-suor-maria-agnese-manzana-una-vita-in-eritrea-era-sorella-del-vescovo-mariano\/\"},\"author\":{\"name\":\"Piergiorgio Franceschini\",\"@id\":\"https:\/\/www.diocesitn.it\/area-testimonianza\/#\/schema\/person\/99590c84577873a025247b6aeb16ad2e\"},\"headline\":\"Addio a suor Maria Agnese Manzana, una vita in Eritrea. Era sorella del vescovo Mariano\",\"datePublished\":\"2025-08-13T09:53:42+00:00\",\"dateModified\":\"2025-08-28T10:10:18+00:00\",\"mainEntityOfPage\":{\"@id\":\"https:\/\/www.diocesitn.it\/area-testimonianza\/2025\/08\/13\/addio-a-suor-maria-agnese-manzana-una-vita-in-eritrea-era-sorella-del-vescovo-mariano\/\"},\"wordCount\":213,\"publisher\":{\"@id\":\"https:\/\/www.diocesitn.it\/area-testimonianza\/#organization\"},\"image\":{\"@id\":\"https:\/\/www.diocesitn.it\/area-testimonianza\/2025\/08\/13\/addio-a-suor-maria-agnese-manzana-una-vita-in-eritrea-era-sorella-del-vescovo-mariano\/#primaryimage\"},\"thumbnailUrl\":\"https:\/\/www.diocesitn.it\/area-testimonianza\/wp-content\/uploads\/sites\/37\/2025\/08\/PHOTO-2025-08-12-18-00-16-e1755078315977.jpg\",\"keywords\":[\"sr. Maria Agnese Manzana\"],\"articleSection\":[\"Notizie\",\"Pastorale Missionaria\"],\"inLanguage\":\"it-IT\",\"copyrightYear\":\"2025\",\"copyrightHolder\":{\"@id\":\"https:\/\/www.diocesitn.it\/#organization\"}},{\"@type\":\"WebPage\",\"@id\":\"https:\/\/www.diocesitn.it\/area-testimonianza\/2025\/08\/13\/addio-a-suor-maria-agnese-manzana-una-vita-in-eritrea-era-sorella-del-vescovo-mariano\/\",\"url\":\"https:\/\/www.diocesitn.it\/area-testimonianza\/2025\/08\/13\/addio-a-suor-maria-agnese-manzana-una-vita-in-eritrea-era-sorella-del-vescovo-mariano\/\",\"name\":\"Addio a suor Maria Agnese Manzana, una vita in Eritrea. Era sorella del vescovo Mariano - Testimonianza e Impegno sociale\",\"isPartOf\":{\"@id\":\"https:\/\/www.diocesitn.it\/area-testimonianza\/#website\"},\"primaryImageOfPage\":{\"@id\":\"https:\/\/www.diocesitn.it\/area-testimonianza\/2025\/08\/13\/addio-a-suor-maria-agnese-manzana-una-vita-in-eritrea-era-sorella-del-vescovo-mariano\/#primaryimage\"},\"image\":{\"@id\":\"https:\/\/www.diocesitn.it\/area-testimonianza\/2025\/08\/13\/addio-a-suor-maria-agnese-manzana-una-vita-in-eritrea-era-sorella-del-vescovo-mariano\/#primaryimage\"},\"thumbnailUrl\":\"https:\/\/www.diocesitn.it\/area-testimonianza\/wp-content\/uploads\/sites\/37\/2025\/08\/PHOTO-2025-08-12-18-00-16-e1755078315977.jpg\",\"datePublished\":\"2025-08-13T09:53:42+00:00\",\"dateModified\":\"2025-08-28T10:10:18+00:00\",\"breadcrumb\":{\"@id\":\"https:\/\/www.diocesitn.it\/area-testimonianza\/2025\/08\/13\/addio-a-suor-maria-agnese-manzana-una-vita-in-eritrea-era-sorella-del-vescovo-mariano\/#breadcrumb\"},\"inLanguage\":\"it-IT\",\"potentialAction\":[{\"@type\":\"ReadAction\",\"target\":[\"https:\/\/www.diocesitn.it\/area-testimonianza\/2025\/08\/13\/addio-a-suor-maria-agnese-manzana-una-vita-in-eritrea-era-sorella-del-vescovo-mariano\/\"]}]},{\"@type\":\"ImageObject\",\"inLanguage\":\"it-IT\",\"@id\":\"https:\/\/www.diocesitn.it\/area-testimonianza\/2025\/08\/13\/addio-a-suor-maria-agnese-manzana-una-vita-in-eritrea-era-sorella-del-vescovo-mariano\/#primaryimage\",\"url\":\"https:\/\/www.diocesitn.it\/area-testimonianza\/wp-content\/uploads\/sites\/37\/2025\/08\/PHOTO-2025-08-12-18-00-16-e1755078315977.jpg\",\"contentUrl\":\"https:\/\/www.diocesitn.it\/area-testimonianza\/wp-content\/uploads\/sites\/37\/2025\/08\/PHOTO-2025-08-12-18-00-16-e1755078315977.jpg\",\"width\":900,\"height\":1045,\"caption\":\"Addio a suor Maria Agnese Manzana, una vita in Eritrea\"},{\"@type\":\"BreadcrumbList\",\"@id\":\"https:\/\/www.diocesitn.it\/area-testimonianza\/2025\/08\/13\/addio-a-suor-maria-agnese-manzana-una-vita-in-eritrea-era-sorella-del-vescovo-mariano\/#breadcrumb\",\"itemListElement\":[{\"@type\":\"ListItem\",\"position\":1,\"name\":\"Home\",\"item\":\"https:\/\/www.diocesitn.it\/area-testimonianza\/\"},{\"@type\":\"ListItem\",\"position\":2,\"name\":\"Addio a suor Maria Agnese Manzana, una vita in Eritrea. Era sorella del vescovo Mariano\"}]},{\"@type\":\"WebSite\",\"@id\":\"https:\/\/www.diocesitn.it\/area-testimonianza\/#website\",\"url\":\"https:\/\/www.diocesitn.it\/area-testimonianza\/\",\"name\":\"Testimonianza e Impegno sociale\",\"description\":\"Chiesa di Trento\",\"publisher\":{\"@id\":\"https:\/\/www.diocesitn.it\/area-testimonianza\/#organization\"},\"potentialAction\":[{\"@type\":\"SearchAction\",\"target\":{\"@type\":\"EntryPoint\",\"urlTemplate\":\"https:\/\/www.diocesitn.it\/area-testimonianza\/?s={search_term_string}\"},\"query-input\":\"required name=search_term_string\"}],\"inLanguage\":\"it-IT\"},{\"@type\":[\"Organization\",\"Place\"],\"@id\":\"https:\/\/www.diocesitn.it\/area-testimonianza\/#organization\",\"name\":\"Area Testimonianza e Impegno Sociale - Chiesa di Trento\",\"url\":\"https:\/\/www.diocesitn.it\/area-testimonianza\/\",\"logo\":{\"@id\":\"https:\/\/www.diocesitn.it\/area-testimonianza\/2025\/08\/13\/addio-a-suor-maria-agnese-manzana-una-vita-in-eritrea-era-sorella-del-vescovo-mariano\/#local-main-organization-logo\"},\"image\":{\"@id\":\"https:\/\/www.diocesitn.it\/area-testimonianza\/2025\/08\/13\/addio-a-suor-maria-agnese-manzana-una-vita-in-eritrea-era-sorella-del-vescovo-mariano\/#local-main-organization-logo\"},\"openingHoursSpecification\":[{\"@type\":\"OpeningHoursSpecification\",\"dayOfWeek\":[\"Monday\",\"Tuesday\",\"Wednesday\",\"Thursday\",\"Friday\",\"Saturday\",\"Sunday\"],\"opens\":\"09:00\",\"closes\":\"17:00\"}]},{\"@type\":\"ImageObject\",\"inLanguage\":\"it-IT\",\"@id\":\"https:\/\/www.diocesitn.it\/area-testimonianza\/2025\/08\/13\/addio-a-suor-maria-agnese-manzana-una-vita-in-eritrea-era-sorella-del-vescovo-mariano\/#local-main-organization-logo\",\"url\":\"https:\/\/www.diocesitn.it\/area-testimonianza\/wp-content\/uploads\/sites\/37\/2021\/09\/og-logo-testimonianza-e-impegno-sociale.jpg\",\"contentUrl\":\"https:\/\/www.diocesitn.it\/area-testimonianza\/wp-content\/uploads\/sites\/37\/2021\/09\/og-logo-testimonianza-e-impegno-sociale.jpg\",\"width\":1200,\"height\":630,\"caption\":\"Area Testimonianza e Impegno Sociale - Chiesa di Trento\"}]}<\/script>\n<!-- \/ Yoast SEO Premium plugin. -->","yoast_head_json":{"title":"Addio a suor Maria Agnese Manzana, una vita in Eritrea. Era sorella del vescovo Mariano - Testimonianza e Impegno sociale","robots":{"index":"index","follow":"follow","max-snippet":"max-snippet:-1","max-image-preview":"max-image-preview:large","max-video-preview":"max-video-preview:-1"},"canonical":"https:\/\/www.diocesitn.it\/area-testimonianza\/2025\/08\/13\/addio-a-suor-maria-agnese-manzana-una-vita-in-eritrea-era-sorella-del-vescovo-mariano\/","og_locale":"it_IT","og_type":"article","og_title":"Addio a suor Maria Agnese Manzana, una vita in Eritrea. Era sorella del vescovo Mariano","og_description":"A 87 anni si \u00e8 spenta ad Asmara, in Eritrea, suor Maria Agnese Manzana, religiosa comboniana nativa di Mori, sorella di monsignor Mariano Manzana (insieme nella foto), vescovo emerito di Mossor\u00f2 in Brasile. Suor Maria","og_url":"https:\/\/www.diocesitn.it\/area-testimonianza\/2025\/08\/13\/addio-a-suor-maria-agnese-manzana-una-vita-in-eritrea-era-sorella-del-vescovo-mariano\/","og_site_name":"Testimonianza e Impegno sociale","article_published_time":"2025-08-13T09:53:42+00:00","article_modified_time":"2025-08-28T10:10:18+00:00","og_image":[{"width":900,"height":1045,"url":"https:\/\/www.diocesitn.it\/area-testimonianza\/wp-content\/uploads\/sites\/37\/2025\/08\/PHOTO-2025-08-12-18-00-16-e1755078315977.jpg","type":"image\/jpeg"}],"author":"Piergiorgio Franceschini","twitter_card":"summary_large_image","twitter_misc":{"Scritto da":"Piergiorgio Franceschini","Tempo di lettura stimato":"2 minuti"},"schema":{"@context":"https:\/\/schema.org","@graph":[{"@type":"Article","@id":"https:\/\/www.diocesitn.it\/area-testimonianza\/2025\/08\/13\/addio-a-suor-maria-agnese-manzana-una-vita-in-eritrea-era-sorella-del-vescovo-mariano\/#article","isPartOf":{"@id":"https:\/\/www.diocesitn.it\/area-testimonianza\/2025\/08\/13\/addio-a-suor-maria-agnese-manzana-una-vita-in-eritrea-era-sorella-del-vescovo-mariano\/"},"author":{"name":"Piergiorgio Franceschini","@id":"https:\/\/www.diocesitn.it\/area-testimonianza\/#\/schema\/person\/99590c84577873a025247b6aeb16ad2e"},"headline":"Addio a suor Maria Agnese Manzana, una vita in Eritrea. Era sorella del vescovo Mariano","datePublished":"2025-08-13T09:53:42+00:00","dateModified":"2025-08-28T10:10:18+00:00","mainEntityOfPage":{"@id":"https:\/\/www.diocesitn.it\/area-testimonianza\/2025\/08\/13\/addio-a-suor-maria-agnese-manzana-una-vita-in-eritrea-era-sorella-del-vescovo-mariano\/"},"wordCount":213,"publisher":{"@id":"https:\/\/www.diocesitn.it\/area-testimonianza\/#organization"},"image":{"@id":"https:\/\/www.diocesitn.it\/area-testimonianza\/2025\/08\/13\/addio-a-suor-maria-agnese-manzana-una-vita-in-eritrea-era-sorella-del-vescovo-mariano\/#primaryimage"},"thumbnailUrl":"https:\/\/www.diocesitn.it\/area-testimonianza\/wp-content\/uploads\/sites\/37\/2025\/08\/PHOTO-2025-08-12-18-00-16-e1755078315977.jpg","keywords":["sr. Maria Agnese Manzana"],"articleSection":["Notizie","Pastorale Missionaria"],"inLanguage":"it-IT","copyrightYear":"2025","copyrightHolder":{"@id":"https:\/\/www.diocesitn.it\/#organization"}},{"@type":"WebPage","@id":"https:\/\/www.diocesitn.it\/area-testimonianza\/2025\/08\/13\/addio-a-suor-maria-agnese-manzana-una-vita-in-eritrea-era-sorella-del-vescovo-mariano\/","url":"https:\/\/www.diocesitn.it\/area-testimonianza\/2025\/08\/13\/addio-a-suor-maria-agnese-manzana-una-vita-in-eritrea-era-sorella-del-vescovo-mariano\/","name":"Addio a suor Maria Agnese Manzana, una vita in Eritrea. Era sorella del vescovo Mariano - Testimonianza e Impegno sociale","isPartOf":{"@id":"https:\/\/www.diocesitn.it\/area-testimonianza\/#website"},"primaryImageOfPage":{"@id":"https:\/\/www.diocesitn.it\/area-testimonianza\/2025\/08\/13\/addio-a-suor-maria-agnese-manzana-una-vita-in-eritrea-era-sorella-del-vescovo-mariano\/#primaryimage"},"image":{"@id":"https:\/\/www.diocesitn.it\/area-testimonianza\/2025\/08\/13\/addio-a-suor-maria-agnese-manzana-una-vita-in-eritrea-era-sorella-del-vescovo-mariano\/#primaryimage"},"thumbnailUrl":"https:\/\/www.diocesitn.it\/area-testimonianza\/wp-content\/uploads\/sites\/37\/2025\/08\/PHOTO-2025-08-12-18-00-16-e1755078315977.jpg","datePublished":"2025-08-13T09:53:42+00:00","dateModified":"2025-08-28T10:10:18+00:00","breadcrumb":{"@id":"https:\/\/www.diocesitn.it\/area-testimonianza\/2025\/08\/13\/addio-a-suor-maria-agnese-manzana-una-vita-in-eritrea-era-sorella-del-vescovo-mariano\/#breadcrumb"},"inLanguage":"it-IT","potentialAction":[{"@type":"ReadAction","target":["https:\/\/www.diocesitn.it\/area-testimonianza\/2025\/08\/13\/addio-a-suor-maria-agnese-manzana-una-vita-in-eritrea-era-sorella-del-vescovo-mariano\/"]}]},{"@type":"ImageObject","inLanguage":"it-IT","@id":"https:\/\/www.diocesitn.it\/area-testimonianza\/2025\/08\/13\/addio-a-suor-maria-agnese-manzana-una-vita-in-eritrea-era-sorella-del-vescovo-mariano\/#primaryimage","url":"https:\/\/www.diocesitn.it\/area-testimonianza\/wp-content\/uploads\/sites\/37\/2025\/08\/PHOTO-2025-08-12-18-00-16-e1755078315977.jpg","contentUrl":"https:\/\/www.diocesitn.it\/area-testimonianza\/wp-content\/uploads\/sites\/37\/2025\/08\/PHOTO-2025-08-12-18-00-16-e1755078315977.jpg","width":900,"height":1045,"caption":"Addio a suor Maria Agnese Manzana, una vita in Eritrea"},{"@type":"BreadcrumbList","@id":"https:\/\/www.diocesitn.it\/area-testimonianza\/2025\/08\/13\/addio-a-suor-maria-agnese-manzana-una-vita-in-eritrea-era-sorella-del-vescovo-mariano\/#breadcrumb","itemListElement":[{"@type":"ListItem","position":1,"name":"Home","item":"https:\/\/www.diocesitn.it\/area-testimonianza\/"},{"@type":"ListItem","position":2,"name":"Addio a suor Maria Agnese Manzana, una vita in Eritrea. Era sorella del vescovo Mariano"}]},{"@type":"WebSite","@id":"https:\/\/www.diocesitn.it\/area-testimonianza\/#website","url":"https:\/\/www.diocesitn.it\/area-testimonianza\/","name":"Testimonianza e Impegno sociale","description":"Chiesa di Trento","publisher":{"@id":"https:\/\/www.diocesitn.it\/area-testimonianza\/#organization"},"potentialAction":[{"@type":"SearchAction","target":{"@type":"EntryPoint","urlTemplate":"https:\/\/www.diocesitn.it\/area-testimonianza\/?s={search_term_string}"},"query-input":"required name=search_term_string"}],"inLanguage":"it-IT"},{"@type":["Organization","Place"],"@id":"https:\/\/www.diocesitn.it\/area-testimonianza\/#organization","name":"Area Testimonianza e Impegno Sociale - Chiesa di Trento","url":"https:\/\/www.diocesitn.it\/area-testimonianza\/","logo":{"@id":"https:\/\/www.diocesitn.it\/area-testimonianza\/2025\/08\/13\/addio-a-suor-maria-agnese-manzana-una-vita-in-eritrea-era-sorella-del-vescovo-mariano\/#local-main-organization-logo"},"image":{"@id":"https:\/\/www.diocesitn.it\/area-testimonianza\/2025\/08\/13\/addio-a-suor-maria-agnese-manzana-una-vita-in-eritrea-era-sorella-del-vescovo-mariano\/#local-main-organization-logo"},"openingHoursSpecification":[{"@type":"OpeningHoursSpecification","dayOfWeek":["Monday","Tuesday","Wednesday","Thursday","Friday","Saturday","Sunday"],"opens":"09:00","closes":"17:00"}]},{"@type":"ImageObject","inLanguage":"it-IT","@id":"https:\/\/www.diocesitn.it\/area-testimonianza\/2025\/08\/13\/addio-a-suor-maria-agnese-manzana-una-vita-in-eritrea-era-sorella-del-vescovo-mariano\/#local-main-organization-logo","url":"https:\/\/www.diocesitn.it\/area-testimonianza\/wp-content\/uploads\/sites\/37\/2021\/09\/og-logo-testimonianza-e-impegno-sociale.jpg","contentUrl":"https:\/\/www.diocesitn.it\/area-testimonianza\/wp-content\/uploads\/sites\/37\/2021\/09\/og-logo-testimonianza-e-impegno-sociale.jpg","width":1200,"height":630,"caption":"Area Testimonianza e Impegno Sociale - Chiesa di Trento"}]}},"_links":{"self":[{"href":"https:\/\/www.diocesitn.it\/area-testimonianza\/wp-json\/wp\/v2\/posts\/18172","targetHints":{"allow":["GET"]}}],"collection":[{"href":"https:\/\/www.diocesitn.it\/area-testimonianza\/wp-json\/wp\/v2\/posts"}],"about":[{"href":"https:\/\/www.diocesitn.it\/area-testimonianza\/wp-json\/wp\/v2\/types\/post"}],"author":[{"embeddable":true,"href":"https:\/\/www.diocesitn.it\/area-testimonianza\/wp-json\/wp\/v2\/users\/3"}],"replies":[{"embeddable":true,"href":"https:\/\/www.diocesitn.it\/area-testimonianza\/wp-json\/wp\/v2\/comments?post=18172"}],"version-history":[{"count":1,"href":"https:\/\/www.diocesitn.it\/area-testimonianza\/wp-json\/wp\/v2\/posts\/18172\/revisions"}],"predecessor-version":[{"id":18174,"href":"https:\/\/www.diocesitn.it\/area-testimonianza\/wp-json\/wp\/v2\/posts\/18172\/revisions\/18174"}],"wp:featuredmedia":[{"embeddable":true,"href":"https:\/\/www.diocesitn.it\/area-testimonianza\/wp-json\/wp\/v2\/media\/18173"}],"wp:attachment":[{"href":"https:\/\/www.diocesitn.it\/area-testimonianza\/wp-json\/wp\/v2\/media?parent=18172"}],"wp:term":[{"taxonomy":"category","embeddable":true,"href":"https:\/\/www.diocesitn.it\/area-testimonianza\/wp-json\/wp\/v2\/categories?post=18172"},{"taxonomy":"post_tag","embeddable":true,"href":"https:\/\/www.diocesitn.it\/area-testimonianza\/wp-json\/wp\/v2\/tags?post=18172"}],"curies":[{"name":"wp","href":"https:\/\/api.w.org\/{rel}","templated":true}]}}