{"id":17982,"date":"2025-07-04T10:33:00","date_gmt":"2025-07-04T08:33:00","guid":{"rendered":"https:\/\/www.diocesitn.it\/area-testimonianza\/2025\/07\/04\/la-nuova-messa-per-la-custodia-del-creato-un-ulteriore-passo-per-richiamare-le-comunita-alla-cura-della-casa-comune\/"},"modified":"2025-07-16T14:03:46","modified_gmt":"2025-07-16T12:03:46","slug":"la-nuova-messa-per-la-custodia-del-creato-un-ulteriore-passo-per-richiamare-le-comunita-alla-cura-della-casa-comune","status":"publish","type":"post","link":"https:\/\/www.diocesitn.it\/area-testimonianza\/2025\/07\/04\/la-nuova-messa-per-la-custodia-del-creato-un-ulteriore-passo-per-richiamare-le-comunita-alla-cura-della-casa-comune\/","title":{"rendered":"La nuova Messa per la custodia del Creato. Un ulteriore passo per richiamare le comunit\u00e0 alla cura della Casa comune"},"content":{"rendered":"<p data-start=\"297\" data-end=\"677\">Non chiamiamola Messa \u201cecologica\u201d o &#8220;green&#8221;, sottolinea il quotidiano Avvenire nel numero di venerd\u00ec 4 luglio. <span style=\"font-size: inherit\">La nuova <\/span><strong style=\"font-size: inherit\" data-start=\"340\" data-end=\"373\">Missa pro custodia creationis<\/strong><span style=\"font-size: inherit\"> \u2013 Messa per la custodia della creazione, introdotta nel Messale Romano e che sar\u00e0 &#8220;inaugurata&#8221; <strong>mercoled\u00ec 9 luglio da papa Leone XIV<\/strong> a Castel Gandolfo, \u00e8 molto di pi\u00f9. Sar\u00e0 un&#8217;<strong>occasione<\/strong> preziosa per la comunit\u00e0 cristiana di <strong>porre il tema della cura della Casa comune<\/strong> anche al centro della <strong>Liturgia<\/strong>.<\/span><\/p>\n<h3 data-start=\"679\" data-end=\"724\">Un formulario ispirato alla Laudato si\u2019<\/h3>\n<p data-start=\"725\" data-end=\"1122\">Il nuovo formulario di orazioni per la Messa \u201cper la custodia della Creazione\u201d approvato da Papa Leone XIV e promulgato dal Dicastero per il Culto Divino \u00e8 stato presentato gioved\u00ec 3 luglio presso la Sala Stampa della Santa Sede. All\u2019incontro con i giornalisti sono intervenuti il <strong>cardinale gesuita Michael Czerny<\/strong>, prefetto del Dicastero per il Servizio dello sviluppo umano integrale, e l\u2019arcivescovo francescano <strong>Vittorio Francesco Viola<\/strong>, segretario del Dicastero per il Culto divino e la disciplina dei sacramenti.<\/p>\n<p data-start=\"725\" data-end=\"1122\">Il testo trae ispirazione dall\u2019enciclica <strong data-start=\"864\" data-end=\"879\">Laudato si\u2019<\/strong> di Papa Francesco, di cui quest\u2019anno ricorre il decimo anniversario. \u00c8 stato inserito nell\u2019edizione tipica latina del Messale, e verr\u00e0 presto tradotto nelle diverse lingue dalle Conferenze episcopali nazionali, rimanendo comunque facoltativo.<\/p>\n<h3 data-start=\"1124\" data-end=\"1177\">Non un rito \u201cverde\u201d, ma un\u2019esperienza integrale<\/h3>\n<p data-start=\"1124\" data-end=\"1177\"><span style=\"font-size: inherit\">\u00abQuesta Messa non riduce la Laudato si\u2019 a una \u201cecologia superficiale\u201d, ma esprime la profondit\u00e0 di un\u2019ecologia integrale, che unisce cura del Creato, giustizia e spiritualit\u00e0\u00bb <\/span>ha affermato mons. Viola.\u00a0 Come ha ricordato il card. Czerny: <span style=\"font-size: inherit\">\u00abOgni Messa unisce il cielo e la terra. Con questo formulario, la Chiesa offre un sostegno spirituale e comunitario per la cura del creato, chiamandoci a essere fedeli amministratori di ci\u00f2 che il Signore ci ha affidato, nelle scelte quotidiane e nelle politiche pubbliche\u00bb.<\/span><\/p>\n<p data-start=\"1124\" data-end=\"1177\">Sar\u00e0 il Papa a presiedere la <strong data-start=\"2317\" data-end=\"2359\">prima Messa per la custodia del Creato<\/strong> mercoled\u00ec prossimo a Castel Gandolfo, durante il suo ritiro estivo. Il rito si terr\u00e0 nel <strong data-start=\"2449\" data-end=\"2470\">Borgo Laudato si\u2019<\/strong>, progetto voluto da Papa Francesco per promuovere modelli sostenibili.<\/p>\n<h3 data-start=\"2543\" data-end=\"2616\">Un legame profondo con il Messaggio per la Giornata del Creato 2025<\/h3>\n<p data-start=\"2617\" data-end=\"2797\">L&#8217;annuncio della Messa segue di pochi giorni la diffusione del Messaggio di Papa Leone XIV per la Giornata del Creato 2025, intitolato <em data-start=\"2692\" data-end=\"2722\">\u201cSemi di Pace e di Speranza\u201d <\/em><a href=\"https:\/\/www.vatican.va\/content\/leo-xiv\/it\/messages\/creation\/documents\/20250630-messaggio-giornata-curacreato.html\">(QUI TESTO INTEGRALE),<\/a> nel quale si richiama il chicco di grano che deve morire per dare frutto (Gv 12,24).<\/p>\n<p data-start=\"2617\" data-end=\"2797\">&#8220;In diverse parti del mondo &#8211; scrive il Papa &#8211; \u00e8 ormai evidente che la nostra terra sta cadendo in rovina. Ovunque l\u2019ingiustizia, la violazione del diritto internazionale e dei diritti dei popoli, le diseguaglianze e l\u2019avidit\u00e0 da cui scaturiscono producono deforestazione, inquinamento, perdita di biodiversit\u00e0&#8221;. &#8220;Sembra &#8211; aggiunge Leone &#8211; che manchi ancora la consapevolezza che distruggere la natura non colpisce tutti nello stesso modo: calpestare la giustizia e la pace significa colpire maggiormente i pi\u00f9 poveri, gli emarginati, gli esclusi. \u00c8 emblematica in tale ambito la sofferenza delle comunit\u00e0 indigene&#8221;. E ancora: &#8220;In un mondo dove i pi\u00f9 fragili sono i primi a subire gli effetti devastanti del cambiamento climatico, della deforestazione, e dell\u2019inquinamento, la cura del creato diventa una questione di fede e di umanit\u00e0&#8221;.<\/p>\n<p data-start=\"2617\" data-end=\"2797\">\n","protected":false},"excerpt":{"rendered":"<p>Non chiamiamola Messa \u201cecologica\u201d o &#8220;green&#8221;, sottolinea il quotidiano Avvenire nel numero di venerd\u00ec 4 luglio. La nuova Missa pro custodia creationis \u2013 Messa per la custodia della creazione, introdotta nel Messale Romano e che<\/p>\n","protected":false},"author":3,"featured_media":17983,"comment_status":"closed","ping_status":"closed","sticky":false,"template":"","format":"standard","meta":{"footnotes":""},"categories":[2113,1074],"tags":[],"class_list":["post-17982","post","type-post","status-publish","format-standard","has-post-thumbnail","hentry","category-servizio-cura-creato","category-notizie"],"acf":{"seed-localization-paese-cod":"IT","seed-localization-address":"","seed-localization-citta":"Trento","seed-localization-regione-cod-istat":"04","seed-localization-citta-cod-istat":"022205","seed-localization-localita":"","seed-localization-cap":"","seed-localization-marker-visibility":false,"seed-localization-children-visibility":false,"seed-localization-kml":"","seed-localization-custom-marker":""},"yoast_head":"<!-- This site is optimized with the Yoast SEO Premium plugin v20.2.1 (Yoast SEO v22.2) - https:\/\/yoast.com\/wordpress\/plugins\/seo\/ -->\n<title>La nuova Messa per la custodia del Creato. Un ulteriore passo per richiamare le comunit\u00e0 alla cura della Casa comune - Testimonianza e Impegno sociale<\/title>\n<meta name=\"robots\" content=\"index, follow, max-snippet:-1, max-image-preview:large, max-video-preview:-1\" \/>\n<link rel=\"canonical\" href=\"https:\/\/www.diocesitn.it\/area-testimonianza\/2025\/07\/04\/la-nuova-messa-per-la-custodia-del-creato-un-ulteriore-passo-per-richiamare-le-comunita-alla-cura-della-casa-comune\/\" \/>\n<meta property=\"og:locale\" content=\"it_IT\" \/>\n<meta property=\"og:type\" content=\"article\" \/>\n<meta property=\"og:title\" content=\"La nuova Messa per la custodia del Creato. Un ulteriore passo per richiamare le comunit\u00e0 alla cura della Casa comune\" \/>\n<meta property=\"og:description\" content=\"Non chiamiamola Messa \u201cecologica\u201d o &#8220;green&#8221;, sottolinea il quotidiano Avvenire nel numero di venerd\u00ec 4 luglio. La nuova Missa pro custodia creationis \u2013 Messa per la custodia della creazione, introdotta nel Messale Romano e che\" \/>\n<meta property=\"og:url\" content=\"https:\/\/www.diocesitn.it\/area-testimonianza\/2025\/07\/04\/la-nuova-messa-per-la-custodia-del-creato-un-ulteriore-passo-per-richiamare-le-comunita-alla-cura-della-casa-comune\/\" \/>\n<meta property=\"og:site_name\" content=\"Testimonianza e Impegno sociale\" \/>\n<meta property=\"article:published_time\" content=\"2025-07-04T08:33:00+00:00\" \/>\n<meta property=\"article:modified_time\" content=\"2025-07-16T12:03:46+00:00\" \/>\n<meta property=\"og:image\" content=\"https:\/\/www.diocesitn.it\/area-testimonianza\/wp-content\/uploads\/sites\/37\/2025\/07\/montagna-creato-1024x768-1.jpg\" \/>\n\t<meta property=\"og:image:width\" content=\"1024\" \/>\n\t<meta property=\"og:image:height\" content=\"768\" \/>\n\t<meta property=\"og:image:type\" content=\"image\/jpeg\" \/>\n<meta name=\"author\" content=\"Piergiorgio Franceschini\" \/>\n<meta name=\"twitter:card\" content=\"summary_large_image\" \/>\n<meta name=\"twitter:label1\" content=\"Scritto da\" \/>\n\t<meta name=\"twitter:data1\" content=\"Piergiorgio Franceschini\" \/>\n\t<meta name=\"twitter:label2\" content=\"Tempo di lettura stimato\" \/>\n\t<meta name=\"twitter:data2\" content=\"3 minuti\" \/>\n<script type=\"application\/ld+json\" class=\"yoast-schema-graph\">{\"@context\":\"https:\/\/schema.org\",\"@graph\":[{\"@type\":\"Article\",\"@id\":\"https:\/\/www.diocesitn.it\/area-testimonianza\/2025\/07\/04\/la-nuova-messa-per-la-custodia-del-creato-un-ulteriore-passo-per-richiamare-le-comunita-alla-cura-della-casa-comune\/#article\",\"isPartOf\":{\"@id\":\"https:\/\/www.diocesitn.it\/area-testimonianza\/2025\/07\/04\/la-nuova-messa-per-la-custodia-del-creato-un-ulteriore-passo-per-richiamare-le-comunita-alla-cura-della-casa-comune\/\"},\"author\":{\"name\":\"Piergiorgio Franceschini\",\"@id\":\"https:\/\/www.diocesitn.it\/area-testimonianza\/#\/schema\/person\/99590c84577873a025247b6aeb16ad2e\"},\"headline\":\"La nuova Messa per la custodia del Creato. Un ulteriore passo per richiamare le comunit\u00e0 alla cura della Casa comune\",\"datePublished\":\"2025-07-04T08:33:00+00:00\",\"dateModified\":\"2025-07-16T12:03:46+00:00\",\"mainEntityOfPage\":{\"@id\":\"https:\/\/www.diocesitn.it\/area-testimonianza\/2025\/07\/04\/la-nuova-messa-per-la-custodia-del-creato-un-ulteriore-passo-per-richiamare-le-comunita-alla-cura-della-casa-comune\/\"},\"wordCount\":527,\"publisher\":{\"@id\":\"https:\/\/www.diocesitn.it\/area-testimonianza\/#organization\"},\"image\":{\"@id\":\"https:\/\/www.diocesitn.it\/area-testimonianza\/2025\/07\/04\/la-nuova-messa-per-la-custodia-del-creato-un-ulteriore-passo-per-richiamare-le-comunita-alla-cura-della-casa-comune\/#primaryimage\"},\"thumbnailUrl\":\"https:\/\/www.diocesitn.it\/area-testimonianza\/wp-content\/uploads\/sites\/37\/2025\/07\/montagna-creato-1024x768-1.jpg\",\"articleSection\":[\"Cura del Creato\",\"Notizie\"],\"inLanguage\":\"it-IT\",\"copyrightYear\":\"2025\",\"copyrightHolder\":{\"@id\":\"https:\/\/www.diocesitn.it\/#organization\"}},{\"@type\":\"WebPage\",\"@id\":\"https:\/\/www.diocesitn.it\/area-testimonianza\/2025\/07\/04\/la-nuova-messa-per-la-custodia-del-creato-un-ulteriore-passo-per-richiamare-le-comunita-alla-cura-della-casa-comune\/\",\"url\":\"https:\/\/www.diocesitn.it\/area-testimonianza\/2025\/07\/04\/la-nuova-messa-per-la-custodia-del-creato-un-ulteriore-passo-per-richiamare-le-comunita-alla-cura-della-casa-comune\/\",\"name\":\"La nuova Messa per la custodia del Creato. Un ulteriore passo per richiamare le comunit\u00e0 alla cura della Casa comune - Testimonianza e Impegno sociale\",\"isPartOf\":{\"@id\":\"https:\/\/www.diocesitn.it\/area-testimonianza\/#website\"},\"primaryImageOfPage\":{\"@id\":\"https:\/\/www.diocesitn.it\/area-testimonianza\/2025\/07\/04\/la-nuova-messa-per-la-custodia-del-creato-un-ulteriore-passo-per-richiamare-le-comunita-alla-cura-della-casa-comune\/#primaryimage\"},\"image\":{\"@id\":\"https:\/\/www.diocesitn.it\/area-testimonianza\/2025\/07\/04\/la-nuova-messa-per-la-custodia-del-creato-un-ulteriore-passo-per-richiamare-le-comunita-alla-cura-della-casa-comune\/#primaryimage\"},\"thumbnailUrl\":\"https:\/\/www.diocesitn.it\/area-testimonianza\/wp-content\/uploads\/sites\/37\/2025\/07\/montagna-creato-1024x768-1.jpg\",\"datePublished\":\"2025-07-04T08:33:00+00:00\",\"dateModified\":\"2025-07-16T12:03:46+00:00\",\"breadcrumb\":{\"@id\":\"https:\/\/www.diocesitn.it\/area-testimonianza\/2025\/07\/04\/la-nuova-messa-per-la-custodia-del-creato-un-ulteriore-passo-per-richiamare-le-comunita-alla-cura-della-casa-comune\/#breadcrumb\"},\"inLanguage\":\"it-IT\",\"potentialAction\":[{\"@type\":\"ReadAction\",\"target\":[\"https:\/\/www.diocesitn.it\/area-testimonianza\/2025\/07\/04\/la-nuova-messa-per-la-custodia-del-creato-un-ulteriore-passo-per-richiamare-le-comunita-alla-cura-della-casa-comune\/\"]}]},{\"@type\":\"ImageObject\",\"inLanguage\":\"it-IT\",\"@id\":\"https:\/\/www.diocesitn.it\/area-testimonianza\/2025\/07\/04\/la-nuova-messa-per-la-custodia-del-creato-un-ulteriore-passo-per-richiamare-le-comunita-alla-cura-della-casa-comune\/#primaryimage\",\"url\":\"https:\/\/www.diocesitn.it\/area-testimonianza\/wp-content\/uploads\/sites\/37\/2025\/07\/montagna-creato-1024x768-1.jpg\",\"contentUrl\":\"https:\/\/www.diocesitn.it\/area-testimonianza\/wp-content\/uploads\/sites\/37\/2025\/07\/montagna-creato-1024x768-1.jpg\",\"width\":1024,\"height\":768},{\"@type\":\"BreadcrumbList\",\"@id\":\"https:\/\/www.diocesitn.it\/area-testimonianza\/2025\/07\/04\/la-nuova-messa-per-la-custodia-del-creato-un-ulteriore-passo-per-richiamare-le-comunita-alla-cura-della-casa-comune\/#breadcrumb\",\"itemListElement\":[{\"@type\":\"ListItem\",\"position\":1,\"name\":\"Home\",\"item\":\"https:\/\/www.diocesitn.it\/area-testimonianza\/\"},{\"@type\":\"ListItem\",\"position\":2,\"name\":\"La nuova Messa per la custodia del Creato. Un ulteriore passo per richiamare le comunit\u00e0 alla cura della Casa comune\"}]},{\"@type\":\"WebSite\",\"@id\":\"https:\/\/www.diocesitn.it\/area-testimonianza\/#website\",\"url\":\"https:\/\/www.diocesitn.it\/area-testimonianza\/\",\"name\":\"Testimonianza e Impegno sociale\",\"description\":\"Chiesa di Trento\",\"publisher\":{\"@id\":\"https:\/\/www.diocesitn.it\/area-testimonianza\/#organization\"},\"potentialAction\":[{\"@type\":\"SearchAction\",\"target\":{\"@type\":\"EntryPoint\",\"urlTemplate\":\"https:\/\/www.diocesitn.it\/area-testimonianza\/?s={search_term_string}\"},\"query-input\":\"required name=search_term_string\"}],\"inLanguage\":\"it-IT\"},{\"@type\":[\"Organization\",\"Place\"],\"@id\":\"https:\/\/www.diocesitn.it\/area-testimonianza\/#organization\",\"name\":\"Area Testimonianza e Impegno Sociale - Chiesa di Trento\",\"url\":\"https:\/\/www.diocesitn.it\/area-testimonianza\/\",\"logo\":{\"@id\":\"https:\/\/www.diocesitn.it\/area-testimonianza\/2025\/07\/04\/la-nuova-messa-per-la-custodia-del-creato-un-ulteriore-passo-per-richiamare-le-comunita-alla-cura-della-casa-comune\/#local-main-organization-logo\"},\"image\":{\"@id\":\"https:\/\/www.diocesitn.it\/area-testimonianza\/2025\/07\/04\/la-nuova-messa-per-la-custodia-del-creato-un-ulteriore-passo-per-richiamare-le-comunita-alla-cura-della-casa-comune\/#local-main-organization-logo\"},\"openingHoursSpecification\":[{\"@type\":\"OpeningHoursSpecification\",\"dayOfWeek\":[\"Monday\",\"Tuesday\",\"Wednesday\",\"Thursday\",\"Friday\",\"Saturday\",\"Sunday\"],\"opens\":\"09:00\",\"closes\":\"17:00\"}]},{\"@type\":\"ImageObject\",\"inLanguage\":\"it-IT\",\"@id\":\"https:\/\/www.diocesitn.it\/area-testimonianza\/2025\/07\/04\/la-nuova-messa-per-la-custodia-del-creato-un-ulteriore-passo-per-richiamare-le-comunita-alla-cura-della-casa-comune\/#local-main-organization-logo\",\"url\":\"https:\/\/www.diocesitn.it\/area-testimonianza\/wp-content\/uploads\/sites\/37\/2021\/09\/og-logo-testimonianza-e-impegno-sociale.jpg\",\"contentUrl\":\"https:\/\/www.diocesitn.it\/area-testimonianza\/wp-content\/uploads\/sites\/37\/2021\/09\/og-logo-testimonianza-e-impegno-sociale.jpg\",\"width\":1200,\"height\":630,\"caption\":\"Area Testimonianza e Impegno Sociale - Chiesa di Trento\"}]}<\/script>\n<!-- \/ Yoast SEO Premium plugin. -->","yoast_head_json":{"title":"La nuova Messa per la custodia del Creato. Un ulteriore passo per richiamare le comunit\u00e0 alla cura della Casa comune - Testimonianza e Impegno sociale","robots":{"index":"index","follow":"follow","max-snippet":"max-snippet:-1","max-image-preview":"max-image-preview:large","max-video-preview":"max-video-preview:-1"},"canonical":"https:\/\/www.diocesitn.it\/area-testimonianza\/2025\/07\/04\/la-nuova-messa-per-la-custodia-del-creato-un-ulteriore-passo-per-richiamare-le-comunita-alla-cura-della-casa-comune\/","og_locale":"it_IT","og_type":"article","og_title":"La nuova Messa per la custodia del Creato. Un ulteriore passo per richiamare le comunit\u00e0 alla cura della Casa comune","og_description":"Non chiamiamola Messa \u201cecologica\u201d o &#8220;green&#8221;, sottolinea il quotidiano Avvenire nel numero di venerd\u00ec 4 luglio. La nuova Missa pro custodia creationis \u2013 Messa per la custodia della creazione, introdotta nel Messale Romano e che","og_url":"https:\/\/www.diocesitn.it\/area-testimonianza\/2025\/07\/04\/la-nuova-messa-per-la-custodia-del-creato-un-ulteriore-passo-per-richiamare-le-comunita-alla-cura-della-casa-comune\/","og_site_name":"Testimonianza e Impegno sociale","article_published_time":"2025-07-04T08:33:00+00:00","article_modified_time":"2025-07-16T12:03:46+00:00","og_image":[{"width":1024,"height":768,"url":"https:\/\/www.diocesitn.it\/area-testimonianza\/wp-content\/uploads\/sites\/37\/2025\/07\/montagna-creato-1024x768-1.jpg","type":"image\/jpeg"}],"author":"Piergiorgio Franceschini","twitter_card":"summary_large_image","twitter_misc":{"Scritto da":"Piergiorgio Franceschini","Tempo di lettura stimato":"3 minuti"},"schema":{"@context":"https:\/\/schema.org","@graph":[{"@type":"Article","@id":"https:\/\/www.diocesitn.it\/area-testimonianza\/2025\/07\/04\/la-nuova-messa-per-la-custodia-del-creato-un-ulteriore-passo-per-richiamare-le-comunita-alla-cura-della-casa-comune\/#article","isPartOf":{"@id":"https:\/\/www.diocesitn.it\/area-testimonianza\/2025\/07\/04\/la-nuova-messa-per-la-custodia-del-creato-un-ulteriore-passo-per-richiamare-le-comunita-alla-cura-della-casa-comune\/"},"author":{"name":"Piergiorgio Franceschini","@id":"https:\/\/www.diocesitn.it\/area-testimonianza\/#\/schema\/person\/99590c84577873a025247b6aeb16ad2e"},"headline":"La nuova Messa per la custodia del Creato. Un ulteriore passo per richiamare le comunit\u00e0 alla cura della Casa comune","datePublished":"2025-07-04T08:33:00+00:00","dateModified":"2025-07-16T12:03:46+00:00","mainEntityOfPage":{"@id":"https:\/\/www.diocesitn.it\/area-testimonianza\/2025\/07\/04\/la-nuova-messa-per-la-custodia-del-creato-un-ulteriore-passo-per-richiamare-le-comunita-alla-cura-della-casa-comune\/"},"wordCount":527,"publisher":{"@id":"https:\/\/www.diocesitn.it\/area-testimonianza\/#organization"},"image":{"@id":"https:\/\/www.diocesitn.it\/area-testimonianza\/2025\/07\/04\/la-nuova-messa-per-la-custodia-del-creato-un-ulteriore-passo-per-richiamare-le-comunita-alla-cura-della-casa-comune\/#primaryimage"},"thumbnailUrl":"https:\/\/www.diocesitn.it\/area-testimonianza\/wp-content\/uploads\/sites\/37\/2025\/07\/montagna-creato-1024x768-1.jpg","articleSection":["Cura del Creato","Notizie"],"inLanguage":"it-IT","copyrightYear":"2025","copyrightHolder":{"@id":"https:\/\/www.diocesitn.it\/#organization"}},{"@type":"WebPage","@id":"https:\/\/www.diocesitn.it\/area-testimonianza\/2025\/07\/04\/la-nuova-messa-per-la-custodia-del-creato-un-ulteriore-passo-per-richiamare-le-comunita-alla-cura-della-casa-comune\/","url":"https:\/\/www.diocesitn.it\/area-testimonianza\/2025\/07\/04\/la-nuova-messa-per-la-custodia-del-creato-un-ulteriore-passo-per-richiamare-le-comunita-alla-cura-della-casa-comune\/","name":"La nuova Messa per la custodia del Creato. Un ulteriore passo per richiamare le comunit\u00e0 alla cura della Casa comune - Testimonianza e Impegno sociale","isPartOf":{"@id":"https:\/\/www.diocesitn.it\/area-testimonianza\/#website"},"primaryImageOfPage":{"@id":"https:\/\/www.diocesitn.it\/area-testimonianza\/2025\/07\/04\/la-nuova-messa-per-la-custodia-del-creato-un-ulteriore-passo-per-richiamare-le-comunita-alla-cura-della-casa-comune\/#primaryimage"},"image":{"@id":"https:\/\/www.diocesitn.it\/area-testimonianza\/2025\/07\/04\/la-nuova-messa-per-la-custodia-del-creato-un-ulteriore-passo-per-richiamare-le-comunita-alla-cura-della-casa-comune\/#primaryimage"},"thumbnailUrl":"https:\/\/www.diocesitn.it\/area-testimonianza\/wp-content\/uploads\/sites\/37\/2025\/07\/montagna-creato-1024x768-1.jpg","datePublished":"2025-07-04T08:33:00+00:00","dateModified":"2025-07-16T12:03:46+00:00","breadcrumb":{"@id":"https:\/\/www.diocesitn.it\/area-testimonianza\/2025\/07\/04\/la-nuova-messa-per-la-custodia-del-creato-un-ulteriore-passo-per-richiamare-le-comunita-alla-cura-della-casa-comune\/#breadcrumb"},"inLanguage":"it-IT","potentialAction":[{"@type":"ReadAction","target":["https:\/\/www.diocesitn.it\/area-testimonianza\/2025\/07\/04\/la-nuova-messa-per-la-custodia-del-creato-un-ulteriore-passo-per-richiamare-le-comunita-alla-cura-della-casa-comune\/"]}]},{"@type":"ImageObject","inLanguage":"it-IT","@id":"https:\/\/www.diocesitn.it\/area-testimonianza\/2025\/07\/04\/la-nuova-messa-per-la-custodia-del-creato-un-ulteriore-passo-per-richiamare-le-comunita-alla-cura-della-casa-comune\/#primaryimage","url":"https:\/\/www.diocesitn.it\/area-testimonianza\/wp-content\/uploads\/sites\/37\/2025\/07\/montagna-creato-1024x768-1.jpg","contentUrl":"https:\/\/www.diocesitn.it\/area-testimonianza\/wp-content\/uploads\/sites\/37\/2025\/07\/montagna-creato-1024x768-1.jpg","width":1024,"height":768},{"@type":"BreadcrumbList","@id":"https:\/\/www.diocesitn.it\/area-testimonianza\/2025\/07\/04\/la-nuova-messa-per-la-custodia-del-creato-un-ulteriore-passo-per-richiamare-le-comunita-alla-cura-della-casa-comune\/#breadcrumb","itemListElement":[{"@type":"ListItem","position":1,"name":"Home","item":"https:\/\/www.diocesitn.it\/area-testimonianza\/"},{"@type":"ListItem","position":2,"name":"La nuova Messa per la custodia del Creato. Un ulteriore passo per richiamare le comunit\u00e0 alla cura della Casa comune"}]},{"@type":"WebSite","@id":"https:\/\/www.diocesitn.it\/area-testimonianza\/#website","url":"https:\/\/www.diocesitn.it\/area-testimonianza\/","name":"Testimonianza e Impegno sociale","description":"Chiesa di Trento","publisher":{"@id":"https:\/\/www.diocesitn.it\/area-testimonianza\/#organization"},"potentialAction":[{"@type":"SearchAction","target":{"@type":"EntryPoint","urlTemplate":"https:\/\/www.diocesitn.it\/area-testimonianza\/?s={search_term_string}"},"query-input":"required name=search_term_string"}],"inLanguage":"it-IT"},{"@type":["Organization","Place"],"@id":"https:\/\/www.diocesitn.it\/area-testimonianza\/#organization","name":"Area Testimonianza e Impegno Sociale - Chiesa di Trento","url":"https:\/\/www.diocesitn.it\/area-testimonianza\/","logo":{"@id":"https:\/\/www.diocesitn.it\/area-testimonianza\/2025\/07\/04\/la-nuova-messa-per-la-custodia-del-creato-un-ulteriore-passo-per-richiamare-le-comunita-alla-cura-della-casa-comune\/#local-main-organization-logo"},"image":{"@id":"https:\/\/www.diocesitn.it\/area-testimonianza\/2025\/07\/04\/la-nuova-messa-per-la-custodia-del-creato-un-ulteriore-passo-per-richiamare-le-comunita-alla-cura-della-casa-comune\/#local-main-organization-logo"},"openingHoursSpecification":[{"@type":"OpeningHoursSpecification","dayOfWeek":["Monday","Tuesday","Wednesday","Thursday","Friday","Saturday","Sunday"],"opens":"09:00","closes":"17:00"}]},{"@type":"ImageObject","inLanguage":"it-IT","@id":"https:\/\/www.diocesitn.it\/area-testimonianza\/2025\/07\/04\/la-nuova-messa-per-la-custodia-del-creato-un-ulteriore-passo-per-richiamare-le-comunita-alla-cura-della-casa-comune\/#local-main-organization-logo","url":"https:\/\/www.diocesitn.it\/area-testimonianza\/wp-content\/uploads\/sites\/37\/2021\/09\/og-logo-testimonianza-e-impegno-sociale.jpg","contentUrl":"https:\/\/www.diocesitn.it\/area-testimonianza\/wp-content\/uploads\/sites\/37\/2021\/09\/og-logo-testimonianza-e-impegno-sociale.jpg","width":1200,"height":630,"caption":"Area Testimonianza e Impegno Sociale - Chiesa di Trento"}]}},"_links":{"self":[{"href":"https:\/\/www.diocesitn.it\/area-testimonianza\/wp-json\/wp\/v2\/posts\/17982","targetHints":{"allow":["GET"]}}],"collection":[{"href":"https:\/\/www.diocesitn.it\/area-testimonianza\/wp-json\/wp\/v2\/posts"}],"about":[{"href":"https:\/\/www.diocesitn.it\/area-testimonianza\/wp-json\/wp\/v2\/types\/post"}],"author":[{"embeddable":true,"href":"https:\/\/www.diocesitn.it\/area-testimonianza\/wp-json\/wp\/v2\/users\/3"}],"replies":[{"embeddable":true,"href":"https:\/\/www.diocesitn.it\/area-testimonianza\/wp-json\/wp\/v2\/comments?post=17982"}],"version-history":[{"count":1,"href":"https:\/\/www.diocesitn.it\/area-testimonianza\/wp-json\/wp\/v2\/posts\/17982\/revisions"}],"predecessor-version":[{"id":17984,"href":"https:\/\/www.diocesitn.it\/area-testimonianza\/wp-json\/wp\/v2\/posts\/17982\/revisions\/17984"}],"wp:featuredmedia":[{"embeddable":true,"href":"https:\/\/www.diocesitn.it\/area-testimonianza\/wp-json\/wp\/v2\/media\/17983"}],"wp:attachment":[{"href":"https:\/\/www.diocesitn.it\/area-testimonianza\/wp-json\/wp\/v2\/media?parent=17982"}],"wp:term":[{"taxonomy":"category","embeddable":true,"href":"https:\/\/www.diocesitn.it\/area-testimonianza\/wp-json\/wp\/v2\/categories?post=17982"},{"taxonomy":"post_tag","embeddable":true,"href":"https:\/\/www.diocesitn.it\/area-testimonianza\/wp-json\/wp\/v2\/tags?post=17982"}],"curies":[{"name":"wp","href":"https:\/\/api.w.org\/{rel}","templated":true}]}}