{"id":17972,"date":"2025-07-03T11:07:20","date_gmt":"2025-07-03T09:07:20","guid":{"rendered":"https:\/\/www.diocesitn.it\/area-testimonianza\/2025\/07\/03\/padre-patton-e-i-suoi-nove-anni-da-custode-di-terra-santa-un-privilegio-custodire-il-luoghi-della-salvezza-il-futuro-ho-imparato-a-fidarmi-di-dio-sul-conflitto-infinito-la-gente-e-stanca-di\/"},"modified":"2025-07-07T09:37:34","modified_gmt":"2025-07-07T07:37:34","slug":"padre-patton-e-i-suoi-nove-anni-da-custode-di-terra-santa-un-privilegio-custodire-il-luoghi-della-salvezza-il-futuro-ho-imparato-a-fidarmi-di-dio-sul-conflitto-infinito-la-gente-e-stanca-di","status":"publish","type":"post","link":"https:\/\/www.diocesitn.it\/area-testimonianza\/2025\/07\/03\/padre-patton-e-i-suoi-nove-anni-da-custode-di-terra-santa-un-privilegio-custodire-il-luoghi-della-salvezza-il-futuro-ho-imparato-a-fidarmi-di-dio-sul-conflitto-infinito-la-gente-e-stanca-di\/","title":{"rendered":"Padre Patton e i suoi nove anni da Custode di Terra Santa: &#8220;Un privilegio custodire il luoghi della salvezza. Il futuro? Ho imparato a fidarmi di Dio&#8221;. Sul conflitto infinito: &#8220;La gente \u00e8 stanca di guerra&#8221; (VIDEO)"},"content":{"rendered":"<p>Ha da poco passato il testimone di <strong>Custode di Terra Santa<\/strong>, dopo esserlo stato negli ultimi <strong>nove anni<\/strong>. <strong style=\"font-size: inherit\">Padre Francesco Patton<\/strong><span style=\"font-size: inherit\">, trentino di Vigo Meano, classe 1963 (\u00e8 nato il 23 dicembre), traccia un bilancio della sua ricca esperienza, vissuta in un periodo storico a dir poco complesso, per via dell&#8217;emergenza Covid e della recrudescenza delle tensioni politiche e militari in Medio Oriente, sfociate nell&#8217;attacco terroristico di Hamas del 7 ottobre 2023 e nella repressione infinita dell&#8217;esercito israeliano, in particolare nella Striscia di Gaza.<\/span><\/p>\n<p>A succedere a fra Francesco sar\u00e0 <a href=\"https:\/\/www.diocesitn.it\/site\/padre-francesco-ielpo-e-il-nuovo-custode-di-terra-santa-succede-al-trentino-padre-francesco-patton\/\">padre Francesco Ielpo<\/a>, nominato da papa Leone XIV lo scorso 24 giugno.<\/p>\n<p>Padre Patton ha rilasciato in questi ultimi giorni <strong>ampie interviste<\/strong> ai media cattolici, da <a href=\"https:\/\/www.vaticannews.va\/it\/chiesa\/news\/2025-06\/padre-patton-custode-terra-santa-fine-incarico-ielpo.html\"><strong>Vatican Media<\/strong> <\/a>ad <a href=\"https:\/\/www.agensir.it\/mondo\/2025\/06\/30\/terra-santa-patton-i-miei-nove-anni-da-custode-la-terra-alla-fine-non-rimarra-ai-violenti-ma-ai-miti\/\"><strong>Agensir<\/strong><\/a>.<\/p>\n<p>Pochi giorni prima della fine del suo mandato, in occasione di una una sua visita a <strong>Trento<\/strong>, padre Francesco aveva <strong>anticipato un primo bilancio<\/strong> del suo ministero in questa video-intervista al microfono di Piergiorgio Franceschini (Servizio Comunicazione della Diocesi trentina), nella quale Patton avanza anche qualche <strong>desiderio per il suo futuro pi\u00f9 prossimo<\/strong> ed auspica un ritorno ad una <strong>pace stabile<\/strong> nella martoriata Terra Santa.<\/p>\n<p><iframe loading=\"lazy\" title=\"Padre Francesco Patton traccia un bilancio di nove anni alla guida della Custodia di Terra Santa\" width=\"800\" height=\"450\" src=\"https:\/\/www.youtube.com\/embed\/ClhuLh6JeYM?feature=oembed\" frameborder=\"0\" allow=\"accelerometer; autoplay; clipboard-write; encrypted-media; gyroscope; picture-in-picture; web-share\" referrerpolicy=\"strict-origin-when-cross-origin\" allowfullscreen><\/iframe><\/p>\n<h4>Ecco la trascrizione dell&#8217;intervista:<\/h4>\n<p>Certamente la cosa pi\u00f9 bella \u00e8 aver potuto far parte di una fraternit\u00e0 internazionale, un&#8217;esperienza di fraternit\u00e0 portata all&#8217;ennesima potenza, perch\u00e9 i frati della Custodia sono circa 300, di quasi 60 nazionalit\u00e0 diverse. E questa \u00e8 una sfida grande ed \u00e8 una sfida, oserei dire, che nel futuro sar\u00e0 per tutti. Io credo che anche qui, in Italia e in Europa, la Chiesa nei prossimi decenni diventer\u00e0 sempre pi\u00f9 una Chiesa multietnica e multiculturale.<\/p>\n<p>E l&#8217;altro aspetto, per me straordinario, di questi nove anni \u00e8 stato anche l&#8217;aver potuto custodire i luoghi santi e quindi celebrare in quei luoghi che noi leggiamo nei Vangeli: Nazareth, Betlemme, i paesi che stanno attorno al lago di Galilea, come Cafarnao, il Tabor e Gerusalemme con la possibilit\u00e0 di celebrare in luoghi cos\u00ec suggestivi come sono il Cenacolo, il Getsemani, il Santo Sepolcro.<\/p>\n<p>Questo contatto con la fisicit\u00e0, la storicit\u00e0 e il fondamento solido della nostra fede ritengo sia stato un privilegio. E me ne rendo conto ogni volta che vedo pellegrini arrivare da qualche Paese remoto del mondo. Quando mettono piede dentro uno di questi luoghi, quando vedono la grotta di Nazareth o quella di Betlemme, il Calvario, il Santo Sepolcro, si mettono a piangere, perch\u00e9 capiscono di essere in posti nei quali in realt\u00e0 si \u00e8 realizzata la nostra salvezza. Si \u00e8 realizzato ci\u00f2 che d\u00e0 senso alla nostra vita.<\/p>\n<p><strong>Guardando al futuro, qual \u00e8 il suo maggiore desiderio fra Francesco? <\/strong><\/p>\n<p>Il desiderio, dopo aver terminato questo servizio, sarebbe di poter per un po\u2019 di tempo fermarmi in qualche santuario e rimanere l\u00ec, prestando servizio ai pellegrini, ma anche meditando e pregando, con un po\u2019 di calma, e magari anche riordinando le idee per riflettere sull\u2019esperienza di questi ultimi nove anni.<\/p>\n<p>Quando io sono partito per la Terra Santa l&#8217;ho sentito come una seconda vocazione. Ho cercato di mettermi un po\u2019 nei panni di Abramo, che era invitato a uscire dalla propria terra e andare verso quello che il Signore chiedeva. Quindi, in realt\u00e0, non so quello che il Signore mi chieder\u00e0 nel futuro, ma ho imparato che vale la pena fidarsi.<\/p>\n<p><strong>Lei non ha mai perso la speranza che l\u2019eterno conflitto israelo-palestinese possa trovare una soluzione. Conferma questa posizione? \u00a0<\/strong><\/p>\n<p>La speranza che la guerra possa finire si basa sul fatto che c&#8217;\u00e8, anche all&#8217;interno della stessa societ\u00e0 israeliana, una fortissima pressione in questa direzione, perch\u00e9 la maggior parte degli israeliani che nella fase iniziale, dopo il 7 ottobre, appoggiavano la guerra a Gaza, in questa fase comincia a essere stanca di guerra per riavviare anche in modo pi\u00f9 serio la stessa economia israeliana che di fatto la guerra sta paralizzando in molti settori. E io spero vivamente che, o per ragioni di interesse, o per ragioni politiche o di umanit\u00e0, si riesca a mettere fine a questa guerra.<\/p>\n","protected":false},"excerpt":{"rendered":"<p>Ha da poco passato il testimone di Custode di Terra Santa, dopo esserlo stato negli ultimi nove anni. Padre Francesco Patton, trentino di Vigo Meano, classe 1963 (\u00e8 nato il 23 dicembre), traccia un bilancio<\/p>\n","protected":false},"author":3,"featured_media":17973,"comment_status":"closed","ping_status":"closed","sticky":false,"template":"","format":"standard","meta":{"footnotes":""},"categories":[1074,1151],"tags":[1595],"class_list":["post-17972","post","type-post","status-publish","format-standard","has-post-thumbnail","hentry","category-notizie","category-servizio-missionario","tag-padre-francesco-patton"],"acf":{"seed-localization-paese-cod":"IT","seed-localization-address":"","seed-localization-citta":"Trento","seed-localization-regione-cod-istat":"04","seed-localization-citta-cod-istat":"022205","seed-localization-localita":"","seed-localization-cap":"","seed-localization-marker-visibility":false,"seed-localization-children-visibility":false,"seed-localization-kml":"","seed-localization-custom-marker":""},"yoast_head":"<!-- This site is optimized with the Yoast SEO Premium plugin v20.2.1 (Yoast SEO v22.2) - https:\/\/yoast.com\/wordpress\/plugins\/seo\/ -->\n<title>Intervista a fra Patton suoi nove anni da Custode di Terra Santa<\/title>\n<meta name=\"description\" content=\"Padre Patton e i suoi nove anni da Custode di Terra Santa: &quot;Un privilegio custodire il luoghi della salvezza&quot;\" \/>\n<meta name=\"robots\" content=\"index, follow, max-snippet:-1, max-image-preview:large, max-video-preview:-1\" \/>\n<link rel=\"canonical\" href=\"https:\/\/www.diocesitn.it\/area-testimonianza\/2025\/07\/03\/padre-patton-e-i-suoi-nove-anni-da-custode-di-terra-santa-un-privilegio-custodire-il-luoghi-della-salvezza-il-futuro-ho-imparato-a-fidarmi-di-dio-sul-conflitto-infinito-la-gente-e-stanca-di\/\" \/>\n<meta property=\"og:locale\" content=\"it_IT\" \/>\n<meta property=\"og:type\" content=\"article\" \/>\n<meta property=\"og:title\" content=\"Padre Patton e i suoi nove anni da Custode di Terra Santa: &quot;Un privilegio custodire il luoghi della salvezza. Il futuro? Ho imparato a fidarmi di Dio&quot;. Sul conflitto infinito: &quot;La gente \u00e8 stanca di guerra&quot; (VIDEO)\" \/>\n<meta property=\"og:description\" content=\"Padre Patton e i suoi nove anni da Custode di Terra Santa: &quot;Un privilegio custodire il luoghi della salvezza&quot;\" \/>\n<meta property=\"og:url\" content=\"https:\/\/www.diocesitn.it\/area-testimonianza\/2025\/07\/03\/padre-patton-e-i-suoi-nove-anni-da-custode-di-terra-santa-un-privilegio-custodire-il-luoghi-della-salvezza-il-futuro-ho-imparato-a-fidarmi-di-dio-sul-conflitto-infinito-la-gente-e-stanca-di\/\" \/>\n<meta property=\"og:site_name\" content=\"Testimonianza e Impegno sociale\" \/>\n<meta property=\"article:published_time\" content=\"2025-07-03T09:07:20+00:00\" \/>\n<meta property=\"article:modified_time\" content=\"2025-07-07T07:37:34+00:00\" \/>\n<meta property=\"og:image\" content=\"https:\/\/www.diocesitn.it\/area-testimonianza\/wp-content\/uploads\/sites\/37\/2025\/07\/Patton_int_apr25.jpg\" \/>\n\t<meta property=\"og:image:width\" content=\"1920\" \/>\n\t<meta property=\"og:image:height\" content=\"1080\" \/>\n\t<meta property=\"og:image:type\" content=\"image\/jpeg\" \/>\n<meta name=\"author\" content=\"Piergiorgio Franceschini\" \/>\n<meta name=\"twitter:card\" content=\"summary_large_image\" \/>\n<meta name=\"twitter:label1\" content=\"Scritto da\" \/>\n\t<meta name=\"twitter:data1\" content=\"Piergiorgio Franceschini\" \/>\n\t<meta name=\"twitter:label2\" content=\"Tempo di lettura stimato\" \/>\n\t<meta name=\"twitter:data2\" content=\"4 minuti\" \/>\n<script type=\"application\/ld+json\" class=\"yoast-schema-graph\">{\"@context\":\"https:\/\/schema.org\",\"@graph\":[{\"@type\":\"Article\",\"@id\":\"https:\/\/www.diocesitn.it\/area-testimonianza\/2025\/07\/03\/padre-patton-e-i-suoi-nove-anni-da-custode-di-terra-santa-un-privilegio-custodire-il-luoghi-della-salvezza-il-futuro-ho-imparato-a-fidarmi-di-dio-sul-conflitto-infinito-la-gente-e-stanca-di\/#article\",\"isPartOf\":{\"@id\":\"https:\/\/www.diocesitn.it\/area-testimonianza\/2025\/07\/03\/padre-patton-e-i-suoi-nove-anni-da-custode-di-terra-santa-un-privilegio-custodire-il-luoghi-della-salvezza-il-futuro-ho-imparato-a-fidarmi-di-dio-sul-conflitto-infinito-la-gente-e-stanca-di\/\"},\"author\":{\"name\":\"Piergiorgio Franceschini\",\"@id\":\"https:\/\/www.diocesitn.it\/area-testimonianza\/#\/schema\/person\/99590c84577873a025247b6aeb16ad2e\"},\"headline\":\"Padre Patton e i suoi nove anni da Custode di Terra Santa: &#8220;Un privilegio custodire il luoghi della salvezza. Il futuro? Ho imparato a fidarmi di Dio&#8221;. Sul conflitto infinito: &#8220;La gente \u00e8 stanca di guerra&#8221; (VIDEO)\",\"datePublished\":\"2025-07-03T09:07:20+00:00\",\"dateModified\":\"2025-07-07T07:37:34+00:00\",\"mainEntityOfPage\":{\"@id\":\"https:\/\/www.diocesitn.it\/area-testimonianza\/2025\/07\/03\/padre-patton-e-i-suoi-nove-anni-da-custode-di-terra-santa-un-privilegio-custodire-il-luoghi-della-salvezza-il-futuro-ho-imparato-a-fidarmi-di-dio-sul-conflitto-infinito-la-gente-e-stanca-di\/\"},\"wordCount\":683,\"publisher\":{\"@id\":\"https:\/\/www.diocesitn.it\/area-testimonianza\/#organization\"},\"image\":{\"@id\":\"https:\/\/www.diocesitn.it\/area-testimonianza\/2025\/07\/03\/padre-patton-e-i-suoi-nove-anni-da-custode-di-terra-santa-un-privilegio-custodire-il-luoghi-della-salvezza-il-futuro-ho-imparato-a-fidarmi-di-dio-sul-conflitto-infinito-la-gente-e-stanca-di\/#primaryimage\"},\"thumbnailUrl\":\"https:\/\/www.diocesitn.it\/area-testimonianza\/wp-content\/uploads\/sites\/37\/2025\/07\/Patton_int_apr25.jpg\",\"keywords\":[\"p. Francesco Patton\"],\"articleSection\":[\"Notizie\",\"Pastorale Missionaria\"],\"inLanguage\":\"it-IT\",\"copyrightYear\":\"2025\",\"copyrightHolder\":{\"@id\":\"https:\/\/www.diocesitn.it\/#organization\"}},{\"@type\":\"WebPage\",\"@id\":\"https:\/\/www.diocesitn.it\/area-testimonianza\/2025\/07\/03\/padre-patton-e-i-suoi-nove-anni-da-custode-di-terra-santa-un-privilegio-custodire-il-luoghi-della-salvezza-il-futuro-ho-imparato-a-fidarmi-di-dio-sul-conflitto-infinito-la-gente-e-stanca-di\/\",\"url\":\"https:\/\/www.diocesitn.it\/area-testimonianza\/2025\/07\/03\/padre-patton-e-i-suoi-nove-anni-da-custode-di-terra-santa-un-privilegio-custodire-il-luoghi-della-salvezza-il-futuro-ho-imparato-a-fidarmi-di-dio-sul-conflitto-infinito-la-gente-e-stanca-di\/\",\"name\":\"Intervista a fra Patton suoi nove anni da Custode di Terra Santa\",\"isPartOf\":{\"@id\":\"https:\/\/www.diocesitn.it\/area-testimonianza\/#website\"},\"primaryImageOfPage\":{\"@id\":\"https:\/\/www.diocesitn.it\/area-testimonianza\/2025\/07\/03\/padre-patton-e-i-suoi-nove-anni-da-custode-di-terra-santa-un-privilegio-custodire-il-luoghi-della-salvezza-il-futuro-ho-imparato-a-fidarmi-di-dio-sul-conflitto-infinito-la-gente-e-stanca-di\/#primaryimage\"},\"image\":{\"@id\":\"https:\/\/www.diocesitn.it\/area-testimonianza\/2025\/07\/03\/padre-patton-e-i-suoi-nove-anni-da-custode-di-terra-santa-un-privilegio-custodire-il-luoghi-della-salvezza-il-futuro-ho-imparato-a-fidarmi-di-dio-sul-conflitto-infinito-la-gente-e-stanca-di\/#primaryimage\"},\"thumbnailUrl\":\"https:\/\/www.diocesitn.it\/area-testimonianza\/wp-content\/uploads\/sites\/37\/2025\/07\/Patton_int_apr25.jpg\",\"datePublished\":\"2025-07-03T09:07:20+00:00\",\"dateModified\":\"2025-07-07T07:37:34+00:00\",\"description\":\"Padre Patton e i suoi nove anni da Custode di Terra Santa: \\\"Un privilegio custodire il luoghi della salvezza\\\"\",\"breadcrumb\":{\"@id\":\"https:\/\/www.diocesitn.it\/area-testimonianza\/2025\/07\/03\/padre-patton-e-i-suoi-nove-anni-da-custode-di-terra-santa-un-privilegio-custodire-il-luoghi-della-salvezza-il-futuro-ho-imparato-a-fidarmi-di-dio-sul-conflitto-infinito-la-gente-e-stanca-di\/#breadcrumb\"},\"inLanguage\":\"it-IT\",\"potentialAction\":[{\"@type\":\"ReadAction\",\"target\":[\"https:\/\/www.diocesitn.it\/area-testimonianza\/2025\/07\/03\/padre-patton-e-i-suoi-nove-anni-da-custode-di-terra-santa-un-privilegio-custodire-il-luoghi-della-salvezza-il-futuro-ho-imparato-a-fidarmi-di-dio-sul-conflitto-infinito-la-gente-e-stanca-di\/\"]}]},{\"@type\":\"ImageObject\",\"inLanguage\":\"it-IT\",\"@id\":\"https:\/\/www.diocesitn.it\/area-testimonianza\/2025\/07\/03\/padre-patton-e-i-suoi-nove-anni-da-custode-di-terra-santa-un-privilegio-custodire-il-luoghi-della-salvezza-il-futuro-ho-imparato-a-fidarmi-di-dio-sul-conflitto-infinito-la-gente-e-stanca-di\/#primaryimage\",\"url\":\"https:\/\/www.diocesitn.it\/area-testimonianza\/wp-content\/uploads\/sites\/37\/2025\/07\/Patton_int_apr25.jpg\",\"contentUrl\":\"https:\/\/www.diocesitn.it\/area-testimonianza\/wp-content\/uploads\/sites\/37\/2025\/07\/Patton_int_apr25.jpg\",\"width\":1920,\"height\":1080},{\"@type\":\"BreadcrumbList\",\"@id\":\"https:\/\/www.diocesitn.it\/area-testimonianza\/2025\/07\/03\/padre-patton-e-i-suoi-nove-anni-da-custode-di-terra-santa-un-privilegio-custodire-il-luoghi-della-salvezza-il-futuro-ho-imparato-a-fidarmi-di-dio-sul-conflitto-infinito-la-gente-e-stanca-di\/#breadcrumb\",\"itemListElement\":[{\"@type\":\"ListItem\",\"position\":1,\"name\":\"Home\",\"item\":\"https:\/\/www.diocesitn.it\/area-testimonianza\/\"},{\"@type\":\"ListItem\",\"position\":2,\"name\":\"Padre Patton e i suoi nove anni da Custode di Terra Santa: &#8220;Un privilegio custodire il luoghi della salvezza. Il futuro? Ho imparato a fidarmi di Dio&#8221;. Sul conflitto infinito: &#8220;La gente \u00e8 stanca di guerra&#8221; (VIDEO)\"}]},{\"@type\":\"WebSite\",\"@id\":\"https:\/\/www.diocesitn.it\/area-testimonianza\/#website\",\"url\":\"https:\/\/www.diocesitn.it\/area-testimonianza\/\",\"name\":\"Testimonianza e Impegno sociale\",\"description\":\"Chiesa di Trento\",\"publisher\":{\"@id\":\"https:\/\/www.diocesitn.it\/area-testimonianza\/#organization\"},\"potentialAction\":[{\"@type\":\"SearchAction\",\"target\":{\"@type\":\"EntryPoint\",\"urlTemplate\":\"https:\/\/www.diocesitn.it\/area-testimonianza\/?s={search_term_string}\"},\"query-input\":\"required name=search_term_string\"}],\"inLanguage\":\"it-IT\"},{\"@type\":[\"Organization\",\"Place\"],\"@id\":\"https:\/\/www.diocesitn.it\/area-testimonianza\/#organization\",\"name\":\"Area Testimonianza e Impegno Sociale - Chiesa di Trento\",\"url\":\"https:\/\/www.diocesitn.it\/area-testimonianza\/\",\"logo\":{\"@id\":\"https:\/\/www.diocesitn.it\/area-testimonianza\/2025\/07\/03\/padre-patton-e-i-suoi-nove-anni-da-custode-di-terra-santa-un-privilegio-custodire-il-luoghi-della-salvezza-il-futuro-ho-imparato-a-fidarmi-di-dio-sul-conflitto-infinito-la-gente-e-stanca-di\/#local-main-organization-logo\"},\"image\":{\"@id\":\"https:\/\/www.diocesitn.it\/area-testimonianza\/2025\/07\/03\/padre-patton-e-i-suoi-nove-anni-da-custode-di-terra-santa-un-privilegio-custodire-il-luoghi-della-salvezza-il-futuro-ho-imparato-a-fidarmi-di-dio-sul-conflitto-infinito-la-gente-e-stanca-di\/#local-main-organization-logo\"},\"openingHoursSpecification\":[{\"@type\":\"OpeningHoursSpecification\",\"dayOfWeek\":[\"Monday\",\"Tuesday\",\"Wednesday\",\"Thursday\",\"Friday\",\"Saturday\",\"Sunday\"],\"opens\":\"09:00\",\"closes\":\"17:00\"}]},{\"@type\":\"ImageObject\",\"inLanguage\":\"it-IT\",\"@id\":\"https:\/\/www.diocesitn.it\/area-testimonianza\/2025\/07\/03\/padre-patton-e-i-suoi-nove-anni-da-custode-di-terra-santa-un-privilegio-custodire-il-luoghi-della-salvezza-il-futuro-ho-imparato-a-fidarmi-di-dio-sul-conflitto-infinito-la-gente-e-stanca-di\/#local-main-organization-logo\",\"url\":\"https:\/\/www.diocesitn.it\/area-testimonianza\/wp-content\/uploads\/sites\/37\/2021\/09\/og-logo-testimonianza-e-impegno-sociale.jpg\",\"contentUrl\":\"https:\/\/www.diocesitn.it\/area-testimonianza\/wp-content\/uploads\/sites\/37\/2021\/09\/og-logo-testimonianza-e-impegno-sociale.jpg\",\"width\":1200,\"height\":630,\"caption\":\"Area Testimonianza e Impegno Sociale - Chiesa di Trento\"}]}<\/script>\n<!-- \/ Yoast SEO Premium plugin. -->","yoast_head_json":{"title":"Intervista a fra Patton suoi nove anni da Custode di Terra Santa","description":"Padre Patton e i suoi nove anni da Custode di Terra Santa: \"Un privilegio custodire il luoghi della salvezza\"","robots":{"index":"index","follow":"follow","max-snippet":"max-snippet:-1","max-image-preview":"max-image-preview:large","max-video-preview":"max-video-preview:-1"},"canonical":"https:\/\/www.diocesitn.it\/area-testimonianza\/2025\/07\/03\/padre-patton-e-i-suoi-nove-anni-da-custode-di-terra-santa-un-privilegio-custodire-il-luoghi-della-salvezza-il-futuro-ho-imparato-a-fidarmi-di-dio-sul-conflitto-infinito-la-gente-e-stanca-di\/","og_locale":"it_IT","og_type":"article","og_title":"Padre Patton e i suoi nove anni da Custode di Terra Santa: \"Un privilegio custodire il luoghi della salvezza. Il futuro? Ho imparato a fidarmi di Dio\". Sul conflitto infinito: \"La gente \u00e8 stanca di guerra\" (VIDEO)","og_description":"Padre Patton e i suoi nove anni da Custode di Terra Santa: \"Un privilegio custodire il luoghi della salvezza\"","og_url":"https:\/\/www.diocesitn.it\/area-testimonianza\/2025\/07\/03\/padre-patton-e-i-suoi-nove-anni-da-custode-di-terra-santa-un-privilegio-custodire-il-luoghi-della-salvezza-il-futuro-ho-imparato-a-fidarmi-di-dio-sul-conflitto-infinito-la-gente-e-stanca-di\/","og_site_name":"Testimonianza e Impegno sociale","article_published_time":"2025-07-03T09:07:20+00:00","article_modified_time":"2025-07-07T07:37:34+00:00","og_image":[{"width":1920,"height":1080,"url":"https:\/\/www.diocesitn.it\/area-testimonianza\/wp-content\/uploads\/sites\/37\/2025\/07\/Patton_int_apr25.jpg","type":"image\/jpeg"}],"author":"Piergiorgio Franceschini","twitter_card":"summary_large_image","twitter_misc":{"Scritto da":"Piergiorgio Franceschini","Tempo di lettura stimato":"4 minuti"},"schema":{"@context":"https:\/\/schema.org","@graph":[{"@type":"Article","@id":"https:\/\/www.diocesitn.it\/area-testimonianza\/2025\/07\/03\/padre-patton-e-i-suoi-nove-anni-da-custode-di-terra-santa-un-privilegio-custodire-il-luoghi-della-salvezza-il-futuro-ho-imparato-a-fidarmi-di-dio-sul-conflitto-infinito-la-gente-e-stanca-di\/#article","isPartOf":{"@id":"https:\/\/www.diocesitn.it\/area-testimonianza\/2025\/07\/03\/padre-patton-e-i-suoi-nove-anni-da-custode-di-terra-santa-un-privilegio-custodire-il-luoghi-della-salvezza-il-futuro-ho-imparato-a-fidarmi-di-dio-sul-conflitto-infinito-la-gente-e-stanca-di\/"},"author":{"name":"Piergiorgio Franceschini","@id":"https:\/\/www.diocesitn.it\/area-testimonianza\/#\/schema\/person\/99590c84577873a025247b6aeb16ad2e"},"headline":"Padre Patton e i suoi nove anni da Custode di Terra Santa: &#8220;Un privilegio custodire il luoghi della salvezza. Il futuro? Ho imparato a fidarmi di Dio&#8221;. Sul conflitto infinito: &#8220;La gente \u00e8 stanca di guerra&#8221; (VIDEO)","datePublished":"2025-07-03T09:07:20+00:00","dateModified":"2025-07-07T07:37:34+00:00","mainEntityOfPage":{"@id":"https:\/\/www.diocesitn.it\/area-testimonianza\/2025\/07\/03\/padre-patton-e-i-suoi-nove-anni-da-custode-di-terra-santa-un-privilegio-custodire-il-luoghi-della-salvezza-il-futuro-ho-imparato-a-fidarmi-di-dio-sul-conflitto-infinito-la-gente-e-stanca-di\/"},"wordCount":683,"publisher":{"@id":"https:\/\/www.diocesitn.it\/area-testimonianza\/#organization"},"image":{"@id":"https:\/\/www.diocesitn.it\/area-testimonianza\/2025\/07\/03\/padre-patton-e-i-suoi-nove-anni-da-custode-di-terra-santa-un-privilegio-custodire-il-luoghi-della-salvezza-il-futuro-ho-imparato-a-fidarmi-di-dio-sul-conflitto-infinito-la-gente-e-stanca-di\/#primaryimage"},"thumbnailUrl":"https:\/\/www.diocesitn.it\/area-testimonianza\/wp-content\/uploads\/sites\/37\/2025\/07\/Patton_int_apr25.jpg","keywords":["p. Francesco Patton"],"articleSection":["Notizie","Pastorale Missionaria"],"inLanguage":"it-IT","copyrightYear":"2025","copyrightHolder":{"@id":"https:\/\/www.diocesitn.it\/#organization"}},{"@type":"WebPage","@id":"https:\/\/www.diocesitn.it\/area-testimonianza\/2025\/07\/03\/padre-patton-e-i-suoi-nove-anni-da-custode-di-terra-santa-un-privilegio-custodire-il-luoghi-della-salvezza-il-futuro-ho-imparato-a-fidarmi-di-dio-sul-conflitto-infinito-la-gente-e-stanca-di\/","url":"https:\/\/www.diocesitn.it\/area-testimonianza\/2025\/07\/03\/padre-patton-e-i-suoi-nove-anni-da-custode-di-terra-santa-un-privilegio-custodire-il-luoghi-della-salvezza-il-futuro-ho-imparato-a-fidarmi-di-dio-sul-conflitto-infinito-la-gente-e-stanca-di\/","name":"Intervista a fra Patton suoi nove anni da Custode di Terra Santa","isPartOf":{"@id":"https:\/\/www.diocesitn.it\/area-testimonianza\/#website"},"primaryImageOfPage":{"@id":"https:\/\/www.diocesitn.it\/area-testimonianza\/2025\/07\/03\/padre-patton-e-i-suoi-nove-anni-da-custode-di-terra-santa-un-privilegio-custodire-il-luoghi-della-salvezza-il-futuro-ho-imparato-a-fidarmi-di-dio-sul-conflitto-infinito-la-gente-e-stanca-di\/#primaryimage"},"image":{"@id":"https:\/\/www.diocesitn.it\/area-testimonianza\/2025\/07\/03\/padre-patton-e-i-suoi-nove-anni-da-custode-di-terra-santa-un-privilegio-custodire-il-luoghi-della-salvezza-il-futuro-ho-imparato-a-fidarmi-di-dio-sul-conflitto-infinito-la-gente-e-stanca-di\/#primaryimage"},"thumbnailUrl":"https:\/\/www.diocesitn.it\/area-testimonianza\/wp-content\/uploads\/sites\/37\/2025\/07\/Patton_int_apr25.jpg","datePublished":"2025-07-03T09:07:20+00:00","dateModified":"2025-07-07T07:37:34+00:00","description":"Padre Patton e i suoi nove anni da Custode di Terra Santa: \"Un privilegio custodire il luoghi della salvezza\"","breadcrumb":{"@id":"https:\/\/www.diocesitn.it\/area-testimonianza\/2025\/07\/03\/padre-patton-e-i-suoi-nove-anni-da-custode-di-terra-santa-un-privilegio-custodire-il-luoghi-della-salvezza-il-futuro-ho-imparato-a-fidarmi-di-dio-sul-conflitto-infinito-la-gente-e-stanca-di\/#breadcrumb"},"inLanguage":"it-IT","potentialAction":[{"@type":"ReadAction","target":["https:\/\/www.diocesitn.it\/area-testimonianza\/2025\/07\/03\/padre-patton-e-i-suoi-nove-anni-da-custode-di-terra-santa-un-privilegio-custodire-il-luoghi-della-salvezza-il-futuro-ho-imparato-a-fidarmi-di-dio-sul-conflitto-infinito-la-gente-e-stanca-di\/"]}]},{"@type":"ImageObject","inLanguage":"it-IT","@id":"https:\/\/www.diocesitn.it\/area-testimonianza\/2025\/07\/03\/padre-patton-e-i-suoi-nove-anni-da-custode-di-terra-santa-un-privilegio-custodire-il-luoghi-della-salvezza-il-futuro-ho-imparato-a-fidarmi-di-dio-sul-conflitto-infinito-la-gente-e-stanca-di\/#primaryimage","url":"https:\/\/www.diocesitn.it\/area-testimonianza\/wp-content\/uploads\/sites\/37\/2025\/07\/Patton_int_apr25.jpg","contentUrl":"https:\/\/www.diocesitn.it\/area-testimonianza\/wp-content\/uploads\/sites\/37\/2025\/07\/Patton_int_apr25.jpg","width":1920,"height":1080},{"@type":"BreadcrumbList","@id":"https:\/\/www.diocesitn.it\/area-testimonianza\/2025\/07\/03\/padre-patton-e-i-suoi-nove-anni-da-custode-di-terra-santa-un-privilegio-custodire-il-luoghi-della-salvezza-il-futuro-ho-imparato-a-fidarmi-di-dio-sul-conflitto-infinito-la-gente-e-stanca-di\/#breadcrumb","itemListElement":[{"@type":"ListItem","position":1,"name":"Home","item":"https:\/\/www.diocesitn.it\/area-testimonianza\/"},{"@type":"ListItem","position":2,"name":"Padre Patton e i suoi nove anni da Custode di Terra Santa: &#8220;Un privilegio custodire il luoghi della salvezza. Il futuro? Ho imparato a fidarmi di Dio&#8221;. Sul conflitto infinito: &#8220;La gente \u00e8 stanca di guerra&#8221; (VIDEO)"}]},{"@type":"WebSite","@id":"https:\/\/www.diocesitn.it\/area-testimonianza\/#website","url":"https:\/\/www.diocesitn.it\/area-testimonianza\/","name":"Testimonianza e Impegno sociale","description":"Chiesa di Trento","publisher":{"@id":"https:\/\/www.diocesitn.it\/area-testimonianza\/#organization"},"potentialAction":[{"@type":"SearchAction","target":{"@type":"EntryPoint","urlTemplate":"https:\/\/www.diocesitn.it\/area-testimonianza\/?s={search_term_string}"},"query-input":"required name=search_term_string"}],"inLanguage":"it-IT"},{"@type":["Organization","Place"],"@id":"https:\/\/www.diocesitn.it\/area-testimonianza\/#organization","name":"Area Testimonianza e Impegno Sociale - Chiesa di Trento","url":"https:\/\/www.diocesitn.it\/area-testimonianza\/","logo":{"@id":"https:\/\/www.diocesitn.it\/area-testimonianza\/2025\/07\/03\/padre-patton-e-i-suoi-nove-anni-da-custode-di-terra-santa-un-privilegio-custodire-il-luoghi-della-salvezza-il-futuro-ho-imparato-a-fidarmi-di-dio-sul-conflitto-infinito-la-gente-e-stanca-di\/#local-main-organization-logo"},"image":{"@id":"https:\/\/www.diocesitn.it\/area-testimonianza\/2025\/07\/03\/padre-patton-e-i-suoi-nove-anni-da-custode-di-terra-santa-un-privilegio-custodire-il-luoghi-della-salvezza-il-futuro-ho-imparato-a-fidarmi-di-dio-sul-conflitto-infinito-la-gente-e-stanca-di\/#local-main-organization-logo"},"openingHoursSpecification":[{"@type":"OpeningHoursSpecification","dayOfWeek":["Monday","Tuesday","Wednesday","Thursday","Friday","Saturday","Sunday"],"opens":"09:00","closes":"17:00"}]},{"@type":"ImageObject","inLanguage":"it-IT","@id":"https:\/\/www.diocesitn.it\/area-testimonianza\/2025\/07\/03\/padre-patton-e-i-suoi-nove-anni-da-custode-di-terra-santa-un-privilegio-custodire-il-luoghi-della-salvezza-il-futuro-ho-imparato-a-fidarmi-di-dio-sul-conflitto-infinito-la-gente-e-stanca-di\/#local-main-organization-logo","url":"https:\/\/www.diocesitn.it\/area-testimonianza\/wp-content\/uploads\/sites\/37\/2021\/09\/og-logo-testimonianza-e-impegno-sociale.jpg","contentUrl":"https:\/\/www.diocesitn.it\/area-testimonianza\/wp-content\/uploads\/sites\/37\/2021\/09\/og-logo-testimonianza-e-impegno-sociale.jpg","width":1200,"height":630,"caption":"Area Testimonianza e Impegno Sociale - Chiesa di Trento"}]}},"_links":{"self":[{"href":"https:\/\/www.diocesitn.it\/area-testimonianza\/wp-json\/wp\/v2\/posts\/17972","targetHints":{"allow":["GET"]}}],"collection":[{"href":"https:\/\/www.diocesitn.it\/area-testimonianza\/wp-json\/wp\/v2\/posts"}],"about":[{"href":"https:\/\/www.diocesitn.it\/area-testimonianza\/wp-json\/wp\/v2\/types\/post"}],"author":[{"embeddable":true,"href":"https:\/\/www.diocesitn.it\/area-testimonianza\/wp-json\/wp\/v2\/users\/3"}],"replies":[{"embeddable":true,"href":"https:\/\/www.diocesitn.it\/area-testimonianza\/wp-json\/wp\/v2\/comments?post=17972"}],"version-history":[{"count":1,"href":"https:\/\/www.diocesitn.it\/area-testimonianza\/wp-json\/wp\/v2\/posts\/17972\/revisions"}],"predecessor-version":[{"id":17975,"href":"https:\/\/www.diocesitn.it\/area-testimonianza\/wp-json\/wp\/v2\/posts\/17972\/revisions\/17975"}],"wp:featuredmedia":[{"embeddable":true,"href":"https:\/\/www.diocesitn.it\/area-testimonianza\/wp-json\/wp\/v2\/media\/17973"}],"wp:attachment":[{"href":"https:\/\/www.diocesitn.it\/area-testimonianza\/wp-json\/wp\/v2\/media?parent=17972"}],"wp:term":[{"taxonomy":"category","embeddable":true,"href":"https:\/\/www.diocesitn.it\/area-testimonianza\/wp-json\/wp\/v2\/categories?post=17972"},{"taxonomy":"post_tag","embeddable":true,"href":"https:\/\/www.diocesitn.it\/area-testimonianza\/wp-json\/wp\/v2\/tags?post=17972"}],"curies":[{"name":"wp","href":"https:\/\/api.w.org\/{rel}","templated":true}]}}