{"id":17924,"date":"2025-06-25T09:50:10","date_gmt":"2025-06-25T07:50:10","guid":{"rendered":"https:\/\/www.diocesitn.it\/area-testimonianza\/?p=17924"},"modified":"2025-07-29T13:57:40","modified_gmt":"2025-07-29T11:57:40","slug":"giubileo-dei-migranti-programma-del-pellegrinaggio-a-roma-con-modulo-discrizione","status":"publish","type":"post","link":"https:\/\/www.diocesitn.it\/area-testimonianza\/2025\/06\/25\/giubileo-dei-migranti-programma-del-pellegrinaggio-a-roma-con-modulo-discrizione\/","title":{"rendered":"Giubileo dei migranti. Programma del pellegrinaggio a Roma con modulo d&#8217;iscrizione"},"content":{"rendered":"<p>\u00c8 disponibile il programma del <strong>Giubileo dei migranti a Roma<\/strong>\u00a0che si terr\u00e0\u00a0<strong>dal 4 al 5 ottobre.<\/strong><\/p>\n<h2>Programma<\/h2>\n<p><strong>Sabato 4 ottobre<br \/>\n<\/strong>Nelle prime ore del mattino ritrovo dei Partecipanti a Trento in piazzale San Severino, sistemazione sul pullman e partenza per Roma. Sosta lungo il percorso per il pranzo libero. Nel pomeriggio arrivo a Roma e visita libera della Basilica di S. Maria Maggiore la prima chiesa romana dedicata nel V secolo al dogma della divina maternit\u00e0 di Maria e della Basilica di S. Giovanni in Laterano, la Chiesa pi\u00f9 importante del mondo cristiano, che fu fondata da Papa Melchiade sulle propriet\u00e0 donategli dall&#8217;imperatore Costantino. Al termine trasferimento in struttura religiosa, sistemazione nelle camere riservate, cena e pernottamento.<\/p>\n<p><strong>Domenica 5 ottobre<br \/>\n<\/strong>Prima colazione. Al mattino visita libera di Piazza S. Pietro, a seguire partecipazione alla preghiera dell\u2019Angelus con il Santo Padre. Al termine, partenza per il viaggio di rientro con arrivo a Trento in Piazzale San Severino previsto in serata. Sosta lungo il percorso per il pranzo libero.<strong><br \/>\n<\/strong><\/p>\n<h2>Iscrizioni<\/h2>\n<h4><strong>Le iscrizioni sono chiuse.<\/strong><\/h4>\n<p><del><strong>Chi desiderasse partecipare\u00a0<\/strong>\u00e8 pregato di <b>compilare il modulo in fondo a questa pagina<\/b>.<\/del><\/p>\n<p>Il pellegrinaggio si terr\u00e0 con un minimo di 50 partecipanti<\/p>\n<p><strong>Quota<\/strong> individuale di partecipazione: <strong>\u20ac 240<\/strong><br \/>\n<strong>Supplemento<\/strong>\u00a0per la camera singola:\u00a0<strong>\u20ac 40<\/strong><\/p>\n<p>Bonifico sul Conto Corrente Bancario:<br \/>\nIBAN IT60 N030 6901 8561 0000 0000 667 intestato a Arcidiocesi di Trento indicando nella causale \u201cGiubileo dei migranti\u2013 Nome e Cognome\u201d<\/p>\n<p><strong>Acconto di \u20ac 100 da versare in fase di iscrizione entro il 20 luglio<\/strong>. Attenzione, all&#8217;acconto va aggiunta la polizza d&#8217;annullamento facoltativa (\u20ac 10,80 per camera doppia; \u20ac 12,60 per camera singola).<span style=\"font-size: inherit\"> In caso di ritiro l&#8217;acconto potr\u00e0 essere rimborsato entro il 20 agosto. <\/span><strong style=\"font-size: inherit\">Saldo quota totale entro il 20 agosto.<\/strong><span style=\"font-size: inherit\">\u00a0In caso di ritiro dopo tale data non si avr\u00e0 diritto a nessun rimborso (salvo sottoscrizione della polizza annullamento, su richiesta, nel modulo di iscrizione \u2013 pari al 4,5% della quota individuale di partecipazione).<\/span><\/p>\n<p>Possibilit\u00e0 di stanze singole o doppie. La disponibilit\u00e0 delle stanze singole \u00e8 limitata. Ad iscrizioni chiuse, qualora una richiesta non potesse essere accolta (rispetto alla scelta della stanza), sar\u00e0 premura del Centro Missionario di contattare l\u2019iscritto\/a.<\/p>\n<h5>La quota individuale di partecipazione comprende<\/h5>\n<ul>\n<li>Viaggio in Pullman GT privato.<\/li>\n<li>Sistemazione in struttura religiosa in camere doppie con servizi privati.<\/li>\n<li>Trattamento di mezza pensione dalla cena del primo giorno alla colazione dell\u2019ultimo.<\/li>\n<li>Tassa di soggiorno pari a \u20ac6,00 a notte per persona.<\/li>\n<li>Assicurazione medico-bagaglio \u201cAMITOUR\u201d by Ami Assistance.<\/li>\n<\/ul>\n<h5>La quota individuale di partecipazione NON comprende<\/h5>\n<ul>\n<li>Pranzi.<\/li>\n<li>Bevande ai pasti.<\/li>\n<li>Mance, extra in genere e tutto quanto non espressamente specificato alla voce \u201cla quota individuale di partecipazione comprende\u201d.<\/li>\n<\/ul>\n<h5>Note generali<\/h5>\n<ul>\n<li>Per questo viaggio \u00e8 necessaria la carta d\u2019identit\u00e0 o altro documento in corso di validit\u00e0.<\/li>\n<\/ul>\n<h2>Informazioni<\/h2>\n<p><strong>Per informazioni<\/strong> scrivere a\u00a0<a href=\"mailto:migrantes@diocesitn.it\">migrantes@diocesitn.it<\/a> oppure <a href=\"mailto:centro.missionario@diocesitn.it\">centro.missionario@diocesitn.it<\/a><br \/>\nTelefono Centro Missionario 0461 891270<\/p>\n<p>Leggi il programma:<br \/>\n<a href=\"https:\/\/www.diocesitn.it\/area-testimonianza\/wp-content\/uploads\/sites\/37\/2025\/06\/programma_Giubileo-migranti-2025.jpg\" target=\"_blank\" rel=\"noopener\">PROGRAMMA DETTAGLIATO<\/a><br \/>\n<a href=\"https:\/\/www.diocesitn.it\/area-testimonianza\/wp-content\/uploads\/sites\/37\/2025\/06\/locandina_Giubileo-migranti-2025.jpg\" target=\"_blank\" rel=\"noopener\">LOCANDINA<\/a><\/p>\n<p><a href=\"https:\/\/www.diocesitn.it\/area-annuncio\/wp-content\/uploads\/sites\/39\/2025\/05\/Certificato-ITA-Amitravel_max-50.pdf\">Certificato di Polizza con annullamento viaggio<\/a><\/p>\n<p style=\"text-align: right\"><em>[Foto: Nimrodins\/Pixabai]<\/em><\/p>\n<hr \/>\n<h2>Iscrizioni chiuse<\/h2>\n<p>&nbsp;<\/p>\n","protected":false},"excerpt":{"rendered":"<p>\u00c8 disponibile il programma del Giubileo dei migranti a Roma\u00a0che si terr\u00e0\u00a0dal 4 al 5 ottobre. Programma Sabato 4 ottobre Nelle prime ore del mattino ritrovo dei Partecipanti a Trento in piazzale San Severino, sistemazione<\/p>\n","protected":false},"author":161,"featured_media":17927,"comment_status":"closed","ping_status":"closed","sticky":false,"template":"","format":"standard","meta":{"footnotes":""},"categories":[1074,1662],"tags":[],"class_list":["post-17924","post","type-post","status-publish","format-standard","has-post-thumbnail","hentry","category-notizie","category-servizio-migrazioni"],"acf":{"seed-localization-paese-cod":"IT","seed-localization-address":"","seed-localization-citta":"Trento","seed-localization-regione-cod-istat":"04","seed-localization-citta-cod-istat":"022205","seed-localization-localita":"","seed-localization-cap":"","seed-localization-marker-visibility":false,"seed-localization-children-visibility":false,"seed-localization-kml":"","seed-localization-custom-marker":""},"yoast_head":"<!-- This site is optimized with the Yoast SEO Premium plugin v20.2.1 (Yoast SEO v22.2) - https:\/\/yoast.com\/wordpress\/plugins\/seo\/ -->\n<title>Giubileo dei migranti. Programma del pellegrinaggio a Roma con modulo d&#039;iscrizione<\/title>\n<meta name=\"description\" content=\"4-5 ottobre 2025. Il pellegrinaggio del giubileo dei migranti della diocesi di Trento. Tutte le informazioni con programma\" \/>\n<meta name=\"robots\" content=\"index, follow, max-snippet:-1, max-image-preview:large, max-video-preview:-1\" \/>\n<link rel=\"canonical\" href=\"https:\/\/www.diocesitn.it\/area-testimonianza\/2025\/06\/25\/giubileo-dei-migranti-programma-del-pellegrinaggio-a-roma-con-modulo-discrizione\/\" \/>\n<meta property=\"og:locale\" content=\"it_IT\" \/>\n<meta property=\"og:type\" content=\"article\" \/>\n<meta property=\"og:title\" content=\"Giubileo dei migranti. Programma del pellegrinaggio a Roma con modulo d&#039;iscrizione\" \/>\n<meta property=\"og:description\" content=\"4-5 ottobre 2025. Il pellegrinaggio del giubileo dei migranti della diocesi di Trento. Tutte le informazioni con programma\" \/>\n<meta property=\"og:url\" content=\"https:\/\/www.diocesitn.it\/area-testimonianza\/2025\/06\/25\/giubileo-dei-migranti-programma-del-pellegrinaggio-a-roma-con-modulo-discrizione\/\" \/>\n<meta property=\"og:site_name\" content=\"Testimonianza e Impegno sociale\" \/>\n<meta property=\"article:published_time\" content=\"2025-06-25T07:50:10+00:00\" \/>\n<meta property=\"article:modified_time\" content=\"2025-07-29T11:57:40+00:00\" \/>\n<meta property=\"og:image\" content=\"https:\/\/www.diocesitn.it\/area-testimonianza\/wp-content\/uploads\/sites\/37\/2025\/06\/tiber-river-nimrodins-pixabai.jpg\" \/>\n\t<meta property=\"og:image:width\" content=\"1280\" \/>\n\t<meta property=\"og:image:height\" content=\"845\" \/>\n\t<meta property=\"og:image:type\" content=\"image\/jpeg\" \/>\n<meta name=\"author\" content=\"smaule\" \/>\n<meta name=\"twitter:card\" content=\"summary_large_image\" \/>\n<meta name=\"twitter:label1\" content=\"Scritto da\" \/>\n\t<meta name=\"twitter:data1\" content=\"smaule\" \/>\n\t<meta name=\"twitter:label2\" content=\"Tempo di lettura stimato\" \/>\n\t<meta name=\"twitter:data2\" content=\"3 minuti\" \/>\n<script type=\"application\/ld+json\" class=\"yoast-schema-graph\">{\"@context\":\"https:\/\/schema.org\",\"@graph\":[{\"@type\":\"Article\",\"@id\":\"https:\/\/www.diocesitn.it\/area-testimonianza\/2025\/06\/25\/giubileo-dei-migranti-programma-del-pellegrinaggio-a-roma-con-modulo-discrizione\/#article\",\"isPartOf\":{\"@id\":\"https:\/\/www.diocesitn.it\/area-testimonianza\/2025\/06\/25\/giubileo-dei-migranti-programma-del-pellegrinaggio-a-roma-con-modulo-discrizione\/\"},\"author\":{\"name\":\"smaule\",\"@id\":\"https:\/\/www.diocesitn.it\/area-testimonianza\/#\/schema\/person\/bac489aafb7f98c1ca25f76c27174a95\"},\"headline\":\"Giubileo dei migranti. Programma del pellegrinaggio a Roma con modulo d&#8217;iscrizione\",\"datePublished\":\"2025-06-25T07:50:10+00:00\",\"dateModified\":\"2025-07-29T11:57:40+00:00\",\"mainEntityOfPage\":{\"@id\":\"https:\/\/www.diocesitn.it\/area-testimonianza\/2025\/06\/25\/giubileo-dei-migranti-programma-del-pellegrinaggio-a-roma-con-modulo-discrizione\/\"},\"wordCount\":474,\"publisher\":{\"@id\":\"https:\/\/www.diocesitn.it\/area-testimonianza\/#organization\"},\"image\":{\"@id\":\"https:\/\/www.diocesitn.it\/area-testimonianza\/2025\/06\/25\/giubileo-dei-migranti-programma-del-pellegrinaggio-a-roma-con-modulo-discrizione\/#primaryimage\"},\"thumbnailUrl\":\"https:\/\/www.diocesitn.it\/area-testimonianza\/wp-content\/uploads\/sites\/37\/2025\/06\/tiber-river-nimrodins-pixabai.jpg\",\"articleSection\":[\"Notizie\",\"Pastorale delle Migrazioni\"],\"inLanguage\":\"it-IT\",\"copyrightYear\":\"2025\",\"copyrightHolder\":{\"@id\":\"https:\/\/www.diocesitn.it\/#organization\"}},{\"@type\":\"WebPage\",\"@id\":\"https:\/\/www.diocesitn.it\/area-testimonianza\/2025\/06\/25\/giubileo-dei-migranti-programma-del-pellegrinaggio-a-roma-con-modulo-discrizione\/\",\"url\":\"https:\/\/www.diocesitn.it\/area-testimonianza\/2025\/06\/25\/giubileo-dei-migranti-programma-del-pellegrinaggio-a-roma-con-modulo-discrizione\/\",\"name\":\"Giubileo dei migranti. Programma del pellegrinaggio a Roma con modulo d'iscrizione\",\"isPartOf\":{\"@id\":\"https:\/\/www.diocesitn.it\/area-testimonianza\/#website\"},\"primaryImageOfPage\":{\"@id\":\"https:\/\/www.diocesitn.it\/area-testimonianza\/2025\/06\/25\/giubileo-dei-migranti-programma-del-pellegrinaggio-a-roma-con-modulo-discrizione\/#primaryimage\"},\"image\":{\"@id\":\"https:\/\/www.diocesitn.it\/area-testimonianza\/2025\/06\/25\/giubileo-dei-migranti-programma-del-pellegrinaggio-a-roma-con-modulo-discrizione\/#primaryimage\"},\"thumbnailUrl\":\"https:\/\/www.diocesitn.it\/area-testimonianza\/wp-content\/uploads\/sites\/37\/2025\/06\/tiber-river-nimrodins-pixabai.jpg\",\"datePublished\":\"2025-06-25T07:50:10+00:00\",\"dateModified\":\"2025-07-29T11:57:40+00:00\",\"description\":\"4-5 ottobre 2025. Il pellegrinaggio del giubileo dei migranti della diocesi di Trento. Tutte le informazioni con programma\",\"breadcrumb\":{\"@id\":\"https:\/\/www.diocesitn.it\/area-testimonianza\/2025\/06\/25\/giubileo-dei-migranti-programma-del-pellegrinaggio-a-roma-con-modulo-discrizione\/#breadcrumb\"},\"inLanguage\":\"it-IT\",\"potentialAction\":[{\"@type\":\"ReadAction\",\"target\":[\"https:\/\/www.diocesitn.it\/area-testimonianza\/2025\/06\/25\/giubileo-dei-migranti-programma-del-pellegrinaggio-a-roma-con-modulo-discrizione\/\"]}]},{\"@type\":\"ImageObject\",\"inLanguage\":\"it-IT\",\"@id\":\"https:\/\/www.diocesitn.it\/area-testimonianza\/2025\/06\/25\/giubileo-dei-migranti-programma-del-pellegrinaggio-a-roma-con-modulo-discrizione\/#primaryimage\",\"url\":\"https:\/\/www.diocesitn.it\/area-testimonianza\/wp-content\/uploads\/sites\/37\/2025\/06\/tiber-river-nimrodins-pixabai.jpg\",\"contentUrl\":\"https:\/\/www.diocesitn.it\/area-testimonianza\/wp-content\/uploads\/sites\/37\/2025\/06\/tiber-river-nimrodins-pixabai.jpg\",\"width\":1280,\"height\":845},{\"@type\":\"BreadcrumbList\",\"@id\":\"https:\/\/www.diocesitn.it\/area-testimonianza\/2025\/06\/25\/giubileo-dei-migranti-programma-del-pellegrinaggio-a-roma-con-modulo-discrizione\/#breadcrumb\",\"itemListElement\":[{\"@type\":\"ListItem\",\"position\":1,\"name\":\"Home\",\"item\":\"https:\/\/www.diocesitn.it\/area-testimonianza\/\"},{\"@type\":\"ListItem\",\"position\":2,\"name\":\"Giubileo dei migranti. Programma del pellegrinaggio a Roma con modulo d&#8217;iscrizione\"}]},{\"@type\":\"WebSite\",\"@id\":\"https:\/\/www.diocesitn.it\/area-testimonianza\/#website\",\"url\":\"https:\/\/www.diocesitn.it\/area-testimonianza\/\",\"name\":\"Testimonianza e Impegno sociale\",\"description\":\"Chiesa di Trento\",\"publisher\":{\"@id\":\"https:\/\/www.diocesitn.it\/area-testimonianza\/#organization\"},\"potentialAction\":[{\"@type\":\"SearchAction\",\"target\":{\"@type\":\"EntryPoint\",\"urlTemplate\":\"https:\/\/www.diocesitn.it\/area-testimonianza\/?s={search_term_string}\"},\"query-input\":\"required name=search_term_string\"}],\"inLanguage\":\"it-IT\"},{\"@type\":[\"Organization\",\"Place\"],\"@id\":\"https:\/\/www.diocesitn.it\/area-testimonianza\/#organization\",\"name\":\"Area Testimonianza e Impegno Sociale - Chiesa di Trento\",\"url\":\"https:\/\/www.diocesitn.it\/area-testimonianza\/\",\"logo\":{\"@id\":\"https:\/\/www.diocesitn.it\/area-testimonianza\/2025\/06\/25\/giubileo-dei-migranti-programma-del-pellegrinaggio-a-roma-con-modulo-discrizione\/#local-main-organization-logo\"},\"image\":{\"@id\":\"https:\/\/www.diocesitn.it\/area-testimonianza\/2025\/06\/25\/giubileo-dei-migranti-programma-del-pellegrinaggio-a-roma-con-modulo-discrizione\/#local-main-organization-logo\"},\"openingHoursSpecification\":[{\"@type\":\"OpeningHoursSpecification\",\"dayOfWeek\":[\"Monday\",\"Tuesday\",\"Wednesday\",\"Thursday\",\"Friday\",\"Saturday\",\"Sunday\"],\"opens\":\"09:00\",\"closes\":\"17:00\"}]},{\"@type\":\"ImageObject\",\"inLanguage\":\"it-IT\",\"@id\":\"https:\/\/www.diocesitn.it\/area-testimonianza\/2025\/06\/25\/giubileo-dei-migranti-programma-del-pellegrinaggio-a-roma-con-modulo-discrizione\/#local-main-organization-logo\",\"url\":\"https:\/\/www.diocesitn.it\/area-testimonianza\/wp-content\/uploads\/sites\/37\/2021\/09\/og-logo-testimonianza-e-impegno-sociale.jpg\",\"contentUrl\":\"https:\/\/www.diocesitn.it\/area-testimonianza\/wp-content\/uploads\/sites\/37\/2021\/09\/og-logo-testimonianza-e-impegno-sociale.jpg\",\"width\":1200,\"height\":630,\"caption\":\"Area Testimonianza e Impegno Sociale - Chiesa di Trento\"}]}<\/script>\n<!-- \/ Yoast SEO Premium plugin. -->","yoast_head_json":{"title":"Giubileo dei migranti. Programma del pellegrinaggio a Roma con modulo d'iscrizione","description":"4-5 ottobre 2025. Il pellegrinaggio del giubileo dei migranti della diocesi di Trento. Tutte le informazioni con programma","robots":{"index":"index","follow":"follow","max-snippet":"max-snippet:-1","max-image-preview":"max-image-preview:large","max-video-preview":"max-video-preview:-1"},"canonical":"https:\/\/www.diocesitn.it\/area-testimonianza\/2025\/06\/25\/giubileo-dei-migranti-programma-del-pellegrinaggio-a-roma-con-modulo-discrizione\/","og_locale":"it_IT","og_type":"article","og_title":"Giubileo dei migranti. Programma del pellegrinaggio a Roma con modulo d'iscrizione","og_description":"4-5 ottobre 2025. Il pellegrinaggio del giubileo dei migranti della diocesi di Trento. Tutte le informazioni con programma","og_url":"https:\/\/www.diocesitn.it\/area-testimonianza\/2025\/06\/25\/giubileo-dei-migranti-programma-del-pellegrinaggio-a-roma-con-modulo-discrizione\/","og_site_name":"Testimonianza e Impegno sociale","article_published_time":"2025-06-25T07:50:10+00:00","article_modified_time":"2025-07-29T11:57:40+00:00","og_image":[{"width":1280,"height":845,"url":"https:\/\/www.diocesitn.it\/area-testimonianza\/wp-content\/uploads\/sites\/37\/2025\/06\/tiber-river-nimrodins-pixabai.jpg","type":"image\/jpeg"}],"author":"smaule","twitter_card":"summary_large_image","twitter_misc":{"Scritto da":"smaule","Tempo di lettura stimato":"3 minuti"},"schema":{"@context":"https:\/\/schema.org","@graph":[{"@type":"Article","@id":"https:\/\/www.diocesitn.it\/area-testimonianza\/2025\/06\/25\/giubileo-dei-migranti-programma-del-pellegrinaggio-a-roma-con-modulo-discrizione\/#article","isPartOf":{"@id":"https:\/\/www.diocesitn.it\/area-testimonianza\/2025\/06\/25\/giubileo-dei-migranti-programma-del-pellegrinaggio-a-roma-con-modulo-discrizione\/"},"author":{"name":"smaule","@id":"https:\/\/www.diocesitn.it\/area-testimonianza\/#\/schema\/person\/bac489aafb7f98c1ca25f76c27174a95"},"headline":"Giubileo dei migranti. Programma del pellegrinaggio a Roma con modulo d&#8217;iscrizione","datePublished":"2025-06-25T07:50:10+00:00","dateModified":"2025-07-29T11:57:40+00:00","mainEntityOfPage":{"@id":"https:\/\/www.diocesitn.it\/area-testimonianza\/2025\/06\/25\/giubileo-dei-migranti-programma-del-pellegrinaggio-a-roma-con-modulo-discrizione\/"},"wordCount":474,"publisher":{"@id":"https:\/\/www.diocesitn.it\/area-testimonianza\/#organization"},"image":{"@id":"https:\/\/www.diocesitn.it\/area-testimonianza\/2025\/06\/25\/giubileo-dei-migranti-programma-del-pellegrinaggio-a-roma-con-modulo-discrizione\/#primaryimage"},"thumbnailUrl":"https:\/\/www.diocesitn.it\/area-testimonianza\/wp-content\/uploads\/sites\/37\/2025\/06\/tiber-river-nimrodins-pixabai.jpg","articleSection":["Notizie","Pastorale delle Migrazioni"],"inLanguage":"it-IT","copyrightYear":"2025","copyrightHolder":{"@id":"https:\/\/www.diocesitn.it\/#organization"}},{"@type":"WebPage","@id":"https:\/\/www.diocesitn.it\/area-testimonianza\/2025\/06\/25\/giubileo-dei-migranti-programma-del-pellegrinaggio-a-roma-con-modulo-discrizione\/","url":"https:\/\/www.diocesitn.it\/area-testimonianza\/2025\/06\/25\/giubileo-dei-migranti-programma-del-pellegrinaggio-a-roma-con-modulo-discrizione\/","name":"Giubileo dei migranti. Programma del pellegrinaggio a Roma con modulo d'iscrizione","isPartOf":{"@id":"https:\/\/www.diocesitn.it\/area-testimonianza\/#website"},"primaryImageOfPage":{"@id":"https:\/\/www.diocesitn.it\/area-testimonianza\/2025\/06\/25\/giubileo-dei-migranti-programma-del-pellegrinaggio-a-roma-con-modulo-discrizione\/#primaryimage"},"image":{"@id":"https:\/\/www.diocesitn.it\/area-testimonianza\/2025\/06\/25\/giubileo-dei-migranti-programma-del-pellegrinaggio-a-roma-con-modulo-discrizione\/#primaryimage"},"thumbnailUrl":"https:\/\/www.diocesitn.it\/area-testimonianza\/wp-content\/uploads\/sites\/37\/2025\/06\/tiber-river-nimrodins-pixabai.jpg","datePublished":"2025-06-25T07:50:10+00:00","dateModified":"2025-07-29T11:57:40+00:00","description":"4-5 ottobre 2025. Il pellegrinaggio del giubileo dei migranti della diocesi di Trento. Tutte le informazioni con programma","breadcrumb":{"@id":"https:\/\/www.diocesitn.it\/area-testimonianza\/2025\/06\/25\/giubileo-dei-migranti-programma-del-pellegrinaggio-a-roma-con-modulo-discrizione\/#breadcrumb"},"inLanguage":"it-IT","potentialAction":[{"@type":"ReadAction","target":["https:\/\/www.diocesitn.it\/area-testimonianza\/2025\/06\/25\/giubileo-dei-migranti-programma-del-pellegrinaggio-a-roma-con-modulo-discrizione\/"]}]},{"@type":"ImageObject","inLanguage":"it-IT","@id":"https:\/\/www.diocesitn.it\/area-testimonianza\/2025\/06\/25\/giubileo-dei-migranti-programma-del-pellegrinaggio-a-roma-con-modulo-discrizione\/#primaryimage","url":"https:\/\/www.diocesitn.it\/area-testimonianza\/wp-content\/uploads\/sites\/37\/2025\/06\/tiber-river-nimrodins-pixabai.jpg","contentUrl":"https:\/\/www.diocesitn.it\/area-testimonianza\/wp-content\/uploads\/sites\/37\/2025\/06\/tiber-river-nimrodins-pixabai.jpg","width":1280,"height":845},{"@type":"BreadcrumbList","@id":"https:\/\/www.diocesitn.it\/area-testimonianza\/2025\/06\/25\/giubileo-dei-migranti-programma-del-pellegrinaggio-a-roma-con-modulo-discrizione\/#breadcrumb","itemListElement":[{"@type":"ListItem","position":1,"name":"Home","item":"https:\/\/www.diocesitn.it\/area-testimonianza\/"},{"@type":"ListItem","position":2,"name":"Giubileo dei migranti. Programma del pellegrinaggio a Roma con modulo d&#8217;iscrizione"}]},{"@type":"WebSite","@id":"https:\/\/www.diocesitn.it\/area-testimonianza\/#website","url":"https:\/\/www.diocesitn.it\/area-testimonianza\/","name":"Testimonianza e Impegno sociale","description":"Chiesa di Trento","publisher":{"@id":"https:\/\/www.diocesitn.it\/area-testimonianza\/#organization"},"potentialAction":[{"@type":"SearchAction","target":{"@type":"EntryPoint","urlTemplate":"https:\/\/www.diocesitn.it\/area-testimonianza\/?s={search_term_string}"},"query-input":"required name=search_term_string"}],"inLanguage":"it-IT"},{"@type":["Organization","Place"],"@id":"https:\/\/www.diocesitn.it\/area-testimonianza\/#organization","name":"Area Testimonianza e Impegno Sociale - Chiesa di Trento","url":"https:\/\/www.diocesitn.it\/area-testimonianza\/","logo":{"@id":"https:\/\/www.diocesitn.it\/area-testimonianza\/2025\/06\/25\/giubileo-dei-migranti-programma-del-pellegrinaggio-a-roma-con-modulo-discrizione\/#local-main-organization-logo"},"image":{"@id":"https:\/\/www.diocesitn.it\/area-testimonianza\/2025\/06\/25\/giubileo-dei-migranti-programma-del-pellegrinaggio-a-roma-con-modulo-discrizione\/#local-main-organization-logo"},"openingHoursSpecification":[{"@type":"OpeningHoursSpecification","dayOfWeek":["Monday","Tuesday","Wednesday","Thursday","Friday","Saturday","Sunday"],"opens":"09:00","closes":"17:00"}]},{"@type":"ImageObject","inLanguage":"it-IT","@id":"https:\/\/www.diocesitn.it\/area-testimonianza\/2025\/06\/25\/giubileo-dei-migranti-programma-del-pellegrinaggio-a-roma-con-modulo-discrizione\/#local-main-organization-logo","url":"https:\/\/www.diocesitn.it\/area-testimonianza\/wp-content\/uploads\/sites\/37\/2021\/09\/og-logo-testimonianza-e-impegno-sociale.jpg","contentUrl":"https:\/\/www.diocesitn.it\/area-testimonianza\/wp-content\/uploads\/sites\/37\/2021\/09\/og-logo-testimonianza-e-impegno-sociale.jpg","width":1200,"height":630,"caption":"Area Testimonianza e Impegno Sociale - Chiesa di Trento"}]}},"_links":{"self":[{"href":"https:\/\/www.diocesitn.it\/area-testimonianza\/wp-json\/wp\/v2\/posts\/17924","targetHints":{"allow":["GET"]}}],"collection":[{"href":"https:\/\/www.diocesitn.it\/area-testimonianza\/wp-json\/wp\/v2\/posts"}],"about":[{"href":"https:\/\/www.diocesitn.it\/area-testimonianza\/wp-json\/wp\/v2\/types\/post"}],"author":[{"embeddable":true,"href":"https:\/\/www.diocesitn.it\/area-testimonianza\/wp-json\/wp\/v2\/users\/161"}],"replies":[{"embeddable":true,"href":"https:\/\/www.diocesitn.it\/area-testimonianza\/wp-json\/wp\/v2\/comments?post=17924"}],"version-history":[{"count":3,"href":"https:\/\/www.diocesitn.it\/area-testimonianza\/wp-json\/wp\/v2\/posts\/17924\/revisions"}],"predecessor-version":[{"id":18107,"href":"https:\/\/www.diocesitn.it\/area-testimonianza\/wp-json\/wp\/v2\/posts\/17924\/revisions\/18107"}],"wp:featuredmedia":[{"embeddable":true,"href":"https:\/\/www.diocesitn.it\/area-testimonianza\/wp-json\/wp\/v2\/media\/17927"}],"wp:attachment":[{"href":"https:\/\/www.diocesitn.it\/area-testimonianza\/wp-json\/wp\/v2\/media?parent=17924"}],"wp:term":[{"taxonomy":"category","embeddable":true,"href":"https:\/\/www.diocesitn.it\/area-testimonianza\/wp-json\/wp\/v2\/categories?post=17924"},{"taxonomy":"post_tag","embeddable":true,"href":"https:\/\/www.diocesitn.it\/area-testimonianza\/wp-json\/wp\/v2\/tags?post=17924"}],"curies":[{"name":"wp","href":"https:\/\/api.w.org\/{rel}","templated":true}]}}