{"id":17903,"date":"2025-06-11T09:49:22","date_gmt":"2025-06-11T07:49:22","guid":{"rendered":"https:\/\/www.diocesitn.it\/area-testimonianza\/2025\/06\/11\/8xmille-caritativo-1-milione-di-euro-per-i-progetti-sostenuti-dalla-diocesi-di-trento-nel-2024\/"},"modified":"2025-07-04T08:55:13","modified_gmt":"2025-07-04T06:55:13","slug":"8xmille-caritativo-1-milione-di-euro-per-i-progetti-sostenuti-dalla-diocesi-di-trento-nel-2024","status":"publish","type":"post","link":"https:\/\/www.diocesitn.it\/area-testimonianza\/2025\/06\/11\/8xmille-caritativo-1-milione-di-euro-per-i-progetti-sostenuti-dalla-diocesi-di-trento-nel-2024\/","title":{"rendered":"8xmille caritativo, 1 milione di euro per i progetti sostenuti dalla Diocesi di Trento nel 2024"},"content":{"rendered":"<p>L\u2019<strong>Arcidiocesi di Trento<\/strong> rende nota la <strong>ripartizione dei fondi dell\u2019<a href=\"https:\/\/www.8xmille.it\/\">8xmille<\/a><\/strong> destinati a <strong>fini caritativi<\/strong> per l\u2019<strong>anno 2024<\/strong>.<\/p>\n<p>L\u2019importo complessivo \u2013 pari <strong>a 979.294,11 euro<\/strong>, in linea con gli anni precedenti \u2013 \u00e8 stato impiegato per sostenere realt\u00e0 impegnate nel contrasto alla marginalit\u00e0 e nella promozione del bene comune.\u00a0La parte pi\u00f9 consistente dei fondi, pari a <strong>850.000 euro<\/strong>, \u00e8 destinata come di consueto alla <strong>Fondazione Caritas Diocesana<\/strong>, attiva su pi\u00f9 fronti dell\u2019emergenza sociale e dell\u2019accompagnamento alle persone in difficolt\u00e0.<\/p>\n<h4>Tutte le realt\u00e0 beneficiarie<\/h4>\n<p>Di seguito, il dettaglio della distribuzione locale dei fondi con i relativi beneficiari:<\/p>\n<p><strong>Fondazione Caritas Diocesana<\/strong> \u2013 850.000 euro<\/p>\n<p><strong>Pastorale Carceraria<\/strong> \u2013 20.094,11 euro<\/p>\n<p><strong>Banco Alimentare del Trentino-Alto Adige<\/strong> \u2013 Trento \u2013 15.000 euro<\/p>\n<p><strong>Consultorio Familiare Ucipem \u2013 Trento<\/strong> \u2013 15.000 euro<\/p>\n<p><strong>Associazione Famiglie Tossicodipendenti \u2013 Centro educativo per le Dipendenze OdV (AFT)<\/strong> \u2013 12.000 euro<\/p>\n<p><strong>Associazione Famiglie Progetto Uomo<\/strong> \u2013 10.000 euro<\/p>\n<p><strong>Associazione Trentina Insieme verso Nuovi Orizzonti ODV<\/strong> \u2013 10.000 euro<\/p>\n<p><strong>Casa della Giovane ETS ACISJF<\/strong> \u2013 10.000 euro<\/p>\n<p><strong>Centro Italiano Femminile<\/strong> \u2013 7.500 euro<\/p>\n<p><strong>Associazione Amici Trentini ODV<\/strong> \u2013 6.000 euro<\/p>\n<p><strong>Associazione Italia Georgia \u2013 Trentini per la Georgia ODV<\/strong> \u2013 6.000 euro<\/p>\n<p><strong>Associazione Comunit\u00e0 Papa Giovanni XXIII<\/strong> \u2013 5.000 euro<\/p>\n<p><strong>Casa Accoglienza alla Vita &#8220;Padre Angelo&#8221;<\/strong> \u2013 4.000 euro<\/p>\n<p><strong>Associazione Parkinson<\/strong> \u2013 3.000 euro<\/p>\n<p><strong>SSF \u2013 Associazione Sport Senza Frontiere Trentino APS ASD<\/strong> \u2013 3.000 euro<\/p>\n<p><strong>Associazione AVULSS di Trento ODV<\/strong> \u2013 2.700 euro<\/p>\n<p>Nella foto il magazzino Caritas in via Giusti a Trento.<\/p>\n","protected":false},"excerpt":{"rendered":"<p>L\u2019Arcidiocesi di Trento rende nota la ripartizione dei fondi dell\u20198xmille destinati a fini caritativi per l\u2019anno 2024. L\u2019importo complessivo \u2013 pari a 979.294,11 euro, in linea con gli anni precedenti \u2013 \u00e8 stato impiegato per<\/p>\n","protected":false},"author":3,"featured_media":16703,"comment_status":"closed","ping_status":"closed","sticky":false,"template":"","format":"standard","meta":{"footnotes":""},"categories":[1059,1074],"tags":[],"class_list":["post-17903","post","type-post","status-publish","format-standard","has-post-thumbnail","hentry","category-servizio-caritas","category-notizie"],"acf":{"seed-localization-paese-cod":"IT","seed-localization-address":"","seed-localization-citta":"Trento","seed-localization-regione-cod-istat":"04","seed-localization-citta-cod-istat":"022205","seed-localization-localita":"","seed-localization-cap":"","seed-localization-marker-visibility":false,"seed-localization-children-visibility":false,"seed-localization-kml":"","seed-localization-custom-marker":""},"yoast_head":"<!-- This site is optimized with the Yoast SEO Premium plugin v20.2.1 (Yoast SEO v22.2) - https:\/\/yoast.com\/wordpress\/plugins\/seo\/ -->\n<title>8xmille caritativo, 1 milione di euro per i progetti sostenuti dalla Diocesi di Trento nel 2024 - Testimonianza e Impegno sociale<\/title>\n<meta name=\"robots\" content=\"index, follow, max-snippet:-1, max-image-preview:large, max-video-preview:-1\" \/>\n<link rel=\"canonical\" href=\"https:\/\/www.diocesitn.it\/area-testimonianza\/2025\/06\/11\/8xmille-caritativo-1-milione-di-euro-per-i-progetti-sostenuti-dalla-diocesi-di-trento-nel-2024\/\" \/>\n<meta property=\"og:locale\" content=\"it_IT\" \/>\n<meta property=\"og:type\" content=\"article\" \/>\n<meta property=\"og:title\" content=\"8xmille caritativo, 1 milione di euro per i progetti sostenuti dalla Diocesi di Trento nel 2024\" \/>\n<meta property=\"og:description\" content=\"L\u2019Arcidiocesi di Trento rende nota la ripartizione dei fondi dell\u20198xmille destinati a fini caritativi per l\u2019anno 2024. L\u2019importo complessivo \u2013 pari a 979.294,11 euro, in linea con gli anni precedenti \u2013 \u00e8 stato impiegato per\" \/>\n<meta property=\"og:url\" content=\"https:\/\/www.diocesitn.it\/area-testimonianza\/2025\/06\/11\/8xmille-caritativo-1-milione-di-euro-per-i-progetti-sostenuti-dalla-diocesi-di-trento-nel-2024\/\" \/>\n<meta property=\"og:site_name\" content=\"Testimonianza e Impegno sociale\" \/>\n<meta property=\"article:published_time\" content=\"2025-06-11T07:49:22+00:00\" \/>\n<meta property=\"article:modified_time\" content=\"2025-07-04T06:55:13+00:00\" \/>\n<meta property=\"og:image\" content=\"https:\/\/www.diocesitn.it\/area-testimonianza\/wp-content\/uploads\/sites\/37\/2024\/12\/Magazzino_Caritas_Tn-e1734086890955.jpg\" \/>\n\t<meta property=\"og:image:width\" content=\"900\" \/>\n\t<meta property=\"og:image:height\" content=\"675\" \/>\n\t<meta property=\"og:image:type\" content=\"image\/jpeg\" \/>\n<meta name=\"author\" content=\"Piergiorgio Franceschini\" \/>\n<meta name=\"twitter:card\" content=\"summary_large_image\" \/>\n<meta name=\"twitter:label1\" content=\"Scritto da\" \/>\n\t<meta name=\"twitter:data1\" content=\"Piergiorgio Franceschini\" \/>\n\t<meta name=\"twitter:label2\" content=\"Tempo di lettura stimato\" \/>\n\t<meta name=\"twitter:data2\" content=\"2 minuti\" \/>\n<script type=\"application\/ld+json\" class=\"yoast-schema-graph\">{\"@context\":\"https:\/\/schema.org\",\"@graph\":[{\"@type\":\"Article\",\"@id\":\"https:\/\/www.diocesitn.it\/area-testimonianza\/2025\/06\/11\/8xmille-caritativo-1-milione-di-euro-per-i-progetti-sostenuti-dalla-diocesi-di-trento-nel-2024\/#article\",\"isPartOf\":{\"@id\":\"https:\/\/www.diocesitn.it\/area-testimonianza\/2025\/06\/11\/8xmille-caritativo-1-milione-di-euro-per-i-progetti-sostenuti-dalla-diocesi-di-trento-nel-2024\/\"},\"author\":{\"name\":\"Piergiorgio Franceschini\",\"@id\":\"https:\/\/www.diocesitn.it\/area-testimonianza\/#\/schema\/person\/99590c84577873a025247b6aeb16ad2e\"},\"headline\":\"8xmille caritativo, 1 milione di euro per i progetti sostenuti dalla Diocesi di Trento nel 2024\",\"datePublished\":\"2025-06-11T07:49:22+00:00\",\"dateModified\":\"2025-07-04T06:55:13+00:00\",\"mainEntityOfPage\":{\"@id\":\"https:\/\/www.diocesitn.it\/area-testimonianza\/2025\/06\/11\/8xmille-caritativo-1-milione-di-euro-per-i-progetti-sostenuti-dalla-diocesi-di-trento-nel-2024\/\"},\"wordCount\":217,\"publisher\":{\"@id\":\"https:\/\/www.diocesitn.it\/area-testimonianza\/#organization\"},\"image\":{\"@id\":\"https:\/\/www.diocesitn.it\/area-testimonianza\/2025\/06\/11\/8xmille-caritativo-1-milione-di-euro-per-i-progetti-sostenuti-dalla-diocesi-di-trento-nel-2024\/#primaryimage\"},\"thumbnailUrl\":\"https:\/\/www.diocesitn.it\/area-testimonianza\/wp-content\/uploads\/sites\/37\/2024\/12\/Magazzino_Caritas_Tn-e1734086890955.jpg\",\"articleSection\":[\"Caritas diocesana\",\"Notizie\"],\"inLanguage\":\"it-IT\",\"copyrightYear\":\"2025\",\"copyrightHolder\":{\"@id\":\"https:\/\/www.diocesitn.it\/#organization\"}},{\"@type\":\"WebPage\",\"@id\":\"https:\/\/www.diocesitn.it\/area-testimonianza\/2025\/06\/11\/8xmille-caritativo-1-milione-di-euro-per-i-progetti-sostenuti-dalla-diocesi-di-trento-nel-2024\/\",\"url\":\"https:\/\/www.diocesitn.it\/area-testimonianza\/2025\/06\/11\/8xmille-caritativo-1-milione-di-euro-per-i-progetti-sostenuti-dalla-diocesi-di-trento-nel-2024\/\",\"name\":\"8xmille caritativo, 1 milione di euro per i progetti sostenuti dalla Diocesi di Trento nel 2024 - Testimonianza e Impegno sociale\",\"isPartOf\":{\"@id\":\"https:\/\/www.diocesitn.it\/area-testimonianza\/#website\"},\"primaryImageOfPage\":{\"@id\":\"https:\/\/www.diocesitn.it\/area-testimonianza\/2025\/06\/11\/8xmille-caritativo-1-milione-di-euro-per-i-progetti-sostenuti-dalla-diocesi-di-trento-nel-2024\/#primaryimage\"},\"image\":{\"@id\":\"https:\/\/www.diocesitn.it\/area-testimonianza\/2025\/06\/11\/8xmille-caritativo-1-milione-di-euro-per-i-progetti-sostenuti-dalla-diocesi-di-trento-nel-2024\/#primaryimage\"},\"thumbnailUrl\":\"https:\/\/www.diocesitn.it\/area-testimonianza\/wp-content\/uploads\/sites\/37\/2024\/12\/Magazzino_Caritas_Tn-e1734086890955.jpg\",\"datePublished\":\"2025-06-11T07:49:22+00:00\",\"dateModified\":\"2025-07-04T06:55:13+00:00\",\"breadcrumb\":{\"@id\":\"https:\/\/www.diocesitn.it\/area-testimonianza\/2025\/06\/11\/8xmille-caritativo-1-milione-di-euro-per-i-progetti-sostenuti-dalla-diocesi-di-trento-nel-2024\/#breadcrumb\"},\"inLanguage\":\"it-IT\",\"potentialAction\":[{\"@type\":\"ReadAction\",\"target\":[\"https:\/\/www.diocesitn.it\/area-testimonianza\/2025\/06\/11\/8xmille-caritativo-1-milione-di-euro-per-i-progetti-sostenuti-dalla-diocesi-di-trento-nel-2024\/\"]}]},{\"@type\":\"ImageObject\",\"inLanguage\":\"it-IT\",\"@id\":\"https:\/\/www.diocesitn.it\/area-testimonianza\/2025\/06\/11\/8xmille-caritativo-1-milione-di-euro-per-i-progetti-sostenuti-dalla-diocesi-di-trento-nel-2024\/#primaryimage\",\"url\":\"https:\/\/www.diocesitn.it\/area-testimonianza\/wp-content\/uploads\/sites\/37\/2024\/12\/Magazzino_Caritas_Tn-e1734086890955.jpg\",\"contentUrl\":\"https:\/\/www.diocesitn.it\/area-testimonianza\/wp-content\/uploads\/sites\/37\/2024\/12\/Magazzino_Caritas_Tn-e1734086890955.jpg\",\"width\":900,\"height\":675},{\"@type\":\"BreadcrumbList\",\"@id\":\"https:\/\/www.diocesitn.it\/area-testimonianza\/2025\/06\/11\/8xmille-caritativo-1-milione-di-euro-per-i-progetti-sostenuti-dalla-diocesi-di-trento-nel-2024\/#breadcrumb\",\"itemListElement\":[{\"@type\":\"ListItem\",\"position\":1,\"name\":\"Home\",\"item\":\"https:\/\/www.diocesitn.it\/area-testimonianza\/\"},{\"@type\":\"ListItem\",\"position\":2,\"name\":\"8xmille caritativo, 1 milione di euro per i progetti sostenuti dalla Diocesi di Trento nel 2024\"}]},{\"@type\":\"WebSite\",\"@id\":\"https:\/\/www.diocesitn.it\/area-testimonianza\/#website\",\"url\":\"https:\/\/www.diocesitn.it\/area-testimonianza\/\",\"name\":\"Testimonianza e Impegno sociale\",\"description\":\"Chiesa di Trento\",\"publisher\":{\"@id\":\"https:\/\/www.diocesitn.it\/area-testimonianza\/#organization\"},\"potentialAction\":[{\"@type\":\"SearchAction\",\"target\":{\"@type\":\"EntryPoint\",\"urlTemplate\":\"https:\/\/www.diocesitn.it\/area-testimonianza\/?s={search_term_string}\"},\"query-input\":\"required name=search_term_string\"}],\"inLanguage\":\"it-IT\"},{\"@type\":[\"Organization\",\"Place\"],\"@id\":\"https:\/\/www.diocesitn.it\/area-testimonianza\/#organization\",\"name\":\"Area Testimonianza e Impegno Sociale - Chiesa di Trento\",\"url\":\"https:\/\/www.diocesitn.it\/area-testimonianza\/\",\"logo\":{\"@id\":\"https:\/\/www.diocesitn.it\/area-testimonianza\/2025\/06\/11\/8xmille-caritativo-1-milione-di-euro-per-i-progetti-sostenuti-dalla-diocesi-di-trento-nel-2024\/#local-main-organization-logo\"},\"image\":{\"@id\":\"https:\/\/www.diocesitn.it\/area-testimonianza\/2025\/06\/11\/8xmille-caritativo-1-milione-di-euro-per-i-progetti-sostenuti-dalla-diocesi-di-trento-nel-2024\/#local-main-organization-logo\"},\"openingHoursSpecification\":[{\"@type\":\"OpeningHoursSpecification\",\"dayOfWeek\":[\"Monday\",\"Tuesday\",\"Wednesday\",\"Thursday\",\"Friday\",\"Saturday\",\"Sunday\"],\"opens\":\"09:00\",\"closes\":\"17:00\"}]},{\"@type\":\"ImageObject\",\"inLanguage\":\"it-IT\",\"@id\":\"https:\/\/www.diocesitn.it\/area-testimonianza\/2025\/06\/11\/8xmille-caritativo-1-milione-di-euro-per-i-progetti-sostenuti-dalla-diocesi-di-trento-nel-2024\/#local-main-organization-logo\",\"url\":\"https:\/\/www.diocesitn.it\/area-testimonianza\/wp-content\/uploads\/sites\/37\/2021\/09\/og-logo-testimonianza-e-impegno-sociale.jpg\",\"contentUrl\":\"https:\/\/www.diocesitn.it\/area-testimonianza\/wp-content\/uploads\/sites\/37\/2021\/09\/og-logo-testimonianza-e-impegno-sociale.jpg\",\"width\":1200,\"height\":630,\"caption\":\"Area Testimonianza e Impegno Sociale - Chiesa di Trento\"}]}<\/script>\n<!-- \/ Yoast SEO Premium plugin. -->","yoast_head_json":{"title":"8xmille caritativo, 1 milione di euro per i progetti sostenuti dalla Diocesi di Trento nel 2024 - Testimonianza e Impegno sociale","robots":{"index":"index","follow":"follow","max-snippet":"max-snippet:-1","max-image-preview":"max-image-preview:large","max-video-preview":"max-video-preview:-1"},"canonical":"https:\/\/www.diocesitn.it\/area-testimonianza\/2025\/06\/11\/8xmille-caritativo-1-milione-di-euro-per-i-progetti-sostenuti-dalla-diocesi-di-trento-nel-2024\/","og_locale":"it_IT","og_type":"article","og_title":"8xmille caritativo, 1 milione di euro per i progetti sostenuti dalla Diocesi di Trento nel 2024","og_description":"L\u2019Arcidiocesi di Trento rende nota la ripartizione dei fondi dell\u20198xmille destinati a fini caritativi per l\u2019anno 2024. L\u2019importo complessivo \u2013 pari a 979.294,11 euro, in linea con gli anni precedenti \u2013 \u00e8 stato impiegato per","og_url":"https:\/\/www.diocesitn.it\/area-testimonianza\/2025\/06\/11\/8xmille-caritativo-1-milione-di-euro-per-i-progetti-sostenuti-dalla-diocesi-di-trento-nel-2024\/","og_site_name":"Testimonianza e Impegno sociale","article_published_time":"2025-06-11T07:49:22+00:00","article_modified_time":"2025-07-04T06:55:13+00:00","og_image":[{"width":900,"height":675,"url":"https:\/\/www.diocesitn.it\/area-testimonianza\/wp-content\/uploads\/sites\/37\/2024\/12\/Magazzino_Caritas_Tn-e1734086890955.jpg","type":"image\/jpeg"}],"author":"Piergiorgio Franceschini","twitter_card":"summary_large_image","twitter_misc":{"Scritto da":"Piergiorgio Franceschini","Tempo di lettura stimato":"2 minuti"},"schema":{"@context":"https:\/\/schema.org","@graph":[{"@type":"Article","@id":"https:\/\/www.diocesitn.it\/area-testimonianza\/2025\/06\/11\/8xmille-caritativo-1-milione-di-euro-per-i-progetti-sostenuti-dalla-diocesi-di-trento-nel-2024\/#article","isPartOf":{"@id":"https:\/\/www.diocesitn.it\/area-testimonianza\/2025\/06\/11\/8xmille-caritativo-1-milione-di-euro-per-i-progetti-sostenuti-dalla-diocesi-di-trento-nel-2024\/"},"author":{"name":"Piergiorgio Franceschini","@id":"https:\/\/www.diocesitn.it\/area-testimonianza\/#\/schema\/person\/99590c84577873a025247b6aeb16ad2e"},"headline":"8xmille caritativo, 1 milione di euro per i progetti sostenuti dalla Diocesi di Trento nel 2024","datePublished":"2025-06-11T07:49:22+00:00","dateModified":"2025-07-04T06:55:13+00:00","mainEntityOfPage":{"@id":"https:\/\/www.diocesitn.it\/area-testimonianza\/2025\/06\/11\/8xmille-caritativo-1-milione-di-euro-per-i-progetti-sostenuti-dalla-diocesi-di-trento-nel-2024\/"},"wordCount":217,"publisher":{"@id":"https:\/\/www.diocesitn.it\/area-testimonianza\/#organization"},"image":{"@id":"https:\/\/www.diocesitn.it\/area-testimonianza\/2025\/06\/11\/8xmille-caritativo-1-milione-di-euro-per-i-progetti-sostenuti-dalla-diocesi-di-trento-nel-2024\/#primaryimage"},"thumbnailUrl":"https:\/\/www.diocesitn.it\/area-testimonianza\/wp-content\/uploads\/sites\/37\/2024\/12\/Magazzino_Caritas_Tn-e1734086890955.jpg","articleSection":["Caritas diocesana","Notizie"],"inLanguage":"it-IT","copyrightYear":"2025","copyrightHolder":{"@id":"https:\/\/www.diocesitn.it\/#organization"}},{"@type":"WebPage","@id":"https:\/\/www.diocesitn.it\/area-testimonianza\/2025\/06\/11\/8xmille-caritativo-1-milione-di-euro-per-i-progetti-sostenuti-dalla-diocesi-di-trento-nel-2024\/","url":"https:\/\/www.diocesitn.it\/area-testimonianza\/2025\/06\/11\/8xmille-caritativo-1-milione-di-euro-per-i-progetti-sostenuti-dalla-diocesi-di-trento-nel-2024\/","name":"8xmille caritativo, 1 milione di euro per i progetti sostenuti dalla Diocesi di Trento nel 2024 - Testimonianza e Impegno sociale","isPartOf":{"@id":"https:\/\/www.diocesitn.it\/area-testimonianza\/#website"},"primaryImageOfPage":{"@id":"https:\/\/www.diocesitn.it\/area-testimonianza\/2025\/06\/11\/8xmille-caritativo-1-milione-di-euro-per-i-progetti-sostenuti-dalla-diocesi-di-trento-nel-2024\/#primaryimage"},"image":{"@id":"https:\/\/www.diocesitn.it\/area-testimonianza\/2025\/06\/11\/8xmille-caritativo-1-milione-di-euro-per-i-progetti-sostenuti-dalla-diocesi-di-trento-nel-2024\/#primaryimage"},"thumbnailUrl":"https:\/\/www.diocesitn.it\/area-testimonianza\/wp-content\/uploads\/sites\/37\/2024\/12\/Magazzino_Caritas_Tn-e1734086890955.jpg","datePublished":"2025-06-11T07:49:22+00:00","dateModified":"2025-07-04T06:55:13+00:00","breadcrumb":{"@id":"https:\/\/www.diocesitn.it\/area-testimonianza\/2025\/06\/11\/8xmille-caritativo-1-milione-di-euro-per-i-progetti-sostenuti-dalla-diocesi-di-trento-nel-2024\/#breadcrumb"},"inLanguage":"it-IT","potentialAction":[{"@type":"ReadAction","target":["https:\/\/www.diocesitn.it\/area-testimonianza\/2025\/06\/11\/8xmille-caritativo-1-milione-di-euro-per-i-progetti-sostenuti-dalla-diocesi-di-trento-nel-2024\/"]}]},{"@type":"ImageObject","inLanguage":"it-IT","@id":"https:\/\/www.diocesitn.it\/area-testimonianza\/2025\/06\/11\/8xmille-caritativo-1-milione-di-euro-per-i-progetti-sostenuti-dalla-diocesi-di-trento-nel-2024\/#primaryimage","url":"https:\/\/www.diocesitn.it\/area-testimonianza\/wp-content\/uploads\/sites\/37\/2024\/12\/Magazzino_Caritas_Tn-e1734086890955.jpg","contentUrl":"https:\/\/www.diocesitn.it\/area-testimonianza\/wp-content\/uploads\/sites\/37\/2024\/12\/Magazzino_Caritas_Tn-e1734086890955.jpg","width":900,"height":675},{"@type":"BreadcrumbList","@id":"https:\/\/www.diocesitn.it\/area-testimonianza\/2025\/06\/11\/8xmille-caritativo-1-milione-di-euro-per-i-progetti-sostenuti-dalla-diocesi-di-trento-nel-2024\/#breadcrumb","itemListElement":[{"@type":"ListItem","position":1,"name":"Home","item":"https:\/\/www.diocesitn.it\/area-testimonianza\/"},{"@type":"ListItem","position":2,"name":"8xmille caritativo, 1 milione di euro per i progetti sostenuti dalla Diocesi di Trento nel 2024"}]},{"@type":"WebSite","@id":"https:\/\/www.diocesitn.it\/area-testimonianza\/#website","url":"https:\/\/www.diocesitn.it\/area-testimonianza\/","name":"Testimonianza e Impegno sociale","description":"Chiesa di Trento","publisher":{"@id":"https:\/\/www.diocesitn.it\/area-testimonianza\/#organization"},"potentialAction":[{"@type":"SearchAction","target":{"@type":"EntryPoint","urlTemplate":"https:\/\/www.diocesitn.it\/area-testimonianza\/?s={search_term_string}"},"query-input":"required name=search_term_string"}],"inLanguage":"it-IT"},{"@type":["Organization","Place"],"@id":"https:\/\/www.diocesitn.it\/area-testimonianza\/#organization","name":"Area Testimonianza e Impegno Sociale - Chiesa di Trento","url":"https:\/\/www.diocesitn.it\/area-testimonianza\/","logo":{"@id":"https:\/\/www.diocesitn.it\/area-testimonianza\/2025\/06\/11\/8xmille-caritativo-1-milione-di-euro-per-i-progetti-sostenuti-dalla-diocesi-di-trento-nel-2024\/#local-main-organization-logo"},"image":{"@id":"https:\/\/www.diocesitn.it\/area-testimonianza\/2025\/06\/11\/8xmille-caritativo-1-milione-di-euro-per-i-progetti-sostenuti-dalla-diocesi-di-trento-nel-2024\/#local-main-organization-logo"},"openingHoursSpecification":[{"@type":"OpeningHoursSpecification","dayOfWeek":["Monday","Tuesday","Wednesday","Thursday","Friday","Saturday","Sunday"],"opens":"09:00","closes":"17:00"}]},{"@type":"ImageObject","inLanguage":"it-IT","@id":"https:\/\/www.diocesitn.it\/area-testimonianza\/2025\/06\/11\/8xmille-caritativo-1-milione-di-euro-per-i-progetti-sostenuti-dalla-diocesi-di-trento-nel-2024\/#local-main-organization-logo","url":"https:\/\/www.diocesitn.it\/area-testimonianza\/wp-content\/uploads\/sites\/37\/2021\/09\/og-logo-testimonianza-e-impegno-sociale.jpg","contentUrl":"https:\/\/www.diocesitn.it\/area-testimonianza\/wp-content\/uploads\/sites\/37\/2021\/09\/og-logo-testimonianza-e-impegno-sociale.jpg","width":1200,"height":630,"caption":"Area Testimonianza e Impegno Sociale - Chiesa di Trento"}]}},"_links":{"self":[{"href":"https:\/\/www.diocesitn.it\/area-testimonianza\/wp-json\/wp\/v2\/posts\/17903","targetHints":{"allow":["GET"]}}],"collection":[{"href":"https:\/\/www.diocesitn.it\/area-testimonianza\/wp-json\/wp\/v2\/posts"}],"about":[{"href":"https:\/\/www.diocesitn.it\/area-testimonianza\/wp-json\/wp\/v2\/types\/post"}],"author":[{"embeddable":true,"href":"https:\/\/www.diocesitn.it\/area-testimonianza\/wp-json\/wp\/v2\/users\/3"}],"replies":[{"embeddable":true,"href":"https:\/\/www.diocesitn.it\/area-testimonianza\/wp-json\/wp\/v2\/comments?post=17903"}],"version-history":[{"count":1,"href":"https:\/\/www.diocesitn.it\/area-testimonianza\/wp-json\/wp\/v2\/posts\/17903\/revisions"}],"predecessor-version":[{"id":17904,"href":"https:\/\/www.diocesitn.it\/area-testimonianza\/wp-json\/wp\/v2\/posts\/17903\/revisions\/17904"}],"wp:featuredmedia":[{"embeddable":true,"href":"https:\/\/www.diocesitn.it\/area-testimonianza\/wp-json\/wp\/v2\/media\/16703"}],"wp:attachment":[{"href":"https:\/\/www.diocesitn.it\/area-testimonianza\/wp-json\/wp\/v2\/media?parent=17903"}],"wp:term":[{"taxonomy":"category","embeddable":true,"href":"https:\/\/www.diocesitn.it\/area-testimonianza\/wp-json\/wp\/v2\/categories?post=17903"},{"taxonomy":"post_tag","embeddable":true,"href":"https:\/\/www.diocesitn.it\/area-testimonianza\/wp-json\/wp\/v2\/tags?post=17903"}],"curies":[{"name":"wp","href":"https:\/\/api.w.org\/{rel}","templated":true}]}}