{"id":17662,"date":"2025-05-01T23:54:09","date_gmt":"2025-05-01T21:54:09","guid":{"rendered":"https:\/\/www.diocesitn.it\/area-testimonianza\/2025\/05\/01\/primo-maggio-e-giubileo-diocesano-dei-lavoratori-nicoletti-e-il-vescovo-tisi-intervengono-in-primiero\/"},"modified":"2025-05-13T09:23:30","modified_gmt":"2025-05-13T07:23:30","slug":"primo-maggio-e-giubileo-diocesano-dei-lavoratori-nicoletti-e-il-vescovo-tisi-intervengono-in-primiero","status":"publish","type":"post","link":"https:\/\/www.diocesitn.it\/area-testimonianza\/2025\/05\/01\/primo-maggio-e-giubileo-diocesano-dei-lavoratori-nicoletti-e-il-vescovo-tisi-intervengono-in-primiero\/","title":{"rendered":"Primo Maggio con don Lauro: \u201cIl lavoro terreno dove sperimentare la gioia del creare\u201d"},"content":{"rendered":"<p>Le<strong>\u00a0comunit\u00e0 di Primiero e Vanoi e Mis<\/strong>\u00a0hanno accolto con affetto il\u00a0<strong>vescovo Lauro Tisi<\/strong>, arrivato in valle per festeggiare il\u00a0<strong>Giubileo dei Lavoratori<\/strong>\u00a0a pochi giorni dall\u2019inizio della sua visita pastorale, in programma\u00a0<strong>dal 4 maggio al 6 giugno<\/strong>. \u201cNon c\u2019era posto migliore dove celebrare questo Giubileo se non in questa realt\u00e0, dove le Acli sono cos\u00ec significative e cos\u00ec forti\u201d, ha commentato don Lauro, che dopo aver raggiunto\u00a0<strong>Passo Gobbera<\/strong>\u00a0per l\u2019Accoglienza della Croce Giubilare, si \u00e8 messo in cammino con la folla di fedeli per raggiungere il<strong>\u00a0Santuario di San Silvestro<\/strong>, dove ha celebrato la tradizionale Santa Messa del Primo Maggio.<\/p>\n<p>\u201cAbbiamo portato avanti l\u2019idea che il lavoro sia un castigo: si lavora perch\u00e9 si deve, per produrre profitto. Questa \u00e8 una fake news:\u00a0<strong>lavorare \u00e8 in realt\u00e0 un dono meraviglioso, un terreno dove sperimentare la gioia del creare<\/strong>\u201d, ha sottolineato il vescovo nella sua omelia, commentando la lettura del Libro della Genesi. \u201cUn lavoro dove non c\u2019\u00e8 pausa, dove non c\u2019\u00e8 soluzione di continuit\u00e0, dove il ritmo incalzante non conosce tregua imbarbarisce la vita e la rende triste\u201d, ha ricordato, individuando\u00a0<strong>nell\u2019alternanza tra lavoro e riposo la vera chiave<\/strong>\u00a0per capire come vivere al meglio la dimensione lavorativa. Il vescovo ha condannato inoltre il lavoro condotto senza il rispetto delle regole di sicurezza: \u201cLe\u00a0<strong>tante morti sul lavoro<\/strong>\u00a0ci parlano di un umano che affida purtroppo se stesso all\u2019ingordigia del profitto e non alla valorizzazione del benessere dell\u2019uomo\u201d.<\/p>\n<p>All\u2019appuntamento era presente anche il presidente delle Acli trentine\u00a0<strong>Walter Nicoletti,<\/strong>\u00a0che ha ribadito l\u2019importanza di preparare serie alternative ad un modello economico volto solo al profitto e alla speculazione finanziaria e serie proposte di ecologia integrale. \u201cTutto questo significa operare\u00a0<strong>per un\u2019economia di pace e non di guerra<\/strong>, per un\u2019economia che genera solidariet\u00e0, sostenibilit\u00e0, mutualismo e umanit\u00e0\u201d ha concluso.<\/p>\n<p>L\u2019evento, organizzato dalla Diocesi di Trento con la collaborazione delle comunit\u00e0 parrocchiali di valle e dei circoli Acli locali \u00e8 stato arricchito dalla presenza del Coro Vanoi e si \u00e8 concluso con un momento conviviale a Passo Gobbera, organizzato dalla pro loco di Canal San Bovo \u2013 Gobbera con il prezioso appoggio dei Nu.Vol.A.<\/p>\n<p><em>di Vita Trentina<\/em><\/p>\n\n\n\t\t<style type='text\/css'>\n\n\t\t\t\/* PhotoSwipe Plugin *\/\n\t\t\t.psgal {\n\t\t\t\tmargin: auto;\n\t\t\t\tpadding-bottom:40px;\n\n\t\t\t\t-webkit-transition: all 0.4s ease;\n\t\t\t\t-moz-transition: all 0.4s ease;\n\t\t\t\t-o-transition: all 0.4s ease;\n\t\t\t\ttransition: all 0.4s ease;\n\t\t\t}\n\n\t\t\t.psgal figure {\n\t\t\t\tfloat: left;\n\t\t\t\ttext-align: center;\n    \t\t\twidth: 200px;\n                max-width: 50%;\n\t\t\t\tpadding:5px;\n\t\t\t\tmargin: 0px;\n\t\t\t\tbox-sizing:border-box;\n\t\t\t}\n\t\t\t.psgal a{\n\t\t\t\tdisplay:block;\n\t\t\t}\n\t\t\t.psgal figure figcaption{\n\t\t\t\tfont-size:13px;\n\t\t\t}\n\n\t\t\t.msnry{\n\t\t\t\tmargin:auto;\n\t\t\t}\n\t\t\t.pswp__caption__center{\n\t\t\t\ttext-align: center;\n\t\t\t}\n\t\t\t\n\n\t\t\t.photoswipe-gallery-caption{\n\t\t\t\tdisplay:none;\n\t\t\t}\n\n\t\t\t\n\t\t<\/style> <div style=\"clear:both\"><\/div>\n\n\t\t<div id=\"psgal_17662_1\" class=\"ps-gallery psgal gallery-columns-3 gallery-size-thumbnail\" itemscope itemtype=\"http:\/\/schema.org\/ImageGallery\" >\n\t\t\t\t<figure class=\"msnry_item\" itemscope itemtype=\"http:\/\/schema.org\/ImageObject\">\n\t\t\t\t\t<a href=\"https:\/\/www.diocesitn.it\/area-testimonianza\/wp-content\/uploads\/sites\/37\/2025\/05\/Nicoletti-a-passo-Gobbera-1024x682-1.jpg\"\n\t\t\t\t\titemprop=\"contentUrl\"\n\t\t\t\t\tdata-pswp-width=\"800\" \n\t\t\t\t    data-pswp-height=\"533\" \n\t\t\t\t    data-cropped=\"true\"\n\t\t\t\t\tdata-caption=\"\"\n\t\t\t\t\tclass=\"post-thumbnail-image-link container-fixed-aspect-ratio__16-9\">\n\t\t\t\t        <img src=https:\/\/www.diocesitn.it\/area-testimonianza\/wp-content\/uploads\/sites\/37\/2025\/05\/Nicoletti-a-passo-Gobbera-1024x682-1-300x200.jpg itemprop=\"thumbnail\" alt=\"\"  \/>\n\t\t\t\t    <\/a>\n\t\t\t\t    <figcaption class=\"photoswipe-gallery-caption\" ><\/figcaption>\n\t\t\t    <\/figure>\n\t\t\t\t\n\t\t\t\t<figure class=\"msnry_item\" itemscope itemtype=\"http:\/\/schema.org\/ImageObject\">\n\t\t\t\t\t<a href=\"https:\/\/www.diocesitn.it\/area-testimonianza\/wp-content\/uploads\/sites\/37\/2025\/05\/P1211339-scaled-1024x577.jpg\"\n\t\t\t\t\titemprop=\"contentUrl\"\n\t\t\t\t\tdata-pswp-width=\"800\" \n\t\t\t\t    data-pswp-height=\"451\" \n\t\t\t\t    data-cropped=\"true\"\n\t\t\t\t\tdata-caption=\"\"\n\t\t\t\t\tclass=\"post-thumbnail-image-link container-fixed-aspect-ratio__16-9\">\n\t\t\t\t        <img src=https:\/\/www.diocesitn.it\/area-testimonianza\/wp-content\/uploads\/sites\/37\/2025\/05\/P1211339-scaled-300x169.jpg itemprop=\"thumbnail\" alt=\"\"  \/>\n\t\t\t\t    <\/a>\n\t\t\t\t    <figcaption class=\"photoswipe-gallery-caption\" ><\/figcaption>\n\t\t\t    <\/figure>\n\t\t\t\t\n\t\t\t\t<figure class=\"msnry_item\" itemscope itemtype=\"http:\/\/schema.org\/ImageObject\">\n\t\t\t\t\t<a href=\"https:\/\/www.diocesitn.it\/area-testimonianza\/wp-content\/uploads\/sites\/37\/2025\/05\/P1211393-scaled-1024x577.jpg\"\n\t\t\t\t\titemprop=\"contentUrl\"\n\t\t\t\t\tdata-pswp-width=\"800\" \n\t\t\t\t    data-pswp-height=\"451\" \n\t\t\t\t    data-cropped=\"true\"\n\t\t\t\t\tdata-caption=\"\"\n\t\t\t\t\tclass=\"post-thumbnail-image-link container-fixed-aspect-ratio__16-9\">\n\t\t\t\t        <img src=https:\/\/www.diocesitn.it\/area-testimonianza\/wp-content\/uploads\/sites\/37\/2025\/05\/P1211393-scaled-300x169.jpg itemprop=\"thumbnail\" alt=\"\"  \/>\n\t\t\t\t    <\/a>\n\t\t\t\t    <figcaption class=\"photoswipe-gallery-caption\" ><\/figcaption>\n\t\t\t    <\/figure>\n\t\t\t\t\n\t\t\t\t<figure class=\"msnry_item\" itemscope itemtype=\"http:\/\/schema.org\/ImageObject\">\n\t\t\t\t\t<a href=\"https:\/\/www.diocesitn.it\/area-testimonianza\/wp-content\/uploads\/sites\/37\/2025\/05\/P1211311-1024x576.jpg\"\n\t\t\t\t\titemprop=\"contentUrl\"\n\t\t\t\t\tdata-pswp-width=\"800\" \n\t\t\t\t    data-pswp-height=\"450\" \n\t\t\t\t    data-cropped=\"true\"\n\t\t\t\t\tdata-caption=\"\"\n\t\t\t\t\tclass=\"post-thumbnail-image-link container-fixed-aspect-ratio__16-9\">\n\t\t\t\t        <img src=https:\/\/www.diocesitn.it\/area-testimonianza\/wp-content\/uploads\/sites\/37\/2025\/05\/P1211311-300x169.jpg itemprop=\"thumbnail\" alt=\"\"  \/>\n\t\t\t\t    <\/a>\n\t\t\t\t    <figcaption class=\"photoswipe-gallery-caption\" ><\/figcaption>\n\t\t\t    <\/figure>\n\t\t\t\t\n\t\t\t\t<figure class=\"msnry_item\" itemscope itemtype=\"http:\/\/schema.org\/ImageObject\">\n\t\t\t\t\t<a href=\"https:\/\/www.diocesitn.it\/area-testimonianza\/wp-content\/uploads\/sites\/37\/2025\/04\/Foto-San-Silvestro-scaled-e1745994530900.jpg\"\n\t\t\t\t\titemprop=\"contentUrl\"\n\t\t\t\t\tdata-pswp-width=\"800\" \n\t\t\t\t    data-pswp-height=\"522\" \n\t\t\t\t    data-cropped=\"true\"\n\t\t\t\t\tdata-caption=\"\"\n\t\t\t\t\tclass=\"post-thumbnail-image-link container-fixed-aspect-ratio__16-9\">\n\t\t\t\t        <img src=https:\/\/www.diocesitn.it\/area-testimonianza\/wp-content\/uploads\/sites\/37\/2025\/04\/Foto-San-Silvestro-scaled-e1745994530900-300x196.jpg itemprop=\"thumbnail\" alt=\"giubileo_lavoratori_primiero\"  \/>\n\t\t\t\t    <\/a>\n\t\t\t\t    <figcaption class=\"photoswipe-gallery-caption\" ><\/figcaption>\n\t\t\t    <\/figure>\n\t\t\t\t\n\t\t\t\t<figure class=\"msnry_item\" itemscope itemtype=\"http:\/\/schema.org\/ImageObject\">\n\t\t\t\t\t<a href=\"https:\/\/www.diocesitn.it\/area-testimonianza\/wp-content\/uploads\/sites\/37\/2025\/05\/1-maggio-don-Lauro_3-1024x602.jpeg\"\n\t\t\t\t\titemprop=\"contentUrl\"\n\t\t\t\t\tdata-pswp-width=\"800\" \n\t\t\t\t    data-pswp-height=\"470\" \n\t\t\t\t    data-cropped=\"true\"\n\t\t\t\t\tdata-caption=\"\"\n\t\t\t\t\tclass=\"post-thumbnail-image-link container-fixed-aspect-ratio__16-9\">\n\t\t\t\t        <img src=https:\/\/www.diocesitn.it\/area-testimonianza\/wp-content\/uploads\/sites\/37\/2025\/05\/1-maggio-don-Lauro_3-300x176.jpeg itemprop=\"thumbnail\" alt=\"\"  \/>\n\t\t\t\t    <\/a>\n\t\t\t\t    <figcaption class=\"photoswipe-gallery-caption\" ><\/figcaption>\n\t\t\t    <\/figure>\n\t\t\t\t\n\t\t\t\t<figure class=\"msnry_item\" itemscope itemtype=\"http:\/\/schema.org\/ImageObject\">\n\t\t\t\t\t<a href=\"https:\/\/www.diocesitn.it\/area-testimonianza\/wp-content\/uploads\/sites\/37\/2025\/05\/1-maggio-don-Lauro_2-1024x646.jpeg\"\n\t\t\t\t\titemprop=\"contentUrl\"\n\t\t\t\t\tdata-pswp-width=\"800\" \n\t\t\t\t    data-pswp-height=\"505\" \n\t\t\t\t    data-cropped=\"true\"\n\t\t\t\t\tdata-caption=\"\"\n\t\t\t\t\tclass=\"post-thumbnail-image-link container-fixed-aspect-ratio__16-9\">\n\t\t\t\t        <img src=https:\/\/www.diocesitn.it\/area-testimonianza\/wp-content\/uploads\/sites\/37\/2025\/05\/1-maggio-don-Lauro_2-300x189.jpeg itemprop=\"thumbnail\" alt=\"\"  \/>\n\t\t\t\t    <\/a>\n\t\t\t\t    <figcaption class=\"photoswipe-gallery-caption\" ><\/figcaption>\n\t\t\t    <\/figure>\n\t\t\t\t\n\t\t\t\t<figure class=\"msnry_item\" itemscope itemtype=\"http:\/\/schema.org\/ImageObject\">\n\t\t\t\t\t<a href=\"https:\/\/www.diocesitn.it\/area-testimonianza\/wp-content\/uploads\/sites\/37\/2025\/05\/1-maggio-don-Lauro-1024x856.jpeg\"\n\t\t\t\t\titemprop=\"contentUrl\"\n\t\t\t\t\tdata-pswp-width=\"800\" \n\t\t\t\t    data-pswp-height=\"669\" \n\t\t\t\t    data-cropped=\"true\"\n\t\t\t\t\tdata-caption=\"\"\n\t\t\t\t\tclass=\"post-thumbnail-image-link container-fixed-aspect-ratio__16-9\">\n\t\t\t\t        <img src=https:\/\/www.diocesitn.it\/area-testimonianza\/wp-content\/uploads\/sites\/37\/2025\/05\/1-maggio-don-Lauro-300x251.jpeg itemprop=\"thumbnail\" alt=\"\"  \/>\n\t\t\t\t    <\/a>\n\t\t\t\t    <figcaption class=\"photoswipe-gallery-caption\" ><\/figcaption>\n\t\t\t    <\/figure>\n\t\t\t\t\n\t\t\t\t<figure class=\"msnry_item\" itemscope itemtype=\"http:\/\/schema.org\/ImageObject\">\n\t\t\t\t\t<a href=\"https:\/\/www.diocesitn.it\/area-testimonianza\/wp-content\/uploads\/sites\/37\/2025\/05\/1-maggio-don-Lauro_1-1024x682.jpeg\"\n\t\t\t\t\titemprop=\"contentUrl\"\n\t\t\t\t\tdata-pswp-width=\"800\" \n\t\t\t\t    data-pswp-height=\"533\" \n\t\t\t\t    data-cropped=\"true\"\n\t\t\t\t\tdata-caption=\"\"\n\t\t\t\t\tclass=\"post-thumbnail-image-link container-fixed-aspect-ratio__16-9\">\n\t\t\t\t        <img src=https:\/\/www.diocesitn.it\/area-testimonianza\/wp-content\/uploads\/sites\/37\/2025\/05\/1-maggio-don-Lauro_1-300x200.jpeg itemprop=\"thumbnail\" alt=\"\"  \/>\n\t\t\t\t    <\/a>\n\t\t\t\t    <figcaption class=\"photoswipe-gallery-caption\" ><\/figcaption>\n\t\t\t    <\/figure>\n\t\t\t\t<\/div>\n\t\t<div style='clear:both'><\/div>\n\t\n","protected":false},"excerpt":{"rendered":"<p>Le\u00a0comunit\u00e0 di Primiero e Vanoi e Mis\u00a0hanno accolto con affetto il\u00a0vescovo Lauro Tisi, arrivato in valle per festeggiare il\u00a0Giubileo dei Lavoratori\u00a0a pochi giorni dall\u2019inizio della sua visita pastorale, in programma\u00a0dal 4 maggio al 6 giugno.<\/p>\n","protected":false},"author":177,"featured_media":17670,"comment_status":"closed","ping_status":"closed","sticky":false,"template":"","format":"standard","meta":{"footnotes":""},"categories":[1074,2252],"tags":[],"class_list":["post-17662","post","type-post","status-publish","format-standard","has-post-thumbnail","hentry","category-notizie","category-servizio-sociale-lavoro"],"acf":{"seed-localization-paese-cod":"IT","seed-localization-address":"","seed-localization-citta":"Trento","seed-localization-regione-cod-istat":"04","seed-localization-citta-cod-istat":"022205","seed-localization-localita":"","seed-localization-cap":"","seed-localization-marker-visibility":false,"seed-localization-children-visibility":false,"seed-localization-kml":"","seed-localization-custom-marker":""},"yoast_head":"<!-- This site is optimized with the Yoast SEO Premium plugin v20.2.1 (Yoast SEO v22.2) - https:\/\/yoast.com\/wordpress\/plugins\/seo\/ -->\n<title>Primo Maggio con don Lauro: \u201cIl lavoro terreno dove sperimentare la gioia del creare\u201d - Testimonianza e Impegno sociale<\/title>\n<meta name=\"robots\" content=\"index, follow, max-snippet:-1, max-image-preview:large, max-video-preview:-1\" \/>\n<link rel=\"canonical\" href=\"https:\/\/www.diocesitn.it\/area-testimonianza\/2025\/05\/01\/primo-maggio-e-giubileo-diocesano-dei-lavoratori-nicoletti-e-il-vescovo-tisi-intervengono-in-primiero\/\" \/>\n<meta property=\"og:locale\" content=\"it_IT\" \/>\n<meta property=\"og:type\" content=\"article\" \/>\n<meta property=\"og:title\" content=\"Primo Maggio con don Lauro: \u201cIl lavoro terreno dove sperimentare la gioia del creare\u201d\" \/>\n<meta property=\"og:description\" content=\"Le\u00a0comunit\u00e0 di Primiero e Vanoi e Mis\u00a0hanno accolto con affetto il\u00a0vescovo Lauro Tisi, arrivato in valle per festeggiare il\u00a0Giubileo dei Lavoratori\u00a0a pochi giorni dall\u2019inizio della sua visita pastorale, in programma\u00a0dal 4 maggio al 6 giugno.\" \/>\n<meta property=\"og:url\" content=\"https:\/\/www.diocesitn.it\/area-testimonianza\/2025\/05\/01\/primo-maggio-e-giubileo-diocesano-dei-lavoratori-nicoletti-e-il-vescovo-tisi-intervengono-in-primiero\/\" \/>\n<meta property=\"og:site_name\" content=\"Testimonianza e Impegno sociale\" \/>\n<meta property=\"article:published_time\" content=\"2025-05-01T21:54:09+00:00\" \/>\n<meta property=\"article:modified_time\" content=\"2025-05-13T07:23:30+00:00\" \/>\n<meta property=\"og:image\" content=\"https:\/\/www.diocesitn.it\/area-testimonianza\/wp-content\/uploads\/sites\/37\/2025\/05\/P1211363.jpg\" \/>\n\t<meta property=\"og:image:width\" content=\"1920\" \/>\n\t<meta property=\"og:image:height\" content=\"1080\" \/>\n\t<meta property=\"og:image:type\" content=\"image\/jpeg\" \/>\n<meta name=\"author\" content=\"cweiss\" \/>\n<meta name=\"twitter:card\" content=\"summary_large_image\" \/>\n<meta name=\"twitter:label1\" content=\"Scritto da\" \/>\n\t<meta name=\"twitter:data1\" content=\"cweiss\" \/>\n\t<meta name=\"twitter:label2\" content=\"Tempo di lettura stimato\" \/>\n\t<meta name=\"twitter:data2\" content=\"3 minuti\" \/>\n<script type=\"application\/ld+json\" class=\"yoast-schema-graph\">{\"@context\":\"https:\/\/schema.org\",\"@graph\":[{\"@type\":\"Article\",\"@id\":\"https:\/\/www.diocesitn.it\/area-testimonianza\/2025\/05\/01\/primo-maggio-e-giubileo-diocesano-dei-lavoratori-nicoletti-e-il-vescovo-tisi-intervengono-in-primiero\/#article\",\"isPartOf\":{\"@id\":\"https:\/\/www.diocesitn.it\/area-testimonianza\/2025\/05\/01\/primo-maggio-e-giubileo-diocesano-dei-lavoratori-nicoletti-e-il-vescovo-tisi-intervengono-in-primiero\/\"},\"author\":{\"name\":\"cweiss\",\"@id\":\"https:\/\/www.diocesitn.it\/area-testimonianza\/#\/schema\/person\/4d1771273d5fc5c33cf486f49f0d18fb\"},\"headline\":\"Primo Maggio con don Lauro: \u201cIl lavoro terreno dove sperimentare la gioia del creare\u201d\",\"datePublished\":\"2025-05-01T21:54:09+00:00\",\"dateModified\":\"2025-05-13T07:23:30+00:00\",\"mainEntityOfPage\":{\"@id\":\"https:\/\/www.diocesitn.it\/area-testimonianza\/2025\/05\/01\/primo-maggio-e-giubileo-diocesano-dei-lavoratori-nicoletti-e-il-vescovo-tisi-intervengono-in-primiero\/\"},\"wordCount\":382,\"publisher\":{\"@id\":\"https:\/\/www.diocesitn.it\/area-testimonianza\/#organization\"},\"image\":{\"@id\":\"https:\/\/www.diocesitn.it\/area-testimonianza\/2025\/05\/01\/primo-maggio-e-giubileo-diocesano-dei-lavoratori-nicoletti-e-il-vescovo-tisi-intervengono-in-primiero\/#primaryimage\"},\"thumbnailUrl\":\"https:\/\/www.diocesitn.it\/area-testimonianza\/wp-content\/uploads\/sites\/37\/2025\/05\/P1211363.jpg\",\"articleSection\":[\"Notizie\",\"Pastorale Sociale e del Lavoro\"],\"inLanguage\":\"it-IT\",\"copyrightYear\":\"2025\",\"copyrightHolder\":{\"@id\":\"https:\/\/www.diocesitn.it\/#organization\"}},{\"@type\":\"WebPage\",\"@id\":\"https:\/\/www.diocesitn.it\/area-testimonianza\/2025\/05\/01\/primo-maggio-e-giubileo-diocesano-dei-lavoratori-nicoletti-e-il-vescovo-tisi-intervengono-in-primiero\/\",\"url\":\"https:\/\/www.diocesitn.it\/area-testimonianza\/2025\/05\/01\/primo-maggio-e-giubileo-diocesano-dei-lavoratori-nicoletti-e-il-vescovo-tisi-intervengono-in-primiero\/\",\"name\":\"Primo Maggio con don Lauro: \u201cIl lavoro terreno dove sperimentare la gioia del creare\u201d - Testimonianza e Impegno sociale\",\"isPartOf\":{\"@id\":\"https:\/\/www.diocesitn.it\/area-testimonianza\/#website\"},\"primaryImageOfPage\":{\"@id\":\"https:\/\/www.diocesitn.it\/area-testimonianza\/2025\/05\/01\/primo-maggio-e-giubileo-diocesano-dei-lavoratori-nicoletti-e-il-vescovo-tisi-intervengono-in-primiero\/#primaryimage\"},\"image\":{\"@id\":\"https:\/\/www.diocesitn.it\/area-testimonianza\/2025\/05\/01\/primo-maggio-e-giubileo-diocesano-dei-lavoratori-nicoletti-e-il-vescovo-tisi-intervengono-in-primiero\/#primaryimage\"},\"thumbnailUrl\":\"https:\/\/www.diocesitn.it\/area-testimonianza\/wp-content\/uploads\/sites\/37\/2025\/05\/P1211363.jpg\",\"datePublished\":\"2025-05-01T21:54:09+00:00\",\"dateModified\":\"2025-05-13T07:23:30+00:00\",\"breadcrumb\":{\"@id\":\"https:\/\/www.diocesitn.it\/area-testimonianza\/2025\/05\/01\/primo-maggio-e-giubileo-diocesano-dei-lavoratori-nicoletti-e-il-vescovo-tisi-intervengono-in-primiero\/#breadcrumb\"},\"inLanguage\":\"it-IT\",\"potentialAction\":[{\"@type\":\"ReadAction\",\"target\":[\"https:\/\/www.diocesitn.it\/area-testimonianza\/2025\/05\/01\/primo-maggio-e-giubileo-diocesano-dei-lavoratori-nicoletti-e-il-vescovo-tisi-intervengono-in-primiero\/\"]}]},{\"@type\":\"ImageObject\",\"inLanguage\":\"it-IT\",\"@id\":\"https:\/\/www.diocesitn.it\/area-testimonianza\/2025\/05\/01\/primo-maggio-e-giubileo-diocesano-dei-lavoratori-nicoletti-e-il-vescovo-tisi-intervengono-in-primiero\/#primaryimage\",\"url\":\"https:\/\/www.diocesitn.it\/area-testimonianza\/wp-content\/uploads\/sites\/37\/2025\/05\/P1211363.jpg\",\"contentUrl\":\"https:\/\/www.diocesitn.it\/area-testimonianza\/wp-content\/uploads\/sites\/37\/2025\/05\/P1211363.jpg\",\"width\":1920,\"height\":1080},{\"@type\":\"BreadcrumbList\",\"@id\":\"https:\/\/www.diocesitn.it\/area-testimonianza\/2025\/05\/01\/primo-maggio-e-giubileo-diocesano-dei-lavoratori-nicoletti-e-il-vescovo-tisi-intervengono-in-primiero\/#breadcrumb\",\"itemListElement\":[{\"@type\":\"ListItem\",\"position\":1,\"name\":\"Home\",\"item\":\"https:\/\/www.diocesitn.it\/area-testimonianza\/\"},{\"@type\":\"ListItem\",\"position\":2,\"name\":\"Primo Maggio con don Lauro: \u201cIl lavoro terreno dove sperimentare la gioia del creare\u201d\"}]},{\"@type\":\"WebSite\",\"@id\":\"https:\/\/www.diocesitn.it\/area-testimonianza\/#website\",\"url\":\"https:\/\/www.diocesitn.it\/area-testimonianza\/\",\"name\":\"Testimonianza e Impegno sociale\",\"description\":\"Chiesa di Trento\",\"publisher\":{\"@id\":\"https:\/\/www.diocesitn.it\/area-testimonianza\/#organization\"},\"potentialAction\":[{\"@type\":\"SearchAction\",\"target\":{\"@type\":\"EntryPoint\",\"urlTemplate\":\"https:\/\/www.diocesitn.it\/area-testimonianza\/?s={search_term_string}\"},\"query-input\":\"required name=search_term_string\"}],\"inLanguage\":\"it-IT\"},{\"@type\":[\"Organization\",\"Place\"],\"@id\":\"https:\/\/www.diocesitn.it\/area-testimonianza\/#organization\",\"name\":\"Area Testimonianza e Impegno Sociale - Chiesa di Trento\",\"url\":\"https:\/\/www.diocesitn.it\/area-testimonianza\/\",\"logo\":{\"@id\":\"https:\/\/www.diocesitn.it\/area-testimonianza\/2025\/05\/01\/primo-maggio-e-giubileo-diocesano-dei-lavoratori-nicoletti-e-il-vescovo-tisi-intervengono-in-primiero\/#local-main-organization-logo\"},\"image\":{\"@id\":\"https:\/\/www.diocesitn.it\/area-testimonianza\/2025\/05\/01\/primo-maggio-e-giubileo-diocesano-dei-lavoratori-nicoletti-e-il-vescovo-tisi-intervengono-in-primiero\/#local-main-organization-logo\"},\"openingHoursSpecification\":[{\"@type\":\"OpeningHoursSpecification\",\"dayOfWeek\":[\"Monday\",\"Tuesday\",\"Wednesday\",\"Thursday\",\"Friday\",\"Saturday\",\"Sunday\"],\"opens\":\"09:00\",\"closes\":\"17:00\"}]},{\"@type\":\"ImageObject\",\"inLanguage\":\"it-IT\",\"@id\":\"https:\/\/www.diocesitn.it\/area-testimonianza\/2025\/05\/01\/primo-maggio-e-giubileo-diocesano-dei-lavoratori-nicoletti-e-il-vescovo-tisi-intervengono-in-primiero\/#local-main-organization-logo\",\"url\":\"https:\/\/www.diocesitn.it\/area-testimonianza\/wp-content\/uploads\/sites\/37\/2021\/09\/og-logo-testimonianza-e-impegno-sociale.jpg\",\"contentUrl\":\"https:\/\/www.diocesitn.it\/area-testimonianza\/wp-content\/uploads\/sites\/37\/2021\/09\/og-logo-testimonianza-e-impegno-sociale.jpg\",\"width\":1200,\"height\":630,\"caption\":\"Area Testimonianza e Impegno Sociale - Chiesa di Trento\"}]}<\/script>\n<!-- \/ Yoast SEO Premium plugin. -->","yoast_head_json":{"title":"Primo Maggio con don Lauro: \u201cIl lavoro terreno dove sperimentare la gioia del creare\u201d - Testimonianza e Impegno sociale","robots":{"index":"index","follow":"follow","max-snippet":"max-snippet:-1","max-image-preview":"max-image-preview:large","max-video-preview":"max-video-preview:-1"},"canonical":"https:\/\/www.diocesitn.it\/area-testimonianza\/2025\/05\/01\/primo-maggio-e-giubileo-diocesano-dei-lavoratori-nicoletti-e-il-vescovo-tisi-intervengono-in-primiero\/","og_locale":"it_IT","og_type":"article","og_title":"Primo Maggio con don Lauro: \u201cIl lavoro terreno dove sperimentare la gioia del creare\u201d","og_description":"Le\u00a0comunit\u00e0 di Primiero e Vanoi e Mis\u00a0hanno accolto con affetto il\u00a0vescovo Lauro Tisi, arrivato in valle per festeggiare il\u00a0Giubileo dei Lavoratori\u00a0a pochi giorni dall\u2019inizio della sua visita pastorale, in programma\u00a0dal 4 maggio al 6 giugno.","og_url":"https:\/\/www.diocesitn.it\/area-testimonianza\/2025\/05\/01\/primo-maggio-e-giubileo-diocesano-dei-lavoratori-nicoletti-e-il-vescovo-tisi-intervengono-in-primiero\/","og_site_name":"Testimonianza e Impegno sociale","article_published_time":"2025-05-01T21:54:09+00:00","article_modified_time":"2025-05-13T07:23:30+00:00","og_image":[{"width":1920,"height":1080,"url":"https:\/\/www.diocesitn.it\/area-testimonianza\/wp-content\/uploads\/sites\/37\/2025\/05\/P1211363.jpg","type":"image\/jpeg"}],"author":"cweiss","twitter_card":"summary_large_image","twitter_misc":{"Scritto da":"cweiss","Tempo di lettura stimato":"3 minuti"},"schema":{"@context":"https:\/\/schema.org","@graph":[{"@type":"Article","@id":"https:\/\/www.diocesitn.it\/area-testimonianza\/2025\/05\/01\/primo-maggio-e-giubileo-diocesano-dei-lavoratori-nicoletti-e-il-vescovo-tisi-intervengono-in-primiero\/#article","isPartOf":{"@id":"https:\/\/www.diocesitn.it\/area-testimonianza\/2025\/05\/01\/primo-maggio-e-giubileo-diocesano-dei-lavoratori-nicoletti-e-il-vescovo-tisi-intervengono-in-primiero\/"},"author":{"name":"cweiss","@id":"https:\/\/www.diocesitn.it\/area-testimonianza\/#\/schema\/person\/4d1771273d5fc5c33cf486f49f0d18fb"},"headline":"Primo Maggio con don Lauro: \u201cIl lavoro terreno dove sperimentare la gioia del creare\u201d","datePublished":"2025-05-01T21:54:09+00:00","dateModified":"2025-05-13T07:23:30+00:00","mainEntityOfPage":{"@id":"https:\/\/www.diocesitn.it\/area-testimonianza\/2025\/05\/01\/primo-maggio-e-giubileo-diocesano-dei-lavoratori-nicoletti-e-il-vescovo-tisi-intervengono-in-primiero\/"},"wordCount":382,"publisher":{"@id":"https:\/\/www.diocesitn.it\/area-testimonianza\/#organization"},"image":{"@id":"https:\/\/www.diocesitn.it\/area-testimonianza\/2025\/05\/01\/primo-maggio-e-giubileo-diocesano-dei-lavoratori-nicoletti-e-il-vescovo-tisi-intervengono-in-primiero\/#primaryimage"},"thumbnailUrl":"https:\/\/www.diocesitn.it\/area-testimonianza\/wp-content\/uploads\/sites\/37\/2025\/05\/P1211363.jpg","articleSection":["Notizie","Pastorale Sociale e del Lavoro"],"inLanguage":"it-IT","copyrightYear":"2025","copyrightHolder":{"@id":"https:\/\/www.diocesitn.it\/#organization"}},{"@type":"WebPage","@id":"https:\/\/www.diocesitn.it\/area-testimonianza\/2025\/05\/01\/primo-maggio-e-giubileo-diocesano-dei-lavoratori-nicoletti-e-il-vescovo-tisi-intervengono-in-primiero\/","url":"https:\/\/www.diocesitn.it\/area-testimonianza\/2025\/05\/01\/primo-maggio-e-giubileo-diocesano-dei-lavoratori-nicoletti-e-il-vescovo-tisi-intervengono-in-primiero\/","name":"Primo Maggio con don Lauro: \u201cIl lavoro terreno dove sperimentare la gioia del creare\u201d - Testimonianza e Impegno sociale","isPartOf":{"@id":"https:\/\/www.diocesitn.it\/area-testimonianza\/#website"},"primaryImageOfPage":{"@id":"https:\/\/www.diocesitn.it\/area-testimonianza\/2025\/05\/01\/primo-maggio-e-giubileo-diocesano-dei-lavoratori-nicoletti-e-il-vescovo-tisi-intervengono-in-primiero\/#primaryimage"},"image":{"@id":"https:\/\/www.diocesitn.it\/area-testimonianza\/2025\/05\/01\/primo-maggio-e-giubileo-diocesano-dei-lavoratori-nicoletti-e-il-vescovo-tisi-intervengono-in-primiero\/#primaryimage"},"thumbnailUrl":"https:\/\/www.diocesitn.it\/area-testimonianza\/wp-content\/uploads\/sites\/37\/2025\/05\/P1211363.jpg","datePublished":"2025-05-01T21:54:09+00:00","dateModified":"2025-05-13T07:23:30+00:00","breadcrumb":{"@id":"https:\/\/www.diocesitn.it\/area-testimonianza\/2025\/05\/01\/primo-maggio-e-giubileo-diocesano-dei-lavoratori-nicoletti-e-il-vescovo-tisi-intervengono-in-primiero\/#breadcrumb"},"inLanguage":"it-IT","potentialAction":[{"@type":"ReadAction","target":["https:\/\/www.diocesitn.it\/area-testimonianza\/2025\/05\/01\/primo-maggio-e-giubileo-diocesano-dei-lavoratori-nicoletti-e-il-vescovo-tisi-intervengono-in-primiero\/"]}]},{"@type":"ImageObject","inLanguage":"it-IT","@id":"https:\/\/www.diocesitn.it\/area-testimonianza\/2025\/05\/01\/primo-maggio-e-giubileo-diocesano-dei-lavoratori-nicoletti-e-il-vescovo-tisi-intervengono-in-primiero\/#primaryimage","url":"https:\/\/www.diocesitn.it\/area-testimonianza\/wp-content\/uploads\/sites\/37\/2025\/05\/P1211363.jpg","contentUrl":"https:\/\/www.diocesitn.it\/area-testimonianza\/wp-content\/uploads\/sites\/37\/2025\/05\/P1211363.jpg","width":1920,"height":1080},{"@type":"BreadcrumbList","@id":"https:\/\/www.diocesitn.it\/area-testimonianza\/2025\/05\/01\/primo-maggio-e-giubileo-diocesano-dei-lavoratori-nicoletti-e-il-vescovo-tisi-intervengono-in-primiero\/#breadcrumb","itemListElement":[{"@type":"ListItem","position":1,"name":"Home","item":"https:\/\/www.diocesitn.it\/area-testimonianza\/"},{"@type":"ListItem","position":2,"name":"Primo Maggio con don Lauro: \u201cIl lavoro terreno dove sperimentare la gioia del creare\u201d"}]},{"@type":"WebSite","@id":"https:\/\/www.diocesitn.it\/area-testimonianza\/#website","url":"https:\/\/www.diocesitn.it\/area-testimonianza\/","name":"Testimonianza e Impegno sociale","description":"Chiesa di Trento","publisher":{"@id":"https:\/\/www.diocesitn.it\/area-testimonianza\/#organization"},"potentialAction":[{"@type":"SearchAction","target":{"@type":"EntryPoint","urlTemplate":"https:\/\/www.diocesitn.it\/area-testimonianza\/?s={search_term_string}"},"query-input":"required name=search_term_string"}],"inLanguage":"it-IT"},{"@type":["Organization","Place"],"@id":"https:\/\/www.diocesitn.it\/area-testimonianza\/#organization","name":"Area Testimonianza e Impegno Sociale - Chiesa di Trento","url":"https:\/\/www.diocesitn.it\/area-testimonianza\/","logo":{"@id":"https:\/\/www.diocesitn.it\/area-testimonianza\/2025\/05\/01\/primo-maggio-e-giubileo-diocesano-dei-lavoratori-nicoletti-e-il-vescovo-tisi-intervengono-in-primiero\/#local-main-organization-logo"},"image":{"@id":"https:\/\/www.diocesitn.it\/area-testimonianza\/2025\/05\/01\/primo-maggio-e-giubileo-diocesano-dei-lavoratori-nicoletti-e-il-vescovo-tisi-intervengono-in-primiero\/#local-main-organization-logo"},"openingHoursSpecification":[{"@type":"OpeningHoursSpecification","dayOfWeek":["Monday","Tuesday","Wednesday","Thursday","Friday","Saturday","Sunday"],"opens":"09:00","closes":"17:00"}]},{"@type":"ImageObject","inLanguage":"it-IT","@id":"https:\/\/www.diocesitn.it\/area-testimonianza\/2025\/05\/01\/primo-maggio-e-giubileo-diocesano-dei-lavoratori-nicoletti-e-il-vescovo-tisi-intervengono-in-primiero\/#local-main-organization-logo","url":"https:\/\/www.diocesitn.it\/area-testimonianza\/wp-content\/uploads\/sites\/37\/2021\/09\/og-logo-testimonianza-e-impegno-sociale.jpg","contentUrl":"https:\/\/www.diocesitn.it\/area-testimonianza\/wp-content\/uploads\/sites\/37\/2021\/09\/og-logo-testimonianza-e-impegno-sociale.jpg","width":1200,"height":630,"caption":"Area Testimonianza e Impegno Sociale - Chiesa di Trento"}]}},"_links":{"self":[{"href":"https:\/\/www.diocesitn.it\/area-testimonianza\/wp-json\/wp\/v2\/posts\/17662","targetHints":{"allow":["GET"]}}],"collection":[{"href":"https:\/\/www.diocesitn.it\/area-testimonianza\/wp-json\/wp\/v2\/posts"}],"about":[{"href":"https:\/\/www.diocesitn.it\/area-testimonianza\/wp-json\/wp\/v2\/types\/post"}],"author":[{"embeddable":true,"href":"https:\/\/www.diocesitn.it\/area-testimonianza\/wp-json\/wp\/v2\/users\/177"}],"replies":[{"embeddable":true,"href":"https:\/\/www.diocesitn.it\/area-testimonianza\/wp-json\/wp\/v2\/comments?post=17662"}],"version-history":[{"count":1,"href":"https:\/\/www.diocesitn.it\/area-testimonianza\/wp-json\/wp\/v2\/posts\/17662\/revisions"}],"predecessor-version":[{"id":17673,"href":"https:\/\/www.diocesitn.it\/area-testimonianza\/wp-json\/wp\/v2\/posts\/17662\/revisions\/17673"}],"wp:featuredmedia":[{"embeddable":true,"href":"https:\/\/www.diocesitn.it\/area-testimonianza\/wp-json\/wp\/v2\/media\/17670"}],"wp:attachment":[{"href":"https:\/\/www.diocesitn.it\/area-testimonianza\/wp-json\/wp\/v2\/media?parent=17662"}],"wp:term":[{"taxonomy":"category","embeddable":true,"href":"https:\/\/www.diocesitn.it\/area-testimonianza\/wp-json\/wp\/v2\/categories?post=17662"},{"taxonomy":"post_tag","embeddable":true,"href":"https:\/\/www.diocesitn.it\/area-testimonianza\/wp-json\/wp\/v2\/tags?post=17662"}],"curies":[{"name":"wp","href":"https:\/\/api.w.org\/{rel}","templated":true}]}}