{"id":17611,"date":"2025-04-29T14:33:52","date_gmt":"2025-04-29T12:33:52","guid":{"rendered":"https:\/\/www.diocesitn.it\/area-testimonianza\/?p=17611"},"modified":"2025-05-28T11:40:35","modified_gmt":"2025-05-28T09:40:35","slug":"un-caro-saluto-a-don-mauro","status":"publish","type":"post","link":"https:\/\/www.diocesitn.it\/area-testimonianza\/2025\/04\/29\/un-caro-saluto-a-don-mauro\/","title":{"rendered":"Un caro saluto a don Mauro"},"content":{"rendered":"<p>Sono tanti i messaggi di cordoglio che sono giunti per la scomparsa di don Mauro.\u00a0Sul numero di maggio di Comunione e Missione si raccolgono quelli dei missionari.<!--more--><\/p>\n<p>Qui vogliamo salutarlo con una preghiera al Padre.<\/p>\n<p><em>Signore ti ringraziamo per don Mauro che hai donato alla chiesa di Trento e a tutti noi.<br \/>\n<\/em><em>In questi anni abbiamo avuto modo di conoscerlo e stare accanto a lui nelle varie situazioni e abbiamo potuto apprezzarne la semplicit\u00e0, la concretezza e la forza della sua fede. L\u2019esempio che ci lascia \u00e8 quello di non tirarsi mai indietro davanti a qualsiasi situazione si presentasse: migranti, carcerati, senza dimora, famiglie in difficolt\u00e0, realt\u00e0 missionarie, ammalati, anziani e tante altre, affrontandola in prima persona e con piena disponibilit\u00e0 con tutti.<br \/>\n<\/em><em>Ci lascia un grande esempio di umanit\u00e0 e fede che ognuno di noi pu\u00f2 raccogliere nella propria vita e nei vari servizi in cui siamo impegnati a favore dei poveri e dei fragili.<br \/>\n<\/em><em>Accoglilo tra le tue braccia amorose e misericordiose e dona serenit\u00e0 alla sua mamma, ai suoi cari e a tutti noi.<\/em><\/p>\n<hr \/>\n<p>In altri articoli si <a href=\"https:\/\/www.diocesitn.it\/site\/addio-a-soli-54-anni-a-don-mauro-leonardelli-nativo-di-coredo-gia-parroco-in-val-di-cembra-val-di-non-e-trento-nord-era-delegato-per-larea-testimonianza\/\">annuncia la triste notizia<\/a> e si <a href=\"https:\/\/www.diocesitn.it\/site\/grazie-per-la-tua-lezione-di-vita-ci-hai-insegnato-a-mettere-al-primo-posto-il-servizio-e-lamore-nella-cattedrale-gremita-lultimo-saluto-a-don-mauro-leonardelli\/\">racconta il funerale<\/a> con anche la possibilit\u00e0 di vedere <a href=\"https:\/\/youtu.be\/dO3j0JrFO98\" target=\"_blank\" rel=\"noopener\">la registrazione della cerimonia di saluto<\/a>.<\/p>\n<p><iframe loading=\"lazy\" title=\"Cattedrale di Trento, celebrazione del funerale di don Mauro Leonardelli  - Luned\u00ec 28 aprile ore 11\" width=\"800\" height=\"450\" src=\"https:\/\/www.youtube.com\/embed\/dO3j0JrFO98?feature=oembed\" frameborder=\"0\" allow=\"accelerometer; autoplay; clipboard-write; encrypted-media; gyroscope; picture-in-picture; web-share\" referrerpolicy=\"strict-origin-when-cross-origin\" allowfullscreen><\/iframe><\/p>\n<p>Un ricordo di don Mauro si trova anche su <a href=\"https:\/\/www.telepacetrento.it\/\" target=\"_blank\" rel=\"noopener\">Telepace<\/a>.<\/p>\n<p><iframe loading=\"lazy\" title=\"Buon viaggio don Mauro, pellegrino di speranza - Trentino in Piazza - Puntata del 30\/04\/2025\" width=\"800\" height=\"450\" src=\"https:\/\/www.youtube.com\/embed\/AlX5zhedhqI?feature=oembed\" frameborder=\"0\" allow=\"accelerometer; autoplay; clipboard-write; encrypted-media; gyroscope; picture-in-picture; web-share\" referrerpolicy=\"strict-origin-when-cross-origin\" allowfullscreen><\/iframe><\/p>\n","protected":false},"excerpt":{"rendered":"<p>Sono tanti i messaggi di cordoglio che sono giunti per la scomparsa di don Mauro.\u00a0Sul numero di maggio di Comunione e Missione si raccolgono quelli dei missionari.<\/p>\n","protected":false},"author":161,"featured_media":17614,"comment_status":"closed","ping_status":"closed","sticky":false,"template":"","format":"standard","meta":{"footnotes":""},"categories":[1695,1074],"tags":[2418],"class_list":["post-17611","post","type-post","status-publish","format-standard","has-post-thumbnail","hentry","category-area-testimonianza-e-impegno-sociale","category-notizie","tag-mauro-leonardelli"],"acf":{"seed-localization-paese-cod":"IT","seed-localization-address":"","seed-localization-citta":"Trento","seed-localization-regione-cod-istat":"04","seed-localization-citta-cod-istat":"022205","seed-localization-localita":"","seed-localization-cap":"","seed-localization-marker-visibility":false,"seed-localization-children-visibility":false,"seed-localization-kml":"","seed-localization-custom-marker":""},"yoast_head":"<!-- This site is optimized with the Yoast SEO Premium plugin v20.2.1 (Yoast SEO v22.2) - https:\/\/yoast.com\/wordpress\/plugins\/seo\/ -->\n<title>Un caro saluto a don Mauro - Testimonianza e Impegno sociale<\/title>\n<meta name=\"robots\" content=\"index, follow, max-snippet:-1, max-image-preview:large, max-video-preview:-1\" \/>\n<link rel=\"canonical\" href=\"https:\/\/www.diocesitn.it\/area-testimonianza\/2025\/04\/29\/un-caro-saluto-a-don-mauro\/\" \/>\n<meta property=\"og:locale\" content=\"it_IT\" \/>\n<meta property=\"og:type\" content=\"article\" \/>\n<meta property=\"og:title\" content=\"Un caro saluto a don Mauro\" \/>\n<meta property=\"og:description\" content=\"Sono tanti i messaggi di cordoglio che sono giunti per la scomparsa di don Mauro.\u00a0Sul numero di maggio di Comunione e Missione si raccolgono quelli dei missionari.\" \/>\n<meta property=\"og:url\" content=\"https:\/\/www.diocesitn.it\/area-testimonianza\/2025\/04\/29\/un-caro-saluto-a-don-mauro\/\" \/>\n<meta property=\"og:site_name\" content=\"Testimonianza e Impegno sociale\" \/>\n<meta property=\"article:published_time\" content=\"2025-04-29T12:33:52+00:00\" \/>\n<meta property=\"article:modified_time\" content=\"2025-05-28T09:40:35+00:00\" \/>\n<meta property=\"og:image\" content=\"https:\/\/www.diocesitn.it\/area-testimonianza\/wp-content\/uploads\/sites\/37\/2025\/04\/don-Mauro-Leonardelli.jpg\" \/>\n\t<meta property=\"og:image:width\" content=\"1376\" \/>\n\t<meta property=\"og:image:height\" content=\"876\" \/>\n\t<meta property=\"og:image:type\" content=\"image\/jpeg\" \/>\n<meta name=\"author\" content=\"smaule\" \/>\n<meta name=\"twitter:card\" content=\"summary_large_image\" \/>\n<meta name=\"twitter:label1\" content=\"Scritto da\" \/>\n\t<meta name=\"twitter:data1\" content=\"smaule\" \/>\n\t<meta name=\"twitter:label2\" content=\"Tempo di lettura stimato\" \/>\n\t<meta name=\"twitter:data2\" content=\"2 minuti\" \/>\n<script type=\"application\/ld+json\" class=\"yoast-schema-graph\">{\"@context\":\"https:\/\/schema.org\",\"@graph\":[{\"@type\":\"Article\",\"@id\":\"https:\/\/www.diocesitn.it\/area-testimonianza\/2025\/04\/29\/un-caro-saluto-a-don-mauro\/#article\",\"isPartOf\":{\"@id\":\"https:\/\/www.diocesitn.it\/area-testimonianza\/2025\/04\/29\/un-caro-saluto-a-don-mauro\/\"},\"author\":{\"name\":\"smaule\",\"@id\":\"https:\/\/www.diocesitn.it\/area-testimonianza\/#\/schema\/person\/bac489aafb7f98c1ca25f76c27174a95\"},\"headline\":\"Un caro saluto a don Mauro\",\"datePublished\":\"2025-04-29T12:33:52+00:00\",\"dateModified\":\"2025-05-28T09:40:35+00:00\",\"mainEntityOfPage\":{\"@id\":\"https:\/\/www.diocesitn.it\/area-testimonianza\/2025\/04\/29\/un-caro-saluto-a-don-mauro\/\"},\"wordCount\":236,\"publisher\":{\"@id\":\"https:\/\/www.diocesitn.it\/area-testimonianza\/#organization\"},\"image\":{\"@id\":\"https:\/\/www.diocesitn.it\/area-testimonianza\/2025\/04\/29\/un-caro-saluto-a-don-mauro\/#primaryimage\"},\"thumbnailUrl\":\"https:\/\/www.diocesitn.it\/area-testimonianza\/wp-content\/uploads\/sites\/37\/2025\/04\/don-Mauro-Leonardelli.jpg\",\"keywords\":[\"d. Mauro Leonardelli\"],\"articleSection\":[\"Area Testimonianza e Impegno sociale\",\"Notizie\"],\"inLanguage\":\"it-IT\",\"copyrightYear\":\"2025\",\"copyrightHolder\":{\"@id\":\"https:\/\/www.diocesitn.it\/#organization\"}},{\"@type\":\"WebPage\",\"@id\":\"https:\/\/www.diocesitn.it\/area-testimonianza\/2025\/04\/29\/un-caro-saluto-a-don-mauro\/\",\"url\":\"https:\/\/www.diocesitn.it\/area-testimonianza\/2025\/04\/29\/un-caro-saluto-a-don-mauro\/\",\"name\":\"Un caro saluto a don Mauro - Testimonianza e Impegno sociale\",\"isPartOf\":{\"@id\":\"https:\/\/www.diocesitn.it\/area-testimonianza\/#website\"},\"primaryImageOfPage\":{\"@id\":\"https:\/\/www.diocesitn.it\/area-testimonianza\/2025\/04\/29\/un-caro-saluto-a-don-mauro\/#primaryimage\"},\"image\":{\"@id\":\"https:\/\/www.diocesitn.it\/area-testimonianza\/2025\/04\/29\/un-caro-saluto-a-don-mauro\/#primaryimage\"},\"thumbnailUrl\":\"https:\/\/www.diocesitn.it\/area-testimonianza\/wp-content\/uploads\/sites\/37\/2025\/04\/don-Mauro-Leonardelli.jpg\",\"datePublished\":\"2025-04-29T12:33:52+00:00\",\"dateModified\":\"2025-05-28T09:40:35+00:00\",\"breadcrumb\":{\"@id\":\"https:\/\/www.diocesitn.it\/area-testimonianza\/2025\/04\/29\/un-caro-saluto-a-don-mauro\/#breadcrumb\"},\"inLanguage\":\"it-IT\",\"potentialAction\":[{\"@type\":\"ReadAction\",\"target\":[\"https:\/\/www.diocesitn.it\/area-testimonianza\/2025\/04\/29\/un-caro-saluto-a-don-mauro\/\"]}]},{\"@type\":\"ImageObject\",\"inLanguage\":\"it-IT\",\"@id\":\"https:\/\/www.diocesitn.it\/area-testimonianza\/2025\/04\/29\/un-caro-saluto-a-don-mauro\/#primaryimage\",\"url\":\"https:\/\/www.diocesitn.it\/area-testimonianza\/wp-content\/uploads\/sites\/37\/2025\/04\/don-Mauro-Leonardelli.jpg\",\"contentUrl\":\"https:\/\/www.diocesitn.it\/area-testimonianza\/wp-content\/uploads\/sites\/37\/2025\/04\/don-Mauro-Leonardelli.jpg\",\"width\":1376,\"height\":876},{\"@type\":\"BreadcrumbList\",\"@id\":\"https:\/\/www.diocesitn.it\/area-testimonianza\/2025\/04\/29\/un-caro-saluto-a-don-mauro\/#breadcrumb\",\"itemListElement\":[{\"@type\":\"ListItem\",\"position\":1,\"name\":\"Home\",\"item\":\"https:\/\/www.diocesitn.it\/area-testimonianza\/\"},{\"@type\":\"ListItem\",\"position\":2,\"name\":\"Un caro saluto a don Mauro\"}]},{\"@type\":\"WebSite\",\"@id\":\"https:\/\/www.diocesitn.it\/area-testimonianza\/#website\",\"url\":\"https:\/\/www.diocesitn.it\/area-testimonianza\/\",\"name\":\"Testimonianza e Impegno sociale\",\"description\":\"Chiesa di Trento\",\"publisher\":{\"@id\":\"https:\/\/www.diocesitn.it\/area-testimonianza\/#organization\"},\"potentialAction\":[{\"@type\":\"SearchAction\",\"target\":{\"@type\":\"EntryPoint\",\"urlTemplate\":\"https:\/\/www.diocesitn.it\/area-testimonianza\/?s={search_term_string}\"},\"query-input\":\"required name=search_term_string\"}],\"inLanguage\":\"it-IT\"},{\"@type\":[\"Organization\",\"Place\"],\"@id\":\"https:\/\/www.diocesitn.it\/area-testimonianza\/#organization\",\"name\":\"Area Testimonianza e Impegno Sociale - Chiesa di Trento\",\"url\":\"https:\/\/www.diocesitn.it\/area-testimonianza\/\",\"logo\":{\"@id\":\"https:\/\/www.diocesitn.it\/area-testimonianza\/2025\/04\/29\/un-caro-saluto-a-don-mauro\/#local-main-organization-logo\"},\"image\":{\"@id\":\"https:\/\/www.diocesitn.it\/area-testimonianza\/2025\/04\/29\/un-caro-saluto-a-don-mauro\/#local-main-organization-logo\"},\"openingHoursSpecification\":[{\"@type\":\"OpeningHoursSpecification\",\"dayOfWeek\":[\"Monday\",\"Tuesday\",\"Wednesday\",\"Thursday\",\"Friday\",\"Saturday\",\"Sunday\"],\"opens\":\"09:00\",\"closes\":\"17:00\"}]},{\"@type\":\"ImageObject\",\"inLanguage\":\"it-IT\",\"@id\":\"https:\/\/www.diocesitn.it\/area-testimonianza\/2025\/04\/29\/un-caro-saluto-a-don-mauro\/#local-main-organization-logo\",\"url\":\"https:\/\/www.diocesitn.it\/area-testimonianza\/wp-content\/uploads\/sites\/37\/2021\/09\/og-logo-testimonianza-e-impegno-sociale.jpg\",\"contentUrl\":\"https:\/\/www.diocesitn.it\/area-testimonianza\/wp-content\/uploads\/sites\/37\/2021\/09\/og-logo-testimonianza-e-impegno-sociale.jpg\",\"width\":1200,\"height\":630,\"caption\":\"Area Testimonianza e Impegno Sociale - Chiesa di Trento\"}]}<\/script>\n<!-- \/ Yoast SEO Premium plugin. -->","yoast_head_json":{"title":"Un caro saluto a don Mauro - Testimonianza e Impegno sociale","robots":{"index":"index","follow":"follow","max-snippet":"max-snippet:-1","max-image-preview":"max-image-preview:large","max-video-preview":"max-video-preview:-1"},"canonical":"https:\/\/www.diocesitn.it\/area-testimonianza\/2025\/04\/29\/un-caro-saluto-a-don-mauro\/","og_locale":"it_IT","og_type":"article","og_title":"Un caro saluto a don Mauro","og_description":"Sono tanti i messaggi di cordoglio che sono giunti per la scomparsa di don Mauro.\u00a0Sul numero di maggio di Comunione e Missione si raccolgono quelli dei missionari.","og_url":"https:\/\/www.diocesitn.it\/area-testimonianza\/2025\/04\/29\/un-caro-saluto-a-don-mauro\/","og_site_name":"Testimonianza e Impegno sociale","article_published_time":"2025-04-29T12:33:52+00:00","article_modified_time":"2025-05-28T09:40:35+00:00","og_image":[{"width":1376,"height":876,"url":"https:\/\/www.diocesitn.it\/area-testimonianza\/wp-content\/uploads\/sites\/37\/2025\/04\/don-Mauro-Leonardelli.jpg","type":"image\/jpeg"}],"author":"smaule","twitter_card":"summary_large_image","twitter_misc":{"Scritto da":"smaule","Tempo di lettura stimato":"2 minuti"},"schema":{"@context":"https:\/\/schema.org","@graph":[{"@type":"Article","@id":"https:\/\/www.diocesitn.it\/area-testimonianza\/2025\/04\/29\/un-caro-saluto-a-don-mauro\/#article","isPartOf":{"@id":"https:\/\/www.diocesitn.it\/area-testimonianza\/2025\/04\/29\/un-caro-saluto-a-don-mauro\/"},"author":{"name":"smaule","@id":"https:\/\/www.diocesitn.it\/area-testimonianza\/#\/schema\/person\/bac489aafb7f98c1ca25f76c27174a95"},"headline":"Un caro saluto a don Mauro","datePublished":"2025-04-29T12:33:52+00:00","dateModified":"2025-05-28T09:40:35+00:00","mainEntityOfPage":{"@id":"https:\/\/www.diocesitn.it\/area-testimonianza\/2025\/04\/29\/un-caro-saluto-a-don-mauro\/"},"wordCount":236,"publisher":{"@id":"https:\/\/www.diocesitn.it\/area-testimonianza\/#organization"},"image":{"@id":"https:\/\/www.diocesitn.it\/area-testimonianza\/2025\/04\/29\/un-caro-saluto-a-don-mauro\/#primaryimage"},"thumbnailUrl":"https:\/\/www.diocesitn.it\/area-testimonianza\/wp-content\/uploads\/sites\/37\/2025\/04\/don-Mauro-Leonardelli.jpg","keywords":["d. Mauro Leonardelli"],"articleSection":["Area Testimonianza e Impegno sociale","Notizie"],"inLanguage":"it-IT","copyrightYear":"2025","copyrightHolder":{"@id":"https:\/\/www.diocesitn.it\/#organization"}},{"@type":"WebPage","@id":"https:\/\/www.diocesitn.it\/area-testimonianza\/2025\/04\/29\/un-caro-saluto-a-don-mauro\/","url":"https:\/\/www.diocesitn.it\/area-testimonianza\/2025\/04\/29\/un-caro-saluto-a-don-mauro\/","name":"Un caro saluto a don Mauro - Testimonianza e Impegno sociale","isPartOf":{"@id":"https:\/\/www.diocesitn.it\/area-testimonianza\/#website"},"primaryImageOfPage":{"@id":"https:\/\/www.diocesitn.it\/area-testimonianza\/2025\/04\/29\/un-caro-saluto-a-don-mauro\/#primaryimage"},"image":{"@id":"https:\/\/www.diocesitn.it\/area-testimonianza\/2025\/04\/29\/un-caro-saluto-a-don-mauro\/#primaryimage"},"thumbnailUrl":"https:\/\/www.diocesitn.it\/area-testimonianza\/wp-content\/uploads\/sites\/37\/2025\/04\/don-Mauro-Leonardelli.jpg","datePublished":"2025-04-29T12:33:52+00:00","dateModified":"2025-05-28T09:40:35+00:00","breadcrumb":{"@id":"https:\/\/www.diocesitn.it\/area-testimonianza\/2025\/04\/29\/un-caro-saluto-a-don-mauro\/#breadcrumb"},"inLanguage":"it-IT","potentialAction":[{"@type":"ReadAction","target":["https:\/\/www.diocesitn.it\/area-testimonianza\/2025\/04\/29\/un-caro-saluto-a-don-mauro\/"]}]},{"@type":"ImageObject","inLanguage":"it-IT","@id":"https:\/\/www.diocesitn.it\/area-testimonianza\/2025\/04\/29\/un-caro-saluto-a-don-mauro\/#primaryimage","url":"https:\/\/www.diocesitn.it\/area-testimonianza\/wp-content\/uploads\/sites\/37\/2025\/04\/don-Mauro-Leonardelli.jpg","contentUrl":"https:\/\/www.diocesitn.it\/area-testimonianza\/wp-content\/uploads\/sites\/37\/2025\/04\/don-Mauro-Leonardelli.jpg","width":1376,"height":876},{"@type":"BreadcrumbList","@id":"https:\/\/www.diocesitn.it\/area-testimonianza\/2025\/04\/29\/un-caro-saluto-a-don-mauro\/#breadcrumb","itemListElement":[{"@type":"ListItem","position":1,"name":"Home","item":"https:\/\/www.diocesitn.it\/area-testimonianza\/"},{"@type":"ListItem","position":2,"name":"Un caro saluto a don Mauro"}]},{"@type":"WebSite","@id":"https:\/\/www.diocesitn.it\/area-testimonianza\/#website","url":"https:\/\/www.diocesitn.it\/area-testimonianza\/","name":"Testimonianza e Impegno sociale","description":"Chiesa di Trento","publisher":{"@id":"https:\/\/www.diocesitn.it\/area-testimonianza\/#organization"},"potentialAction":[{"@type":"SearchAction","target":{"@type":"EntryPoint","urlTemplate":"https:\/\/www.diocesitn.it\/area-testimonianza\/?s={search_term_string}"},"query-input":"required name=search_term_string"}],"inLanguage":"it-IT"},{"@type":["Organization","Place"],"@id":"https:\/\/www.diocesitn.it\/area-testimonianza\/#organization","name":"Area Testimonianza e Impegno Sociale - Chiesa di Trento","url":"https:\/\/www.diocesitn.it\/area-testimonianza\/","logo":{"@id":"https:\/\/www.diocesitn.it\/area-testimonianza\/2025\/04\/29\/un-caro-saluto-a-don-mauro\/#local-main-organization-logo"},"image":{"@id":"https:\/\/www.diocesitn.it\/area-testimonianza\/2025\/04\/29\/un-caro-saluto-a-don-mauro\/#local-main-organization-logo"},"openingHoursSpecification":[{"@type":"OpeningHoursSpecification","dayOfWeek":["Monday","Tuesday","Wednesday","Thursday","Friday","Saturday","Sunday"],"opens":"09:00","closes":"17:00"}]},{"@type":"ImageObject","inLanguage":"it-IT","@id":"https:\/\/www.diocesitn.it\/area-testimonianza\/2025\/04\/29\/un-caro-saluto-a-don-mauro\/#local-main-organization-logo","url":"https:\/\/www.diocesitn.it\/area-testimonianza\/wp-content\/uploads\/sites\/37\/2021\/09\/og-logo-testimonianza-e-impegno-sociale.jpg","contentUrl":"https:\/\/www.diocesitn.it\/area-testimonianza\/wp-content\/uploads\/sites\/37\/2021\/09\/og-logo-testimonianza-e-impegno-sociale.jpg","width":1200,"height":630,"caption":"Area Testimonianza e Impegno Sociale - Chiesa di Trento"}]}},"_links":{"self":[{"href":"https:\/\/www.diocesitn.it\/area-testimonianza\/wp-json\/wp\/v2\/posts\/17611","targetHints":{"allow":["GET"]}}],"collection":[{"href":"https:\/\/www.diocesitn.it\/area-testimonianza\/wp-json\/wp\/v2\/posts"}],"about":[{"href":"https:\/\/www.diocesitn.it\/area-testimonianza\/wp-json\/wp\/v2\/types\/post"}],"author":[{"embeddable":true,"href":"https:\/\/www.diocesitn.it\/area-testimonianza\/wp-json\/wp\/v2\/users\/161"}],"replies":[{"embeddable":true,"href":"https:\/\/www.diocesitn.it\/area-testimonianza\/wp-json\/wp\/v2\/comments?post=17611"}],"version-history":[{"count":3,"href":"https:\/\/www.diocesitn.it\/area-testimonianza\/wp-json\/wp\/v2\/posts\/17611\/revisions"}],"predecessor-version":[{"id":17700,"href":"https:\/\/www.diocesitn.it\/area-testimonianza\/wp-json\/wp\/v2\/posts\/17611\/revisions\/17700"}],"wp:featuredmedia":[{"embeddable":true,"href":"https:\/\/www.diocesitn.it\/area-testimonianza\/wp-json\/wp\/v2\/media\/17614"}],"wp:attachment":[{"href":"https:\/\/www.diocesitn.it\/area-testimonianza\/wp-json\/wp\/v2\/media?parent=17611"}],"wp:term":[{"taxonomy":"category","embeddable":true,"href":"https:\/\/www.diocesitn.it\/area-testimonianza\/wp-json\/wp\/v2\/categories?post=17611"},{"taxonomy":"post_tag","embeddable":true,"href":"https:\/\/www.diocesitn.it\/area-testimonianza\/wp-json\/wp\/v2\/tags?post=17611"}],"curies":[{"name":"wp","href":"https:\/\/api.w.org\/{rel}","templated":true}]}}