{"id":17599,"date":"2025-04-28T14:51:55","date_gmt":"2025-04-28T12:51:55","guid":{"rendered":"https:\/\/www.diocesitn.it\/area-testimonianza\/2025\/04\/28\/grazie-per-la-tua-lezione-di-vita-ci-hai-insegnato-a-mettere-al-primo-posto-il-servizio-e-lamore-nella-cattedrale-gremita-lultimo-saluto-a-don-mauro-leonardelli\/"},"modified":"2025-04-30T09:51:27","modified_gmt":"2025-04-30T07:51:27","slug":"grazie-per-la-tua-lezione-di-vita-ci-hai-insegnato-a-mettere-al-primo-posto-il-servizio-e-lamore-nella-cattedrale-gremita-lultimo-saluto-a-don-mauro-leonardelli","status":"publish","type":"post","link":"https:\/\/www.diocesitn.it\/area-testimonianza\/2025\/04\/28\/grazie-per-la-tua-lezione-di-vita-ci-hai-insegnato-a-mettere-al-primo-posto-il-servizio-e-lamore-nella-cattedrale-gremita-lultimo-saluto-a-don-mauro-leonardelli\/","title":{"rendered":"Nella cattedrale gremita l&#8217;ultimo saluto a don Mauro Leonardelli. La commozione del vescovo Lauro: &#8220;Grazie per la tua lezione di vita. Ci hai insegnato a mettere al primo posto il servizio e l&#8217;amore&#8221;"},"content":{"rendered":"<p>&#8220;Don Mauro, grazie per quanto mi hai dato. Grazie per la <strong>lezione di vita<\/strong> che in questo mese mi hai consegnato e fa&#8217; che anche io, come te, impari a <strong>mettere ordine e a mettere al primo posto il servizio, l&#8217;amore e il dono<\/strong>\u201d.<\/p>\n<p>Sono le parole con cui l&#8217;<strong><span class=\"hlterm\">arcivescovo di Trento<\/span> <span class=\"hlterm\">Lauro Tisi<\/span> <\/strong>ha salutato, davanti ad oltre mille fedeli che hanno gremito la cattedrale, <strong>don Mauro Leonardelli<\/strong>, il prete trentino di 54 anni, gi\u00e0 parroco e attualmente delegato dell&#8217;Area testimonianza e impegno sociale della Diocesi di Trento, venuto a mancare nella notte tra venerd\u00ec 25 e sabato 26 aprile, dopo una fulminea malattia.<\/p>\n<p>La Messa, animata dai canti dei cori delle parrocchie dove don Mauro aveva operato (Arco, Giovo, alta Val di Non e Trento Nord), \u00e8 stata concelebrata dal vescovo emerito <strong>Luigi Bressan<\/strong> e dal vescovo missionario <strong>Mariano Manzana<\/strong>, che ha condiviso con don Mauro gli ultimi giorni, entrambi ricoverati al San Camillo.<\/p>\n<p>In collegamento streaming molti missionari che pure avevano condiviso con don Mauro, direttore dal 2023 anche del Centro Missionario, un pezzo di cammino.<\/p>\n<p>Tra la gente, tanti rappresentati delle istituzioni: del capoluogo e della Provincia Autonoma e alcuni sindaci delle vallate in cui don Mauro \u00e8 stato parroco.<\/p>\n<h4>Lezione di fede e di vita<\/h4>\n<p>&#8220;Nella notte, in punta di piedi, com&#8217;era nel suo stile, poche ore prima dell\u2019ultimo saluto a papa Francesco, don Mauro &#8211; ha ricordato nell&#8217;omelia l&#8217;Arcivescovo &#8211; lasciava con il sorriso la vita che tanto ha amato, per consegnarsi sereno nelle braccia del Padre. Non posso tacere la <strong>lezione di fede e di vita offerta da don Mauro<\/strong>, fin dai primi momenti della malattia. A chi lo incontrava, egli ripeteva di non provare alcuna rabbia n\u00e9 nei confronti di Dio, n\u00e9 della vita. Pi\u00f9 volte mi ha confidato di sentir risuonare dentro di s\u00e9 le parole di Simeone: &#8216;Ora lascia, Signore, che il tuo servo vada in pace secondo la tua parola&#8217;\u201d. \u201cDi questa parola \u2013 aggiungeva \u2013 mi fido. A questa parola m&#8217;affido. La serenit\u00e0 che mi abita non viene da me, \u00e8 dono di Dio\u201d.<\/p>\n<h4>Servizio instancabile, concreto e silenzioso<\/h4>\n<p><a href=\"https:\/\/www.diocesitn.it\/area-testimonianza\/wp-content\/uploads\/sites\/37\/2025\/04\/funerale_don_Leonardelli_1-scaled-e1745844184755.jpg\"><img loading=\"lazy\" decoding=\"async\" class=\"wp-image-17601 size-medium alignleft\" src=\"https:\/\/www.diocesitn.it\/area-testimonianza\/wp-content\/uploads\/sites\/37\/2025\/04\/funerale_don_Leonardelli_1-scaled-e1745844184755-300x200.jpg\" alt=\"\" width=\"300\" height=\"200\" srcset=\"https:\/\/www.diocesitn.it\/area-testimonianza\/wp-content\/uploads\/sites\/37\/2025\/04\/funerale_don_Leonardelli_1-scaled-e1745844184755-300x200.jpg 300w, https:\/\/www.diocesitn.it\/area-testimonianza\/wp-content\/uploads\/sites\/37\/2025\/04\/funerale_don_Leonardelli_1-scaled-e1745844184755-768x512.jpg 768w, https:\/\/www.diocesitn.it\/area-testimonianza\/wp-content\/uploads\/sites\/37\/2025\/04\/funerale_don_Leonardelli_1-scaled-e1745844184755-360x240.jpg 360w, https:\/\/www.diocesitn.it\/area-testimonianza\/wp-content\/uploads\/sites\/37\/2025\/04\/funerale_don_Leonardelli_1-scaled-e1745844184755-800x533.jpg 800w, https:\/\/www.diocesitn.it\/area-testimonianza\/wp-content\/uploads\/sites\/37\/2025\/04\/funerale_don_Leonardelli_1-scaled-e1745844184755-272x182.jpg 272w, https:\/\/www.diocesitn.it\/area-testimonianza\/wp-content\/uploads\/sites\/37\/2025\/04\/funerale_don_Leonardelli_1-scaled-e1745844184755.jpg 900w\" sizes=\"auto, (max-width: 300px) 100vw, 300px\" \/><\/a>Don Mauro \u00e8 stato ricordato anche il servizio \u201cinstancabile, concreto e silenzioso\u201d , \u201csoprattutto verso chi nella vita \u00e8 ai margini e affaticato\u201d. \u201cCos\u00ec \u2013 ha detto don Lauro \u2013 ha amato la vita: diventando servizio per tanti affaticati\u201d e dando concretezza alle parole di San Francesco &#8211; &#8220;se serve annuncia anche con le parole&#8221; -. Poche erano le parole di don Mauro, tanta la vita\u00a0 e la concretezza&#8221; perch\u00e9, ha aggiunto Tisi, \u201chai annunciato Dio con la vita pi\u00f9 che con le parole&#8221;. Ne sono esempio servizi come quello dell&#8217;emporio solidale di Trento Nord e delle Mense della Provvidenza di Trento \u2013 che ha riaperto in via Giusti dopo il trasloco dai Cappuccini \u2013 e di Rovereto .<\/p>\n<h4>Hai amato Dio e amato profondamente la vita<\/h4>\n<p>Don Lauro ha ricordato che \u201cla serenit\u00e0 nell&#8217;andare incontro al Padre non impediva a don Mauro di bagnare con le lacrime la terra che stava lasciando. Mentre andava sereno incontro al Padre sentiva tutta la nostalgia per la vita e la nostalgia per chi lasciava. Davvero sei stato un pellegrino di speranza. Hai amato Dio, ma hai amato profondamente anche la vita. E questa \u00e8 la fede! Ti ho ammirato tanto &#8211; ha sottolineato commosso don Lauro &#8211; per quanto amavi la vita e, nello stesso tempo, la terra di Dio\u201d.<\/p>\n<h4>Hai rivelato ci\u00f2 che conta davvero nella vita<\/h4>\n<p>La malattia, \u201cimprovvisa e durissima, non ha piegato il suo cuore. Ne ha rivelato la profondit\u00e0 incredibile. &#8220;Mi confidava che sentiva che quello che conta nella vita erano i volti e le persone e il voler bene. Quando andavo a trovarlo mi chiedeva sempre come stavo o come stava qualcun altro. Grazie, don Mauro, perch\u00e9 nella malattia ci hai rivelato ci\u00f2 che conta davvero per vivere. Lo dico sottovoce, ma grazie don Mauro anche per quello che mi hai rivelato negli ultimi colloqui. \u2018Don Lauro, ci\u00f2 che sto vivendo ha messo ordine nella vita&#8217;. E l&#8217;ordine per lui erano l&#8217;amore e nient&#8217;altro. Ha commosso sia la mamma sia me nelle ultime settimane dicendo che era contentissimo di essere prete, e che questa malattia la offriva perch\u00e9 il Signore donasse nuove vocazioni alla nostra Chiesa. \u2018Sono contento di essere prete&#8217; . Questo \u00e8 il lascito per noi sacerdoti. Facciamo diventare il sacerdozio balsamo di consolazione per i tanti affaticati nella vita\u201d.<\/p>\n<p>Don Lauro ha infine rivolto un pensiero commosso alla mamma Maria, al fratello Guido e alle sorelle Ida, Ivana, Lidia e Anna \u2013 \u201cVi affido alle sue preghiere\u201d e ringraziato il dottor Carlo Segatta e il dottor Franco Benedetti , che hanno seguito don Mauro nelle ultime settimane.<\/p>\n<h4>Il ricordo dei suoi parrocchiani<\/h4>\n<p>Lo hanno ricordato anche i suoi parrocchiani. \u201cChi semina amore rimane per sempre. E tu, don Mauro, rimani con noi. Ora ti salutiamo con il cuore pieno di gratitudine\u201d, ha detto Silvana a nome delle parrocchie di Giovo. \u201cSappiamo quanto apprezzassi il dono della sintesi per questo ti faremmo un torto a parlare troppo: i tuoi commenti al Vangelo molto brevi ma sempre ricchi di spunti di riflessione sono stati l&#8217;emblema della tua pastorale e lo strumento per aiutarci nella sua attuazione\u201d, ha ricordato Severino in rappresentanza dei parrocchiani di Trento Nord . \u201c Poche parole piene di senso e molti fatti a cominciare da una grande attenzione per gli altri, soprattutto per i pi\u00f9 fragili, che diventa carit\u00e0 nel senso pi\u00f9 profondo\u201d.<\/p>\n<p>Nel tardo pomeriggio (alle ore 17) l&#8217;arcivescovo presieder\u00e0 la Mesa funebre sul cimitero di Coredo dove verr\u00e0 poi tumulata la salma di don Leonardelli.<\/p>\n<p>(ha collaborato Marianna Malpaga &#8211; Vita Trentina)<\/p>\n<p>Foto Zotta<\/p>\n<p><iframe loading=\"lazy\" title=\"Cattedrale di Trento, celebrazione del funerale di don Mauro Leonardelli  - Luned\u00ec 28 aprile ore 11\" width=\"800\" height=\"450\" src=\"https:\/\/www.youtube.com\/embed\/dO3j0JrFO98?feature=oembed\" frameborder=\"0\" allow=\"accelerometer; autoplay; clipboard-write; encrypted-media; gyroscope; picture-in-picture; web-share\" referrerpolicy=\"strict-origin-when-cross-origin\" allowfullscreen><\/iframe><\/p>\n","protected":false},"excerpt":{"rendered":"<p>&#8220;Don Mauro, grazie per quanto mi hai dato. Grazie per la lezione di vita che in questo mese mi hai consegnato e fa&#8217; che anche io, come te, impari a mettere ordine e a mettere<\/p>\n","protected":false},"author":3,"featured_media":17600,"comment_status":"closed","ping_status":"closed","sticky":false,"template":"","format":"standard","meta":{"footnotes":""},"categories":[1695,1074],"tags":[2418,2520],"class_list":["post-17599","post","type-post","status-publish","format-standard","has-post-thumbnail","hentry","category-area-testimonianza-e-impegno-sociale","category-notizie","tag-mauro-leonardelli","tag-funerale"],"acf":{"seed-localization-paese-cod":"IT","seed-localization-address":"","seed-localization-citta":"Trento","seed-localization-regione-cod-istat":"04","seed-localization-citta-cod-istat":"022205","seed-localization-localita":"","seed-localization-cap":"","seed-localization-marker-visibility":false,"seed-localization-children-visibility":false,"seed-localization-kml":"","seed-localization-custom-marker":""},"yoast_head":"<!-- This site is optimized with the Yoast SEO Premium plugin v20.2.1 (Yoast SEO v22.2) - https:\/\/yoast.com\/wordpress\/plugins\/seo\/ -->\n<title>Nella cattedrale gremita l&#039;ultimo saluto a don Mauro Leonardelli. La commozione del vescovo Lauro: &quot;Grazie per la tua lezione di vita. Ci hai insegnato a mettere al primo posto il servizio e l&#039;amore&quot; - Testimonianza e Impegno sociale<\/title>\n<meta name=\"robots\" content=\"index, follow, max-snippet:-1, max-image-preview:large, max-video-preview:-1\" \/>\n<link rel=\"canonical\" href=\"https:\/\/www.diocesitn.it\/area-testimonianza\/2025\/04\/28\/grazie-per-la-tua-lezione-di-vita-ci-hai-insegnato-a-mettere-al-primo-posto-il-servizio-e-lamore-nella-cattedrale-gremita-lultimo-saluto-a-don-mauro-leonardelli\/\" \/>\n<meta property=\"og:locale\" content=\"it_IT\" \/>\n<meta property=\"og:type\" content=\"article\" \/>\n<meta property=\"og:title\" content=\"Nella cattedrale gremita l&#039;ultimo saluto a don Mauro Leonardelli. La commozione del vescovo Lauro: &quot;Grazie per la tua lezione di vita. Ci hai insegnato a mettere al primo posto il servizio e l&#039;amore&quot;\" \/>\n<meta property=\"og:description\" content=\"&#8220;Don Mauro, grazie per quanto mi hai dato. Grazie per la lezione di vita che in questo mese mi hai consegnato e fa&#8217; che anche io, come te, impari a mettere ordine e a mettere\" \/>\n<meta property=\"og:url\" content=\"https:\/\/www.diocesitn.it\/area-testimonianza\/2025\/04\/28\/grazie-per-la-tua-lezione-di-vita-ci-hai-insegnato-a-mettere-al-primo-posto-il-servizio-e-lamore-nella-cattedrale-gremita-lultimo-saluto-a-don-mauro-leonardelli\/\" \/>\n<meta property=\"og:site_name\" content=\"Testimonianza e Impegno sociale\" \/>\n<meta property=\"article:published_time\" content=\"2025-04-28T12:51:55+00:00\" \/>\n<meta property=\"article:modified_time\" content=\"2025-04-30T07:51:27+00:00\" \/>\n<meta property=\"og:image\" content=\"https:\/\/www.diocesitn.it\/area-testimonianza\/wp-content\/uploads\/sites\/37\/2025\/04\/funerale_don_Leonardelli_2-scaled-e1745844169764.jpg\" \/>\n\t<meta property=\"og:image:width\" content=\"900\" \/>\n\t<meta property=\"og:image:height\" content=\"779\" \/>\n\t<meta property=\"og:image:type\" content=\"image\/jpeg\" \/>\n<meta name=\"author\" content=\"Piergiorgio Franceschini\" \/>\n<meta name=\"twitter:card\" content=\"summary_large_image\" \/>\n<meta name=\"twitter:label1\" content=\"Scritto da\" \/>\n\t<meta name=\"twitter:data1\" content=\"Piergiorgio Franceschini\" \/>\n\t<meta name=\"twitter:label2\" content=\"Tempo di lettura stimato\" \/>\n\t<meta name=\"twitter:data2\" content=\"6 minuti\" \/>\n<script type=\"application\/ld+json\" class=\"yoast-schema-graph\">{\"@context\":\"https:\/\/schema.org\",\"@graph\":[{\"@type\":\"Article\",\"@id\":\"https:\/\/www.diocesitn.it\/area-testimonianza\/2025\/04\/28\/grazie-per-la-tua-lezione-di-vita-ci-hai-insegnato-a-mettere-al-primo-posto-il-servizio-e-lamore-nella-cattedrale-gremita-lultimo-saluto-a-don-mauro-leonardelli\/#article\",\"isPartOf\":{\"@id\":\"https:\/\/www.diocesitn.it\/area-testimonianza\/2025\/04\/28\/grazie-per-la-tua-lezione-di-vita-ci-hai-insegnato-a-mettere-al-primo-posto-il-servizio-e-lamore-nella-cattedrale-gremita-lultimo-saluto-a-don-mauro-leonardelli\/\"},\"author\":{\"name\":\"Piergiorgio Franceschini\",\"@id\":\"https:\/\/www.diocesitn.it\/area-testimonianza\/#\/schema\/person\/99590c84577873a025247b6aeb16ad2e\"},\"headline\":\"Nella cattedrale gremita l&#8217;ultimo saluto a don Mauro Leonardelli. La commozione del vescovo Lauro: &#8220;Grazie per la tua lezione di vita. Ci hai insegnato a mettere al primo posto il servizio e l&#8217;amore&#8221;\",\"datePublished\":\"2025-04-28T12:51:55+00:00\",\"dateModified\":\"2025-04-30T07:51:27+00:00\",\"mainEntityOfPage\":{\"@id\":\"https:\/\/www.diocesitn.it\/area-testimonianza\/2025\/04\/28\/grazie-per-la-tua-lezione-di-vita-ci-hai-insegnato-a-mettere-al-primo-posto-il-servizio-e-lamore-nella-cattedrale-gremita-lultimo-saluto-a-don-mauro-leonardelli\/\"},\"wordCount\":965,\"publisher\":{\"@id\":\"https:\/\/www.diocesitn.it\/area-testimonianza\/#organization\"},\"image\":{\"@id\":\"https:\/\/www.diocesitn.it\/area-testimonianza\/2025\/04\/28\/grazie-per-la-tua-lezione-di-vita-ci-hai-insegnato-a-mettere-al-primo-posto-il-servizio-e-lamore-nella-cattedrale-gremita-lultimo-saluto-a-don-mauro-leonardelli\/#primaryimage\"},\"thumbnailUrl\":\"https:\/\/www.diocesitn.it\/area-testimonianza\/wp-content\/uploads\/sites\/37\/2025\/04\/funerale_don_Leonardelli_2-scaled-e1745844169764.jpg\",\"keywords\":[\"d. Mauro Leonardelli\",\"funerale\"],\"articleSection\":[\"Area Testimonianza e Impegno sociale\",\"Notizie\"],\"inLanguage\":\"it-IT\",\"copyrightYear\":\"2025\",\"copyrightHolder\":{\"@id\":\"https:\/\/www.diocesitn.it\/#organization\"}},{\"@type\":\"WebPage\",\"@id\":\"https:\/\/www.diocesitn.it\/area-testimonianza\/2025\/04\/28\/grazie-per-la-tua-lezione-di-vita-ci-hai-insegnato-a-mettere-al-primo-posto-il-servizio-e-lamore-nella-cattedrale-gremita-lultimo-saluto-a-don-mauro-leonardelli\/\",\"url\":\"https:\/\/www.diocesitn.it\/area-testimonianza\/2025\/04\/28\/grazie-per-la-tua-lezione-di-vita-ci-hai-insegnato-a-mettere-al-primo-posto-il-servizio-e-lamore-nella-cattedrale-gremita-lultimo-saluto-a-don-mauro-leonardelli\/\",\"name\":\"Nella cattedrale gremita l'ultimo saluto a don Mauro Leonardelli. La commozione del vescovo Lauro: \\\"Grazie per la tua lezione di vita. Ci hai insegnato a mettere al primo posto il servizio e l'amore\\\" - Testimonianza e Impegno sociale\",\"isPartOf\":{\"@id\":\"https:\/\/www.diocesitn.it\/area-testimonianza\/#website\"},\"primaryImageOfPage\":{\"@id\":\"https:\/\/www.diocesitn.it\/area-testimonianza\/2025\/04\/28\/grazie-per-la-tua-lezione-di-vita-ci-hai-insegnato-a-mettere-al-primo-posto-il-servizio-e-lamore-nella-cattedrale-gremita-lultimo-saluto-a-don-mauro-leonardelli\/#primaryimage\"},\"image\":{\"@id\":\"https:\/\/www.diocesitn.it\/area-testimonianza\/2025\/04\/28\/grazie-per-la-tua-lezione-di-vita-ci-hai-insegnato-a-mettere-al-primo-posto-il-servizio-e-lamore-nella-cattedrale-gremita-lultimo-saluto-a-don-mauro-leonardelli\/#primaryimage\"},\"thumbnailUrl\":\"https:\/\/www.diocesitn.it\/area-testimonianza\/wp-content\/uploads\/sites\/37\/2025\/04\/funerale_don_Leonardelli_2-scaled-e1745844169764.jpg\",\"datePublished\":\"2025-04-28T12:51:55+00:00\",\"dateModified\":\"2025-04-30T07:51:27+00:00\",\"breadcrumb\":{\"@id\":\"https:\/\/www.diocesitn.it\/area-testimonianza\/2025\/04\/28\/grazie-per-la-tua-lezione-di-vita-ci-hai-insegnato-a-mettere-al-primo-posto-il-servizio-e-lamore-nella-cattedrale-gremita-lultimo-saluto-a-don-mauro-leonardelli\/#breadcrumb\"},\"inLanguage\":\"it-IT\",\"potentialAction\":[{\"@type\":\"ReadAction\",\"target\":[\"https:\/\/www.diocesitn.it\/area-testimonianza\/2025\/04\/28\/grazie-per-la-tua-lezione-di-vita-ci-hai-insegnato-a-mettere-al-primo-posto-il-servizio-e-lamore-nella-cattedrale-gremita-lultimo-saluto-a-don-mauro-leonardelli\/\"]}]},{\"@type\":\"ImageObject\",\"inLanguage\":\"it-IT\",\"@id\":\"https:\/\/www.diocesitn.it\/area-testimonianza\/2025\/04\/28\/grazie-per-la-tua-lezione-di-vita-ci-hai-insegnato-a-mettere-al-primo-posto-il-servizio-e-lamore-nella-cattedrale-gremita-lultimo-saluto-a-don-mauro-leonardelli\/#primaryimage\",\"url\":\"https:\/\/www.diocesitn.it\/area-testimonianza\/wp-content\/uploads\/sites\/37\/2025\/04\/funerale_don_Leonardelli_2-scaled-e1745844169764.jpg\",\"contentUrl\":\"https:\/\/www.diocesitn.it\/area-testimonianza\/wp-content\/uploads\/sites\/37\/2025\/04\/funerale_don_Leonardelli_2-scaled-e1745844169764.jpg\",\"width\":900,\"height\":779},{\"@type\":\"BreadcrumbList\",\"@id\":\"https:\/\/www.diocesitn.it\/area-testimonianza\/2025\/04\/28\/grazie-per-la-tua-lezione-di-vita-ci-hai-insegnato-a-mettere-al-primo-posto-il-servizio-e-lamore-nella-cattedrale-gremita-lultimo-saluto-a-don-mauro-leonardelli\/#breadcrumb\",\"itemListElement\":[{\"@type\":\"ListItem\",\"position\":1,\"name\":\"Home\",\"item\":\"https:\/\/www.diocesitn.it\/area-testimonianza\/\"},{\"@type\":\"ListItem\",\"position\":2,\"name\":\"Nella cattedrale gremita l&#8217;ultimo saluto a don Mauro Leonardelli. La commozione del vescovo Lauro: &#8220;Grazie per la tua lezione di vita. Ci hai insegnato a mettere al primo posto il servizio e l&#8217;amore&#8221;\"}]},{\"@type\":\"WebSite\",\"@id\":\"https:\/\/www.diocesitn.it\/area-testimonianza\/#website\",\"url\":\"https:\/\/www.diocesitn.it\/area-testimonianza\/\",\"name\":\"Testimonianza e Impegno sociale\",\"description\":\"Chiesa di Trento\",\"publisher\":{\"@id\":\"https:\/\/www.diocesitn.it\/area-testimonianza\/#organization\"},\"potentialAction\":[{\"@type\":\"SearchAction\",\"target\":{\"@type\":\"EntryPoint\",\"urlTemplate\":\"https:\/\/www.diocesitn.it\/area-testimonianza\/?s={search_term_string}\"},\"query-input\":\"required name=search_term_string\"}],\"inLanguage\":\"it-IT\"},{\"@type\":[\"Organization\",\"Place\"],\"@id\":\"https:\/\/www.diocesitn.it\/area-testimonianza\/#organization\",\"name\":\"Area Testimonianza e Impegno Sociale - Chiesa di Trento\",\"url\":\"https:\/\/www.diocesitn.it\/area-testimonianza\/\",\"logo\":{\"@id\":\"https:\/\/www.diocesitn.it\/area-testimonianza\/2025\/04\/28\/grazie-per-la-tua-lezione-di-vita-ci-hai-insegnato-a-mettere-al-primo-posto-il-servizio-e-lamore-nella-cattedrale-gremita-lultimo-saluto-a-don-mauro-leonardelli\/#local-main-organization-logo\"},\"image\":{\"@id\":\"https:\/\/www.diocesitn.it\/area-testimonianza\/2025\/04\/28\/grazie-per-la-tua-lezione-di-vita-ci-hai-insegnato-a-mettere-al-primo-posto-il-servizio-e-lamore-nella-cattedrale-gremita-lultimo-saluto-a-don-mauro-leonardelli\/#local-main-organization-logo\"},\"openingHoursSpecification\":[{\"@type\":\"OpeningHoursSpecification\",\"dayOfWeek\":[\"Monday\",\"Tuesday\",\"Wednesday\",\"Thursday\",\"Friday\",\"Saturday\",\"Sunday\"],\"opens\":\"09:00\",\"closes\":\"17:00\"}]},{\"@type\":\"ImageObject\",\"inLanguage\":\"it-IT\",\"@id\":\"https:\/\/www.diocesitn.it\/area-testimonianza\/2025\/04\/28\/grazie-per-la-tua-lezione-di-vita-ci-hai-insegnato-a-mettere-al-primo-posto-il-servizio-e-lamore-nella-cattedrale-gremita-lultimo-saluto-a-don-mauro-leonardelli\/#local-main-organization-logo\",\"url\":\"https:\/\/www.diocesitn.it\/area-testimonianza\/wp-content\/uploads\/sites\/37\/2021\/09\/og-logo-testimonianza-e-impegno-sociale.jpg\",\"contentUrl\":\"https:\/\/www.diocesitn.it\/area-testimonianza\/wp-content\/uploads\/sites\/37\/2021\/09\/og-logo-testimonianza-e-impegno-sociale.jpg\",\"width\":1200,\"height\":630,\"caption\":\"Area Testimonianza e Impegno Sociale - Chiesa di Trento\"}]}<\/script>\n<!-- \/ Yoast SEO Premium plugin. -->","yoast_head_json":{"title":"Nella cattedrale gremita l'ultimo saluto a don Mauro Leonardelli. La commozione del vescovo Lauro: \"Grazie per la tua lezione di vita. Ci hai insegnato a mettere al primo posto il servizio e l'amore\" - Testimonianza e Impegno sociale","robots":{"index":"index","follow":"follow","max-snippet":"max-snippet:-1","max-image-preview":"max-image-preview:large","max-video-preview":"max-video-preview:-1"},"canonical":"https:\/\/www.diocesitn.it\/area-testimonianza\/2025\/04\/28\/grazie-per-la-tua-lezione-di-vita-ci-hai-insegnato-a-mettere-al-primo-posto-il-servizio-e-lamore-nella-cattedrale-gremita-lultimo-saluto-a-don-mauro-leonardelli\/","og_locale":"it_IT","og_type":"article","og_title":"Nella cattedrale gremita l'ultimo saluto a don Mauro Leonardelli. La commozione del vescovo Lauro: \"Grazie per la tua lezione di vita. Ci hai insegnato a mettere al primo posto il servizio e l'amore\"","og_description":"&#8220;Don Mauro, grazie per quanto mi hai dato. Grazie per la lezione di vita che in questo mese mi hai consegnato e fa&#8217; che anche io, come te, impari a mettere ordine e a mettere","og_url":"https:\/\/www.diocesitn.it\/area-testimonianza\/2025\/04\/28\/grazie-per-la-tua-lezione-di-vita-ci-hai-insegnato-a-mettere-al-primo-posto-il-servizio-e-lamore-nella-cattedrale-gremita-lultimo-saluto-a-don-mauro-leonardelli\/","og_site_name":"Testimonianza e Impegno sociale","article_published_time":"2025-04-28T12:51:55+00:00","article_modified_time":"2025-04-30T07:51:27+00:00","og_image":[{"width":900,"height":779,"url":"https:\/\/www.diocesitn.it\/area-testimonianza\/wp-content\/uploads\/sites\/37\/2025\/04\/funerale_don_Leonardelli_2-scaled-e1745844169764.jpg","type":"image\/jpeg"}],"author":"Piergiorgio Franceschini","twitter_card":"summary_large_image","twitter_misc":{"Scritto da":"Piergiorgio Franceschini","Tempo di lettura stimato":"6 minuti"},"schema":{"@context":"https:\/\/schema.org","@graph":[{"@type":"Article","@id":"https:\/\/www.diocesitn.it\/area-testimonianza\/2025\/04\/28\/grazie-per-la-tua-lezione-di-vita-ci-hai-insegnato-a-mettere-al-primo-posto-il-servizio-e-lamore-nella-cattedrale-gremita-lultimo-saluto-a-don-mauro-leonardelli\/#article","isPartOf":{"@id":"https:\/\/www.diocesitn.it\/area-testimonianza\/2025\/04\/28\/grazie-per-la-tua-lezione-di-vita-ci-hai-insegnato-a-mettere-al-primo-posto-il-servizio-e-lamore-nella-cattedrale-gremita-lultimo-saluto-a-don-mauro-leonardelli\/"},"author":{"name":"Piergiorgio Franceschini","@id":"https:\/\/www.diocesitn.it\/area-testimonianza\/#\/schema\/person\/99590c84577873a025247b6aeb16ad2e"},"headline":"Nella cattedrale gremita l&#8217;ultimo saluto a don Mauro Leonardelli. La commozione del vescovo Lauro: &#8220;Grazie per la tua lezione di vita. Ci hai insegnato a mettere al primo posto il servizio e l&#8217;amore&#8221;","datePublished":"2025-04-28T12:51:55+00:00","dateModified":"2025-04-30T07:51:27+00:00","mainEntityOfPage":{"@id":"https:\/\/www.diocesitn.it\/area-testimonianza\/2025\/04\/28\/grazie-per-la-tua-lezione-di-vita-ci-hai-insegnato-a-mettere-al-primo-posto-il-servizio-e-lamore-nella-cattedrale-gremita-lultimo-saluto-a-don-mauro-leonardelli\/"},"wordCount":965,"publisher":{"@id":"https:\/\/www.diocesitn.it\/area-testimonianza\/#organization"},"image":{"@id":"https:\/\/www.diocesitn.it\/area-testimonianza\/2025\/04\/28\/grazie-per-la-tua-lezione-di-vita-ci-hai-insegnato-a-mettere-al-primo-posto-il-servizio-e-lamore-nella-cattedrale-gremita-lultimo-saluto-a-don-mauro-leonardelli\/#primaryimage"},"thumbnailUrl":"https:\/\/www.diocesitn.it\/area-testimonianza\/wp-content\/uploads\/sites\/37\/2025\/04\/funerale_don_Leonardelli_2-scaled-e1745844169764.jpg","keywords":["d. Mauro Leonardelli","funerale"],"articleSection":["Area Testimonianza e Impegno sociale","Notizie"],"inLanguage":"it-IT","copyrightYear":"2025","copyrightHolder":{"@id":"https:\/\/www.diocesitn.it\/#organization"}},{"@type":"WebPage","@id":"https:\/\/www.diocesitn.it\/area-testimonianza\/2025\/04\/28\/grazie-per-la-tua-lezione-di-vita-ci-hai-insegnato-a-mettere-al-primo-posto-il-servizio-e-lamore-nella-cattedrale-gremita-lultimo-saluto-a-don-mauro-leonardelli\/","url":"https:\/\/www.diocesitn.it\/area-testimonianza\/2025\/04\/28\/grazie-per-la-tua-lezione-di-vita-ci-hai-insegnato-a-mettere-al-primo-posto-il-servizio-e-lamore-nella-cattedrale-gremita-lultimo-saluto-a-don-mauro-leonardelli\/","name":"Nella cattedrale gremita l'ultimo saluto a don Mauro Leonardelli. La commozione del vescovo Lauro: \"Grazie per la tua lezione di vita. Ci hai insegnato a mettere al primo posto il servizio e l'amore\" - Testimonianza e Impegno sociale","isPartOf":{"@id":"https:\/\/www.diocesitn.it\/area-testimonianza\/#website"},"primaryImageOfPage":{"@id":"https:\/\/www.diocesitn.it\/area-testimonianza\/2025\/04\/28\/grazie-per-la-tua-lezione-di-vita-ci-hai-insegnato-a-mettere-al-primo-posto-il-servizio-e-lamore-nella-cattedrale-gremita-lultimo-saluto-a-don-mauro-leonardelli\/#primaryimage"},"image":{"@id":"https:\/\/www.diocesitn.it\/area-testimonianza\/2025\/04\/28\/grazie-per-la-tua-lezione-di-vita-ci-hai-insegnato-a-mettere-al-primo-posto-il-servizio-e-lamore-nella-cattedrale-gremita-lultimo-saluto-a-don-mauro-leonardelli\/#primaryimage"},"thumbnailUrl":"https:\/\/www.diocesitn.it\/area-testimonianza\/wp-content\/uploads\/sites\/37\/2025\/04\/funerale_don_Leonardelli_2-scaled-e1745844169764.jpg","datePublished":"2025-04-28T12:51:55+00:00","dateModified":"2025-04-30T07:51:27+00:00","breadcrumb":{"@id":"https:\/\/www.diocesitn.it\/area-testimonianza\/2025\/04\/28\/grazie-per-la-tua-lezione-di-vita-ci-hai-insegnato-a-mettere-al-primo-posto-il-servizio-e-lamore-nella-cattedrale-gremita-lultimo-saluto-a-don-mauro-leonardelli\/#breadcrumb"},"inLanguage":"it-IT","potentialAction":[{"@type":"ReadAction","target":["https:\/\/www.diocesitn.it\/area-testimonianza\/2025\/04\/28\/grazie-per-la-tua-lezione-di-vita-ci-hai-insegnato-a-mettere-al-primo-posto-il-servizio-e-lamore-nella-cattedrale-gremita-lultimo-saluto-a-don-mauro-leonardelli\/"]}]},{"@type":"ImageObject","inLanguage":"it-IT","@id":"https:\/\/www.diocesitn.it\/area-testimonianza\/2025\/04\/28\/grazie-per-la-tua-lezione-di-vita-ci-hai-insegnato-a-mettere-al-primo-posto-il-servizio-e-lamore-nella-cattedrale-gremita-lultimo-saluto-a-don-mauro-leonardelli\/#primaryimage","url":"https:\/\/www.diocesitn.it\/area-testimonianza\/wp-content\/uploads\/sites\/37\/2025\/04\/funerale_don_Leonardelli_2-scaled-e1745844169764.jpg","contentUrl":"https:\/\/www.diocesitn.it\/area-testimonianza\/wp-content\/uploads\/sites\/37\/2025\/04\/funerale_don_Leonardelli_2-scaled-e1745844169764.jpg","width":900,"height":779},{"@type":"BreadcrumbList","@id":"https:\/\/www.diocesitn.it\/area-testimonianza\/2025\/04\/28\/grazie-per-la-tua-lezione-di-vita-ci-hai-insegnato-a-mettere-al-primo-posto-il-servizio-e-lamore-nella-cattedrale-gremita-lultimo-saluto-a-don-mauro-leonardelli\/#breadcrumb","itemListElement":[{"@type":"ListItem","position":1,"name":"Home","item":"https:\/\/www.diocesitn.it\/area-testimonianza\/"},{"@type":"ListItem","position":2,"name":"Nella cattedrale gremita l&#8217;ultimo saluto a don Mauro Leonardelli. La commozione del vescovo Lauro: &#8220;Grazie per la tua lezione di vita. Ci hai insegnato a mettere al primo posto il servizio e l&#8217;amore&#8221;"}]},{"@type":"WebSite","@id":"https:\/\/www.diocesitn.it\/area-testimonianza\/#website","url":"https:\/\/www.diocesitn.it\/area-testimonianza\/","name":"Testimonianza e Impegno sociale","description":"Chiesa di Trento","publisher":{"@id":"https:\/\/www.diocesitn.it\/area-testimonianza\/#organization"},"potentialAction":[{"@type":"SearchAction","target":{"@type":"EntryPoint","urlTemplate":"https:\/\/www.diocesitn.it\/area-testimonianza\/?s={search_term_string}"},"query-input":"required name=search_term_string"}],"inLanguage":"it-IT"},{"@type":["Organization","Place"],"@id":"https:\/\/www.diocesitn.it\/area-testimonianza\/#organization","name":"Area Testimonianza e Impegno Sociale - Chiesa di Trento","url":"https:\/\/www.diocesitn.it\/area-testimonianza\/","logo":{"@id":"https:\/\/www.diocesitn.it\/area-testimonianza\/2025\/04\/28\/grazie-per-la-tua-lezione-di-vita-ci-hai-insegnato-a-mettere-al-primo-posto-il-servizio-e-lamore-nella-cattedrale-gremita-lultimo-saluto-a-don-mauro-leonardelli\/#local-main-organization-logo"},"image":{"@id":"https:\/\/www.diocesitn.it\/area-testimonianza\/2025\/04\/28\/grazie-per-la-tua-lezione-di-vita-ci-hai-insegnato-a-mettere-al-primo-posto-il-servizio-e-lamore-nella-cattedrale-gremita-lultimo-saluto-a-don-mauro-leonardelli\/#local-main-organization-logo"},"openingHoursSpecification":[{"@type":"OpeningHoursSpecification","dayOfWeek":["Monday","Tuesday","Wednesday","Thursday","Friday","Saturday","Sunday"],"opens":"09:00","closes":"17:00"}]},{"@type":"ImageObject","inLanguage":"it-IT","@id":"https:\/\/www.diocesitn.it\/area-testimonianza\/2025\/04\/28\/grazie-per-la-tua-lezione-di-vita-ci-hai-insegnato-a-mettere-al-primo-posto-il-servizio-e-lamore-nella-cattedrale-gremita-lultimo-saluto-a-don-mauro-leonardelli\/#local-main-organization-logo","url":"https:\/\/www.diocesitn.it\/area-testimonianza\/wp-content\/uploads\/sites\/37\/2021\/09\/og-logo-testimonianza-e-impegno-sociale.jpg","contentUrl":"https:\/\/www.diocesitn.it\/area-testimonianza\/wp-content\/uploads\/sites\/37\/2021\/09\/og-logo-testimonianza-e-impegno-sociale.jpg","width":1200,"height":630,"caption":"Area Testimonianza e Impegno Sociale - Chiesa di Trento"}]}},"_links":{"self":[{"href":"https:\/\/www.diocesitn.it\/area-testimonianza\/wp-json\/wp\/v2\/posts\/17599","targetHints":{"allow":["GET"]}}],"collection":[{"href":"https:\/\/www.diocesitn.it\/area-testimonianza\/wp-json\/wp\/v2\/posts"}],"about":[{"href":"https:\/\/www.diocesitn.it\/area-testimonianza\/wp-json\/wp\/v2\/types\/post"}],"author":[{"embeddable":true,"href":"https:\/\/www.diocesitn.it\/area-testimonianza\/wp-json\/wp\/v2\/users\/3"}],"replies":[{"embeddable":true,"href":"https:\/\/www.diocesitn.it\/area-testimonianza\/wp-json\/wp\/v2\/comments?post=17599"}],"version-history":[{"count":3,"href":"https:\/\/www.diocesitn.it\/area-testimonianza\/wp-json\/wp\/v2\/posts\/17599\/revisions"}],"predecessor-version":[{"id":17608,"href":"https:\/\/www.diocesitn.it\/area-testimonianza\/wp-json\/wp\/v2\/posts\/17599\/revisions\/17608"}],"wp:featuredmedia":[{"embeddable":true,"href":"https:\/\/www.diocesitn.it\/area-testimonianza\/wp-json\/wp\/v2\/media\/17600"}],"wp:attachment":[{"href":"https:\/\/www.diocesitn.it\/area-testimonianza\/wp-json\/wp\/v2\/media?parent=17599"}],"wp:term":[{"taxonomy":"category","embeddable":true,"href":"https:\/\/www.diocesitn.it\/area-testimonianza\/wp-json\/wp\/v2\/categories?post=17599"},{"taxonomy":"post_tag","embeddable":true,"href":"https:\/\/www.diocesitn.it\/area-testimonianza\/wp-json\/wp\/v2\/tags?post=17599"}],"curies":[{"name":"wp","href":"https:\/\/api.w.org\/{rel}","templated":true}]}}