{"id":17550,"date":"2025-04-16T15:06:39","date_gmt":"2025-04-16T13:06:39","guid":{"rendered":"https:\/\/www.diocesitn.it\/area-testimonianza\/?p=17550"},"modified":"2025-04-16T15:28:22","modified_gmt":"2025-04-16T13:28:22","slug":"strada-facendo-preti-oggi-in-un-contesto-missionario-torna-il-convegno-on-line-della-rivista-presbyteri","status":"publish","type":"post","link":"https:\/\/www.diocesitn.it\/area-testimonianza\/2025\/04\/16\/strada-facendo-preti-oggi-in-un-contesto-missionario-torna-il-convegno-on-line-della-rivista-presbyteri\/","title":{"rendered":"&#8220;Strada facendo. Preti oggi in un contesto missionario.&#8221; Torna il convegno on line della rivista Presbyteri"},"content":{"rendered":"<p>Essere preti oggi in Italia porta nuovi interrogativi. Il 6\u00b0 convegno on line della rivista Presbyteri vuole indagare lo spirito <em>ad gentes<\/em> per guardare il presente e per preparare il futuro.<!--more--><\/p>\n<p>Per collegarsi on line vedere le indicazioni sul sito di <a href=\"https:\/\/www.presbyteri.it\/\" target=\"_blank\" rel=\"noopener\">Presbyteri<\/a>.<\/p>\n<hr \/>\n<p style=\"text-align: center\"><strong style=\"text-align: center\">6\u00b0 Convegno della Rivista\u00a0<em>Presbyteri<\/em><\/strong><\/p>\n<p class=\"has-text-align-center\" style=\"text-align: center\"><strong>in collaborazione con L\u2019Unione Apostolica del Clero<\/strong><\/p>\n<h1 class=\"has-text-align-center\" style=\"text-align: center\"><strong><span class=\"has-inline-color has-vivid-cyan-blue-color\">Strada facendo\u2026<\/span><\/strong><\/h1>\n<h2 class=\"has-text-align-center\" style=\"text-align: center\"><strong><span class=\"has-inline-color has-vivid-cyan-blue-color\">Preti oggi in un contesto missionario.<\/span><\/strong><\/h2>\n<p class=\"has-text-align-center\" style=\"text-align: center\"><strong>Modalit\u00e0 on line \u2013 19 e 20 maggio<\/strong>\u00a0<strong>2025<\/strong><\/p>\n<p>La situazione in cui il presbitero in Italia si trova a vivere il suo ministero \u00e8 indubbiamente in veloce cambiamento, portando interrogativi nuovi. Di fronte a una rapida scristianizzazione della societ\u00e0, per restare nella gioia e non cedere al disorientamento e alla frustrazione il presbitero si vede sempre pi\u00f9 nella necessit\u00e0 di ricercare e di scegliere ci\u00f2 che \u00e8 veramente \u201cnecessario\u201d al suo ministero e di modificare alcuni paradigmi della sua formazione, del suo modo di fare pastorale e persino della sua identit\u00e0.<\/p>\n<p>Insomma, assomiglia sempre pi\u00f9 a un \u201ctestimone-missionario\u201d, nel senso comune con cui siamo abituati a pensare questa figura di evangelizzatore\u00a0<em>ad gentes<\/em>\u00a0che si prepara e vive un impegno di primo annuncio e di dialogo con culture e societ\u00e0 basate su altri valori e convinzioni.<\/p>\n<p>Il Convegno sar\u00e0 occasione per guardare il presente e per preparare il futuro\u2026<\/p>\n<hr \/>\n<p><strong><em>Luned\u00ec 19 maggio<\/em><\/strong><\/p>\n<p><strong>mons. Mario Delpini<\/strong>, Arcivescovo di Milano<br \/>\n<em>L\u2019inerzia, le caricature, lo splendore: tipologie di vita da preti e principi per il discernimento<\/em><\/p>\n<p><strong>Stella Morra<\/strong>, teologa<br \/>\n<em>La cura dello sguardo: conversione sinodale e vita da prete<\/em><\/p>\n<hr \/>\n<p><em><strong>Marted\u00ec 20 maggio<\/strong><\/em><\/p>\n<p><strong>don Enrico Brancozzi<\/strong>, diocesi di Fermo<br \/>\n<strong>don Vito Impellizzeri<\/strong>, diocesi di Mazara del Vallo<br \/>\n<em>Cos\u00ec posso ancora fare il prete\u2026<\/em><\/p>\n<hr \/>\n<p>Modera il convegno:<br \/>\n<strong>don Stefano Zeni<\/strong>, della Redazione di Presbyteri<\/p>\n<hr \/>\n<p style=\"text-align: center\"><a href=\"https:\/\/www.diocesitn.it\/area-testimonianza\/wp-content\/uploads\/sites\/37\/2025\/04\/2025.05.19-20-presbyteri-convegno-locandina.jpg\" target=\"_blank\" rel=\"noopener\"><img loading=\"lazy\" decoding=\"async\" class=\"alignnone  wp-image-17568\" src=\"https:\/\/www.diocesitn.it\/area-testimonianza\/wp-content\/uploads\/sites\/37\/2025\/04\/2025.05.19-20-presbyteri-convegno-locandina-212x300.jpg\" alt=\"\" width=\"322\" height=\"456\" srcset=\"https:\/\/www.diocesitn.it\/area-testimonianza\/wp-content\/uploads\/sites\/37\/2025\/04\/2025.05.19-20-presbyteri-convegno-locandina-212x300.jpg 212w, https:\/\/www.diocesitn.it\/area-testimonianza\/wp-content\/uploads\/sites\/37\/2025\/04\/2025.05.19-20-presbyteri-convegno-locandina-724x1024.jpg 724w, https:\/\/www.diocesitn.it\/area-testimonianza\/wp-content\/uploads\/sites\/37\/2025\/04\/2025.05.19-20-presbyteri-convegno-locandina-768x1086.jpg 768w, https:\/\/www.diocesitn.it\/area-testimonianza\/wp-content\/uploads\/sites\/37\/2025\/04\/2025.05.19-20-presbyteri-convegno-locandina-198x280.jpg 198w, https:\/\/www.diocesitn.it\/area-testimonianza\/wp-content\/uploads\/sites\/37\/2025\/04\/2025.05.19-20-presbyteri-convegno-locandina-543x768.jpg 543w, https:\/\/www.diocesitn.it\/area-testimonianza\/wp-content\/uploads\/sites\/37\/2025\/04\/2025.05.19-20-presbyteri-convegno-locandina-1086x1536.jpg 1086w, https:\/\/www.diocesitn.it\/area-testimonianza\/wp-content\/uploads\/sites\/37\/2025\/04\/2025.05.19-20-presbyteri-convegno-locandina-800x1132.jpg 800w, https:\/\/www.diocesitn.it\/area-testimonianza\/wp-content\/uploads\/sites\/37\/2025\/04\/2025.05.19-20-presbyteri-convegno-locandina.jpg 1131w\" sizes=\"auto, (max-width: 322px) 100vw, 322px\" \/><\/a><\/p>\n","protected":false},"excerpt":{"rendered":"<p>Essere preti oggi in Italia porta nuovi interrogativi. Il 6\u00b0 convegno on line della rivista Presbyteri vuole indagare lo spirito ad gentes per guardare il presente e per preparare il futuro.<\/p>\n","protected":false},"author":161,"featured_media":17567,"comment_status":"closed","ping_status":"closed","sticky":false,"template":"","format":"standard","meta":{"footnotes":""},"categories":[1074,1151],"tags":[1262],"class_list":["post-17550","post","type-post","status-publish","format-standard","has-post-thumbnail","hentry","category-notizie","category-servizio-missionario","tag-formazione"],"acf":{"seed-localization-paese-cod":"IT","seed-localization-address":"","seed-localization-citta":"Trento","seed-localization-regione-cod-istat":"04","seed-localization-citta-cod-istat":"022205","seed-localization-localita":"","seed-localization-cap":"","seed-localization-marker-visibility":false,"seed-localization-children-visibility":false,"seed-localization-kml":"","seed-localization-custom-marker":""},"yoast_head":"<!-- This site is optimized with the Yoast SEO Premium plugin v20.2.1 (Yoast SEO v22.2) - https:\/\/yoast.com\/wordpress\/plugins\/seo\/ -->\n<title>Strada facendo\u2026Preti oggi in un contesto missionario<\/title>\n<meta name=\"description\" content=\"Essere preti oggi in Italia porta nuovi interrogativi. Il 6\u00b0 convegno on line della rivista Presbyteri vuole indagare lo spirito ad gentes per guardare il presente e per preparare il futuro.\" \/>\n<meta name=\"robots\" content=\"index, follow, max-snippet:-1, max-image-preview:large, max-video-preview:-1\" \/>\n<link rel=\"canonical\" href=\"https:\/\/www.diocesitn.it\/area-testimonianza\/2025\/04\/16\/strada-facendo-preti-oggi-in-un-contesto-missionario-torna-il-convegno-on-line-della-rivista-presbyteri\/\" \/>\n<meta property=\"og:locale\" content=\"it_IT\" \/>\n<meta property=\"og:type\" content=\"article\" \/>\n<meta property=\"og:title\" content=\"&quot;Strada facendo. Preti oggi in un contesto missionario.&quot; Torna il convegno on line della rivista Presbyteri\" \/>\n<meta property=\"og:description\" content=\"Essere preti oggi in Italia porta nuovi interrogativi. Il 6\u00b0 convegno on line della rivista Presbyteri vuole indagare lo spirito ad gentes per guardare il presente e per preparare il futuro.\" \/>\n<meta property=\"og:url\" content=\"https:\/\/www.diocesitn.it\/area-testimonianza\/2025\/04\/16\/strada-facendo-preti-oggi-in-un-contesto-missionario-torna-il-convegno-on-line-della-rivista-presbyteri\/\" \/>\n<meta property=\"og:site_name\" content=\"Testimonianza e Impegno sociale\" \/>\n<meta property=\"article:published_time\" content=\"2025-04-16T13:06:39+00:00\" \/>\n<meta property=\"article:modified_time\" content=\"2025-04-16T13:28:22+00:00\" \/>\n<meta property=\"og:image\" content=\"https:\/\/www.diocesitn.it\/area-testimonianza\/wp-content\/uploads\/sites\/37\/2025\/04\/street-7048140_1280.jpg\" \/>\n\t<meta property=\"og:image:width\" content=\"1280\" \/>\n\t<meta property=\"og:image:height\" content=\"853\" \/>\n\t<meta property=\"og:image:type\" content=\"image\/jpeg\" \/>\n<meta name=\"author\" content=\"smaule\" \/>\n<meta name=\"twitter:card\" content=\"summary_large_image\" \/>\n<meta name=\"twitter:label1\" content=\"Scritto da\" \/>\n\t<meta name=\"twitter:data1\" content=\"smaule\" \/>\n\t<meta name=\"twitter:label2\" content=\"Tempo di lettura stimato\" \/>\n\t<meta name=\"twitter:data2\" content=\"2 minuti\" \/>\n<script type=\"application\/ld+json\" class=\"yoast-schema-graph\">{\"@context\":\"https:\/\/schema.org\",\"@graph\":[{\"@type\":\"Article\",\"@id\":\"https:\/\/www.diocesitn.it\/area-testimonianza\/2025\/04\/16\/strada-facendo-preti-oggi-in-un-contesto-missionario-torna-il-convegno-on-line-della-rivista-presbyteri\/#article\",\"isPartOf\":{\"@id\":\"https:\/\/www.diocesitn.it\/area-testimonianza\/2025\/04\/16\/strada-facendo-preti-oggi-in-un-contesto-missionario-torna-il-convegno-on-line-della-rivista-presbyteri\/\"},\"author\":{\"name\":\"smaule\",\"@id\":\"https:\/\/www.diocesitn.it\/area-testimonianza\/#\/schema\/person\/bac489aafb7f98c1ca25f76c27174a95\"},\"headline\":\"&#8220;Strada facendo. Preti oggi in un contesto missionario.&#8221; Torna il convegno on line della rivista Presbyteri\",\"datePublished\":\"2025-04-16T13:06:39+00:00\",\"dateModified\":\"2025-04-16T13:28:22+00:00\",\"mainEntityOfPage\":{\"@id\":\"https:\/\/www.diocesitn.it\/area-testimonianza\/2025\/04\/16\/strada-facendo-preti-oggi-in-un-contesto-missionario-torna-il-convegno-on-line-della-rivista-presbyteri\/\"},\"wordCount\":290,\"publisher\":{\"@id\":\"https:\/\/www.diocesitn.it\/area-testimonianza\/#organization\"},\"image\":{\"@id\":\"https:\/\/www.diocesitn.it\/area-testimonianza\/2025\/04\/16\/strada-facendo-preti-oggi-in-un-contesto-missionario-torna-il-convegno-on-line-della-rivista-presbyteri\/#primaryimage\"},\"thumbnailUrl\":\"https:\/\/www.diocesitn.it\/area-testimonianza\/wp-content\/uploads\/sites\/37\/2025\/04\/street-7048140_1280.jpg\",\"keywords\":[\"FORMAZIONE\"],\"articleSection\":[\"Notizie\",\"Pastorale Missionaria\"],\"inLanguage\":\"it-IT\",\"copyrightYear\":\"2025\",\"copyrightHolder\":{\"@id\":\"https:\/\/www.diocesitn.it\/#organization\"}},{\"@type\":\"WebPage\",\"@id\":\"https:\/\/www.diocesitn.it\/area-testimonianza\/2025\/04\/16\/strada-facendo-preti-oggi-in-un-contesto-missionario-torna-il-convegno-on-line-della-rivista-presbyteri\/\",\"url\":\"https:\/\/www.diocesitn.it\/area-testimonianza\/2025\/04\/16\/strada-facendo-preti-oggi-in-un-contesto-missionario-torna-il-convegno-on-line-della-rivista-presbyteri\/\",\"name\":\"Strada facendo\u2026Preti oggi in un contesto missionario\",\"isPartOf\":{\"@id\":\"https:\/\/www.diocesitn.it\/area-testimonianza\/#website\"},\"primaryImageOfPage\":{\"@id\":\"https:\/\/www.diocesitn.it\/area-testimonianza\/2025\/04\/16\/strada-facendo-preti-oggi-in-un-contesto-missionario-torna-il-convegno-on-line-della-rivista-presbyteri\/#primaryimage\"},\"image\":{\"@id\":\"https:\/\/www.diocesitn.it\/area-testimonianza\/2025\/04\/16\/strada-facendo-preti-oggi-in-un-contesto-missionario-torna-il-convegno-on-line-della-rivista-presbyteri\/#primaryimage\"},\"thumbnailUrl\":\"https:\/\/www.diocesitn.it\/area-testimonianza\/wp-content\/uploads\/sites\/37\/2025\/04\/street-7048140_1280.jpg\",\"datePublished\":\"2025-04-16T13:06:39+00:00\",\"dateModified\":\"2025-04-16T13:28:22+00:00\",\"description\":\"Essere preti oggi in Italia porta nuovi interrogativi. Il 6\u00b0 convegno on line della rivista Presbyteri vuole indagare lo spirito ad gentes per guardare il presente e per preparare il futuro.\",\"breadcrumb\":{\"@id\":\"https:\/\/www.diocesitn.it\/area-testimonianza\/2025\/04\/16\/strada-facendo-preti-oggi-in-un-contesto-missionario-torna-il-convegno-on-line-della-rivista-presbyteri\/#breadcrumb\"},\"inLanguage\":\"it-IT\",\"potentialAction\":[{\"@type\":\"ReadAction\",\"target\":[\"https:\/\/www.diocesitn.it\/area-testimonianza\/2025\/04\/16\/strada-facendo-preti-oggi-in-un-contesto-missionario-torna-il-convegno-on-line-della-rivista-presbyteri\/\"]}]},{\"@type\":\"ImageObject\",\"inLanguage\":\"it-IT\",\"@id\":\"https:\/\/www.diocesitn.it\/area-testimonianza\/2025\/04\/16\/strada-facendo-preti-oggi-in-un-contesto-missionario-torna-il-convegno-on-line-della-rivista-presbyteri\/#primaryimage\",\"url\":\"https:\/\/www.diocesitn.it\/area-testimonianza\/wp-content\/uploads\/sites\/37\/2025\/04\/street-7048140_1280.jpg\",\"contentUrl\":\"https:\/\/www.diocesitn.it\/area-testimonianza\/wp-content\/uploads\/sites\/37\/2025\/04\/street-7048140_1280.jpg\",\"width\":1280,\"height\":853},{\"@type\":\"BreadcrumbList\",\"@id\":\"https:\/\/www.diocesitn.it\/area-testimonianza\/2025\/04\/16\/strada-facendo-preti-oggi-in-un-contesto-missionario-torna-il-convegno-on-line-della-rivista-presbyteri\/#breadcrumb\",\"itemListElement\":[{\"@type\":\"ListItem\",\"position\":1,\"name\":\"Home\",\"item\":\"https:\/\/www.diocesitn.it\/area-testimonianza\/\"},{\"@type\":\"ListItem\",\"position\":2,\"name\":\"&#8220;Strada facendo. Preti oggi in un contesto missionario.&#8221; Torna il convegno on line della rivista Presbyteri\"}]},{\"@type\":\"WebSite\",\"@id\":\"https:\/\/www.diocesitn.it\/area-testimonianza\/#website\",\"url\":\"https:\/\/www.diocesitn.it\/area-testimonianza\/\",\"name\":\"Testimonianza e Impegno sociale\",\"description\":\"Chiesa di Trento\",\"publisher\":{\"@id\":\"https:\/\/www.diocesitn.it\/area-testimonianza\/#organization\"},\"potentialAction\":[{\"@type\":\"SearchAction\",\"target\":{\"@type\":\"EntryPoint\",\"urlTemplate\":\"https:\/\/www.diocesitn.it\/area-testimonianza\/?s={search_term_string}\"},\"query-input\":\"required name=search_term_string\"}],\"inLanguage\":\"it-IT\"},{\"@type\":[\"Organization\",\"Place\"],\"@id\":\"https:\/\/www.diocesitn.it\/area-testimonianza\/#organization\",\"name\":\"Area Testimonianza e Impegno Sociale - Chiesa di Trento\",\"url\":\"https:\/\/www.diocesitn.it\/area-testimonianza\/\",\"logo\":{\"@id\":\"https:\/\/www.diocesitn.it\/area-testimonianza\/2025\/04\/16\/strada-facendo-preti-oggi-in-un-contesto-missionario-torna-il-convegno-on-line-della-rivista-presbyteri\/#local-main-organization-logo\"},\"image\":{\"@id\":\"https:\/\/www.diocesitn.it\/area-testimonianza\/2025\/04\/16\/strada-facendo-preti-oggi-in-un-contesto-missionario-torna-il-convegno-on-line-della-rivista-presbyteri\/#local-main-organization-logo\"},\"openingHoursSpecification\":[{\"@type\":\"OpeningHoursSpecification\",\"dayOfWeek\":[\"Monday\",\"Tuesday\",\"Wednesday\",\"Thursday\",\"Friday\",\"Saturday\",\"Sunday\"],\"opens\":\"09:00\",\"closes\":\"17:00\"}]},{\"@type\":\"ImageObject\",\"inLanguage\":\"it-IT\",\"@id\":\"https:\/\/www.diocesitn.it\/area-testimonianza\/2025\/04\/16\/strada-facendo-preti-oggi-in-un-contesto-missionario-torna-il-convegno-on-line-della-rivista-presbyteri\/#local-main-organization-logo\",\"url\":\"https:\/\/www.diocesitn.it\/area-testimonianza\/wp-content\/uploads\/sites\/37\/2021\/09\/og-logo-testimonianza-e-impegno-sociale.jpg\",\"contentUrl\":\"https:\/\/www.diocesitn.it\/area-testimonianza\/wp-content\/uploads\/sites\/37\/2021\/09\/og-logo-testimonianza-e-impegno-sociale.jpg\",\"width\":1200,\"height\":630,\"caption\":\"Area Testimonianza e Impegno Sociale - Chiesa di Trento\"}]}<\/script>\n<!-- \/ Yoast SEO Premium plugin. -->","yoast_head_json":{"title":"Strada facendo\u2026Preti oggi in un contesto missionario","description":"Essere preti oggi in Italia porta nuovi interrogativi. Il 6\u00b0 convegno on line della rivista Presbyteri vuole indagare lo spirito ad gentes per guardare il presente e per preparare il futuro.","robots":{"index":"index","follow":"follow","max-snippet":"max-snippet:-1","max-image-preview":"max-image-preview:large","max-video-preview":"max-video-preview:-1"},"canonical":"https:\/\/www.diocesitn.it\/area-testimonianza\/2025\/04\/16\/strada-facendo-preti-oggi-in-un-contesto-missionario-torna-il-convegno-on-line-della-rivista-presbyteri\/","og_locale":"it_IT","og_type":"article","og_title":"\"Strada facendo. Preti oggi in un contesto missionario.\" Torna il convegno on line della rivista Presbyteri","og_description":"Essere preti oggi in Italia porta nuovi interrogativi. Il 6\u00b0 convegno on line della rivista Presbyteri vuole indagare lo spirito ad gentes per guardare il presente e per preparare il futuro.","og_url":"https:\/\/www.diocesitn.it\/area-testimonianza\/2025\/04\/16\/strada-facendo-preti-oggi-in-un-contesto-missionario-torna-il-convegno-on-line-della-rivista-presbyteri\/","og_site_name":"Testimonianza e Impegno sociale","article_published_time":"2025-04-16T13:06:39+00:00","article_modified_time":"2025-04-16T13:28:22+00:00","og_image":[{"width":1280,"height":853,"url":"https:\/\/www.diocesitn.it\/area-testimonianza\/wp-content\/uploads\/sites\/37\/2025\/04\/street-7048140_1280.jpg","type":"image\/jpeg"}],"author":"smaule","twitter_card":"summary_large_image","twitter_misc":{"Scritto da":"smaule","Tempo di lettura stimato":"2 minuti"},"schema":{"@context":"https:\/\/schema.org","@graph":[{"@type":"Article","@id":"https:\/\/www.diocesitn.it\/area-testimonianza\/2025\/04\/16\/strada-facendo-preti-oggi-in-un-contesto-missionario-torna-il-convegno-on-line-della-rivista-presbyteri\/#article","isPartOf":{"@id":"https:\/\/www.diocesitn.it\/area-testimonianza\/2025\/04\/16\/strada-facendo-preti-oggi-in-un-contesto-missionario-torna-il-convegno-on-line-della-rivista-presbyteri\/"},"author":{"name":"smaule","@id":"https:\/\/www.diocesitn.it\/area-testimonianza\/#\/schema\/person\/bac489aafb7f98c1ca25f76c27174a95"},"headline":"&#8220;Strada facendo. Preti oggi in un contesto missionario.&#8221; Torna il convegno on line della rivista Presbyteri","datePublished":"2025-04-16T13:06:39+00:00","dateModified":"2025-04-16T13:28:22+00:00","mainEntityOfPage":{"@id":"https:\/\/www.diocesitn.it\/area-testimonianza\/2025\/04\/16\/strada-facendo-preti-oggi-in-un-contesto-missionario-torna-il-convegno-on-line-della-rivista-presbyteri\/"},"wordCount":290,"publisher":{"@id":"https:\/\/www.diocesitn.it\/area-testimonianza\/#organization"},"image":{"@id":"https:\/\/www.diocesitn.it\/area-testimonianza\/2025\/04\/16\/strada-facendo-preti-oggi-in-un-contesto-missionario-torna-il-convegno-on-line-della-rivista-presbyteri\/#primaryimage"},"thumbnailUrl":"https:\/\/www.diocesitn.it\/area-testimonianza\/wp-content\/uploads\/sites\/37\/2025\/04\/street-7048140_1280.jpg","keywords":["FORMAZIONE"],"articleSection":["Notizie","Pastorale Missionaria"],"inLanguage":"it-IT","copyrightYear":"2025","copyrightHolder":{"@id":"https:\/\/www.diocesitn.it\/#organization"}},{"@type":"WebPage","@id":"https:\/\/www.diocesitn.it\/area-testimonianza\/2025\/04\/16\/strada-facendo-preti-oggi-in-un-contesto-missionario-torna-il-convegno-on-line-della-rivista-presbyteri\/","url":"https:\/\/www.diocesitn.it\/area-testimonianza\/2025\/04\/16\/strada-facendo-preti-oggi-in-un-contesto-missionario-torna-il-convegno-on-line-della-rivista-presbyteri\/","name":"Strada facendo\u2026Preti oggi in un contesto missionario","isPartOf":{"@id":"https:\/\/www.diocesitn.it\/area-testimonianza\/#website"},"primaryImageOfPage":{"@id":"https:\/\/www.diocesitn.it\/area-testimonianza\/2025\/04\/16\/strada-facendo-preti-oggi-in-un-contesto-missionario-torna-il-convegno-on-line-della-rivista-presbyteri\/#primaryimage"},"image":{"@id":"https:\/\/www.diocesitn.it\/area-testimonianza\/2025\/04\/16\/strada-facendo-preti-oggi-in-un-contesto-missionario-torna-il-convegno-on-line-della-rivista-presbyteri\/#primaryimage"},"thumbnailUrl":"https:\/\/www.diocesitn.it\/area-testimonianza\/wp-content\/uploads\/sites\/37\/2025\/04\/street-7048140_1280.jpg","datePublished":"2025-04-16T13:06:39+00:00","dateModified":"2025-04-16T13:28:22+00:00","description":"Essere preti oggi in Italia porta nuovi interrogativi. Il 6\u00b0 convegno on line della rivista Presbyteri vuole indagare lo spirito ad gentes per guardare il presente e per preparare il futuro.","breadcrumb":{"@id":"https:\/\/www.diocesitn.it\/area-testimonianza\/2025\/04\/16\/strada-facendo-preti-oggi-in-un-contesto-missionario-torna-il-convegno-on-line-della-rivista-presbyteri\/#breadcrumb"},"inLanguage":"it-IT","potentialAction":[{"@type":"ReadAction","target":["https:\/\/www.diocesitn.it\/area-testimonianza\/2025\/04\/16\/strada-facendo-preti-oggi-in-un-contesto-missionario-torna-il-convegno-on-line-della-rivista-presbyteri\/"]}]},{"@type":"ImageObject","inLanguage":"it-IT","@id":"https:\/\/www.diocesitn.it\/area-testimonianza\/2025\/04\/16\/strada-facendo-preti-oggi-in-un-contesto-missionario-torna-il-convegno-on-line-della-rivista-presbyteri\/#primaryimage","url":"https:\/\/www.diocesitn.it\/area-testimonianza\/wp-content\/uploads\/sites\/37\/2025\/04\/street-7048140_1280.jpg","contentUrl":"https:\/\/www.diocesitn.it\/area-testimonianza\/wp-content\/uploads\/sites\/37\/2025\/04\/street-7048140_1280.jpg","width":1280,"height":853},{"@type":"BreadcrumbList","@id":"https:\/\/www.diocesitn.it\/area-testimonianza\/2025\/04\/16\/strada-facendo-preti-oggi-in-un-contesto-missionario-torna-il-convegno-on-line-della-rivista-presbyteri\/#breadcrumb","itemListElement":[{"@type":"ListItem","position":1,"name":"Home","item":"https:\/\/www.diocesitn.it\/area-testimonianza\/"},{"@type":"ListItem","position":2,"name":"&#8220;Strada facendo. Preti oggi in un contesto missionario.&#8221; Torna il convegno on line della rivista Presbyteri"}]},{"@type":"WebSite","@id":"https:\/\/www.diocesitn.it\/area-testimonianza\/#website","url":"https:\/\/www.diocesitn.it\/area-testimonianza\/","name":"Testimonianza e Impegno sociale","description":"Chiesa di Trento","publisher":{"@id":"https:\/\/www.diocesitn.it\/area-testimonianza\/#organization"},"potentialAction":[{"@type":"SearchAction","target":{"@type":"EntryPoint","urlTemplate":"https:\/\/www.diocesitn.it\/area-testimonianza\/?s={search_term_string}"},"query-input":"required name=search_term_string"}],"inLanguage":"it-IT"},{"@type":["Organization","Place"],"@id":"https:\/\/www.diocesitn.it\/area-testimonianza\/#organization","name":"Area Testimonianza e Impegno Sociale - Chiesa di Trento","url":"https:\/\/www.diocesitn.it\/area-testimonianza\/","logo":{"@id":"https:\/\/www.diocesitn.it\/area-testimonianza\/2025\/04\/16\/strada-facendo-preti-oggi-in-un-contesto-missionario-torna-il-convegno-on-line-della-rivista-presbyteri\/#local-main-organization-logo"},"image":{"@id":"https:\/\/www.diocesitn.it\/area-testimonianza\/2025\/04\/16\/strada-facendo-preti-oggi-in-un-contesto-missionario-torna-il-convegno-on-line-della-rivista-presbyteri\/#local-main-organization-logo"},"openingHoursSpecification":[{"@type":"OpeningHoursSpecification","dayOfWeek":["Monday","Tuesday","Wednesday","Thursday","Friday","Saturday","Sunday"],"opens":"09:00","closes":"17:00"}]},{"@type":"ImageObject","inLanguage":"it-IT","@id":"https:\/\/www.diocesitn.it\/area-testimonianza\/2025\/04\/16\/strada-facendo-preti-oggi-in-un-contesto-missionario-torna-il-convegno-on-line-della-rivista-presbyteri\/#local-main-organization-logo","url":"https:\/\/www.diocesitn.it\/area-testimonianza\/wp-content\/uploads\/sites\/37\/2021\/09\/og-logo-testimonianza-e-impegno-sociale.jpg","contentUrl":"https:\/\/www.diocesitn.it\/area-testimonianza\/wp-content\/uploads\/sites\/37\/2021\/09\/og-logo-testimonianza-e-impegno-sociale.jpg","width":1200,"height":630,"caption":"Area Testimonianza e Impegno Sociale - Chiesa di Trento"}]}},"_links":{"self":[{"href":"https:\/\/www.diocesitn.it\/area-testimonianza\/wp-json\/wp\/v2\/posts\/17550","targetHints":{"allow":["GET"]}}],"collection":[{"href":"https:\/\/www.diocesitn.it\/area-testimonianza\/wp-json\/wp\/v2\/posts"}],"about":[{"href":"https:\/\/www.diocesitn.it\/area-testimonianza\/wp-json\/wp\/v2\/types\/post"}],"author":[{"embeddable":true,"href":"https:\/\/www.diocesitn.it\/area-testimonianza\/wp-json\/wp\/v2\/users\/161"}],"replies":[{"embeddable":true,"href":"https:\/\/www.diocesitn.it\/area-testimonianza\/wp-json\/wp\/v2\/comments?post=17550"}],"version-history":[{"count":2,"href":"https:\/\/www.diocesitn.it\/area-testimonianza\/wp-json\/wp\/v2\/posts\/17550\/revisions"}],"predecessor-version":[{"id":17569,"href":"https:\/\/www.diocesitn.it\/area-testimonianza\/wp-json\/wp\/v2\/posts\/17550\/revisions\/17569"}],"wp:featuredmedia":[{"embeddable":true,"href":"https:\/\/www.diocesitn.it\/area-testimonianza\/wp-json\/wp\/v2\/media\/17567"}],"wp:attachment":[{"href":"https:\/\/www.diocesitn.it\/area-testimonianza\/wp-json\/wp\/v2\/media?parent=17550"}],"wp:term":[{"taxonomy":"category","embeddable":true,"href":"https:\/\/www.diocesitn.it\/area-testimonianza\/wp-json\/wp\/v2\/categories?post=17550"},{"taxonomy":"post_tag","embeddable":true,"href":"https:\/\/www.diocesitn.it\/area-testimonianza\/wp-json\/wp\/v2\/tags?post=17550"}],"curies":[{"name":"wp","href":"https:\/\/api.w.org\/{rel}","templated":true}]}}