{"id":17540,"date":"2025-04-15T13:10:03","date_gmt":"2025-04-15T11:10:03","guid":{"rendered":"https:\/\/www.diocesitn.it\/area-testimonianza\/?p=17540"},"modified":"2025-05-23T09:27:08","modified_gmt":"2025-05-23T07:27:08","slug":"abbiamo-riso-per-una-cosa-seria-il-18-19-e-24-25-maggio-torna-campagna-nazionale-della-focsiv","status":"publish","type":"post","link":"https:\/\/www.diocesitn.it\/area-testimonianza\/2025\/04\/15\/abbiamo-riso-per-una-cosa-seria-il-18-19-e-24-25-maggio-torna-campagna-nazionale-della-focsiv\/","title":{"rendered":"Abbiamo riso per una cosa seria, il 17-18 e il 24-25 maggio torna campagna nazionale della FOCSIV"},"content":{"rendered":"<p style=\"text-align: right\"><em>[nella foto: una delle fasi del lavaggio del riso in Chad]<\/em><\/p>\n<p>Nei fine settimana del 17-18 e 24-25 maggio <a href=\"https:\/\/www.accri.it\/\" target=\"_blank\" rel=\"noopener\">ACCRI<\/a> ripropone <em>Abbiamo riso per una cosa seria<\/em>, la campagna nazionale della <a href=\"https:\/\/www.focsiv.it\/\" target=\"_blank\" rel=\"noopener\">FOCSIV<\/a> giunta alla 23&#8242; edizione.<!--more--><\/p>\n<p>Saranno allestiti anche nelle parrocchie e piazze del Trentino numerosi banchetti per la distribuzione di pacchi di riso. Le nostre postazioni, quest\u2019anno, sono 96 e vedranno la presenza di numerosi volontari impegnati a fianco dell\u2019ACCRI per la realizzazione di questo evento.<\/p>\n<p>L\u2019importanza della difesa del diritto al cibo e di una agricoltura familiare sostenibile verr\u00e0 sostenuta dalle comunit\u00e0 trentine con l&#8217;acquisto del riso.<\/p>\n<h5>Il progetto di ACCRI<\/h5>\n<p>Per questa edizione della Campagna, l\u2019ACCRI propone il sostegno al Progetto <span style=\"text-decoration: underline\"><em>Lavorare insieme per la sicurezza alimentare in Ciad<\/em><\/span>, realizzato in partenariato con la Caritas della Diocesi di Pala. Il progetto \u00e8 volto a favorire l\u2019autosufficienza alimentare delle famiglie di una cinquantina di villaggi della zona rurale del Mayo Kebbi ovest, nelle parrocchie di Gagal, Keuni e Pala. Tra le attivit\u00e0 previste, il supporto a 10 gruppi di donne per la produzione di burro\/olio di karit\u00e8, incluso l\u2019acquisto di kit per la lavorazione delle noci; la realizzazione di 3 vivai per la propagazione di <em>Acacia albida<\/em> e altre piante in grado di favorire l\u2019agricoltura e la conservazione delle aree naturali; la formazione specifica di tecnici ed operatori locali.<\/p>\n<p>Le attivit\u00e0 sono supportate da un team formato da due tecnici della Caritas diocesana di Pala e dalle volontarie dell\u2019ACCRI Elisa di Cavareno e Martina, abruzzese.<\/p>\n<p>\u00c8 bello sapere che le due giovani si stanno impegnando proprio nei luoghi abitati, prima di loro, dai missionari trentini che anche noi abbiamo conosciuto: don Gianni Damolin, don Carlo Crepaz, don Guido Piva, don Carlo Speccher e don Tino Malcotti.<\/p>\n<p>Le donazioni per il riso distribuito nella Campagna vanno a promuovere sia l\u2019agricoltura familiare nel mondo (nel nostro caso, appunto, in Ciad a fianco di altri 26 progetti sostenuti, nelle altre regioni, da altrettanti soci FOCSIV in Asia, Africa, America Latina), sia l\u2019agricoltura familiare italiana. Infatti, il riso contenuto nel pacco dell\u2019edizione 2025, certificato dall\u2019Ente Nazionale Risi, \u00e8 prodotto, nel cuore della provincia di Vercelli, dalla quarta generazione di \u201crisieri\u201d della Famiglia Viazzo.<\/p>\n<p>La scelta del riso, cereale di base nell\u2019alimentazione globale, \u00e8 altamente simbolica. Come ben ricorda la FOCSIV <em>\u201crappresenta l\u2019unione tra i contadini italiani e del resto del mondo, che insieme ai consumatori responsabili, si impegnano per la salvaguardia del territorio e della biodiversit\u00e0 e per una agricoltura sana per tutti, senza scarti n\u00e9 sprechi\u201d<\/em>.<\/p>\n<hr \/>\n<h4>Queste sono tutte le postazioni in Trentino<\/h4>\n<p><strong>Il 17-18 e il 24-25 maggio<\/strong> potrai trovare il riso nelle seguenti localit\u00e0.<\/p>\n<ul>\n<li><strong>Alto Garda e Valle di Ledro<\/strong> (Campi, Pregasina, Riva del Garda, Tenno, Varignano e Biacesa)<\/li>\n<li><strong>Valle dei Laghi <\/strong>(Brusino, Calavino, Cavedine, Ciago, Covelo, Fraveggio, Lasino, Lon, Madruzzo, Margone, Monte Terlago, Padergnone, Pergolese, Pietramurata, Ranzo, Santa Massenza, Sarche, Stravino, Terlago, Vezzano, Vigo Cavedine)<\/li>\n<li><strong>Valsugana e Altopiano Vigolana <\/strong>(Calceranica, Levico, Tenna e Centa s. Nicol\u00f2)<\/li>\n<li><strong>Valli di Fiemme e Fassa <\/strong>(Capriana, Carano, Castello, Cavalese, Daiano, Masi, Molina, Predazzo, San Lugano, Valfloriana, Varena\/Moena e Forno)<\/li>\n<li><strong>Altopiano Paganella<\/strong> (Andalo, Cavedago, Fai, Molveno e Spormaggiore)<\/li>\n<li><strong>Val di Non <\/strong>(Campodenno, Cavareno, Cunevo, Dardine, Denno, Dercolo, Dermulo, Flavon, Lover, Masi, Mollaro, Pri\u00f2, Quetta, Rev\u00f2, Segno, Smarano, Sporminore, Taio, Tavon, Termon, Terres, Torra, Toss, Tres, Verv\u00f2, Vigo di Ton)<\/li>\n<li><strong>Valli Giudicarie<\/strong> (Bolbeno, Bondo, Breguzzo, Lardaro, Montagne, Preore, Ragoli, Roncone, Saone, Storo, Tione, Zuclo)<\/li>\n<li><strong>Rovereto e Vallagarina <\/strong>(Parrocchie di s. Giorgio e di Borgo Sacco a Rovereto e Besagno)<\/li>\n<li><strong>Trento e dintorni<\/strong> ( Civezzano, Gardolo, Lavis, Ravina, Romagnano, Zambana)<\/li>\n<\/ul>\n<p><a href=\"https:\/\/www.diocesitn.it\/area-testimonianza\/wp-content\/uploads\/sites\/37\/2025\/04\/accri-riso-2025-1.jpg\"><img loading=\"lazy\" decoding=\"async\" class=\" wp-image-17580 aligncenter\" src=\"https:\/\/www.diocesitn.it\/area-testimonianza\/wp-content\/uploads\/sites\/37\/2025\/04\/accri-riso-2025-1-300x88.jpg\" alt=\"\" width=\"617\" height=\"181\" srcset=\"https:\/\/www.diocesitn.it\/area-testimonianza\/wp-content\/uploads\/sites\/37\/2025\/04\/accri-riso-2025-1-300x88.jpg 300w, https:\/\/www.diocesitn.it\/area-testimonianza\/wp-content\/uploads\/sites\/37\/2025\/04\/accri-riso-2025-1-1024x301.jpg 1024w, https:\/\/www.diocesitn.it\/area-testimonianza\/wp-content\/uploads\/sites\/37\/2025\/04\/accri-riso-2025-1-768x225.jpg 768w, https:\/\/www.diocesitn.it\/area-testimonianza\/wp-content\/uploads\/sites\/37\/2025\/04\/accri-riso-2025-1-360x106.jpg 360w, https:\/\/www.diocesitn.it\/area-testimonianza\/wp-content\/uploads\/sites\/37\/2025\/04\/accri-riso-2025-1-1536x451.jpg 1536w, https:\/\/www.diocesitn.it\/area-testimonianza\/wp-content\/uploads\/sites\/37\/2025\/04\/accri-riso-2025-1-800x235.jpg 800w, https:\/\/www.diocesitn.it\/area-testimonianza\/wp-content\/uploads\/sites\/37\/2025\/04\/accri-riso-2025-1-1200x352.jpg 1200w, https:\/\/www.diocesitn.it\/area-testimonianza\/wp-content\/uploads\/sites\/37\/2025\/04\/accri-riso-2025-1-1320x387.jpg 1320w, https:\/\/www.diocesitn.it\/area-testimonianza\/wp-content\/uploads\/sites\/37\/2025\/04\/accri-riso-2025-1.jpg 1898w\" sizes=\"auto, (max-width: 617px) 100vw, 617px\" \/><\/a><\/p>\n","protected":false},"excerpt":{"rendered":"<p>[nella foto: una delle fasi del lavaggio del riso in Chad] Nei fine settimana del 17-18 e 24-25 maggio ACCRI ripropone Abbiamo riso per una cosa seria, la campagna nazionale della FOCSIV giunta alla 23&#8242;<\/p>\n","protected":false},"author":161,"featured_media":17541,"comment_status":"closed","ping_status":"closed","sticky":false,"template":"","format":"standard","meta":{"footnotes":""},"categories":[1074,1151],"tags":[2518,1563],"class_list":["post-17540","post","type-post","status-publish","format-standard","has-post-thumbnail","hentry","category-notizie","category-servizio-missionario","tag-abbiamo-riso-per-una-cosa-seria","tag-accri"],"acf":{"seed-localization-paese-cod":"IT","seed-localization-address":"","seed-localization-citta":"Trento","seed-localization-regione-cod-istat":"04","seed-localization-citta-cod-istat":"022205","seed-localization-localita":"","seed-localization-cap":"","seed-localization-marker-visibility":false,"seed-localization-children-visibility":false,"seed-localization-kml":"","seed-localization-custom-marker":""},"yoast_head":"<!-- This site is optimized with the Yoast SEO Premium plugin v20.2.1 (Yoast SEO v22.2) - https:\/\/yoast.com\/wordpress\/plugins\/seo\/ -->\n<title>Abbiamo riso per una cosa seria, il 17-18 e il 24-25 maggio torna campagna nazionale della FOCSIV - Testimonianza e Impegno sociale<\/title>\n<meta name=\"description\" content=\"Dove acquistare il riso in Trentino per sostenere la campagna? Quale progetto finanzier\u00e0 Accri attraverso questa iniziativa?\" \/>\n<meta name=\"robots\" content=\"index, follow, max-snippet:-1, max-image-preview:large, max-video-preview:-1\" \/>\n<link rel=\"canonical\" href=\"https:\/\/www.diocesitn.it\/area-testimonianza\/2025\/04\/15\/abbiamo-riso-per-una-cosa-seria-il-18-19-e-24-25-maggio-torna-campagna-nazionale-della-focsiv\/\" \/>\n<meta property=\"og:locale\" content=\"it_IT\" \/>\n<meta property=\"og:type\" content=\"article\" \/>\n<meta property=\"og:title\" content=\"Abbiamo riso per una cosa seria, il 17-18 e il 24-25 maggio torna campagna nazionale della FOCSIV\" \/>\n<meta property=\"og:description\" content=\"Dove acquistare il riso in Trentino per sostenere la campagna? Quale progetto finanzier\u00e0 Accri attraverso questa iniziativa?\" \/>\n<meta property=\"og:url\" content=\"https:\/\/www.diocesitn.it\/area-testimonianza\/2025\/04\/15\/abbiamo-riso-per-una-cosa-seria-il-18-19-e-24-25-maggio-torna-campagna-nazionale-della-focsiv\/\" \/>\n<meta property=\"og:site_name\" content=\"Testimonianza e Impegno sociale\" \/>\n<meta property=\"article:published_time\" content=\"2025-04-15T11:10:03+00:00\" \/>\n<meta property=\"article:modified_time\" content=\"2025-05-23T07:27:08+00:00\" \/>\n<meta property=\"og:image\" content=\"https:\/\/www.diocesitn.it\/area-testimonianza\/wp-content\/uploads\/sites\/37\/2025\/04\/Accri-riso-2025-scaled.jpg\" \/>\n\t<meta property=\"og:image:width\" content=\"2560\" \/>\n\t<meta property=\"og:image:height\" content=\"1709\" \/>\n\t<meta property=\"og:image:type\" content=\"image\/jpeg\" \/>\n<meta name=\"author\" content=\"smaule\" \/>\n<meta name=\"twitter:card\" content=\"summary_large_image\" \/>\n<meta name=\"twitter:label1\" content=\"Scritto da\" \/>\n\t<meta name=\"twitter:data1\" content=\"smaule\" \/>\n\t<meta name=\"twitter:label2\" content=\"Tempo di lettura stimato\" \/>\n\t<meta name=\"twitter:data2\" content=\"4 minuti\" \/>\n<script type=\"application\/ld+json\" class=\"yoast-schema-graph\">{\"@context\":\"https:\/\/schema.org\",\"@graph\":[{\"@type\":\"Article\",\"@id\":\"https:\/\/www.diocesitn.it\/area-testimonianza\/2025\/04\/15\/abbiamo-riso-per-una-cosa-seria-il-18-19-e-24-25-maggio-torna-campagna-nazionale-della-focsiv\/#article\",\"isPartOf\":{\"@id\":\"https:\/\/www.diocesitn.it\/area-testimonianza\/2025\/04\/15\/abbiamo-riso-per-una-cosa-seria-il-18-19-e-24-25-maggio-torna-campagna-nazionale-della-focsiv\/\"},\"author\":{\"name\":\"smaule\",\"@id\":\"https:\/\/www.diocesitn.it\/area-testimonianza\/#\/schema\/person\/bac489aafb7f98c1ca25f76c27174a95\"},\"headline\":\"Abbiamo riso per una cosa seria, il 17-18 e il 24-25 maggio torna campagna nazionale della FOCSIV\",\"datePublished\":\"2025-04-15T11:10:03+00:00\",\"dateModified\":\"2025-05-23T07:27:08+00:00\",\"mainEntityOfPage\":{\"@id\":\"https:\/\/www.diocesitn.it\/area-testimonianza\/2025\/04\/15\/abbiamo-riso-per-una-cosa-seria-il-18-19-e-24-25-maggio-torna-campagna-nazionale-della-focsiv\/\"},\"wordCount\":608,\"publisher\":{\"@id\":\"https:\/\/www.diocesitn.it\/area-testimonianza\/#organization\"},\"image\":{\"@id\":\"https:\/\/www.diocesitn.it\/area-testimonianza\/2025\/04\/15\/abbiamo-riso-per-una-cosa-seria-il-18-19-e-24-25-maggio-torna-campagna-nazionale-della-focsiv\/#primaryimage\"},\"thumbnailUrl\":\"https:\/\/www.diocesitn.it\/area-testimonianza\/wp-content\/uploads\/sites\/37\/2025\/04\/Accri-riso-2025-scaled.jpg\",\"keywords\":[\"abbiamo riso per una cosa seria\",\"ACCRI\"],\"articleSection\":[\"Notizie\",\"Pastorale Missionaria\"],\"inLanguage\":\"it-IT\",\"copyrightYear\":\"2025\",\"copyrightHolder\":{\"@id\":\"https:\/\/www.diocesitn.it\/#organization\"}},{\"@type\":\"WebPage\",\"@id\":\"https:\/\/www.diocesitn.it\/area-testimonianza\/2025\/04\/15\/abbiamo-riso-per-una-cosa-seria-il-18-19-e-24-25-maggio-torna-campagna-nazionale-della-focsiv\/\",\"url\":\"https:\/\/www.diocesitn.it\/area-testimonianza\/2025\/04\/15\/abbiamo-riso-per-una-cosa-seria-il-18-19-e-24-25-maggio-torna-campagna-nazionale-della-focsiv\/\",\"name\":\"Abbiamo riso per una cosa seria, il 17-18 e il 24-25 maggio torna campagna nazionale della FOCSIV - Testimonianza e Impegno sociale\",\"isPartOf\":{\"@id\":\"https:\/\/www.diocesitn.it\/area-testimonianza\/#website\"},\"primaryImageOfPage\":{\"@id\":\"https:\/\/www.diocesitn.it\/area-testimonianza\/2025\/04\/15\/abbiamo-riso-per-una-cosa-seria-il-18-19-e-24-25-maggio-torna-campagna-nazionale-della-focsiv\/#primaryimage\"},\"image\":{\"@id\":\"https:\/\/www.diocesitn.it\/area-testimonianza\/2025\/04\/15\/abbiamo-riso-per-una-cosa-seria-il-18-19-e-24-25-maggio-torna-campagna-nazionale-della-focsiv\/#primaryimage\"},\"thumbnailUrl\":\"https:\/\/www.diocesitn.it\/area-testimonianza\/wp-content\/uploads\/sites\/37\/2025\/04\/Accri-riso-2025-scaled.jpg\",\"datePublished\":\"2025-04-15T11:10:03+00:00\",\"dateModified\":\"2025-05-23T07:27:08+00:00\",\"description\":\"Dove acquistare il riso in Trentino per sostenere la campagna? Quale progetto finanzier\u00e0 Accri attraverso questa iniziativa?\",\"breadcrumb\":{\"@id\":\"https:\/\/www.diocesitn.it\/area-testimonianza\/2025\/04\/15\/abbiamo-riso-per-una-cosa-seria-il-18-19-e-24-25-maggio-torna-campagna-nazionale-della-focsiv\/#breadcrumb\"},\"inLanguage\":\"it-IT\",\"potentialAction\":[{\"@type\":\"ReadAction\",\"target\":[\"https:\/\/www.diocesitn.it\/area-testimonianza\/2025\/04\/15\/abbiamo-riso-per-una-cosa-seria-il-18-19-e-24-25-maggio-torna-campagna-nazionale-della-focsiv\/\"]}]},{\"@type\":\"ImageObject\",\"inLanguage\":\"it-IT\",\"@id\":\"https:\/\/www.diocesitn.it\/area-testimonianza\/2025\/04\/15\/abbiamo-riso-per-una-cosa-seria-il-18-19-e-24-25-maggio-torna-campagna-nazionale-della-focsiv\/#primaryimage\",\"url\":\"https:\/\/www.diocesitn.it\/area-testimonianza\/wp-content\/uploads\/sites\/37\/2025\/04\/Accri-riso-2025-scaled.jpg\",\"contentUrl\":\"https:\/\/www.diocesitn.it\/area-testimonianza\/wp-content\/uploads\/sites\/37\/2025\/04\/Accri-riso-2025-scaled.jpg\",\"width\":2560,\"height\":1709},{\"@type\":\"BreadcrumbList\",\"@id\":\"https:\/\/www.diocesitn.it\/area-testimonianza\/2025\/04\/15\/abbiamo-riso-per-una-cosa-seria-il-18-19-e-24-25-maggio-torna-campagna-nazionale-della-focsiv\/#breadcrumb\",\"itemListElement\":[{\"@type\":\"ListItem\",\"position\":1,\"name\":\"Home\",\"item\":\"https:\/\/www.diocesitn.it\/area-testimonianza\/\"},{\"@type\":\"ListItem\",\"position\":2,\"name\":\"Abbiamo riso per una cosa seria, il 17-18 e il 24-25 maggio torna campagna nazionale della FOCSIV\"}]},{\"@type\":\"WebSite\",\"@id\":\"https:\/\/www.diocesitn.it\/area-testimonianza\/#website\",\"url\":\"https:\/\/www.diocesitn.it\/area-testimonianza\/\",\"name\":\"Testimonianza e Impegno sociale\",\"description\":\"Chiesa di Trento\",\"publisher\":{\"@id\":\"https:\/\/www.diocesitn.it\/area-testimonianza\/#organization\"},\"potentialAction\":[{\"@type\":\"SearchAction\",\"target\":{\"@type\":\"EntryPoint\",\"urlTemplate\":\"https:\/\/www.diocesitn.it\/area-testimonianza\/?s={search_term_string}\"},\"query-input\":\"required name=search_term_string\"}],\"inLanguage\":\"it-IT\"},{\"@type\":[\"Organization\",\"Place\"],\"@id\":\"https:\/\/www.diocesitn.it\/area-testimonianza\/#organization\",\"name\":\"Area Testimonianza e Impegno Sociale - Chiesa di Trento\",\"url\":\"https:\/\/www.diocesitn.it\/area-testimonianza\/\",\"logo\":{\"@id\":\"https:\/\/www.diocesitn.it\/area-testimonianza\/2025\/04\/15\/abbiamo-riso-per-una-cosa-seria-il-18-19-e-24-25-maggio-torna-campagna-nazionale-della-focsiv\/#local-main-organization-logo\"},\"image\":{\"@id\":\"https:\/\/www.diocesitn.it\/area-testimonianza\/2025\/04\/15\/abbiamo-riso-per-una-cosa-seria-il-18-19-e-24-25-maggio-torna-campagna-nazionale-della-focsiv\/#local-main-organization-logo\"},\"openingHoursSpecification\":[{\"@type\":\"OpeningHoursSpecification\",\"dayOfWeek\":[\"Monday\",\"Tuesday\",\"Wednesday\",\"Thursday\",\"Friday\",\"Saturday\",\"Sunday\"],\"opens\":\"09:00\",\"closes\":\"17:00\"}]},{\"@type\":\"ImageObject\",\"inLanguage\":\"it-IT\",\"@id\":\"https:\/\/www.diocesitn.it\/area-testimonianza\/2025\/04\/15\/abbiamo-riso-per-una-cosa-seria-il-18-19-e-24-25-maggio-torna-campagna-nazionale-della-focsiv\/#local-main-organization-logo\",\"url\":\"https:\/\/www.diocesitn.it\/area-testimonianza\/wp-content\/uploads\/sites\/37\/2021\/09\/og-logo-testimonianza-e-impegno-sociale.jpg\",\"contentUrl\":\"https:\/\/www.diocesitn.it\/area-testimonianza\/wp-content\/uploads\/sites\/37\/2021\/09\/og-logo-testimonianza-e-impegno-sociale.jpg\",\"width\":1200,\"height\":630,\"caption\":\"Area Testimonianza e Impegno Sociale - Chiesa di Trento\"}]}<\/script>\n<!-- \/ Yoast SEO Premium plugin. -->","yoast_head_json":{"title":"Abbiamo riso per una cosa seria, il 17-18 e il 24-25 maggio torna campagna nazionale della FOCSIV - Testimonianza e Impegno sociale","description":"Dove acquistare il riso in Trentino per sostenere la campagna? Quale progetto finanzier\u00e0 Accri attraverso questa iniziativa?","robots":{"index":"index","follow":"follow","max-snippet":"max-snippet:-1","max-image-preview":"max-image-preview:large","max-video-preview":"max-video-preview:-1"},"canonical":"https:\/\/www.diocesitn.it\/area-testimonianza\/2025\/04\/15\/abbiamo-riso-per-una-cosa-seria-il-18-19-e-24-25-maggio-torna-campagna-nazionale-della-focsiv\/","og_locale":"it_IT","og_type":"article","og_title":"Abbiamo riso per una cosa seria, il 17-18 e il 24-25 maggio torna campagna nazionale della FOCSIV","og_description":"Dove acquistare il riso in Trentino per sostenere la campagna? Quale progetto finanzier\u00e0 Accri attraverso questa iniziativa?","og_url":"https:\/\/www.diocesitn.it\/area-testimonianza\/2025\/04\/15\/abbiamo-riso-per-una-cosa-seria-il-18-19-e-24-25-maggio-torna-campagna-nazionale-della-focsiv\/","og_site_name":"Testimonianza e Impegno sociale","article_published_time":"2025-04-15T11:10:03+00:00","article_modified_time":"2025-05-23T07:27:08+00:00","og_image":[{"width":2560,"height":1709,"url":"https:\/\/www.diocesitn.it\/area-testimonianza\/wp-content\/uploads\/sites\/37\/2025\/04\/Accri-riso-2025-scaled.jpg","type":"image\/jpeg"}],"author":"smaule","twitter_card":"summary_large_image","twitter_misc":{"Scritto da":"smaule","Tempo di lettura stimato":"4 minuti"},"schema":{"@context":"https:\/\/schema.org","@graph":[{"@type":"Article","@id":"https:\/\/www.diocesitn.it\/area-testimonianza\/2025\/04\/15\/abbiamo-riso-per-una-cosa-seria-il-18-19-e-24-25-maggio-torna-campagna-nazionale-della-focsiv\/#article","isPartOf":{"@id":"https:\/\/www.diocesitn.it\/area-testimonianza\/2025\/04\/15\/abbiamo-riso-per-una-cosa-seria-il-18-19-e-24-25-maggio-torna-campagna-nazionale-della-focsiv\/"},"author":{"name":"smaule","@id":"https:\/\/www.diocesitn.it\/area-testimonianza\/#\/schema\/person\/bac489aafb7f98c1ca25f76c27174a95"},"headline":"Abbiamo riso per una cosa seria, il 17-18 e il 24-25 maggio torna campagna nazionale della FOCSIV","datePublished":"2025-04-15T11:10:03+00:00","dateModified":"2025-05-23T07:27:08+00:00","mainEntityOfPage":{"@id":"https:\/\/www.diocesitn.it\/area-testimonianza\/2025\/04\/15\/abbiamo-riso-per-una-cosa-seria-il-18-19-e-24-25-maggio-torna-campagna-nazionale-della-focsiv\/"},"wordCount":608,"publisher":{"@id":"https:\/\/www.diocesitn.it\/area-testimonianza\/#organization"},"image":{"@id":"https:\/\/www.diocesitn.it\/area-testimonianza\/2025\/04\/15\/abbiamo-riso-per-una-cosa-seria-il-18-19-e-24-25-maggio-torna-campagna-nazionale-della-focsiv\/#primaryimage"},"thumbnailUrl":"https:\/\/www.diocesitn.it\/area-testimonianza\/wp-content\/uploads\/sites\/37\/2025\/04\/Accri-riso-2025-scaled.jpg","keywords":["abbiamo riso per una cosa seria","ACCRI"],"articleSection":["Notizie","Pastorale Missionaria"],"inLanguage":"it-IT","copyrightYear":"2025","copyrightHolder":{"@id":"https:\/\/www.diocesitn.it\/#organization"}},{"@type":"WebPage","@id":"https:\/\/www.diocesitn.it\/area-testimonianza\/2025\/04\/15\/abbiamo-riso-per-una-cosa-seria-il-18-19-e-24-25-maggio-torna-campagna-nazionale-della-focsiv\/","url":"https:\/\/www.diocesitn.it\/area-testimonianza\/2025\/04\/15\/abbiamo-riso-per-una-cosa-seria-il-18-19-e-24-25-maggio-torna-campagna-nazionale-della-focsiv\/","name":"Abbiamo riso per una cosa seria, il 17-18 e il 24-25 maggio torna campagna nazionale della FOCSIV - Testimonianza e Impegno sociale","isPartOf":{"@id":"https:\/\/www.diocesitn.it\/area-testimonianza\/#website"},"primaryImageOfPage":{"@id":"https:\/\/www.diocesitn.it\/area-testimonianza\/2025\/04\/15\/abbiamo-riso-per-una-cosa-seria-il-18-19-e-24-25-maggio-torna-campagna-nazionale-della-focsiv\/#primaryimage"},"image":{"@id":"https:\/\/www.diocesitn.it\/area-testimonianza\/2025\/04\/15\/abbiamo-riso-per-una-cosa-seria-il-18-19-e-24-25-maggio-torna-campagna-nazionale-della-focsiv\/#primaryimage"},"thumbnailUrl":"https:\/\/www.diocesitn.it\/area-testimonianza\/wp-content\/uploads\/sites\/37\/2025\/04\/Accri-riso-2025-scaled.jpg","datePublished":"2025-04-15T11:10:03+00:00","dateModified":"2025-05-23T07:27:08+00:00","description":"Dove acquistare il riso in Trentino per sostenere la campagna? Quale progetto finanzier\u00e0 Accri attraverso questa iniziativa?","breadcrumb":{"@id":"https:\/\/www.diocesitn.it\/area-testimonianza\/2025\/04\/15\/abbiamo-riso-per-una-cosa-seria-il-18-19-e-24-25-maggio-torna-campagna-nazionale-della-focsiv\/#breadcrumb"},"inLanguage":"it-IT","potentialAction":[{"@type":"ReadAction","target":["https:\/\/www.diocesitn.it\/area-testimonianza\/2025\/04\/15\/abbiamo-riso-per-una-cosa-seria-il-18-19-e-24-25-maggio-torna-campagna-nazionale-della-focsiv\/"]}]},{"@type":"ImageObject","inLanguage":"it-IT","@id":"https:\/\/www.diocesitn.it\/area-testimonianza\/2025\/04\/15\/abbiamo-riso-per-una-cosa-seria-il-18-19-e-24-25-maggio-torna-campagna-nazionale-della-focsiv\/#primaryimage","url":"https:\/\/www.diocesitn.it\/area-testimonianza\/wp-content\/uploads\/sites\/37\/2025\/04\/Accri-riso-2025-scaled.jpg","contentUrl":"https:\/\/www.diocesitn.it\/area-testimonianza\/wp-content\/uploads\/sites\/37\/2025\/04\/Accri-riso-2025-scaled.jpg","width":2560,"height":1709},{"@type":"BreadcrumbList","@id":"https:\/\/www.diocesitn.it\/area-testimonianza\/2025\/04\/15\/abbiamo-riso-per-una-cosa-seria-il-18-19-e-24-25-maggio-torna-campagna-nazionale-della-focsiv\/#breadcrumb","itemListElement":[{"@type":"ListItem","position":1,"name":"Home","item":"https:\/\/www.diocesitn.it\/area-testimonianza\/"},{"@type":"ListItem","position":2,"name":"Abbiamo riso per una cosa seria, il 17-18 e il 24-25 maggio torna campagna nazionale della FOCSIV"}]},{"@type":"WebSite","@id":"https:\/\/www.diocesitn.it\/area-testimonianza\/#website","url":"https:\/\/www.diocesitn.it\/area-testimonianza\/","name":"Testimonianza e Impegno sociale","description":"Chiesa di Trento","publisher":{"@id":"https:\/\/www.diocesitn.it\/area-testimonianza\/#organization"},"potentialAction":[{"@type":"SearchAction","target":{"@type":"EntryPoint","urlTemplate":"https:\/\/www.diocesitn.it\/area-testimonianza\/?s={search_term_string}"},"query-input":"required name=search_term_string"}],"inLanguage":"it-IT"},{"@type":["Organization","Place"],"@id":"https:\/\/www.diocesitn.it\/area-testimonianza\/#organization","name":"Area Testimonianza e Impegno Sociale - Chiesa di Trento","url":"https:\/\/www.diocesitn.it\/area-testimonianza\/","logo":{"@id":"https:\/\/www.diocesitn.it\/area-testimonianza\/2025\/04\/15\/abbiamo-riso-per-una-cosa-seria-il-18-19-e-24-25-maggio-torna-campagna-nazionale-della-focsiv\/#local-main-organization-logo"},"image":{"@id":"https:\/\/www.diocesitn.it\/area-testimonianza\/2025\/04\/15\/abbiamo-riso-per-una-cosa-seria-il-18-19-e-24-25-maggio-torna-campagna-nazionale-della-focsiv\/#local-main-organization-logo"},"openingHoursSpecification":[{"@type":"OpeningHoursSpecification","dayOfWeek":["Monday","Tuesday","Wednesday","Thursday","Friday","Saturday","Sunday"],"opens":"09:00","closes":"17:00"}]},{"@type":"ImageObject","inLanguage":"it-IT","@id":"https:\/\/www.diocesitn.it\/area-testimonianza\/2025\/04\/15\/abbiamo-riso-per-una-cosa-seria-il-18-19-e-24-25-maggio-torna-campagna-nazionale-della-focsiv\/#local-main-organization-logo","url":"https:\/\/www.diocesitn.it\/area-testimonianza\/wp-content\/uploads\/sites\/37\/2021\/09\/og-logo-testimonianza-e-impegno-sociale.jpg","contentUrl":"https:\/\/www.diocesitn.it\/area-testimonianza\/wp-content\/uploads\/sites\/37\/2021\/09\/og-logo-testimonianza-e-impegno-sociale.jpg","width":1200,"height":630,"caption":"Area Testimonianza e Impegno Sociale - Chiesa di Trento"}]}},"_links":{"self":[{"href":"https:\/\/www.diocesitn.it\/area-testimonianza\/wp-json\/wp\/v2\/posts\/17540","targetHints":{"allow":["GET"]}}],"collection":[{"href":"https:\/\/www.diocesitn.it\/area-testimonianza\/wp-json\/wp\/v2\/posts"}],"about":[{"href":"https:\/\/www.diocesitn.it\/area-testimonianza\/wp-json\/wp\/v2\/types\/post"}],"author":[{"embeddable":true,"href":"https:\/\/www.diocesitn.it\/area-testimonianza\/wp-json\/wp\/v2\/users\/161"}],"replies":[{"embeddable":true,"href":"https:\/\/www.diocesitn.it\/area-testimonianza\/wp-json\/wp\/v2\/comments?post=17540"}],"version-history":[{"count":3,"href":"https:\/\/www.diocesitn.it\/area-testimonianza\/wp-json\/wp\/v2\/posts\/17540\/revisions"}],"predecessor-version":[{"id":17586,"href":"https:\/\/www.diocesitn.it\/area-testimonianza\/wp-json\/wp\/v2\/posts\/17540\/revisions\/17586"}],"wp:featuredmedia":[{"embeddable":true,"href":"https:\/\/www.diocesitn.it\/area-testimonianza\/wp-json\/wp\/v2\/media\/17541"}],"wp:attachment":[{"href":"https:\/\/www.diocesitn.it\/area-testimonianza\/wp-json\/wp\/v2\/media?parent=17540"}],"wp:term":[{"taxonomy":"category","embeddable":true,"href":"https:\/\/www.diocesitn.it\/area-testimonianza\/wp-json\/wp\/v2\/categories?post=17540"},{"taxonomy":"post_tag","embeddable":true,"href":"https:\/\/www.diocesitn.it\/area-testimonianza\/wp-json\/wp\/v2\/tags?post=17540"}],"curies":[{"name":"wp","href":"https:\/\/api.w.org\/{rel}","templated":true}]}}