{"id":17493,"date":"2025-03-30T07:11:47","date_gmt":"2025-03-30T05:11:47","guid":{"rendered":"https:\/\/www.diocesitn.it\/area-testimonianza\/2025\/03\/30\/fine-ramadan-messaggio-dellarcivescovo-lauro-alle-comunita-islamiche-facciamo-risuonare-solo-parole-di-pace\/"},"modified":"2025-04-07T16:52:42","modified_gmt":"2025-04-07T14:52:42","slug":"fine-ramadan-messaggio-dellarcivescovo-lauro-alle-comunita-islamiche-facciamo-risuonare-solo-parole-di-pace","status":"publish","type":"post","link":"https:\/\/www.diocesitn.it\/area-testimonianza\/2025\/03\/30\/fine-ramadan-messaggio-dellarcivescovo-lauro-alle-comunita-islamiche-facciamo-risuonare-solo-parole-di-pace\/","title":{"rendered":"Fine Ramadan, messaggio dell\u2019arcivescovo Lauro alle comunit\u00e0 islamiche: \u201cFacciamo risuonare solo parole di pace\u201d"},"content":{"rendered":"<p>In occasione della fine del mese di Ramadan (30 marzo), l\u2019arcivescovo di Trento Lauro Tisi ha inviato il suo consueto messaggio alle Comunit\u00e0 islamiche presenti in Trentino. Ecco il testo integrale:<\/p>\n<p>\u201cCarissimi Presidenti delle Comunit\u00e0 Islamiche presenti sul nostro territorio, carissimi Imam,<br \/>\ncarissimi Fedeli,<br \/>\ncome gli anni scorsi, anche quest&#8217;anno desidero arrivare a Voi al termine del Mese di Ramadan, con un saluto e un augurio di pace.<br \/>\nMi sembra sempre pi\u00f9 evidente come, di fronte al continuo scatenarsi di scenari di guerra, di sopruso, di morte, di distruzione e di cattiveria, la testimonianza che ci si attende dai credenti sia quella della concordia e della fratellanza: gli unici sentimenti capaci di costruire la base per una<br \/>\npace vera e giusta. Forse dico parole scontate: parlare di pace, di giustizia, di concordia sembra quanto mai formale al giorno d&#8217;oggi; eppure, credo &#8211; e sono convinto che lo crediate anche Voi &#8211;<br \/>\nche le parole della pace siano proprio le uniche che ogni fedele possiede nel pi\u00f9 profondo del suo cuore credente, al di l\u00e0 della fede che professa. Desidero tanto, quindi, che nelle nostre Comunit\u00e0,<br \/>\nsiano esse islamiche o cristiane o di qualsiasi altra fede, possano risuonare solo queste parole di pace, e che questo sia il nostro impegno, il nostro appello, la nostra responsabilit\u00e0 condivisa.<br \/>\nCarissimi tutti, prego il Signore Onnipotente che conceda a tutti noi il coraggio di essere donne e uomini di pace: nelle nostre Comunit\u00e0 di fede, nella nostra societ\u00e0 politica e civile, presso tutte le<br \/>\ncittadine e tutti i cittadini del nostro territorio.<br \/>\nBuona conclusione di Ramadan, buona continuazione di cammino e grazie per la Vostra preziosa testimonianza!\u201d<\/p>\n","protected":false},"excerpt":{"rendered":"<p>In occasione della fine del mese di Ramadan (30 marzo), l\u2019arcivescovo di Trento Lauro Tisi ha inviato il suo consueto messaggio alle Comunit\u00e0 islamiche presenti in Trentino. Ecco il testo integrale: \u201cCarissimi Presidenti delle Comunit\u00e0<\/p>\n","protected":false},"author":3,"featured_media":17494,"comment_status":"closed","ping_status":"closed","sticky":false,"template":"","format":"standard","meta":{"footnotes":""},"categories":[1130,1074],"tags":[2071],"class_list":["post-17493","post","type-post","status-publish","format-standard","has-post-thumbnail","hentry","category-servizio-ecumenismo-e-dialogo","category-notizie","tag-ramadan"],"acf":{"seed-localization-paese-cod":"IT","seed-localization-address":"","seed-localization-citta":"Trento","seed-localization-regione-cod-istat":"04","seed-localization-citta-cod-istat":"022205","seed-localization-localita":"","seed-localization-cap":"","seed-localization-marker-visibility":false,"seed-localization-children-visibility":false,"seed-localization-kml":"","seed-localization-custom-marker":""},"yoast_head":"<!-- This site is optimized with the Yoast SEO Premium plugin v20.2.1 (Yoast SEO v22.2) - https:\/\/yoast.com\/wordpress\/plugins\/seo\/ -->\n<title>Fine Ramadan, messaggio vescovo Lauro: solo parole di pace - Testimonianza e Impegno sociale<\/title>\n<meta name=\"description\" content=\"Fine Ramadan, messaggio dell\u2019arcivescovo Lauro alle comunit\u00e0 islamiche: \u201cFacciamo risuonare solo parole di pace\u201d\" \/>\n<meta name=\"robots\" content=\"index, follow, max-snippet:-1, max-image-preview:large, max-video-preview:-1\" \/>\n<link rel=\"canonical\" href=\"https:\/\/www.diocesitn.it\/area-testimonianza\/2025\/03\/30\/fine-ramadan-messaggio-dellarcivescovo-lauro-alle-comunita-islamiche-facciamo-risuonare-solo-parole-di-pace\/\" \/>\n<meta property=\"og:locale\" content=\"it_IT\" \/>\n<meta property=\"og:type\" content=\"article\" \/>\n<meta property=\"og:title\" content=\"Fine Ramadan, messaggio dell\u2019arcivescovo Lauro alle comunit\u00e0 islamiche: \u201cFacciamo risuonare solo parole di pace\u201d\" \/>\n<meta property=\"og:description\" content=\"Fine Ramadan, messaggio dell\u2019arcivescovo Lauro alle comunit\u00e0 islamiche: \u201cFacciamo risuonare solo parole di pace\u201d\" \/>\n<meta property=\"og:url\" content=\"https:\/\/www.diocesitn.it\/area-testimonianza\/2025\/03\/30\/fine-ramadan-messaggio-dellarcivescovo-lauro-alle-comunita-islamiche-facciamo-risuonare-solo-parole-di-pace\/\" \/>\n<meta property=\"og:site_name\" content=\"Testimonianza e Impegno sociale\" \/>\n<meta property=\"article:published_time\" content=\"2025-03-30T05:11:47+00:00\" \/>\n<meta property=\"article:modified_time\" content=\"2025-04-07T14:52:42+00:00\" \/>\n<meta property=\"og:image\" content=\"https:\/\/www.diocesitn.it\/area-testimonianza\/wp-content\/uploads\/sites\/37\/2025\/03\/vescovo_islam_aprile2023_5-1-800x450-1.jpg\" \/>\n\t<meta property=\"og:image:width\" content=\"800\" \/>\n\t<meta property=\"og:image:height\" content=\"450\" \/>\n\t<meta property=\"og:image:type\" content=\"image\/jpeg\" \/>\n<meta name=\"author\" content=\"Piergiorgio Franceschini\" \/>\n<meta name=\"twitter:card\" content=\"summary_large_image\" \/>\n<meta name=\"twitter:label1\" content=\"Scritto da\" \/>\n\t<meta name=\"twitter:data1\" content=\"Piergiorgio Franceschini\" \/>\n\t<meta name=\"twitter:label2\" content=\"Tempo di lettura stimato\" \/>\n\t<meta name=\"twitter:data2\" content=\"2 minuti\" \/>\n<script type=\"application\/ld+json\" class=\"yoast-schema-graph\">{\"@context\":\"https:\/\/schema.org\",\"@graph\":[{\"@type\":\"Article\",\"@id\":\"https:\/\/www.diocesitn.it\/area-testimonianza\/2025\/03\/30\/fine-ramadan-messaggio-dellarcivescovo-lauro-alle-comunita-islamiche-facciamo-risuonare-solo-parole-di-pace\/#article\",\"isPartOf\":{\"@id\":\"https:\/\/www.diocesitn.it\/area-testimonianza\/2025\/03\/30\/fine-ramadan-messaggio-dellarcivescovo-lauro-alle-comunita-islamiche-facciamo-risuonare-solo-parole-di-pace\/\"},\"author\":{\"name\":\"Piergiorgio Franceschini\",\"@id\":\"https:\/\/www.diocesitn.it\/area-testimonianza\/#\/schema\/person\/99590c84577873a025247b6aeb16ad2e\"},\"headline\":\"Fine Ramadan, messaggio dell\u2019arcivescovo Lauro alle comunit\u00e0 islamiche: \u201cFacciamo risuonare solo parole di pace\u201d\",\"datePublished\":\"2025-03-30T05:11:47+00:00\",\"dateModified\":\"2025-04-07T14:52:42+00:00\",\"mainEntityOfPage\":{\"@id\":\"https:\/\/www.diocesitn.it\/area-testimonianza\/2025\/03\/30\/fine-ramadan-messaggio-dellarcivescovo-lauro-alle-comunita-islamiche-facciamo-risuonare-solo-parole-di-pace\/\"},\"wordCount\":288,\"publisher\":{\"@id\":\"https:\/\/www.diocesitn.it\/area-testimonianza\/#organization\"},\"image\":{\"@id\":\"https:\/\/www.diocesitn.it\/area-testimonianza\/2025\/03\/30\/fine-ramadan-messaggio-dellarcivescovo-lauro-alle-comunita-islamiche-facciamo-risuonare-solo-parole-di-pace\/#primaryimage\"},\"thumbnailUrl\":\"https:\/\/www.diocesitn.it\/area-testimonianza\/wp-content\/uploads\/sites\/37\/2025\/03\/vescovo_islam_aprile2023_5-1-800x450-1.jpg\",\"keywords\":[\"ramadan\"],\"articleSection\":[\"Ecumenismo e Dialogo interreligioso\",\"Notizie\"],\"inLanguage\":\"it-IT\",\"copyrightYear\":\"2025\",\"copyrightHolder\":{\"@id\":\"https:\/\/www.diocesitn.it\/#organization\"}},{\"@type\":\"WebPage\",\"@id\":\"https:\/\/www.diocesitn.it\/area-testimonianza\/2025\/03\/30\/fine-ramadan-messaggio-dellarcivescovo-lauro-alle-comunita-islamiche-facciamo-risuonare-solo-parole-di-pace\/\",\"url\":\"https:\/\/www.diocesitn.it\/area-testimonianza\/2025\/03\/30\/fine-ramadan-messaggio-dellarcivescovo-lauro-alle-comunita-islamiche-facciamo-risuonare-solo-parole-di-pace\/\",\"name\":\"Fine Ramadan, messaggio vescovo Lauro: solo parole di pace - Testimonianza e Impegno sociale\",\"isPartOf\":{\"@id\":\"https:\/\/www.diocesitn.it\/area-testimonianza\/#website\"},\"primaryImageOfPage\":{\"@id\":\"https:\/\/www.diocesitn.it\/area-testimonianza\/2025\/03\/30\/fine-ramadan-messaggio-dellarcivescovo-lauro-alle-comunita-islamiche-facciamo-risuonare-solo-parole-di-pace\/#primaryimage\"},\"image\":{\"@id\":\"https:\/\/www.diocesitn.it\/area-testimonianza\/2025\/03\/30\/fine-ramadan-messaggio-dellarcivescovo-lauro-alle-comunita-islamiche-facciamo-risuonare-solo-parole-di-pace\/#primaryimage\"},\"thumbnailUrl\":\"https:\/\/www.diocesitn.it\/area-testimonianza\/wp-content\/uploads\/sites\/37\/2025\/03\/vescovo_islam_aprile2023_5-1-800x450-1.jpg\",\"datePublished\":\"2025-03-30T05:11:47+00:00\",\"dateModified\":\"2025-04-07T14:52:42+00:00\",\"description\":\"Fine Ramadan, messaggio dell\u2019arcivescovo Lauro alle comunit\u00e0 islamiche: \u201cFacciamo risuonare solo parole di pace\u201d\",\"breadcrumb\":{\"@id\":\"https:\/\/www.diocesitn.it\/area-testimonianza\/2025\/03\/30\/fine-ramadan-messaggio-dellarcivescovo-lauro-alle-comunita-islamiche-facciamo-risuonare-solo-parole-di-pace\/#breadcrumb\"},\"inLanguage\":\"it-IT\",\"potentialAction\":[{\"@type\":\"ReadAction\",\"target\":[\"https:\/\/www.diocesitn.it\/area-testimonianza\/2025\/03\/30\/fine-ramadan-messaggio-dellarcivescovo-lauro-alle-comunita-islamiche-facciamo-risuonare-solo-parole-di-pace\/\"]}]},{\"@type\":\"ImageObject\",\"inLanguage\":\"it-IT\",\"@id\":\"https:\/\/www.diocesitn.it\/area-testimonianza\/2025\/03\/30\/fine-ramadan-messaggio-dellarcivescovo-lauro-alle-comunita-islamiche-facciamo-risuonare-solo-parole-di-pace\/#primaryimage\",\"url\":\"https:\/\/www.diocesitn.it\/area-testimonianza\/wp-content\/uploads\/sites\/37\/2025\/03\/vescovo_islam_aprile2023_5-1-800x450-1.jpg\",\"contentUrl\":\"https:\/\/www.diocesitn.it\/area-testimonianza\/wp-content\/uploads\/sites\/37\/2025\/03\/vescovo_islam_aprile2023_5-1-800x450-1.jpg\",\"width\":800,\"height\":450},{\"@type\":\"BreadcrumbList\",\"@id\":\"https:\/\/www.diocesitn.it\/area-testimonianza\/2025\/03\/30\/fine-ramadan-messaggio-dellarcivescovo-lauro-alle-comunita-islamiche-facciamo-risuonare-solo-parole-di-pace\/#breadcrumb\",\"itemListElement\":[{\"@type\":\"ListItem\",\"position\":1,\"name\":\"Home\",\"item\":\"https:\/\/www.diocesitn.it\/area-testimonianza\/\"},{\"@type\":\"ListItem\",\"position\":2,\"name\":\"Fine Ramadan, messaggio dell\u2019arcivescovo Lauro alle comunit\u00e0 islamiche: \u201cFacciamo risuonare solo parole di pace\u201d\"}]},{\"@type\":\"WebSite\",\"@id\":\"https:\/\/www.diocesitn.it\/area-testimonianza\/#website\",\"url\":\"https:\/\/www.diocesitn.it\/area-testimonianza\/\",\"name\":\"Testimonianza e Impegno sociale\",\"description\":\"Chiesa di Trento\",\"publisher\":{\"@id\":\"https:\/\/www.diocesitn.it\/area-testimonianza\/#organization\"},\"potentialAction\":[{\"@type\":\"SearchAction\",\"target\":{\"@type\":\"EntryPoint\",\"urlTemplate\":\"https:\/\/www.diocesitn.it\/area-testimonianza\/?s={search_term_string}\"},\"query-input\":\"required name=search_term_string\"}],\"inLanguage\":\"it-IT\"},{\"@type\":[\"Organization\",\"Place\"],\"@id\":\"https:\/\/www.diocesitn.it\/area-testimonianza\/#organization\",\"name\":\"Area Testimonianza e Impegno Sociale - Chiesa di Trento\",\"url\":\"https:\/\/www.diocesitn.it\/area-testimonianza\/\",\"logo\":{\"@id\":\"https:\/\/www.diocesitn.it\/area-testimonianza\/2025\/03\/30\/fine-ramadan-messaggio-dellarcivescovo-lauro-alle-comunita-islamiche-facciamo-risuonare-solo-parole-di-pace\/#local-main-organization-logo\"},\"image\":{\"@id\":\"https:\/\/www.diocesitn.it\/area-testimonianza\/2025\/03\/30\/fine-ramadan-messaggio-dellarcivescovo-lauro-alle-comunita-islamiche-facciamo-risuonare-solo-parole-di-pace\/#local-main-organization-logo\"},\"openingHoursSpecification\":[{\"@type\":\"OpeningHoursSpecification\",\"dayOfWeek\":[\"Monday\",\"Tuesday\",\"Wednesday\",\"Thursday\",\"Friday\",\"Saturday\",\"Sunday\"],\"opens\":\"09:00\",\"closes\":\"17:00\"}]},{\"@type\":\"ImageObject\",\"inLanguage\":\"it-IT\",\"@id\":\"https:\/\/www.diocesitn.it\/area-testimonianza\/2025\/03\/30\/fine-ramadan-messaggio-dellarcivescovo-lauro-alle-comunita-islamiche-facciamo-risuonare-solo-parole-di-pace\/#local-main-organization-logo\",\"url\":\"https:\/\/www.diocesitn.it\/area-testimonianza\/wp-content\/uploads\/sites\/37\/2021\/09\/og-logo-testimonianza-e-impegno-sociale.jpg\",\"contentUrl\":\"https:\/\/www.diocesitn.it\/area-testimonianza\/wp-content\/uploads\/sites\/37\/2021\/09\/og-logo-testimonianza-e-impegno-sociale.jpg\",\"width\":1200,\"height\":630,\"caption\":\"Area Testimonianza e Impegno Sociale - Chiesa di Trento\"}]}<\/script>\n<!-- \/ Yoast SEO Premium plugin. -->","yoast_head_json":{"title":"Fine Ramadan, messaggio vescovo Lauro: solo parole di pace - Testimonianza e Impegno sociale","description":"Fine Ramadan, messaggio dell\u2019arcivescovo Lauro alle comunit\u00e0 islamiche: \u201cFacciamo risuonare solo parole di pace\u201d","robots":{"index":"index","follow":"follow","max-snippet":"max-snippet:-1","max-image-preview":"max-image-preview:large","max-video-preview":"max-video-preview:-1"},"canonical":"https:\/\/www.diocesitn.it\/area-testimonianza\/2025\/03\/30\/fine-ramadan-messaggio-dellarcivescovo-lauro-alle-comunita-islamiche-facciamo-risuonare-solo-parole-di-pace\/","og_locale":"it_IT","og_type":"article","og_title":"Fine Ramadan, messaggio dell\u2019arcivescovo Lauro alle comunit\u00e0 islamiche: \u201cFacciamo risuonare solo parole di pace\u201d","og_description":"Fine Ramadan, messaggio dell\u2019arcivescovo Lauro alle comunit\u00e0 islamiche: \u201cFacciamo risuonare solo parole di pace\u201d","og_url":"https:\/\/www.diocesitn.it\/area-testimonianza\/2025\/03\/30\/fine-ramadan-messaggio-dellarcivescovo-lauro-alle-comunita-islamiche-facciamo-risuonare-solo-parole-di-pace\/","og_site_name":"Testimonianza e Impegno sociale","article_published_time":"2025-03-30T05:11:47+00:00","article_modified_time":"2025-04-07T14:52:42+00:00","og_image":[{"width":800,"height":450,"url":"https:\/\/www.diocesitn.it\/area-testimonianza\/wp-content\/uploads\/sites\/37\/2025\/03\/vescovo_islam_aprile2023_5-1-800x450-1.jpg","type":"image\/jpeg"}],"author":"Piergiorgio Franceschini","twitter_card":"summary_large_image","twitter_misc":{"Scritto da":"Piergiorgio Franceschini","Tempo di lettura stimato":"2 minuti"},"schema":{"@context":"https:\/\/schema.org","@graph":[{"@type":"Article","@id":"https:\/\/www.diocesitn.it\/area-testimonianza\/2025\/03\/30\/fine-ramadan-messaggio-dellarcivescovo-lauro-alle-comunita-islamiche-facciamo-risuonare-solo-parole-di-pace\/#article","isPartOf":{"@id":"https:\/\/www.diocesitn.it\/area-testimonianza\/2025\/03\/30\/fine-ramadan-messaggio-dellarcivescovo-lauro-alle-comunita-islamiche-facciamo-risuonare-solo-parole-di-pace\/"},"author":{"name":"Piergiorgio Franceschini","@id":"https:\/\/www.diocesitn.it\/area-testimonianza\/#\/schema\/person\/99590c84577873a025247b6aeb16ad2e"},"headline":"Fine Ramadan, messaggio dell\u2019arcivescovo Lauro alle comunit\u00e0 islamiche: \u201cFacciamo risuonare solo parole di pace\u201d","datePublished":"2025-03-30T05:11:47+00:00","dateModified":"2025-04-07T14:52:42+00:00","mainEntityOfPage":{"@id":"https:\/\/www.diocesitn.it\/area-testimonianza\/2025\/03\/30\/fine-ramadan-messaggio-dellarcivescovo-lauro-alle-comunita-islamiche-facciamo-risuonare-solo-parole-di-pace\/"},"wordCount":288,"publisher":{"@id":"https:\/\/www.diocesitn.it\/area-testimonianza\/#organization"},"image":{"@id":"https:\/\/www.diocesitn.it\/area-testimonianza\/2025\/03\/30\/fine-ramadan-messaggio-dellarcivescovo-lauro-alle-comunita-islamiche-facciamo-risuonare-solo-parole-di-pace\/#primaryimage"},"thumbnailUrl":"https:\/\/www.diocesitn.it\/area-testimonianza\/wp-content\/uploads\/sites\/37\/2025\/03\/vescovo_islam_aprile2023_5-1-800x450-1.jpg","keywords":["ramadan"],"articleSection":["Ecumenismo e Dialogo interreligioso","Notizie"],"inLanguage":"it-IT","copyrightYear":"2025","copyrightHolder":{"@id":"https:\/\/www.diocesitn.it\/#organization"}},{"@type":"WebPage","@id":"https:\/\/www.diocesitn.it\/area-testimonianza\/2025\/03\/30\/fine-ramadan-messaggio-dellarcivescovo-lauro-alle-comunita-islamiche-facciamo-risuonare-solo-parole-di-pace\/","url":"https:\/\/www.diocesitn.it\/area-testimonianza\/2025\/03\/30\/fine-ramadan-messaggio-dellarcivescovo-lauro-alle-comunita-islamiche-facciamo-risuonare-solo-parole-di-pace\/","name":"Fine Ramadan, messaggio vescovo Lauro: solo parole di pace - Testimonianza e Impegno sociale","isPartOf":{"@id":"https:\/\/www.diocesitn.it\/area-testimonianza\/#website"},"primaryImageOfPage":{"@id":"https:\/\/www.diocesitn.it\/area-testimonianza\/2025\/03\/30\/fine-ramadan-messaggio-dellarcivescovo-lauro-alle-comunita-islamiche-facciamo-risuonare-solo-parole-di-pace\/#primaryimage"},"image":{"@id":"https:\/\/www.diocesitn.it\/area-testimonianza\/2025\/03\/30\/fine-ramadan-messaggio-dellarcivescovo-lauro-alle-comunita-islamiche-facciamo-risuonare-solo-parole-di-pace\/#primaryimage"},"thumbnailUrl":"https:\/\/www.diocesitn.it\/area-testimonianza\/wp-content\/uploads\/sites\/37\/2025\/03\/vescovo_islam_aprile2023_5-1-800x450-1.jpg","datePublished":"2025-03-30T05:11:47+00:00","dateModified":"2025-04-07T14:52:42+00:00","description":"Fine Ramadan, messaggio dell\u2019arcivescovo Lauro alle comunit\u00e0 islamiche: \u201cFacciamo risuonare solo parole di pace\u201d","breadcrumb":{"@id":"https:\/\/www.diocesitn.it\/area-testimonianza\/2025\/03\/30\/fine-ramadan-messaggio-dellarcivescovo-lauro-alle-comunita-islamiche-facciamo-risuonare-solo-parole-di-pace\/#breadcrumb"},"inLanguage":"it-IT","potentialAction":[{"@type":"ReadAction","target":["https:\/\/www.diocesitn.it\/area-testimonianza\/2025\/03\/30\/fine-ramadan-messaggio-dellarcivescovo-lauro-alle-comunita-islamiche-facciamo-risuonare-solo-parole-di-pace\/"]}]},{"@type":"ImageObject","inLanguage":"it-IT","@id":"https:\/\/www.diocesitn.it\/area-testimonianza\/2025\/03\/30\/fine-ramadan-messaggio-dellarcivescovo-lauro-alle-comunita-islamiche-facciamo-risuonare-solo-parole-di-pace\/#primaryimage","url":"https:\/\/www.diocesitn.it\/area-testimonianza\/wp-content\/uploads\/sites\/37\/2025\/03\/vescovo_islam_aprile2023_5-1-800x450-1.jpg","contentUrl":"https:\/\/www.diocesitn.it\/area-testimonianza\/wp-content\/uploads\/sites\/37\/2025\/03\/vescovo_islam_aprile2023_5-1-800x450-1.jpg","width":800,"height":450},{"@type":"BreadcrumbList","@id":"https:\/\/www.diocesitn.it\/area-testimonianza\/2025\/03\/30\/fine-ramadan-messaggio-dellarcivescovo-lauro-alle-comunita-islamiche-facciamo-risuonare-solo-parole-di-pace\/#breadcrumb","itemListElement":[{"@type":"ListItem","position":1,"name":"Home","item":"https:\/\/www.diocesitn.it\/area-testimonianza\/"},{"@type":"ListItem","position":2,"name":"Fine Ramadan, messaggio dell\u2019arcivescovo Lauro alle comunit\u00e0 islamiche: \u201cFacciamo risuonare solo parole di pace\u201d"}]},{"@type":"WebSite","@id":"https:\/\/www.diocesitn.it\/area-testimonianza\/#website","url":"https:\/\/www.diocesitn.it\/area-testimonianza\/","name":"Testimonianza e Impegno sociale","description":"Chiesa di Trento","publisher":{"@id":"https:\/\/www.diocesitn.it\/area-testimonianza\/#organization"},"potentialAction":[{"@type":"SearchAction","target":{"@type":"EntryPoint","urlTemplate":"https:\/\/www.diocesitn.it\/area-testimonianza\/?s={search_term_string}"},"query-input":"required name=search_term_string"}],"inLanguage":"it-IT"},{"@type":["Organization","Place"],"@id":"https:\/\/www.diocesitn.it\/area-testimonianza\/#organization","name":"Area Testimonianza e Impegno Sociale - Chiesa di Trento","url":"https:\/\/www.diocesitn.it\/area-testimonianza\/","logo":{"@id":"https:\/\/www.diocesitn.it\/area-testimonianza\/2025\/03\/30\/fine-ramadan-messaggio-dellarcivescovo-lauro-alle-comunita-islamiche-facciamo-risuonare-solo-parole-di-pace\/#local-main-organization-logo"},"image":{"@id":"https:\/\/www.diocesitn.it\/area-testimonianza\/2025\/03\/30\/fine-ramadan-messaggio-dellarcivescovo-lauro-alle-comunita-islamiche-facciamo-risuonare-solo-parole-di-pace\/#local-main-organization-logo"},"openingHoursSpecification":[{"@type":"OpeningHoursSpecification","dayOfWeek":["Monday","Tuesday","Wednesday","Thursday","Friday","Saturday","Sunday"],"opens":"09:00","closes":"17:00"}]},{"@type":"ImageObject","inLanguage":"it-IT","@id":"https:\/\/www.diocesitn.it\/area-testimonianza\/2025\/03\/30\/fine-ramadan-messaggio-dellarcivescovo-lauro-alle-comunita-islamiche-facciamo-risuonare-solo-parole-di-pace\/#local-main-organization-logo","url":"https:\/\/www.diocesitn.it\/area-testimonianza\/wp-content\/uploads\/sites\/37\/2021\/09\/og-logo-testimonianza-e-impegno-sociale.jpg","contentUrl":"https:\/\/www.diocesitn.it\/area-testimonianza\/wp-content\/uploads\/sites\/37\/2021\/09\/og-logo-testimonianza-e-impegno-sociale.jpg","width":1200,"height":630,"caption":"Area Testimonianza e Impegno Sociale - Chiesa di Trento"}]}},"_links":{"self":[{"href":"https:\/\/www.diocesitn.it\/area-testimonianza\/wp-json\/wp\/v2\/posts\/17493","targetHints":{"allow":["GET"]}}],"collection":[{"href":"https:\/\/www.diocesitn.it\/area-testimonianza\/wp-json\/wp\/v2\/posts"}],"about":[{"href":"https:\/\/www.diocesitn.it\/area-testimonianza\/wp-json\/wp\/v2\/types\/post"}],"author":[{"embeddable":true,"href":"https:\/\/www.diocesitn.it\/area-testimonianza\/wp-json\/wp\/v2\/users\/3"}],"replies":[{"embeddable":true,"href":"https:\/\/www.diocesitn.it\/area-testimonianza\/wp-json\/wp\/v2\/comments?post=17493"}],"version-history":[{"count":1,"href":"https:\/\/www.diocesitn.it\/area-testimonianza\/wp-json\/wp\/v2\/posts\/17493\/revisions"}],"predecessor-version":[{"id":17495,"href":"https:\/\/www.diocesitn.it\/area-testimonianza\/wp-json\/wp\/v2\/posts\/17493\/revisions\/17495"}],"wp:featuredmedia":[{"embeddable":true,"href":"https:\/\/www.diocesitn.it\/area-testimonianza\/wp-json\/wp\/v2\/media\/17494"}],"wp:attachment":[{"href":"https:\/\/www.diocesitn.it\/area-testimonianza\/wp-json\/wp\/v2\/media?parent=17493"}],"wp:term":[{"taxonomy":"category","embeddable":true,"href":"https:\/\/www.diocesitn.it\/area-testimonianza\/wp-json\/wp\/v2\/categories?post=17493"},{"taxonomy":"post_tag","embeddable":true,"href":"https:\/\/www.diocesitn.it\/area-testimonianza\/wp-json\/wp\/v2\/tags?post=17493"}],"curies":[{"name":"wp","href":"https:\/\/api.w.org\/{rel}","templated":true}]}}