{"id":17476,"date":"2025-03-31T12:54:38","date_gmt":"2025-03-31T10:54:38","guid":{"rendered":"https:\/\/www.diocesitn.it\/area-testimonianza\/2025\/03\/31\/terremoto-in-myanmar-la-rete-caritas-si-attiva-possibili-gli-aiuti-anche-dallitalia\/"},"modified":"2025-04-29T10:28:41","modified_gmt":"2025-04-29T08:28:41","slug":"terremoto-in-myanmar-la-rete-caritas-si-attiva-possibili-gli-aiuti-anche-dallitalia","status":"publish","type":"post","link":"https:\/\/www.diocesitn.it\/area-testimonianza\/2025\/03\/31\/terremoto-in-myanmar-la-rete-caritas-si-attiva-possibili-gli-aiuti-anche-dallitalia\/","title":{"rendered":"Terremoto in Myanmar, la rete Caritas si attiva. Possibili gli aiuti anche dall&#8217;Italia"},"content":{"rendered":"<p>Il 28 marzo, alle 12.50, un potente <strong>terremoto<\/strong> di magnitudo 7,7 ha colpito il <strong>Myanmar<\/strong> centrale con epicentro vicino a Sagaing, circa 34 chilometri a nord della citt\u00e0. Il terremoto ha avuto un forte impatto nelle principali citt\u00e0. Di conseguenza, ci sono stati danni significativi ai servizi pubblici e alle infrastrutture quali monasteri, moschee, pagode, seminari e chiese, scuole, ospedali, banche, alberghi, aeroporti, edifici residenziali, ponti, strade ad alta percorrenza. La fornitura di elettricit\u00e0 e le telecomunicazioni sono rimaste interrotte.<\/p>\n<h5><strong>Le vittime<\/strong><\/h5>\n<p>Il bilancio delle vittime, al momento, parla di quasi <strong>2 mila morti\u00a0<\/strong>e <strong>3.400 feriti<\/strong>, ma secondo la Caritas si potrebbero temere almeno 10 mila vittime: il bilancio \u00e8 destinato a salire costantemente man mano che i soccorsi operano nelle zone pi\u00f9 colpite. Le\u00a0<b>operazioni di soccorso\u00a0<\/b>sono rese pi\u00f9 difficili dalle scosse di assestamento che stanno attraversando il Paese e dalla ripresa dell&#8217;<b>offensiva militare<\/b>\u00a0<b>contro i ribelli da parte della giunta golpista<\/b>.<\/p>\n<h5><strong>La rete Caritas si attiva<\/strong><\/h5>\n<p>L\u2019ufficio nazionale KMSS (<strong>Karuna Mission Social Solidarity<\/strong>) e gli uffici diocesani hanno attivato e mobilitato il team per assistere la diocesi di Mandalay pi\u00f9 colpita. La diocesi KMSS-Mandalay si sta coordinando con le autorit\u00e0 locali, la Commissione della Chiesa, i leader religiosi e altri gruppi di beneficenza e attori locali per la valutazione e per concordare le risposte pi\u00f9 urgenti, oltre che anche con le agenzie delle Nazioni Unite UNHCR e OCHA.<br \/>\nMercoled\u00ec 2 aprile ci sar\u00e0 una teleconferenza organizzata da Caritas Internationalis con KMSS, a cui parteciper\u00e0 anche Caritas Italiana. Sar\u00e0 questa un\u2019occasione per avere nuovi aggiornamenti anche in merito all\u2019appello di emergenza che KMSS ha gi\u00e0 annunciato di stare preparando.<br \/>\n<strong>Caritas Italiana<\/strong> \u00e8 altres\u00ec in diretto contatto con KMSS \u2013 attraverso il Servizio Asia Oceania \u2013, ha espresso vicinanza alla popolazione colpita e si \u00e8 confermata disponibile a dare supporto in coordinamento con i diversi attori, per una risposta unitaria.<\/p>\n<h5><strong>Come aiutare<\/strong><\/h5>\n<p>\u00c8 possibile\u00a0contribuire agli interventi di Caritas Italiana\u00a0per l\u2019emergenza, utilizzando il conto corrente postale n. 347013, o\u00a0<a href=\"https:\/\/donazioni.caritas.it\/\">donazione on-line<\/a>, o bonifico bancario specificando nella causale\u00a0<strong>\u201cEmergenza Myanmar\u201d<\/strong>\u00a0tramite:<\/p>\n<ul>\n<li>Banca Popolare Etica, via Parigi 17, Roma \u2013 Iban: IT 24 C 05018 03200 00001 3331 111<\/li>\n<li>Banca Intesa Sanpaolo, Fil. Accentrata Ter S, Roma \u2013 Iban: IT 66 W 03069 09606 100000012474<\/li>\n<li>Banco Posta, viale Europa 175, Roma \u2013 Iban: IT 91 P 07601 03200 000000347013<\/li>\n<li>UniCredit, via Taranto 49, Roma \u2013 Iban: IT 88 U 02008 05206 000011063 119<\/li>\n<\/ul>\n<p><em>Foto di copertina: KMSS<\/em><\/p>\n","protected":false},"excerpt":{"rendered":"<p>Il 28 marzo, alle 12.50, un potente terremoto di magnitudo 7,7 ha colpito il Myanmar centrale con epicentro vicino a Sagaing, circa 34 chilometri a nord della citt\u00e0. Il terremoto ha avuto un forte impatto<\/p>\n","protected":false},"author":168,"featured_media":17477,"comment_status":"closed","ping_status":"closed","sticky":false,"template":"","format":"standard","meta":{"footnotes":""},"categories":[1059,1074],"tags":[2101,1099],"class_list":["post-17476","post","type-post","status-publish","format-standard","has-post-thumbnail","hentry","category-servizio-caritas","category-notizie","tag-myanmar","tag-terremoto"],"acf":{"seed-localization-paese-cod":"IT","seed-localization-address":"","seed-localization-citta":"Trento","seed-localization-regione-cod-istat":"04","seed-localization-citta-cod-istat":"022205","seed-localization-localita":"","seed-localization-cap":"","seed-localization-marker-visibility":false,"seed-localization-children-visibility":false,"seed-localization-kml":"","seed-localization-custom-marker":""},"yoast_head":"<!-- This site is optimized with the Yoast SEO Premium plugin v20.2.1 (Yoast SEO v22.2) - https:\/\/yoast.com\/wordpress\/plugins\/seo\/ -->\n<title>Terremoto in Myanmar, la rete Caritas si attiva<\/title>\n<meta name=\"description\" content=\"Terremoto in Myanmar: si temono oltre 10 mila vittime. La Caritas, assieme alla solidariet\u00e0 locale, si attiva per gli aiuti.\" \/>\n<meta name=\"robots\" content=\"index, follow, max-snippet:-1, max-image-preview:large, max-video-preview:-1\" \/>\n<link rel=\"canonical\" href=\"https:\/\/www.diocesitn.it\/area-testimonianza\/2025\/03\/31\/terremoto-in-myanmar-la-rete-caritas-si-attiva-possibili-gli-aiuti-anche-dallitalia\/\" \/>\n<meta property=\"og:locale\" content=\"it_IT\" \/>\n<meta property=\"og:type\" content=\"article\" \/>\n<meta property=\"og:title\" content=\"Terremoto in Myanmar, la rete Caritas si attiva. Possibili gli aiuti anche dall&#039;Italia\" \/>\n<meta property=\"og:description\" content=\"Terremoto in Myanmar: si temono oltre 10 mila vittime. La Caritas, assieme alla solidariet\u00e0 locale, si attiva per gli aiuti.\" \/>\n<meta property=\"og:url\" content=\"https:\/\/www.diocesitn.it\/area-testimonianza\/2025\/03\/31\/terremoto-in-myanmar-la-rete-caritas-si-attiva-possibili-gli-aiuti-anche-dallitalia\/\" \/>\n<meta property=\"og:site_name\" content=\"Testimonianza e Impegno sociale\" \/>\n<meta property=\"article:published_time\" content=\"2025-03-31T10:54:38+00:00\" \/>\n<meta property=\"article:modified_time\" content=\"2025-04-29T08:28:41+00:00\" \/>\n<meta property=\"og:image\" content=\"https:\/\/www.diocesitn.it\/area-testimonianza\/wp-content\/uploads\/sites\/37\/2025\/04\/terremoto-myanmar.jpg\" \/>\n\t<meta property=\"og:image:width\" content=\"854\" \/>\n\t<meta property=\"og:image:height\" content=\"480\" \/>\n\t<meta property=\"og:image:type\" content=\"image\/jpeg\" \/>\n<meta name=\"author\" content=\"losspapot\" \/>\n<meta name=\"twitter:card\" content=\"summary_large_image\" \/>\n<meta name=\"twitter:label1\" content=\"Scritto da\" \/>\n\t<meta name=\"twitter:data1\" content=\"losspapot\" \/>\n\t<meta name=\"twitter:label2\" content=\"Tempo di lettura stimato\" \/>\n\t<meta name=\"twitter:data2\" content=\"3 minuti\" \/>\n<script type=\"application\/ld+json\" class=\"yoast-schema-graph\">{\"@context\":\"https:\/\/schema.org\",\"@graph\":[{\"@type\":\"Article\",\"@id\":\"https:\/\/www.diocesitn.it\/area-testimonianza\/2025\/03\/31\/terremoto-in-myanmar-la-rete-caritas-si-attiva-possibili-gli-aiuti-anche-dallitalia\/#article\",\"isPartOf\":{\"@id\":\"https:\/\/www.diocesitn.it\/area-testimonianza\/2025\/03\/31\/terremoto-in-myanmar-la-rete-caritas-si-attiva-possibili-gli-aiuti-anche-dallitalia\/\"},\"author\":{\"name\":\"losspapot\",\"@id\":\"https:\/\/www.diocesitn.it\/area-testimonianza\/#\/schema\/person\/3526ceacb35e1aa4c86252e45adfad22\"},\"headline\":\"Terremoto in Myanmar, la rete Caritas si attiva. Possibili gli aiuti anche dall&#8217;Italia\",\"datePublished\":\"2025-03-31T10:54:38+00:00\",\"dateModified\":\"2025-04-29T08:28:41+00:00\",\"mainEntityOfPage\":{\"@id\":\"https:\/\/www.diocesitn.it\/area-testimonianza\/2025\/03\/31\/terremoto-in-myanmar-la-rete-caritas-si-attiva-possibili-gli-aiuti-anche-dallitalia\/\"},\"wordCount\":384,\"publisher\":{\"@id\":\"https:\/\/www.diocesitn.it\/area-testimonianza\/#organization\"},\"image\":{\"@id\":\"https:\/\/www.diocesitn.it\/area-testimonianza\/2025\/03\/31\/terremoto-in-myanmar-la-rete-caritas-si-attiva-possibili-gli-aiuti-anche-dallitalia\/#primaryimage\"},\"thumbnailUrl\":\"https:\/\/www.diocesitn.it\/area-testimonianza\/wp-content\/uploads\/sites\/37\/2025\/04\/terremoto-myanmar.jpg\",\"keywords\":[\"Myanmar\",\"Terremoto\"],\"articleSection\":[\"Caritas diocesana\",\"Notizie\"],\"inLanguage\":\"it-IT\",\"copyrightYear\":\"2025\",\"copyrightHolder\":{\"@id\":\"https:\/\/www.diocesitn.it\/#organization\"}},{\"@type\":\"WebPage\",\"@id\":\"https:\/\/www.diocesitn.it\/area-testimonianza\/2025\/03\/31\/terremoto-in-myanmar-la-rete-caritas-si-attiva-possibili-gli-aiuti-anche-dallitalia\/\",\"url\":\"https:\/\/www.diocesitn.it\/area-testimonianza\/2025\/03\/31\/terremoto-in-myanmar-la-rete-caritas-si-attiva-possibili-gli-aiuti-anche-dallitalia\/\",\"name\":\"Terremoto in Myanmar, la rete Caritas si attiva\",\"isPartOf\":{\"@id\":\"https:\/\/www.diocesitn.it\/area-testimonianza\/#website\"},\"primaryImageOfPage\":{\"@id\":\"https:\/\/www.diocesitn.it\/area-testimonianza\/2025\/03\/31\/terremoto-in-myanmar-la-rete-caritas-si-attiva-possibili-gli-aiuti-anche-dallitalia\/#primaryimage\"},\"image\":{\"@id\":\"https:\/\/www.diocesitn.it\/area-testimonianza\/2025\/03\/31\/terremoto-in-myanmar-la-rete-caritas-si-attiva-possibili-gli-aiuti-anche-dallitalia\/#primaryimage\"},\"thumbnailUrl\":\"https:\/\/www.diocesitn.it\/area-testimonianza\/wp-content\/uploads\/sites\/37\/2025\/04\/terremoto-myanmar.jpg\",\"datePublished\":\"2025-03-31T10:54:38+00:00\",\"dateModified\":\"2025-04-29T08:28:41+00:00\",\"description\":\"Terremoto in Myanmar: si temono oltre 10 mila vittime. La Caritas, assieme alla solidariet\u00e0 locale, si attiva per gli aiuti.\",\"breadcrumb\":{\"@id\":\"https:\/\/www.diocesitn.it\/area-testimonianza\/2025\/03\/31\/terremoto-in-myanmar-la-rete-caritas-si-attiva-possibili-gli-aiuti-anche-dallitalia\/#breadcrumb\"},\"inLanguage\":\"it-IT\",\"potentialAction\":[{\"@type\":\"ReadAction\",\"target\":[\"https:\/\/www.diocesitn.it\/area-testimonianza\/2025\/03\/31\/terremoto-in-myanmar-la-rete-caritas-si-attiva-possibili-gli-aiuti-anche-dallitalia\/\"]}]},{\"@type\":\"ImageObject\",\"inLanguage\":\"it-IT\",\"@id\":\"https:\/\/www.diocesitn.it\/area-testimonianza\/2025\/03\/31\/terremoto-in-myanmar-la-rete-caritas-si-attiva-possibili-gli-aiuti-anche-dallitalia\/#primaryimage\",\"url\":\"https:\/\/www.diocesitn.it\/area-testimonianza\/wp-content\/uploads\/sites\/37\/2025\/04\/terremoto-myanmar.jpg\",\"contentUrl\":\"https:\/\/www.diocesitn.it\/area-testimonianza\/wp-content\/uploads\/sites\/37\/2025\/04\/terremoto-myanmar.jpg\",\"width\":854,\"height\":480},{\"@type\":\"BreadcrumbList\",\"@id\":\"https:\/\/www.diocesitn.it\/area-testimonianza\/2025\/03\/31\/terremoto-in-myanmar-la-rete-caritas-si-attiva-possibili-gli-aiuti-anche-dallitalia\/#breadcrumb\",\"itemListElement\":[{\"@type\":\"ListItem\",\"position\":1,\"name\":\"Home\",\"item\":\"https:\/\/www.diocesitn.it\/area-testimonianza\/\"},{\"@type\":\"ListItem\",\"position\":2,\"name\":\"Terremoto in Myanmar, la rete Caritas si attiva. Possibili gli aiuti anche dall&#8217;Italia\"}]},{\"@type\":\"WebSite\",\"@id\":\"https:\/\/www.diocesitn.it\/area-testimonianza\/#website\",\"url\":\"https:\/\/www.diocesitn.it\/area-testimonianza\/\",\"name\":\"Testimonianza e Impegno sociale\",\"description\":\"Chiesa di Trento\",\"publisher\":{\"@id\":\"https:\/\/www.diocesitn.it\/area-testimonianza\/#organization\"},\"potentialAction\":[{\"@type\":\"SearchAction\",\"target\":{\"@type\":\"EntryPoint\",\"urlTemplate\":\"https:\/\/www.diocesitn.it\/area-testimonianza\/?s={search_term_string}\"},\"query-input\":\"required name=search_term_string\"}],\"inLanguage\":\"it-IT\"},{\"@type\":[\"Organization\",\"Place\"],\"@id\":\"https:\/\/www.diocesitn.it\/area-testimonianza\/#organization\",\"name\":\"Area Testimonianza e Impegno Sociale - Chiesa di Trento\",\"url\":\"https:\/\/www.diocesitn.it\/area-testimonianza\/\",\"logo\":{\"@id\":\"https:\/\/www.diocesitn.it\/area-testimonianza\/2025\/03\/31\/terremoto-in-myanmar-la-rete-caritas-si-attiva-possibili-gli-aiuti-anche-dallitalia\/#local-main-organization-logo\"},\"image\":{\"@id\":\"https:\/\/www.diocesitn.it\/area-testimonianza\/2025\/03\/31\/terremoto-in-myanmar-la-rete-caritas-si-attiva-possibili-gli-aiuti-anche-dallitalia\/#local-main-organization-logo\"},\"openingHoursSpecification\":[{\"@type\":\"OpeningHoursSpecification\",\"dayOfWeek\":[\"Monday\",\"Tuesday\",\"Wednesday\",\"Thursday\",\"Friday\",\"Saturday\",\"Sunday\"],\"opens\":\"09:00\",\"closes\":\"17:00\"}]},{\"@type\":\"ImageObject\",\"inLanguage\":\"it-IT\",\"@id\":\"https:\/\/www.diocesitn.it\/area-testimonianza\/2025\/03\/31\/terremoto-in-myanmar-la-rete-caritas-si-attiva-possibili-gli-aiuti-anche-dallitalia\/#local-main-organization-logo\",\"url\":\"https:\/\/www.diocesitn.it\/area-testimonianza\/wp-content\/uploads\/sites\/37\/2021\/09\/og-logo-testimonianza-e-impegno-sociale.jpg\",\"contentUrl\":\"https:\/\/www.diocesitn.it\/area-testimonianza\/wp-content\/uploads\/sites\/37\/2021\/09\/og-logo-testimonianza-e-impegno-sociale.jpg\",\"width\":1200,\"height\":630,\"caption\":\"Area Testimonianza e Impegno Sociale - Chiesa di Trento\"}]}<\/script>\n<!-- \/ Yoast SEO Premium plugin. -->","yoast_head_json":{"title":"Terremoto in Myanmar, la rete Caritas si attiva","description":"Terremoto in Myanmar: si temono oltre 10 mila vittime. La Caritas, assieme alla solidariet\u00e0 locale, si attiva per gli aiuti.","robots":{"index":"index","follow":"follow","max-snippet":"max-snippet:-1","max-image-preview":"max-image-preview:large","max-video-preview":"max-video-preview:-1"},"canonical":"https:\/\/www.diocesitn.it\/area-testimonianza\/2025\/03\/31\/terremoto-in-myanmar-la-rete-caritas-si-attiva-possibili-gli-aiuti-anche-dallitalia\/","og_locale":"it_IT","og_type":"article","og_title":"Terremoto in Myanmar, la rete Caritas si attiva. Possibili gli aiuti anche dall'Italia","og_description":"Terremoto in Myanmar: si temono oltre 10 mila vittime. La Caritas, assieme alla solidariet\u00e0 locale, si attiva per gli aiuti.","og_url":"https:\/\/www.diocesitn.it\/area-testimonianza\/2025\/03\/31\/terremoto-in-myanmar-la-rete-caritas-si-attiva-possibili-gli-aiuti-anche-dallitalia\/","og_site_name":"Testimonianza e Impegno sociale","article_published_time":"2025-03-31T10:54:38+00:00","article_modified_time":"2025-04-29T08:28:41+00:00","og_image":[{"width":854,"height":480,"url":"https:\/\/www.diocesitn.it\/area-testimonianza\/wp-content\/uploads\/sites\/37\/2025\/04\/terremoto-myanmar.jpg","type":"image\/jpeg"}],"author":"losspapot","twitter_card":"summary_large_image","twitter_misc":{"Scritto da":"losspapot","Tempo di lettura stimato":"3 minuti"},"schema":{"@context":"https:\/\/schema.org","@graph":[{"@type":"Article","@id":"https:\/\/www.diocesitn.it\/area-testimonianza\/2025\/03\/31\/terremoto-in-myanmar-la-rete-caritas-si-attiva-possibili-gli-aiuti-anche-dallitalia\/#article","isPartOf":{"@id":"https:\/\/www.diocesitn.it\/area-testimonianza\/2025\/03\/31\/terremoto-in-myanmar-la-rete-caritas-si-attiva-possibili-gli-aiuti-anche-dallitalia\/"},"author":{"name":"losspapot","@id":"https:\/\/www.diocesitn.it\/area-testimonianza\/#\/schema\/person\/3526ceacb35e1aa4c86252e45adfad22"},"headline":"Terremoto in Myanmar, la rete Caritas si attiva. Possibili gli aiuti anche dall&#8217;Italia","datePublished":"2025-03-31T10:54:38+00:00","dateModified":"2025-04-29T08:28:41+00:00","mainEntityOfPage":{"@id":"https:\/\/www.diocesitn.it\/area-testimonianza\/2025\/03\/31\/terremoto-in-myanmar-la-rete-caritas-si-attiva-possibili-gli-aiuti-anche-dallitalia\/"},"wordCount":384,"publisher":{"@id":"https:\/\/www.diocesitn.it\/area-testimonianza\/#organization"},"image":{"@id":"https:\/\/www.diocesitn.it\/area-testimonianza\/2025\/03\/31\/terremoto-in-myanmar-la-rete-caritas-si-attiva-possibili-gli-aiuti-anche-dallitalia\/#primaryimage"},"thumbnailUrl":"https:\/\/www.diocesitn.it\/area-testimonianza\/wp-content\/uploads\/sites\/37\/2025\/04\/terremoto-myanmar.jpg","keywords":["Myanmar","Terremoto"],"articleSection":["Caritas diocesana","Notizie"],"inLanguage":"it-IT","copyrightYear":"2025","copyrightHolder":{"@id":"https:\/\/www.diocesitn.it\/#organization"}},{"@type":"WebPage","@id":"https:\/\/www.diocesitn.it\/area-testimonianza\/2025\/03\/31\/terremoto-in-myanmar-la-rete-caritas-si-attiva-possibili-gli-aiuti-anche-dallitalia\/","url":"https:\/\/www.diocesitn.it\/area-testimonianza\/2025\/03\/31\/terremoto-in-myanmar-la-rete-caritas-si-attiva-possibili-gli-aiuti-anche-dallitalia\/","name":"Terremoto in Myanmar, la rete Caritas si attiva","isPartOf":{"@id":"https:\/\/www.diocesitn.it\/area-testimonianza\/#website"},"primaryImageOfPage":{"@id":"https:\/\/www.diocesitn.it\/area-testimonianza\/2025\/03\/31\/terremoto-in-myanmar-la-rete-caritas-si-attiva-possibili-gli-aiuti-anche-dallitalia\/#primaryimage"},"image":{"@id":"https:\/\/www.diocesitn.it\/area-testimonianza\/2025\/03\/31\/terremoto-in-myanmar-la-rete-caritas-si-attiva-possibili-gli-aiuti-anche-dallitalia\/#primaryimage"},"thumbnailUrl":"https:\/\/www.diocesitn.it\/area-testimonianza\/wp-content\/uploads\/sites\/37\/2025\/04\/terremoto-myanmar.jpg","datePublished":"2025-03-31T10:54:38+00:00","dateModified":"2025-04-29T08:28:41+00:00","description":"Terremoto in Myanmar: si temono oltre 10 mila vittime. La Caritas, assieme alla solidariet\u00e0 locale, si attiva per gli aiuti.","breadcrumb":{"@id":"https:\/\/www.diocesitn.it\/area-testimonianza\/2025\/03\/31\/terremoto-in-myanmar-la-rete-caritas-si-attiva-possibili-gli-aiuti-anche-dallitalia\/#breadcrumb"},"inLanguage":"it-IT","potentialAction":[{"@type":"ReadAction","target":["https:\/\/www.diocesitn.it\/area-testimonianza\/2025\/03\/31\/terremoto-in-myanmar-la-rete-caritas-si-attiva-possibili-gli-aiuti-anche-dallitalia\/"]}]},{"@type":"ImageObject","inLanguage":"it-IT","@id":"https:\/\/www.diocesitn.it\/area-testimonianza\/2025\/03\/31\/terremoto-in-myanmar-la-rete-caritas-si-attiva-possibili-gli-aiuti-anche-dallitalia\/#primaryimage","url":"https:\/\/www.diocesitn.it\/area-testimonianza\/wp-content\/uploads\/sites\/37\/2025\/04\/terremoto-myanmar.jpg","contentUrl":"https:\/\/www.diocesitn.it\/area-testimonianza\/wp-content\/uploads\/sites\/37\/2025\/04\/terremoto-myanmar.jpg","width":854,"height":480},{"@type":"BreadcrumbList","@id":"https:\/\/www.diocesitn.it\/area-testimonianza\/2025\/03\/31\/terremoto-in-myanmar-la-rete-caritas-si-attiva-possibili-gli-aiuti-anche-dallitalia\/#breadcrumb","itemListElement":[{"@type":"ListItem","position":1,"name":"Home","item":"https:\/\/www.diocesitn.it\/area-testimonianza\/"},{"@type":"ListItem","position":2,"name":"Terremoto in Myanmar, la rete Caritas si attiva. Possibili gli aiuti anche dall&#8217;Italia"}]},{"@type":"WebSite","@id":"https:\/\/www.diocesitn.it\/area-testimonianza\/#website","url":"https:\/\/www.diocesitn.it\/area-testimonianza\/","name":"Testimonianza e Impegno sociale","description":"Chiesa di Trento","publisher":{"@id":"https:\/\/www.diocesitn.it\/area-testimonianza\/#organization"},"potentialAction":[{"@type":"SearchAction","target":{"@type":"EntryPoint","urlTemplate":"https:\/\/www.diocesitn.it\/area-testimonianza\/?s={search_term_string}"},"query-input":"required name=search_term_string"}],"inLanguage":"it-IT"},{"@type":["Organization","Place"],"@id":"https:\/\/www.diocesitn.it\/area-testimonianza\/#organization","name":"Area Testimonianza e Impegno Sociale - Chiesa di Trento","url":"https:\/\/www.diocesitn.it\/area-testimonianza\/","logo":{"@id":"https:\/\/www.diocesitn.it\/area-testimonianza\/2025\/03\/31\/terremoto-in-myanmar-la-rete-caritas-si-attiva-possibili-gli-aiuti-anche-dallitalia\/#local-main-organization-logo"},"image":{"@id":"https:\/\/www.diocesitn.it\/area-testimonianza\/2025\/03\/31\/terremoto-in-myanmar-la-rete-caritas-si-attiva-possibili-gli-aiuti-anche-dallitalia\/#local-main-organization-logo"},"openingHoursSpecification":[{"@type":"OpeningHoursSpecification","dayOfWeek":["Monday","Tuesday","Wednesday","Thursday","Friday","Saturday","Sunday"],"opens":"09:00","closes":"17:00"}]},{"@type":"ImageObject","inLanguage":"it-IT","@id":"https:\/\/www.diocesitn.it\/area-testimonianza\/2025\/03\/31\/terremoto-in-myanmar-la-rete-caritas-si-attiva-possibili-gli-aiuti-anche-dallitalia\/#local-main-organization-logo","url":"https:\/\/www.diocesitn.it\/area-testimonianza\/wp-content\/uploads\/sites\/37\/2021\/09\/og-logo-testimonianza-e-impegno-sociale.jpg","contentUrl":"https:\/\/www.diocesitn.it\/area-testimonianza\/wp-content\/uploads\/sites\/37\/2021\/09\/og-logo-testimonianza-e-impegno-sociale.jpg","width":1200,"height":630,"caption":"Area Testimonianza e Impegno Sociale - Chiesa di Trento"}]}},"_links":{"self":[{"href":"https:\/\/www.diocesitn.it\/area-testimonianza\/wp-json\/wp\/v2\/posts\/17476","targetHints":{"allow":["GET"]}}],"collection":[{"href":"https:\/\/www.diocesitn.it\/area-testimonianza\/wp-json\/wp\/v2\/posts"}],"about":[{"href":"https:\/\/www.diocesitn.it\/area-testimonianza\/wp-json\/wp\/v2\/types\/post"}],"author":[{"embeddable":true,"href":"https:\/\/www.diocesitn.it\/area-testimonianza\/wp-json\/wp\/v2\/users\/168"}],"replies":[{"embeddable":true,"href":"https:\/\/www.diocesitn.it\/area-testimonianza\/wp-json\/wp\/v2\/comments?post=17476"}],"version-history":[{"count":1,"href":"https:\/\/www.diocesitn.it\/area-testimonianza\/wp-json\/wp\/v2\/posts\/17476\/revisions"}],"predecessor-version":[{"id":17478,"href":"https:\/\/www.diocesitn.it\/area-testimonianza\/wp-json\/wp\/v2\/posts\/17476\/revisions\/17478"}],"wp:featuredmedia":[{"embeddable":true,"href":"https:\/\/www.diocesitn.it\/area-testimonianza\/wp-json\/wp\/v2\/media\/17477"}],"wp:attachment":[{"href":"https:\/\/www.diocesitn.it\/area-testimonianza\/wp-json\/wp\/v2\/media?parent=17476"}],"wp:term":[{"taxonomy":"category","embeddable":true,"href":"https:\/\/www.diocesitn.it\/area-testimonianza\/wp-json\/wp\/v2\/categories?post=17476"},{"taxonomy":"post_tag","embeddable":true,"href":"https:\/\/www.diocesitn.it\/area-testimonianza\/wp-json\/wp\/v2\/tags?post=17476"}],"curies":[{"name":"wp","href":"https:\/\/api.w.org\/{rel}","templated":true}]}}