{"id":17470,"date":"2025-03-28T11:26:36","date_gmt":"2025-03-28T10:26:36","guid":{"rendered":"https:\/\/www.diocesitn.it\/area-testimonianza\/?p=17470"},"modified":"2025-03-28T11:26:36","modified_gmt":"2025-03-28T10:26:36","slug":"limportanza-del-volontariato-lincontro-in-vallagarina-con-il-vescovo-lauro","status":"publish","type":"post","link":"https:\/\/www.diocesitn.it\/area-testimonianza\/2025\/03\/28\/limportanza-del-volontariato-lincontro-in-vallagarina-con-il-vescovo-lauro\/","title":{"rendered":"L&#8217;importanza del volontariato. L&#8217;incontro in Vallagarina con il vescovo Lauro"},"content":{"rendered":"<p><em>Il volontariato \u00e8 una delle cose pi\u00f9 belle. Perch\u00e9 ognuno con la propria libert\u00e0 sceglie di fare questo cammino che \u00e8 un cammino di uscita verso l\u2019altro, uscita con la mano tesa, un cammino di uscita per preoccuparsi degli altri. \u2014 Papa Francesco<\/em><\/p>\n<p><em>\u00a0<\/em><\/p>\n<p>Il nostro Vescovo Lauro riconosce l\u2019operosa generosit\u00e0 dei volontari Caritas e coglie l\u2019occasione per incontrare tutti coloro che agiscono nella realt\u00e0 della Vallagarina, storicamente presidiata dalla Caritas con un volontariato importante. Da poco si \u00e8 aggiunto il servizio del Pasto solidale, ovvero la mensa per tutti.<\/p>\n<p style=\"text-align: center\">L\u2019incontro<\/p>\n<h4 style=\"text-align: center\">fra il Vescovo e i volontari<\/h4>\n<p style=\"text-align: center\">si terr\u00e0<\/p>\n<h3 style=\"text-align: center\">Sabato 5 aprile<\/h3>\n<h3 style=\"text-align: center\">dalle ore 9.30<\/h3>\n<p style=\"text-align: center\"><strong>presso il Centro pastorale Beata Giovanna a Rovereto.<\/strong><\/p>\n<p><a href=\"https:\/\/www.diocesitn.it\/area-testimonianza\/wp-content\/uploads\/sites\/37\/2025\/03\/2025.04.05-Il-Vescovo-incontra-i-Volontariato-Caritas-scaled.jpg\" target=\"_blank\" rel=\"noopener\"><img loading=\"lazy\" decoding=\"async\" class=\"size-medium wp-image-17471 aligncenter\" src=\"https:\/\/www.diocesitn.it\/area-testimonianza\/wp-content\/uploads\/sites\/37\/2025\/03\/2025.04.05-Il-Vescovo-incontra-i-Volontariato-Caritas-212x300.jpg\" alt=\"\" width=\"212\" height=\"300\" srcset=\"https:\/\/www.diocesitn.it\/area-testimonianza\/wp-content\/uploads\/sites\/37\/2025\/03\/2025.04.05-Il-Vescovo-incontra-i-Volontariato-Caritas-212x300.jpg 212w, https:\/\/www.diocesitn.it\/area-testimonianza\/wp-content\/uploads\/sites\/37\/2025\/03\/2025.04.05-Il-Vescovo-incontra-i-Volontariato-Caritas-724x1024.jpg 724w, https:\/\/www.diocesitn.it\/area-testimonianza\/wp-content\/uploads\/sites\/37\/2025\/03\/2025.04.05-Il-Vescovo-incontra-i-Volontariato-Caritas-768x1086.jpg 768w, https:\/\/www.diocesitn.it\/area-testimonianza\/wp-content\/uploads\/sites\/37\/2025\/03\/2025.04.05-Il-Vescovo-incontra-i-Volontariato-Caritas-198x280.jpg 198w, https:\/\/www.diocesitn.it\/area-testimonianza\/wp-content\/uploads\/sites\/37\/2025\/03\/2025.04.05-Il-Vescovo-incontra-i-Volontariato-Caritas-543x768.jpg 543w, https:\/\/www.diocesitn.it\/area-testimonianza\/wp-content\/uploads\/sites\/37\/2025\/03\/2025.04.05-Il-Vescovo-incontra-i-Volontariato-Caritas-1086x1536.jpg 1086w, https:\/\/www.diocesitn.it\/area-testimonianza\/wp-content\/uploads\/sites\/37\/2025\/03\/2025.04.05-Il-Vescovo-incontra-i-Volontariato-Caritas-1448x2048.jpg 1448w, https:\/\/www.diocesitn.it\/area-testimonianza\/wp-content\/uploads\/sites\/37\/2025\/03\/2025.04.05-Il-Vescovo-incontra-i-Volontariato-Caritas-800x1131.jpg 800w, https:\/\/www.diocesitn.it\/area-testimonianza\/wp-content\/uploads\/sites\/37\/2025\/03\/2025.04.05-Il-Vescovo-incontra-i-Volontariato-Caritas-1200x1697.jpg 1200w, https:\/\/www.diocesitn.it\/area-testimonianza\/wp-content\/uploads\/sites\/37\/2025\/03\/2025.04.05-Il-Vescovo-incontra-i-Volontariato-Caritas-1320x1867.jpg 1320w, https:\/\/www.diocesitn.it\/area-testimonianza\/wp-content\/uploads\/sites\/37\/2025\/03\/2025.04.05-Il-Vescovo-incontra-i-Volontariato-Caritas-scaled.jpg 1810w\" sizes=\"auto, (max-width: 212px) 100vw, 212px\" \/><\/a><\/p>\n","protected":false},"excerpt":{"rendered":"<p>Il volontariato \u00e8 una delle cose pi\u00f9 belle. Perch\u00e9 ognuno con la propria libert\u00e0 sceglie di fare questo cammino che \u00e8 un cammino di uscita verso l\u2019altro, uscita con la mano tesa, un cammino di<\/p>\n","protected":false},"author":161,"featured_media":2994,"comment_status":"closed","ping_status":"closed","sticky":false,"template":"","format":"standard","meta":{"footnotes":""},"categories":[1059,1074],"tags":[1399],"class_list":["post-17470","post","type-post","status-publish","format-standard","has-post-thumbnail","hentry","category-servizio-caritas","category-notizie","tag-vescovo-lauro-tisi"],"acf":{"seed-localization-paese-cod":"IT","seed-localization-address":"","seed-localization-citta":"Trento","seed-localization-regione-cod-istat":"04","seed-localization-citta-cod-istat":"022205","seed-localization-localita":"","seed-localization-cap":"","seed-localization-marker-visibility":false,"seed-localization-children-visibility":false,"seed-localization-kml":"","seed-localization-custom-marker":""},"yoast_head":"<!-- This site is optimized with the Yoast SEO Premium plugin v20.2.1 (Yoast SEO v22.2) - https:\/\/yoast.com\/wordpress\/plugins\/seo\/ -->\n<title>L&#039;importanza del volontariato. L&#039;incontro in Vallagarina con il vescovo Lauro - Testimonianza e Impegno sociale<\/title>\n<meta name=\"robots\" content=\"index, follow, max-snippet:-1, max-image-preview:large, max-video-preview:-1\" \/>\n<link rel=\"canonical\" href=\"https:\/\/www.diocesitn.it\/area-testimonianza\/2025\/03\/28\/limportanza-del-volontariato-lincontro-in-vallagarina-con-il-vescovo-lauro\/\" \/>\n<meta property=\"og:locale\" content=\"it_IT\" \/>\n<meta property=\"og:type\" content=\"article\" \/>\n<meta property=\"og:title\" content=\"L&#039;importanza del volontariato. L&#039;incontro in Vallagarina con il vescovo Lauro\" \/>\n<meta property=\"og:description\" content=\"Il volontariato \u00e8 una delle cose pi\u00f9 belle. Perch\u00e9 ognuno con la propria libert\u00e0 sceglie di fare questo cammino che \u00e8 un cammino di uscita verso l\u2019altro, uscita con la mano tesa, un cammino di\" \/>\n<meta property=\"og:url\" content=\"https:\/\/www.diocesitn.it\/area-testimonianza\/2025\/03\/28\/limportanza-del-volontariato-lincontro-in-vallagarina-con-il-vescovo-lauro\/\" \/>\n<meta property=\"og:site_name\" content=\"Testimonianza e Impegno sociale\" \/>\n<meta property=\"article:published_time\" content=\"2025-03-28T10:26:36+00:00\" \/>\n<meta property=\"og:image\" content=\"https:\/\/www.diocesitn.it\/area-testimonianza\/wp-content\/uploads\/sites\/37\/2018\/06\/7GZ_0575-1.jpg\" \/>\n\t<meta property=\"og:image:width\" content=\"3440\" \/>\n\t<meta property=\"og:image:height\" content=\"2824\" \/>\n\t<meta property=\"og:image:type\" content=\"image\/jpeg\" \/>\n<meta name=\"author\" content=\"smaule\" \/>\n<meta name=\"twitter:card\" content=\"summary_large_image\" \/>\n<meta name=\"twitter:label1\" content=\"Scritto da\" \/>\n\t<meta name=\"twitter:data1\" content=\"smaule\" \/>\n\t<meta name=\"twitter:label2\" content=\"Tempo di lettura stimato\" \/>\n\t<meta name=\"twitter:data2\" content=\"1 minuto\" \/>\n<script type=\"application\/ld+json\" class=\"yoast-schema-graph\">{\"@context\":\"https:\/\/schema.org\",\"@graph\":[{\"@type\":\"Article\",\"@id\":\"https:\/\/www.diocesitn.it\/area-testimonianza\/2025\/03\/28\/limportanza-del-volontariato-lincontro-in-vallagarina-con-il-vescovo-lauro\/#article\",\"isPartOf\":{\"@id\":\"https:\/\/www.diocesitn.it\/area-testimonianza\/2025\/03\/28\/limportanza-del-volontariato-lincontro-in-vallagarina-con-il-vescovo-lauro\/\"},\"author\":{\"name\":\"smaule\",\"@id\":\"https:\/\/www.diocesitn.it\/area-testimonianza\/#\/schema\/person\/bac489aafb7f98c1ca25f76c27174a95\"},\"headline\":\"L&#8217;importanza del volontariato. L&#8217;incontro in Vallagarina con il vescovo Lauro\",\"datePublished\":\"2025-03-28T10:26:36+00:00\",\"dateModified\":\"2025-03-28T10:26:36+00:00\",\"mainEntityOfPage\":{\"@id\":\"https:\/\/www.diocesitn.it\/area-testimonianza\/2025\/03\/28\/limportanza-del-volontariato-lincontro-in-vallagarina-con-il-vescovo-lauro\/\"},\"wordCount\":120,\"publisher\":{\"@id\":\"https:\/\/www.diocesitn.it\/area-testimonianza\/#organization\"},\"image\":{\"@id\":\"https:\/\/www.diocesitn.it\/area-testimonianza\/2025\/03\/28\/limportanza-del-volontariato-lincontro-in-vallagarina-con-il-vescovo-lauro\/#primaryimage\"},\"thumbnailUrl\":\"https:\/\/www.diocesitn.it\/area-testimonianza\/wp-content\/uploads\/sites\/37\/2018\/06\/7GZ_0575-1.jpg\",\"keywords\":[\"mons. Lauro Tisi\"],\"articleSection\":[\"Caritas diocesana\",\"Notizie\"],\"inLanguage\":\"it-IT\",\"copyrightYear\":\"2025\",\"copyrightHolder\":{\"@id\":\"https:\/\/www.diocesitn.it\/#organization\"}},{\"@type\":\"WebPage\",\"@id\":\"https:\/\/www.diocesitn.it\/area-testimonianza\/2025\/03\/28\/limportanza-del-volontariato-lincontro-in-vallagarina-con-il-vescovo-lauro\/\",\"url\":\"https:\/\/www.diocesitn.it\/area-testimonianza\/2025\/03\/28\/limportanza-del-volontariato-lincontro-in-vallagarina-con-il-vescovo-lauro\/\",\"name\":\"L'importanza del volontariato. L'incontro in Vallagarina con il vescovo Lauro - Testimonianza e Impegno sociale\",\"isPartOf\":{\"@id\":\"https:\/\/www.diocesitn.it\/area-testimonianza\/#website\"},\"primaryImageOfPage\":{\"@id\":\"https:\/\/www.diocesitn.it\/area-testimonianza\/2025\/03\/28\/limportanza-del-volontariato-lincontro-in-vallagarina-con-il-vescovo-lauro\/#primaryimage\"},\"image\":{\"@id\":\"https:\/\/www.diocesitn.it\/area-testimonianza\/2025\/03\/28\/limportanza-del-volontariato-lincontro-in-vallagarina-con-il-vescovo-lauro\/#primaryimage\"},\"thumbnailUrl\":\"https:\/\/www.diocesitn.it\/area-testimonianza\/wp-content\/uploads\/sites\/37\/2018\/06\/7GZ_0575-1.jpg\",\"datePublished\":\"2025-03-28T10:26:36+00:00\",\"dateModified\":\"2025-03-28T10:26:36+00:00\",\"breadcrumb\":{\"@id\":\"https:\/\/www.diocesitn.it\/area-testimonianza\/2025\/03\/28\/limportanza-del-volontariato-lincontro-in-vallagarina-con-il-vescovo-lauro\/#breadcrumb\"},\"inLanguage\":\"it-IT\",\"potentialAction\":[{\"@type\":\"ReadAction\",\"target\":[\"https:\/\/www.diocesitn.it\/area-testimonianza\/2025\/03\/28\/limportanza-del-volontariato-lincontro-in-vallagarina-con-il-vescovo-lauro\/\"]}]},{\"@type\":\"ImageObject\",\"inLanguage\":\"it-IT\",\"@id\":\"https:\/\/www.diocesitn.it\/area-testimonianza\/2025\/03\/28\/limportanza-del-volontariato-lincontro-in-vallagarina-con-il-vescovo-lauro\/#primaryimage\",\"url\":\"https:\/\/www.diocesitn.it\/area-testimonianza\/wp-content\/uploads\/sites\/37\/2018\/06\/7GZ_0575-1.jpg\",\"contentUrl\":\"https:\/\/www.diocesitn.it\/area-testimonianza\/wp-content\/uploads\/sites\/37\/2018\/06\/7GZ_0575-1.jpg\",\"width\":3440,\"height\":2824,\"caption\":\"Mons. Lauro Tisi\"},{\"@type\":\"BreadcrumbList\",\"@id\":\"https:\/\/www.diocesitn.it\/area-testimonianza\/2025\/03\/28\/limportanza-del-volontariato-lincontro-in-vallagarina-con-il-vescovo-lauro\/#breadcrumb\",\"itemListElement\":[{\"@type\":\"ListItem\",\"position\":1,\"name\":\"Home\",\"item\":\"https:\/\/www.diocesitn.it\/area-testimonianza\/\"},{\"@type\":\"ListItem\",\"position\":2,\"name\":\"L&#8217;importanza del volontariato. L&#8217;incontro in Vallagarina con il vescovo Lauro\"}]},{\"@type\":\"WebSite\",\"@id\":\"https:\/\/www.diocesitn.it\/area-testimonianza\/#website\",\"url\":\"https:\/\/www.diocesitn.it\/area-testimonianza\/\",\"name\":\"Testimonianza e Impegno sociale\",\"description\":\"Chiesa di Trento\",\"publisher\":{\"@id\":\"https:\/\/www.diocesitn.it\/area-testimonianza\/#organization\"},\"potentialAction\":[{\"@type\":\"SearchAction\",\"target\":{\"@type\":\"EntryPoint\",\"urlTemplate\":\"https:\/\/www.diocesitn.it\/area-testimonianza\/?s={search_term_string}\"},\"query-input\":\"required name=search_term_string\"}],\"inLanguage\":\"it-IT\"},{\"@type\":[\"Organization\",\"Place\"],\"@id\":\"https:\/\/www.diocesitn.it\/area-testimonianza\/#organization\",\"name\":\"Area Testimonianza e Impegno Sociale - Chiesa di Trento\",\"url\":\"https:\/\/www.diocesitn.it\/area-testimonianza\/\",\"logo\":{\"@id\":\"https:\/\/www.diocesitn.it\/area-testimonianza\/2025\/03\/28\/limportanza-del-volontariato-lincontro-in-vallagarina-con-il-vescovo-lauro\/#local-main-organization-logo\"},\"image\":{\"@id\":\"https:\/\/www.diocesitn.it\/area-testimonianza\/2025\/03\/28\/limportanza-del-volontariato-lincontro-in-vallagarina-con-il-vescovo-lauro\/#local-main-organization-logo\"},\"openingHoursSpecification\":[{\"@type\":\"OpeningHoursSpecification\",\"dayOfWeek\":[\"Monday\",\"Tuesday\",\"Wednesday\",\"Thursday\",\"Friday\",\"Saturday\",\"Sunday\"],\"opens\":\"09:00\",\"closes\":\"17:00\"}]},{\"@type\":\"ImageObject\",\"inLanguage\":\"it-IT\",\"@id\":\"https:\/\/www.diocesitn.it\/area-testimonianza\/2025\/03\/28\/limportanza-del-volontariato-lincontro-in-vallagarina-con-il-vescovo-lauro\/#local-main-organization-logo\",\"url\":\"https:\/\/www.diocesitn.it\/area-testimonianza\/wp-content\/uploads\/sites\/37\/2021\/09\/og-logo-testimonianza-e-impegno-sociale.jpg\",\"contentUrl\":\"https:\/\/www.diocesitn.it\/area-testimonianza\/wp-content\/uploads\/sites\/37\/2021\/09\/og-logo-testimonianza-e-impegno-sociale.jpg\",\"width\":1200,\"height\":630,\"caption\":\"Area Testimonianza e Impegno Sociale - Chiesa di Trento\"}]}<\/script>\n<!-- \/ Yoast SEO Premium plugin. -->","yoast_head_json":{"title":"L'importanza del volontariato. L'incontro in Vallagarina con il vescovo Lauro - Testimonianza e Impegno sociale","robots":{"index":"index","follow":"follow","max-snippet":"max-snippet:-1","max-image-preview":"max-image-preview:large","max-video-preview":"max-video-preview:-1"},"canonical":"https:\/\/www.diocesitn.it\/area-testimonianza\/2025\/03\/28\/limportanza-del-volontariato-lincontro-in-vallagarina-con-il-vescovo-lauro\/","og_locale":"it_IT","og_type":"article","og_title":"L'importanza del volontariato. L'incontro in Vallagarina con il vescovo Lauro","og_description":"Il volontariato \u00e8 una delle cose pi\u00f9 belle. Perch\u00e9 ognuno con la propria libert\u00e0 sceglie di fare questo cammino che \u00e8 un cammino di uscita verso l\u2019altro, uscita con la mano tesa, un cammino di","og_url":"https:\/\/www.diocesitn.it\/area-testimonianza\/2025\/03\/28\/limportanza-del-volontariato-lincontro-in-vallagarina-con-il-vescovo-lauro\/","og_site_name":"Testimonianza e Impegno sociale","article_published_time":"2025-03-28T10:26:36+00:00","og_image":[{"width":3440,"height":2824,"url":"https:\/\/www.diocesitn.it\/area-testimonianza\/wp-content\/uploads\/sites\/37\/2018\/06\/7GZ_0575-1.jpg","type":"image\/jpeg"}],"author":"smaule","twitter_card":"summary_large_image","twitter_misc":{"Scritto da":"smaule","Tempo di lettura stimato":"1 minuto"},"schema":{"@context":"https:\/\/schema.org","@graph":[{"@type":"Article","@id":"https:\/\/www.diocesitn.it\/area-testimonianza\/2025\/03\/28\/limportanza-del-volontariato-lincontro-in-vallagarina-con-il-vescovo-lauro\/#article","isPartOf":{"@id":"https:\/\/www.diocesitn.it\/area-testimonianza\/2025\/03\/28\/limportanza-del-volontariato-lincontro-in-vallagarina-con-il-vescovo-lauro\/"},"author":{"name":"smaule","@id":"https:\/\/www.diocesitn.it\/area-testimonianza\/#\/schema\/person\/bac489aafb7f98c1ca25f76c27174a95"},"headline":"L&#8217;importanza del volontariato. L&#8217;incontro in Vallagarina con il vescovo Lauro","datePublished":"2025-03-28T10:26:36+00:00","dateModified":"2025-03-28T10:26:36+00:00","mainEntityOfPage":{"@id":"https:\/\/www.diocesitn.it\/area-testimonianza\/2025\/03\/28\/limportanza-del-volontariato-lincontro-in-vallagarina-con-il-vescovo-lauro\/"},"wordCount":120,"publisher":{"@id":"https:\/\/www.diocesitn.it\/area-testimonianza\/#organization"},"image":{"@id":"https:\/\/www.diocesitn.it\/area-testimonianza\/2025\/03\/28\/limportanza-del-volontariato-lincontro-in-vallagarina-con-il-vescovo-lauro\/#primaryimage"},"thumbnailUrl":"https:\/\/www.diocesitn.it\/area-testimonianza\/wp-content\/uploads\/sites\/37\/2018\/06\/7GZ_0575-1.jpg","keywords":["mons. Lauro Tisi"],"articleSection":["Caritas diocesana","Notizie"],"inLanguage":"it-IT","copyrightYear":"2025","copyrightHolder":{"@id":"https:\/\/www.diocesitn.it\/#organization"}},{"@type":"WebPage","@id":"https:\/\/www.diocesitn.it\/area-testimonianza\/2025\/03\/28\/limportanza-del-volontariato-lincontro-in-vallagarina-con-il-vescovo-lauro\/","url":"https:\/\/www.diocesitn.it\/area-testimonianza\/2025\/03\/28\/limportanza-del-volontariato-lincontro-in-vallagarina-con-il-vescovo-lauro\/","name":"L'importanza del volontariato. L'incontro in Vallagarina con il vescovo Lauro - Testimonianza e Impegno sociale","isPartOf":{"@id":"https:\/\/www.diocesitn.it\/area-testimonianza\/#website"},"primaryImageOfPage":{"@id":"https:\/\/www.diocesitn.it\/area-testimonianza\/2025\/03\/28\/limportanza-del-volontariato-lincontro-in-vallagarina-con-il-vescovo-lauro\/#primaryimage"},"image":{"@id":"https:\/\/www.diocesitn.it\/area-testimonianza\/2025\/03\/28\/limportanza-del-volontariato-lincontro-in-vallagarina-con-il-vescovo-lauro\/#primaryimage"},"thumbnailUrl":"https:\/\/www.diocesitn.it\/area-testimonianza\/wp-content\/uploads\/sites\/37\/2018\/06\/7GZ_0575-1.jpg","datePublished":"2025-03-28T10:26:36+00:00","dateModified":"2025-03-28T10:26:36+00:00","breadcrumb":{"@id":"https:\/\/www.diocesitn.it\/area-testimonianza\/2025\/03\/28\/limportanza-del-volontariato-lincontro-in-vallagarina-con-il-vescovo-lauro\/#breadcrumb"},"inLanguage":"it-IT","potentialAction":[{"@type":"ReadAction","target":["https:\/\/www.diocesitn.it\/area-testimonianza\/2025\/03\/28\/limportanza-del-volontariato-lincontro-in-vallagarina-con-il-vescovo-lauro\/"]}]},{"@type":"ImageObject","inLanguage":"it-IT","@id":"https:\/\/www.diocesitn.it\/area-testimonianza\/2025\/03\/28\/limportanza-del-volontariato-lincontro-in-vallagarina-con-il-vescovo-lauro\/#primaryimage","url":"https:\/\/www.diocesitn.it\/area-testimonianza\/wp-content\/uploads\/sites\/37\/2018\/06\/7GZ_0575-1.jpg","contentUrl":"https:\/\/www.diocesitn.it\/area-testimonianza\/wp-content\/uploads\/sites\/37\/2018\/06\/7GZ_0575-1.jpg","width":3440,"height":2824,"caption":"Mons. Lauro Tisi"},{"@type":"BreadcrumbList","@id":"https:\/\/www.diocesitn.it\/area-testimonianza\/2025\/03\/28\/limportanza-del-volontariato-lincontro-in-vallagarina-con-il-vescovo-lauro\/#breadcrumb","itemListElement":[{"@type":"ListItem","position":1,"name":"Home","item":"https:\/\/www.diocesitn.it\/area-testimonianza\/"},{"@type":"ListItem","position":2,"name":"L&#8217;importanza del volontariato. L&#8217;incontro in Vallagarina con il vescovo Lauro"}]},{"@type":"WebSite","@id":"https:\/\/www.diocesitn.it\/area-testimonianza\/#website","url":"https:\/\/www.diocesitn.it\/area-testimonianza\/","name":"Testimonianza e Impegno sociale","description":"Chiesa di Trento","publisher":{"@id":"https:\/\/www.diocesitn.it\/area-testimonianza\/#organization"},"potentialAction":[{"@type":"SearchAction","target":{"@type":"EntryPoint","urlTemplate":"https:\/\/www.diocesitn.it\/area-testimonianza\/?s={search_term_string}"},"query-input":"required name=search_term_string"}],"inLanguage":"it-IT"},{"@type":["Organization","Place"],"@id":"https:\/\/www.diocesitn.it\/area-testimonianza\/#organization","name":"Area Testimonianza e Impegno Sociale - Chiesa di Trento","url":"https:\/\/www.diocesitn.it\/area-testimonianza\/","logo":{"@id":"https:\/\/www.diocesitn.it\/area-testimonianza\/2025\/03\/28\/limportanza-del-volontariato-lincontro-in-vallagarina-con-il-vescovo-lauro\/#local-main-organization-logo"},"image":{"@id":"https:\/\/www.diocesitn.it\/area-testimonianza\/2025\/03\/28\/limportanza-del-volontariato-lincontro-in-vallagarina-con-il-vescovo-lauro\/#local-main-organization-logo"},"openingHoursSpecification":[{"@type":"OpeningHoursSpecification","dayOfWeek":["Monday","Tuesday","Wednesday","Thursday","Friday","Saturday","Sunday"],"opens":"09:00","closes":"17:00"}]},{"@type":"ImageObject","inLanguage":"it-IT","@id":"https:\/\/www.diocesitn.it\/area-testimonianza\/2025\/03\/28\/limportanza-del-volontariato-lincontro-in-vallagarina-con-il-vescovo-lauro\/#local-main-organization-logo","url":"https:\/\/www.diocesitn.it\/area-testimonianza\/wp-content\/uploads\/sites\/37\/2021\/09\/og-logo-testimonianza-e-impegno-sociale.jpg","contentUrl":"https:\/\/www.diocesitn.it\/area-testimonianza\/wp-content\/uploads\/sites\/37\/2021\/09\/og-logo-testimonianza-e-impegno-sociale.jpg","width":1200,"height":630,"caption":"Area Testimonianza e Impegno Sociale - Chiesa di Trento"}]}},"_links":{"self":[{"href":"https:\/\/www.diocesitn.it\/area-testimonianza\/wp-json\/wp\/v2\/posts\/17470","targetHints":{"allow":["GET"]}}],"collection":[{"href":"https:\/\/www.diocesitn.it\/area-testimonianza\/wp-json\/wp\/v2\/posts"}],"about":[{"href":"https:\/\/www.diocesitn.it\/area-testimonianza\/wp-json\/wp\/v2\/types\/post"}],"author":[{"embeddable":true,"href":"https:\/\/www.diocesitn.it\/area-testimonianza\/wp-json\/wp\/v2\/users\/161"}],"replies":[{"embeddable":true,"href":"https:\/\/www.diocesitn.it\/area-testimonianza\/wp-json\/wp\/v2\/comments?post=17470"}],"version-history":[{"count":1,"href":"https:\/\/www.diocesitn.it\/area-testimonianza\/wp-json\/wp\/v2\/posts\/17470\/revisions"}],"predecessor-version":[{"id":17472,"href":"https:\/\/www.diocesitn.it\/area-testimonianza\/wp-json\/wp\/v2\/posts\/17470\/revisions\/17472"}],"wp:featuredmedia":[{"embeddable":true,"href":"https:\/\/www.diocesitn.it\/area-testimonianza\/wp-json\/wp\/v2\/media\/2994"}],"wp:attachment":[{"href":"https:\/\/www.diocesitn.it\/area-testimonianza\/wp-json\/wp\/v2\/media?parent=17470"}],"wp:term":[{"taxonomy":"category","embeddable":true,"href":"https:\/\/www.diocesitn.it\/area-testimonianza\/wp-json\/wp\/v2\/categories?post=17470"},{"taxonomy":"post_tag","embeddable":true,"href":"https:\/\/www.diocesitn.it\/area-testimonianza\/wp-json\/wp\/v2\/tags?post=17470"}],"curies":[{"name":"wp","href":"https:\/\/api.w.org\/{rel}","templated":true}]}}