{"id":17466,"date":"2025-03-26T09:55:51","date_gmt":"2025-03-26T08:55:51","guid":{"rendered":"https:\/\/www.diocesitn.it\/area-testimonianza\/2025\/03\/26\/vescovo-in-duomo-per-la-giornata-dei-missionari-martiri\/"},"modified":"2025-04-01T09:39:36","modified_gmt":"2025-04-01T07:39:36","slug":"vescovo-in-duomo-per-la-giornata-dei-missionari-martiri","status":"publish","type":"post","link":"https:\/\/www.diocesitn.it\/area-testimonianza\/2025\/03\/26\/vescovo-in-duomo-per-la-giornata-dei-missionari-martiri\/","title":{"rendered":"33\u00b0 Giornata dei Missionari Martiri: vescovo Lauro in Duomo &#8220;Dobbiamo sognare, questa \u00e8 la missione&#8221;"},"content":{"rendered":"<p>\u00c8 la <strong>speranza<\/strong> il filo conduttore della<strong> veglia di preghiera<\/strong> in memoria dei <strong>missionari martiri<\/strong> che si \u00e8 svolta in<strong> Cattedrale a Trento<\/strong> nel tardo pomeriggio di luned\u00ec <strong>24 marzo<\/strong>. Presieduta da<strong> monsignor Lauro Tisi<\/strong>, la partecipata celebrazione, nella ricorrenza della<strong> 33\u00b0 Giornata dei Missionari Martiri<\/strong>, ha voluto ricordare in particolare la figura di<strong> Catina Gubert<\/strong>, missionaria laica di Fiera di Primiero,\u00a0a 30 anni dalla sua uccisione in Burundi avvenuta il 30 settembre 1995 insieme ai religiosi <strong>Ottorino Maule<\/strong> e<strong> Aldo Marchiol<\/strong>.<\/p>\n<h4>La speranza nella certezza di essere amati<\/h4>\n<p>Proprio a lei, e alla \u201csperanza viva\u201d che la spinse a lasciare il suo Primiero per donarsi ai pi\u00f9 bisognosi, ha fatto riferimento nella sua riflessione anche l\u2019arcivescovo Tisi. Una \u201csperanza che ha origine nel Padre, il quale attraverso il dono del figlio e la sua vicenda incredibile, che ha trovato il suo compimento nella morte e risurrezione, ha generato una speranza viva. \u00c8 grazie ad essa che sappiamo che tutti i momenti della nostra vita sono abitati dalla presenza del Signore. La speranza viva \u00e8 la certezza di essere amati, di non essere soli nell\u2019ora della tribolazione, della sofferenza: con noi c\u2019\u00e8 il Signore risorto che ci chiama per nome, e ci dice non temere\u201d.<\/p>\n<p>Questa \u00e8 la consapevolezza che porta i missionari a fare della propria vita un dono, \u201cla certezza che il Cristo \u00e8 vivo, e quando incontri la sua presenza vuoi diventare come lui\u201d, ha aggiunto l\u2019Arcivescovo: \u201c<strong>Dobbiamo avere voglia di diventare Ges\u00f9<\/strong>. Nella vita ci aspettiamo di essere il primo, ci aspettiamo il potere, la ricchezza. Chiediamo invece al Signore di purificarci da questo, di donarci il suo sogno, il sogno di lavare i piedi, di abbracciare gli altri, di essere vicini agli ammalati. Signore, permettici di sognare la tua vita bella. Questa \u00e8 la speranza e questa \u00e8 la missione\u201d.<\/p>\n<h4>Il ricordo di Sara Piffer<\/h4>\n<p>A due mesi dalla sua tragica scomparsa, l\u2019Arcivescovo non ha potuto fare a meno di citare anche la figura di <strong>Sara Piffer<\/strong>, la ciclista diciannovenne di Pal\u00f9 di Giovo investita mortalmente mentre si allenava, per cui sabato 22 marzo \u00e8 stata celebrata una Messa nel suo paese natale.<\/p>\n<p>\u201cHo potuto tirare fuori di nuovo dei frammenti della fede di questa giovane ragazza carica di Vangelo, che scrive sulle sementi dell\u2019orto che Dio \u00e8 la vita\u201d, le parole di Tisi.<\/p>\n<p>\u201cPer la prima volta da quando sono prete, uscendo dalla chiesa ho trovato un gruppo di giovani sul muretto che mi hanno chiamato, con cui sono stato diversi minuti a parlare di Vangelo. Giovani mossi da una ragazza di 19 anni che faceva la ciclista, scossi e conquistati dalla fede di questa ragazza. E allora questa sera, davanti ai nostri missionari martiri pieghiamo le ginocchia, e chiediamo a Dio di avere passione per Cristo. Chiediamo a Dio di sognare non solo di avere Cristo come riferimento, ma di essere Cristo che si fa speranza. A volte ci diciamo che dobbiamo custodire la speranza, ma \u00e8 <strong>la speranza che custodisce noi<\/strong>, perch\u00e9 quella speranza \u00e8 il Padre, che ci ha dato Ges\u00f9 Cristo. Quando si percepisce la presenza del Signore della vita neanche la notte oscura pu\u00f2 fare paura\u201d. (<em>da redazione Vita Trentina)\u00a0<\/em><\/p>\n","protected":false},"excerpt":{"rendered":"<p>\u00c8 la speranza il filo conduttore della veglia di preghiera in memoria dei missionari martiri che si \u00e8 svolta in Cattedrale a Trento nel tardo pomeriggio di luned\u00ec 24 marzo. Presieduta da monsignor Lauro Tisi,<\/p>\n","protected":false},"author":177,"featured_media":17467,"comment_status":"closed","ping_status":"closed","sticky":false,"template":"","format":"standard","meta":{"footnotes":""},"categories":[1074,1151],"tags":[1468],"class_list":["post-17466","post","type-post","status-publish","format-standard","has-post-thumbnail","hentry","category-notizie","category-servizio-missionario","tag-martiri"],"acf":{"seed-localization-paese-cod":"IT","seed-localization-address":"","seed-localization-citta":"Trento","seed-localization-regione-cod-istat":"04","seed-localization-citta-cod-istat":"022205","seed-localization-localita":"","seed-localization-cap":"","seed-localization-marker-visibility":false,"seed-localization-children-visibility":false,"seed-localization-kml":"","seed-localization-custom-marker":""},"yoast_head":"<!-- This site is optimized with the Yoast SEO Premium plugin v20.2.1 (Yoast SEO v22.2) - https:\/\/yoast.com\/wordpress\/plugins\/seo\/ -->\n<title>33\u00b0 Giornata dei Missionari Martiri: vescovo Lauro in Duomo &quot;Dobbiamo sognare, questa \u00e8 la missione&quot; - Testimonianza e Impegno sociale<\/title>\n<meta name=\"robots\" content=\"index, follow, max-snippet:-1, max-image-preview:large, max-video-preview:-1\" \/>\n<link rel=\"canonical\" href=\"https:\/\/www.diocesitn.it\/area-testimonianza\/2025\/03\/26\/vescovo-in-duomo-per-la-giornata-dei-missionari-martiri\/\" \/>\n<meta property=\"og:locale\" content=\"it_IT\" \/>\n<meta property=\"og:type\" content=\"article\" \/>\n<meta property=\"og:title\" content=\"33\u00b0 Giornata dei Missionari Martiri: vescovo Lauro in Duomo &quot;Dobbiamo sognare, questa \u00e8 la missione&quot;\" \/>\n<meta property=\"og:description\" content=\"\u00c8 la speranza il filo conduttore della veglia di preghiera in memoria dei missionari martiri che si \u00e8 svolta in Cattedrale a Trento nel tardo pomeriggio di luned\u00ec 24 marzo. Presieduta da monsignor Lauro Tisi,\" \/>\n<meta property=\"og:url\" content=\"https:\/\/www.diocesitn.it\/area-testimonianza\/2025\/03\/26\/vescovo-in-duomo-per-la-giornata-dei-missionari-martiri\/\" \/>\n<meta property=\"og:site_name\" content=\"Testimonianza e Impegno sociale\" \/>\n<meta property=\"article:published_time\" content=\"2025-03-26T08:55:51+00:00\" \/>\n<meta property=\"article:modified_time\" content=\"2025-04-01T07:39:36+00:00\" \/>\n<meta property=\"og:image\" content=\"https:\/\/www.diocesitn.it\/area-testimonianza\/wp-content\/uploads\/sites\/37\/2025\/03\/Vescovo-in-Duomo-scaled.jpeg\" \/>\n\t<meta property=\"og:image:width\" content=\"2560\" \/>\n\t<meta property=\"og:image:height\" content=\"1920\" \/>\n\t<meta property=\"og:image:type\" content=\"image\/jpeg\" \/>\n<meta name=\"author\" content=\"cweiss\" \/>\n<meta name=\"twitter:card\" content=\"summary_large_image\" \/>\n<meta name=\"twitter:label1\" content=\"Scritto da\" \/>\n\t<meta name=\"twitter:data1\" content=\"cweiss\" \/>\n\t<meta name=\"twitter:label2\" content=\"Tempo di lettura stimato\" \/>\n\t<meta name=\"twitter:data2\" content=\"4 minuti\" \/>\n<script type=\"application\/ld+json\" class=\"yoast-schema-graph\">{\"@context\":\"https:\/\/schema.org\",\"@graph\":[{\"@type\":\"Article\",\"@id\":\"https:\/\/www.diocesitn.it\/area-testimonianza\/2025\/03\/26\/vescovo-in-duomo-per-la-giornata-dei-missionari-martiri\/#article\",\"isPartOf\":{\"@id\":\"https:\/\/www.diocesitn.it\/area-testimonianza\/2025\/03\/26\/vescovo-in-duomo-per-la-giornata-dei-missionari-martiri\/\"},\"author\":{\"name\":\"cweiss\",\"@id\":\"https:\/\/www.diocesitn.it\/area-testimonianza\/#\/schema\/person\/4d1771273d5fc5c33cf486f49f0d18fb\"},\"headline\":\"33\u00b0 Giornata dei Missionari Martiri: vescovo Lauro in Duomo &#8220;Dobbiamo sognare, questa \u00e8 la missione&#8221;\",\"datePublished\":\"2025-03-26T08:55:51+00:00\",\"dateModified\":\"2025-04-01T07:39:36+00:00\",\"mainEntityOfPage\":{\"@id\":\"https:\/\/www.diocesitn.it\/area-testimonianza\/2025\/03\/26\/vescovo-in-duomo-per-la-giornata-dei-missionari-martiri\/\"},\"wordCount\":531,\"publisher\":{\"@id\":\"https:\/\/www.diocesitn.it\/area-testimonianza\/#organization\"},\"image\":{\"@id\":\"https:\/\/www.diocesitn.it\/area-testimonianza\/2025\/03\/26\/vescovo-in-duomo-per-la-giornata-dei-missionari-martiri\/#primaryimage\"},\"thumbnailUrl\":\"https:\/\/www.diocesitn.it\/area-testimonianza\/wp-content\/uploads\/sites\/37\/2025\/03\/Vescovo-in-Duomo-scaled.jpeg\",\"keywords\":[\"martiri\"],\"articleSection\":[\"Notizie\",\"Pastorale Missionaria\"],\"inLanguage\":\"it-IT\",\"copyrightYear\":\"2025\",\"copyrightHolder\":{\"@id\":\"https:\/\/www.diocesitn.it\/#organization\"}},{\"@type\":\"WebPage\",\"@id\":\"https:\/\/www.diocesitn.it\/area-testimonianza\/2025\/03\/26\/vescovo-in-duomo-per-la-giornata-dei-missionari-martiri\/\",\"url\":\"https:\/\/www.diocesitn.it\/area-testimonianza\/2025\/03\/26\/vescovo-in-duomo-per-la-giornata-dei-missionari-martiri\/\",\"name\":\"33\u00b0 Giornata dei Missionari Martiri: vescovo Lauro in Duomo \\\"Dobbiamo sognare, questa \u00e8 la missione\\\" - Testimonianza e Impegno sociale\",\"isPartOf\":{\"@id\":\"https:\/\/www.diocesitn.it\/area-testimonianza\/#website\"},\"primaryImageOfPage\":{\"@id\":\"https:\/\/www.diocesitn.it\/area-testimonianza\/2025\/03\/26\/vescovo-in-duomo-per-la-giornata-dei-missionari-martiri\/#primaryimage\"},\"image\":{\"@id\":\"https:\/\/www.diocesitn.it\/area-testimonianza\/2025\/03\/26\/vescovo-in-duomo-per-la-giornata-dei-missionari-martiri\/#primaryimage\"},\"thumbnailUrl\":\"https:\/\/www.diocesitn.it\/area-testimonianza\/wp-content\/uploads\/sites\/37\/2025\/03\/Vescovo-in-Duomo-scaled.jpeg\",\"datePublished\":\"2025-03-26T08:55:51+00:00\",\"dateModified\":\"2025-04-01T07:39:36+00:00\",\"breadcrumb\":{\"@id\":\"https:\/\/www.diocesitn.it\/area-testimonianza\/2025\/03\/26\/vescovo-in-duomo-per-la-giornata-dei-missionari-martiri\/#breadcrumb\"},\"inLanguage\":\"it-IT\",\"potentialAction\":[{\"@type\":\"ReadAction\",\"target\":[\"https:\/\/www.diocesitn.it\/area-testimonianza\/2025\/03\/26\/vescovo-in-duomo-per-la-giornata-dei-missionari-martiri\/\"]}]},{\"@type\":\"ImageObject\",\"inLanguage\":\"it-IT\",\"@id\":\"https:\/\/www.diocesitn.it\/area-testimonianza\/2025\/03\/26\/vescovo-in-duomo-per-la-giornata-dei-missionari-martiri\/#primaryimage\",\"url\":\"https:\/\/www.diocesitn.it\/area-testimonianza\/wp-content\/uploads\/sites\/37\/2025\/03\/Vescovo-in-Duomo-scaled.jpeg\",\"contentUrl\":\"https:\/\/www.diocesitn.it\/area-testimonianza\/wp-content\/uploads\/sites\/37\/2025\/03\/Vescovo-in-Duomo-scaled.jpeg\",\"width\":2560,\"height\":1920,\"caption\":\"Vescovo in Duomo per la Giornata dei Missionari Martiri\"},{\"@type\":\"BreadcrumbList\",\"@id\":\"https:\/\/www.diocesitn.it\/area-testimonianza\/2025\/03\/26\/vescovo-in-duomo-per-la-giornata-dei-missionari-martiri\/#breadcrumb\",\"itemListElement\":[{\"@type\":\"ListItem\",\"position\":1,\"name\":\"Home\",\"item\":\"https:\/\/www.diocesitn.it\/area-testimonianza\/\"},{\"@type\":\"ListItem\",\"position\":2,\"name\":\"33\u00b0 Giornata dei Missionari Martiri: vescovo Lauro in Duomo &#8220;Dobbiamo sognare, questa \u00e8 la missione&#8221;\"}]},{\"@type\":\"WebSite\",\"@id\":\"https:\/\/www.diocesitn.it\/area-testimonianza\/#website\",\"url\":\"https:\/\/www.diocesitn.it\/area-testimonianza\/\",\"name\":\"Testimonianza e Impegno sociale\",\"description\":\"Chiesa di Trento\",\"publisher\":{\"@id\":\"https:\/\/www.diocesitn.it\/area-testimonianza\/#organization\"},\"potentialAction\":[{\"@type\":\"SearchAction\",\"target\":{\"@type\":\"EntryPoint\",\"urlTemplate\":\"https:\/\/www.diocesitn.it\/area-testimonianza\/?s={search_term_string}\"},\"query-input\":\"required name=search_term_string\"}],\"inLanguage\":\"it-IT\"},{\"@type\":[\"Organization\",\"Place\"],\"@id\":\"https:\/\/www.diocesitn.it\/area-testimonianza\/#organization\",\"name\":\"Area Testimonianza e Impegno Sociale - Chiesa di Trento\",\"url\":\"https:\/\/www.diocesitn.it\/area-testimonianza\/\",\"logo\":{\"@id\":\"https:\/\/www.diocesitn.it\/area-testimonianza\/2025\/03\/26\/vescovo-in-duomo-per-la-giornata-dei-missionari-martiri\/#local-main-organization-logo\"},\"image\":{\"@id\":\"https:\/\/www.diocesitn.it\/area-testimonianza\/2025\/03\/26\/vescovo-in-duomo-per-la-giornata-dei-missionari-martiri\/#local-main-organization-logo\"},\"openingHoursSpecification\":[{\"@type\":\"OpeningHoursSpecification\",\"dayOfWeek\":[\"Monday\",\"Tuesday\",\"Wednesday\",\"Thursday\",\"Friday\",\"Saturday\",\"Sunday\"],\"opens\":\"09:00\",\"closes\":\"17:00\"}]},{\"@type\":\"ImageObject\",\"inLanguage\":\"it-IT\",\"@id\":\"https:\/\/www.diocesitn.it\/area-testimonianza\/2025\/03\/26\/vescovo-in-duomo-per-la-giornata-dei-missionari-martiri\/#local-main-organization-logo\",\"url\":\"https:\/\/www.diocesitn.it\/area-testimonianza\/wp-content\/uploads\/sites\/37\/2021\/09\/og-logo-testimonianza-e-impegno-sociale.jpg\",\"contentUrl\":\"https:\/\/www.diocesitn.it\/area-testimonianza\/wp-content\/uploads\/sites\/37\/2021\/09\/og-logo-testimonianza-e-impegno-sociale.jpg\",\"width\":1200,\"height\":630,\"caption\":\"Area Testimonianza e Impegno Sociale - Chiesa di Trento\"}]}<\/script>\n<!-- \/ Yoast SEO Premium plugin. -->","yoast_head_json":{"title":"33\u00b0 Giornata dei Missionari Martiri: vescovo Lauro in Duomo \"Dobbiamo sognare, questa \u00e8 la missione\" - Testimonianza e Impegno sociale","robots":{"index":"index","follow":"follow","max-snippet":"max-snippet:-1","max-image-preview":"max-image-preview:large","max-video-preview":"max-video-preview:-1"},"canonical":"https:\/\/www.diocesitn.it\/area-testimonianza\/2025\/03\/26\/vescovo-in-duomo-per-la-giornata-dei-missionari-martiri\/","og_locale":"it_IT","og_type":"article","og_title":"33\u00b0 Giornata dei Missionari Martiri: vescovo Lauro in Duomo \"Dobbiamo sognare, questa \u00e8 la missione\"","og_description":"\u00c8 la speranza il filo conduttore della veglia di preghiera in memoria dei missionari martiri che si \u00e8 svolta in Cattedrale a Trento nel tardo pomeriggio di luned\u00ec 24 marzo. Presieduta da monsignor Lauro Tisi,","og_url":"https:\/\/www.diocesitn.it\/area-testimonianza\/2025\/03\/26\/vescovo-in-duomo-per-la-giornata-dei-missionari-martiri\/","og_site_name":"Testimonianza e Impegno sociale","article_published_time":"2025-03-26T08:55:51+00:00","article_modified_time":"2025-04-01T07:39:36+00:00","og_image":[{"width":2560,"height":1920,"url":"https:\/\/www.diocesitn.it\/area-testimonianza\/wp-content\/uploads\/sites\/37\/2025\/03\/Vescovo-in-Duomo-scaled.jpeg","type":"image\/jpeg"}],"author":"cweiss","twitter_card":"summary_large_image","twitter_misc":{"Scritto da":"cweiss","Tempo di lettura stimato":"4 minuti"},"schema":{"@context":"https:\/\/schema.org","@graph":[{"@type":"Article","@id":"https:\/\/www.diocesitn.it\/area-testimonianza\/2025\/03\/26\/vescovo-in-duomo-per-la-giornata-dei-missionari-martiri\/#article","isPartOf":{"@id":"https:\/\/www.diocesitn.it\/area-testimonianza\/2025\/03\/26\/vescovo-in-duomo-per-la-giornata-dei-missionari-martiri\/"},"author":{"name":"cweiss","@id":"https:\/\/www.diocesitn.it\/area-testimonianza\/#\/schema\/person\/4d1771273d5fc5c33cf486f49f0d18fb"},"headline":"33\u00b0 Giornata dei Missionari Martiri: vescovo Lauro in Duomo &#8220;Dobbiamo sognare, questa \u00e8 la missione&#8221;","datePublished":"2025-03-26T08:55:51+00:00","dateModified":"2025-04-01T07:39:36+00:00","mainEntityOfPage":{"@id":"https:\/\/www.diocesitn.it\/area-testimonianza\/2025\/03\/26\/vescovo-in-duomo-per-la-giornata-dei-missionari-martiri\/"},"wordCount":531,"publisher":{"@id":"https:\/\/www.diocesitn.it\/area-testimonianza\/#organization"},"image":{"@id":"https:\/\/www.diocesitn.it\/area-testimonianza\/2025\/03\/26\/vescovo-in-duomo-per-la-giornata-dei-missionari-martiri\/#primaryimage"},"thumbnailUrl":"https:\/\/www.diocesitn.it\/area-testimonianza\/wp-content\/uploads\/sites\/37\/2025\/03\/Vescovo-in-Duomo-scaled.jpeg","keywords":["martiri"],"articleSection":["Notizie","Pastorale Missionaria"],"inLanguage":"it-IT","copyrightYear":"2025","copyrightHolder":{"@id":"https:\/\/www.diocesitn.it\/#organization"}},{"@type":"WebPage","@id":"https:\/\/www.diocesitn.it\/area-testimonianza\/2025\/03\/26\/vescovo-in-duomo-per-la-giornata-dei-missionari-martiri\/","url":"https:\/\/www.diocesitn.it\/area-testimonianza\/2025\/03\/26\/vescovo-in-duomo-per-la-giornata-dei-missionari-martiri\/","name":"33\u00b0 Giornata dei Missionari Martiri: vescovo Lauro in Duomo \"Dobbiamo sognare, questa \u00e8 la missione\" - Testimonianza e Impegno sociale","isPartOf":{"@id":"https:\/\/www.diocesitn.it\/area-testimonianza\/#website"},"primaryImageOfPage":{"@id":"https:\/\/www.diocesitn.it\/area-testimonianza\/2025\/03\/26\/vescovo-in-duomo-per-la-giornata-dei-missionari-martiri\/#primaryimage"},"image":{"@id":"https:\/\/www.diocesitn.it\/area-testimonianza\/2025\/03\/26\/vescovo-in-duomo-per-la-giornata-dei-missionari-martiri\/#primaryimage"},"thumbnailUrl":"https:\/\/www.diocesitn.it\/area-testimonianza\/wp-content\/uploads\/sites\/37\/2025\/03\/Vescovo-in-Duomo-scaled.jpeg","datePublished":"2025-03-26T08:55:51+00:00","dateModified":"2025-04-01T07:39:36+00:00","breadcrumb":{"@id":"https:\/\/www.diocesitn.it\/area-testimonianza\/2025\/03\/26\/vescovo-in-duomo-per-la-giornata-dei-missionari-martiri\/#breadcrumb"},"inLanguage":"it-IT","potentialAction":[{"@type":"ReadAction","target":["https:\/\/www.diocesitn.it\/area-testimonianza\/2025\/03\/26\/vescovo-in-duomo-per-la-giornata-dei-missionari-martiri\/"]}]},{"@type":"ImageObject","inLanguage":"it-IT","@id":"https:\/\/www.diocesitn.it\/area-testimonianza\/2025\/03\/26\/vescovo-in-duomo-per-la-giornata-dei-missionari-martiri\/#primaryimage","url":"https:\/\/www.diocesitn.it\/area-testimonianza\/wp-content\/uploads\/sites\/37\/2025\/03\/Vescovo-in-Duomo-scaled.jpeg","contentUrl":"https:\/\/www.diocesitn.it\/area-testimonianza\/wp-content\/uploads\/sites\/37\/2025\/03\/Vescovo-in-Duomo-scaled.jpeg","width":2560,"height":1920,"caption":"Vescovo in Duomo per la Giornata dei Missionari Martiri"},{"@type":"BreadcrumbList","@id":"https:\/\/www.diocesitn.it\/area-testimonianza\/2025\/03\/26\/vescovo-in-duomo-per-la-giornata-dei-missionari-martiri\/#breadcrumb","itemListElement":[{"@type":"ListItem","position":1,"name":"Home","item":"https:\/\/www.diocesitn.it\/area-testimonianza\/"},{"@type":"ListItem","position":2,"name":"33\u00b0 Giornata dei Missionari Martiri: vescovo Lauro in Duomo &#8220;Dobbiamo sognare, questa \u00e8 la missione&#8221;"}]},{"@type":"WebSite","@id":"https:\/\/www.diocesitn.it\/area-testimonianza\/#website","url":"https:\/\/www.diocesitn.it\/area-testimonianza\/","name":"Testimonianza e Impegno sociale","description":"Chiesa di Trento","publisher":{"@id":"https:\/\/www.diocesitn.it\/area-testimonianza\/#organization"},"potentialAction":[{"@type":"SearchAction","target":{"@type":"EntryPoint","urlTemplate":"https:\/\/www.diocesitn.it\/area-testimonianza\/?s={search_term_string}"},"query-input":"required name=search_term_string"}],"inLanguage":"it-IT"},{"@type":["Organization","Place"],"@id":"https:\/\/www.diocesitn.it\/area-testimonianza\/#organization","name":"Area Testimonianza e Impegno Sociale - Chiesa di Trento","url":"https:\/\/www.diocesitn.it\/area-testimonianza\/","logo":{"@id":"https:\/\/www.diocesitn.it\/area-testimonianza\/2025\/03\/26\/vescovo-in-duomo-per-la-giornata-dei-missionari-martiri\/#local-main-organization-logo"},"image":{"@id":"https:\/\/www.diocesitn.it\/area-testimonianza\/2025\/03\/26\/vescovo-in-duomo-per-la-giornata-dei-missionari-martiri\/#local-main-organization-logo"},"openingHoursSpecification":[{"@type":"OpeningHoursSpecification","dayOfWeek":["Monday","Tuesday","Wednesday","Thursday","Friday","Saturday","Sunday"],"opens":"09:00","closes":"17:00"}]},{"@type":"ImageObject","inLanguage":"it-IT","@id":"https:\/\/www.diocesitn.it\/area-testimonianza\/2025\/03\/26\/vescovo-in-duomo-per-la-giornata-dei-missionari-martiri\/#local-main-organization-logo","url":"https:\/\/www.diocesitn.it\/area-testimonianza\/wp-content\/uploads\/sites\/37\/2021\/09\/og-logo-testimonianza-e-impegno-sociale.jpg","contentUrl":"https:\/\/www.diocesitn.it\/area-testimonianza\/wp-content\/uploads\/sites\/37\/2021\/09\/og-logo-testimonianza-e-impegno-sociale.jpg","width":1200,"height":630,"caption":"Area Testimonianza e Impegno Sociale - Chiesa di Trento"}]}},"_links":{"self":[{"href":"https:\/\/www.diocesitn.it\/area-testimonianza\/wp-json\/wp\/v2\/posts\/17466","targetHints":{"allow":["GET"]}}],"collection":[{"href":"https:\/\/www.diocesitn.it\/area-testimonianza\/wp-json\/wp\/v2\/posts"}],"about":[{"href":"https:\/\/www.diocesitn.it\/area-testimonianza\/wp-json\/wp\/v2\/types\/post"}],"author":[{"embeddable":true,"href":"https:\/\/www.diocesitn.it\/area-testimonianza\/wp-json\/wp\/v2\/users\/177"}],"replies":[{"embeddable":true,"href":"https:\/\/www.diocesitn.it\/area-testimonianza\/wp-json\/wp\/v2\/comments?post=17466"}],"version-history":[{"count":1,"href":"https:\/\/www.diocesitn.it\/area-testimonianza\/wp-json\/wp\/v2\/posts\/17466\/revisions"}],"predecessor-version":[{"id":17469,"href":"https:\/\/www.diocesitn.it\/area-testimonianza\/wp-json\/wp\/v2\/posts\/17466\/revisions\/17469"}],"wp:featuredmedia":[{"embeddable":true,"href":"https:\/\/www.diocesitn.it\/area-testimonianza\/wp-json\/wp\/v2\/media\/17467"}],"wp:attachment":[{"href":"https:\/\/www.diocesitn.it\/area-testimonianza\/wp-json\/wp\/v2\/media?parent=17466"}],"wp:term":[{"taxonomy":"category","embeddable":true,"href":"https:\/\/www.diocesitn.it\/area-testimonianza\/wp-json\/wp\/v2\/categories?post=17466"},{"taxonomy":"post_tag","embeddable":true,"href":"https:\/\/www.diocesitn.it\/area-testimonianza\/wp-json\/wp\/v2\/tags?post=17466"}],"curies":[{"name":"wp","href":"https:\/\/api.w.org\/{rel}","templated":true}]}}