{"id":17011,"date":"2025-02-10T09:18:03","date_gmt":"2025-02-10T08:18:03","guid":{"rendered":"https:\/\/www.diocesitn.it\/area-testimonianza\/?p=17011"},"modified":"2025-04-15T13:31:12","modified_gmt":"2025-04-15T11:31:12","slug":"quaresima-2025-strumenti","status":"publish","type":"post","link":"https:\/\/www.diocesitn.it\/area-testimonianza\/2025\/02\/10\/quaresima-2025-strumenti\/","title":{"rendered":"Quaresima 2025. Strumenti diocesani per l&#8217;accompagnamento spirituale"},"content":{"rendered":"<p>Gli <strong>strumenti<\/strong> diocesani per l&#8217;accompagnamento spirituale nel tempo di Quaresima verranno distribuiti a partire da <strong>mercoled\u00ec 19 febbraio<\/strong>.<\/p>\n<p>Il tutto \u00e8 anche <strong>scaricabile dal sito<\/strong>.<\/p>\n<p><!--more-->Anche quest&#8217;anno si propone il\u00a0<a style=\"background-color: #ffffff\" href=\"https:\/\/www.diocesitn.it\/area-testimonianza\/2025\/02\/10\/il-gioqua-2025\/\"><strong>GioQua<\/strong><\/a>\u00a0per l&#8217;accompagnamento dei pi\u00f9 giovani.<\/p>\n<h3>Un pane per amor di Dio<\/h3>\n<p>L\u2019iniziativa \u201c<strong>Un pane per amor di Dio<\/strong>\u201d, proposta ormai da tempo nella nostra diocesi, intende stimolare i cristiani a scelte di vita sobrie e solidali, ponendo l\u2019attenzione alle sofferenze di milioni di persone che in ogni angolo del mondo sono prive del necessario ad una vita dignitosa. Si tratta anche di riconoscere che molte forme di povert\u00e0 sono frutto di gravi ingiustizie strutturali e pertanto capire che la solidariet\u00e0 \u00e8 anche una scelta di giustizia.<\/p>\n<p>Le <a href=\"https:\/\/www.diocesitn.it\/area-testimonianza\/centro-missionario-diocesano\/come-sostenere-le-attivita-della-pastorale-missionaria\/\">offerte<\/a> per la Quaresima di Fraternit\u00e0, sono distribuite dal Centro Missionario in parti uguali fra tutti i missionari trentini.<\/p>\n<hr \/>\n<h3>Gli strumenti per l\u2019accompagnamento spirituale nel tempo di Quaresima<\/h3>\n<p>Quest&#8217;anno gli strumenti proposti\u00a0per l\u2019accompagnamento spirituale nel tempo di Quaresima\u00a0sono quelli consueti e seguono il tema &#8220;<strong>Un mondo di speranza<\/strong>&#8220;.<\/p>\n<ul>\n<li><a href=\"https:\/\/www.diocesitn.it\/area-testimonianza\/wp-content\/uploads\/sites\/37\/2025\/03\/2025-Quaresima-Calendario.pdf\" target=\"_blank\" rel=\"noopener\">Calendario giornaliero<\/a><\/li>\n<li><a href=\"https:\/\/www.diocesitn.it\/area-testimonianza\/wp-content\/uploads\/sites\/37\/2025\/03\/2025-Quaresima-Manifesto.pdf\" target=\"_blank\" rel=\"noopener\">Manifesto<\/a><\/li>\n<li><a href=\"https:\/\/www.diocesitn.it\/area-testimonianza\/wp-content\/uploads\/sites\/37\/2025\/03\/2025-Quaresima-Strisce.pdf\" target=\"_blank\" rel=\"noopener\">Strisce settimanali<\/a><\/li>\n<li>Salvadanaio<\/li>\n<li>Busta<\/li>\n<\/ul>\n<p>Il messaggio del Papa per la Quaresima sar\u00e0 disponibile sul sito ufficiale del Vaticano (<a href=\"http:\/\/www.vatican.va\/\">www.vatican.va<\/a>).<\/p>\n<hr \/>\n<h3>Il GioQua<\/h3>\n<p><a href=\"https:\/\/www.diocesitn.it\/area-testimonianza\/wp-content\/uploads\/sites\/37\/2023\/02\/GioQua-promozione-e1676554162787.jpg\"><img loading=\"lazy\" decoding=\"async\" class=\"size-medium wp-image-12383 alignleft\" src=\"https:\/\/www.diocesitn.it\/area-testimonianza\/wp-content\/uploads\/sites\/37\/2023\/02\/GioQua-promozione-e1676554162787-300x146.jpg\" alt=\"\" width=\"300\" height=\"146\" srcset=\"https:\/\/www.diocesitn.it\/area-testimonianza\/wp-content\/uploads\/sites\/37\/2023\/02\/GioQua-promozione-e1676554162787-300x146.jpg 300w, https:\/\/www.diocesitn.it\/area-testimonianza\/wp-content\/uploads\/sites\/37\/2023\/02\/GioQua-promozione-e1676554162787-1024x499.jpg 1024w, https:\/\/www.diocesitn.it\/area-testimonianza\/wp-content\/uploads\/sites\/37\/2023\/02\/GioQua-promozione-e1676554162787-768x374.jpg 768w, https:\/\/www.diocesitn.it\/area-testimonianza\/wp-content\/uploads\/sites\/37\/2023\/02\/GioQua-promozione-e1676554162787-360x175.jpg 360w, https:\/\/www.diocesitn.it\/area-testimonianza\/wp-content\/uploads\/sites\/37\/2023\/02\/GioQua-promozione-e1676554162787-800x390.jpg 800w, https:\/\/www.diocesitn.it\/area-testimonianza\/wp-content\/uploads\/sites\/37\/2023\/02\/GioQua-promozione-e1676554162787.jpg 1080w\" sizes=\"auto, (max-width: 300px) 100vw, 300px\" \/><\/a>Uno strumento personalizzabile per l\u2019accompagnamento dei bambini durante il tempo di Quaresima.<br \/>\nSi ripropone l\u2019idea del Centro Missionario che lo scorso anno ha incontrato grande entusiasmo.<br \/>\nLe illustrazioni sono di Lorena Martinello.<br \/>\n<a href=\"https:\/\/www.diocesitn.it\/area-testimonianza\/2025\/02\/10\/il-gioqua-2025\/\">Vai sulla pagina dedicata per <strong>scaricare<\/strong><span style=\"font-size: inherit\"><strong>\u00a0i file<\/strong> con presentazione, materiali e istruzioni.<\/span><\/a><\/p>\n<hr \/>\n<h3>La distribuzione<\/h3>\n<p>I materiali cartacei si distribuiscono <strong>a partire da mercoled\u00ec 19 febbraio <\/strong>presso:<\/p>\n<ul>\n<li>il <span style=\"text-decoration: underline\">Vigilianum<\/span> (<a href=\"https:\/\/www.google.com\/maps\/place\/Via+Monsignor+Celestino+Endrici,+14,+38122+Trento+TN\/@46.0614884,11.1220384,17.25z\/data=!4m6!3m5!1s0x478276b2ca1f1dff:0x50c34bdf927ee96c!8m2!3d46.0615365!4d11.1220859!16s%2Fg%2F11g6n7zmfx?entry=ttu\" target=\"_blank\" rel=\"noopener\">Trento, via Endrici 14<\/a>);<\/li>\n<li>la <span style=\"text-decoration: underline\">Curia<\/span> presso il Centro Missionario (<a href=\"https:\/\/www.google.com\/maps\/place\/Piazza+di+Fiera,+2,+38122+Trento+TN\/@46.0651639,11.1248657,17z\/data=!4m6!3m5!1s0x478276b49e96b5b5:0x933bfa0e67f4501d!8m2!3d46.0651627!4d11.1248674!16s%2Fg%2F11fcrwbf02?entry=ttu\" target=\"_blank\" rel=\"noopener\">piazza Fiera, 2 Trento<\/a>, II piano).<\/li>\n<\/ul>\n<p>Il <span style=\"text-decoration: underline\"><strong>pagamento<\/strong><\/span> del materiale ritirato potr\u00e0 essere effettuato nelle seguenti modalit\u00e0:<\/p>\n<ul>\n<li><strong>in contanti<\/strong> al momento del ritiro presso il Vigilianum e il Centro Missionario<\/li>\n<li><strong>con bonifico<\/strong> intestato all\u2019Opera diocesana per la Pastorale missionaria &#8211; Cassa Rurale Alto Garda \u2013 Sarche &#8211; IBAN IT28J0801605603000033300338.<br \/>\nCausale: calendari Quaresima 2025 \u2013 NOME PARROCCHIA<\/li>\n<\/ul>\n<p>Il costo del sussidio \u00e8 di 1,00 euro cad.<\/p>\n<hr \/>\n<h3>Descrizione del calendario<\/h3>\n<p><a href=\"https:\/\/www.diocesitn.it\/area-testimonianza\/wp-content\/uploads\/sites\/37\/2025\/02\/Copertina-calendario-quaresima-2025-scaled.jpg\"><img loading=\"lazy\" decoding=\"async\" class=\" wp-image-17068 alignleft\" src=\"https:\/\/www.diocesitn.it\/area-testimonianza\/wp-content\/uploads\/sites\/37\/2025\/02\/Copertina-calendario-quaresima-2025-206x300.jpg\" alt=\"\" width=\"133\" height=\"194\" srcset=\"https:\/\/www.diocesitn.it\/area-testimonianza\/wp-content\/uploads\/sites\/37\/2025\/02\/Copertina-calendario-quaresima-2025-206x300.jpg 206w, https:\/\/www.diocesitn.it\/area-testimonianza\/wp-content\/uploads\/sites\/37\/2025\/02\/Copertina-calendario-quaresima-2025-704x1024.jpg 704w, https:\/\/www.diocesitn.it\/area-testimonianza\/wp-content\/uploads\/sites\/37\/2025\/02\/Copertina-calendario-quaresima-2025-768x1117.jpg 768w, https:\/\/www.diocesitn.it\/area-testimonianza\/wp-content\/uploads\/sites\/37\/2025\/02\/Copertina-calendario-quaresima-2025-192x280.jpg 192w, https:\/\/www.diocesitn.it\/area-testimonianza\/wp-content\/uploads\/sites\/37\/2025\/02\/Copertina-calendario-quaresima-2025-528x768.jpg 528w, https:\/\/www.diocesitn.it\/area-testimonianza\/wp-content\/uploads\/sites\/37\/2025\/02\/Copertina-calendario-quaresima-2025-1056x1536.jpg 1056w, https:\/\/www.diocesitn.it\/area-testimonianza\/wp-content\/uploads\/sites\/37\/2025\/02\/Copertina-calendario-quaresima-2025-1408x2048.jpg 1408w, https:\/\/www.diocesitn.it\/area-testimonianza\/wp-content\/uploads\/sites\/37\/2025\/02\/Copertina-calendario-quaresima-2025-800x1164.jpg 800w, https:\/\/www.diocesitn.it\/area-testimonianza\/wp-content\/uploads\/sites\/37\/2025\/02\/Copertina-calendario-quaresima-2025-1200x1746.jpg 1200w, https:\/\/www.diocesitn.it\/area-testimonianza\/wp-content\/uploads\/sites\/37\/2025\/02\/Copertina-calendario-quaresima-2025-1320x1920.jpg 1320w, https:\/\/www.diocesitn.it\/area-testimonianza\/wp-content\/uploads\/sites\/37\/2025\/02\/Copertina-calendario-quaresima-2025-scaled.jpg 1760w\" sizes=\"auto, (max-width: 133px) 100vw, 133px\" \/><\/a>\u201cLa speranza \u00e8 il fondamento della vita cristiana ed insieme ad altre due virt\u00f9 teologali &#8211; la fede e la carit\u00e0 -, richiama tutti ad essere responsabili costruttori di un mondo migliore.\u201d (<em>Cardinale Pietro Parolin<\/em>)<\/p>\n<p>Per rimanere in linea con il giubileo, quest\u2019anno abbiamo scelto come tema la speranza per accompagnare il tempo di Quaresima lasciandoci ispirare da due testi: la <em><u>Spes non confundit<\/u><\/em>, la bolla pontificia con cui papa Francesco ha indetto il Giubileo col tema \u201cpellegrini di speranza\u201d, e <em><u>La scommessa<\/u><\/em>, la lettera alla comunit\u00e0 per l\u2019anno pastorale 2024-2025 del Vescovo di Trento.<\/p>\n<p>Quest\u2019anno il sussidio ha il formato di un calendario appendibile che propone giornalmente una breve riflessione sul Vangelo del giorno.<\/p>\n<p>Per i contenuti abbiamo chiesto la collaborazione ad alcuni <strong>missionari trentini<\/strong>. Volevamo che ci aiutassero a vedere i segni di speranza che ci sono nel mondo. Qualcuno ha portato esperienze di vita, qualcuno ha fatto un\u2019analisi dei testi di riferimento, qualcuno ha fatto un po\u2019 e un po\u2019. Il bello di uno strumento scritto a pi\u00f9 mani \u00e8 proprio la pluralit\u00e0 di visioni e la variet\u00e0 di spunti di riflessione.<\/p>\n<hr \/>\n<p style=\"text-align: center\"><a href=\"https:\/\/www.diocesitn.it\/area-testimonianza\/centro-missionario-diocesano\/appuntamenti-missionari\/#quar\">Le proposte degli anni passati<\/a><\/p>\n","protected":false},"excerpt":{"rendered":"<p>Gli strumenti diocesani per l&#8217;accompagnamento spirituale nel tempo di Quaresima verranno distribuiti a partire da mercoled\u00ec 19 febbraio. Il tutto \u00e8 anche scaricabile dal sito.<\/p>\n","protected":false},"author":161,"featured_media":17069,"comment_status":"closed","ping_status":"closed","sticky":false,"template":"","format":"standard","meta":{"footnotes":""},"categories":[1074,1151],"tags":[2494,2058,1435,1244,1782],"class_list":["post-17011","post","type-post","status-publish","format-standard","has-post-thumbnail","hentry","category-notizie","category-servizio-missionario","tag-2494","tag-gioqua","tag-materiale","tag-digiuno-rinuncia-quaresima","tag-sussidio"],"acf":{"seed-localization-paese-cod":"IT","seed-localization-address":"","seed-localization-citta":"Trento","seed-localization-regione-cod-istat":"04","seed-localization-citta-cod-istat":"022205","seed-localization-localita":"","seed-localization-cap":"","seed-localization-marker-visibility":false,"seed-localization-children-visibility":false,"seed-localization-kml":"","seed-localization-custom-marker":""},"yoast_head":"<!-- This site is optimized with the Yoast SEO Premium plugin v20.2.1 (Yoast SEO v22.2) - https:\/\/yoast.com\/wordpress\/plugins\/seo\/ -->\n<title>Quaresima 2025. Strumenti diocesani per l&#039;accompagnamento spirituale<\/title>\n<meta name=\"description\" content=\"Quali sono gli strumenti proposti con tempi e modi per il ritiro\" \/>\n<meta name=\"robots\" content=\"index, follow, max-snippet:-1, max-image-preview:large, max-video-preview:-1\" \/>\n<link rel=\"canonical\" href=\"https:\/\/www.diocesitn.it\/area-testimonianza\/2025\/02\/10\/quaresima-2025-strumenti\/\" \/>\n<meta property=\"og:locale\" content=\"it_IT\" \/>\n<meta property=\"og:type\" content=\"article\" \/>\n<meta property=\"og:title\" content=\"Quaresima 2025. Strumenti diocesani per l&#039;accompagnamento spirituale\" \/>\n<meta property=\"og:description\" content=\"Quali sono gli strumenti proposti con tempi e modi per il ritiro\" \/>\n<meta property=\"og:url\" content=\"https:\/\/www.diocesitn.it\/area-testimonianza\/2025\/02\/10\/quaresima-2025-strumenti\/\" \/>\n<meta property=\"og:site_name\" content=\"Testimonianza e Impegno sociale\" \/>\n<meta property=\"article:published_time\" content=\"2025-02-10T08:18:03+00:00\" \/>\n<meta property=\"article:modified_time\" content=\"2025-04-15T11:31:12+00:00\" \/>\n<meta property=\"og:image\" content=\"https:\/\/www.diocesitn.it\/area-testimonianza\/wp-content\/uploads\/sites\/37\/2025\/02\/Quaresima-2025-banner.jpg\" \/>\n\t<meta property=\"og:image:width\" content=\"560\" \/>\n\t<meta property=\"og:image:height\" content=\"315\" \/>\n\t<meta property=\"og:image:type\" content=\"image\/jpeg\" \/>\n<meta name=\"author\" content=\"smaule\" \/>\n<meta name=\"twitter:card\" content=\"summary_large_image\" \/>\n<meta name=\"twitter:label1\" content=\"Scritto da\" \/>\n\t<meta name=\"twitter:data1\" content=\"smaule\" \/>\n\t<meta name=\"twitter:label2\" content=\"Tempo di lettura stimato\" \/>\n\t<meta name=\"twitter:data2\" content=\"4 minuti\" \/>\n<script type=\"application\/ld+json\" class=\"yoast-schema-graph\">{\"@context\":\"https:\/\/schema.org\",\"@graph\":[{\"@type\":\"Article\",\"@id\":\"https:\/\/www.diocesitn.it\/area-testimonianza\/2025\/02\/10\/quaresima-2025-strumenti\/#article\",\"isPartOf\":{\"@id\":\"https:\/\/www.diocesitn.it\/area-testimonianza\/2025\/02\/10\/quaresima-2025-strumenti\/\"},\"author\":{\"name\":\"smaule\",\"@id\":\"https:\/\/www.diocesitn.it\/area-testimonianza\/#\/schema\/person\/bac489aafb7f98c1ca25f76c27174a95\"},\"headline\":\"Quaresima 2025. Strumenti diocesani per l&#8217;accompagnamento spirituale\",\"datePublished\":\"2025-02-10T08:18:03+00:00\",\"dateModified\":\"2025-04-15T11:31:12+00:00\",\"mainEntityOfPage\":{\"@id\":\"https:\/\/www.diocesitn.it\/area-testimonianza\/2025\/02\/10\/quaresima-2025-strumenti\/\"},\"wordCount\":528,\"publisher\":{\"@id\":\"https:\/\/www.diocesitn.it\/area-testimonianza\/#organization\"},\"image\":{\"@id\":\"https:\/\/www.diocesitn.it\/area-testimonianza\/2025\/02\/10\/quaresima-2025-strumenti\/#primaryimage\"},\"thumbnailUrl\":\"https:\/\/www.diocesitn.it\/area-testimonianza\/wp-content\/uploads\/sites\/37\/2025\/02\/Quaresima-2025-banner.jpg\",\"keywords\":[\"2025\",\"GioQua\",\"materiale\",\"Quaresima\",\"sussidio\"],\"articleSection\":[\"Notizie\",\"Pastorale Missionaria\"],\"inLanguage\":\"it-IT\",\"copyrightYear\":\"2025\",\"copyrightHolder\":{\"@id\":\"https:\/\/www.diocesitn.it\/#organization\"}},{\"@type\":\"WebPage\",\"@id\":\"https:\/\/www.diocesitn.it\/area-testimonianza\/2025\/02\/10\/quaresima-2025-strumenti\/\",\"url\":\"https:\/\/www.diocesitn.it\/area-testimonianza\/2025\/02\/10\/quaresima-2025-strumenti\/\",\"name\":\"Quaresima 2025. Strumenti diocesani per l'accompagnamento spirituale\",\"isPartOf\":{\"@id\":\"https:\/\/www.diocesitn.it\/area-testimonianza\/#website\"},\"primaryImageOfPage\":{\"@id\":\"https:\/\/www.diocesitn.it\/area-testimonianza\/2025\/02\/10\/quaresima-2025-strumenti\/#primaryimage\"},\"image\":{\"@id\":\"https:\/\/www.diocesitn.it\/area-testimonianza\/2025\/02\/10\/quaresima-2025-strumenti\/#primaryimage\"},\"thumbnailUrl\":\"https:\/\/www.diocesitn.it\/area-testimonianza\/wp-content\/uploads\/sites\/37\/2025\/02\/Quaresima-2025-banner.jpg\",\"datePublished\":\"2025-02-10T08:18:03+00:00\",\"dateModified\":\"2025-04-15T11:31:12+00:00\",\"description\":\"Quali sono gli strumenti proposti con tempi e modi per il ritiro\",\"breadcrumb\":{\"@id\":\"https:\/\/www.diocesitn.it\/area-testimonianza\/2025\/02\/10\/quaresima-2025-strumenti\/#breadcrumb\"},\"inLanguage\":\"it-IT\",\"potentialAction\":[{\"@type\":\"ReadAction\",\"target\":[\"https:\/\/www.diocesitn.it\/area-testimonianza\/2025\/02\/10\/quaresima-2025-strumenti\/\"]}]},{\"@type\":\"ImageObject\",\"inLanguage\":\"it-IT\",\"@id\":\"https:\/\/www.diocesitn.it\/area-testimonianza\/2025\/02\/10\/quaresima-2025-strumenti\/#primaryimage\",\"url\":\"https:\/\/www.diocesitn.it\/area-testimonianza\/wp-content\/uploads\/sites\/37\/2025\/02\/Quaresima-2025-banner.jpg\",\"contentUrl\":\"https:\/\/www.diocesitn.it\/area-testimonianza\/wp-content\/uploads\/sites\/37\/2025\/02\/Quaresima-2025-banner.jpg\",\"width\":560,\"height\":315},{\"@type\":\"BreadcrumbList\",\"@id\":\"https:\/\/www.diocesitn.it\/area-testimonianza\/2025\/02\/10\/quaresima-2025-strumenti\/#breadcrumb\",\"itemListElement\":[{\"@type\":\"ListItem\",\"position\":1,\"name\":\"Home\",\"item\":\"https:\/\/www.diocesitn.it\/area-testimonianza\/\"},{\"@type\":\"ListItem\",\"position\":2,\"name\":\"Quaresima 2025. Strumenti diocesani per l&#8217;accompagnamento spirituale\"}]},{\"@type\":\"WebSite\",\"@id\":\"https:\/\/www.diocesitn.it\/area-testimonianza\/#website\",\"url\":\"https:\/\/www.diocesitn.it\/area-testimonianza\/\",\"name\":\"Testimonianza e Impegno sociale\",\"description\":\"Chiesa di Trento\",\"publisher\":{\"@id\":\"https:\/\/www.diocesitn.it\/area-testimonianza\/#organization\"},\"potentialAction\":[{\"@type\":\"SearchAction\",\"target\":{\"@type\":\"EntryPoint\",\"urlTemplate\":\"https:\/\/www.diocesitn.it\/area-testimonianza\/?s={search_term_string}\"},\"query-input\":\"required name=search_term_string\"}],\"inLanguage\":\"it-IT\"},{\"@type\":[\"Organization\",\"Place\"],\"@id\":\"https:\/\/www.diocesitn.it\/area-testimonianza\/#organization\",\"name\":\"Area Testimonianza e Impegno Sociale - Chiesa di Trento\",\"url\":\"https:\/\/www.diocesitn.it\/area-testimonianza\/\",\"logo\":{\"@id\":\"https:\/\/www.diocesitn.it\/area-testimonianza\/2025\/02\/10\/quaresima-2025-strumenti\/#local-main-organization-logo\"},\"image\":{\"@id\":\"https:\/\/www.diocesitn.it\/area-testimonianza\/2025\/02\/10\/quaresima-2025-strumenti\/#local-main-organization-logo\"},\"openingHoursSpecification\":[{\"@type\":\"OpeningHoursSpecification\",\"dayOfWeek\":[\"Monday\",\"Tuesday\",\"Wednesday\",\"Thursday\",\"Friday\",\"Saturday\",\"Sunday\"],\"opens\":\"09:00\",\"closes\":\"17:00\"}]},{\"@type\":\"ImageObject\",\"inLanguage\":\"it-IT\",\"@id\":\"https:\/\/www.diocesitn.it\/area-testimonianza\/2025\/02\/10\/quaresima-2025-strumenti\/#local-main-organization-logo\",\"url\":\"https:\/\/www.diocesitn.it\/area-testimonianza\/wp-content\/uploads\/sites\/37\/2021\/09\/og-logo-testimonianza-e-impegno-sociale.jpg\",\"contentUrl\":\"https:\/\/www.diocesitn.it\/area-testimonianza\/wp-content\/uploads\/sites\/37\/2021\/09\/og-logo-testimonianza-e-impegno-sociale.jpg\",\"width\":1200,\"height\":630,\"caption\":\"Area Testimonianza e Impegno Sociale - Chiesa di Trento\"}]}<\/script>\n<!-- \/ Yoast SEO Premium plugin. -->","yoast_head_json":{"title":"Quaresima 2025. Strumenti diocesani per l'accompagnamento spirituale","description":"Quali sono gli strumenti proposti con tempi e modi per il ritiro","robots":{"index":"index","follow":"follow","max-snippet":"max-snippet:-1","max-image-preview":"max-image-preview:large","max-video-preview":"max-video-preview:-1"},"canonical":"https:\/\/www.diocesitn.it\/area-testimonianza\/2025\/02\/10\/quaresima-2025-strumenti\/","og_locale":"it_IT","og_type":"article","og_title":"Quaresima 2025. Strumenti diocesani per l'accompagnamento spirituale","og_description":"Quali sono gli strumenti proposti con tempi e modi per il ritiro","og_url":"https:\/\/www.diocesitn.it\/area-testimonianza\/2025\/02\/10\/quaresima-2025-strumenti\/","og_site_name":"Testimonianza e Impegno sociale","article_published_time":"2025-02-10T08:18:03+00:00","article_modified_time":"2025-04-15T11:31:12+00:00","og_image":[{"width":560,"height":315,"url":"https:\/\/www.diocesitn.it\/area-testimonianza\/wp-content\/uploads\/sites\/37\/2025\/02\/Quaresima-2025-banner.jpg","type":"image\/jpeg"}],"author":"smaule","twitter_card":"summary_large_image","twitter_misc":{"Scritto da":"smaule","Tempo di lettura stimato":"4 minuti"},"schema":{"@context":"https:\/\/schema.org","@graph":[{"@type":"Article","@id":"https:\/\/www.diocesitn.it\/area-testimonianza\/2025\/02\/10\/quaresima-2025-strumenti\/#article","isPartOf":{"@id":"https:\/\/www.diocesitn.it\/area-testimonianza\/2025\/02\/10\/quaresima-2025-strumenti\/"},"author":{"name":"smaule","@id":"https:\/\/www.diocesitn.it\/area-testimonianza\/#\/schema\/person\/bac489aafb7f98c1ca25f76c27174a95"},"headline":"Quaresima 2025. Strumenti diocesani per l&#8217;accompagnamento spirituale","datePublished":"2025-02-10T08:18:03+00:00","dateModified":"2025-04-15T11:31:12+00:00","mainEntityOfPage":{"@id":"https:\/\/www.diocesitn.it\/area-testimonianza\/2025\/02\/10\/quaresima-2025-strumenti\/"},"wordCount":528,"publisher":{"@id":"https:\/\/www.diocesitn.it\/area-testimonianza\/#organization"},"image":{"@id":"https:\/\/www.diocesitn.it\/area-testimonianza\/2025\/02\/10\/quaresima-2025-strumenti\/#primaryimage"},"thumbnailUrl":"https:\/\/www.diocesitn.it\/area-testimonianza\/wp-content\/uploads\/sites\/37\/2025\/02\/Quaresima-2025-banner.jpg","keywords":["2025","GioQua","materiale","Quaresima","sussidio"],"articleSection":["Notizie","Pastorale Missionaria"],"inLanguage":"it-IT","copyrightYear":"2025","copyrightHolder":{"@id":"https:\/\/www.diocesitn.it\/#organization"}},{"@type":"WebPage","@id":"https:\/\/www.diocesitn.it\/area-testimonianza\/2025\/02\/10\/quaresima-2025-strumenti\/","url":"https:\/\/www.diocesitn.it\/area-testimonianza\/2025\/02\/10\/quaresima-2025-strumenti\/","name":"Quaresima 2025. Strumenti diocesani per l'accompagnamento spirituale","isPartOf":{"@id":"https:\/\/www.diocesitn.it\/area-testimonianza\/#website"},"primaryImageOfPage":{"@id":"https:\/\/www.diocesitn.it\/area-testimonianza\/2025\/02\/10\/quaresima-2025-strumenti\/#primaryimage"},"image":{"@id":"https:\/\/www.diocesitn.it\/area-testimonianza\/2025\/02\/10\/quaresima-2025-strumenti\/#primaryimage"},"thumbnailUrl":"https:\/\/www.diocesitn.it\/area-testimonianza\/wp-content\/uploads\/sites\/37\/2025\/02\/Quaresima-2025-banner.jpg","datePublished":"2025-02-10T08:18:03+00:00","dateModified":"2025-04-15T11:31:12+00:00","description":"Quali sono gli strumenti proposti con tempi e modi per il ritiro","breadcrumb":{"@id":"https:\/\/www.diocesitn.it\/area-testimonianza\/2025\/02\/10\/quaresima-2025-strumenti\/#breadcrumb"},"inLanguage":"it-IT","potentialAction":[{"@type":"ReadAction","target":["https:\/\/www.diocesitn.it\/area-testimonianza\/2025\/02\/10\/quaresima-2025-strumenti\/"]}]},{"@type":"ImageObject","inLanguage":"it-IT","@id":"https:\/\/www.diocesitn.it\/area-testimonianza\/2025\/02\/10\/quaresima-2025-strumenti\/#primaryimage","url":"https:\/\/www.diocesitn.it\/area-testimonianza\/wp-content\/uploads\/sites\/37\/2025\/02\/Quaresima-2025-banner.jpg","contentUrl":"https:\/\/www.diocesitn.it\/area-testimonianza\/wp-content\/uploads\/sites\/37\/2025\/02\/Quaresima-2025-banner.jpg","width":560,"height":315},{"@type":"BreadcrumbList","@id":"https:\/\/www.diocesitn.it\/area-testimonianza\/2025\/02\/10\/quaresima-2025-strumenti\/#breadcrumb","itemListElement":[{"@type":"ListItem","position":1,"name":"Home","item":"https:\/\/www.diocesitn.it\/area-testimonianza\/"},{"@type":"ListItem","position":2,"name":"Quaresima 2025. Strumenti diocesani per l&#8217;accompagnamento spirituale"}]},{"@type":"WebSite","@id":"https:\/\/www.diocesitn.it\/area-testimonianza\/#website","url":"https:\/\/www.diocesitn.it\/area-testimonianza\/","name":"Testimonianza e Impegno sociale","description":"Chiesa di Trento","publisher":{"@id":"https:\/\/www.diocesitn.it\/area-testimonianza\/#organization"},"potentialAction":[{"@type":"SearchAction","target":{"@type":"EntryPoint","urlTemplate":"https:\/\/www.diocesitn.it\/area-testimonianza\/?s={search_term_string}"},"query-input":"required name=search_term_string"}],"inLanguage":"it-IT"},{"@type":["Organization","Place"],"@id":"https:\/\/www.diocesitn.it\/area-testimonianza\/#organization","name":"Area Testimonianza e Impegno Sociale - Chiesa di Trento","url":"https:\/\/www.diocesitn.it\/area-testimonianza\/","logo":{"@id":"https:\/\/www.diocesitn.it\/area-testimonianza\/2025\/02\/10\/quaresima-2025-strumenti\/#local-main-organization-logo"},"image":{"@id":"https:\/\/www.diocesitn.it\/area-testimonianza\/2025\/02\/10\/quaresima-2025-strumenti\/#local-main-organization-logo"},"openingHoursSpecification":[{"@type":"OpeningHoursSpecification","dayOfWeek":["Monday","Tuesday","Wednesday","Thursday","Friday","Saturday","Sunday"],"opens":"09:00","closes":"17:00"}]},{"@type":"ImageObject","inLanguage":"it-IT","@id":"https:\/\/www.diocesitn.it\/area-testimonianza\/2025\/02\/10\/quaresima-2025-strumenti\/#local-main-organization-logo","url":"https:\/\/www.diocesitn.it\/area-testimonianza\/wp-content\/uploads\/sites\/37\/2021\/09\/og-logo-testimonianza-e-impegno-sociale.jpg","contentUrl":"https:\/\/www.diocesitn.it\/area-testimonianza\/wp-content\/uploads\/sites\/37\/2021\/09\/og-logo-testimonianza-e-impegno-sociale.jpg","width":1200,"height":630,"caption":"Area Testimonianza e Impegno Sociale - Chiesa di Trento"}]}},"_links":{"self":[{"href":"https:\/\/www.diocesitn.it\/area-testimonianza\/wp-json\/wp\/v2\/posts\/17011","targetHints":{"allow":["GET"]}}],"collection":[{"href":"https:\/\/www.diocesitn.it\/area-testimonianza\/wp-json\/wp\/v2\/posts"}],"about":[{"href":"https:\/\/www.diocesitn.it\/area-testimonianza\/wp-json\/wp\/v2\/types\/post"}],"author":[{"embeddable":true,"href":"https:\/\/www.diocesitn.it\/area-testimonianza\/wp-json\/wp\/v2\/users\/161"}],"replies":[{"embeddable":true,"href":"https:\/\/www.diocesitn.it\/area-testimonianza\/wp-json\/wp\/v2\/comments?post=17011"}],"version-history":[{"count":3,"href":"https:\/\/www.diocesitn.it\/area-testimonianza\/wp-json\/wp\/v2\/posts\/17011\/revisions"}],"predecessor-version":[{"id":17222,"href":"https:\/\/www.diocesitn.it\/area-testimonianza\/wp-json\/wp\/v2\/posts\/17011\/revisions\/17222"}],"wp:featuredmedia":[{"embeddable":true,"href":"https:\/\/www.diocesitn.it\/area-testimonianza\/wp-json\/wp\/v2\/media\/17069"}],"wp:attachment":[{"href":"https:\/\/www.diocesitn.it\/area-testimonianza\/wp-json\/wp\/v2\/media?parent=17011"}],"wp:term":[{"taxonomy":"category","embeddable":true,"href":"https:\/\/www.diocesitn.it\/area-testimonianza\/wp-json\/wp\/v2\/categories?post=17011"},{"taxonomy":"post_tag","embeddable":true,"href":"https:\/\/www.diocesitn.it\/area-testimonianza\/wp-json\/wp\/v2\/tags?post=17011"}],"curies":[{"name":"wp","href":"https:\/\/api.w.org\/{rel}","templated":true}]}}