{"id":16925,"date":"2025-02-03T15:53:53","date_gmt":"2025-02-03T14:53:53","guid":{"rendered":"https:\/\/www.diocesitn.it\/area-testimonianza\/2025\/02\/03\/inaugurato-a-rovereto-il-pasto-della-provvidenza-nuovo-servizio-mensa-della-fondazione-caritas-negli-spazi-messi-a-disposizione-dal-comune-2\/"},"modified":"2025-02-20T09:38:30","modified_gmt":"2025-02-20T08:38:30","slug":"inaugurato-a-rovereto-il-pasto-della-provvidenza-nuovo-servizio-mensa-della-fondazione-caritas-negli-spazi-messi-a-disposizione-dal-comune-2","status":"publish","type":"post","link":"https:\/\/www.diocesitn.it\/area-testimonianza\/2025\/02\/03\/inaugurato-a-rovereto-il-pasto-della-provvidenza-nuovo-servizio-mensa-della-fondazione-caritas-negli-spazi-messi-a-disposizione-dal-comune-2\/","title":{"rendered":"Inaugurato a Rovereto il \u201cPasto della provvidenza\u201d, nuovo servizio mensa della Fondazione Caritas, negli spazi messi a disposizione dal Comune"},"content":{"rendered":"<p>Una stanza ospitale, ben arredata, tavole e sedie per venti posti a sedere, quadri alle pareti. \u00c8 il \u201cPasto della provvidenza\u201d, la nuova mensa serale di Rovereto per tutti i bisognosi, inaugurata il 3 febbraio.<\/p>\n<p><!--more-->L&#8217;inaugurazione si \u00e8 svolta alla presenza dell\u2019<strong>arcivescovo di Trento Lauro Tisi<\/strong>, della <strong>sindaca di Rovereto Giulia Robol<\/strong>, dell\u2019assessora comunale alla cura e al benessere sociale <strong>Arianna Miorandi<\/strong>, di <strong>don Mauro Leonardelli<\/strong>, delegato Area testimonianza e impegno sociale, di <strong>Fabio Chiari<\/strong> direttore Caritas diocesana, di <strong>Cristian Gatti<\/strong>, coordinatore progetto &#8220;Pasto della Provvidenza&#8221;, e di <strong>don Marco Saiani<\/strong> parroco San Marco e Sacra Famiglia.<\/p>\n<p>Con loro anche molti dei volontari coinvolti nel \u201cPasto della Provvidenza\u201d, provenienti dalle parrocchie della <strong>Zona pastorale della Vallagarina<\/strong>, nonch\u00e9 i rappresentanti di altre realt\u00e0 che in citt\u00e0 si occupano di aiuto alimentare.<\/p>\n<h4>Un pasto caldo ogni giorno dell&#8217;anno<\/h4>\n<p>La nuova struttura, aperta a tutti e in grado di distribuire una <strong>sessantina di pasti caldi serali<\/strong>, <strong>sette giorni su sette<\/strong>, si deve a un duplice atto di generosit\u00e0. Generosit\u00e0 prima di tutto da parte dei volontari che mettono a disposizione gratuitamente il loro tempo nella preparazione e nella distribuzione dei pasti nelle cucine della mensa di via Campagnole, e generosit\u00e0 da parte del Comune di Rovereto che ha messo a disposizione gratuitamente i locali, dopo aver completato a tempo di record i lavori per ristrutturare e adattare gli spazi al alla nuova destinazione.<\/p>\n<p>Il servizio si affianca all\u2019attivit\u00e0 dell\u2019adiacente <strong>Casa di Accoglienza \u201cIl Portico\u201d<\/strong>, sempre gestita da Fondazione Caritas e che gi\u00e0 offre ospitalit\u00e0 a <strong>30 persone<\/strong> (38 nel periodo invernale) con pranzo, cena, posto letto, docce e lavanderia.<\/p>\n<p>A mezzogiorno il servizio mensa \u00e8 sempre stato aperto non solo per gli ospiti del Portico, ma per chiunque ne avesse bisogno, sette giorni su sette. Alla sera il servizio mensa era disponibile finora per i soli ospiti pernottanti al Portico. Per far fronte alle nuove emergenze, a partire dal 2023 in via sperimentale era stata introdotta la <strong>distribuzione del cestino serale<\/strong>, con panini, bibite e un frutto per le persone non ospitate in Casa di accoglienza.<\/p>\n<h4>In un anno distribuiti al Portico 17 mila pasti e 2500 cestini<\/h4>\n<p>Il <strong>numero dei pasti<\/strong> distribuito nel corso del <strong>2024<\/strong> aiuta a mettere a fuoco la mappa del disagio: <strong>8340 alla mensa diurna, 8917 a quella serale, 2478 i cestini<\/strong>.<\/p>\n<p>Proprio la domanda crescente di un pasto caldo la sera da parte di persone al di fuori di quelle ospitate al Portico, certificato dal numero dei cestini distribuiti, ha spinto gli organizzatori ad ampliare l\u2019offerta.\u00a0Per questo si \u00e8 esteso il coinvolgimento delle parrocchie \u2013 gi\u00e0 attive nella preparazione dei pasti per il Portico \u2013 e con il supporto della Caritas e dell\u2019assessorato ai Servizi sociali lo scorso luglio \u00e8 stato costituito un gruppo di lavoro per <strong>co-progettare e organizzare il nuovo servizio mensa<\/strong>, sapendo di poter contare, come punto di forza, su un\u2019ampia rete di volontariato.<\/p>\n<p>Un ulteriore impulso al progetto \u00e8 arrivato ad ottobre quando il Comune di Rovereto ha messo a disposizione i nuovi spazi della Apsp Vannetti. \u00c8 servito un po\u2019 di tempo per adattare i locali alla nuova destinazione, ma adesso si \u00e8 pronti a partire con il nuovo servizio di distribuzione battezzato \u201cPasto della provvidenza\u201d.<\/p>\n<h4>Oltre 160 volontari coinvolti<\/h4>\n<p>Nel progetto \u00e8 attiva una fitta rete di volontari (oltre 160 persone impegnate nel cucinare e distribuire il cibo) coordinati dalla Caritas diocesana. In citt\u00e0 le comunit\u00e0 coinvolte sono <strong>San Giuseppe<\/strong>, <strong>Santa Caterina<\/strong>, <strong>Borgo Sacco-San Giorgio<\/strong>, <strong>Santa Maria<\/strong>; nel resto della Vallagarina: <strong>Besenello<\/strong>, <strong>Ala<\/strong>, <strong>Sano<\/strong>, <strong>Nomi-Pomarolo e Volano<\/strong>.<\/p>\n<p>Un importante sostegno alla nuova iniziativa solidale \u00e8 giunto dal Lions Host di Rovereto (in particolare con il supporto di ITAS Assicurazioni) i cui soci si dicono \u201conorati di aver avuto l\u2019opportunit\u00e0 di contribuire a creare un ambiente pi\u00f9 accogliente e dignitoso per coloro che ogni giorno si rivolgono alla mensa per soddisfare i propri bisogni primari\u201d.<\/p>\n<h4>Il vescovo Lauro<\/h4>\n<p>\u201cQuesto spazio &#8211; ha detto <strong>l\u2019arcivescovo di Trento don Lauro Tisi<\/strong> prima di benedire la nuova iniziativa &#8211;\u00a0 \u00e8 frutto di un percorso che ha visto protagonisti l\u2019amministrazione comunale, l\u2019Apsp Vannetti, il Lions e le comunit\u00e0 parrocchiali. E questo mettersi insieme per fare sinergia \u00e8 una notizia bellissima in quest\u2019ora di frantumazione, nella quale il singolo \u00e8 convinto che da solo pu\u00f2 risolvere i problemi del mondo. Ma i problemi del mondo si risolvono solo attraverso un percorso di collaborazione, come il progetto di oggi dimostra&#8221;.<\/p>\n<p>&#8220;Un secondo segnale importante &#8211; ha aggiunto don Lauro &#8211; \u00e8 che a portarci qui sono i poveri. Fra i volontari si trovano riuniti insieme sia credenti sia non credenti, uniti nella carit\u00e0, una parola non solo religiosa ma profondamente umana, uniti per andare incontro alle necessit\u00e0 del povero. Un terzo punto fondamentale \u00e8 che il progetto si basa sull\u2019apporto gratuito dei volontari. E questo rappresenta il valore aggiunto dell\u2019iniziativa, perch\u00e9 non si tratta solo di dare un pasto, ma di incrociare sguardi, vedere volti e di immaginare percorsi attraverso i quali il pasto non sar\u00e0 pi\u00f9 necessario\u201d.<\/p>\n<h4>La sindaca Robol<\/h4>\n<p>\u201cL\u2019inaugurazione della nuova mensa &#8211; ha sottolineato la sindaca di <strong>Rovereto Giulia Robol<\/strong>: segna un momento importante nella vita di Rovereto come citt\u00e0 accogliente e attenta nei confronti delle persone pi\u00f9 fragili e pi\u00f9 esposte alle difficolt\u00e0 della vita. Una risposta al disagio e all\u2019emergenza tanto pi\u00f9 importante in quanto risposta corale, nata dalla partecipazione di pi\u00f9 soggetti, Comune e Caritas e volontari&#8221;.<\/p>\n<p>&#8220;Il mio ringraziamento &#8211; ha detto inoltre la sindaca &#8211; va anche agli oltre 100 volontari che si sono resi disponibili ad attivare questa iniziativa. Voglio anche ringraziare la disponibilit\u00e0 dell\u2019Apsp Vannetti interessata da un importante cantiere per la collaborazione al raggiungimento dell\u2019obiettivo. Il \u201cpasto della provvidenza\u201d della casa di accoglienza il Portico da oggi sar\u00e0 attivo sia a pranzo che a cena e rappresenta un gesto di accoglienza importante che cerca di limitare le situazioni di marginalit\u00e0 ormai sempre pi\u00f9 presenti\u201d.<\/p>\n<h4>L&#8217;assessora Miorandi<\/h4>\n<p>\u201cRingrazio tutti quelli che hanno lavorato in questi mesi intensi per arrivare &#8211; ha aggiunto l\u2019assessora alla cura e al benessere sociale <strong>Arianna Miorandi<\/strong> &#8211; a un risultato concreto in poco tempo, un progetto che tutta la citt\u00e0 di Rovereto ha voluto con molti incontri con i vari soggetti, tra i quali la Caritas diocesana, l\u2019Apsp Vannetti e tutti i volontari. C\u2019era la necessit\u00e0 di uno spazio, c\u2019erano diverse possibilit\u00e0, ma questo si \u00e8 dimostrato il pi\u00f9 idoneo per la vicinanza con la Vannetti. \u00c8 un progetto molto sentito che crescer\u00e0 nei prossimi mesi, e che fa di Rovereto una citt\u00e0 veramente accogliente e ospitale.\u201d<\/p>\n<h4>I Lions<\/h4>\n<p>Un importante sostegno alla nuova iniziativa solidale \u00e8 giunto dal <strong>Lions Host di Rovereto<\/strong> (in particolare con il supporto di ITAS Assicurazioni) i cui soci si dicono \u201conorati di aver avuto l\u2019opportunit\u00e0 di contribuire a creare un ambiente pi\u00f9 accogliente e dignitoso per coloro che ogni giorno si rivolgono alla mensa per soddisfare i propri bisogni primari\u201d.<\/p>\n\n\n\t\t<style type='text\/css'>\n\n\t\t\t\/* PhotoSwipe Plugin *\/\n\t\t\t.psgal {\n\t\t\t\tmargin: auto;\n\t\t\t\tpadding-bottom:40px;\n\n\t\t\t\t-webkit-transition: all 0.4s ease;\n\t\t\t\t-moz-transition: all 0.4s ease;\n\t\t\t\t-o-transition: all 0.4s ease;\n\t\t\t\ttransition: all 0.4s ease;\n\t\t\t}\n\n\t\t\t.psgal figure {\n\t\t\t\tfloat: left;\n\t\t\t\ttext-align: center;\n    \t\t\twidth: 200px;\n                max-width: 50%;\n\t\t\t\tpadding:5px;\n\t\t\t\tmargin: 0px;\n\t\t\t\tbox-sizing:border-box;\n\t\t\t}\n\t\t\t.psgal a{\n\t\t\t\tdisplay:block;\n\t\t\t}\n\t\t\t.psgal figure figcaption{\n\t\t\t\tfont-size:13px;\n\t\t\t}\n\n\t\t\t.msnry{\n\t\t\t\tmargin:auto;\n\t\t\t}\n\t\t\t.pswp__caption__center{\n\t\t\t\ttext-align: center;\n\t\t\t}\n\t\t\t\n\n\t\t\t.photoswipe-gallery-caption{\n\t\t\t\tdisplay:none;\n\t\t\t}\n\n\t\t\t\n\t\t<\/style> <div style=\"clear:both\"><\/div>\n\n\t\t<div id=\"psgal_16925_1\" class=\"ps-gallery psgal gallery-columns-3 gallery-size-thumbnail\" itemscope itemtype=\"http:\/\/schema.org\/ImageGallery\" >\n\t\t\t\t<figure class=\"msnry_item\" itemscope itemtype=\"http:\/\/schema.org\/ImageObject\">\n\t\t\t\t\t<a href=\"https:\/\/www.diocesitn.it\/area-testimonianza\/wp-content\/uploads\/sites\/37\/2025\/02\/Pasto_Provvidenza_3fe25_7-1024x768.jpg\"\n\t\t\t\t\titemprop=\"contentUrl\"\n\t\t\t\t\tdata-pswp-width=\"800\" \n\t\t\t\t    data-pswp-height=\"600\" \n\t\t\t\t    data-cropped=\"true\"\n\t\t\t\t\tdata-caption=\"\"\n\t\t\t\t\tclass=\"post-thumbnail-image-link container-fixed-aspect-ratio__16-9\">\n\t\t\t\t        <img src=https:\/\/www.diocesitn.it\/area-testimonianza\/wp-content\/uploads\/sites\/37\/2025\/02\/Pasto_Provvidenza_3fe25_7-300x225.jpg itemprop=\"thumbnail\" alt=\"\"  \/>\n\t\t\t\t    <\/a>\n\t\t\t\t    <figcaption class=\"photoswipe-gallery-caption\" ><\/figcaption>\n\t\t\t    <\/figure>\n\t\t\t\t\n\t\t\t\t<figure class=\"msnry_item\" itemscope itemtype=\"http:\/\/schema.org\/ImageObject\">\n\t\t\t\t\t<a href=\"https:\/\/www.diocesitn.it\/area-testimonianza\/wp-content\/uploads\/sites\/37\/2025\/02\/Pasto_Provvidenza_3fe25_6-1024x768.jpg\"\n\t\t\t\t\titemprop=\"contentUrl\"\n\t\t\t\t\tdata-pswp-width=\"800\" \n\t\t\t\t    data-pswp-height=\"600\" \n\t\t\t\t    data-cropped=\"true\"\n\t\t\t\t\tdata-caption=\"\"\n\t\t\t\t\tclass=\"post-thumbnail-image-link container-fixed-aspect-ratio__16-9\">\n\t\t\t\t        <img src=https:\/\/www.diocesitn.it\/area-testimonianza\/wp-content\/uploads\/sites\/37\/2025\/02\/Pasto_Provvidenza_3fe25_6-300x225.jpg itemprop=\"thumbnail\" alt=\"\"  \/>\n\t\t\t\t    <\/a>\n\t\t\t\t    <figcaption class=\"photoswipe-gallery-caption\" ><\/figcaption>\n\t\t\t    <\/figure>\n\t\t\t\t\n\t\t\t\t<figure class=\"msnry_item\" itemscope itemtype=\"http:\/\/schema.org\/ImageObject\">\n\t\t\t\t\t<a href=\"https:\/\/www.diocesitn.it\/area-testimonianza\/wp-content\/uploads\/sites\/37\/2025\/02\/Pasto_Provvidenza_3fe25_5-1024x768.jpg\"\n\t\t\t\t\titemprop=\"contentUrl\"\n\t\t\t\t\tdata-pswp-width=\"800\" \n\t\t\t\t    data-pswp-height=\"600\" \n\t\t\t\t    data-cropped=\"true\"\n\t\t\t\t\tdata-caption=\"\"\n\t\t\t\t\tclass=\"post-thumbnail-image-link container-fixed-aspect-ratio__16-9\">\n\t\t\t\t        <img src=https:\/\/www.diocesitn.it\/area-testimonianza\/wp-content\/uploads\/sites\/37\/2025\/02\/Pasto_Provvidenza_3fe25_5-300x225.jpg itemprop=\"thumbnail\" alt=\"\"  \/>\n\t\t\t\t    <\/a>\n\t\t\t\t    <figcaption class=\"photoswipe-gallery-caption\" ><\/figcaption>\n\t\t\t    <\/figure>\n\t\t\t\t\n\t\t\t\t<figure class=\"msnry_item\" itemscope itemtype=\"http:\/\/schema.org\/ImageObject\">\n\t\t\t\t\t<a href=\"https:\/\/www.diocesitn.it\/area-testimonianza\/wp-content\/uploads\/sites\/37\/2025\/02\/Pasto_Provvidenza_3fe25_.jpg\"\n\t\t\t\t\titemprop=\"contentUrl\"\n\t\t\t\t\tdata-pswp-width=\"800\" \n\t\t\t\t    data-pswp-height=\"600\" \n\t\t\t\t    data-cropped=\"true\"\n\t\t\t\t\tdata-caption=\"\"\n\t\t\t\t\tclass=\"post-thumbnail-image-link container-fixed-aspect-ratio__16-9\">\n\t\t\t\t        <img src=https:\/\/www.diocesitn.it\/area-testimonianza\/wp-content\/uploads\/sites\/37\/2025\/02\/Pasto_Provvidenza_3fe25_-300x225.jpg itemprop=\"thumbnail\" alt=\"\"  \/>\n\t\t\t\t    <\/a>\n\t\t\t\t    <figcaption class=\"photoswipe-gallery-caption\" ><\/figcaption>\n\t\t\t    <\/figure>\n\t\t\t\t\n\t\t\t\t<figure class=\"msnry_item\" itemscope itemtype=\"http:\/\/schema.org\/ImageObject\">\n\t\t\t\t\t<a href=\"https:\/\/www.diocesitn.it\/area-testimonianza\/wp-content\/uploads\/sites\/37\/2025\/02\/Pasto_Provvidenza_3fe25_1-1024x811.jpg\"\n\t\t\t\t\titemprop=\"contentUrl\"\n\t\t\t\t\tdata-pswp-width=\"800\" \n\t\t\t\t    data-pswp-height=\"634\" \n\t\t\t\t    data-cropped=\"true\"\n\t\t\t\t\tdata-caption=\"\"\n\t\t\t\t\tclass=\"post-thumbnail-image-link container-fixed-aspect-ratio__16-9\">\n\t\t\t\t        <img src=https:\/\/www.diocesitn.it\/area-testimonianza\/wp-content\/uploads\/sites\/37\/2025\/02\/Pasto_Provvidenza_3fe25_1-300x238.jpg itemprop=\"thumbnail\" alt=\"\"  \/>\n\t\t\t\t    <\/a>\n\t\t\t\t    <figcaption class=\"photoswipe-gallery-caption\" ><\/figcaption>\n\t\t\t    <\/figure>\n\t\t\t\t\n\t\t\t\t<figure class=\"msnry_item\" itemscope itemtype=\"http:\/\/schema.org\/ImageObject\">\n\t\t\t\t\t<a href=\"https:\/\/www.diocesitn.it\/area-testimonianza\/wp-content\/uploads\/sites\/37\/2025\/02\/Pasto_Provvidenza_3fe25_4-1024x768.jpg\"\n\t\t\t\t\titemprop=\"contentUrl\"\n\t\t\t\t\tdata-pswp-width=\"800\" \n\t\t\t\t    data-pswp-height=\"600\" \n\t\t\t\t    data-cropped=\"true\"\n\t\t\t\t\tdata-caption=\"\"\n\t\t\t\t\tclass=\"post-thumbnail-image-link container-fixed-aspect-ratio__16-9\">\n\t\t\t\t        <img src=https:\/\/www.diocesitn.it\/area-testimonianza\/wp-content\/uploads\/sites\/37\/2025\/02\/Pasto_Provvidenza_3fe25_4-300x225.jpg itemprop=\"thumbnail\" alt=\"\"  \/>\n\t\t\t\t    <\/a>\n\t\t\t\t    <figcaption class=\"photoswipe-gallery-caption\" ><\/figcaption>\n\t\t\t    <\/figure>\n\t\t\t\t\n\t\t\t\t<figure class=\"msnry_item\" itemscope itemtype=\"http:\/\/schema.org\/ImageObject\">\n\t\t\t\t\t<a href=\"https:\/\/www.diocesitn.it\/area-testimonianza\/wp-content\/uploads\/sites\/37\/2025\/02\/Pasto_Provvidenza_3fe25_2-1024x768.jpg\"\n\t\t\t\t\titemprop=\"contentUrl\"\n\t\t\t\t\tdata-pswp-width=\"800\" \n\t\t\t\t    data-pswp-height=\"600\" \n\t\t\t\t    data-cropped=\"true\"\n\t\t\t\t\tdata-caption=\"\"\n\t\t\t\t\tclass=\"post-thumbnail-image-link container-fixed-aspect-ratio__16-9\">\n\t\t\t\t        <img src=https:\/\/www.diocesitn.it\/area-testimonianza\/wp-content\/uploads\/sites\/37\/2025\/02\/Pasto_Provvidenza_3fe25_2-300x225.jpg itemprop=\"thumbnail\" alt=\"\"  \/>\n\t\t\t\t    <\/a>\n\t\t\t\t    <figcaption class=\"photoswipe-gallery-caption\" ><\/figcaption>\n\t\t\t    <\/figure>\n\t\t\t\t<\/div>\n\t\t<div style='clear:both'><\/div>\n\t\n","protected":false},"excerpt":{"rendered":"<p>Una stanza ospitale, ben arredata, tavole e sedie per venti posti a sedere, quadri alle pareti. \u00c8 il \u201cPasto della provvidenza\u201d, la nuova mensa serale di Rovereto per tutti i bisognosi, inaugurata il 3 febbraio.<\/p>\n","protected":false},"author":3,"featured_media":16994,"comment_status":"closed","ping_status":"closed","sticky":false,"template":"","format":"standard","meta":{"footnotes":""},"categories":[1695,1059,2297,1074],"tags":[1624,2382,2485,1880],"class_list":["post-16925","post","type-post","status-publish","format-standard","has-post-thumbnail","hentry","category-area-testimonianza-e-impegno-sociale","category-servizio-caritas","category-fondazione-caritas-diocesana","category-notizie","tag-diocesi-di-trento","tag-fondazione-caritas","tag-pasto-della-provvidenza","tag-rovereto"],"acf":{"seed-localization-paese-cod":"IT","seed-localization-address":"","seed-localization-citta":"Trento","seed-localization-regione-cod-istat":"04","seed-localization-citta-cod-istat":"022205","seed-localization-localita":"","seed-localization-cap":"","seed-localization-marker-visibility":false,"seed-localization-children-visibility":false,"seed-localization-kml":"","seed-localization-custom-marker":""},"yoast_head":"<!-- This site is optimized with the Yoast SEO Premium plugin v20.2.1 (Yoast SEO v22.2) - https:\/\/yoast.com\/wordpress\/plugins\/seo\/ -->\n<title>Inaugurato a Rovereto il \u201cPasto della provvidenza\u201d<\/title>\n<meta name=\"description\" content=\"Inaugurato a Rovereto il \u201cPasto della provvidenza\u201d, nuovo servizio mensa della Fondazione Caritas, negli spazi messi a disposizione dal Comune\" \/>\n<meta name=\"robots\" content=\"index, follow, max-snippet:-1, max-image-preview:large, max-video-preview:-1\" \/>\n<link rel=\"canonical\" href=\"https:\/\/www.diocesitn.it\/area-testimonianza\/2025\/02\/03\/inaugurato-a-rovereto-il-pasto-della-provvidenza-nuovo-servizio-mensa-della-fondazione-caritas-negli-spazi-messi-a-disposizione-dal-comune-2\/\" \/>\n<meta property=\"og:locale\" content=\"it_IT\" \/>\n<meta property=\"og:type\" content=\"article\" \/>\n<meta property=\"og:title\" content=\"Inaugurato a Rovereto il \u201cPasto della provvidenza\u201d, nuovo servizio mensa della Fondazione Caritas, negli spazi messi a disposizione dal Comune\" \/>\n<meta property=\"og:description\" content=\"Inaugurato a Rovereto il \u201cPasto della provvidenza\u201d, nuovo servizio mensa della Fondazione Caritas, negli spazi messi a disposizione dal Comune\" \/>\n<meta property=\"og:url\" content=\"https:\/\/www.diocesitn.it\/area-testimonianza\/2025\/02\/03\/inaugurato-a-rovereto-il-pasto-della-provvidenza-nuovo-servizio-mensa-della-fondazione-caritas-negli-spazi-messi-a-disposizione-dal-comune-2\/\" \/>\n<meta property=\"og:site_name\" content=\"Testimonianza e Impegno sociale\" \/>\n<meta property=\"article:published_time\" content=\"2025-02-03T14:53:53+00:00\" \/>\n<meta property=\"article:modified_time\" content=\"2025-02-20T08:38:30+00:00\" \/>\n<meta property=\"og:image\" content=\"https:\/\/www.diocesitn.it\/area-testimonianza\/wp-content\/uploads\/sites\/37\/2025\/02\/banner-Rovereto-pasto.jpg\" \/>\n\t<meta property=\"og:image:width\" content=\"560\" \/>\n\t<meta property=\"og:image:height\" content=\"315\" \/>\n\t<meta property=\"og:image:type\" content=\"image\/jpeg\" \/>\n<meta name=\"author\" content=\"Piergiorgio Franceschini\" \/>\n<meta name=\"twitter:card\" content=\"summary_large_image\" \/>\n<meta name=\"twitter:label1\" content=\"Scritto da\" \/>\n\t<meta name=\"twitter:data1\" content=\"Piergiorgio Franceschini\" \/>\n\t<meta name=\"twitter:label2\" content=\"Tempo di lettura stimato\" \/>\n\t<meta name=\"twitter:data2\" content=\"7 minuti\" \/>\n<script type=\"application\/ld+json\" class=\"yoast-schema-graph\">{\"@context\":\"https:\/\/schema.org\",\"@graph\":[{\"@type\":\"Article\",\"@id\":\"https:\/\/www.diocesitn.it\/area-testimonianza\/2025\/02\/03\/inaugurato-a-rovereto-il-pasto-della-provvidenza-nuovo-servizio-mensa-della-fondazione-caritas-negli-spazi-messi-a-disposizione-dal-comune-2\/#article\",\"isPartOf\":{\"@id\":\"https:\/\/www.diocesitn.it\/area-testimonianza\/2025\/02\/03\/inaugurato-a-rovereto-il-pasto-della-provvidenza-nuovo-servizio-mensa-della-fondazione-caritas-negli-spazi-messi-a-disposizione-dal-comune-2\/\"},\"author\":{\"name\":\"Piergiorgio Franceschini\",\"@id\":\"https:\/\/www.diocesitn.it\/area-testimonianza\/#\/schema\/person\/99590c84577873a025247b6aeb16ad2e\"},\"headline\":\"Inaugurato a Rovereto il \u201cPasto della provvidenza\u201d, nuovo servizio mensa della Fondazione Caritas, negli spazi messi a disposizione dal Comune\",\"datePublished\":\"2025-02-03T14:53:53+00:00\",\"dateModified\":\"2025-02-20T08:38:30+00:00\",\"mainEntityOfPage\":{\"@id\":\"https:\/\/www.diocesitn.it\/area-testimonianza\/2025\/02\/03\/inaugurato-a-rovereto-il-pasto-della-provvidenza-nuovo-servizio-mensa-della-fondazione-caritas-negli-spazi-messi-a-disposizione-dal-comune-2\/\"},\"wordCount\":1157,\"publisher\":{\"@id\":\"https:\/\/www.diocesitn.it\/area-testimonianza\/#organization\"},\"image\":{\"@id\":\"https:\/\/www.diocesitn.it\/area-testimonianza\/2025\/02\/03\/inaugurato-a-rovereto-il-pasto-della-provvidenza-nuovo-servizio-mensa-della-fondazione-caritas-negli-spazi-messi-a-disposizione-dal-comune-2\/#primaryimage\"},\"thumbnailUrl\":\"https:\/\/www.diocesitn.it\/area-testimonianza\/wp-content\/uploads\/sites\/37\/2025\/02\/banner-Rovereto-pasto.jpg\",\"keywords\":[\"Diocesi di Trento\",\"fondazione caritas\",\"pasto della provvidenza\",\"rovereto\"],\"articleSection\":[\"Area Testimonianza e Impegno sociale\",\"Caritas diocesana\",\"Fondazione Caritas Diocesana\",\"Notizie\"],\"inLanguage\":\"it-IT\",\"copyrightYear\":\"2025\",\"copyrightHolder\":{\"@id\":\"https:\/\/www.diocesitn.it\/#organization\"}},{\"@type\":\"WebPage\",\"@id\":\"https:\/\/www.diocesitn.it\/area-testimonianza\/2025\/02\/03\/inaugurato-a-rovereto-il-pasto-della-provvidenza-nuovo-servizio-mensa-della-fondazione-caritas-negli-spazi-messi-a-disposizione-dal-comune-2\/\",\"url\":\"https:\/\/www.diocesitn.it\/area-testimonianza\/2025\/02\/03\/inaugurato-a-rovereto-il-pasto-della-provvidenza-nuovo-servizio-mensa-della-fondazione-caritas-negli-spazi-messi-a-disposizione-dal-comune-2\/\",\"name\":\"Inaugurato a Rovereto il \u201cPasto della provvidenza\u201d\",\"isPartOf\":{\"@id\":\"https:\/\/www.diocesitn.it\/area-testimonianza\/#website\"},\"primaryImageOfPage\":{\"@id\":\"https:\/\/www.diocesitn.it\/area-testimonianza\/2025\/02\/03\/inaugurato-a-rovereto-il-pasto-della-provvidenza-nuovo-servizio-mensa-della-fondazione-caritas-negli-spazi-messi-a-disposizione-dal-comune-2\/#primaryimage\"},\"image\":{\"@id\":\"https:\/\/www.diocesitn.it\/area-testimonianza\/2025\/02\/03\/inaugurato-a-rovereto-il-pasto-della-provvidenza-nuovo-servizio-mensa-della-fondazione-caritas-negli-spazi-messi-a-disposizione-dal-comune-2\/#primaryimage\"},\"thumbnailUrl\":\"https:\/\/www.diocesitn.it\/area-testimonianza\/wp-content\/uploads\/sites\/37\/2025\/02\/banner-Rovereto-pasto.jpg\",\"datePublished\":\"2025-02-03T14:53:53+00:00\",\"dateModified\":\"2025-02-20T08:38:30+00:00\",\"description\":\"Inaugurato a Rovereto il \u201cPasto della provvidenza\u201d, nuovo servizio mensa della Fondazione Caritas, negli spazi messi a disposizione dal Comune\",\"breadcrumb\":{\"@id\":\"https:\/\/www.diocesitn.it\/area-testimonianza\/2025\/02\/03\/inaugurato-a-rovereto-il-pasto-della-provvidenza-nuovo-servizio-mensa-della-fondazione-caritas-negli-spazi-messi-a-disposizione-dal-comune-2\/#breadcrumb\"},\"inLanguage\":\"it-IT\",\"potentialAction\":[{\"@type\":\"ReadAction\",\"target\":[\"https:\/\/www.diocesitn.it\/area-testimonianza\/2025\/02\/03\/inaugurato-a-rovereto-il-pasto-della-provvidenza-nuovo-servizio-mensa-della-fondazione-caritas-negli-spazi-messi-a-disposizione-dal-comune-2\/\"]}]},{\"@type\":\"ImageObject\",\"inLanguage\":\"it-IT\",\"@id\":\"https:\/\/www.diocesitn.it\/area-testimonianza\/2025\/02\/03\/inaugurato-a-rovereto-il-pasto-della-provvidenza-nuovo-servizio-mensa-della-fondazione-caritas-negli-spazi-messi-a-disposizione-dal-comune-2\/#primaryimage\",\"url\":\"https:\/\/www.diocesitn.it\/area-testimonianza\/wp-content\/uploads\/sites\/37\/2025\/02\/banner-Rovereto-pasto.jpg\",\"contentUrl\":\"https:\/\/www.diocesitn.it\/area-testimonianza\/wp-content\/uploads\/sites\/37\/2025\/02\/banner-Rovereto-pasto.jpg\",\"width\":560,\"height\":315},{\"@type\":\"BreadcrumbList\",\"@id\":\"https:\/\/www.diocesitn.it\/area-testimonianza\/2025\/02\/03\/inaugurato-a-rovereto-il-pasto-della-provvidenza-nuovo-servizio-mensa-della-fondazione-caritas-negli-spazi-messi-a-disposizione-dal-comune-2\/#breadcrumb\",\"itemListElement\":[{\"@type\":\"ListItem\",\"position\":1,\"name\":\"Home\",\"item\":\"https:\/\/www.diocesitn.it\/area-testimonianza\/\"},{\"@type\":\"ListItem\",\"position\":2,\"name\":\"Inaugurato a Rovereto il \u201cPasto della provvidenza\u201d, nuovo servizio mensa della Fondazione Caritas, negli spazi messi a disposizione dal Comune\"}]},{\"@type\":\"WebSite\",\"@id\":\"https:\/\/www.diocesitn.it\/area-testimonianza\/#website\",\"url\":\"https:\/\/www.diocesitn.it\/area-testimonianza\/\",\"name\":\"Testimonianza e Impegno sociale\",\"description\":\"Chiesa di Trento\",\"publisher\":{\"@id\":\"https:\/\/www.diocesitn.it\/area-testimonianza\/#organization\"},\"potentialAction\":[{\"@type\":\"SearchAction\",\"target\":{\"@type\":\"EntryPoint\",\"urlTemplate\":\"https:\/\/www.diocesitn.it\/area-testimonianza\/?s={search_term_string}\"},\"query-input\":\"required name=search_term_string\"}],\"inLanguage\":\"it-IT\"},{\"@type\":[\"Organization\",\"Place\"],\"@id\":\"https:\/\/www.diocesitn.it\/area-testimonianza\/#organization\",\"name\":\"Area Testimonianza e Impegno Sociale - Chiesa di Trento\",\"url\":\"https:\/\/www.diocesitn.it\/area-testimonianza\/\",\"logo\":{\"@id\":\"https:\/\/www.diocesitn.it\/area-testimonianza\/2025\/02\/03\/inaugurato-a-rovereto-il-pasto-della-provvidenza-nuovo-servizio-mensa-della-fondazione-caritas-negli-spazi-messi-a-disposizione-dal-comune-2\/#local-main-organization-logo\"},\"image\":{\"@id\":\"https:\/\/www.diocesitn.it\/area-testimonianza\/2025\/02\/03\/inaugurato-a-rovereto-il-pasto-della-provvidenza-nuovo-servizio-mensa-della-fondazione-caritas-negli-spazi-messi-a-disposizione-dal-comune-2\/#local-main-organization-logo\"},\"openingHoursSpecification\":[{\"@type\":\"OpeningHoursSpecification\",\"dayOfWeek\":[\"Monday\",\"Tuesday\",\"Wednesday\",\"Thursday\",\"Friday\",\"Saturday\",\"Sunday\"],\"opens\":\"09:00\",\"closes\":\"17:00\"}]},{\"@type\":\"ImageObject\",\"inLanguage\":\"it-IT\",\"@id\":\"https:\/\/www.diocesitn.it\/area-testimonianza\/2025\/02\/03\/inaugurato-a-rovereto-il-pasto-della-provvidenza-nuovo-servizio-mensa-della-fondazione-caritas-negli-spazi-messi-a-disposizione-dal-comune-2\/#local-main-organization-logo\",\"url\":\"https:\/\/www.diocesitn.it\/area-testimonianza\/wp-content\/uploads\/sites\/37\/2021\/09\/og-logo-testimonianza-e-impegno-sociale.jpg\",\"contentUrl\":\"https:\/\/www.diocesitn.it\/area-testimonianza\/wp-content\/uploads\/sites\/37\/2021\/09\/og-logo-testimonianza-e-impegno-sociale.jpg\",\"width\":1200,\"height\":630,\"caption\":\"Area Testimonianza e Impegno Sociale - Chiesa di Trento\"}]}<\/script>\n<!-- \/ Yoast SEO Premium plugin. -->","yoast_head_json":{"title":"Inaugurato a Rovereto il \u201cPasto della provvidenza\u201d","description":"Inaugurato a Rovereto il \u201cPasto della provvidenza\u201d, nuovo servizio mensa della Fondazione Caritas, negli spazi messi a disposizione dal Comune","robots":{"index":"index","follow":"follow","max-snippet":"max-snippet:-1","max-image-preview":"max-image-preview:large","max-video-preview":"max-video-preview:-1"},"canonical":"https:\/\/www.diocesitn.it\/area-testimonianza\/2025\/02\/03\/inaugurato-a-rovereto-il-pasto-della-provvidenza-nuovo-servizio-mensa-della-fondazione-caritas-negli-spazi-messi-a-disposizione-dal-comune-2\/","og_locale":"it_IT","og_type":"article","og_title":"Inaugurato a Rovereto il \u201cPasto della provvidenza\u201d, nuovo servizio mensa della Fondazione Caritas, negli spazi messi a disposizione dal Comune","og_description":"Inaugurato a Rovereto il \u201cPasto della provvidenza\u201d, nuovo servizio mensa della Fondazione Caritas, negli spazi messi a disposizione dal Comune","og_url":"https:\/\/www.diocesitn.it\/area-testimonianza\/2025\/02\/03\/inaugurato-a-rovereto-il-pasto-della-provvidenza-nuovo-servizio-mensa-della-fondazione-caritas-negli-spazi-messi-a-disposizione-dal-comune-2\/","og_site_name":"Testimonianza e Impegno sociale","article_published_time":"2025-02-03T14:53:53+00:00","article_modified_time":"2025-02-20T08:38:30+00:00","og_image":[{"width":560,"height":315,"url":"https:\/\/www.diocesitn.it\/area-testimonianza\/wp-content\/uploads\/sites\/37\/2025\/02\/banner-Rovereto-pasto.jpg","type":"image\/jpeg"}],"author":"Piergiorgio Franceschini","twitter_card":"summary_large_image","twitter_misc":{"Scritto da":"Piergiorgio Franceschini","Tempo di lettura stimato":"7 minuti"},"schema":{"@context":"https:\/\/schema.org","@graph":[{"@type":"Article","@id":"https:\/\/www.diocesitn.it\/area-testimonianza\/2025\/02\/03\/inaugurato-a-rovereto-il-pasto-della-provvidenza-nuovo-servizio-mensa-della-fondazione-caritas-negli-spazi-messi-a-disposizione-dal-comune-2\/#article","isPartOf":{"@id":"https:\/\/www.diocesitn.it\/area-testimonianza\/2025\/02\/03\/inaugurato-a-rovereto-il-pasto-della-provvidenza-nuovo-servizio-mensa-della-fondazione-caritas-negli-spazi-messi-a-disposizione-dal-comune-2\/"},"author":{"name":"Piergiorgio Franceschini","@id":"https:\/\/www.diocesitn.it\/area-testimonianza\/#\/schema\/person\/99590c84577873a025247b6aeb16ad2e"},"headline":"Inaugurato a Rovereto il \u201cPasto della provvidenza\u201d, nuovo servizio mensa della Fondazione Caritas, negli spazi messi a disposizione dal Comune","datePublished":"2025-02-03T14:53:53+00:00","dateModified":"2025-02-20T08:38:30+00:00","mainEntityOfPage":{"@id":"https:\/\/www.diocesitn.it\/area-testimonianza\/2025\/02\/03\/inaugurato-a-rovereto-il-pasto-della-provvidenza-nuovo-servizio-mensa-della-fondazione-caritas-negli-spazi-messi-a-disposizione-dal-comune-2\/"},"wordCount":1157,"publisher":{"@id":"https:\/\/www.diocesitn.it\/area-testimonianza\/#organization"},"image":{"@id":"https:\/\/www.diocesitn.it\/area-testimonianza\/2025\/02\/03\/inaugurato-a-rovereto-il-pasto-della-provvidenza-nuovo-servizio-mensa-della-fondazione-caritas-negli-spazi-messi-a-disposizione-dal-comune-2\/#primaryimage"},"thumbnailUrl":"https:\/\/www.diocesitn.it\/area-testimonianza\/wp-content\/uploads\/sites\/37\/2025\/02\/banner-Rovereto-pasto.jpg","keywords":["Diocesi di Trento","fondazione caritas","pasto della provvidenza","rovereto"],"articleSection":["Area Testimonianza e Impegno sociale","Caritas diocesana","Fondazione Caritas Diocesana","Notizie"],"inLanguage":"it-IT","copyrightYear":"2025","copyrightHolder":{"@id":"https:\/\/www.diocesitn.it\/#organization"}},{"@type":"WebPage","@id":"https:\/\/www.diocesitn.it\/area-testimonianza\/2025\/02\/03\/inaugurato-a-rovereto-il-pasto-della-provvidenza-nuovo-servizio-mensa-della-fondazione-caritas-negli-spazi-messi-a-disposizione-dal-comune-2\/","url":"https:\/\/www.diocesitn.it\/area-testimonianza\/2025\/02\/03\/inaugurato-a-rovereto-il-pasto-della-provvidenza-nuovo-servizio-mensa-della-fondazione-caritas-negli-spazi-messi-a-disposizione-dal-comune-2\/","name":"Inaugurato a Rovereto il \u201cPasto della provvidenza\u201d","isPartOf":{"@id":"https:\/\/www.diocesitn.it\/area-testimonianza\/#website"},"primaryImageOfPage":{"@id":"https:\/\/www.diocesitn.it\/area-testimonianza\/2025\/02\/03\/inaugurato-a-rovereto-il-pasto-della-provvidenza-nuovo-servizio-mensa-della-fondazione-caritas-negli-spazi-messi-a-disposizione-dal-comune-2\/#primaryimage"},"image":{"@id":"https:\/\/www.diocesitn.it\/area-testimonianza\/2025\/02\/03\/inaugurato-a-rovereto-il-pasto-della-provvidenza-nuovo-servizio-mensa-della-fondazione-caritas-negli-spazi-messi-a-disposizione-dal-comune-2\/#primaryimage"},"thumbnailUrl":"https:\/\/www.diocesitn.it\/area-testimonianza\/wp-content\/uploads\/sites\/37\/2025\/02\/banner-Rovereto-pasto.jpg","datePublished":"2025-02-03T14:53:53+00:00","dateModified":"2025-02-20T08:38:30+00:00","description":"Inaugurato a Rovereto il \u201cPasto della provvidenza\u201d, nuovo servizio mensa della Fondazione Caritas, negli spazi messi a disposizione dal Comune","breadcrumb":{"@id":"https:\/\/www.diocesitn.it\/area-testimonianza\/2025\/02\/03\/inaugurato-a-rovereto-il-pasto-della-provvidenza-nuovo-servizio-mensa-della-fondazione-caritas-negli-spazi-messi-a-disposizione-dal-comune-2\/#breadcrumb"},"inLanguage":"it-IT","potentialAction":[{"@type":"ReadAction","target":["https:\/\/www.diocesitn.it\/area-testimonianza\/2025\/02\/03\/inaugurato-a-rovereto-il-pasto-della-provvidenza-nuovo-servizio-mensa-della-fondazione-caritas-negli-spazi-messi-a-disposizione-dal-comune-2\/"]}]},{"@type":"ImageObject","inLanguage":"it-IT","@id":"https:\/\/www.diocesitn.it\/area-testimonianza\/2025\/02\/03\/inaugurato-a-rovereto-il-pasto-della-provvidenza-nuovo-servizio-mensa-della-fondazione-caritas-negli-spazi-messi-a-disposizione-dal-comune-2\/#primaryimage","url":"https:\/\/www.diocesitn.it\/area-testimonianza\/wp-content\/uploads\/sites\/37\/2025\/02\/banner-Rovereto-pasto.jpg","contentUrl":"https:\/\/www.diocesitn.it\/area-testimonianza\/wp-content\/uploads\/sites\/37\/2025\/02\/banner-Rovereto-pasto.jpg","width":560,"height":315},{"@type":"BreadcrumbList","@id":"https:\/\/www.diocesitn.it\/area-testimonianza\/2025\/02\/03\/inaugurato-a-rovereto-il-pasto-della-provvidenza-nuovo-servizio-mensa-della-fondazione-caritas-negli-spazi-messi-a-disposizione-dal-comune-2\/#breadcrumb","itemListElement":[{"@type":"ListItem","position":1,"name":"Home","item":"https:\/\/www.diocesitn.it\/area-testimonianza\/"},{"@type":"ListItem","position":2,"name":"Inaugurato a Rovereto il \u201cPasto della provvidenza\u201d, nuovo servizio mensa della Fondazione Caritas, negli spazi messi a disposizione dal Comune"}]},{"@type":"WebSite","@id":"https:\/\/www.diocesitn.it\/area-testimonianza\/#website","url":"https:\/\/www.diocesitn.it\/area-testimonianza\/","name":"Testimonianza e Impegno sociale","description":"Chiesa di Trento","publisher":{"@id":"https:\/\/www.diocesitn.it\/area-testimonianza\/#organization"},"potentialAction":[{"@type":"SearchAction","target":{"@type":"EntryPoint","urlTemplate":"https:\/\/www.diocesitn.it\/area-testimonianza\/?s={search_term_string}"},"query-input":"required name=search_term_string"}],"inLanguage":"it-IT"},{"@type":["Organization","Place"],"@id":"https:\/\/www.diocesitn.it\/area-testimonianza\/#organization","name":"Area Testimonianza e Impegno Sociale - Chiesa di Trento","url":"https:\/\/www.diocesitn.it\/area-testimonianza\/","logo":{"@id":"https:\/\/www.diocesitn.it\/area-testimonianza\/2025\/02\/03\/inaugurato-a-rovereto-il-pasto-della-provvidenza-nuovo-servizio-mensa-della-fondazione-caritas-negli-spazi-messi-a-disposizione-dal-comune-2\/#local-main-organization-logo"},"image":{"@id":"https:\/\/www.diocesitn.it\/area-testimonianza\/2025\/02\/03\/inaugurato-a-rovereto-il-pasto-della-provvidenza-nuovo-servizio-mensa-della-fondazione-caritas-negli-spazi-messi-a-disposizione-dal-comune-2\/#local-main-organization-logo"},"openingHoursSpecification":[{"@type":"OpeningHoursSpecification","dayOfWeek":["Monday","Tuesday","Wednesday","Thursday","Friday","Saturday","Sunday"],"opens":"09:00","closes":"17:00"}]},{"@type":"ImageObject","inLanguage":"it-IT","@id":"https:\/\/www.diocesitn.it\/area-testimonianza\/2025\/02\/03\/inaugurato-a-rovereto-il-pasto-della-provvidenza-nuovo-servizio-mensa-della-fondazione-caritas-negli-spazi-messi-a-disposizione-dal-comune-2\/#local-main-organization-logo","url":"https:\/\/www.diocesitn.it\/area-testimonianza\/wp-content\/uploads\/sites\/37\/2021\/09\/og-logo-testimonianza-e-impegno-sociale.jpg","contentUrl":"https:\/\/www.diocesitn.it\/area-testimonianza\/wp-content\/uploads\/sites\/37\/2021\/09\/og-logo-testimonianza-e-impegno-sociale.jpg","width":1200,"height":630,"caption":"Area Testimonianza e Impegno Sociale - Chiesa di Trento"}]}},"_links":{"self":[{"href":"https:\/\/www.diocesitn.it\/area-testimonianza\/wp-json\/wp\/v2\/posts\/16925","targetHints":{"allow":["GET"]}}],"collection":[{"href":"https:\/\/www.diocesitn.it\/area-testimonianza\/wp-json\/wp\/v2\/posts"}],"about":[{"href":"https:\/\/www.diocesitn.it\/area-testimonianza\/wp-json\/wp\/v2\/types\/post"}],"author":[{"embeddable":true,"href":"https:\/\/www.diocesitn.it\/area-testimonianza\/wp-json\/wp\/v2\/users\/3"}],"replies":[{"embeddable":true,"href":"https:\/\/www.diocesitn.it\/area-testimonianza\/wp-json\/wp\/v2\/comments?post=16925"}],"version-history":[{"count":3,"href":"https:\/\/www.diocesitn.it\/area-testimonianza\/wp-json\/wp\/v2\/posts\/16925\/revisions"}],"predecessor-version":[{"id":16991,"href":"https:\/\/www.diocesitn.it\/area-testimonianza\/wp-json\/wp\/v2\/posts\/16925\/revisions\/16991"}],"wp:featuredmedia":[{"embeddable":true,"href":"https:\/\/www.diocesitn.it\/area-testimonianza\/wp-json\/wp\/v2\/media\/16994"}],"wp:attachment":[{"href":"https:\/\/www.diocesitn.it\/area-testimonianza\/wp-json\/wp\/v2\/media?parent=16925"}],"wp:term":[{"taxonomy":"category","embeddable":true,"href":"https:\/\/www.diocesitn.it\/area-testimonianza\/wp-json\/wp\/v2\/categories?post=16925"},{"taxonomy":"post_tag","embeddable":true,"href":"https:\/\/www.diocesitn.it\/area-testimonianza\/wp-json\/wp\/v2\/tags?post=16925"}],"curies":[{"name":"wp","href":"https:\/\/api.w.org\/{rel}","templated":true}]}}