{"id":16832,"date":"2025-01-07T17:41:04","date_gmt":"2025-01-07T16:41:04","guid":{"rendered":"https:\/\/www.diocesitn.it\/area-testimonianza\/2025\/01\/07\/natale-ortodosso-gli-auguri-del-vescovo-lauro-possiamo-essere-insieme-donne-e-uomini-di-speranza\/"},"modified":"2025-02-20T09:53:08","modified_gmt":"2025-02-20T08:53:08","slug":"natale-ortodosso-gli-auguri-del-vescovo-lauro-possiamo-essere-insieme-donne-e-uomini-di-speranza","status":"publish","type":"post","link":"https:\/\/www.diocesitn.it\/area-testimonianza\/2025\/01\/07\/natale-ortodosso-gli-auguri-del-vescovo-lauro-possiamo-essere-insieme-donne-e-uomini-di-speranza\/","title":{"rendered":"Natale ortodosso, gli auguri del vescovo Lauro: insieme affidiamo a Dio la nostra storia per essere donne e uomini di speranza"},"content":{"rendered":"<p>Le Chiese ortodosse legate al Calendario Giuliano celebrano il Natale il 7 gennaio.<\/p>\n<p>Per l\u2019occasione, l\u2019arcivescovo Lauro Tisi ha rivolto un messaggio di auguri a tutte le comunit\u00e0 ortodosse in festa presenti in Trentino. Ecco il testo del suo augurio:<\/p>\n<p>Carissimi Padri e Diaconi, carissimi chierici, <span style=\"font-size: inherit\">carissime sorelle e carissimi fratelli delle Chiese Ortodosse che seguono il Calendario Giuliano,<\/span><\/p>\n<p>Vi giungano i migliori auguri per la Solennit\u00e0 del Glorioso Natale del Signore Ges\u00f9 Cristo a nome mio personale e di tutta l\u2019Arcidiocesi di Trento.<\/p>\n<p>Mi fa sempre molto pensare il fatto che, mentre il Calendario Latino si avvia a terminare le Feste legate alla Nascita del Salvatore, il Calendario Giuliano entra in queste stesse giornate di solenne memoria; questo fatto, legato principalmente alla storia delle nostre Chiese, mi ricorda la verit\u00e0 e la splendida concretezza dell\u2019incarnazione di Nostro Signore: che non \u00e8 legata ad un periodo specifico della storia, come fosse una bella parentesi, ma si perpetua, si rinnova, si ripresenta continuamente nel tessuto della nostra storia quotidiana, fatta di tanta bellezza e, lo sappiamo, anche di tanta miseria. Desidero affidare insieme a Voi questa nostra storia: la storia del mondo, la storia del nostro territorio trentino, la storia delle terre dalle quali provengono tanti di Voi, la storia delle nostre Parrocchie e della nostra gente: perch\u00e9 il Signore la benedica, la trasformi, la converta e la renda sempre pi\u00f9 simile alla Sua storia di pace.<\/p>\n<p>La Chiesa cattolica romana, lo sapete, \u00e8 entrata nel Giubileo, lasciandosi guidare dal motto \u201cpellegrini di speranza\u201d; allora spero tanto che tutti noi, discepoli del Signore Ges\u00f9 Cristo, sappiamo il essere donne e uomini di speranza. Ancor pi\u00f9 in questo 2025, che segna i 1700 anni dal Concilio di Nicea, fondamento della fede di tutti noi; possa il Signore continuare a guidarci sui passi della pace e dell\u2019unit\u00e0, e Dio voglia che questi passi li sappiamo seguire, con umilt\u00e0 e carit\u00e0.<\/p>\n<p>Un augurio sincero e colmo di gratitudine!<\/p>\n<p><strong>arcivescovo Lauro Tisi<\/strong><\/p>\n","protected":false},"excerpt":{"rendered":"<p>Le Chiese ortodosse legate al Calendario Giuliano celebrano il Natale il 7 gennaio. Per l\u2019occasione, l\u2019arcivescovo Lauro Tisi ha rivolto un messaggio di auguri a tutte le comunit\u00e0 ortodosse in festa presenti in Trentino. Ecco<\/p>\n","protected":false},"author":3,"featured_media":16833,"comment_status":"closed","ping_status":"closed","sticky":false,"template":"","format":"standard","meta":{"footnotes":""},"categories":[1130,1074],"tags":[],"class_list":["post-16832","post","type-post","status-publish","format-standard","has-post-thumbnail","hentry","category-servizio-ecumenismo-e-dialogo","category-notizie"],"acf":{"seed-localization-paese-cod":"IT","seed-localization-address":"","seed-localization-citta":"Trento","seed-localization-regione-cod-istat":"04","seed-localization-citta-cod-istat":"022205","seed-localization-localita":"","seed-localization-cap":"","seed-localization-marker-visibility":false,"seed-localization-children-visibility":false,"seed-localization-kml":"","seed-localization-custom-marker":""},"yoast_head":"<!-- This site is optimized with the Yoast SEO Premium plugin v20.2.1 (Yoast SEO v22.2) - https:\/\/yoast.com\/wordpress\/plugins\/seo\/ -->\n<title>Natale ortodosso, gli auguri del vescovo Lauro: insieme affidiamo a Dio la nostra storia per essere donne e uomini di speranza - Testimonianza e Impegno sociale<\/title>\n<meta name=\"robots\" content=\"index, follow, max-snippet:-1, max-image-preview:large, max-video-preview:-1\" \/>\n<link rel=\"canonical\" href=\"https:\/\/www.diocesitn.it\/area-testimonianza\/2025\/01\/07\/natale-ortodosso-gli-auguri-del-vescovo-lauro-possiamo-essere-insieme-donne-e-uomini-di-speranza\/\" \/>\n<meta property=\"og:locale\" content=\"it_IT\" \/>\n<meta property=\"og:type\" content=\"article\" \/>\n<meta property=\"og:title\" content=\"Natale ortodosso, gli auguri del vescovo Lauro: insieme affidiamo a Dio la nostra storia per essere donne e uomini di speranza\" \/>\n<meta property=\"og:description\" content=\"Le Chiese ortodosse legate al Calendario Giuliano celebrano il Natale il 7 gennaio. Per l\u2019occasione, l\u2019arcivescovo Lauro Tisi ha rivolto un messaggio di auguri a tutte le comunit\u00e0 ortodosse in festa presenti in Trentino. Ecco\" \/>\n<meta property=\"og:url\" content=\"https:\/\/www.diocesitn.it\/area-testimonianza\/2025\/01\/07\/natale-ortodosso-gli-auguri-del-vescovo-lauro-possiamo-essere-insieme-donne-e-uomini-di-speranza\/\" \/>\n<meta property=\"og:site_name\" content=\"Testimonianza e Impegno sociale\" \/>\n<meta property=\"article:published_time\" content=\"2025-01-07T16:41:04+00:00\" \/>\n<meta property=\"article:modified_time\" content=\"2025-02-20T08:53:08+00:00\" \/>\n<meta property=\"og:image\" content=\"https:\/\/www.diocesitn.it\/area-testimonianza\/wp-content\/uploads\/sites\/37\/2025\/01\/5983F6F9-3502-4D05-BE09-1A1CD0CA2B2C.jpeg\" \/>\n\t<meta property=\"og:image:width\" content=\"500\" \/>\n\t<meta property=\"og:image:height\" content=\"500\" \/>\n\t<meta property=\"og:image:type\" content=\"image\/jpeg\" \/>\n<meta name=\"author\" content=\"Piergiorgio Franceschini\" \/>\n<meta name=\"twitter:card\" content=\"summary_large_image\" \/>\n<meta name=\"twitter:label1\" content=\"Scritto da\" \/>\n\t<meta name=\"twitter:data1\" content=\"Piergiorgio Franceschini\" \/>\n\t<meta name=\"twitter:label2\" content=\"Tempo di lettura stimato\" \/>\n\t<meta name=\"twitter:data2\" content=\"2 minuti\" \/>\n<script type=\"application\/ld+json\" class=\"yoast-schema-graph\">{\"@context\":\"https:\/\/schema.org\",\"@graph\":[{\"@type\":\"Article\",\"@id\":\"https:\/\/www.diocesitn.it\/area-testimonianza\/2025\/01\/07\/natale-ortodosso-gli-auguri-del-vescovo-lauro-possiamo-essere-insieme-donne-e-uomini-di-speranza\/#article\",\"isPartOf\":{\"@id\":\"https:\/\/www.diocesitn.it\/area-testimonianza\/2025\/01\/07\/natale-ortodosso-gli-auguri-del-vescovo-lauro-possiamo-essere-insieme-donne-e-uomini-di-speranza\/\"},\"author\":{\"name\":\"Piergiorgio Franceschini\",\"@id\":\"https:\/\/www.diocesitn.it\/area-testimonianza\/#\/schema\/person\/99590c84577873a025247b6aeb16ad2e\"},\"headline\":\"Natale ortodosso, gli auguri del vescovo Lauro: insieme affidiamo a Dio la nostra storia per essere donne e uomini di speranza\",\"datePublished\":\"2025-01-07T16:41:04+00:00\",\"dateModified\":\"2025-02-20T08:53:08+00:00\",\"mainEntityOfPage\":{\"@id\":\"https:\/\/www.diocesitn.it\/area-testimonianza\/2025\/01\/07\/natale-ortodosso-gli-auguri-del-vescovo-lauro-possiamo-essere-insieme-donne-e-uomini-di-speranza\/\"},\"wordCount\":348,\"publisher\":{\"@id\":\"https:\/\/www.diocesitn.it\/area-testimonianza\/#organization\"},\"image\":{\"@id\":\"https:\/\/www.diocesitn.it\/area-testimonianza\/2025\/01\/07\/natale-ortodosso-gli-auguri-del-vescovo-lauro-possiamo-essere-insieme-donne-e-uomini-di-speranza\/#primaryimage\"},\"thumbnailUrl\":\"https:\/\/www.diocesitn.it\/area-testimonianza\/wp-content\/uploads\/sites\/37\/2025\/01\/5983F6F9-3502-4D05-BE09-1A1CD0CA2B2C.jpeg\",\"articleSection\":[\"Ecumenismo e Dialogo interreligioso\",\"Notizie\"],\"inLanguage\":\"it-IT\",\"copyrightYear\":\"2025\",\"copyrightHolder\":{\"@id\":\"https:\/\/www.diocesitn.it\/#organization\"}},{\"@type\":\"WebPage\",\"@id\":\"https:\/\/www.diocesitn.it\/area-testimonianza\/2025\/01\/07\/natale-ortodosso-gli-auguri-del-vescovo-lauro-possiamo-essere-insieme-donne-e-uomini-di-speranza\/\",\"url\":\"https:\/\/www.diocesitn.it\/area-testimonianza\/2025\/01\/07\/natale-ortodosso-gli-auguri-del-vescovo-lauro-possiamo-essere-insieme-donne-e-uomini-di-speranza\/\",\"name\":\"Natale ortodosso, gli auguri del vescovo Lauro: insieme affidiamo a Dio la nostra storia per essere donne e uomini di speranza - Testimonianza e Impegno sociale\",\"isPartOf\":{\"@id\":\"https:\/\/www.diocesitn.it\/area-testimonianza\/#website\"},\"primaryImageOfPage\":{\"@id\":\"https:\/\/www.diocesitn.it\/area-testimonianza\/2025\/01\/07\/natale-ortodosso-gli-auguri-del-vescovo-lauro-possiamo-essere-insieme-donne-e-uomini-di-speranza\/#primaryimage\"},\"image\":{\"@id\":\"https:\/\/www.diocesitn.it\/area-testimonianza\/2025\/01\/07\/natale-ortodosso-gli-auguri-del-vescovo-lauro-possiamo-essere-insieme-donne-e-uomini-di-speranza\/#primaryimage\"},\"thumbnailUrl\":\"https:\/\/www.diocesitn.it\/area-testimonianza\/wp-content\/uploads\/sites\/37\/2025\/01\/5983F6F9-3502-4D05-BE09-1A1CD0CA2B2C.jpeg\",\"datePublished\":\"2025-01-07T16:41:04+00:00\",\"dateModified\":\"2025-02-20T08:53:08+00:00\",\"breadcrumb\":{\"@id\":\"https:\/\/www.diocesitn.it\/area-testimonianza\/2025\/01\/07\/natale-ortodosso-gli-auguri-del-vescovo-lauro-possiamo-essere-insieme-donne-e-uomini-di-speranza\/#breadcrumb\"},\"inLanguage\":\"it-IT\",\"potentialAction\":[{\"@type\":\"ReadAction\",\"target\":[\"https:\/\/www.diocesitn.it\/area-testimonianza\/2025\/01\/07\/natale-ortodosso-gli-auguri-del-vescovo-lauro-possiamo-essere-insieme-donne-e-uomini-di-speranza\/\"]}]},{\"@type\":\"ImageObject\",\"inLanguage\":\"it-IT\",\"@id\":\"https:\/\/www.diocesitn.it\/area-testimonianza\/2025\/01\/07\/natale-ortodosso-gli-auguri-del-vescovo-lauro-possiamo-essere-insieme-donne-e-uomini-di-speranza\/#primaryimage\",\"url\":\"https:\/\/www.diocesitn.it\/area-testimonianza\/wp-content\/uploads\/sites\/37\/2025\/01\/5983F6F9-3502-4D05-BE09-1A1CD0CA2B2C.jpeg\",\"contentUrl\":\"https:\/\/www.diocesitn.it\/area-testimonianza\/wp-content\/uploads\/sites\/37\/2025\/01\/5983F6F9-3502-4D05-BE09-1A1CD0CA2B2C.jpeg\",\"width\":500,\"height\":500},{\"@type\":\"BreadcrumbList\",\"@id\":\"https:\/\/www.diocesitn.it\/area-testimonianza\/2025\/01\/07\/natale-ortodosso-gli-auguri-del-vescovo-lauro-possiamo-essere-insieme-donne-e-uomini-di-speranza\/#breadcrumb\",\"itemListElement\":[{\"@type\":\"ListItem\",\"position\":1,\"name\":\"Home\",\"item\":\"https:\/\/www.diocesitn.it\/area-testimonianza\/\"},{\"@type\":\"ListItem\",\"position\":2,\"name\":\"Natale ortodosso, gli auguri del vescovo Lauro: insieme affidiamo a Dio la nostra storia per essere donne e uomini di speranza\"}]},{\"@type\":\"WebSite\",\"@id\":\"https:\/\/www.diocesitn.it\/area-testimonianza\/#website\",\"url\":\"https:\/\/www.diocesitn.it\/area-testimonianza\/\",\"name\":\"Testimonianza e Impegno sociale\",\"description\":\"Chiesa di Trento\",\"publisher\":{\"@id\":\"https:\/\/www.diocesitn.it\/area-testimonianza\/#organization\"},\"potentialAction\":[{\"@type\":\"SearchAction\",\"target\":{\"@type\":\"EntryPoint\",\"urlTemplate\":\"https:\/\/www.diocesitn.it\/area-testimonianza\/?s={search_term_string}\"},\"query-input\":\"required name=search_term_string\"}],\"inLanguage\":\"it-IT\"},{\"@type\":[\"Organization\",\"Place\"],\"@id\":\"https:\/\/www.diocesitn.it\/area-testimonianza\/#organization\",\"name\":\"Area Testimonianza e Impegno Sociale - Chiesa di Trento\",\"url\":\"https:\/\/www.diocesitn.it\/area-testimonianza\/\",\"logo\":{\"@id\":\"https:\/\/www.diocesitn.it\/area-testimonianza\/2025\/01\/07\/natale-ortodosso-gli-auguri-del-vescovo-lauro-possiamo-essere-insieme-donne-e-uomini-di-speranza\/#local-main-organization-logo\"},\"image\":{\"@id\":\"https:\/\/www.diocesitn.it\/area-testimonianza\/2025\/01\/07\/natale-ortodosso-gli-auguri-del-vescovo-lauro-possiamo-essere-insieme-donne-e-uomini-di-speranza\/#local-main-organization-logo\"},\"openingHoursSpecification\":[{\"@type\":\"OpeningHoursSpecification\",\"dayOfWeek\":[\"Monday\",\"Tuesday\",\"Wednesday\",\"Thursday\",\"Friday\",\"Saturday\",\"Sunday\"],\"opens\":\"09:00\",\"closes\":\"17:00\"}]},{\"@type\":\"ImageObject\",\"inLanguage\":\"it-IT\",\"@id\":\"https:\/\/www.diocesitn.it\/area-testimonianza\/2025\/01\/07\/natale-ortodosso-gli-auguri-del-vescovo-lauro-possiamo-essere-insieme-donne-e-uomini-di-speranza\/#local-main-organization-logo\",\"url\":\"https:\/\/www.diocesitn.it\/area-testimonianza\/wp-content\/uploads\/sites\/37\/2021\/09\/og-logo-testimonianza-e-impegno-sociale.jpg\",\"contentUrl\":\"https:\/\/www.diocesitn.it\/area-testimonianza\/wp-content\/uploads\/sites\/37\/2021\/09\/og-logo-testimonianza-e-impegno-sociale.jpg\",\"width\":1200,\"height\":630,\"caption\":\"Area Testimonianza e Impegno Sociale - Chiesa di Trento\"}]}<\/script>\n<!-- \/ Yoast SEO Premium plugin. -->","yoast_head_json":{"title":"Natale ortodosso, gli auguri del vescovo Lauro: insieme affidiamo a Dio la nostra storia per essere donne e uomini di speranza - Testimonianza e Impegno sociale","robots":{"index":"index","follow":"follow","max-snippet":"max-snippet:-1","max-image-preview":"max-image-preview:large","max-video-preview":"max-video-preview:-1"},"canonical":"https:\/\/www.diocesitn.it\/area-testimonianza\/2025\/01\/07\/natale-ortodosso-gli-auguri-del-vescovo-lauro-possiamo-essere-insieme-donne-e-uomini-di-speranza\/","og_locale":"it_IT","og_type":"article","og_title":"Natale ortodosso, gli auguri del vescovo Lauro: insieme affidiamo a Dio la nostra storia per essere donne e uomini di speranza","og_description":"Le Chiese ortodosse legate al Calendario Giuliano celebrano il Natale il 7 gennaio. Per l\u2019occasione, l\u2019arcivescovo Lauro Tisi ha rivolto un messaggio di auguri a tutte le comunit\u00e0 ortodosse in festa presenti in Trentino. Ecco","og_url":"https:\/\/www.diocesitn.it\/area-testimonianza\/2025\/01\/07\/natale-ortodosso-gli-auguri-del-vescovo-lauro-possiamo-essere-insieme-donne-e-uomini-di-speranza\/","og_site_name":"Testimonianza e Impegno sociale","article_published_time":"2025-01-07T16:41:04+00:00","article_modified_time":"2025-02-20T08:53:08+00:00","og_image":[{"width":500,"height":500,"url":"https:\/\/www.diocesitn.it\/area-testimonianza\/wp-content\/uploads\/sites\/37\/2025\/01\/5983F6F9-3502-4D05-BE09-1A1CD0CA2B2C.jpeg","type":"image\/jpeg"}],"author":"Piergiorgio Franceschini","twitter_card":"summary_large_image","twitter_misc":{"Scritto da":"Piergiorgio Franceschini","Tempo di lettura stimato":"2 minuti"},"schema":{"@context":"https:\/\/schema.org","@graph":[{"@type":"Article","@id":"https:\/\/www.diocesitn.it\/area-testimonianza\/2025\/01\/07\/natale-ortodosso-gli-auguri-del-vescovo-lauro-possiamo-essere-insieme-donne-e-uomini-di-speranza\/#article","isPartOf":{"@id":"https:\/\/www.diocesitn.it\/area-testimonianza\/2025\/01\/07\/natale-ortodosso-gli-auguri-del-vescovo-lauro-possiamo-essere-insieme-donne-e-uomini-di-speranza\/"},"author":{"name":"Piergiorgio Franceschini","@id":"https:\/\/www.diocesitn.it\/area-testimonianza\/#\/schema\/person\/99590c84577873a025247b6aeb16ad2e"},"headline":"Natale ortodosso, gli auguri del vescovo Lauro: insieme affidiamo a Dio la nostra storia per essere donne e uomini di speranza","datePublished":"2025-01-07T16:41:04+00:00","dateModified":"2025-02-20T08:53:08+00:00","mainEntityOfPage":{"@id":"https:\/\/www.diocesitn.it\/area-testimonianza\/2025\/01\/07\/natale-ortodosso-gli-auguri-del-vescovo-lauro-possiamo-essere-insieme-donne-e-uomini-di-speranza\/"},"wordCount":348,"publisher":{"@id":"https:\/\/www.diocesitn.it\/area-testimonianza\/#organization"},"image":{"@id":"https:\/\/www.diocesitn.it\/area-testimonianza\/2025\/01\/07\/natale-ortodosso-gli-auguri-del-vescovo-lauro-possiamo-essere-insieme-donne-e-uomini-di-speranza\/#primaryimage"},"thumbnailUrl":"https:\/\/www.diocesitn.it\/area-testimonianza\/wp-content\/uploads\/sites\/37\/2025\/01\/5983F6F9-3502-4D05-BE09-1A1CD0CA2B2C.jpeg","articleSection":["Ecumenismo e Dialogo interreligioso","Notizie"],"inLanguage":"it-IT","copyrightYear":"2025","copyrightHolder":{"@id":"https:\/\/www.diocesitn.it\/#organization"}},{"@type":"WebPage","@id":"https:\/\/www.diocesitn.it\/area-testimonianza\/2025\/01\/07\/natale-ortodosso-gli-auguri-del-vescovo-lauro-possiamo-essere-insieme-donne-e-uomini-di-speranza\/","url":"https:\/\/www.diocesitn.it\/area-testimonianza\/2025\/01\/07\/natale-ortodosso-gli-auguri-del-vescovo-lauro-possiamo-essere-insieme-donne-e-uomini-di-speranza\/","name":"Natale ortodosso, gli auguri del vescovo Lauro: insieme affidiamo a Dio la nostra storia per essere donne e uomini di speranza - Testimonianza e Impegno sociale","isPartOf":{"@id":"https:\/\/www.diocesitn.it\/area-testimonianza\/#website"},"primaryImageOfPage":{"@id":"https:\/\/www.diocesitn.it\/area-testimonianza\/2025\/01\/07\/natale-ortodosso-gli-auguri-del-vescovo-lauro-possiamo-essere-insieme-donne-e-uomini-di-speranza\/#primaryimage"},"image":{"@id":"https:\/\/www.diocesitn.it\/area-testimonianza\/2025\/01\/07\/natale-ortodosso-gli-auguri-del-vescovo-lauro-possiamo-essere-insieme-donne-e-uomini-di-speranza\/#primaryimage"},"thumbnailUrl":"https:\/\/www.diocesitn.it\/area-testimonianza\/wp-content\/uploads\/sites\/37\/2025\/01\/5983F6F9-3502-4D05-BE09-1A1CD0CA2B2C.jpeg","datePublished":"2025-01-07T16:41:04+00:00","dateModified":"2025-02-20T08:53:08+00:00","breadcrumb":{"@id":"https:\/\/www.diocesitn.it\/area-testimonianza\/2025\/01\/07\/natale-ortodosso-gli-auguri-del-vescovo-lauro-possiamo-essere-insieme-donne-e-uomini-di-speranza\/#breadcrumb"},"inLanguage":"it-IT","potentialAction":[{"@type":"ReadAction","target":["https:\/\/www.diocesitn.it\/area-testimonianza\/2025\/01\/07\/natale-ortodosso-gli-auguri-del-vescovo-lauro-possiamo-essere-insieme-donne-e-uomini-di-speranza\/"]}]},{"@type":"ImageObject","inLanguage":"it-IT","@id":"https:\/\/www.diocesitn.it\/area-testimonianza\/2025\/01\/07\/natale-ortodosso-gli-auguri-del-vescovo-lauro-possiamo-essere-insieme-donne-e-uomini-di-speranza\/#primaryimage","url":"https:\/\/www.diocesitn.it\/area-testimonianza\/wp-content\/uploads\/sites\/37\/2025\/01\/5983F6F9-3502-4D05-BE09-1A1CD0CA2B2C.jpeg","contentUrl":"https:\/\/www.diocesitn.it\/area-testimonianza\/wp-content\/uploads\/sites\/37\/2025\/01\/5983F6F9-3502-4D05-BE09-1A1CD0CA2B2C.jpeg","width":500,"height":500},{"@type":"BreadcrumbList","@id":"https:\/\/www.diocesitn.it\/area-testimonianza\/2025\/01\/07\/natale-ortodosso-gli-auguri-del-vescovo-lauro-possiamo-essere-insieme-donne-e-uomini-di-speranza\/#breadcrumb","itemListElement":[{"@type":"ListItem","position":1,"name":"Home","item":"https:\/\/www.diocesitn.it\/area-testimonianza\/"},{"@type":"ListItem","position":2,"name":"Natale ortodosso, gli auguri del vescovo Lauro: insieme affidiamo a Dio la nostra storia per essere donne e uomini di speranza"}]},{"@type":"WebSite","@id":"https:\/\/www.diocesitn.it\/area-testimonianza\/#website","url":"https:\/\/www.diocesitn.it\/area-testimonianza\/","name":"Testimonianza e Impegno sociale","description":"Chiesa di Trento","publisher":{"@id":"https:\/\/www.diocesitn.it\/area-testimonianza\/#organization"},"potentialAction":[{"@type":"SearchAction","target":{"@type":"EntryPoint","urlTemplate":"https:\/\/www.diocesitn.it\/area-testimonianza\/?s={search_term_string}"},"query-input":"required name=search_term_string"}],"inLanguage":"it-IT"},{"@type":["Organization","Place"],"@id":"https:\/\/www.diocesitn.it\/area-testimonianza\/#organization","name":"Area Testimonianza e Impegno Sociale - Chiesa di Trento","url":"https:\/\/www.diocesitn.it\/area-testimonianza\/","logo":{"@id":"https:\/\/www.diocesitn.it\/area-testimonianza\/2025\/01\/07\/natale-ortodosso-gli-auguri-del-vescovo-lauro-possiamo-essere-insieme-donne-e-uomini-di-speranza\/#local-main-organization-logo"},"image":{"@id":"https:\/\/www.diocesitn.it\/area-testimonianza\/2025\/01\/07\/natale-ortodosso-gli-auguri-del-vescovo-lauro-possiamo-essere-insieme-donne-e-uomini-di-speranza\/#local-main-organization-logo"},"openingHoursSpecification":[{"@type":"OpeningHoursSpecification","dayOfWeek":["Monday","Tuesday","Wednesday","Thursday","Friday","Saturday","Sunday"],"opens":"09:00","closes":"17:00"}]},{"@type":"ImageObject","inLanguage":"it-IT","@id":"https:\/\/www.diocesitn.it\/area-testimonianza\/2025\/01\/07\/natale-ortodosso-gli-auguri-del-vescovo-lauro-possiamo-essere-insieme-donne-e-uomini-di-speranza\/#local-main-organization-logo","url":"https:\/\/www.diocesitn.it\/area-testimonianza\/wp-content\/uploads\/sites\/37\/2021\/09\/og-logo-testimonianza-e-impegno-sociale.jpg","contentUrl":"https:\/\/www.diocesitn.it\/area-testimonianza\/wp-content\/uploads\/sites\/37\/2021\/09\/og-logo-testimonianza-e-impegno-sociale.jpg","width":1200,"height":630,"caption":"Area Testimonianza e Impegno Sociale - Chiesa di Trento"}]}},"_links":{"self":[{"href":"https:\/\/www.diocesitn.it\/area-testimonianza\/wp-json\/wp\/v2\/posts\/16832","targetHints":{"allow":["GET"]}}],"collection":[{"href":"https:\/\/www.diocesitn.it\/area-testimonianza\/wp-json\/wp\/v2\/posts"}],"about":[{"href":"https:\/\/www.diocesitn.it\/area-testimonianza\/wp-json\/wp\/v2\/types\/post"}],"author":[{"embeddable":true,"href":"https:\/\/www.diocesitn.it\/area-testimonianza\/wp-json\/wp\/v2\/users\/3"}],"replies":[{"embeddable":true,"href":"https:\/\/www.diocesitn.it\/area-testimonianza\/wp-json\/wp\/v2\/comments?post=16832"}],"version-history":[{"count":1,"href":"https:\/\/www.diocesitn.it\/area-testimonianza\/wp-json\/wp\/v2\/posts\/16832\/revisions"}],"predecessor-version":[{"id":16834,"href":"https:\/\/www.diocesitn.it\/area-testimonianza\/wp-json\/wp\/v2\/posts\/16832\/revisions\/16834"}],"wp:featuredmedia":[{"embeddable":true,"href":"https:\/\/www.diocesitn.it\/area-testimonianza\/wp-json\/wp\/v2\/media\/16833"}],"wp:attachment":[{"href":"https:\/\/www.diocesitn.it\/area-testimonianza\/wp-json\/wp\/v2\/media?parent=16832"}],"wp:term":[{"taxonomy":"category","embeddable":true,"href":"https:\/\/www.diocesitn.it\/area-testimonianza\/wp-json\/wp\/v2\/categories?post=16832"},{"taxonomy":"post_tag","embeddable":true,"href":"https:\/\/www.diocesitn.it\/area-testimonianza\/wp-json\/wp\/v2\/tags?post=16832"}],"curies":[{"name":"wp","href":"https:\/\/api.w.org\/{rel}","templated":true}]}}