{"id":16826,"date":"2024-12-27T16:53:37","date_gmt":"2024-12-27T15:53:37","guid":{"rendered":"https:\/\/www.diocesitn.it\/area-testimonianza\/2024\/12\/27\/il-mandato-del-vescovo-lauro-ai-cantori-della-stella-siate-luci-anabbaglianti-come-gesu-che-non-ci-acceca-ma-mette-noi-in-luce\/"},"modified":"2025-02-20T10:04:47","modified_gmt":"2025-02-20T09:04:47","slug":"il-mandato-del-vescovo-lauro-ai-cantori-della-stella-siate-luci-anabbaglianti-come-gesu-che-non-ci-acceca-ma-mette-noi-in-luce","status":"publish","type":"post","link":"https:\/\/www.diocesitn.it\/area-testimonianza\/2024\/12\/27\/il-mandato-del-vescovo-lauro-ai-cantori-della-stella-siate-luci-anabbaglianti-come-gesu-che-non-ci-acceca-ma-mette-noi-in-luce\/","title":{"rendered":"Il mandato del vescovo Lauro ai Cantori della Stella: &#8220;Siate luci anabbaglianti, come Ges\u00f9 che non ci acceca, ma mette noi in luce\u201d"},"content":{"rendered":"<p>\u201cAndate con le vostre Stelle, che sono luci anabbaglianti, che non accecano. Proprio come Ges\u00f9, che mette in luce noi. Raccontate che il mondo \u00e8 bello perch\u00e9 Dio non \u00e8 stanco di noi\u201d. Vestiti da pastori, magi, angeli e portatori di coloratissime stelle, oltre duecento bambine e bambini, ragazze e ragazzi, hanno ricevuto nel pomeriggio di mercoled\u00ec 27 dicembre dall\u2019<strong>arcivescovo Lauro<\/strong> l&#8217;invito ad essere <strong>annunciatori nelle valli trentine del messaggio di pace e di speranza del Natale<\/strong>, grazie al Dio fattosi bambino.<\/p>\n<p>Si \u00e8 rinnovato cos\u00ec in Cattedrale il mandato del vescovo ai <strong>Cantori della Stella<\/strong>, tradizione ancora viva in molte zone del Trentino. L\u2019iniziativa \u00e8 stata coordinata per la Diocesi dai Servizi Catechesi e Missionario.<\/p>\n<p>Ai Cantori, provenienti da una ventina di parrocchie diverse \u2013 molto numerosi i gruppi delle <strong>Giudicarie esteriori<\/strong> e di <strong>Mezzocorona-Rover\u00e9 della Luna<\/strong> \u2013, si \u00e8 rivolto l\u2019arcivescovo Lauro con tono particolarmente affettuoso, riconoscendo tra loro anche alcuni volti incontrati di recente nel corso della Vista pastorale.<\/p>\n<h4>Ogni bambino che nasce dice che Dio non \u00e8 stanco dell&#8217;uomo<\/h4>\n<p>Don Lauro cita Tagore (\u201cQuando nasce un bambino, \u00e8 segno che Dio non si \u00e8 ancora stancato dell&#8217;uomo\u201d) e invita i bambini ad \u201capplaudire Dio che non \u00e8 mai stanco di noi\u201d. \u201cGeniale la frase di Ges\u00f9 quando dice che il Regno di Dio appartiene ai bambini\u201d, nota l\u2019Arcivescovo che ne spiega anche il motivo: \u201cI bambini \u2013 sottolinea Tisi \u2013 trovano sempre posto per gli altri, perch\u00e9 per voi non ci sono confini. Grazie poi ai bambini perch\u00e9 sono curiosi, fanno sempre domande, mentre a noi adulti ormai mancano le domande. Ancora, grazie ai bambini che conoscono la bellezza del dono, sanno che prestare agli altri rende belli, tenere per s\u00e9 rende brutti\u201d.<\/p>\n<h4>Essere luci anabbaglianti<\/h4>\n<p>Commentando il brano del profeta Isaia (\u201cil popolo che camminava nelle tenebre vide una grande luce\u201d) monsignor Tisi ha fatto notare ai bambini, evocando i fari dell\u2019automobile, la distinzione tra luce abbagliante che acceca e anabbagliante, pi\u00f9 tenue ma efficace. \u201cGes\u00f9 \u00e8 una luce straordinaria ma anabbagliante, perch\u00e9 a lui interessa mettere in luce noi, non ci acceca. Ecco la luce che ti fa vedere gli altri, non ti toglie la vista\u201d.<\/p>\n<p>\u201cE allora adesso vi do il mandato: andate &#8211; ha concluso don Lauro &#8211; con le vostre Stelle che sono luci anabbaglianti, che non fanno male. Raccontate che il mondo \u00e8 bello perch\u00e9 Dio non \u00e8 stanco del mondo e perch\u00e9 nel mondo per fortuna ci sono i bambini che continuano a ricordarci che c&#8217;\u00e8 posto per tutti. Si vogliono bene e ci dicono: quando vuoi bene, sei bello. Grazie bambini!\u201d<\/p>\n<p>Nel loro bussare di casa in casa, i Cantori della Stella raccoglieranno anche fondi destinati poi a progetti di sostegno all&#8217;infanzia bisognosa nel mondo, attraverso i missionari.<\/p>\n<p>Foto Zotta e Ufficio Stampa<\/p>\n\n\n\t\t<style type='text\/css'>\n\n\t\t\t\/* PhotoSwipe Plugin *\/\n\t\t\t.psgal {\n\t\t\t\tmargin: auto;\n\t\t\t\tpadding-bottom:40px;\n\n\t\t\t\t-webkit-transition: all 0.4s ease;\n\t\t\t\t-moz-transition: all 0.4s ease;\n\t\t\t\t-o-transition: all 0.4s ease;\n\t\t\t\ttransition: all 0.4s ease;\n\t\t\t}\n\n\t\t\t.psgal figure {\n\t\t\t\tfloat: left;\n\t\t\t\ttext-align: center;\n    \t\t\twidth: 200px;\n                max-width: 50%;\n\t\t\t\tpadding:5px;\n\t\t\t\tmargin: 0px;\n\t\t\t\tbox-sizing:border-box;\n\t\t\t}\n\t\t\t.psgal a{\n\t\t\t\tdisplay:block;\n\t\t\t}\n\t\t\t.psgal figure figcaption{\n\t\t\t\tfont-size:13px;\n\t\t\t}\n\n\t\t\t.msnry{\n\t\t\t\tmargin:auto;\n\t\t\t}\n\t\t\t.pswp__caption__center{\n\t\t\t\ttext-align: center;\n\t\t\t}\n\t\t\t\n\n\t\t\t.photoswipe-gallery-caption{\n\t\t\t\tdisplay:none;\n\t\t\t}\n\n\t\t\t\n\t\t<\/style> <div style=\"clear:both\"><\/div>\n\n\t\t<div id=\"psgal_16826_1\" class=\"ps-gallery psgal gallery-columns-3 gallery-size-thumbnail\" itemscope itemtype=\"http:\/\/schema.org\/ImageGallery\" >\n\t\t\t\t<figure class=\"msnry_item\" itemscope itemtype=\"http:\/\/schema.org\/ImageObject\">\n\t\t\t\t\t<a href=\"https:\/\/www.diocesitn.it\/area-testimonianza\/wp-content\/uploads\/sites\/37\/2025\/01\/Cantori_2024_4.jpg\"\n\t\t\t\t\titemprop=\"contentUrl\"\n\t\t\t\t\tdata-pswp-width=\"640\" \n\t\t\t\t    data-pswp-height=\"480\" \n\t\t\t\t    data-cropped=\"true\"\n\t\t\t\t\tdata-caption=\"\"\n\t\t\t\t\tclass=\"post-thumbnail-image-link container-fixed-aspect-ratio__16-9\">\n\t\t\t\t        <img src=https:\/\/www.diocesitn.it\/area-testimonianza\/wp-content\/uploads\/sites\/37\/2025\/01\/Cantori_2024_4-300x225.jpg itemprop=\"thumbnail\" alt=\"\"  \/>\n\t\t\t\t    <\/a>\n\t\t\t\t    <figcaption class=\"photoswipe-gallery-caption\" ><\/figcaption>\n\t\t\t    <\/figure>\n\t\t\t\t\n\t\t\t\t<figure class=\"msnry_item\" itemscope itemtype=\"http:\/\/schema.org\/ImageObject\">\n\t\t\t\t\t<a href=\"https:\/\/www.diocesitn.it\/area-testimonianza\/wp-content\/uploads\/sites\/37\/2025\/01\/Cantori_2024_2-scaled-1024x682.jpg\"\n\t\t\t\t\titemprop=\"contentUrl\"\n\t\t\t\t\tdata-pswp-width=\"800\" \n\t\t\t\t    data-pswp-height=\"533\" \n\t\t\t\t    data-cropped=\"true\"\n\t\t\t\t\tdata-caption=\"\"\n\t\t\t\t\tclass=\"post-thumbnail-image-link container-fixed-aspect-ratio__16-9\">\n\t\t\t\t        <img src=https:\/\/www.diocesitn.it\/area-testimonianza\/wp-content\/uploads\/sites\/37\/2025\/01\/Cantori_2024_2-scaled-300x200.jpg itemprop=\"thumbnail\" alt=\"\"  \/>\n\t\t\t\t    <\/a>\n\t\t\t\t    <figcaption class=\"photoswipe-gallery-caption\" ><\/figcaption>\n\t\t\t    <\/figure>\n\t\t\t\t\n\t\t\t\t<figure class=\"msnry_item\" itemscope itemtype=\"http:\/\/schema.org\/ImageObject\">\n\t\t\t\t\t<a href=\"https:\/\/www.diocesitn.it\/area-testimonianza\/wp-content\/uploads\/sites\/37\/2025\/01\/Cantori_2024_1-1024x768.jpg\"\n\t\t\t\t\titemprop=\"contentUrl\"\n\t\t\t\t\tdata-pswp-width=\"800\" \n\t\t\t\t    data-pswp-height=\"600\" \n\t\t\t\t    data-cropped=\"true\"\n\t\t\t\t\tdata-caption=\"\"\n\t\t\t\t\tclass=\"post-thumbnail-image-link container-fixed-aspect-ratio__16-9\">\n\t\t\t\t        <img src=https:\/\/www.diocesitn.it\/area-testimonianza\/wp-content\/uploads\/sites\/37\/2025\/01\/Cantori_2024_1-300x225.jpg itemprop=\"thumbnail\" alt=\"\"  \/>\n\t\t\t\t    <\/a>\n\t\t\t\t    <figcaption class=\"photoswipe-gallery-caption\" ><\/figcaption>\n\t\t\t    <\/figure>\n\t\t\t\t\n\t\t\t\t<figure class=\"msnry_item\" itemscope itemtype=\"http:\/\/schema.org\/ImageObject\">\n\t\t\t\t\t<a href=\"https:\/\/www.diocesitn.it\/area-testimonianza\/wp-content\/uploads\/sites\/37\/2025\/01\/Cantori_2024_3-e1735314952266.jpg\"\n\t\t\t\t\titemprop=\"contentUrl\"\n\t\t\t\t\tdata-pswp-width=\"612\" \n\t\t\t\t    data-pswp-height=\"379\" \n\t\t\t\t    data-cropped=\"true\"\n\t\t\t\t\tdata-caption=\"\"\n\t\t\t\t\tclass=\"post-thumbnail-image-link container-fixed-aspect-ratio__16-9\">\n\t\t\t\t        <img src=https:\/\/www.diocesitn.it\/area-testimonianza\/wp-content\/uploads\/sites\/37\/2025\/01\/Cantori_2024_3-e1735314952266-300x186.jpg itemprop=\"thumbnail\" alt=\"\"  \/>\n\t\t\t\t    <\/a>\n\t\t\t\t    <figcaption class=\"photoswipe-gallery-caption\" ><\/figcaption>\n\t\t\t    <\/figure>\n\t\t\t\t<\/div>\n\t\t<div style='clear:both'><\/div>\n\t\n<p>&nbsp;<\/p>\n<p>&nbsp;<\/p>\n","protected":false},"excerpt":{"rendered":"<p>\u201cAndate con le vostre Stelle, che sono luci anabbaglianti, che non accecano. Proprio come Ges\u00f9, che mette in luce noi. Raccontate che il mondo \u00e8 bello perch\u00e9 Dio non \u00e8 stanco di noi\u201d. Vestiti da<\/p>\n","protected":false},"author":3,"featured_media":16828,"comment_status":"closed","ping_status":"closed","sticky":false,"template":"","format":"standard","meta":{"footnotes":""},"categories":[1977,2474,1074,1151],"tags":[1749,2189,1391,1423],"class_list":["post-16826","post","type-post","status-publish","format-standard","has-post-thumbnail","hentry","category-area-annuncio-e-sacramenti","category-catechesi","category-notizie","category-servizio-missionario","tag-cantori-della-stella","tag-cattedrale","tag-trento","tag-vescovo-lauro"],"acf":{"seed-localization-paese-cod":"IT","seed-localization-address":"","seed-localization-citta":"Trento","seed-localization-regione-cod-istat":"04","seed-localization-citta-cod-istat":"022205","seed-localization-localita":"","seed-localization-cap":"","seed-localization-marker-visibility":false,"seed-localization-children-visibility":false,"seed-localization-kml":"","seed-localization-custom-marker":""},"yoast_head":"<!-- This site is optimized with the Yoast SEO Premium plugin v20.2.1 (Yoast SEO v22.2) - https:\/\/yoast.com\/wordpress\/plugins\/seo\/ -->\n<title>Il mandato del vescovo Lauro ai Cantori della Stella<\/title>\n<meta name=\"description\" content=\"Il mandato del vescovo Lauro ai Cantori della Stella: &quot;Siate luci anabbaglianti, come Ges\u00f9 che non ci acceca, ma mette noi in luce\u201d\" \/>\n<meta name=\"robots\" content=\"index, follow, max-snippet:-1, max-image-preview:large, max-video-preview:-1\" \/>\n<link rel=\"canonical\" href=\"https:\/\/www.diocesitn.it\/area-testimonianza\/2024\/12\/27\/il-mandato-del-vescovo-lauro-ai-cantori-della-stella-siate-luci-anabbaglianti-come-gesu-che-non-ci-acceca-ma-mette-noi-in-luce\/\" \/>\n<meta property=\"og:locale\" content=\"it_IT\" \/>\n<meta property=\"og:type\" content=\"article\" \/>\n<meta property=\"og:title\" content=\"Il mandato del vescovo Lauro ai Cantori della Stella: &quot;Siate luci anabbaglianti, come Ges\u00f9 che non ci acceca, ma mette noi in luce\u201d\" \/>\n<meta property=\"og:description\" content=\"Il mandato del vescovo Lauro ai Cantori della Stella: &quot;Siate luci anabbaglianti, come Ges\u00f9 che non ci acceca, ma mette noi in luce\u201d\" \/>\n<meta property=\"og:url\" content=\"https:\/\/www.diocesitn.it\/area-testimonianza\/2024\/12\/27\/il-mandato-del-vescovo-lauro-ai-cantori-della-stella-siate-luci-anabbaglianti-come-gesu-che-non-ci-acceca-ma-mette-noi-in-luce\/\" \/>\n<meta property=\"og:site_name\" content=\"Testimonianza e Impegno sociale\" \/>\n<meta property=\"article:published_time\" content=\"2024-12-27T15:53:37+00:00\" \/>\n<meta property=\"article:modified_time\" content=\"2025-02-20T09:04:47+00:00\" \/>\n<meta property=\"og:image\" content=\"https:\/\/www.diocesitn.it\/area-testimonianza\/wp-content\/uploads\/sites\/37\/2025\/01\/Cantori_2024_1.jpg\" \/>\n\t<meta property=\"og:image:width\" content=\"2016\" \/>\n\t<meta property=\"og:image:height\" content=\"1512\" \/>\n\t<meta property=\"og:image:type\" content=\"image\/jpeg\" \/>\n<meta name=\"author\" content=\"Piergiorgio Franceschini\" \/>\n<meta name=\"twitter:card\" content=\"summary_large_image\" \/>\n<meta name=\"twitter:label1\" content=\"Scritto da\" \/>\n\t<meta name=\"twitter:data1\" content=\"Piergiorgio Franceschini\" \/>\n\t<meta name=\"twitter:label2\" content=\"Tempo di lettura stimato\" \/>\n\t<meta name=\"twitter:data2\" content=\"3 minuti\" \/>\n<script type=\"application\/ld+json\" class=\"yoast-schema-graph\">{\"@context\":\"https:\/\/schema.org\",\"@graph\":[{\"@type\":\"Article\",\"@id\":\"https:\/\/www.diocesitn.it\/area-testimonianza\/2024\/12\/27\/il-mandato-del-vescovo-lauro-ai-cantori-della-stella-siate-luci-anabbaglianti-come-gesu-che-non-ci-acceca-ma-mette-noi-in-luce\/#article\",\"isPartOf\":{\"@id\":\"https:\/\/www.diocesitn.it\/area-testimonianza\/2024\/12\/27\/il-mandato-del-vescovo-lauro-ai-cantori-della-stella-siate-luci-anabbaglianti-come-gesu-che-non-ci-acceca-ma-mette-noi-in-luce\/\"},\"author\":{\"name\":\"Piergiorgio Franceschini\",\"@id\":\"https:\/\/www.diocesitn.it\/area-testimonianza\/#\/schema\/person\/99590c84577873a025247b6aeb16ad2e\"},\"headline\":\"Il mandato del vescovo Lauro ai Cantori della Stella: &#8220;Siate luci anabbaglianti, come Ges\u00f9 che non ci acceca, ma mette noi in luce\u201d\",\"datePublished\":\"2024-12-27T15:53:37+00:00\",\"dateModified\":\"2025-02-20T09:04:47+00:00\",\"mainEntityOfPage\":{\"@id\":\"https:\/\/www.diocesitn.it\/area-testimonianza\/2024\/12\/27\/il-mandato-del-vescovo-lauro-ai-cantori-della-stella-siate-luci-anabbaglianti-come-gesu-che-non-ci-acceca-ma-mette-noi-in-luce\/\"},\"wordCount\":480,\"publisher\":{\"@id\":\"https:\/\/www.diocesitn.it\/area-testimonianza\/#organization\"},\"image\":{\"@id\":\"https:\/\/www.diocesitn.it\/area-testimonianza\/2024\/12\/27\/il-mandato-del-vescovo-lauro-ai-cantori-della-stella-siate-luci-anabbaglianti-come-gesu-che-non-ci-acceca-ma-mette-noi-in-luce\/#primaryimage\"},\"thumbnailUrl\":\"https:\/\/www.diocesitn.it\/area-testimonianza\/wp-content\/uploads\/sites\/37\/2025\/01\/Cantori_2024_1.jpg\",\"keywords\":[\"cantori della stella\",\"cattedrale\",\"Trento\",\"vescovo Lauro\"],\"articleSection\":[\"Area Annuncio e Sacramenti\",\"Catechesi\",\"Notizie\",\"Pastorale Missionaria\"],\"inLanguage\":\"it-IT\",\"copyrightYear\":\"2024\",\"copyrightHolder\":{\"@id\":\"https:\/\/www.diocesitn.it\/#organization\"}},{\"@type\":\"WebPage\",\"@id\":\"https:\/\/www.diocesitn.it\/area-testimonianza\/2024\/12\/27\/il-mandato-del-vescovo-lauro-ai-cantori-della-stella-siate-luci-anabbaglianti-come-gesu-che-non-ci-acceca-ma-mette-noi-in-luce\/\",\"url\":\"https:\/\/www.diocesitn.it\/area-testimonianza\/2024\/12\/27\/il-mandato-del-vescovo-lauro-ai-cantori-della-stella-siate-luci-anabbaglianti-come-gesu-che-non-ci-acceca-ma-mette-noi-in-luce\/\",\"name\":\"Il mandato del vescovo Lauro ai Cantori della Stella\",\"isPartOf\":{\"@id\":\"https:\/\/www.diocesitn.it\/area-testimonianza\/#website\"},\"primaryImageOfPage\":{\"@id\":\"https:\/\/www.diocesitn.it\/area-testimonianza\/2024\/12\/27\/il-mandato-del-vescovo-lauro-ai-cantori-della-stella-siate-luci-anabbaglianti-come-gesu-che-non-ci-acceca-ma-mette-noi-in-luce\/#primaryimage\"},\"image\":{\"@id\":\"https:\/\/www.diocesitn.it\/area-testimonianza\/2024\/12\/27\/il-mandato-del-vescovo-lauro-ai-cantori-della-stella-siate-luci-anabbaglianti-come-gesu-che-non-ci-acceca-ma-mette-noi-in-luce\/#primaryimage\"},\"thumbnailUrl\":\"https:\/\/www.diocesitn.it\/area-testimonianza\/wp-content\/uploads\/sites\/37\/2025\/01\/Cantori_2024_1.jpg\",\"datePublished\":\"2024-12-27T15:53:37+00:00\",\"dateModified\":\"2025-02-20T09:04:47+00:00\",\"description\":\"Il mandato del vescovo Lauro ai Cantori della Stella: \\\"Siate luci anabbaglianti, come Ges\u00f9 che non ci acceca, ma mette noi in luce\u201d\",\"breadcrumb\":{\"@id\":\"https:\/\/www.diocesitn.it\/area-testimonianza\/2024\/12\/27\/il-mandato-del-vescovo-lauro-ai-cantori-della-stella-siate-luci-anabbaglianti-come-gesu-che-non-ci-acceca-ma-mette-noi-in-luce\/#breadcrumb\"},\"inLanguage\":\"it-IT\",\"potentialAction\":[{\"@type\":\"ReadAction\",\"target\":[\"https:\/\/www.diocesitn.it\/area-testimonianza\/2024\/12\/27\/il-mandato-del-vescovo-lauro-ai-cantori-della-stella-siate-luci-anabbaglianti-come-gesu-che-non-ci-acceca-ma-mette-noi-in-luce\/\"]}]},{\"@type\":\"ImageObject\",\"inLanguage\":\"it-IT\",\"@id\":\"https:\/\/www.diocesitn.it\/area-testimonianza\/2024\/12\/27\/il-mandato-del-vescovo-lauro-ai-cantori-della-stella-siate-luci-anabbaglianti-come-gesu-che-non-ci-acceca-ma-mette-noi-in-luce\/#primaryimage\",\"url\":\"https:\/\/www.diocesitn.it\/area-testimonianza\/wp-content\/uploads\/sites\/37\/2025\/01\/Cantori_2024_1.jpg\",\"contentUrl\":\"https:\/\/www.diocesitn.it\/area-testimonianza\/wp-content\/uploads\/sites\/37\/2025\/01\/Cantori_2024_1.jpg\",\"width\":2016,\"height\":1512},{\"@type\":\"BreadcrumbList\",\"@id\":\"https:\/\/www.diocesitn.it\/area-testimonianza\/2024\/12\/27\/il-mandato-del-vescovo-lauro-ai-cantori-della-stella-siate-luci-anabbaglianti-come-gesu-che-non-ci-acceca-ma-mette-noi-in-luce\/#breadcrumb\",\"itemListElement\":[{\"@type\":\"ListItem\",\"position\":1,\"name\":\"Home\",\"item\":\"https:\/\/www.diocesitn.it\/area-testimonianza\/\"},{\"@type\":\"ListItem\",\"position\":2,\"name\":\"Il mandato del vescovo Lauro ai Cantori della Stella: &#8220;Siate luci anabbaglianti, come Ges\u00f9 che non ci acceca, ma mette noi in luce\u201d\"}]},{\"@type\":\"WebSite\",\"@id\":\"https:\/\/www.diocesitn.it\/area-testimonianza\/#website\",\"url\":\"https:\/\/www.diocesitn.it\/area-testimonianza\/\",\"name\":\"Testimonianza e Impegno sociale\",\"description\":\"Chiesa di Trento\",\"publisher\":{\"@id\":\"https:\/\/www.diocesitn.it\/area-testimonianza\/#organization\"},\"potentialAction\":[{\"@type\":\"SearchAction\",\"target\":{\"@type\":\"EntryPoint\",\"urlTemplate\":\"https:\/\/www.diocesitn.it\/area-testimonianza\/?s={search_term_string}\"},\"query-input\":\"required name=search_term_string\"}],\"inLanguage\":\"it-IT\"},{\"@type\":[\"Organization\",\"Place\"],\"@id\":\"https:\/\/www.diocesitn.it\/area-testimonianza\/#organization\",\"name\":\"Area Testimonianza e Impegno Sociale - Chiesa di Trento\",\"url\":\"https:\/\/www.diocesitn.it\/area-testimonianza\/\",\"logo\":{\"@id\":\"https:\/\/www.diocesitn.it\/area-testimonianza\/2024\/12\/27\/il-mandato-del-vescovo-lauro-ai-cantori-della-stella-siate-luci-anabbaglianti-come-gesu-che-non-ci-acceca-ma-mette-noi-in-luce\/#local-main-organization-logo\"},\"image\":{\"@id\":\"https:\/\/www.diocesitn.it\/area-testimonianza\/2024\/12\/27\/il-mandato-del-vescovo-lauro-ai-cantori-della-stella-siate-luci-anabbaglianti-come-gesu-che-non-ci-acceca-ma-mette-noi-in-luce\/#local-main-organization-logo\"},\"openingHoursSpecification\":[{\"@type\":\"OpeningHoursSpecification\",\"dayOfWeek\":[\"Monday\",\"Tuesday\",\"Wednesday\",\"Thursday\",\"Friday\",\"Saturday\",\"Sunday\"],\"opens\":\"09:00\",\"closes\":\"17:00\"}]},{\"@type\":\"ImageObject\",\"inLanguage\":\"it-IT\",\"@id\":\"https:\/\/www.diocesitn.it\/area-testimonianza\/2024\/12\/27\/il-mandato-del-vescovo-lauro-ai-cantori-della-stella-siate-luci-anabbaglianti-come-gesu-che-non-ci-acceca-ma-mette-noi-in-luce\/#local-main-organization-logo\",\"url\":\"https:\/\/www.diocesitn.it\/area-testimonianza\/wp-content\/uploads\/sites\/37\/2021\/09\/og-logo-testimonianza-e-impegno-sociale.jpg\",\"contentUrl\":\"https:\/\/www.diocesitn.it\/area-testimonianza\/wp-content\/uploads\/sites\/37\/2021\/09\/og-logo-testimonianza-e-impegno-sociale.jpg\",\"width\":1200,\"height\":630,\"caption\":\"Area Testimonianza e Impegno Sociale - Chiesa di Trento\"}]}<\/script>\n<!-- \/ Yoast SEO Premium plugin. -->","yoast_head_json":{"title":"Il mandato del vescovo Lauro ai Cantori della Stella","description":"Il mandato del vescovo Lauro ai Cantori della Stella: \"Siate luci anabbaglianti, come Ges\u00f9 che non ci acceca, ma mette noi in luce\u201d","robots":{"index":"index","follow":"follow","max-snippet":"max-snippet:-1","max-image-preview":"max-image-preview:large","max-video-preview":"max-video-preview:-1"},"canonical":"https:\/\/www.diocesitn.it\/area-testimonianza\/2024\/12\/27\/il-mandato-del-vescovo-lauro-ai-cantori-della-stella-siate-luci-anabbaglianti-come-gesu-che-non-ci-acceca-ma-mette-noi-in-luce\/","og_locale":"it_IT","og_type":"article","og_title":"Il mandato del vescovo Lauro ai Cantori della Stella: \"Siate luci anabbaglianti, come Ges\u00f9 che non ci acceca, ma mette noi in luce\u201d","og_description":"Il mandato del vescovo Lauro ai Cantori della Stella: \"Siate luci anabbaglianti, come Ges\u00f9 che non ci acceca, ma mette noi in luce\u201d","og_url":"https:\/\/www.diocesitn.it\/area-testimonianza\/2024\/12\/27\/il-mandato-del-vescovo-lauro-ai-cantori-della-stella-siate-luci-anabbaglianti-come-gesu-che-non-ci-acceca-ma-mette-noi-in-luce\/","og_site_name":"Testimonianza e Impegno sociale","article_published_time":"2024-12-27T15:53:37+00:00","article_modified_time":"2025-02-20T09:04:47+00:00","og_image":[{"width":2016,"height":1512,"url":"https:\/\/www.diocesitn.it\/area-testimonianza\/wp-content\/uploads\/sites\/37\/2025\/01\/Cantori_2024_1.jpg","type":"image\/jpeg"}],"author":"Piergiorgio Franceschini","twitter_card":"summary_large_image","twitter_misc":{"Scritto da":"Piergiorgio Franceschini","Tempo di lettura stimato":"3 minuti"},"schema":{"@context":"https:\/\/schema.org","@graph":[{"@type":"Article","@id":"https:\/\/www.diocesitn.it\/area-testimonianza\/2024\/12\/27\/il-mandato-del-vescovo-lauro-ai-cantori-della-stella-siate-luci-anabbaglianti-come-gesu-che-non-ci-acceca-ma-mette-noi-in-luce\/#article","isPartOf":{"@id":"https:\/\/www.diocesitn.it\/area-testimonianza\/2024\/12\/27\/il-mandato-del-vescovo-lauro-ai-cantori-della-stella-siate-luci-anabbaglianti-come-gesu-che-non-ci-acceca-ma-mette-noi-in-luce\/"},"author":{"name":"Piergiorgio Franceschini","@id":"https:\/\/www.diocesitn.it\/area-testimonianza\/#\/schema\/person\/99590c84577873a025247b6aeb16ad2e"},"headline":"Il mandato del vescovo Lauro ai Cantori della Stella: &#8220;Siate luci anabbaglianti, come Ges\u00f9 che non ci acceca, ma mette noi in luce\u201d","datePublished":"2024-12-27T15:53:37+00:00","dateModified":"2025-02-20T09:04:47+00:00","mainEntityOfPage":{"@id":"https:\/\/www.diocesitn.it\/area-testimonianza\/2024\/12\/27\/il-mandato-del-vescovo-lauro-ai-cantori-della-stella-siate-luci-anabbaglianti-come-gesu-che-non-ci-acceca-ma-mette-noi-in-luce\/"},"wordCount":480,"publisher":{"@id":"https:\/\/www.diocesitn.it\/area-testimonianza\/#organization"},"image":{"@id":"https:\/\/www.diocesitn.it\/area-testimonianza\/2024\/12\/27\/il-mandato-del-vescovo-lauro-ai-cantori-della-stella-siate-luci-anabbaglianti-come-gesu-che-non-ci-acceca-ma-mette-noi-in-luce\/#primaryimage"},"thumbnailUrl":"https:\/\/www.diocesitn.it\/area-testimonianza\/wp-content\/uploads\/sites\/37\/2025\/01\/Cantori_2024_1.jpg","keywords":["cantori della stella","cattedrale","Trento","vescovo Lauro"],"articleSection":["Area Annuncio e Sacramenti","Catechesi","Notizie","Pastorale Missionaria"],"inLanguage":"it-IT","copyrightYear":"2024","copyrightHolder":{"@id":"https:\/\/www.diocesitn.it\/#organization"}},{"@type":"WebPage","@id":"https:\/\/www.diocesitn.it\/area-testimonianza\/2024\/12\/27\/il-mandato-del-vescovo-lauro-ai-cantori-della-stella-siate-luci-anabbaglianti-come-gesu-che-non-ci-acceca-ma-mette-noi-in-luce\/","url":"https:\/\/www.diocesitn.it\/area-testimonianza\/2024\/12\/27\/il-mandato-del-vescovo-lauro-ai-cantori-della-stella-siate-luci-anabbaglianti-come-gesu-che-non-ci-acceca-ma-mette-noi-in-luce\/","name":"Il mandato del vescovo Lauro ai Cantori della Stella","isPartOf":{"@id":"https:\/\/www.diocesitn.it\/area-testimonianza\/#website"},"primaryImageOfPage":{"@id":"https:\/\/www.diocesitn.it\/area-testimonianza\/2024\/12\/27\/il-mandato-del-vescovo-lauro-ai-cantori-della-stella-siate-luci-anabbaglianti-come-gesu-che-non-ci-acceca-ma-mette-noi-in-luce\/#primaryimage"},"image":{"@id":"https:\/\/www.diocesitn.it\/area-testimonianza\/2024\/12\/27\/il-mandato-del-vescovo-lauro-ai-cantori-della-stella-siate-luci-anabbaglianti-come-gesu-che-non-ci-acceca-ma-mette-noi-in-luce\/#primaryimage"},"thumbnailUrl":"https:\/\/www.diocesitn.it\/area-testimonianza\/wp-content\/uploads\/sites\/37\/2025\/01\/Cantori_2024_1.jpg","datePublished":"2024-12-27T15:53:37+00:00","dateModified":"2025-02-20T09:04:47+00:00","description":"Il mandato del vescovo Lauro ai Cantori della Stella: \"Siate luci anabbaglianti, come Ges\u00f9 che non ci acceca, ma mette noi in luce\u201d","breadcrumb":{"@id":"https:\/\/www.diocesitn.it\/area-testimonianza\/2024\/12\/27\/il-mandato-del-vescovo-lauro-ai-cantori-della-stella-siate-luci-anabbaglianti-come-gesu-che-non-ci-acceca-ma-mette-noi-in-luce\/#breadcrumb"},"inLanguage":"it-IT","potentialAction":[{"@type":"ReadAction","target":["https:\/\/www.diocesitn.it\/area-testimonianza\/2024\/12\/27\/il-mandato-del-vescovo-lauro-ai-cantori-della-stella-siate-luci-anabbaglianti-come-gesu-che-non-ci-acceca-ma-mette-noi-in-luce\/"]}]},{"@type":"ImageObject","inLanguage":"it-IT","@id":"https:\/\/www.diocesitn.it\/area-testimonianza\/2024\/12\/27\/il-mandato-del-vescovo-lauro-ai-cantori-della-stella-siate-luci-anabbaglianti-come-gesu-che-non-ci-acceca-ma-mette-noi-in-luce\/#primaryimage","url":"https:\/\/www.diocesitn.it\/area-testimonianza\/wp-content\/uploads\/sites\/37\/2025\/01\/Cantori_2024_1.jpg","contentUrl":"https:\/\/www.diocesitn.it\/area-testimonianza\/wp-content\/uploads\/sites\/37\/2025\/01\/Cantori_2024_1.jpg","width":2016,"height":1512},{"@type":"BreadcrumbList","@id":"https:\/\/www.diocesitn.it\/area-testimonianza\/2024\/12\/27\/il-mandato-del-vescovo-lauro-ai-cantori-della-stella-siate-luci-anabbaglianti-come-gesu-che-non-ci-acceca-ma-mette-noi-in-luce\/#breadcrumb","itemListElement":[{"@type":"ListItem","position":1,"name":"Home","item":"https:\/\/www.diocesitn.it\/area-testimonianza\/"},{"@type":"ListItem","position":2,"name":"Il mandato del vescovo Lauro ai Cantori della Stella: &#8220;Siate luci anabbaglianti, come Ges\u00f9 che non ci acceca, ma mette noi in luce\u201d"}]},{"@type":"WebSite","@id":"https:\/\/www.diocesitn.it\/area-testimonianza\/#website","url":"https:\/\/www.diocesitn.it\/area-testimonianza\/","name":"Testimonianza e Impegno sociale","description":"Chiesa di Trento","publisher":{"@id":"https:\/\/www.diocesitn.it\/area-testimonianza\/#organization"},"potentialAction":[{"@type":"SearchAction","target":{"@type":"EntryPoint","urlTemplate":"https:\/\/www.diocesitn.it\/area-testimonianza\/?s={search_term_string}"},"query-input":"required name=search_term_string"}],"inLanguage":"it-IT"},{"@type":["Organization","Place"],"@id":"https:\/\/www.diocesitn.it\/area-testimonianza\/#organization","name":"Area Testimonianza e Impegno Sociale - Chiesa di Trento","url":"https:\/\/www.diocesitn.it\/area-testimonianza\/","logo":{"@id":"https:\/\/www.diocesitn.it\/area-testimonianza\/2024\/12\/27\/il-mandato-del-vescovo-lauro-ai-cantori-della-stella-siate-luci-anabbaglianti-come-gesu-che-non-ci-acceca-ma-mette-noi-in-luce\/#local-main-organization-logo"},"image":{"@id":"https:\/\/www.diocesitn.it\/area-testimonianza\/2024\/12\/27\/il-mandato-del-vescovo-lauro-ai-cantori-della-stella-siate-luci-anabbaglianti-come-gesu-che-non-ci-acceca-ma-mette-noi-in-luce\/#local-main-organization-logo"},"openingHoursSpecification":[{"@type":"OpeningHoursSpecification","dayOfWeek":["Monday","Tuesday","Wednesday","Thursday","Friday","Saturday","Sunday"],"opens":"09:00","closes":"17:00"}]},{"@type":"ImageObject","inLanguage":"it-IT","@id":"https:\/\/www.diocesitn.it\/area-testimonianza\/2024\/12\/27\/il-mandato-del-vescovo-lauro-ai-cantori-della-stella-siate-luci-anabbaglianti-come-gesu-che-non-ci-acceca-ma-mette-noi-in-luce\/#local-main-organization-logo","url":"https:\/\/www.diocesitn.it\/area-testimonianza\/wp-content\/uploads\/sites\/37\/2021\/09\/og-logo-testimonianza-e-impegno-sociale.jpg","contentUrl":"https:\/\/www.diocesitn.it\/area-testimonianza\/wp-content\/uploads\/sites\/37\/2021\/09\/og-logo-testimonianza-e-impegno-sociale.jpg","width":1200,"height":630,"caption":"Area Testimonianza e Impegno Sociale - Chiesa di Trento"}]}},"_links":{"self":[{"href":"https:\/\/www.diocesitn.it\/area-testimonianza\/wp-json\/wp\/v2\/posts\/16826","targetHints":{"allow":["GET"]}}],"collection":[{"href":"https:\/\/www.diocesitn.it\/area-testimonianza\/wp-json\/wp\/v2\/posts"}],"about":[{"href":"https:\/\/www.diocesitn.it\/area-testimonianza\/wp-json\/wp\/v2\/types\/post"}],"author":[{"embeddable":true,"href":"https:\/\/www.diocesitn.it\/area-testimonianza\/wp-json\/wp\/v2\/users\/3"}],"replies":[{"embeddable":true,"href":"https:\/\/www.diocesitn.it\/area-testimonianza\/wp-json\/wp\/v2\/comments?post=16826"}],"version-history":[{"count":1,"href":"https:\/\/www.diocesitn.it\/area-testimonianza\/wp-json\/wp\/v2\/posts\/16826\/revisions"}],"predecessor-version":[{"id":16831,"href":"https:\/\/www.diocesitn.it\/area-testimonianza\/wp-json\/wp\/v2\/posts\/16826\/revisions\/16831"}],"wp:featuredmedia":[{"embeddable":true,"href":"https:\/\/www.diocesitn.it\/area-testimonianza\/wp-json\/wp\/v2\/media\/16828"}],"wp:attachment":[{"href":"https:\/\/www.diocesitn.it\/area-testimonianza\/wp-json\/wp\/v2\/media?parent=16826"}],"wp:term":[{"taxonomy":"category","embeddable":true,"href":"https:\/\/www.diocesitn.it\/area-testimonianza\/wp-json\/wp\/v2\/categories?post=16826"},{"taxonomy":"post_tag","embeddable":true,"href":"https:\/\/www.diocesitn.it\/area-testimonianza\/wp-json\/wp\/v2\/tags?post=16826"}],"curies":[{"name":"wp","href":"https:\/\/api.w.org\/{rel}","templated":true}]}}