{"id":16801,"date":"2024-12-20T11:09:52","date_gmt":"2024-12-20T10:09:52","guid":{"rendered":"https:\/\/www.diocesitn.it\/area-testimonianza\/?p=16801"},"modified":"2024-12-20T11:09:52","modified_gmt":"2024-12-20T10:09:52","slug":"mons-giuseppe-filippi-uganda","status":"publish","type":"post","link":"https:\/\/www.diocesitn.it\/area-testimonianza\/2024\/12\/20\/mons-giuseppe-filippi-uganda\/","title":{"rendered":"Mons. Giuseppe Filippi &#8211; Uganda"},"content":{"rendered":"<p>Karamoja terra arida ricca di spine. Terra come tante altre terre del mondo dove la gente semi-nomade vive facendo i conti con stagioni delle piogge troppo corte e piogge spesso rade e irregolari per assicurare sufficiente cibo per tutta la famiglia e per tutto l\u2019anno. Questa gente spera sempre perch\u00e9 il futuro non \u00e8 costruito su nessuna garanzia, nessuna assicurazione, nessuna certezza. Spera che la stagione sia propizia, che le nuvole lascino cadere la pioggia; sperano che le malattie non dimezzino il raccolto; sperano che il raccolto sia sufficiente per arrivare al prossimo raccolto; sperano che la scarsit\u00e0 di cibo a fine stagione non sia tale da portarsi via i pi\u00f9 deboli tra le persone e gli animali. Sperano, sperano&#8230; sperano sempre che il Dio che li ha creati li aiuti nel loro pellegrinaggio terreno. Lavorano, faticano pi\u00f9 che possono e lottano per sopravvivere. Chi lotta per sopravvivere \u00e8 mosso dalla speranza e finche\u2019 c\u2019\u00e8 speranza si pu\u00f2 attendere (Paulo Freire).<\/p>\n<p>Ma anche chi non vive nelle terre semi aride si nutre di speranza. Vive di quella speranza che nasce dalla fame di un desiderio inappagato di vita piena. Vita che cerca un senso e una fioritura che tutto l\u2019arrabattarsi umano non riesce a portare a compimento. Mentre si vive, si cerca, si lotta per realizzare quel desiderio di vita piena seminascosto nel profondo del cuore. Mentre costruiamo case, non ci sentiamo ancora pienamente a casa con noi stessi. Siamo tutti in un cammino faticoso di ricerca per raggiungere la vita. Siamo tutti dei pellegrini in cerca della stessa meta. Meta che non potremmo mai raggiungere senza tutti gli altri pellegrini che cammino davanti, a fianco e dietro di noi. Tutti, in fondo, siamo mossi dalla speranza e cerchiamo la stessa Luce. Quella Luce che splende nell\u2019oscurit\u00e0 e che niente pu\u00f2 oscurare (Gv 1,4). \u00c8 la Luce del Natale, la stessa Luce della Risurrezione che ci rimette sulla via che porta alla pienezza della vita.<\/p>\n<p>Auguri di Buon Natale!<\/p>\n<p>Buon pellegrinaggio di speranza nella Luce del Bambino Ges\u00f9, nostra sola speranza!<\/p>\n<p>&nbsp;<\/p>\n<p>p. Giuseppe Filippi<\/p>\n","protected":false},"excerpt":{"rendered":"<p>Karamoja terra arida ricca di spine. Terra come tante altre terre del mondo dove la gente semi-nomade vive facendo i conti con stagioni delle piogge troppo corte e piogge spesso rade e irregolari per assicurare<\/p>\n","protected":false},"author":161,"featured_media":16723,"comment_status":"closed","ping_status":"closed","sticky":false,"template":"","format":"standard","meta":{"footnotes":""},"categories":[1151],"tags":[2438,2399,2471],"class_list":["post-16801","post","type-post","status-publish","format-standard","has-post-thumbnail","hentry","category-servizio-missionario","tag-auguri-di-speranza-2024","tag-lettere-dalle-missioni","tag-mons-giuseppe-filippi"],"acf":{"seed-localization-paese-cod":"IT","seed-localization-address":"","seed-localization-citta":"Trento","seed-localization-regione-cod-istat":"04","seed-localization-citta-cod-istat":"022205","seed-localization-localita":"","seed-localization-cap":"","seed-localization-marker-visibility":false,"seed-localization-children-visibility":false,"seed-localization-kml":"","seed-localization-custom-marker":""},"yoast_head":"<!-- This site is optimized with the Yoast SEO Premium plugin v20.2.1 (Yoast SEO v22.2) - https:\/\/yoast.com\/wordpress\/plugins\/seo\/ -->\n<title>Mons. Giuseppe Filippi - Uganda - Testimonianza e Impegno sociale<\/title>\n<meta name=\"robots\" content=\"index, follow, max-snippet:-1, max-image-preview:large, max-video-preview:-1\" \/>\n<link rel=\"canonical\" href=\"https:\/\/www.diocesitn.it\/area-testimonianza\/2024\/12\/20\/mons-giuseppe-filippi-uganda\/\" \/>\n<meta property=\"og:locale\" content=\"it_IT\" \/>\n<meta property=\"og:type\" content=\"article\" \/>\n<meta property=\"og:title\" content=\"Mons. Giuseppe Filippi - Uganda\" \/>\n<meta property=\"og:description\" content=\"Karamoja terra arida ricca di spine. Terra come tante altre terre del mondo dove la gente semi-nomade vive facendo i conti con stagioni delle piogge troppo corte e piogge spesso rade e irregolari per assicurare\" \/>\n<meta property=\"og:url\" content=\"https:\/\/www.diocesitn.it\/area-testimonianza\/2024\/12\/20\/mons-giuseppe-filippi-uganda\/\" \/>\n<meta property=\"og:site_name\" content=\"Testimonianza e Impegno sociale\" \/>\n<meta property=\"article:published_time\" content=\"2024-12-20T10:09:52+00:00\" \/>\n<meta property=\"og:image\" content=\"https:\/\/www.diocesitn.it\/area-testimonianza\/wp-content\/uploads\/sites\/37\/2024\/12\/Mons.-Giuseppe-Filippi-Uganda.jpg\" \/>\n\t<meta property=\"og:image:width\" content=\"560\" \/>\n\t<meta property=\"og:image:height\" content=\"315\" \/>\n\t<meta property=\"og:image:type\" content=\"image\/jpeg\" \/>\n<meta name=\"author\" content=\"smaule\" \/>\n<meta name=\"twitter:card\" content=\"summary_large_image\" \/>\n<meta name=\"twitter:label1\" content=\"Scritto da\" \/>\n\t<meta name=\"twitter:data1\" content=\"smaule\" \/>\n\t<meta name=\"twitter:label2\" content=\"Tempo di lettura stimato\" \/>\n\t<meta name=\"twitter:data2\" content=\"3 minuti\" \/>\n<script type=\"application\/ld+json\" class=\"yoast-schema-graph\">{\"@context\":\"https:\/\/schema.org\",\"@graph\":[{\"@type\":\"Article\",\"@id\":\"https:\/\/www.diocesitn.it\/area-testimonianza\/2024\/12\/20\/mons-giuseppe-filippi-uganda\/#article\",\"isPartOf\":{\"@id\":\"https:\/\/www.diocesitn.it\/area-testimonianza\/2024\/12\/20\/mons-giuseppe-filippi-uganda\/\"},\"author\":{\"name\":\"smaule\",\"@id\":\"https:\/\/www.diocesitn.it\/area-testimonianza\/#\/schema\/person\/bac489aafb7f98c1ca25f76c27174a95\"},\"headline\":\"Mons. Giuseppe Filippi &#8211; Uganda\",\"datePublished\":\"2024-12-20T10:09:52+00:00\",\"dateModified\":\"2024-12-20T10:09:52+00:00\",\"mainEntityOfPage\":{\"@id\":\"https:\/\/www.diocesitn.it\/area-testimonianza\/2024\/12\/20\/mons-giuseppe-filippi-uganda\/\"},\"wordCount\":349,\"publisher\":{\"@id\":\"https:\/\/www.diocesitn.it\/area-testimonianza\/#organization\"},\"image\":{\"@id\":\"https:\/\/www.diocesitn.it\/area-testimonianza\/2024\/12\/20\/mons-giuseppe-filippi-uganda\/#primaryimage\"},\"thumbnailUrl\":\"https:\/\/www.diocesitn.it\/area-testimonianza\/wp-content\/uploads\/sites\/37\/2024\/12\/Mons.-Giuseppe-Filippi-Uganda.jpg\",\"keywords\":[\"auguri di speranza Natale 2024\",\"lettere dalle missioni\",\"mons. Giuseppe Filippi\"],\"articleSection\":[\"Pastorale Missionaria\"],\"inLanguage\":\"it-IT\",\"copyrightYear\":\"2024\",\"copyrightHolder\":{\"@id\":\"https:\/\/www.diocesitn.it\/#organization\"}},{\"@type\":\"WebPage\",\"@id\":\"https:\/\/www.diocesitn.it\/area-testimonianza\/2024\/12\/20\/mons-giuseppe-filippi-uganda\/\",\"url\":\"https:\/\/www.diocesitn.it\/area-testimonianza\/2024\/12\/20\/mons-giuseppe-filippi-uganda\/\",\"name\":\"Mons. Giuseppe Filippi - Uganda - Testimonianza e Impegno sociale\",\"isPartOf\":{\"@id\":\"https:\/\/www.diocesitn.it\/area-testimonianza\/#website\"},\"primaryImageOfPage\":{\"@id\":\"https:\/\/www.diocesitn.it\/area-testimonianza\/2024\/12\/20\/mons-giuseppe-filippi-uganda\/#primaryimage\"},\"image\":{\"@id\":\"https:\/\/www.diocesitn.it\/area-testimonianza\/2024\/12\/20\/mons-giuseppe-filippi-uganda\/#primaryimage\"},\"thumbnailUrl\":\"https:\/\/www.diocesitn.it\/area-testimonianza\/wp-content\/uploads\/sites\/37\/2024\/12\/Mons.-Giuseppe-Filippi-Uganda.jpg\",\"datePublished\":\"2024-12-20T10:09:52+00:00\",\"dateModified\":\"2024-12-20T10:09:52+00:00\",\"breadcrumb\":{\"@id\":\"https:\/\/www.diocesitn.it\/area-testimonianza\/2024\/12\/20\/mons-giuseppe-filippi-uganda\/#breadcrumb\"},\"inLanguage\":\"it-IT\",\"potentialAction\":[{\"@type\":\"ReadAction\",\"target\":[\"https:\/\/www.diocesitn.it\/area-testimonianza\/2024\/12\/20\/mons-giuseppe-filippi-uganda\/\"]}]},{\"@type\":\"ImageObject\",\"inLanguage\":\"it-IT\",\"@id\":\"https:\/\/www.diocesitn.it\/area-testimonianza\/2024\/12\/20\/mons-giuseppe-filippi-uganda\/#primaryimage\",\"url\":\"https:\/\/www.diocesitn.it\/area-testimonianza\/wp-content\/uploads\/sites\/37\/2024\/12\/Mons.-Giuseppe-Filippi-Uganda.jpg\",\"contentUrl\":\"https:\/\/www.diocesitn.it\/area-testimonianza\/wp-content\/uploads\/sites\/37\/2024\/12\/Mons.-Giuseppe-Filippi-Uganda.jpg\",\"width\":560,\"height\":315},{\"@type\":\"BreadcrumbList\",\"@id\":\"https:\/\/www.diocesitn.it\/area-testimonianza\/2024\/12\/20\/mons-giuseppe-filippi-uganda\/#breadcrumb\",\"itemListElement\":[{\"@type\":\"ListItem\",\"position\":1,\"name\":\"Home\",\"item\":\"https:\/\/www.diocesitn.it\/area-testimonianza\/\"},{\"@type\":\"ListItem\",\"position\":2,\"name\":\"Mons. Giuseppe Filippi &#8211; Uganda\"}]},{\"@type\":\"WebSite\",\"@id\":\"https:\/\/www.diocesitn.it\/area-testimonianza\/#website\",\"url\":\"https:\/\/www.diocesitn.it\/area-testimonianza\/\",\"name\":\"Testimonianza e Impegno sociale\",\"description\":\"Chiesa di Trento\",\"publisher\":{\"@id\":\"https:\/\/www.diocesitn.it\/area-testimonianza\/#organization\"},\"potentialAction\":[{\"@type\":\"SearchAction\",\"target\":{\"@type\":\"EntryPoint\",\"urlTemplate\":\"https:\/\/www.diocesitn.it\/area-testimonianza\/?s={search_term_string}\"},\"query-input\":\"required name=search_term_string\"}],\"inLanguage\":\"it-IT\"},{\"@type\":[\"Organization\",\"Place\"],\"@id\":\"https:\/\/www.diocesitn.it\/area-testimonianza\/#organization\",\"name\":\"Area Testimonianza e Impegno Sociale - Chiesa di Trento\",\"url\":\"https:\/\/www.diocesitn.it\/area-testimonianza\/\",\"logo\":{\"@id\":\"https:\/\/www.diocesitn.it\/area-testimonianza\/2024\/12\/20\/mons-giuseppe-filippi-uganda\/#local-main-organization-logo\"},\"image\":{\"@id\":\"https:\/\/www.diocesitn.it\/area-testimonianza\/2024\/12\/20\/mons-giuseppe-filippi-uganda\/#local-main-organization-logo\"},\"openingHoursSpecification\":[{\"@type\":\"OpeningHoursSpecification\",\"dayOfWeek\":[\"Monday\",\"Tuesday\",\"Wednesday\",\"Thursday\",\"Friday\",\"Saturday\",\"Sunday\"],\"opens\":\"09:00\",\"closes\":\"17:00\"}]},{\"@type\":\"ImageObject\",\"inLanguage\":\"it-IT\",\"@id\":\"https:\/\/www.diocesitn.it\/area-testimonianza\/2024\/12\/20\/mons-giuseppe-filippi-uganda\/#local-main-organization-logo\",\"url\":\"https:\/\/www.diocesitn.it\/area-testimonianza\/wp-content\/uploads\/sites\/37\/2021\/09\/og-logo-testimonianza-e-impegno-sociale.jpg\",\"contentUrl\":\"https:\/\/www.diocesitn.it\/area-testimonianza\/wp-content\/uploads\/sites\/37\/2021\/09\/og-logo-testimonianza-e-impegno-sociale.jpg\",\"width\":1200,\"height\":630,\"caption\":\"Area Testimonianza e Impegno Sociale - Chiesa di Trento\"}]}<\/script>\n<!-- \/ Yoast SEO Premium plugin. -->","yoast_head_json":{"title":"Mons. Giuseppe Filippi - Uganda - Testimonianza e Impegno sociale","robots":{"index":"index","follow":"follow","max-snippet":"max-snippet:-1","max-image-preview":"max-image-preview:large","max-video-preview":"max-video-preview:-1"},"canonical":"https:\/\/www.diocesitn.it\/area-testimonianza\/2024\/12\/20\/mons-giuseppe-filippi-uganda\/","og_locale":"it_IT","og_type":"article","og_title":"Mons. Giuseppe Filippi - Uganda","og_description":"Karamoja terra arida ricca di spine. Terra come tante altre terre del mondo dove la gente semi-nomade vive facendo i conti con stagioni delle piogge troppo corte e piogge spesso rade e irregolari per assicurare","og_url":"https:\/\/www.diocesitn.it\/area-testimonianza\/2024\/12\/20\/mons-giuseppe-filippi-uganda\/","og_site_name":"Testimonianza e Impegno sociale","article_published_time":"2024-12-20T10:09:52+00:00","og_image":[{"width":560,"height":315,"url":"https:\/\/www.diocesitn.it\/area-testimonianza\/wp-content\/uploads\/sites\/37\/2024\/12\/Mons.-Giuseppe-Filippi-Uganda.jpg","type":"image\/jpeg"}],"author":"smaule","twitter_card":"summary_large_image","twitter_misc":{"Scritto da":"smaule","Tempo di lettura stimato":"3 minuti"},"schema":{"@context":"https:\/\/schema.org","@graph":[{"@type":"Article","@id":"https:\/\/www.diocesitn.it\/area-testimonianza\/2024\/12\/20\/mons-giuseppe-filippi-uganda\/#article","isPartOf":{"@id":"https:\/\/www.diocesitn.it\/area-testimonianza\/2024\/12\/20\/mons-giuseppe-filippi-uganda\/"},"author":{"name":"smaule","@id":"https:\/\/www.diocesitn.it\/area-testimonianza\/#\/schema\/person\/bac489aafb7f98c1ca25f76c27174a95"},"headline":"Mons. Giuseppe Filippi &#8211; Uganda","datePublished":"2024-12-20T10:09:52+00:00","dateModified":"2024-12-20T10:09:52+00:00","mainEntityOfPage":{"@id":"https:\/\/www.diocesitn.it\/area-testimonianza\/2024\/12\/20\/mons-giuseppe-filippi-uganda\/"},"wordCount":349,"publisher":{"@id":"https:\/\/www.diocesitn.it\/area-testimonianza\/#organization"},"image":{"@id":"https:\/\/www.diocesitn.it\/area-testimonianza\/2024\/12\/20\/mons-giuseppe-filippi-uganda\/#primaryimage"},"thumbnailUrl":"https:\/\/www.diocesitn.it\/area-testimonianza\/wp-content\/uploads\/sites\/37\/2024\/12\/Mons.-Giuseppe-Filippi-Uganda.jpg","keywords":["auguri di speranza Natale 2024","lettere dalle missioni","mons. Giuseppe Filippi"],"articleSection":["Pastorale Missionaria"],"inLanguage":"it-IT","copyrightYear":"2024","copyrightHolder":{"@id":"https:\/\/www.diocesitn.it\/#organization"}},{"@type":"WebPage","@id":"https:\/\/www.diocesitn.it\/area-testimonianza\/2024\/12\/20\/mons-giuseppe-filippi-uganda\/","url":"https:\/\/www.diocesitn.it\/area-testimonianza\/2024\/12\/20\/mons-giuseppe-filippi-uganda\/","name":"Mons. Giuseppe Filippi - Uganda - Testimonianza e Impegno sociale","isPartOf":{"@id":"https:\/\/www.diocesitn.it\/area-testimonianza\/#website"},"primaryImageOfPage":{"@id":"https:\/\/www.diocesitn.it\/area-testimonianza\/2024\/12\/20\/mons-giuseppe-filippi-uganda\/#primaryimage"},"image":{"@id":"https:\/\/www.diocesitn.it\/area-testimonianza\/2024\/12\/20\/mons-giuseppe-filippi-uganda\/#primaryimage"},"thumbnailUrl":"https:\/\/www.diocesitn.it\/area-testimonianza\/wp-content\/uploads\/sites\/37\/2024\/12\/Mons.-Giuseppe-Filippi-Uganda.jpg","datePublished":"2024-12-20T10:09:52+00:00","dateModified":"2024-12-20T10:09:52+00:00","breadcrumb":{"@id":"https:\/\/www.diocesitn.it\/area-testimonianza\/2024\/12\/20\/mons-giuseppe-filippi-uganda\/#breadcrumb"},"inLanguage":"it-IT","potentialAction":[{"@type":"ReadAction","target":["https:\/\/www.diocesitn.it\/area-testimonianza\/2024\/12\/20\/mons-giuseppe-filippi-uganda\/"]}]},{"@type":"ImageObject","inLanguage":"it-IT","@id":"https:\/\/www.diocesitn.it\/area-testimonianza\/2024\/12\/20\/mons-giuseppe-filippi-uganda\/#primaryimage","url":"https:\/\/www.diocesitn.it\/area-testimonianza\/wp-content\/uploads\/sites\/37\/2024\/12\/Mons.-Giuseppe-Filippi-Uganda.jpg","contentUrl":"https:\/\/www.diocesitn.it\/area-testimonianza\/wp-content\/uploads\/sites\/37\/2024\/12\/Mons.-Giuseppe-Filippi-Uganda.jpg","width":560,"height":315},{"@type":"BreadcrumbList","@id":"https:\/\/www.diocesitn.it\/area-testimonianza\/2024\/12\/20\/mons-giuseppe-filippi-uganda\/#breadcrumb","itemListElement":[{"@type":"ListItem","position":1,"name":"Home","item":"https:\/\/www.diocesitn.it\/area-testimonianza\/"},{"@type":"ListItem","position":2,"name":"Mons. Giuseppe Filippi &#8211; Uganda"}]},{"@type":"WebSite","@id":"https:\/\/www.diocesitn.it\/area-testimonianza\/#website","url":"https:\/\/www.diocesitn.it\/area-testimonianza\/","name":"Testimonianza e Impegno sociale","description":"Chiesa di Trento","publisher":{"@id":"https:\/\/www.diocesitn.it\/area-testimonianza\/#organization"},"potentialAction":[{"@type":"SearchAction","target":{"@type":"EntryPoint","urlTemplate":"https:\/\/www.diocesitn.it\/area-testimonianza\/?s={search_term_string}"},"query-input":"required name=search_term_string"}],"inLanguage":"it-IT"},{"@type":["Organization","Place"],"@id":"https:\/\/www.diocesitn.it\/area-testimonianza\/#organization","name":"Area Testimonianza e Impegno Sociale - Chiesa di Trento","url":"https:\/\/www.diocesitn.it\/area-testimonianza\/","logo":{"@id":"https:\/\/www.diocesitn.it\/area-testimonianza\/2024\/12\/20\/mons-giuseppe-filippi-uganda\/#local-main-organization-logo"},"image":{"@id":"https:\/\/www.diocesitn.it\/area-testimonianza\/2024\/12\/20\/mons-giuseppe-filippi-uganda\/#local-main-organization-logo"},"openingHoursSpecification":[{"@type":"OpeningHoursSpecification","dayOfWeek":["Monday","Tuesday","Wednesday","Thursday","Friday","Saturday","Sunday"],"opens":"09:00","closes":"17:00"}]},{"@type":"ImageObject","inLanguage":"it-IT","@id":"https:\/\/www.diocesitn.it\/area-testimonianza\/2024\/12\/20\/mons-giuseppe-filippi-uganda\/#local-main-organization-logo","url":"https:\/\/www.diocesitn.it\/area-testimonianza\/wp-content\/uploads\/sites\/37\/2021\/09\/og-logo-testimonianza-e-impegno-sociale.jpg","contentUrl":"https:\/\/www.diocesitn.it\/area-testimonianza\/wp-content\/uploads\/sites\/37\/2021\/09\/og-logo-testimonianza-e-impegno-sociale.jpg","width":1200,"height":630,"caption":"Area Testimonianza e Impegno Sociale - Chiesa di Trento"}]}},"_links":{"self":[{"href":"https:\/\/www.diocesitn.it\/area-testimonianza\/wp-json\/wp\/v2\/posts\/16801","targetHints":{"allow":["GET"]}}],"collection":[{"href":"https:\/\/www.diocesitn.it\/area-testimonianza\/wp-json\/wp\/v2\/posts"}],"about":[{"href":"https:\/\/www.diocesitn.it\/area-testimonianza\/wp-json\/wp\/v2\/types\/post"}],"author":[{"embeddable":true,"href":"https:\/\/www.diocesitn.it\/area-testimonianza\/wp-json\/wp\/v2\/users\/161"}],"replies":[{"embeddable":true,"href":"https:\/\/www.diocesitn.it\/area-testimonianza\/wp-json\/wp\/v2\/comments?post=16801"}],"version-history":[{"count":1,"href":"https:\/\/www.diocesitn.it\/area-testimonianza\/wp-json\/wp\/v2\/posts\/16801\/revisions"}],"predecessor-version":[{"id":16802,"href":"https:\/\/www.diocesitn.it\/area-testimonianza\/wp-json\/wp\/v2\/posts\/16801\/revisions\/16802"}],"wp:featuredmedia":[{"embeddable":true,"href":"https:\/\/www.diocesitn.it\/area-testimonianza\/wp-json\/wp\/v2\/media\/16723"}],"wp:attachment":[{"href":"https:\/\/www.diocesitn.it\/area-testimonianza\/wp-json\/wp\/v2\/media?parent=16801"}],"wp:term":[{"taxonomy":"category","embeddable":true,"href":"https:\/\/www.diocesitn.it\/area-testimonianza\/wp-json\/wp\/v2\/categories?post=16801"},{"taxonomy":"post_tag","embeddable":true,"href":"https:\/\/www.diocesitn.it\/area-testimonianza\/wp-json\/wp\/v2\/tags?post=16801"}],"curies":[{"name":"wp","href":"https:\/\/api.w.org\/{rel}","templated":true}]}}